{"id":14191,"date":"2026-01-22T18:01:56","date_gmt":"2026-01-22T22:01:56","guid":{"rendered":"https:\/\/diarioellabrador.cl\/?p=14191"},"modified":"2026-01-22T18:02:54","modified_gmt":"2026-01-22T22:02:54","slug":"criadero-rio-contra-logro-su-anhelado-paso-al-clasificatorio-norte","status":"publish","type":"post","link":"https:\/\/diarioellabrador.cl\/index.php\/2026\/01\/22\/criadero-rio-contra-logro-su-anhelado-paso-al-clasificatorio-norte\/","title":{"rendered":"Criadero R\u00edo Contra logr\u00f3 su anhelado paso al Clasificatorio Norte"},"content":{"rendered":"\n<p><strong>Autor: <\/strong><a href=\"https:\/\/www.caballoyrodeo.cl\/portal_rodeo\/site\/tax\/port\/all\/taxport____1.html\">Caballoyrodeo.cl<\/a><\/p>\n\n\n\n<p>Una jornada de celebraciones se vivi\u00f3 en el rodeo Provincial de 3 Series Especial del <strong>Club San Miguel<\/strong> (Asociaci\u00f3n <strong>Santiago<\/strong>), disputado en la Medialuna de <strong>Santa Filomena<\/strong>. Si bien el triunfo qued\u00f3 en otras manos, la gran noticia la protagoniz\u00f3 el <strong>Criadero R\u00edo Contra<\/strong>, que gracias al segundo lugar obtenido por <strong>Felipe L\u00f3pez<\/strong> y <strong>Luis Francisco Jorquera<\/strong>&nbsp;logr\u00f3 los puntos necesarios y el segundo requisito consecutivo para inscribir su nombre en el pr\u00f3ximo <strong>Clasificatorio de Melipilla<\/strong>.<\/p>\n\n\n\n<p>Los jinetes de <strong>R\u00edo Contra<\/strong>, montando a los criados <strong>E\u00f1or en Domingo<\/strong> y <strong>Remanso<\/strong>, protagonizaron una disputada Serie de Campeones, destacando una carrera perfecta en el tercer animal. Finalmente, se quedaron con el segundo puesto tras sumar <strong>23 puntos buenos<\/strong> m\u00e1s 1 en el desempate, lo que fue suficiente para timbrar sus pasajes a los selectivos.<\/p>\n\n\n\n<p>El primer lugar del rodeo fue para <strong>Rub\u00e9n Palacios<\/strong> y <strong>Julio C\u00e9sar Tudela<\/strong>, quienes estuvieron inspirados en <strong>Brisas de Santa Filomena Inesperada<\/strong> y <strong>Sensaci\u00f3n<\/strong>, alcanzando <strong>28 puntos<\/strong>. El tercer puesto fue para <strong>Joaqu\u00edn Farias<\/strong> y <strong>Sergio Vicencio<\/strong> en <strong>Lacho Estoy<\/strong> y <strong>Muticao Lun\u00e1tico<\/strong> con <strong>23 puntos<\/strong> y uno malo en el toro extra.<\/p>\n\n\n\n<p>En conversaci\u00f3n con <strong>CaballoyRodeo<\/strong>, <strong>Felipe L\u00f3pez<\/strong> expres\u00f3 su felicidad por el logro: <strong>\u00abEstoy muy contento y emocionado por poder alcanzar el paso a los Clasificatorios en representaci\u00f3n del Criadero R\u00edo Contra<\/strong>, especialmente porque somos muy amigos desde peque\u00f1os de sus due\u00f1os, <strong>Carlos B\u00f3rquez<\/strong> y <strong>Claudia Ib\u00e1\u00f1ez<\/strong>, quienes me invitaron a correr con ellos\u00bb.<\/p>\n\n\n\n<p>\u00abEstoy feliz de que se dieron las cosas en esta primera temporada y poder estar presentes en <strong>Melipilla<\/strong> con este equipo de amigos. Es muy grato y familiar el ambiente del corral y eso tambi\u00e9n influye en los resultados\u00bb, agreg\u00f3 el jinete, quien adem\u00e1s valor\u00f3 el hito deportivo para el criadero en su a\u00f1o de debut con el equipo.<\/p>\n\n\n\n<p>Sobre su registro personal, <strong>L\u00f3pez<\/strong> coment\u00f3: \u00abEsta es la primera temporada en el equipo, as\u00ed que doblemente feliz de poder haber conseguido este paso por primera vez para el Criadero. <strong>Yo tuve la suerte de estar presente en los dos \u00faltimos Clasificatorios y este ser\u00eda mi tercero consecutivo,<\/strong> lo cual tambi\u00e9n me tiene muy feliz\u00bb.<\/p>\n\n\n\n<p>Finalmente, dedic\u00f3 palabras a quienes lo respaldan: \u00abQuiero agradecer a todo el equipo de <strong>R\u00edo Contra<\/strong>, a mi compa\u00f1ero &#8216;Monchito&#8217;, a &#8216;Monito&#8217; quien amansa, a mi pap\u00e1 que me apoya y acompa\u00f1a siempre y en especial a sus due\u00f1os <strong>Carlos B\u00f3rquez<\/strong> y <strong>Claudia Ib\u00e1\u00f1ez<\/strong>\u00ab.<\/p>\n","protected":false},"excerpt":{"rendered":"<p>Autor: Caballoyrodeo.cl Una jornada de celebraciones se vivi\u00f3 en el rodeo Provincial de 3 Series Especial del Club San Miguel (Asociaci\u00f3n Santiago), disputado en la Medialuna de Santa Filomena. Si bien el triunfo qued\u00f3 en otras manos, la gran noticia la protagoniz\u00f3 el Criadero R\u00edo Contra, que gracias al segundo lugar obtenido por Felipe L\u00f3pez<\/p>\n<div class=\"read-more-wrapper\"><a class=\"read-more\" href=\"https:\/\/diarioellabrador.cl\/index.php\/2026\/01\/22\/criadero-rio-contra-logro-su-anhelado-paso-al-clasificatorio-norte\/\" title=\"Leer m\u00e1s\"> <span class=\"button \">Leer m\u00e1s<\/span><\/a><\/div>\n","protected":false},"author":2,"featured_media":14155,"comment_status":"open","ping_status":"open","sticky":false,"template":"","format":"standard","meta":{"footnotes":""},"categories":[5],"tags":[],"class_list":["post-14191","post","type-post","status-publish","format-standard","has-post-thumbnail","hentry","category-rodeo"],"yoast_head":"<!-- This site is optimized with the Yoast SEO plugin v27.5 - https:\/\/yoast.com\/product\/yoast-seo-wordpress\/ -->\n<title>Criadero R\u00edo Contra logr\u00f3 su anhelado paso al Clasificatorio Norte - Diario El Labrador<\/title>\n<meta name=\"robots\" content=\"index, follow, max-snippet:-1, max-image-preview:large, max-video-preview:-1\" \/>\n<link rel=\"canonical\" href=\"https:\/\/diarioellabrador.cl\/index.php\/2026\/01\/22\/criadero-rio-contra-logro-su-anhelado-paso-al-clasificatorio-norte\/\" \/>\n<meta property=\"og:locale\" content=\"es_ES\" \/>\n<meta property=\"og:type\" content=\"article\" \/>\n<meta property=\"og:title\" content=\"Criadero R\u00edo Contra logr\u00f3 su anhelado paso al Clasificatorio Norte - Diario El Labrador\" \/>\n<meta property=\"og:description\" content=\"Autor: Caballoyrodeo.cl Una jornada de celebraciones se vivi\u00f3 en el rodeo Provincial de 3 Series Especial del Club San Miguel (Asociaci\u00f3n Santiago), disputado en la Medialuna de Santa Filomena. Si bien el triunfo qued\u00f3 en otras manos, la gran noticia la protagoniz\u00f3 el Criadero R\u00edo Contra, que gracias al segundo lugar obtenido por Felipe L\u00f3pez Leer m\u00e1s\" \/>\n<meta property=\"og:url\" content=\"https:\/\/diarioellabrador.cl\/index.php\/2026\/01\/22\/criadero-rio-contra-logro-su-anhelado-paso-al-clasificatorio-norte\/\" \/>\n<meta property=\"og:site_name\" content=\"Diario El Labrador\" \/>\n<meta property=\"article:publisher\" content=\"https:\/\/web.facebook.com\/profile.php?id=61576120840621\" \/>\n<meta property=\"article:published_time\" content=\"2026-01-22T22:01:56+00:00\" \/>\n<meta property=\"article:modified_time\" content=\"2026-01-22T22:02:54+00:00\" \/>\n<meta property=\"og:image\" content=\"https:\/\/diarioellabrador.cl\/wp-content\/uploads\/2026\/01\/Criadero-Rio-Contra-logro-su-anhelado-paso-al-Clasificatorio-Norte.jpg\" \/>\n\t<meta property=\"og:image:width\" content=\"750\" \/>\n\t<meta property=\"og:image:height\" content=\"389\" \/>\n\t<meta property=\"og:image:type\" content=\"image\/jpeg\" \/>\n<meta name=\"author\" content=\"Editor\" \/>\n<meta name=\"twitter:card\" content=\"summary_large_image\" \/>\n<meta name=\"twitter:creator\" content=\"@ElLabradorOf\" \/>\n<meta name=\"twitter:site\" content=\"@ElLabradorOf\" \/>\n<meta name=\"twitter:label1\" content=\"Escrito por\" \/>\n\t<meta name=\"twitter:data1\" content=\"Editor\" \/>\n\t<meta name=\"twitter:label2\" content=\"Tiempo de lectura\" \/>\n\t<meta name=\"twitter:data2\" content=\"3 minutos\" \/>\n<script type=\"application\/ld+json\" class=\"yoast-schema-graph\">{\"@context\":\"https:\\\/\\\/schema.org\",\"@graph\":[{\"@type\":\"Article\",\"@id\":\"https:\\\/\\\/diarioellabrador.cl\\\/index.php\\\/2026\\\/01\\\/22\\\/criadero-rio-contra-logro-su-anhelado-paso-al-clasificatorio-norte\\\/#article\",\"isPartOf\":{\"@id\":\"https:\\\/\\\/diarioellabrador.cl\\\/index.php\\\/2026\\\/01\\\/22\\\/criadero-rio-contra-logro-su-anhelado-paso-al-clasificatorio-norte\\\/\"},\"author\":{\"name\":\"Editor\",\"@id\":\"https:\\\/\\\/diarioellabrador.cl\\\/#\\\/schema\\\/person\\\/bc25ff80b4563f9c7f4bd7855df01685\"},\"headline\":\"Criadero R\u00edo Contra logr\u00f3 su anhelado paso al Clasificatorio Norte\",\"datePublished\":\"2026-01-22T22:01:56+00:00\",\"dateModified\":\"2026-01-22T22:02:54+00:00\",\"mainEntityOfPage\":{\"@id\":\"https:\\\/\\\/diarioellabrador.cl\\\/index.php\\\/2026\\\/01\\\/22\\\/criadero-rio-contra-logro-su-anhelado-paso-al-clasificatorio-norte\\\/\"},\"wordCount\":438,\"commentCount\":0,\"publisher\":{\"@id\":\"https:\\\/\\\/diarioellabrador.cl\\\/#organization\"},\"image\":{\"@id\":\"https:\\\/\\\/diarioellabrador.cl\\\/index.php\\\/2026\\\/01\\\/22\\\/criadero-rio-contra-logro-su-anhelado-paso-al-clasificatorio-norte\\\/#primaryimage\"},\"thumbnailUrl\":\"https:\\\/\\\/diarioellabrador.cl\\\/wp-content\\\/uploads\\\/2026\\\/01\\\/Criadero-Rio-Contra-logro-su-anhelado-paso-al-Clasificatorio-Norte.jpg\",\"articleSection\":[\"Rodeo\"],\"inLanguage\":\"es\",\"potentialAction\":[{\"@type\":\"CommentAction\",\"name\":\"Comment\",\"target\":[\"https:\\\/\\\/diarioellabrador.cl\\\/index.php\\\/2026\\\/01\\\/22\\\/criadero-rio-contra-logro-su-anhelado-paso-al-clasificatorio-norte\\\/#respond\"]}]},{\"@type\":\"WebPage\",\"@id\":\"https:\\\/\\\/diarioellabrador.cl\\\/index.php\\\/2026\\\/01\\\/22\\\/criadero-rio-contra-logro-su-anhelado-paso-al-clasificatorio-norte\\\/\",\"url\":\"https:\\\/\\\/diarioellabrador.cl\\\/index.php\\\/2026\\\/01\\\/22\\\/criadero-rio-contra-logro-su-anhelado-paso-al-clasificatorio-norte\\\/\",\"name\":\"Criadero R\u00edo Contra logr\u00f3 su anhelado paso al Clasificatorio Norte - Diario El Labrador\",\"isPartOf\":{\"@id\":\"https:\\\/\\\/diarioellabrador.cl\\\/#website\"},\"primaryImageOfPage\":{\"@id\":\"https:\\\/\\\/diarioellabrador.cl\\\/index.php\\\/2026\\\/01\\\/22\\\/criadero-rio-contra-logro-su-anhelado-paso-al-clasificatorio-norte\\\/#primaryimage\"},\"image\":{\"@id\":\"https:\\\/\\\/diarioellabrador.cl\\\/index.php\\\/2026\\\/01\\\/22\\\/criadero-rio-contra-logro-su-anhelado-paso-al-clasificatorio-norte\\\/#primaryimage\"},\"thumbnailUrl\":\"https:\\\/\\\/diarioellabrador.cl\\\/wp-content\\\/uploads\\\/2026\\\/01\\\/Criadero-Rio-Contra-logro-su-anhelado-paso-al-Clasificatorio-Norte.jpg\",\"datePublished\":\"2026-01-22T22:01:56+00:00\",\"dateModified\":\"2026-01-22T22:02:54+00:00\",\"breadcrumb\":{\"@id\":\"https:\\\/\\\/diarioellabrador.cl\\\/index.php\\\/2026\\\/01\\\/22\\\/criadero-rio-contra-logro-su-anhelado-paso-al-clasificatorio-norte\\\/#breadcrumb\"},\"inLanguage\":\"es\",\"potentialAction\":[{\"@type\":\"ReadAction\",\"target\":[\"https:\\\/\\\/diarioellabrador.cl\\\/index.php\\\/2026\\\/01\\\/22\\\/criadero-rio-contra-logro-su-anhelado-paso-al-clasificatorio-norte\\\/\"]}]},{\"@type\":\"ImageObject\",\"inLanguage\":\"es\",\"@id\":\"https:\\\/\\\/diarioellabrador.cl\\\/index.php\\\/2026\\\/01\\\/22\\\/criadero-rio-contra-logro-su-anhelado-paso-al-clasificatorio-norte\\\/#primaryimage\",\"url\":\"https:\\\/\\\/diarioellabrador.cl\\\/wp-content\\\/uploads\\\/2026\\\/01\\\/Criadero-Rio-Contra-logro-su-anhelado-paso-al-Clasificatorio-Norte.jpg\",\"contentUrl\":\"https:\\\/\\\/diarioellabrador.cl\\\/wp-content\\\/uploads\\\/2026\\\/01\\\/Criadero-Rio-Contra-logro-su-anhelado-paso-al-Clasificatorio-Norte.jpg\",\"width\":750,\"height\":389},{\"@type\":\"BreadcrumbList\",\"@id\":\"https:\\\/\\\/diarioellabrador.cl\\\/index.php\\\/2026\\\/01\\\/22\\\/criadero-rio-contra-logro-su-anhelado-paso-al-clasificatorio-norte\\\/#breadcrumb\",\"itemListElement\":[{\"@type\":\"ListItem\",\"position\":1,\"name\":\"Portada\",\"item\":\"https:\\\/\\\/diarioellabrador.cl\\\/\"},{\"@type\":\"ListItem\",\"position\":2,\"name\":\"Criadero R\u00edo Contra logr\u00f3 su anhelado paso al Clasificatorio Norte\"}]},{\"@type\":\"WebSite\",\"@id\":\"https:\\\/\\\/diarioellabrador.cl\\\/#website\",\"url\":\"https:\\\/\\\/diarioellabrador.cl\\\/\",\"name\":\"Diario El Labrador\",\"description\":\"Haciendo noticia desde 1921\",\"publisher\":{\"@id\":\"https:\\\/\\\/diarioellabrador.cl\\\/#organization\"},\"potentialAction\":[{\"@type\":\"SearchAction\",\"target\":{\"@type\":\"EntryPoint\",\"urlTemplate\":\"https:\\\/\\\/diarioellabrador.cl\\\/?s={search_term_string}\"},\"query-input\":{\"@type\":\"PropertyValueSpecification\",\"valueRequired\":true,\"valueName\":\"search_term_string\"}}],\"inLanguage\":\"es\"},{\"@type\":\"Organization\",\"@id\":\"https:\\\/\\\/diarioellabrador.cl\\\/#organization\",\"name\":\"Diario El Labrador\",\"url\":\"https:\\\/\\\/diarioellabrador.cl\\\/\",\"logo\":{\"@type\":\"ImageObject\",\"inLanguage\":\"es\",\"@id\":\"https:\\\/\\\/diarioellabrador.cl\\\/#\\\/schema\\\/logo\\\/image\\\/\",\"url\":\"https:\\\/\\\/diarioellabrador.cl\\\/wp-content\\\/uploads\\\/2025\\\/02\\\/cropped-Logo-Icono.png\",\"contentUrl\":\"https:\\\/\\\/diarioellabrador.cl\\\/wp-content\\\/uploads\\\/2025\\\/02\\\/cropped-Logo-Icono.png\",\"width\":512,\"height\":512,\"caption\":\"Diario El Labrador\"},\"image\":{\"@id\":\"https:\\\/\\\/diarioellabrador.cl\\\/#\\\/schema\\\/logo\\\/image\\\/\"},\"sameAs\":[\"https:\\\/\\\/web.facebook.com\\\/profile.php?id=61576120840621\",\"https:\\\/\\\/x.com\\\/ElLabradorOf\",\"https:\\\/\\\/www.instagram.com\\\/diarioellabradoroficial\\\/\"]},{\"@type\":\"Person\",\"@id\":\"https:\\\/\\\/diarioellabrador.cl\\\/#\\\/schema\\\/person\\\/bc25ff80b4563f9c7f4bd7855df01685\",\"name\":\"Editor\",\"image\":{\"@type\":\"ImageObject\",\"inLanguage\":\"es\",\"@id\":\"https:\\\/\\\/secure.gravatar.com\\\/avatar\\\/109c326cf2be5c04f048c2c2a2b8b6ef44bf3d8d1d3d4c55d0ac40c4bc994684?s=96&d=mm&r=g\",\"url\":\"https:\\\/\\\/secure.gravatar.com\\\/avatar\\\/109c326cf2be5c04f048c2c2a2b8b6ef44bf3d8d1d3d4c55d0ac40c4bc994684?s=96&d=mm&r=g\",\"contentUrl\":\"https:\\\/\\\/secure.gravatar.com\\\/avatar\\\/109c326cf2be5c04f048c2c2a2b8b6ef44bf3d8d1d3d4c55d0ac40c4bc994684?s=96&d=mm&r=g\",\"caption\":\"Editor\"},\"url\":\"https:\\\/\\\/diarioellabrador.cl\\\/index.php\\\/author\\\/editor\\\/\"}]}<\/script>\n<!-- \/ Yoast SEO plugin. -->","yoast_head_json":{"title":"Criadero R\u00edo Contra logr\u00f3 su anhelado paso al Clasificatorio Norte - Diario El Labrador","robots":{"index":"index","follow":"follow","max-snippet":"max-snippet:-1","max-image-preview":"max-image-preview:large","max-video-preview":"max-video-preview:-1"},"canonical":"https:\/\/diarioellabrador.cl\/index.php\/2026\/01\/22\/criadero-rio-contra-logro-su-anhelado-paso-al-clasificatorio-norte\/","og_locale":"es_ES","og_type":"article","og_title":"Criadero R\u00edo Contra logr\u00f3 su anhelado paso al Clasificatorio Norte - Diario El Labrador","og_description":"Autor: Caballoyrodeo.cl Una jornada de celebraciones se vivi\u00f3 en el rodeo Provincial de 3 Series Especial del Club San Miguel (Asociaci\u00f3n Santiago), disputado en la Medialuna de Santa Filomena. Si bien el triunfo qued\u00f3 en otras manos, la gran noticia la protagoniz\u00f3 el Criadero R\u00edo Contra, que gracias al segundo lugar obtenido por Felipe L\u00f3pez Leer m\u00e1s","og_url":"https:\/\/diarioellabrador.cl\/index.php\/2026\/01\/22\/criadero-rio-contra-logro-su-anhelado-paso-al-clasificatorio-norte\/","og_site_name":"Diario El Labrador","article_publisher":"https:\/\/web.facebook.com\/profile.php?id=61576120840621","article_published_time":"2026-01-22T22:01:56+00:00","article_modified_time":"2026-01-22T22:02:54+00:00","og_image":[{"width":750,"height":389,"url":"https:\/\/diarioellabrador.cl\/wp-content\/uploads\/2026\/01\/Criadero-Rio-Contra-logro-su-anhelado-paso-al-Clasificatorio-Norte.jpg","type":"image\/jpeg"}],"author":"Editor","twitter_card":"summary_large_image","twitter_creator":"@ElLabradorOf","twitter_site":"@ElLabradorOf","twitter_misc":{"Escrito por":"Editor","Tiempo de lectura":"3 minutos"},"schema":{"@context":"https:\/\/schema.org","@graph":[{"@type":"Article","@id":"https:\/\/diarioellabrador.cl\/index.php\/2026\/01\/22\/criadero-rio-contra-logro-su-anhelado-paso-al-clasificatorio-norte\/#article","isPartOf":{"@id":"https:\/\/diarioellabrador.cl\/index.php\/2026\/01\/22\/criadero-rio-contra-logro-su-anhelado-paso-al-clasificatorio-norte\/"},"author":{"name":"Editor","@id":"https:\/\/diarioellabrador.cl\/#\/schema\/person\/bc25ff80b4563f9c7f4bd7855df01685"},"headline":"Criadero R\u00edo Contra logr\u00f3 su anhelado paso al Clasificatorio Norte","datePublished":"2026-01-22T22:01:56+00:00","dateModified":"2026-01-22T22:02:54+00:00","mainEntityOfPage":{"@id":"https:\/\/diarioellabrador.cl\/index.php\/2026\/01\/22\/criadero-rio-contra-logro-su-anhelado-paso-al-clasificatorio-norte\/"},"wordCount":438,"commentCount":0,"publisher":{"@id":"https:\/\/diarioellabrador.cl\/#organization"},"image":{"@id":"https:\/\/diarioellabrador.cl\/index.php\/2026\/01\/22\/criadero-rio-contra-logro-su-anhelado-paso-al-clasificatorio-norte\/#primaryimage"},"thumbnailUrl":"https:\/\/diarioellabrador.cl\/wp-content\/uploads\/2026\/01\/Criadero-Rio-Contra-logro-su-anhelado-paso-al-Clasificatorio-Norte.jpg","articleSection":["Rodeo"],"inLanguage":"es","potentialAction":[{"@type":"CommentAction","name":"Comment","target":["https:\/\/diarioellabrador.cl\/index.php\/2026\/01\/22\/criadero-rio-contra-logro-su-anhelado-paso-al-clasificatorio-norte\/#respond"]}]},{"@type":"WebPage","@id":"https:\/\/diarioellabrador.cl\/index.php\/2026\/01\/22\/criadero-rio-contra-logro-su-anhelado-paso-al-clasificatorio-norte\/","url":"https:\/\/diarioellabrador.cl\/index.php\/2026\/01\/22\/criadero-rio-contra-logro-su-anhelado-paso-al-clasificatorio-norte\/","name":"Criadero R\u00edo Contra logr\u00f3 su anhelado paso al Clasificatorio Norte - Diario El Labrador","isPartOf":{"@id":"https:\/\/diarioellabrador.cl\/#website"},"primaryImageOfPage":{"@id":"https:\/\/diarioellabrador.cl\/index.php\/2026\/01\/22\/criadero-rio-contra-logro-su-anhelado-paso-al-clasificatorio-norte\/#primaryimage"},"image":{"@id":"https:\/\/diarioellabrador.cl\/index.php\/2026\/01\/22\/criadero-rio-contra-logro-su-anhelado-paso-al-clasificatorio-norte\/#primaryimage"},"thumbnailUrl":"https:\/\/diarioellabrador.cl\/wp-content\/uploads\/2026\/01\/Criadero-Rio-Contra-logro-su-anhelado-paso-al-Clasificatorio-Norte.jpg","datePublished":"2026-01-22T22:01:56+00:00","dateModified":"2026-01-22T22:02:54+00:00","breadcrumb":{"@id":"https:\/\/diarioellabrador.cl\/index.php\/2026\/01\/22\/criadero-rio-contra-logro-su-anhelado-paso-al-clasificatorio-norte\/#breadcrumb"},"inLanguage":"es","potentialAction":[{"@type":"ReadAction","target":["https:\/\/diarioellabrador.cl\/index.php\/2026\/01\/22\/criadero-rio-contra-logro-su-anhelado-paso-al-clasificatorio-norte\/"]}]},{"@type":"ImageObject","inLanguage":"es","@id":"https:\/\/diarioellabrador.cl\/index.php\/2026\/01\/22\/criadero-rio-contra-logro-su-anhelado-paso-al-clasificatorio-norte\/#primaryimage","url":"https:\/\/diarioellabrador.cl\/wp-content\/uploads\/2026\/01\/Criadero-Rio-Contra-logro-su-anhelado-paso-al-Clasificatorio-Norte.jpg","contentUrl":"https:\/\/diarioellabrador.cl\/wp-content\/uploads\/2026\/01\/Criadero-Rio-Contra-logro-su-anhelado-paso-al-Clasificatorio-Norte.jpg","width":750,"height":389},{"@type":"BreadcrumbList","@id":"https:\/\/diarioellabrador.cl\/index.php\/2026\/01\/22\/criadero-rio-contra-logro-su-anhelado-paso-al-clasificatorio-norte\/#breadcrumb","itemListElement":[{"@type":"ListItem","position":1,"name":"Portada","item":"https:\/\/diarioellabrador.cl\/"},{"@type":"ListItem","position":2,"name":"Criadero R\u00edo Contra logr\u00f3 su anhelado paso al Clasificatorio Norte"}]},{"@type":"WebSite","@id":"https:\/\/diarioellabrador.cl\/#website","url":"https:\/\/diarioellabrador.cl\/","name":"Diario El Labrador","description":"Haciendo noticia desde 1921","publisher":{"@id":"https:\/\/diarioellabrador.cl\/#organization"},"potentialAction":[{"@type":"SearchAction","target":{"@type":"EntryPoint","urlTemplate":"https:\/\/diarioellabrador.cl\/?s={search_term_string}"},"query-input":{"@type":"PropertyValueSpecification","valueRequired":true,"valueName":"search_term_string"}}],"inLanguage":"es"},{"@type":"Organization","@id":"https:\/\/diarioellabrador.cl\/#organization","name":"Diario El Labrador","url":"https:\/\/diarioellabrador.cl\/","logo":{"@type":"ImageObject","inLanguage":"es","@id":"https:\/\/diarioellabrador.cl\/#\/schema\/logo\/image\/","url":"https:\/\/diarioellabrador.cl\/wp-content\/uploads\/2025\/02\/cropped-Logo-Icono.png","contentUrl":"https:\/\/diarioellabrador.cl\/wp-content\/uploads\/2025\/02\/cropped-Logo-Icono.png","width":512,"height":512,"caption":"Diario El Labrador"},"image":{"@id":"https:\/\/diarioellabrador.cl\/#\/schema\/logo\/image\/"},"sameAs":["https:\/\/web.facebook.com\/profile.php?id=61576120840621","https:\/\/x.com\/ElLabradorOf","https:\/\/www.instagram.com\/diarioellabradoroficial\/"]},{"@type":"Person","@id":"https:\/\/diarioellabrador.cl\/#\/schema\/person\/bc25ff80b4563f9c7f4bd7855df01685","name":"Editor","image":{"@type":"ImageObject","inLanguage":"es","@id":"https:\/\/secure.gravatar.com\/avatar\/109c326cf2be5c04f048c2c2a2b8b6ef44bf3d8d1d3d4c55d0ac40c4bc994684?s=96&d=mm&r=g","url":"https:\/\/secure.gravatar.com\/avatar\/109c326cf2be5c04f048c2c2a2b8b6ef44bf3d8d1d3d4c55d0ac40c4bc994684?s=96&d=mm&r=g","contentUrl":"https:\/\/secure.gravatar.com\/avatar\/109c326cf2be5c04f048c2c2a2b8b6ef44bf3d8d1d3d4c55d0ac40c4bc994684?s=96&d=mm&r=g","caption":"Editor"},"url":"https:\/\/diarioellabrador.cl\/index.php\/author\/editor\/"}]}},"_links":{"self":[{"href":"https:\/\/diarioellabrador.cl\/index.php\/wp-json\/wp\/v2\/posts\/14191","targetHints":{"allow":["GET"]}}],"collection":[{"href":"https:\/\/diarioellabrador.cl\/index.php\/wp-json\/wp\/v2\/posts"}],"about":[{"href":"https:\/\/diarioellabrador.cl\/index.php\/wp-json\/wp\/v2\/types\/post"}],"author":[{"embeddable":true,"href":"https:\/\/diarioellabrador.cl\/index.php\/wp-json\/wp\/v2\/users\/2"}],"replies":[{"embeddable":true,"href":"https:\/\/diarioellabrador.cl\/index.php\/wp-json\/wp\/v2\/comments?post=14191"}],"version-history":[{"count":1,"href":"https:\/\/diarioellabrador.cl\/index.php\/wp-json\/wp\/v2\/posts\/14191\/revisions"}],"predecessor-version":[{"id":14192,"href":"https:\/\/diarioellabrador.cl\/index.php\/wp-json\/wp\/v2\/posts\/14191\/revisions\/14192"}],"wp:featuredmedia":[{"embeddable":true,"href":"https:\/\/diarioellabrador.cl\/index.php\/wp-json\/wp\/v2\/media\/14155"}],"wp:attachment":[{"href":"https:\/\/diarioellabrador.cl\/index.php\/wp-json\/wp\/v2\/media?parent=14191"}],"wp:term":[{"taxonomy":"category","embeddable":true,"href":"https:\/\/diarioellabrador.cl\/index.php\/wp-json\/wp\/v2\/categories?post=14191"},{"taxonomy":"post_tag","embeddable":true,"href":"https:\/\/diarioellabrador.cl\/index.php\/wp-json\/wp\/v2\/tags?post=14191"}],"curies":[{"name":"wp","href":"https:\/\/api.w.org\/{rel}","templated":true}]}}