{"id":14189,"date":"2026-01-22T18:01:25","date_gmt":"2026-01-22T22:01:25","guid":{"rendered":"https:\/\/diarioellabrador.cl\/?p=14189"},"modified":"2026-01-22T18:01:27","modified_gmt":"2026-01-22T22:01:27","slug":"taller-de-rienda-sin-fronteras-con-gonzalo-nievas-genero-mucho-interes-en-capitan-pastene","status":"publish","type":"post","link":"https:\/\/diarioellabrador.cl\/index.php\/2026\/01\/22\/taller-de-rienda-sin-fronteras-con-gonzalo-nievas-genero-mucho-interes-en-capitan-pastene\/","title":{"rendered":"Taller de Rienda Sin Fronteras con Gonzalo Nievas gener\u00f3 mucho inter\u00e9s en Capit\u00e1n Pastene"},"content":{"rendered":"\n<p><strong>Autor: <\/strong><a href=\"https:\/\/www.caballoyrodeo.cl\/portal_rodeo\/site\/tax\/port\/all\/taxport____1.html\">Caballoyrodeo.cl<\/a><\/p>\n\n\n\n<p>En la <strong>Medialuna de Capit\u00e1n Pastene<\/strong> se realiz\u00f3 un <strong>Taller de Rienda Sin Fronteras<\/strong>, dictado por el gran jinete argentino <strong>Gonzalo Nievas<\/strong>, que fue organizado por la <strong>Asociaci\u00f3n de Criadores de Caballos Raza Chilena de Malleco<\/strong> y el <strong>Club de Rodeo Capit\u00e1n Pastene<\/strong>.<\/p>\n\n\n\n<p>La actividad abierta a todo p\u00fablico gener\u00f3 mucho inter\u00e9s y participaci\u00f3n, lo que dej\u00f3 muy contento a Nievas, como lo expres\u00f3 en entrevista publicada por la Asociaci\u00f3n Malleco, que preside <strong>Claudio Valdebenito<\/strong>.<\/p>\n\n\n\n<p>&nbsp;\u00abMe voy muy sorprendido con la atenci\u00f3n que he tenido desde que llegu\u00e9, me atendieron s\u00faper bien. Se nota el cari\u00f1o, el inter\u00e9s y el entusiasmo que tiene la gente por aprender. Apenas llegu\u00e9 al lado de los caballos empezaron las preguntas, as\u00ed que me voy feliz\u00bb, se\u00f1al\u00f3.<\/p>\n\n\n\n<p>Sobre el desarrollo del taller, dijo que \u00abrealmente me voy sorprendido porque hubo preguntas de ni\u00f1os de 9 a\u00f1os, mam\u00e1s, gente mayor, arregladores, todo el mundo particip\u00f3 de las preguntas. Yo manejo rutinas de c\u00f3mo iniciar los cursos, pero me voy sorprendido porque todo el mundo me preguntaba cosas, hab\u00eda mucho inter\u00e9s. Si no, hubi\u00e9semos pactado un tiempo, seguir\u00edamos charlando o respondiendo preguntas\u00bb.<\/p>\n\n\n\n<p>\u00abCreo que esto se tiene que repetir, porque la gente se qued\u00f3 con muchas ganas, muy entusiasmada\u00bb, agreg\u00f3.<\/p>\n\n\n\n<p>Y con respecto al pueblo de Capit\u00e1n Pastene, manifest\u00f3: \u00abLa gente fue muy cariosa, me sent\u00ed como en familia porque hay una cultura italiana, las comidas, las pastas que tienen, es como para venir a vacacionar, fui muy bien atendido. Con el pueblo me voy encantado, no parec\u00eda que estuviera en Chile, sino en Italia. Estoy muy agradecido de la gente y cuenten conmigo para lo que necesiten\u00bb.<\/p>\n","protected":false},"excerpt":{"rendered":"<p>Autor: Caballoyrodeo.cl En la Medialuna de Capit\u00e1n Pastene se realiz\u00f3 un Taller de Rienda Sin Fronteras, dictado por el gran jinete argentino Gonzalo Nievas, que fue organizado por la Asociaci\u00f3n de Criadores de Caballos Raza Chilena de Malleco y el Club de Rodeo Capit\u00e1n Pastene. La actividad abierta a todo p\u00fablico gener\u00f3 mucho inter\u00e9s y<\/p>\n<div class=\"read-more-wrapper\"><a class=\"read-more\" href=\"https:\/\/diarioellabrador.cl\/index.php\/2026\/01\/22\/taller-de-rienda-sin-fronteras-con-gonzalo-nievas-genero-mucho-interes-en-capitan-pastene\/\" title=\"Leer m\u00e1s\"> <span class=\"button \">Leer m\u00e1s<\/span><\/a><\/div>\n","protected":false},"author":2,"featured_media":14157,"comment_status":"open","ping_status":"open","sticky":false,"template":"","format":"standard","meta":{"footnotes":""},"categories":[5],"tags":[],"class_list":["post-14189","post","type-post","status-publish","format-standard","has-post-thumbnail","hentry","category-rodeo"],"yoast_head":"<!-- This site is optimized with the Yoast SEO plugin v27.5 - https:\/\/yoast.com\/product\/yoast-seo-wordpress\/ -->\n<title>Taller de Rienda Sin Fronteras con Gonzalo Nievas gener\u00f3 mucho inter\u00e9s en Capit\u00e1n Pastene - Diario El Labrador<\/title>\n<meta name=\"robots\" content=\"index, follow, max-snippet:-1, max-image-preview:large, max-video-preview:-1\" \/>\n<link rel=\"canonical\" href=\"https:\/\/diarioellabrador.cl\/index.php\/2026\/01\/22\/taller-de-rienda-sin-fronteras-con-gonzalo-nievas-genero-mucho-interes-en-capitan-pastene\/\" \/>\n<meta property=\"og:locale\" content=\"es_ES\" \/>\n<meta property=\"og:type\" content=\"article\" \/>\n<meta property=\"og:title\" content=\"Taller de Rienda Sin Fronteras con Gonzalo Nievas gener\u00f3 mucho inter\u00e9s en Capit\u00e1n Pastene - Diario El Labrador\" \/>\n<meta property=\"og:description\" content=\"Autor: Caballoyrodeo.cl En la Medialuna de Capit\u00e1n Pastene se realiz\u00f3 un Taller de Rienda Sin Fronteras, dictado por el gran jinete argentino Gonzalo Nievas, que fue organizado por la Asociaci\u00f3n de Criadores de Caballos Raza Chilena de Malleco y el Club de Rodeo Capit\u00e1n Pastene. La actividad abierta a todo p\u00fablico gener\u00f3 mucho inter\u00e9s y Leer m\u00e1s\" \/>\n<meta property=\"og:url\" content=\"https:\/\/diarioellabrador.cl\/index.php\/2026\/01\/22\/taller-de-rienda-sin-fronteras-con-gonzalo-nievas-genero-mucho-interes-en-capitan-pastene\/\" \/>\n<meta property=\"og:site_name\" content=\"Diario El Labrador\" \/>\n<meta property=\"article:publisher\" content=\"https:\/\/web.facebook.com\/profile.php?id=61576120840621\" \/>\n<meta property=\"article:published_time\" content=\"2026-01-22T22:01:25+00:00\" \/>\n<meta property=\"article:modified_time\" content=\"2026-01-22T22:01:27+00:00\" \/>\n<meta property=\"og:image\" content=\"https:\/\/diarioellabrador.cl\/wp-content\/uploads\/2026\/01\/Taller-de-Rienda-Sin-Fronteras-con-Gonzalo-Nievas-genero-mucho-interes-en-Capitan-Pastene.jpg\" \/>\n\t<meta property=\"og:image:width\" content=\"750\" \/>\n\t<meta property=\"og:image:height\" content=\"390\" \/>\n\t<meta property=\"og:image:type\" content=\"image\/jpeg\" \/>\n<meta name=\"author\" content=\"Editor\" \/>\n<meta name=\"twitter:card\" content=\"summary_large_image\" \/>\n<meta name=\"twitter:creator\" content=\"@ElLabradorOf\" \/>\n<meta name=\"twitter:site\" content=\"@ElLabradorOf\" \/>\n<meta name=\"twitter:label1\" content=\"Escrito por\" \/>\n\t<meta name=\"twitter:data1\" content=\"Editor\" \/>\n\t<meta name=\"twitter:label2\" content=\"Tiempo de lectura\" \/>\n\t<meta name=\"twitter:data2\" content=\"2 minutos\" \/>\n<script type=\"application\/ld+json\" class=\"yoast-schema-graph\">{\"@context\":\"https:\\\/\\\/schema.org\",\"@graph\":[{\"@type\":\"Article\",\"@id\":\"https:\\\/\\\/diarioellabrador.cl\\\/index.php\\\/2026\\\/01\\\/22\\\/taller-de-rienda-sin-fronteras-con-gonzalo-nievas-genero-mucho-interes-en-capitan-pastene\\\/#article\",\"isPartOf\":{\"@id\":\"https:\\\/\\\/diarioellabrador.cl\\\/index.php\\\/2026\\\/01\\\/22\\\/taller-de-rienda-sin-fronteras-con-gonzalo-nievas-genero-mucho-interes-en-capitan-pastene\\\/\"},\"author\":{\"name\":\"Editor\",\"@id\":\"https:\\\/\\\/diarioellabrador.cl\\\/#\\\/schema\\\/person\\\/bc25ff80b4563f9c7f4bd7855df01685\"},\"headline\":\"Taller de Rienda Sin Fronteras con Gonzalo Nievas gener\u00f3 mucho inter\u00e9s en Capit\u00e1n Pastene\",\"datePublished\":\"2026-01-22T22:01:25+00:00\",\"dateModified\":\"2026-01-22T22:01:27+00:00\",\"mainEntityOfPage\":{\"@id\":\"https:\\\/\\\/diarioellabrador.cl\\\/index.php\\\/2026\\\/01\\\/22\\\/taller-de-rienda-sin-fronteras-con-gonzalo-nievas-genero-mucho-interes-en-capitan-pastene\\\/\"},\"wordCount\":313,\"commentCount\":0,\"publisher\":{\"@id\":\"https:\\\/\\\/diarioellabrador.cl\\\/#organization\"},\"image\":{\"@id\":\"https:\\\/\\\/diarioellabrador.cl\\\/index.php\\\/2026\\\/01\\\/22\\\/taller-de-rienda-sin-fronteras-con-gonzalo-nievas-genero-mucho-interes-en-capitan-pastene\\\/#primaryimage\"},\"thumbnailUrl\":\"https:\\\/\\\/diarioellabrador.cl\\\/wp-content\\\/uploads\\\/2026\\\/01\\\/Taller-de-Rienda-Sin-Fronteras-con-Gonzalo-Nievas-genero-mucho-interes-en-Capitan-Pastene.jpg\",\"articleSection\":[\"Rodeo\"],\"inLanguage\":\"es\",\"potentialAction\":[{\"@type\":\"CommentAction\",\"name\":\"Comment\",\"target\":[\"https:\\\/\\\/diarioellabrador.cl\\\/index.php\\\/2026\\\/01\\\/22\\\/taller-de-rienda-sin-fronteras-con-gonzalo-nievas-genero-mucho-interes-en-capitan-pastene\\\/#respond\"]}]},{\"@type\":\"WebPage\",\"@id\":\"https:\\\/\\\/diarioellabrador.cl\\\/index.php\\\/2026\\\/01\\\/22\\\/taller-de-rienda-sin-fronteras-con-gonzalo-nievas-genero-mucho-interes-en-capitan-pastene\\\/\",\"url\":\"https:\\\/\\\/diarioellabrador.cl\\\/index.php\\\/2026\\\/01\\\/22\\\/taller-de-rienda-sin-fronteras-con-gonzalo-nievas-genero-mucho-interes-en-capitan-pastene\\\/\",\"name\":\"Taller de Rienda Sin Fronteras con Gonzalo Nievas gener\u00f3 mucho inter\u00e9s en Capit\u00e1n Pastene - Diario El Labrador\",\"isPartOf\":{\"@id\":\"https:\\\/\\\/diarioellabrador.cl\\\/#website\"},\"primaryImageOfPage\":{\"@id\":\"https:\\\/\\\/diarioellabrador.cl\\\/index.php\\\/2026\\\/01\\\/22\\\/taller-de-rienda-sin-fronteras-con-gonzalo-nievas-genero-mucho-interes-en-capitan-pastene\\\/#primaryimage\"},\"image\":{\"@id\":\"https:\\\/\\\/diarioellabrador.cl\\\/index.php\\\/2026\\\/01\\\/22\\\/taller-de-rienda-sin-fronteras-con-gonzalo-nievas-genero-mucho-interes-en-capitan-pastene\\\/#primaryimage\"},\"thumbnailUrl\":\"https:\\\/\\\/diarioellabrador.cl\\\/wp-content\\\/uploads\\\/2026\\\/01\\\/Taller-de-Rienda-Sin-Fronteras-con-Gonzalo-Nievas-genero-mucho-interes-en-Capitan-Pastene.jpg\",\"datePublished\":\"2026-01-22T22:01:25+00:00\",\"dateModified\":\"2026-01-22T22:01:27+00:00\",\"breadcrumb\":{\"@id\":\"https:\\\/\\\/diarioellabrador.cl\\\/index.php\\\/2026\\\/01\\\/22\\\/taller-de-rienda-sin-fronteras-con-gonzalo-nievas-genero-mucho-interes-en-capitan-pastene\\\/#breadcrumb\"},\"inLanguage\":\"es\",\"potentialAction\":[{\"@type\":\"ReadAction\",\"target\":[\"https:\\\/\\\/diarioellabrador.cl\\\/index.php\\\/2026\\\/01\\\/22\\\/taller-de-rienda-sin-fronteras-con-gonzalo-nievas-genero-mucho-interes-en-capitan-pastene\\\/\"]}]},{\"@type\":\"ImageObject\",\"inLanguage\":\"es\",\"@id\":\"https:\\\/\\\/diarioellabrador.cl\\\/index.php\\\/2026\\\/01\\\/22\\\/taller-de-rienda-sin-fronteras-con-gonzalo-nievas-genero-mucho-interes-en-capitan-pastene\\\/#primaryimage\",\"url\":\"https:\\\/\\\/diarioellabrador.cl\\\/wp-content\\\/uploads\\\/2026\\\/01\\\/Taller-de-Rienda-Sin-Fronteras-con-Gonzalo-Nievas-genero-mucho-interes-en-Capitan-Pastene.jpg\",\"contentUrl\":\"https:\\\/\\\/diarioellabrador.cl\\\/wp-content\\\/uploads\\\/2026\\\/01\\\/Taller-de-Rienda-Sin-Fronteras-con-Gonzalo-Nievas-genero-mucho-interes-en-Capitan-Pastene.jpg\",\"width\":750,\"height\":390},{\"@type\":\"BreadcrumbList\",\"@id\":\"https:\\\/\\\/diarioellabrador.cl\\\/index.php\\\/2026\\\/01\\\/22\\\/taller-de-rienda-sin-fronteras-con-gonzalo-nievas-genero-mucho-interes-en-capitan-pastene\\\/#breadcrumb\",\"itemListElement\":[{\"@type\":\"ListItem\",\"position\":1,\"name\":\"Portada\",\"item\":\"https:\\\/\\\/diarioellabrador.cl\\\/\"},{\"@type\":\"ListItem\",\"position\":2,\"name\":\"Taller de Rienda Sin Fronteras con Gonzalo Nievas gener\u00f3 mucho inter\u00e9s en Capit\u00e1n Pastene\"}]},{\"@type\":\"WebSite\",\"@id\":\"https:\\\/\\\/diarioellabrador.cl\\\/#website\",\"url\":\"https:\\\/\\\/diarioellabrador.cl\\\/\",\"name\":\"Diario El Labrador\",\"description\":\"Haciendo noticia desde 1921\",\"publisher\":{\"@id\":\"https:\\\/\\\/diarioellabrador.cl\\\/#organization\"},\"potentialAction\":[{\"@type\":\"SearchAction\",\"target\":{\"@type\":\"EntryPoint\",\"urlTemplate\":\"https:\\\/\\\/diarioellabrador.cl\\\/?s={search_term_string}\"},\"query-input\":{\"@type\":\"PropertyValueSpecification\",\"valueRequired\":true,\"valueName\":\"search_term_string\"}}],\"inLanguage\":\"es\"},{\"@type\":\"Organization\",\"@id\":\"https:\\\/\\\/diarioellabrador.cl\\\/#organization\",\"name\":\"Diario El Labrador\",\"url\":\"https:\\\/\\\/diarioellabrador.cl\\\/\",\"logo\":{\"@type\":\"ImageObject\",\"inLanguage\":\"es\",\"@id\":\"https:\\\/\\\/diarioellabrador.cl\\\/#\\\/schema\\\/logo\\\/image\\\/\",\"url\":\"https:\\\/\\\/diarioellabrador.cl\\\/wp-content\\\/uploads\\\/2025\\\/02\\\/cropped-Logo-Icono.png\",\"contentUrl\":\"https:\\\/\\\/diarioellabrador.cl\\\/wp-content\\\/uploads\\\/2025\\\/02\\\/cropped-Logo-Icono.png\",\"width\":512,\"height\":512,\"caption\":\"Diario El Labrador\"},\"image\":{\"@id\":\"https:\\\/\\\/diarioellabrador.cl\\\/#\\\/schema\\\/logo\\\/image\\\/\"},\"sameAs\":[\"https:\\\/\\\/web.facebook.com\\\/profile.php?id=61576120840621\",\"https:\\\/\\\/x.com\\\/ElLabradorOf\",\"https:\\\/\\\/www.instagram.com\\\/diarioellabradoroficial\\\/\"]},{\"@type\":\"Person\",\"@id\":\"https:\\\/\\\/diarioellabrador.cl\\\/#\\\/schema\\\/person\\\/bc25ff80b4563f9c7f4bd7855df01685\",\"name\":\"Editor\",\"image\":{\"@type\":\"ImageObject\",\"inLanguage\":\"es\",\"@id\":\"https:\\\/\\\/secure.gravatar.com\\\/avatar\\\/109c326cf2be5c04f048c2c2a2b8b6ef44bf3d8d1d3d4c55d0ac40c4bc994684?s=96&d=mm&r=g\",\"url\":\"https:\\\/\\\/secure.gravatar.com\\\/avatar\\\/109c326cf2be5c04f048c2c2a2b8b6ef44bf3d8d1d3d4c55d0ac40c4bc994684?s=96&d=mm&r=g\",\"contentUrl\":\"https:\\\/\\\/secure.gravatar.com\\\/avatar\\\/109c326cf2be5c04f048c2c2a2b8b6ef44bf3d8d1d3d4c55d0ac40c4bc994684?s=96&d=mm&r=g\",\"caption\":\"Editor\"},\"url\":\"https:\\\/\\\/diarioellabrador.cl\\\/index.php\\\/author\\\/editor\\\/\"}]}<\/script>\n<!-- \/ Yoast SEO plugin. -->","yoast_head_json":{"title":"Taller de Rienda Sin Fronteras con Gonzalo Nievas gener\u00f3 mucho inter\u00e9s en Capit\u00e1n Pastene - Diario El Labrador","robots":{"index":"index","follow":"follow","max-snippet":"max-snippet:-1","max-image-preview":"max-image-preview:large","max-video-preview":"max-video-preview:-1"},"canonical":"https:\/\/diarioellabrador.cl\/index.php\/2026\/01\/22\/taller-de-rienda-sin-fronteras-con-gonzalo-nievas-genero-mucho-interes-en-capitan-pastene\/","og_locale":"es_ES","og_type":"article","og_title":"Taller de Rienda Sin Fronteras con Gonzalo Nievas gener\u00f3 mucho inter\u00e9s en Capit\u00e1n Pastene - Diario El Labrador","og_description":"Autor: Caballoyrodeo.cl En la Medialuna de Capit\u00e1n Pastene se realiz\u00f3 un Taller de Rienda Sin Fronteras, dictado por el gran jinete argentino Gonzalo Nievas, que fue organizado por la Asociaci\u00f3n de Criadores de Caballos Raza Chilena de Malleco y el Club de Rodeo Capit\u00e1n Pastene. La actividad abierta a todo p\u00fablico gener\u00f3 mucho inter\u00e9s y Leer m\u00e1s","og_url":"https:\/\/diarioellabrador.cl\/index.php\/2026\/01\/22\/taller-de-rienda-sin-fronteras-con-gonzalo-nievas-genero-mucho-interes-en-capitan-pastene\/","og_site_name":"Diario El Labrador","article_publisher":"https:\/\/web.facebook.com\/profile.php?id=61576120840621","article_published_time":"2026-01-22T22:01:25+00:00","article_modified_time":"2026-01-22T22:01:27+00:00","og_image":[{"width":750,"height":390,"url":"https:\/\/diarioellabrador.cl\/wp-content\/uploads\/2026\/01\/Taller-de-Rienda-Sin-Fronteras-con-Gonzalo-Nievas-genero-mucho-interes-en-Capitan-Pastene.jpg","type":"image\/jpeg"}],"author":"Editor","twitter_card":"summary_large_image","twitter_creator":"@ElLabradorOf","twitter_site":"@ElLabradorOf","twitter_misc":{"Escrito por":"Editor","Tiempo de lectura":"2 minutos"},"schema":{"@context":"https:\/\/schema.org","@graph":[{"@type":"Article","@id":"https:\/\/diarioellabrador.cl\/index.php\/2026\/01\/22\/taller-de-rienda-sin-fronteras-con-gonzalo-nievas-genero-mucho-interes-en-capitan-pastene\/#article","isPartOf":{"@id":"https:\/\/diarioellabrador.cl\/index.php\/2026\/01\/22\/taller-de-rienda-sin-fronteras-con-gonzalo-nievas-genero-mucho-interes-en-capitan-pastene\/"},"author":{"name":"Editor","@id":"https:\/\/diarioellabrador.cl\/#\/schema\/person\/bc25ff80b4563f9c7f4bd7855df01685"},"headline":"Taller de Rienda Sin Fronteras con Gonzalo Nievas gener\u00f3 mucho inter\u00e9s en Capit\u00e1n Pastene","datePublished":"2026-01-22T22:01:25+00:00","dateModified":"2026-01-22T22:01:27+00:00","mainEntityOfPage":{"@id":"https:\/\/diarioellabrador.cl\/index.php\/2026\/01\/22\/taller-de-rienda-sin-fronteras-con-gonzalo-nievas-genero-mucho-interes-en-capitan-pastene\/"},"wordCount":313,"commentCount":0,"publisher":{"@id":"https:\/\/diarioellabrador.cl\/#organization"},"image":{"@id":"https:\/\/diarioellabrador.cl\/index.php\/2026\/01\/22\/taller-de-rienda-sin-fronteras-con-gonzalo-nievas-genero-mucho-interes-en-capitan-pastene\/#primaryimage"},"thumbnailUrl":"https:\/\/diarioellabrador.cl\/wp-content\/uploads\/2026\/01\/Taller-de-Rienda-Sin-Fronteras-con-Gonzalo-Nievas-genero-mucho-interes-en-Capitan-Pastene.jpg","articleSection":["Rodeo"],"inLanguage":"es","potentialAction":[{"@type":"CommentAction","name":"Comment","target":["https:\/\/diarioellabrador.cl\/index.php\/2026\/01\/22\/taller-de-rienda-sin-fronteras-con-gonzalo-nievas-genero-mucho-interes-en-capitan-pastene\/#respond"]}]},{"@type":"WebPage","@id":"https:\/\/diarioellabrador.cl\/index.php\/2026\/01\/22\/taller-de-rienda-sin-fronteras-con-gonzalo-nievas-genero-mucho-interes-en-capitan-pastene\/","url":"https:\/\/diarioellabrador.cl\/index.php\/2026\/01\/22\/taller-de-rienda-sin-fronteras-con-gonzalo-nievas-genero-mucho-interes-en-capitan-pastene\/","name":"Taller de Rienda Sin Fronteras con Gonzalo Nievas gener\u00f3 mucho inter\u00e9s en Capit\u00e1n Pastene - Diario El Labrador","isPartOf":{"@id":"https:\/\/diarioellabrador.cl\/#website"},"primaryImageOfPage":{"@id":"https:\/\/diarioellabrador.cl\/index.php\/2026\/01\/22\/taller-de-rienda-sin-fronteras-con-gonzalo-nievas-genero-mucho-interes-en-capitan-pastene\/#primaryimage"},"image":{"@id":"https:\/\/diarioellabrador.cl\/index.php\/2026\/01\/22\/taller-de-rienda-sin-fronteras-con-gonzalo-nievas-genero-mucho-interes-en-capitan-pastene\/#primaryimage"},"thumbnailUrl":"https:\/\/diarioellabrador.cl\/wp-content\/uploads\/2026\/01\/Taller-de-Rienda-Sin-Fronteras-con-Gonzalo-Nievas-genero-mucho-interes-en-Capitan-Pastene.jpg","datePublished":"2026-01-22T22:01:25+00:00","dateModified":"2026-01-22T22:01:27+00:00","breadcrumb":{"@id":"https:\/\/diarioellabrador.cl\/index.php\/2026\/01\/22\/taller-de-rienda-sin-fronteras-con-gonzalo-nievas-genero-mucho-interes-en-capitan-pastene\/#breadcrumb"},"inLanguage":"es","potentialAction":[{"@type":"ReadAction","target":["https:\/\/diarioellabrador.cl\/index.php\/2026\/01\/22\/taller-de-rienda-sin-fronteras-con-gonzalo-nievas-genero-mucho-interes-en-capitan-pastene\/"]}]},{"@type":"ImageObject","inLanguage":"es","@id":"https:\/\/diarioellabrador.cl\/index.php\/2026\/01\/22\/taller-de-rienda-sin-fronteras-con-gonzalo-nievas-genero-mucho-interes-en-capitan-pastene\/#primaryimage","url":"https:\/\/diarioellabrador.cl\/wp-content\/uploads\/2026\/01\/Taller-de-Rienda-Sin-Fronteras-con-Gonzalo-Nievas-genero-mucho-interes-en-Capitan-Pastene.jpg","contentUrl":"https:\/\/diarioellabrador.cl\/wp-content\/uploads\/2026\/01\/Taller-de-Rienda-Sin-Fronteras-con-Gonzalo-Nievas-genero-mucho-interes-en-Capitan-Pastene.jpg","width":750,"height":390},{"@type":"BreadcrumbList","@id":"https:\/\/diarioellabrador.cl\/index.php\/2026\/01\/22\/taller-de-rienda-sin-fronteras-con-gonzalo-nievas-genero-mucho-interes-en-capitan-pastene\/#breadcrumb","itemListElement":[{"@type":"ListItem","position":1,"name":"Portada","item":"https:\/\/diarioellabrador.cl\/"},{"@type":"ListItem","position":2,"name":"Taller de Rienda Sin Fronteras con Gonzalo Nievas gener\u00f3 mucho inter\u00e9s en Capit\u00e1n Pastene"}]},{"@type":"WebSite","@id":"https:\/\/diarioellabrador.cl\/#website","url":"https:\/\/diarioellabrador.cl\/","name":"Diario El Labrador","description":"Haciendo noticia desde 1921","publisher":{"@id":"https:\/\/diarioellabrador.cl\/#organization"},"potentialAction":[{"@type":"SearchAction","target":{"@type":"EntryPoint","urlTemplate":"https:\/\/diarioellabrador.cl\/?s={search_term_string}"},"query-input":{"@type":"PropertyValueSpecification","valueRequired":true,"valueName":"search_term_string"}}],"inLanguage":"es"},{"@type":"Organization","@id":"https:\/\/diarioellabrador.cl\/#organization","name":"Diario El Labrador","url":"https:\/\/diarioellabrador.cl\/","logo":{"@type":"ImageObject","inLanguage":"es","@id":"https:\/\/diarioellabrador.cl\/#\/schema\/logo\/image\/","url":"https:\/\/diarioellabrador.cl\/wp-content\/uploads\/2025\/02\/cropped-Logo-Icono.png","contentUrl":"https:\/\/diarioellabrador.cl\/wp-content\/uploads\/2025\/02\/cropped-Logo-Icono.png","width":512,"height":512,"caption":"Diario El Labrador"},"image":{"@id":"https:\/\/diarioellabrador.cl\/#\/schema\/logo\/image\/"},"sameAs":["https:\/\/web.facebook.com\/profile.php?id=61576120840621","https:\/\/x.com\/ElLabradorOf","https:\/\/www.instagram.com\/diarioellabradoroficial\/"]},{"@type":"Person","@id":"https:\/\/diarioellabrador.cl\/#\/schema\/person\/bc25ff80b4563f9c7f4bd7855df01685","name":"Editor","image":{"@type":"ImageObject","inLanguage":"es","@id":"https:\/\/secure.gravatar.com\/avatar\/109c326cf2be5c04f048c2c2a2b8b6ef44bf3d8d1d3d4c55d0ac40c4bc994684?s=96&d=mm&r=g","url":"https:\/\/secure.gravatar.com\/avatar\/109c326cf2be5c04f048c2c2a2b8b6ef44bf3d8d1d3d4c55d0ac40c4bc994684?s=96&d=mm&r=g","contentUrl":"https:\/\/secure.gravatar.com\/avatar\/109c326cf2be5c04f048c2c2a2b8b6ef44bf3d8d1d3d4c55d0ac40c4bc994684?s=96&d=mm&r=g","caption":"Editor"},"url":"https:\/\/diarioellabrador.cl\/index.php\/author\/editor\/"}]}},"_links":{"self":[{"href":"https:\/\/diarioellabrador.cl\/index.php\/wp-json\/wp\/v2\/posts\/14189","targetHints":{"allow":["GET"]}}],"collection":[{"href":"https:\/\/diarioellabrador.cl\/index.php\/wp-json\/wp\/v2\/posts"}],"about":[{"href":"https:\/\/diarioellabrador.cl\/index.php\/wp-json\/wp\/v2\/types\/post"}],"author":[{"embeddable":true,"href":"https:\/\/diarioellabrador.cl\/index.php\/wp-json\/wp\/v2\/users\/2"}],"replies":[{"embeddable":true,"href":"https:\/\/diarioellabrador.cl\/index.php\/wp-json\/wp\/v2\/comments?post=14189"}],"version-history":[{"count":1,"href":"https:\/\/diarioellabrador.cl\/index.php\/wp-json\/wp\/v2\/posts\/14189\/revisions"}],"predecessor-version":[{"id":14190,"href":"https:\/\/diarioellabrador.cl\/index.php\/wp-json\/wp\/v2\/posts\/14189\/revisions\/14190"}],"wp:featuredmedia":[{"embeddable":true,"href":"https:\/\/diarioellabrador.cl\/index.php\/wp-json\/wp\/v2\/media\/14157"}],"wp:attachment":[{"href":"https:\/\/diarioellabrador.cl\/index.php\/wp-json\/wp\/v2\/media?parent=14189"}],"wp:term":[{"taxonomy":"category","embeddable":true,"href":"https:\/\/diarioellabrador.cl\/index.php\/wp-json\/wp\/v2\/categories?post=14189"},{"taxonomy":"post_tag","embeddable":true,"href":"https:\/\/diarioellabrador.cl\/index.php\/wp-json\/wp\/v2\/tags?post=14189"}],"curies":[{"name":"wp","href":"https:\/\/api.w.org\/{rel}","templated":true}]}}