{"id":14187,"date":"2026-01-22T18:00:45","date_gmt":"2026-01-22T22:00:45","guid":{"rendered":"https:\/\/diarioellabrador.cl\/?p=14187"},"modified":"2026-01-22T18:00:47","modified_gmt":"2026-01-22T22:00:47","slug":"red-bull-valparaiso-cerro-abajo-confirma-a-cinco-primeros-riders-para-2026-vuelve-el-campeon-slavik","status":"publish","type":"post","link":"https:\/\/diarioellabrador.cl\/index.php\/2026\/01\/22\/red-bull-valparaiso-cerro-abajo-confirma-a-cinco-primeros-riders-para-2026-vuelve-el-campeon-slavik\/","title":{"rendered":"Red Bull Valpara\u00edso Cerro Abajo confirma a cinco primeros riders para 2026: vuelve el campe\u00f3n Slavik"},"content":{"rendered":"\n<p>\u00a1Comenz\u00f3 la cuenta regresiva! La vig\u00e9sima segunda edici\u00f3n de <strong>Red Bull Valpara\u00edso Cerro Abajo<\/strong> regresar\u00e1 el 15 de febrero a te\u00f1ir de color y adrenalina las calles de la ciudad de la mano de <strong>los mejores riders nacionales y mundiales<\/strong>, quienes una vez m\u00e1s descender\u00e1n a toda velocidad, sorteando empinadas escaleras, curvas, saltos y obst\u00e1culos con el objetivo de consagrarse \u201cRey del Puerto\u201d.<\/p>\n\n\n\n<p>Si bien el line up completo de pilotos no ha sido revelado a\u00fan, <strong>se acaba de dar a conocer los primeros participantes confirmados<\/strong>, donde destacan riders de primer nivel que regresan a la ciudad como favoritos del p\u00fablico por su alto nivel deportivo y su cercan\u00eda con la gente.<\/p>\n\n\n\n<p>Quien encabeza el listado es el checo <strong>Tom\u00e1s Slav\u00edk, tetracampe\u00f3n de la carrera<\/strong>, quien en la edici\u00f3n anterior hizo vivir al p\u00fablico una final de infarto tras lograr quedarse con su cuarto t\u00edtulo (2017, 2018, 2023 y 2025) tras un descenso perfecto. Fue tambi\u00e9n una emotiva edici\u00f3n para el atleta, quien tristemente en 2024 tuvo que abandonar la competencia a segundos de haber iniciado su descenso por problemas t\u00e9cnicos en su bicicleta.<\/p>\n\n\n\n<p>A nivel regional, Colombia se har\u00e1 presente con uno de sus mejores exponentes de downhill: <strong>Sebasti\u00e1n Holgu\u00edn<\/strong>. El rider es un rostro conocido en Red Bull Valpara\u00edso Cerro Abajo y bien domina las dificultades de la carrera. En 2024 mientras estaba en plena competencia, vivi\u00f3 una importante ca\u00edda tras su paso por el famoso Wallride Atahualpa, que lo llev\u00f3 a perder el control de su bicicleta y precipitarse fuera de la pista. Fue un accidente sin lesiones y que le permiti\u00f3 continuar el track, aunque ya sin posibilidades de acceder al podio. Tras ello, Holgu\u00edn agradeci\u00f3 enormemente al p\u00fablico, que en todo momento lo apoy\u00f3 y vitore\u00f3 para que reanudara el circuito hasta llegar a la meta.<\/p>\n\n\n\n<p>Por el lado de Brasil, llega un nombre fuerte: <strong>Roger Vieira, cuarto lugar en la edici\u00f3n 2025<\/strong> del certamen y ganador de Red Bull G\u00e9nova Cerro Abajo, la parada europea de la serie Cerro Abajo. G\u00e9nova es aclamada por muchos como la carrera m\u00e1s r\u00e1pida de la serie, por lo que Vieira podr\u00eda dar la sorpresa este a\u00f1o en el puerto y llevarse la corona a Brasil, tal como lo hizo su compatriota Lucas Borba el 2024.<\/p>\n\n\n\n<p>Representando a Alemania, estar\u00e1 <strong>Johannes Fischbach<\/strong>, experimentado piloto que hace exactamente una d\u00e9cada se coronaba campe\u00f3n de Red Bull Valpara\u00edso Cerro Abajo. El germano es otro gran conocedor del track -aunque todos los a\u00f1os incorpora novedades- y toma con cautela y estrategia cada descenso, especialmente luego de que en 2024 sufriera una ca\u00edda tras salir de una curva en \u201cPapito Drop\u201d, donde perdi\u00f3 el control de su bicicleta al inclinarse \u00e9sta hacia adelante. Tras ello, el piloto se cay\u00f3 de cabeza en la pista, dejando a todos los asistentes preocupados. Afortunadamente, no sufri\u00f3 mayores lesiones, pero s\u00ed se vio obligado a abandonar su recorrido. El 2025 fue un mejor a\u00f1o para el rider, logrando entrar al top 10 de los mejores tiempos, alcanzando la s\u00e9ptima posici\u00f3n.<\/p>\n\n\n\n<p>Finalmente, lo que todos estaban esperando: <strong>el regreso de Felipe Agurto a la competencia<\/strong>. La m\u00e1xima carta local, subcampe\u00f3n 2024 y 2025, vuelve este a\u00f1o decidido a ubicarse en lo m\u00e1s alto del podio, objetivo por el cual ha estado entrenando arduamente.<strong> \u00bfSer\u00e1 su gran revancha contra Tom\u00e1s Slav\u00edk luego de que el checo le arrebatara el primer lugar por mil\u00e9simas de segundo en la edici\u00f3n pasada?<\/strong> Es lo que muchos esperan ver este 2026, por lo que sin lugar a duda el oriundo de Curacav\u00ed es uno de los favoritos del p\u00fablico que podr\u00eda dejar el t\u00edtulo en casa.<\/p>\n","protected":false},"excerpt":{"rendered":"<p>\u00a1Comenz\u00f3 la cuenta regresiva! La vig\u00e9sima segunda edici\u00f3n de Red Bull Valpara\u00edso Cerro Abajo regresar\u00e1 el 15 de febrero a te\u00f1ir de color y adrenalina las calles de la ciudad de la mano de los mejores riders nacionales y mundiales, quienes una vez m\u00e1s descender\u00e1n a toda velocidad, sorteando empinadas escaleras, curvas, saltos y obst\u00e1culos<\/p>\n<div class=\"read-more-wrapper\"><a class=\"read-more\" href=\"https:\/\/diarioellabrador.cl\/index.php\/2026\/01\/22\/red-bull-valparaiso-cerro-abajo-confirma-a-cinco-primeros-riders-para-2026-vuelve-el-campeon-slavik\/\" title=\"Leer m\u00e1s\"> <span class=\"button \">Leer m\u00e1s<\/span><\/a><\/div>\n","protected":false},"author":2,"featured_media":14153,"comment_status":"open","ping_status":"open","sticky":false,"template":"","format":"standard","meta":{"footnotes":""},"categories":[4],"tags":[],"class_list":["post-14187","post","type-post","status-publish","format-standard","has-post-thumbnail","hentry","category-deportes"],"yoast_head":"<!-- This site is optimized with the Yoast SEO plugin v27.5 - https:\/\/yoast.com\/product\/yoast-seo-wordpress\/ -->\n<title>Red Bull Valpara\u00edso Cerro Abajo confirma a cinco primeros riders para 2026: vuelve el campe\u00f3n Slavik - Diario El Labrador<\/title>\n<meta name=\"robots\" content=\"index, follow, max-snippet:-1, max-image-preview:large, max-video-preview:-1\" \/>\n<link rel=\"canonical\" href=\"https:\/\/diarioellabrador.cl\/index.php\/2026\/01\/22\/red-bull-valparaiso-cerro-abajo-confirma-a-cinco-primeros-riders-para-2026-vuelve-el-campeon-slavik\/\" \/>\n<meta property=\"og:locale\" content=\"es_ES\" \/>\n<meta property=\"og:type\" content=\"article\" \/>\n<meta property=\"og:title\" content=\"Red Bull Valpara\u00edso Cerro Abajo confirma a cinco primeros riders para 2026: vuelve el campe\u00f3n Slavik - Diario El Labrador\" \/>\n<meta property=\"og:description\" content=\"\u00a1Comenz\u00f3 la cuenta regresiva! La vig\u00e9sima segunda edici\u00f3n de Red Bull Valpara\u00edso Cerro Abajo regresar\u00e1 el 15 de febrero a te\u00f1ir de color y adrenalina las calles de la ciudad de la mano de los mejores riders nacionales y mundiales, quienes una vez m\u00e1s descender\u00e1n a toda velocidad, sorteando empinadas escaleras, curvas, saltos y obst\u00e1culos Leer m\u00e1s\" \/>\n<meta property=\"og:url\" content=\"https:\/\/diarioellabrador.cl\/index.php\/2026\/01\/22\/red-bull-valparaiso-cerro-abajo-confirma-a-cinco-primeros-riders-para-2026-vuelve-el-campeon-slavik\/\" \/>\n<meta property=\"og:site_name\" content=\"Diario El Labrador\" \/>\n<meta property=\"article:publisher\" content=\"https:\/\/web.facebook.com\/profile.php?id=61576120840621\" \/>\n<meta property=\"article:published_time\" content=\"2026-01-22T22:00:45+00:00\" \/>\n<meta property=\"article:modified_time\" content=\"2026-01-22T22:00:47+00:00\" \/>\n<meta property=\"og:image\" content=\"https:\/\/diarioellabrador.cl\/wp-content\/uploads\/2026\/01\/Red-Bull-Valparaiso-Cerro-Abajo-confirma-a-cinco-primeros-riders-para-2026-vuelve-el-campeon-Slavik.jpg\" \/>\n\t<meta property=\"og:image:width\" content=\"1200\" \/>\n\t<meta property=\"og:image:height\" content=\"633\" \/>\n\t<meta property=\"og:image:type\" content=\"image\/jpeg\" \/>\n<meta name=\"author\" content=\"Editor\" \/>\n<meta name=\"twitter:card\" content=\"summary_large_image\" \/>\n<meta name=\"twitter:creator\" content=\"@ElLabradorOf\" \/>\n<meta name=\"twitter:site\" content=\"@ElLabradorOf\" \/>\n<meta name=\"twitter:label1\" content=\"Escrito por\" \/>\n\t<meta name=\"twitter:data1\" content=\"Editor\" \/>\n\t<meta name=\"twitter:label2\" content=\"Tiempo de lectura\" \/>\n\t<meta name=\"twitter:data2\" content=\"3 minutos\" \/>\n<script type=\"application\/ld+json\" class=\"yoast-schema-graph\">{\"@context\":\"https:\\\/\\\/schema.org\",\"@graph\":[{\"@type\":\"Article\",\"@id\":\"https:\\\/\\\/diarioellabrador.cl\\\/index.php\\\/2026\\\/01\\\/22\\\/red-bull-valparaiso-cerro-abajo-confirma-a-cinco-primeros-riders-para-2026-vuelve-el-campeon-slavik\\\/#article\",\"isPartOf\":{\"@id\":\"https:\\\/\\\/diarioellabrador.cl\\\/index.php\\\/2026\\\/01\\\/22\\\/red-bull-valparaiso-cerro-abajo-confirma-a-cinco-primeros-riders-para-2026-vuelve-el-campeon-slavik\\\/\"},\"author\":{\"name\":\"Editor\",\"@id\":\"https:\\\/\\\/diarioellabrador.cl\\\/#\\\/schema\\\/person\\\/bc25ff80b4563f9c7f4bd7855df01685\"},\"headline\":\"Red Bull Valpara\u00edso Cerro Abajo confirma a cinco primeros riders para 2026: vuelve el campe\u00f3n Slavik\",\"datePublished\":\"2026-01-22T22:00:45+00:00\",\"dateModified\":\"2026-01-22T22:00:47+00:00\",\"mainEntityOfPage\":{\"@id\":\"https:\\\/\\\/diarioellabrador.cl\\\/index.php\\\/2026\\\/01\\\/22\\\/red-bull-valparaiso-cerro-abajo-confirma-a-cinco-primeros-riders-para-2026-vuelve-el-campeon-slavik\\\/\"},\"wordCount\":657,\"commentCount\":0,\"publisher\":{\"@id\":\"https:\\\/\\\/diarioellabrador.cl\\\/#organization\"},\"image\":{\"@id\":\"https:\\\/\\\/diarioellabrador.cl\\\/index.php\\\/2026\\\/01\\\/22\\\/red-bull-valparaiso-cerro-abajo-confirma-a-cinco-primeros-riders-para-2026-vuelve-el-campeon-slavik\\\/#primaryimage\"},\"thumbnailUrl\":\"https:\\\/\\\/diarioellabrador.cl\\\/wp-content\\\/uploads\\\/2026\\\/01\\\/Red-Bull-Valparaiso-Cerro-Abajo-confirma-a-cinco-primeros-riders-para-2026-vuelve-el-campeon-Slavik.jpg\",\"articleSection\":[\"Deportes\"],\"inLanguage\":\"es\",\"potentialAction\":[{\"@type\":\"CommentAction\",\"name\":\"Comment\",\"target\":[\"https:\\\/\\\/diarioellabrador.cl\\\/index.php\\\/2026\\\/01\\\/22\\\/red-bull-valparaiso-cerro-abajo-confirma-a-cinco-primeros-riders-para-2026-vuelve-el-campeon-slavik\\\/#respond\"]}]},{\"@type\":\"WebPage\",\"@id\":\"https:\\\/\\\/diarioellabrador.cl\\\/index.php\\\/2026\\\/01\\\/22\\\/red-bull-valparaiso-cerro-abajo-confirma-a-cinco-primeros-riders-para-2026-vuelve-el-campeon-slavik\\\/\",\"url\":\"https:\\\/\\\/diarioellabrador.cl\\\/index.php\\\/2026\\\/01\\\/22\\\/red-bull-valparaiso-cerro-abajo-confirma-a-cinco-primeros-riders-para-2026-vuelve-el-campeon-slavik\\\/\",\"name\":\"Red Bull Valpara\u00edso Cerro Abajo confirma a cinco primeros riders para 2026: vuelve el campe\u00f3n Slavik - Diario El Labrador\",\"isPartOf\":{\"@id\":\"https:\\\/\\\/diarioellabrador.cl\\\/#website\"},\"primaryImageOfPage\":{\"@id\":\"https:\\\/\\\/diarioellabrador.cl\\\/index.php\\\/2026\\\/01\\\/22\\\/red-bull-valparaiso-cerro-abajo-confirma-a-cinco-primeros-riders-para-2026-vuelve-el-campeon-slavik\\\/#primaryimage\"},\"image\":{\"@id\":\"https:\\\/\\\/diarioellabrador.cl\\\/index.php\\\/2026\\\/01\\\/22\\\/red-bull-valparaiso-cerro-abajo-confirma-a-cinco-primeros-riders-para-2026-vuelve-el-campeon-slavik\\\/#primaryimage\"},\"thumbnailUrl\":\"https:\\\/\\\/diarioellabrador.cl\\\/wp-content\\\/uploads\\\/2026\\\/01\\\/Red-Bull-Valparaiso-Cerro-Abajo-confirma-a-cinco-primeros-riders-para-2026-vuelve-el-campeon-Slavik.jpg\",\"datePublished\":\"2026-01-22T22:00:45+00:00\",\"dateModified\":\"2026-01-22T22:00:47+00:00\",\"breadcrumb\":{\"@id\":\"https:\\\/\\\/diarioellabrador.cl\\\/index.php\\\/2026\\\/01\\\/22\\\/red-bull-valparaiso-cerro-abajo-confirma-a-cinco-primeros-riders-para-2026-vuelve-el-campeon-slavik\\\/#breadcrumb\"},\"inLanguage\":\"es\",\"potentialAction\":[{\"@type\":\"ReadAction\",\"target\":[\"https:\\\/\\\/diarioellabrador.cl\\\/index.php\\\/2026\\\/01\\\/22\\\/red-bull-valparaiso-cerro-abajo-confirma-a-cinco-primeros-riders-para-2026-vuelve-el-campeon-slavik\\\/\"]}]},{\"@type\":\"ImageObject\",\"inLanguage\":\"es\",\"@id\":\"https:\\\/\\\/diarioellabrador.cl\\\/index.php\\\/2026\\\/01\\\/22\\\/red-bull-valparaiso-cerro-abajo-confirma-a-cinco-primeros-riders-para-2026-vuelve-el-campeon-slavik\\\/#primaryimage\",\"url\":\"https:\\\/\\\/diarioellabrador.cl\\\/wp-content\\\/uploads\\\/2026\\\/01\\\/Red-Bull-Valparaiso-Cerro-Abajo-confirma-a-cinco-primeros-riders-para-2026-vuelve-el-campeon-Slavik.jpg\",\"contentUrl\":\"https:\\\/\\\/diarioellabrador.cl\\\/wp-content\\\/uploads\\\/2026\\\/01\\\/Red-Bull-Valparaiso-Cerro-Abajo-confirma-a-cinco-primeros-riders-para-2026-vuelve-el-campeon-Slavik.jpg\",\"width\":1200,\"height\":633},{\"@type\":\"BreadcrumbList\",\"@id\":\"https:\\\/\\\/diarioellabrador.cl\\\/index.php\\\/2026\\\/01\\\/22\\\/red-bull-valparaiso-cerro-abajo-confirma-a-cinco-primeros-riders-para-2026-vuelve-el-campeon-slavik\\\/#breadcrumb\",\"itemListElement\":[{\"@type\":\"ListItem\",\"position\":1,\"name\":\"Portada\",\"item\":\"https:\\\/\\\/diarioellabrador.cl\\\/\"},{\"@type\":\"ListItem\",\"position\":2,\"name\":\"Red Bull Valpara\u00edso Cerro Abajo confirma a cinco primeros riders para 2026: vuelve el campe\u00f3n Slavik\"}]},{\"@type\":\"WebSite\",\"@id\":\"https:\\\/\\\/diarioellabrador.cl\\\/#website\",\"url\":\"https:\\\/\\\/diarioellabrador.cl\\\/\",\"name\":\"Diario El Labrador\",\"description\":\"Haciendo noticia desde 1921\",\"publisher\":{\"@id\":\"https:\\\/\\\/diarioellabrador.cl\\\/#organization\"},\"potentialAction\":[{\"@type\":\"SearchAction\",\"target\":{\"@type\":\"EntryPoint\",\"urlTemplate\":\"https:\\\/\\\/diarioellabrador.cl\\\/?s={search_term_string}\"},\"query-input\":{\"@type\":\"PropertyValueSpecification\",\"valueRequired\":true,\"valueName\":\"search_term_string\"}}],\"inLanguage\":\"es\"},{\"@type\":\"Organization\",\"@id\":\"https:\\\/\\\/diarioellabrador.cl\\\/#organization\",\"name\":\"Diario El Labrador\",\"url\":\"https:\\\/\\\/diarioellabrador.cl\\\/\",\"logo\":{\"@type\":\"ImageObject\",\"inLanguage\":\"es\",\"@id\":\"https:\\\/\\\/diarioellabrador.cl\\\/#\\\/schema\\\/logo\\\/image\\\/\",\"url\":\"https:\\\/\\\/diarioellabrador.cl\\\/wp-content\\\/uploads\\\/2025\\\/02\\\/cropped-Logo-Icono.png\",\"contentUrl\":\"https:\\\/\\\/diarioellabrador.cl\\\/wp-content\\\/uploads\\\/2025\\\/02\\\/cropped-Logo-Icono.png\",\"width\":512,\"height\":512,\"caption\":\"Diario El Labrador\"},\"image\":{\"@id\":\"https:\\\/\\\/diarioellabrador.cl\\\/#\\\/schema\\\/logo\\\/image\\\/\"},\"sameAs\":[\"https:\\\/\\\/web.facebook.com\\\/profile.php?id=61576120840621\",\"https:\\\/\\\/x.com\\\/ElLabradorOf\",\"https:\\\/\\\/www.instagram.com\\\/diarioellabradoroficial\\\/\"]},{\"@type\":\"Person\",\"@id\":\"https:\\\/\\\/diarioellabrador.cl\\\/#\\\/schema\\\/person\\\/bc25ff80b4563f9c7f4bd7855df01685\",\"name\":\"Editor\",\"image\":{\"@type\":\"ImageObject\",\"inLanguage\":\"es\",\"@id\":\"https:\\\/\\\/secure.gravatar.com\\\/avatar\\\/109c326cf2be5c04f048c2c2a2b8b6ef44bf3d8d1d3d4c55d0ac40c4bc994684?s=96&d=mm&r=g\",\"url\":\"https:\\\/\\\/secure.gravatar.com\\\/avatar\\\/109c326cf2be5c04f048c2c2a2b8b6ef44bf3d8d1d3d4c55d0ac40c4bc994684?s=96&d=mm&r=g\",\"contentUrl\":\"https:\\\/\\\/secure.gravatar.com\\\/avatar\\\/109c326cf2be5c04f048c2c2a2b8b6ef44bf3d8d1d3d4c55d0ac40c4bc994684?s=96&d=mm&r=g\",\"caption\":\"Editor\"},\"url\":\"https:\\\/\\\/diarioellabrador.cl\\\/index.php\\\/author\\\/editor\\\/\"}]}<\/script>\n<!-- \/ Yoast SEO plugin. -->","yoast_head_json":{"title":"Red Bull Valpara\u00edso Cerro Abajo confirma a cinco primeros riders para 2026: vuelve el campe\u00f3n Slavik - Diario El Labrador","robots":{"index":"index","follow":"follow","max-snippet":"max-snippet:-1","max-image-preview":"max-image-preview:large","max-video-preview":"max-video-preview:-1"},"canonical":"https:\/\/diarioellabrador.cl\/index.php\/2026\/01\/22\/red-bull-valparaiso-cerro-abajo-confirma-a-cinco-primeros-riders-para-2026-vuelve-el-campeon-slavik\/","og_locale":"es_ES","og_type":"article","og_title":"Red Bull Valpara\u00edso Cerro Abajo confirma a cinco primeros riders para 2026: vuelve el campe\u00f3n Slavik - Diario El Labrador","og_description":"\u00a1Comenz\u00f3 la cuenta regresiva! La vig\u00e9sima segunda edici\u00f3n de Red Bull Valpara\u00edso Cerro Abajo regresar\u00e1 el 15 de febrero a te\u00f1ir de color y adrenalina las calles de la ciudad de la mano de los mejores riders nacionales y mundiales, quienes una vez m\u00e1s descender\u00e1n a toda velocidad, sorteando empinadas escaleras, curvas, saltos y obst\u00e1culos Leer m\u00e1s","og_url":"https:\/\/diarioellabrador.cl\/index.php\/2026\/01\/22\/red-bull-valparaiso-cerro-abajo-confirma-a-cinco-primeros-riders-para-2026-vuelve-el-campeon-slavik\/","og_site_name":"Diario El Labrador","article_publisher":"https:\/\/web.facebook.com\/profile.php?id=61576120840621","article_published_time":"2026-01-22T22:00:45+00:00","article_modified_time":"2026-01-22T22:00:47+00:00","og_image":[{"width":1200,"height":633,"url":"https:\/\/diarioellabrador.cl\/wp-content\/uploads\/2026\/01\/Red-Bull-Valparaiso-Cerro-Abajo-confirma-a-cinco-primeros-riders-para-2026-vuelve-el-campeon-Slavik.jpg","type":"image\/jpeg"}],"author":"Editor","twitter_card":"summary_large_image","twitter_creator":"@ElLabradorOf","twitter_site":"@ElLabradorOf","twitter_misc":{"Escrito por":"Editor","Tiempo de lectura":"3 minutos"},"schema":{"@context":"https:\/\/schema.org","@graph":[{"@type":"Article","@id":"https:\/\/diarioellabrador.cl\/index.php\/2026\/01\/22\/red-bull-valparaiso-cerro-abajo-confirma-a-cinco-primeros-riders-para-2026-vuelve-el-campeon-slavik\/#article","isPartOf":{"@id":"https:\/\/diarioellabrador.cl\/index.php\/2026\/01\/22\/red-bull-valparaiso-cerro-abajo-confirma-a-cinco-primeros-riders-para-2026-vuelve-el-campeon-slavik\/"},"author":{"name":"Editor","@id":"https:\/\/diarioellabrador.cl\/#\/schema\/person\/bc25ff80b4563f9c7f4bd7855df01685"},"headline":"Red Bull Valpara\u00edso Cerro Abajo confirma a cinco primeros riders para 2026: vuelve el campe\u00f3n Slavik","datePublished":"2026-01-22T22:00:45+00:00","dateModified":"2026-01-22T22:00:47+00:00","mainEntityOfPage":{"@id":"https:\/\/diarioellabrador.cl\/index.php\/2026\/01\/22\/red-bull-valparaiso-cerro-abajo-confirma-a-cinco-primeros-riders-para-2026-vuelve-el-campeon-slavik\/"},"wordCount":657,"commentCount":0,"publisher":{"@id":"https:\/\/diarioellabrador.cl\/#organization"},"image":{"@id":"https:\/\/diarioellabrador.cl\/index.php\/2026\/01\/22\/red-bull-valparaiso-cerro-abajo-confirma-a-cinco-primeros-riders-para-2026-vuelve-el-campeon-slavik\/#primaryimage"},"thumbnailUrl":"https:\/\/diarioellabrador.cl\/wp-content\/uploads\/2026\/01\/Red-Bull-Valparaiso-Cerro-Abajo-confirma-a-cinco-primeros-riders-para-2026-vuelve-el-campeon-Slavik.jpg","articleSection":["Deportes"],"inLanguage":"es","potentialAction":[{"@type":"CommentAction","name":"Comment","target":["https:\/\/diarioellabrador.cl\/index.php\/2026\/01\/22\/red-bull-valparaiso-cerro-abajo-confirma-a-cinco-primeros-riders-para-2026-vuelve-el-campeon-slavik\/#respond"]}]},{"@type":"WebPage","@id":"https:\/\/diarioellabrador.cl\/index.php\/2026\/01\/22\/red-bull-valparaiso-cerro-abajo-confirma-a-cinco-primeros-riders-para-2026-vuelve-el-campeon-slavik\/","url":"https:\/\/diarioellabrador.cl\/index.php\/2026\/01\/22\/red-bull-valparaiso-cerro-abajo-confirma-a-cinco-primeros-riders-para-2026-vuelve-el-campeon-slavik\/","name":"Red Bull Valpara\u00edso Cerro Abajo confirma a cinco primeros riders para 2026: vuelve el campe\u00f3n Slavik - Diario El Labrador","isPartOf":{"@id":"https:\/\/diarioellabrador.cl\/#website"},"primaryImageOfPage":{"@id":"https:\/\/diarioellabrador.cl\/index.php\/2026\/01\/22\/red-bull-valparaiso-cerro-abajo-confirma-a-cinco-primeros-riders-para-2026-vuelve-el-campeon-slavik\/#primaryimage"},"image":{"@id":"https:\/\/diarioellabrador.cl\/index.php\/2026\/01\/22\/red-bull-valparaiso-cerro-abajo-confirma-a-cinco-primeros-riders-para-2026-vuelve-el-campeon-slavik\/#primaryimage"},"thumbnailUrl":"https:\/\/diarioellabrador.cl\/wp-content\/uploads\/2026\/01\/Red-Bull-Valparaiso-Cerro-Abajo-confirma-a-cinco-primeros-riders-para-2026-vuelve-el-campeon-Slavik.jpg","datePublished":"2026-01-22T22:00:45+00:00","dateModified":"2026-01-22T22:00:47+00:00","breadcrumb":{"@id":"https:\/\/diarioellabrador.cl\/index.php\/2026\/01\/22\/red-bull-valparaiso-cerro-abajo-confirma-a-cinco-primeros-riders-para-2026-vuelve-el-campeon-slavik\/#breadcrumb"},"inLanguage":"es","potentialAction":[{"@type":"ReadAction","target":["https:\/\/diarioellabrador.cl\/index.php\/2026\/01\/22\/red-bull-valparaiso-cerro-abajo-confirma-a-cinco-primeros-riders-para-2026-vuelve-el-campeon-slavik\/"]}]},{"@type":"ImageObject","inLanguage":"es","@id":"https:\/\/diarioellabrador.cl\/index.php\/2026\/01\/22\/red-bull-valparaiso-cerro-abajo-confirma-a-cinco-primeros-riders-para-2026-vuelve-el-campeon-slavik\/#primaryimage","url":"https:\/\/diarioellabrador.cl\/wp-content\/uploads\/2026\/01\/Red-Bull-Valparaiso-Cerro-Abajo-confirma-a-cinco-primeros-riders-para-2026-vuelve-el-campeon-Slavik.jpg","contentUrl":"https:\/\/diarioellabrador.cl\/wp-content\/uploads\/2026\/01\/Red-Bull-Valparaiso-Cerro-Abajo-confirma-a-cinco-primeros-riders-para-2026-vuelve-el-campeon-Slavik.jpg","width":1200,"height":633},{"@type":"BreadcrumbList","@id":"https:\/\/diarioellabrador.cl\/index.php\/2026\/01\/22\/red-bull-valparaiso-cerro-abajo-confirma-a-cinco-primeros-riders-para-2026-vuelve-el-campeon-slavik\/#breadcrumb","itemListElement":[{"@type":"ListItem","position":1,"name":"Portada","item":"https:\/\/diarioellabrador.cl\/"},{"@type":"ListItem","position":2,"name":"Red Bull Valpara\u00edso Cerro Abajo confirma a cinco primeros riders para 2026: vuelve el campe\u00f3n Slavik"}]},{"@type":"WebSite","@id":"https:\/\/diarioellabrador.cl\/#website","url":"https:\/\/diarioellabrador.cl\/","name":"Diario El Labrador","description":"Haciendo noticia desde 1921","publisher":{"@id":"https:\/\/diarioellabrador.cl\/#organization"},"potentialAction":[{"@type":"SearchAction","target":{"@type":"EntryPoint","urlTemplate":"https:\/\/diarioellabrador.cl\/?s={search_term_string}"},"query-input":{"@type":"PropertyValueSpecification","valueRequired":true,"valueName":"search_term_string"}}],"inLanguage":"es"},{"@type":"Organization","@id":"https:\/\/diarioellabrador.cl\/#organization","name":"Diario El Labrador","url":"https:\/\/diarioellabrador.cl\/","logo":{"@type":"ImageObject","inLanguage":"es","@id":"https:\/\/diarioellabrador.cl\/#\/schema\/logo\/image\/","url":"https:\/\/diarioellabrador.cl\/wp-content\/uploads\/2025\/02\/cropped-Logo-Icono.png","contentUrl":"https:\/\/diarioellabrador.cl\/wp-content\/uploads\/2025\/02\/cropped-Logo-Icono.png","width":512,"height":512,"caption":"Diario El Labrador"},"image":{"@id":"https:\/\/diarioellabrador.cl\/#\/schema\/logo\/image\/"},"sameAs":["https:\/\/web.facebook.com\/profile.php?id=61576120840621","https:\/\/x.com\/ElLabradorOf","https:\/\/www.instagram.com\/diarioellabradoroficial\/"]},{"@type":"Person","@id":"https:\/\/diarioellabrador.cl\/#\/schema\/person\/bc25ff80b4563f9c7f4bd7855df01685","name":"Editor","image":{"@type":"ImageObject","inLanguage":"es","@id":"https:\/\/secure.gravatar.com\/avatar\/109c326cf2be5c04f048c2c2a2b8b6ef44bf3d8d1d3d4c55d0ac40c4bc994684?s=96&d=mm&r=g","url":"https:\/\/secure.gravatar.com\/avatar\/109c326cf2be5c04f048c2c2a2b8b6ef44bf3d8d1d3d4c55d0ac40c4bc994684?s=96&d=mm&r=g","contentUrl":"https:\/\/secure.gravatar.com\/avatar\/109c326cf2be5c04f048c2c2a2b8b6ef44bf3d8d1d3d4c55d0ac40c4bc994684?s=96&d=mm&r=g","caption":"Editor"},"url":"https:\/\/diarioellabrador.cl\/index.php\/author\/editor\/"}]}},"_links":{"self":[{"href":"https:\/\/diarioellabrador.cl\/index.php\/wp-json\/wp\/v2\/posts\/14187","targetHints":{"allow":["GET"]}}],"collection":[{"href":"https:\/\/diarioellabrador.cl\/index.php\/wp-json\/wp\/v2\/posts"}],"about":[{"href":"https:\/\/diarioellabrador.cl\/index.php\/wp-json\/wp\/v2\/types\/post"}],"author":[{"embeddable":true,"href":"https:\/\/diarioellabrador.cl\/index.php\/wp-json\/wp\/v2\/users\/2"}],"replies":[{"embeddable":true,"href":"https:\/\/diarioellabrador.cl\/index.php\/wp-json\/wp\/v2\/comments?post=14187"}],"version-history":[{"count":1,"href":"https:\/\/diarioellabrador.cl\/index.php\/wp-json\/wp\/v2\/posts\/14187\/revisions"}],"predecessor-version":[{"id":14188,"href":"https:\/\/diarioellabrador.cl\/index.php\/wp-json\/wp\/v2\/posts\/14187\/revisions\/14188"}],"wp:featuredmedia":[{"embeddable":true,"href":"https:\/\/diarioellabrador.cl\/index.php\/wp-json\/wp\/v2\/media\/14153"}],"wp:attachment":[{"href":"https:\/\/diarioellabrador.cl\/index.php\/wp-json\/wp\/v2\/media?parent=14187"}],"wp:term":[{"taxonomy":"category","embeddable":true,"href":"https:\/\/diarioellabrador.cl\/index.php\/wp-json\/wp\/v2\/categories?post=14187"},{"taxonomy":"post_tag","embeddable":true,"href":"https:\/\/diarioellabrador.cl\/index.php\/wp-json\/wp\/v2\/tags?post=14187"}],"curies":[{"name":"wp","href":"https:\/\/api.w.org\/{rel}","templated":true}]}}