{"id":14185,"date":"2026-01-22T18:00:16","date_gmt":"2026-01-22T22:00:16","guid":{"rendered":"https:\/\/diarioellabrador.cl\/?p=14185"},"modified":"2026-01-22T18:00:18","modified_gmt":"2026-01-22T22:00:18","slug":"no-hablare-de-mi-pasado-lucero-evita-a-colo-colo-y-revela-que-zaldivia-lo-convencio-para-ir-a-la-u","status":"publish","type":"post","link":"https:\/\/diarioellabrador.cl\/index.php\/2026\/01\/22\/no-hablare-de-mi-pasado-lucero-evita-a-colo-colo-y-revela-que-zaldivia-lo-convencio-para-ir-a-la-u\/","title":{"rendered":"\u00abNo hablar\u00e9 de mi pasado\u00bb: Lucero evita a Colo Colo y revela que Zaldivia lo convenci\u00f3 para ir a La U"},"content":{"rendered":"\n<p>Este mi\u00e9rcoles, <strong>Juan Mart\u00edn Lucero<\/strong> fue presentado como nuevo refuerzo de <strong>La U<\/strong> y, como era de esperarse, fue imposible que no surgieran consultas sobre su llegada al CDA tras su pasado en el f\u00fatbol chileno como jugador del archirrival <strong>Colo Colo<\/strong>.<\/p>\n\n\n\n<p>En ese sentido, el argentino fue claro: <strong>\u201cNo voy a hablar de mi pasado, qued\u00f3 atr\u00e1s. Debo mi respeto a Universidad de Chile y no me pronunciar\u00e9 de otra cosa\u201d<\/strong>.<\/p>\n\n\n\n<p>Juan Mart\u00edn Lucero, de 34 a\u00f1os, prefiri\u00f3 enfocarse en su presente, agradeciendo al gerente deportivo de Azul Azul, Manuel Mayo, y tambi\u00e9n a su amigo y ex Colo Colo, Mat\u00edas Zaldivia.<\/p>\n\n\n\n<p>\u201cDesde que lleg\u00f3 a la U, me ha dicho que venga. Hablamos <strong>a mitad de a\u00f1o y me dijo que viniera en diciembre<\/strong>. Yo le respond\u00ed: \u2018ah\u00ed estar\u00e9\u2019\u201d, confes\u00f3.<\/p>\n\n\n\n<p>En ese sentido, el exjugador del Fortaleza brasile\u00f1o destac\u00f3 a su entrenador en La U, <strong>Francisco \u2018Paqui\u2019 Meneghini<\/strong>.<\/p>\n\n\n\n<p>\u201cPaqui me llam\u00f3, me demostr\u00f3 su inter\u00e9s, me explic\u00f3 lo que busca de m\u00ed. <strong>Han sido d\u00edas muy intensos<\/strong>\u201d, coment\u00f3 el trasandino, que ser\u00e1 este a\u00f1o una de las tres armas de ataque del elenco universitario junto a <strong>Eduardo Vargas<\/strong> y <strong>Octavio Rivero<\/strong>.<\/p>\n","protected":false},"excerpt":{"rendered":"<p>Este mi\u00e9rcoles, Juan Mart\u00edn Lucero fue presentado como nuevo refuerzo de La U y, como era de esperarse, fue imposible que no surgieran consultas sobre su llegada al CDA tras su pasado en el f\u00fatbol chileno como jugador del archirrival Colo Colo. En ese sentido, el argentino fue claro: \u201cNo voy a hablar de mi<\/p>\n<div class=\"read-more-wrapper\"><a class=\"read-more\" href=\"https:\/\/diarioellabrador.cl\/index.php\/2026\/01\/22\/no-hablare-de-mi-pasado-lucero-evita-a-colo-colo-y-revela-que-zaldivia-lo-convencio-para-ir-a-la-u\/\" title=\"Leer m\u00e1s\"> <span class=\"button \">Leer m\u00e1s<\/span><\/a><\/div>\n","protected":false},"author":2,"featured_media":14152,"comment_status":"open","ping_status":"open","sticky":false,"template":"","format":"standard","meta":{"footnotes":""},"categories":[4],"tags":[],"class_list":["post-14185","post","type-post","status-publish","format-standard","has-post-thumbnail","hentry","category-deportes"],"yoast_head":"<!-- This site is optimized with the Yoast SEO plugin v27.5 - https:\/\/yoast.com\/product\/yoast-seo-wordpress\/ -->\n<title>&quot;No hablar\u00e9 de mi pasado&quot;: Lucero evita a Colo Colo y revela que Zaldivia lo convenci\u00f3 para ir a La U - Diario El Labrador<\/title>\n<meta name=\"robots\" content=\"index, follow, max-snippet:-1, max-image-preview:large, max-video-preview:-1\" \/>\n<link rel=\"canonical\" href=\"https:\/\/diarioellabrador.cl\/index.php\/2026\/01\/22\/no-hablare-de-mi-pasado-lucero-evita-a-colo-colo-y-revela-que-zaldivia-lo-convencio-para-ir-a-la-u\/\" \/>\n<meta property=\"og:locale\" content=\"es_ES\" \/>\n<meta property=\"og:type\" content=\"article\" \/>\n<meta property=\"og:title\" content=\"&quot;No hablar\u00e9 de mi pasado&quot;: Lucero evita a Colo Colo y revela que Zaldivia lo convenci\u00f3 para ir a La U - Diario El Labrador\" \/>\n<meta property=\"og:description\" content=\"Este mi\u00e9rcoles, Juan Mart\u00edn Lucero fue presentado como nuevo refuerzo de La U y, como era de esperarse, fue imposible que no surgieran consultas sobre su llegada al CDA tras su pasado en el f\u00fatbol chileno como jugador del archirrival Colo Colo. En ese sentido, el argentino fue claro: \u201cNo voy a hablar de mi Leer m\u00e1s\" \/>\n<meta property=\"og:url\" content=\"https:\/\/diarioellabrador.cl\/index.php\/2026\/01\/22\/no-hablare-de-mi-pasado-lucero-evita-a-colo-colo-y-revela-que-zaldivia-lo-convencio-para-ir-a-la-u\/\" \/>\n<meta property=\"og:site_name\" content=\"Diario El Labrador\" \/>\n<meta property=\"article:publisher\" content=\"https:\/\/web.facebook.com\/profile.php?id=61576120840621\" \/>\n<meta property=\"article:published_time\" content=\"2026-01-22T22:00:16+00:00\" \/>\n<meta property=\"article:modified_time\" content=\"2026-01-22T22:00:18+00:00\" \/>\n<meta property=\"og:image\" content=\"https:\/\/diarioellabrador.cl\/wp-content\/uploads\/2026\/01\/No-hablare-de-mi-pasado-Lucero-evita-a-Colo-Colo-y-revela-que-Zaldivia-lo-convencio-para-ir-a-La-U.jpg\" \/>\n\t<meta property=\"og:image:width\" content=\"768\" \/>\n\t<meta property=\"og:image:height\" content=\"474\" \/>\n\t<meta property=\"og:image:type\" content=\"image\/jpeg\" \/>\n<meta name=\"author\" content=\"Editor\" \/>\n<meta name=\"twitter:card\" content=\"summary_large_image\" \/>\n<meta name=\"twitter:creator\" content=\"@ElLabradorOf\" \/>\n<meta name=\"twitter:site\" content=\"@ElLabradorOf\" \/>\n<meta name=\"twitter:label1\" content=\"Escrito por\" \/>\n\t<meta name=\"twitter:data1\" content=\"Editor\" \/>\n\t<meta name=\"twitter:label2\" content=\"Tiempo de lectura\" \/>\n\t<meta name=\"twitter:data2\" content=\"1 minuto\" \/>\n<script type=\"application\/ld+json\" class=\"yoast-schema-graph\">{\"@context\":\"https:\\\/\\\/schema.org\",\"@graph\":[{\"@type\":\"Article\",\"@id\":\"https:\\\/\\\/diarioellabrador.cl\\\/index.php\\\/2026\\\/01\\\/22\\\/no-hablare-de-mi-pasado-lucero-evita-a-colo-colo-y-revela-que-zaldivia-lo-convencio-para-ir-a-la-u\\\/#article\",\"isPartOf\":{\"@id\":\"https:\\\/\\\/diarioellabrador.cl\\\/index.php\\\/2026\\\/01\\\/22\\\/no-hablare-de-mi-pasado-lucero-evita-a-colo-colo-y-revela-que-zaldivia-lo-convencio-para-ir-a-la-u\\\/\"},\"author\":{\"name\":\"Editor\",\"@id\":\"https:\\\/\\\/diarioellabrador.cl\\\/#\\\/schema\\\/person\\\/bc25ff80b4563f9c7f4bd7855df01685\"},\"headline\":\"\u00abNo hablar\u00e9 de mi pasado\u00bb: Lucero evita a Colo Colo y revela que Zaldivia lo convenci\u00f3 para ir a La U\",\"datePublished\":\"2026-01-22T22:00:16+00:00\",\"dateModified\":\"2026-01-22T22:00:18+00:00\",\"mainEntityOfPage\":{\"@id\":\"https:\\\/\\\/diarioellabrador.cl\\\/index.php\\\/2026\\\/01\\\/22\\\/no-hablare-de-mi-pasado-lucero-evita-a-colo-colo-y-revela-que-zaldivia-lo-convencio-para-ir-a-la-u\\\/\"},\"wordCount\":226,\"commentCount\":0,\"publisher\":{\"@id\":\"https:\\\/\\\/diarioellabrador.cl\\\/#organization\"},\"image\":{\"@id\":\"https:\\\/\\\/diarioellabrador.cl\\\/index.php\\\/2026\\\/01\\\/22\\\/no-hablare-de-mi-pasado-lucero-evita-a-colo-colo-y-revela-que-zaldivia-lo-convencio-para-ir-a-la-u\\\/#primaryimage\"},\"thumbnailUrl\":\"https:\\\/\\\/diarioellabrador.cl\\\/wp-content\\\/uploads\\\/2026\\\/01\\\/No-hablare-de-mi-pasado-Lucero-evita-a-Colo-Colo-y-revela-que-Zaldivia-lo-convencio-para-ir-a-La-U.jpg\",\"articleSection\":[\"Deportes\"],\"inLanguage\":\"es\",\"potentialAction\":[{\"@type\":\"CommentAction\",\"name\":\"Comment\",\"target\":[\"https:\\\/\\\/diarioellabrador.cl\\\/index.php\\\/2026\\\/01\\\/22\\\/no-hablare-de-mi-pasado-lucero-evita-a-colo-colo-y-revela-que-zaldivia-lo-convencio-para-ir-a-la-u\\\/#respond\"]}]},{\"@type\":\"WebPage\",\"@id\":\"https:\\\/\\\/diarioellabrador.cl\\\/index.php\\\/2026\\\/01\\\/22\\\/no-hablare-de-mi-pasado-lucero-evita-a-colo-colo-y-revela-que-zaldivia-lo-convencio-para-ir-a-la-u\\\/\",\"url\":\"https:\\\/\\\/diarioellabrador.cl\\\/index.php\\\/2026\\\/01\\\/22\\\/no-hablare-de-mi-pasado-lucero-evita-a-colo-colo-y-revela-que-zaldivia-lo-convencio-para-ir-a-la-u\\\/\",\"name\":\"\\\"No hablar\u00e9 de mi pasado\\\": Lucero evita a Colo Colo y revela que Zaldivia lo convenci\u00f3 para ir a La U - Diario El Labrador\",\"isPartOf\":{\"@id\":\"https:\\\/\\\/diarioellabrador.cl\\\/#website\"},\"primaryImageOfPage\":{\"@id\":\"https:\\\/\\\/diarioellabrador.cl\\\/index.php\\\/2026\\\/01\\\/22\\\/no-hablare-de-mi-pasado-lucero-evita-a-colo-colo-y-revela-que-zaldivia-lo-convencio-para-ir-a-la-u\\\/#primaryimage\"},\"image\":{\"@id\":\"https:\\\/\\\/diarioellabrador.cl\\\/index.php\\\/2026\\\/01\\\/22\\\/no-hablare-de-mi-pasado-lucero-evita-a-colo-colo-y-revela-que-zaldivia-lo-convencio-para-ir-a-la-u\\\/#primaryimage\"},\"thumbnailUrl\":\"https:\\\/\\\/diarioellabrador.cl\\\/wp-content\\\/uploads\\\/2026\\\/01\\\/No-hablare-de-mi-pasado-Lucero-evita-a-Colo-Colo-y-revela-que-Zaldivia-lo-convencio-para-ir-a-La-U.jpg\",\"datePublished\":\"2026-01-22T22:00:16+00:00\",\"dateModified\":\"2026-01-22T22:00:18+00:00\",\"breadcrumb\":{\"@id\":\"https:\\\/\\\/diarioellabrador.cl\\\/index.php\\\/2026\\\/01\\\/22\\\/no-hablare-de-mi-pasado-lucero-evita-a-colo-colo-y-revela-que-zaldivia-lo-convencio-para-ir-a-la-u\\\/#breadcrumb\"},\"inLanguage\":\"es\",\"potentialAction\":[{\"@type\":\"ReadAction\",\"target\":[\"https:\\\/\\\/diarioellabrador.cl\\\/index.php\\\/2026\\\/01\\\/22\\\/no-hablare-de-mi-pasado-lucero-evita-a-colo-colo-y-revela-que-zaldivia-lo-convencio-para-ir-a-la-u\\\/\"]}]},{\"@type\":\"ImageObject\",\"inLanguage\":\"es\",\"@id\":\"https:\\\/\\\/diarioellabrador.cl\\\/index.php\\\/2026\\\/01\\\/22\\\/no-hablare-de-mi-pasado-lucero-evita-a-colo-colo-y-revela-que-zaldivia-lo-convencio-para-ir-a-la-u\\\/#primaryimage\",\"url\":\"https:\\\/\\\/diarioellabrador.cl\\\/wp-content\\\/uploads\\\/2026\\\/01\\\/No-hablare-de-mi-pasado-Lucero-evita-a-Colo-Colo-y-revela-que-Zaldivia-lo-convencio-para-ir-a-La-U.jpg\",\"contentUrl\":\"https:\\\/\\\/diarioellabrador.cl\\\/wp-content\\\/uploads\\\/2026\\\/01\\\/No-hablare-de-mi-pasado-Lucero-evita-a-Colo-Colo-y-revela-que-Zaldivia-lo-convencio-para-ir-a-La-U.jpg\",\"width\":768,\"height\":474},{\"@type\":\"BreadcrumbList\",\"@id\":\"https:\\\/\\\/diarioellabrador.cl\\\/index.php\\\/2026\\\/01\\\/22\\\/no-hablare-de-mi-pasado-lucero-evita-a-colo-colo-y-revela-que-zaldivia-lo-convencio-para-ir-a-la-u\\\/#breadcrumb\",\"itemListElement\":[{\"@type\":\"ListItem\",\"position\":1,\"name\":\"Portada\",\"item\":\"https:\\\/\\\/diarioellabrador.cl\\\/\"},{\"@type\":\"ListItem\",\"position\":2,\"name\":\"\u00abNo hablar\u00e9 de mi pasado\u00bb: Lucero evita a Colo Colo y revela que Zaldivia lo convenci\u00f3 para ir a La U\"}]},{\"@type\":\"WebSite\",\"@id\":\"https:\\\/\\\/diarioellabrador.cl\\\/#website\",\"url\":\"https:\\\/\\\/diarioellabrador.cl\\\/\",\"name\":\"Diario El Labrador\",\"description\":\"Haciendo noticia desde 1921\",\"publisher\":{\"@id\":\"https:\\\/\\\/diarioellabrador.cl\\\/#organization\"},\"potentialAction\":[{\"@type\":\"SearchAction\",\"target\":{\"@type\":\"EntryPoint\",\"urlTemplate\":\"https:\\\/\\\/diarioellabrador.cl\\\/?s={search_term_string}\"},\"query-input\":{\"@type\":\"PropertyValueSpecification\",\"valueRequired\":true,\"valueName\":\"search_term_string\"}}],\"inLanguage\":\"es\"},{\"@type\":\"Organization\",\"@id\":\"https:\\\/\\\/diarioellabrador.cl\\\/#organization\",\"name\":\"Diario El Labrador\",\"url\":\"https:\\\/\\\/diarioellabrador.cl\\\/\",\"logo\":{\"@type\":\"ImageObject\",\"inLanguage\":\"es\",\"@id\":\"https:\\\/\\\/diarioellabrador.cl\\\/#\\\/schema\\\/logo\\\/image\\\/\",\"url\":\"https:\\\/\\\/diarioellabrador.cl\\\/wp-content\\\/uploads\\\/2025\\\/02\\\/cropped-Logo-Icono.png\",\"contentUrl\":\"https:\\\/\\\/diarioellabrador.cl\\\/wp-content\\\/uploads\\\/2025\\\/02\\\/cropped-Logo-Icono.png\",\"width\":512,\"height\":512,\"caption\":\"Diario El Labrador\"},\"image\":{\"@id\":\"https:\\\/\\\/diarioellabrador.cl\\\/#\\\/schema\\\/logo\\\/image\\\/\"},\"sameAs\":[\"https:\\\/\\\/web.facebook.com\\\/profile.php?id=61576120840621\",\"https:\\\/\\\/x.com\\\/ElLabradorOf\",\"https:\\\/\\\/www.instagram.com\\\/diarioellabradoroficial\\\/\"]},{\"@type\":\"Person\",\"@id\":\"https:\\\/\\\/diarioellabrador.cl\\\/#\\\/schema\\\/person\\\/bc25ff80b4563f9c7f4bd7855df01685\",\"name\":\"Editor\",\"image\":{\"@type\":\"ImageObject\",\"inLanguage\":\"es\",\"@id\":\"https:\\\/\\\/secure.gravatar.com\\\/avatar\\\/109c326cf2be5c04f048c2c2a2b8b6ef44bf3d8d1d3d4c55d0ac40c4bc994684?s=96&d=mm&r=g\",\"url\":\"https:\\\/\\\/secure.gravatar.com\\\/avatar\\\/109c326cf2be5c04f048c2c2a2b8b6ef44bf3d8d1d3d4c55d0ac40c4bc994684?s=96&d=mm&r=g\",\"contentUrl\":\"https:\\\/\\\/secure.gravatar.com\\\/avatar\\\/109c326cf2be5c04f048c2c2a2b8b6ef44bf3d8d1d3d4c55d0ac40c4bc994684?s=96&d=mm&r=g\",\"caption\":\"Editor\"},\"url\":\"https:\\\/\\\/diarioellabrador.cl\\\/index.php\\\/author\\\/editor\\\/\"}]}<\/script>\n<!-- \/ Yoast SEO plugin. -->","yoast_head_json":{"title":"\"No hablar\u00e9 de mi pasado\": Lucero evita a Colo Colo y revela que Zaldivia lo convenci\u00f3 para ir a La U - Diario El Labrador","robots":{"index":"index","follow":"follow","max-snippet":"max-snippet:-1","max-image-preview":"max-image-preview:large","max-video-preview":"max-video-preview:-1"},"canonical":"https:\/\/diarioellabrador.cl\/index.php\/2026\/01\/22\/no-hablare-de-mi-pasado-lucero-evita-a-colo-colo-y-revela-que-zaldivia-lo-convencio-para-ir-a-la-u\/","og_locale":"es_ES","og_type":"article","og_title":"\"No hablar\u00e9 de mi pasado\": Lucero evita a Colo Colo y revela que Zaldivia lo convenci\u00f3 para ir a La U - Diario El Labrador","og_description":"Este mi\u00e9rcoles, Juan Mart\u00edn Lucero fue presentado como nuevo refuerzo de La U y, como era de esperarse, fue imposible que no surgieran consultas sobre su llegada al CDA tras su pasado en el f\u00fatbol chileno como jugador del archirrival Colo Colo. En ese sentido, el argentino fue claro: \u201cNo voy a hablar de mi Leer m\u00e1s","og_url":"https:\/\/diarioellabrador.cl\/index.php\/2026\/01\/22\/no-hablare-de-mi-pasado-lucero-evita-a-colo-colo-y-revela-que-zaldivia-lo-convencio-para-ir-a-la-u\/","og_site_name":"Diario El Labrador","article_publisher":"https:\/\/web.facebook.com\/profile.php?id=61576120840621","article_published_time":"2026-01-22T22:00:16+00:00","article_modified_time":"2026-01-22T22:00:18+00:00","og_image":[{"width":768,"height":474,"url":"https:\/\/diarioellabrador.cl\/wp-content\/uploads\/2026\/01\/No-hablare-de-mi-pasado-Lucero-evita-a-Colo-Colo-y-revela-que-Zaldivia-lo-convencio-para-ir-a-La-U.jpg","type":"image\/jpeg"}],"author":"Editor","twitter_card":"summary_large_image","twitter_creator":"@ElLabradorOf","twitter_site":"@ElLabradorOf","twitter_misc":{"Escrito por":"Editor","Tiempo de lectura":"1 minuto"},"schema":{"@context":"https:\/\/schema.org","@graph":[{"@type":"Article","@id":"https:\/\/diarioellabrador.cl\/index.php\/2026\/01\/22\/no-hablare-de-mi-pasado-lucero-evita-a-colo-colo-y-revela-que-zaldivia-lo-convencio-para-ir-a-la-u\/#article","isPartOf":{"@id":"https:\/\/diarioellabrador.cl\/index.php\/2026\/01\/22\/no-hablare-de-mi-pasado-lucero-evita-a-colo-colo-y-revela-que-zaldivia-lo-convencio-para-ir-a-la-u\/"},"author":{"name":"Editor","@id":"https:\/\/diarioellabrador.cl\/#\/schema\/person\/bc25ff80b4563f9c7f4bd7855df01685"},"headline":"\u00abNo hablar\u00e9 de mi pasado\u00bb: Lucero evita a Colo Colo y revela que Zaldivia lo convenci\u00f3 para ir a La U","datePublished":"2026-01-22T22:00:16+00:00","dateModified":"2026-01-22T22:00:18+00:00","mainEntityOfPage":{"@id":"https:\/\/diarioellabrador.cl\/index.php\/2026\/01\/22\/no-hablare-de-mi-pasado-lucero-evita-a-colo-colo-y-revela-que-zaldivia-lo-convencio-para-ir-a-la-u\/"},"wordCount":226,"commentCount":0,"publisher":{"@id":"https:\/\/diarioellabrador.cl\/#organization"},"image":{"@id":"https:\/\/diarioellabrador.cl\/index.php\/2026\/01\/22\/no-hablare-de-mi-pasado-lucero-evita-a-colo-colo-y-revela-que-zaldivia-lo-convencio-para-ir-a-la-u\/#primaryimage"},"thumbnailUrl":"https:\/\/diarioellabrador.cl\/wp-content\/uploads\/2026\/01\/No-hablare-de-mi-pasado-Lucero-evita-a-Colo-Colo-y-revela-que-Zaldivia-lo-convencio-para-ir-a-La-U.jpg","articleSection":["Deportes"],"inLanguage":"es","potentialAction":[{"@type":"CommentAction","name":"Comment","target":["https:\/\/diarioellabrador.cl\/index.php\/2026\/01\/22\/no-hablare-de-mi-pasado-lucero-evita-a-colo-colo-y-revela-que-zaldivia-lo-convencio-para-ir-a-la-u\/#respond"]}]},{"@type":"WebPage","@id":"https:\/\/diarioellabrador.cl\/index.php\/2026\/01\/22\/no-hablare-de-mi-pasado-lucero-evita-a-colo-colo-y-revela-que-zaldivia-lo-convencio-para-ir-a-la-u\/","url":"https:\/\/diarioellabrador.cl\/index.php\/2026\/01\/22\/no-hablare-de-mi-pasado-lucero-evita-a-colo-colo-y-revela-que-zaldivia-lo-convencio-para-ir-a-la-u\/","name":"\"No hablar\u00e9 de mi pasado\": Lucero evita a Colo Colo y revela que Zaldivia lo convenci\u00f3 para ir a La U - Diario El Labrador","isPartOf":{"@id":"https:\/\/diarioellabrador.cl\/#website"},"primaryImageOfPage":{"@id":"https:\/\/diarioellabrador.cl\/index.php\/2026\/01\/22\/no-hablare-de-mi-pasado-lucero-evita-a-colo-colo-y-revela-que-zaldivia-lo-convencio-para-ir-a-la-u\/#primaryimage"},"image":{"@id":"https:\/\/diarioellabrador.cl\/index.php\/2026\/01\/22\/no-hablare-de-mi-pasado-lucero-evita-a-colo-colo-y-revela-que-zaldivia-lo-convencio-para-ir-a-la-u\/#primaryimage"},"thumbnailUrl":"https:\/\/diarioellabrador.cl\/wp-content\/uploads\/2026\/01\/No-hablare-de-mi-pasado-Lucero-evita-a-Colo-Colo-y-revela-que-Zaldivia-lo-convencio-para-ir-a-La-U.jpg","datePublished":"2026-01-22T22:00:16+00:00","dateModified":"2026-01-22T22:00:18+00:00","breadcrumb":{"@id":"https:\/\/diarioellabrador.cl\/index.php\/2026\/01\/22\/no-hablare-de-mi-pasado-lucero-evita-a-colo-colo-y-revela-que-zaldivia-lo-convencio-para-ir-a-la-u\/#breadcrumb"},"inLanguage":"es","potentialAction":[{"@type":"ReadAction","target":["https:\/\/diarioellabrador.cl\/index.php\/2026\/01\/22\/no-hablare-de-mi-pasado-lucero-evita-a-colo-colo-y-revela-que-zaldivia-lo-convencio-para-ir-a-la-u\/"]}]},{"@type":"ImageObject","inLanguage":"es","@id":"https:\/\/diarioellabrador.cl\/index.php\/2026\/01\/22\/no-hablare-de-mi-pasado-lucero-evita-a-colo-colo-y-revela-que-zaldivia-lo-convencio-para-ir-a-la-u\/#primaryimage","url":"https:\/\/diarioellabrador.cl\/wp-content\/uploads\/2026\/01\/No-hablare-de-mi-pasado-Lucero-evita-a-Colo-Colo-y-revela-que-Zaldivia-lo-convencio-para-ir-a-La-U.jpg","contentUrl":"https:\/\/diarioellabrador.cl\/wp-content\/uploads\/2026\/01\/No-hablare-de-mi-pasado-Lucero-evita-a-Colo-Colo-y-revela-que-Zaldivia-lo-convencio-para-ir-a-La-U.jpg","width":768,"height":474},{"@type":"BreadcrumbList","@id":"https:\/\/diarioellabrador.cl\/index.php\/2026\/01\/22\/no-hablare-de-mi-pasado-lucero-evita-a-colo-colo-y-revela-que-zaldivia-lo-convencio-para-ir-a-la-u\/#breadcrumb","itemListElement":[{"@type":"ListItem","position":1,"name":"Portada","item":"https:\/\/diarioellabrador.cl\/"},{"@type":"ListItem","position":2,"name":"\u00abNo hablar\u00e9 de mi pasado\u00bb: Lucero evita a Colo Colo y revela que Zaldivia lo convenci\u00f3 para ir a La U"}]},{"@type":"WebSite","@id":"https:\/\/diarioellabrador.cl\/#website","url":"https:\/\/diarioellabrador.cl\/","name":"Diario El Labrador","description":"Haciendo noticia desde 1921","publisher":{"@id":"https:\/\/diarioellabrador.cl\/#organization"},"potentialAction":[{"@type":"SearchAction","target":{"@type":"EntryPoint","urlTemplate":"https:\/\/diarioellabrador.cl\/?s={search_term_string}"},"query-input":{"@type":"PropertyValueSpecification","valueRequired":true,"valueName":"search_term_string"}}],"inLanguage":"es"},{"@type":"Organization","@id":"https:\/\/diarioellabrador.cl\/#organization","name":"Diario El Labrador","url":"https:\/\/diarioellabrador.cl\/","logo":{"@type":"ImageObject","inLanguage":"es","@id":"https:\/\/diarioellabrador.cl\/#\/schema\/logo\/image\/","url":"https:\/\/diarioellabrador.cl\/wp-content\/uploads\/2025\/02\/cropped-Logo-Icono.png","contentUrl":"https:\/\/diarioellabrador.cl\/wp-content\/uploads\/2025\/02\/cropped-Logo-Icono.png","width":512,"height":512,"caption":"Diario El Labrador"},"image":{"@id":"https:\/\/diarioellabrador.cl\/#\/schema\/logo\/image\/"},"sameAs":["https:\/\/web.facebook.com\/profile.php?id=61576120840621","https:\/\/x.com\/ElLabradorOf","https:\/\/www.instagram.com\/diarioellabradoroficial\/"]},{"@type":"Person","@id":"https:\/\/diarioellabrador.cl\/#\/schema\/person\/bc25ff80b4563f9c7f4bd7855df01685","name":"Editor","image":{"@type":"ImageObject","inLanguage":"es","@id":"https:\/\/secure.gravatar.com\/avatar\/109c326cf2be5c04f048c2c2a2b8b6ef44bf3d8d1d3d4c55d0ac40c4bc994684?s=96&d=mm&r=g","url":"https:\/\/secure.gravatar.com\/avatar\/109c326cf2be5c04f048c2c2a2b8b6ef44bf3d8d1d3d4c55d0ac40c4bc994684?s=96&d=mm&r=g","contentUrl":"https:\/\/secure.gravatar.com\/avatar\/109c326cf2be5c04f048c2c2a2b8b6ef44bf3d8d1d3d4c55d0ac40c4bc994684?s=96&d=mm&r=g","caption":"Editor"},"url":"https:\/\/diarioellabrador.cl\/index.php\/author\/editor\/"}]}},"_links":{"self":[{"href":"https:\/\/diarioellabrador.cl\/index.php\/wp-json\/wp\/v2\/posts\/14185","targetHints":{"allow":["GET"]}}],"collection":[{"href":"https:\/\/diarioellabrador.cl\/index.php\/wp-json\/wp\/v2\/posts"}],"about":[{"href":"https:\/\/diarioellabrador.cl\/index.php\/wp-json\/wp\/v2\/types\/post"}],"author":[{"embeddable":true,"href":"https:\/\/diarioellabrador.cl\/index.php\/wp-json\/wp\/v2\/users\/2"}],"replies":[{"embeddable":true,"href":"https:\/\/diarioellabrador.cl\/index.php\/wp-json\/wp\/v2\/comments?post=14185"}],"version-history":[{"count":1,"href":"https:\/\/diarioellabrador.cl\/index.php\/wp-json\/wp\/v2\/posts\/14185\/revisions"}],"predecessor-version":[{"id":14186,"href":"https:\/\/diarioellabrador.cl\/index.php\/wp-json\/wp\/v2\/posts\/14185\/revisions\/14186"}],"wp:featuredmedia":[{"embeddable":true,"href":"https:\/\/diarioellabrador.cl\/index.php\/wp-json\/wp\/v2\/media\/14152"}],"wp:attachment":[{"href":"https:\/\/diarioellabrador.cl\/index.php\/wp-json\/wp\/v2\/media?parent=14185"}],"wp:term":[{"taxonomy":"category","embeddable":true,"href":"https:\/\/diarioellabrador.cl\/index.php\/wp-json\/wp\/v2\/categories?post=14185"},{"taxonomy":"post_tag","embeddable":true,"href":"https:\/\/diarioellabrador.cl\/index.php\/wp-json\/wp\/v2\/tags?post=14185"}],"curies":[{"name":"wp","href":"https:\/\/api.w.org\/{rel}","templated":true}]}}