{"id":14181,"date":"2026-01-22T17:58:59","date_gmt":"2026-01-22T21:58:59","guid":{"rendered":"https:\/\/diarioellabrador.cl\/?p=14181"},"modified":"2026-01-22T22:18:14","modified_gmt":"2026-01-23T02:18:14","slug":"casa-de-socorro-hospital-de-curacavi-siglo-xx","status":"publish","type":"post","link":"https:\/\/diarioellabrador.cl\/index.php\/2026\/01\/22\/casa-de-socorro-hospital-de-curacavi-siglo-xx\/","title":{"rendered":"Casa de Socorro, Hospital de Curacav\u00ed, siglo XX."},"content":{"rendered":"\n<p>Durante gran parte del siglo XX, la atenci\u00f3n de salud en las comunas rurales de Chile se sostuvo gracias a una red de espacios asistenciales de car\u00e1cter local, modestos en infraestructura, pero fundamentales para la vida cotidiana de sus habitantes. En ese contexto, las Casas de Socorro cumplieron un rol esencial como primeros centros de auxilio, atenci\u00f3n de urgencias y apoyo sanitario en territorios alejados de los grandes hospitales.<\/p>\n\n\n\n<p>En localidades como Curacav\u00ed, estas dependencias funcionaron como el principal punto de referencia para enfrentar enfermedades, accidentes dom\u00e9sticos, emergencias agr\u00edcolas y situaciones cr\u00edticas en una \u00e9poca marcada por caminos precarios, transporte limitado y escasa cobertura m\u00e9dica especializada. Su existencia permiti\u00f3 acercar la salud a la comunidad, fortaleciendo una atenci\u00f3n basada en la proximidad, el conocimiento del territorio y el v\u00ednculo directo con las familias.<\/p>\n\n\n\n<p>Estas instituciones tambi\u00e9n reflejan una etapa clave en la historia de la salud p\u00fablica chilena, previa a la consolidaci\u00f3n de los sistemas hospitalarios modernos y a la expansi\u00f3n de los servicios estatales de atenci\u00f3n primaria. En ellas confluyeron pr\u00e1cticas m\u00e9dicas tradicionales, saberes locales y una fuerte vocaci\u00f3n de servicio, muchas veces sostenida por el compromiso de funcionarios, religiosos y voluntarios.<\/p>\n\n\n\n<p>La Casa de Socorro de Curacav\u00ed representa as\u00ed un testimonio del esfuerzo comunitario por resguardar el bienestar colectivo, y da cuenta de una forma de organizaci\u00f3n sanitaria que, aunque austera, result\u00f3 vital para el desarrollo social y humano de la comuna durante buena parte del siglo pasado.<\/p>\n","protected":false},"excerpt":{"rendered":"<p>Durante gran parte del siglo XX, la atenci\u00f3n de salud en las comunas rurales de Chile se sostuvo gracias a una red de espacios asistenciales de car\u00e1cter local, modestos en infraestructura, pero fundamentales para la vida cotidiana de sus habitantes. En ese contexto, las Casas de Socorro cumplieron un rol esencial como primeros centros de<\/p>\n<div class=\"read-more-wrapper\"><a class=\"read-more\" href=\"https:\/\/diarioellabrador.cl\/index.php\/2026\/01\/22\/casa-de-socorro-hospital-de-curacavi-siglo-xx\/\" title=\"Leer m\u00e1s\"> <span class=\"button \">Leer m\u00e1s<\/span><\/a><\/div>\n","protected":false},"author":2,"featured_media":14154,"comment_status":"open","ping_status":"open","sticky":false,"template":"","format":"standard","meta":{"footnotes":""},"categories":[10],"tags":[],"class_list":["post-14181","post","type-post","status-publish","format-standard","has-post-thumbnail","hentry","category-fotohistorica"],"yoast_head":"<!-- This site is optimized with the Yoast SEO plugin v27.5 - https:\/\/yoast.com\/product\/yoast-seo-wordpress\/ -->\n<title>Casa de Socorro, Hospital de Curacav\u00ed, siglo XX. - Diario El Labrador<\/title>\n<meta name=\"robots\" content=\"index, follow, max-snippet:-1, max-image-preview:large, max-video-preview:-1\" \/>\n<link rel=\"canonical\" href=\"https:\/\/diarioellabrador.cl\/index.php\/2026\/01\/22\/casa-de-socorro-hospital-de-curacavi-siglo-xx\/\" \/>\n<meta property=\"og:locale\" content=\"es_ES\" \/>\n<meta property=\"og:type\" content=\"article\" \/>\n<meta property=\"og:title\" content=\"Casa de Socorro, Hospital de Curacav\u00ed, siglo XX. - Diario El Labrador\" \/>\n<meta property=\"og:description\" content=\"Durante gran parte del siglo XX, la atenci\u00f3n de salud en las comunas rurales de Chile se sostuvo gracias a una red de espacios asistenciales de car\u00e1cter local, modestos en infraestructura, pero fundamentales para la vida cotidiana de sus habitantes. En ese contexto, las Casas de Socorro cumplieron un rol esencial como primeros centros de Leer m\u00e1s\" \/>\n<meta property=\"og:url\" content=\"https:\/\/diarioellabrador.cl\/index.php\/2026\/01\/22\/casa-de-socorro-hospital-de-curacavi-siglo-xx\/\" \/>\n<meta property=\"og:site_name\" content=\"Diario El Labrador\" \/>\n<meta property=\"article:publisher\" content=\"https:\/\/web.facebook.com\/profile.php?id=61576120840621\" \/>\n<meta property=\"article:published_time\" content=\"2026-01-22T21:58:59+00:00\" \/>\n<meta property=\"article:modified_time\" content=\"2026-01-23T02:18:14+00:00\" \/>\n<meta property=\"og:image\" content=\"https:\/\/diarioellabrador.cl\/wp-content\/uploads\/2026\/01\/FOTO-HISTORICA-23-01-2026.jpg\" \/>\n\t<meta property=\"og:image:width\" content=\"521\" \/>\n\t<meta property=\"og:image:height\" content=\"373\" \/>\n\t<meta property=\"og:image:type\" content=\"image\/jpeg\" \/>\n<meta name=\"author\" content=\"Editor\" \/>\n<meta name=\"twitter:card\" content=\"summary_large_image\" \/>\n<meta name=\"twitter:creator\" content=\"@ElLabradorOf\" \/>\n<meta name=\"twitter:site\" content=\"@ElLabradorOf\" \/>\n<meta name=\"twitter:label1\" content=\"Escrito por\" \/>\n\t<meta name=\"twitter:data1\" content=\"Editor\" \/>\n\t<meta name=\"twitter:label2\" content=\"Tiempo de lectura\" \/>\n\t<meta name=\"twitter:data2\" content=\"2 minutos\" \/>\n<script type=\"application\/ld+json\" class=\"yoast-schema-graph\">{\"@context\":\"https:\\\/\\\/schema.org\",\"@graph\":[{\"@type\":\"Article\",\"@id\":\"https:\\\/\\\/diarioellabrador.cl\\\/index.php\\\/2026\\\/01\\\/22\\\/casa-de-socorro-hospital-de-curacavi-siglo-xx\\\/#article\",\"isPartOf\":{\"@id\":\"https:\\\/\\\/diarioellabrador.cl\\\/index.php\\\/2026\\\/01\\\/22\\\/casa-de-socorro-hospital-de-curacavi-siglo-xx\\\/\"},\"author\":{\"name\":\"Editor\",\"@id\":\"https:\\\/\\\/diarioellabrador.cl\\\/#\\\/schema\\\/person\\\/bc25ff80b4563f9c7f4bd7855df01685\"},\"headline\":\"Casa de Socorro, Hospital de Curacav\u00ed, siglo XX.\",\"datePublished\":\"2026-01-22T21:58:59+00:00\",\"dateModified\":\"2026-01-23T02:18:14+00:00\",\"mainEntityOfPage\":{\"@id\":\"https:\\\/\\\/diarioellabrador.cl\\\/index.php\\\/2026\\\/01\\\/22\\\/casa-de-socorro-hospital-de-curacavi-siglo-xx\\\/\"},\"wordCount\":266,\"commentCount\":0,\"publisher\":{\"@id\":\"https:\\\/\\\/diarioellabrador.cl\\\/#organization\"},\"image\":{\"@id\":\"https:\\\/\\\/diarioellabrador.cl\\\/index.php\\\/2026\\\/01\\\/22\\\/casa-de-socorro-hospital-de-curacavi-siglo-xx\\\/#primaryimage\"},\"thumbnailUrl\":\"https:\\\/\\\/diarioellabrador.cl\\\/wp-content\\\/uploads\\\/2026\\\/01\\\/FOTO-HISTORICA-23-01-2026.jpg\",\"articleSection\":[\"Foto Hist\u00f3rica\"],\"inLanguage\":\"es\",\"potentialAction\":[{\"@type\":\"CommentAction\",\"name\":\"Comment\",\"target\":[\"https:\\\/\\\/diarioellabrador.cl\\\/index.php\\\/2026\\\/01\\\/22\\\/casa-de-socorro-hospital-de-curacavi-siglo-xx\\\/#respond\"]}]},{\"@type\":\"WebPage\",\"@id\":\"https:\\\/\\\/diarioellabrador.cl\\\/index.php\\\/2026\\\/01\\\/22\\\/casa-de-socorro-hospital-de-curacavi-siglo-xx\\\/\",\"url\":\"https:\\\/\\\/diarioellabrador.cl\\\/index.php\\\/2026\\\/01\\\/22\\\/casa-de-socorro-hospital-de-curacavi-siglo-xx\\\/\",\"name\":\"Casa de Socorro, Hospital de Curacav\u00ed, siglo XX. - Diario El Labrador\",\"isPartOf\":{\"@id\":\"https:\\\/\\\/diarioellabrador.cl\\\/#website\"},\"primaryImageOfPage\":{\"@id\":\"https:\\\/\\\/diarioellabrador.cl\\\/index.php\\\/2026\\\/01\\\/22\\\/casa-de-socorro-hospital-de-curacavi-siglo-xx\\\/#primaryimage\"},\"image\":{\"@id\":\"https:\\\/\\\/diarioellabrador.cl\\\/index.php\\\/2026\\\/01\\\/22\\\/casa-de-socorro-hospital-de-curacavi-siglo-xx\\\/#primaryimage\"},\"thumbnailUrl\":\"https:\\\/\\\/diarioellabrador.cl\\\/wp-content\\\/uploads\\\/2026\\\/01\\\/FOTO-HISTORICA-23-01-2026.jpg\",\"datePublished\":\"2026-01-22T21:58:59+00:00\",\"dateModified\":\"2026-01-23T02:18:14+00:00\",\"breadcrumb\":{\"@id\":\"https:\\\/\\\/diarioellabrador.cl\\\/index.php\\\/2026\\\/01\\\/22\\\/casa-de-socorro-hospital-de-curacavi-siglo-xx\\\/#breadcrumb\"},\"inLanguage\":\"es\",\"potentialAction\":[{\"@type\":\"ReadAction\",\"target\":[\"https:\\\/\\\/diarioellabrador.cl\\\/index.php\\\/2026\\\/01\\\/22\\\/casa-de-socorro-hospital-de-curacavi-siglo-xx\\\/\"]}]},{\"@type\":\"ImageObject\",\"inLanguage\":\"es\",\"@id\":\"https:\\\/\\\/diarioellabrador.cl\\\/index.php\\\/2026\\\/01\\\/22\\\/casa-de-socorro-hospital-de-curacavi-siglo-xx\\\/#primaryimage\",\"url\":\"https:\\\/\\\/diarioellabrador.cl\\\/wp-content\\\/uploads\\\/2026\\\/01\\\/FOTO-HISTORICA-23-01-2026.jpg\",\"contentUrl\":\"https:\\\/\\\/diarioellabrador.cl\\\/wp-content\\\/uploads\\\/2026\\\/01\\\/FOTO-HISTORICA-23-01-2026.jpg\",\"width\":521,\"height\":373},{\"@type\":\"BreadcrumbList\",\"@id\":\"https:\\\/\\\/diarioellabrador.cl\\\/index.php\\\/2026\\\/01\\\/22\\\/casa-de-socorro-hospital-de-curacavi-siglo-xx\\\/#breadcrumb\",\"itemListElement\":[{\"@type\":\"ListItem\",\"position\":1,\"name\":\"Portada\",\"item\":\"https:\\\/\\\/diarioellabrador.cl\\\/\"},{\"@type\":\"ListItem\",\"position\":2,\"name\":\"Casa de Socorro, Hospital de Curacav\u00ed, siglo XX.\"}]},{\"@type\":\"WebSite\",\"@id\":\"https:\\\/\\\/diarioellabrador.cl\\\/#website\",\"url\":\"https:\\\/\\\/diarioellabrador.cl\\\/\",\"name\":\"Diario El Labrador\",\"description\":\"Haciendo noticia desde 1921\",\"publisher\":{\"@id\":\"https:\\\/\\\/diarioellabrador.cl\\\/#organization\"},\"potentialAction\":[{\"@type\":\"SearchAction\",\"target\":{\"@type\":\"EntryPoint\",\"urlTemplate\":\"https:\\\/\\\/diarioellabrador.cl\\\/?s={search_term_string}\"},\"query-input\":{\"@type\":\"PropertyValueSpecification\",\"valueRequired\":true,\"valueName\":\"search_term_string\"}}],\"inLanguage\":\"es\"},{\"@type\":\"Organization\",\"@id\":\"https:\\\/\\\/diarioellabrador.cl\\\/#organization\",\"name\":\"Diario El Labrador\",\"url\":\"https:\\\/\\\/diarioellabrador.cl\\\/\",\"logo\":{\"@type\":\"ImageObject\",\"inLanguage\":\"es\",\"@id\":\"https:\\\/\\\/diarioellabrador.cl\\\/#\\\/schema\\\/logo\\\/image\\\/\",\"url\":\"https:\\\/\\\/diarioellabrador.cl\\\/wp-content\\\/uploads\\\/2025\\\/02\\\/cropped-Logo-Icono.png\",\"contentUrl\":\"https:\\\/\\\/diarioellabrador.cl\\\/wp-content\\\/uploads\\\/2025\\\/02\\\/cropped-Logo-Icono.png\",\"width\":512,\"height\":512,\"caption\":\"Diario El Labrador\"},\"image\":{\"@id\":\"https:\\\/\\\/diarioellabrador.cl\\\/#\\\/schema\\\/logo\\\/image\\\/\"},\"sameAs\":[\"https:\\\/\\\/web.facebook.com\\\/profile.php?id=61576120840621\",\"https:\\\/\\\/x.com\\\/ElLabradorOf\",\"https:\\\/\\\/www.instagram.com\\\/diarioellabradoroficial\\\/\"]},{\"@type\":\"Person\",\"@id\":\"https:\\\/\\\/diarioellabrador.cl\\\/#\\\/schema\\\/person\\\/bc25ff80b4563f9c7f4bd7855df01685\",\"name\":\"Editor\",\"image\":{\"@type\":\"ImageObject\",\"inLanguage\":\"es\",\"@id\":\"https:\\\/\\\/secure.gravatar.com\\\/avatar\\\/109c326cf2be5c04f048c2c2a2b8b6ef44bf3d8d1d3d4c55d0ac40c4bc994684?s=96&d=mm&r=g\",\"url\":\"https:\\\/\\\/secure.gravatar.com\\\/avatar\\\/109c326cf2be5c04f048c2c2a2b8b6ef44bf3d8d1d3d4c55d0ac40c4bc994684?s=96&d=mm&r=g\",\"contentUrl\":\"https:\\\/\\\/secure.gravatar.com\\\/avatar\\\/109c326cf2be5c04f048c2c2a2b8b6ef44bf3d8d1d3d4c55d0ac40c4bc994684?s=96&d=mm&r=g\",\"caption\":\"Editor\"},\"url\":\"https:\\\/\\\/diarioellabrador.cl\\\/index.php\\\/author\\\/editor\\\/\"}]}<\/script>\n<!-- \/ Yoast SEO plugin. -->","yoast_head_json":{"title":"Casa de Socorro, Hospital de Curacav\u00ed, siglo XX. - Diario El Labrador","robots":{"index":"index","follow":"follow","max-snippet":"max-snippet:-1","max-image-preview":"max-image-preview:large","max-video-preview":"max-video-preview:-1"},"canonical":"https:\/\/diarioellabrador.cl\/index.php\/2026\/01\/22\/casa-de-socorro-hospital-de-curacavi-siglo-xx\/","og_locale":"es_ES","og_type":"article","og_title":"Casa de Socorro, Hospital de Curacav\u00ed, siglo XX. - Diario El Labrador","og_description":"Durante gran parte del siglo XX, la atenci\u00f3n de salud en las comunas rurales de Chile se sostuvo gracias a una red de espacios asistenciales de car\u00e1cter local, modestos en infraestructura, pero fundamentales para la vida cotidiana de sus habitantes. En ese contexto, las Casas de Socorro cumplieron un rol esencial como primeros centros de Leer m\u00e1s","og_url":"https:\/\/diarioellabrador.cl\/index.php\/2026\/01\/22\/casa-de-socorro-hospital-de-curacavi-siglo-xx\/","og_site_name":"Diario El Labrador","article_publisher":"https:\/\/web.facebook.com\/profile.php?id=61576120840621","article_published_time":"2026-01-22T21:58:59+00:00","article_modified_time":"2026-01-23T02:18:14+00:00","og_image":[{"width":521,"height":373,"url":"https:\/\/diarioellabrador.cl\/wp-content\/uploads\/2026\/01\/FOTO-HISTORICA-23-01-2026.jpg","type":"image\/jpeg"}],"author":"Editor","twitter_card":"summary_large_image","twitter_creator":"@ElLabradorOf","twitter_site":"@ElLabradorOf","twitter_misc":{"Escrito por":"Editor","Tiempo de lectura":"2 minutos"},"schema":{"@context":"https:\/\/schema.org","@graph":[{"@type":"Article","@id":"https:\/\/diarioellabrador.cl\/index.php\/2026\/01\/22\/casa-de-socorro-hospital-de-curacavi-siglo-xx\/#article","isPartOf":{"@id":"https:\/\/diarioellabrador.cl\/index.php\/2026\/01\/22\/casa-de-socorro-hospital-de-curacavi-siglo-xx\/"},"author":{"name":"Editor","@id":"https:\/\/diarioellabrador.cl\/#\/schema\/person\/bc25ff80b4563f9c7f4bd7855df01685"},"headline":"Casa de Socorro, Hospital de Curacav\u00ed, siglo XX.","datePublished":"2026-01-22T21:58:59+00:00","dateModified":"2026-01-23T02:18:14+00:00","mainEntityOfPage":{"@id":"https:\/\/diarioellabrador.cl\/index.php\/2026\/01\/22\/casa-de-socorro-hospital-de-curacavi-siglo-xx\/"},"wordCount":266,"commentCount":0,"publisher":{"@id":"https:\/\/diarioellabrador.cl\/#organization"},"image":{"@id":"https:\/\/diarioellabrador.cl\/index.php\/2026\/01\/22\/casa-de-socorro-hospital-de-curacavi-siglo-xx\/#primaryimage"},"thumbnailUrl":"https:\/\/diarioellabrador.cl\/wp-content\/uploads\/2026\/01\/FOTO-HISTORICA-23-01-2026.jpg","articleSection":["Foto Hist\u00f3rica"],"inLanguage":"es","potentialAction":[{"@type":"CommentAction","name":"Comment","target":["https:\/\/diarioellabrador.cl\/index.php\/2026\/01\/22\/casa-de-socorro-hospital-de-curacavi-siglo-xx\/#respond"]}]},{"@type":"WebPage","@id":"https:\/\/diarioellabrador.cl\/index.php\/2026\/01\/22\/casa-de-socorro-hospital-de-curacavi-siglo-xx\/","url":"https:\/\/diarioellabrador.cl\/index.php\/2026\/01\/22\/casa-de-socorro-hospital-de-curacavi-siglo-xx\/","name":"Casa de Socorro, Hospital de Curacav\u00ed, siglo XX. - Diario El Labrador","isPartOf":{"@id":"https:\/\/diarioellabrador.cl\/#website"},"primaryImageOfPage":{"@id":"https:\/\/diarioellabrador.cl\/index.php\/2026\/01\/22\/casa-de-socorro-hospital-de-curacavi-siglo-xx\/#primaryimage"},"image":{"@id":"https:\/\/diarioellabrador.cl\/index.php\/2026\/01\/22\/casa-de-socorro-hospital-de-curacavi-siglo-xx\/#primaryimage"},"thumbnailUrl":"https:\/\/diarioellabrador.cl\/wp-content\/uploads\/2026\/01\/FOTO-HISTORICA-23-01-2026.jpg","datePublished":"2026-01-22T21:58:59+00:00","dateModified":"2026-01-23T02:18:14+00:00","breadcrumb":{"@id":"https:\/\/diarioellabrador.cl\/index.php\/2026\/01\/22\/casa-de-socorro-hospital-de-curacavi-siglo-xx\/#breadcrumb"},"inLanguage":"es","potentialAction":[{"@type":"ReadAction","target":["https:\/\/diarioellabrador.cl\/index.php\/2026\/01\/22\/casa-de-socorro-hospital-de-curacavi-siglo-xx\/"]}]},{"@type":"ImageObject","inLanguage":"es","@id":"https:\/\/diarioellabrador.cl\/index.php\/2026\/01\/22\/casa-de-socorro-hospital-de-curacavi-siglo-xx\/#primaryimage","url":"https:\/\/diarioellabrador.cl\/wp-content\/uploads\/2026\/01\/FOTO-HISTORICA-23-01-2026.jpg","contentUrl":"https:\/\/diarioellabrador.cl\/wp-content\/uploads\/2026\/01\/FOTO-HISTORICA-23-01-2026.jpg","width":521,"height":373},{"@type":"BreadcrumbList","@id":"https:\/\/diarioellabrador.cl\/index.php\/2026\/01\/22\/casa-de-socorro-hospital-de-curacavi-siglo-xx\/#breadcrumb","itemListElement":[{"@type":"ListItem","position":1,"name":"Portada","item":"https:\/\/diarioellabrador.cl\/"},{"@type":"ListItem","position":2,"name":"Casa de Socorro, Hospital de Curacav\u00ed, siglo XX."}]},{"@type":"WebSite","@id":"https:\/\/diarioellabrador.cl\/#website","url":"https:\/\/diarioellabrador.cl\/","name":"Diario El Labrador","description":"Haciendo noticia desde 1921","publisher":{"@id":"https:\/\/diarioellabrador.cl\/#organization"},"potentialAction":[{"@type":"SearchAction","target":{"@type":"EntryPoint","urlTemplate":"https:\/\/diarioellabrador.cl\/?s={search_term_string}"},"query-input":{"@type":"PropertyValueSpecification","valueRequired":true,"valueName":"search_term_string"}}],"inLanguage":"es"},{"@type":"Organization","@id":"https:\/\/diarioellabrador.cl\/#organization","name":"Diario El Labrador","url":"https:\/\/diarioellabrador.cl\/","logo":{"@type":"ImageObject","inLanguage":"es","@id":"https:\/\/diarioellabrador.cl\/#\/schema\/logo\/image\/","url":"https:\/\/diarioellabrador.cl\/wp-content\/uploads\/2025\/02\/cropped-Logo-Icono.png","contentUrl":"https:\/\/diarioellabrador.cl\/wp-content\/uploads\/2025\/02\/cropped-Logo-Icono.png","width":512,"height":512,"caption":"Diario El Labrador"},"image":{"@id":"https:\/\/diarioellabrador.cl\/#\/schema\/logo\/image\/"},"sameAs":["https:\/\/web.facebook.com\/profile.php?id=61576120840621","https:\/\/x.com\/ElLabradorOf","https:\/\/www.instagram.com\/diarioellabradoroficial\/"]},{"@type":"Person","@id":"https:\/\/diarioellabrador.cl\/#\/schema\/person\/bc25ff80b4563f9c7f4bd7855df01685","name":"Editor","image":{"@type":"ImageObject","inLanguage":"es","@id":"https:\/\/secure.gravatar.com\/avatar\/109c326cf2be5c04f048c2c2a2b8b6ef44bf3d8d1d3d4c55d0ac40c4bc994684?s=96&d=mm&r=g","url":"https:\/\/secure.gravatar.com\/avatar\/109c326cf2be5c04f048c2c2a2b8b6ef44bf3d8d1d3d4c55d0ac40c4bc994684?s=96&d=mm&r=g","contentUrl":"https:\/\/secure.gravatar.com\/avatar\/109c326cf2be5c04f048c2c2a2b8b6ef44bf3d8d1d3d4c55d0ac40c4bc994684?s=96&d=mm&r=g","caption":"Editor"},"url":"https:\/\/diarioellabrador.cl\/index.php\/author\/editor\/"}]}},"_links":{"self":[{"href":"https:\/\/diarioellabrador.cl\/index.php\/wp-json\/wp\/v2\/posts\/14181","targetHints":{"allow":["GET"]}}],"collection":[{"href":"https:\/\/diarioellabrador.cl\/index.php\/wp-json\/wp\/v2\/posts"}],"about":[{"href":"https:\/\/diarioellabrador.cl\/index.php\/wp-json\/wp\/v2\/types\/post"}],"author":[{"embeddable":true,"href":"https:\/\/diarioellabrador.cl\/index.php\/wp-json\/wp\/v2\/users\/2"}],"replies":[{"embeddable":true,"href":"https:\/\/diarioellabrador.cl\/index.php\/wp-json\/wp\/v2\/comments?post=14181"}],"version-history":[{"count":2,"href":"https:\/\/diarioellabrador.cl\/index.php\/wp-json\/wp\/v2\/posts\/14181\/revisions"}],"predecessor-version":[{"id":14231,"href":"https:\/\/diarioellabrador.cl\/index.php\/wp-json\/wp\/v2\/posts\/14181\/revisions\/14231"}],"wp:featuredmedia":[{"embeddable":true,"href":"https:\/\/diarioellabrador.cl\/index.php\/wp-json\/wp\/v2\/media\/14154"}],"wp:attachment":[{"href":"https:\/\/diarioellabrador.cl\/index.php\/wp-json\/wp\/v2\/media?parent=14181"}],"wp:term":[{"taxonomy":"category","embeddable":true,"href":"https:\/\/diarioellabrador.cl\/index.php\/wp-json\/wp\/v2\/categories?post=14181"},{"taxonomy":"post_tag","embeddable":true,"href":"https:\/\/diarioellabrador.cl\/index.php\/wp-json\/wp\/v2\/tags?post=14181"}],"curies":[{"name":"wp","href":"https:\/\/api.w.org\/{rel}","templated":true}]}}