{"id":1309,"date":"2025-04-03T17:34:19","date_gmt":"2025-04-03T21:34:19","guid":{"rendered":"https:\/\/diarioellabrador.cl\/?p=1309"},"modified":"2025-04-03T17:34:20","modified_gmt":"2025-04-03T21:34:20","slug":"autoridades-impulsan-trabajo-conjunto-para-posicionar-a-pomaire-como-polo-turistico-estrategico-en-la-provincia-de-melipilla","status":"publish","type":"post","link":"https:\/\/diarioellabrador.cl\/index.php\/2025\/04\/03\/autoridades-impulsan-trabajo-conjunto-para-posicionar-a-pomaire-como-polo-turistico-estrategico-en-la-provincia-de-melipilla\/","title":{"rendered":"Autoridades impulsan trabajo conjunto para posicionar a Pomaire como polo tur\u00edstico estrat\u00e9gico en la provincia de Melipilla"},"content":{"rendered":"\n<ul class=\"wp-block-list\">\n<li><strong>El objetivo es fomentar el desarrollo econ\u00f3mico, cultural y tur\u00edstico de la zona, jornada de di\u00e1logo con dirigentes, artesanos y actores locales, en la que se abordaron los procesos necesarios para fortalecer el turismo y consolidar la identidad de la localidad.<\/strong><\/li>\n<\/ul>\n\n\n\n<p>Con la presencia del delegado presidencial provincial de Melipilla, Basti\u00e1n Alarc\u00f3n, el seremi de Econom\u00eda, Cristi\u00e1n Rodr\u00edguez, y el director regional metropolitano de Sernatur, Claudio Y\u00e1\u00f1ez, junto a representantes de las juntas de vecinos de El Tr\u00e1nsito, El Marco, Camino La Cruz y Pomaire, adem\u00e1s de diversas organizaciones funcionales de la localidad, se realiz\u00f3 un importante encuentro de trabajo que tuvo como objetivo dialogar sobre el desarrollo econ\u00f3mico y tur\u00edstico de la zona.<\/p>\n\n\n\n<p>Durante la instancia, se brind\u00f3 informaci\u00f3n sobre los procesos y etapas involucradas en la declaraci\u00f3n de Zonas de Inter\u00e9s Tur\u00edstico (ZOIT), adem\u00e1s de discutir las estrategias para proyectar a Pomaire como un destino tur\u00edstico destacado dentro de la regi\u00f3n.<\/p>\n\n\n\n<p>El delegado presidencial provincial de Melipilla, Basti\u00e1n Alarc\u00f3n, destac\u00f3 la importancia de este trabajo conjunto. \u00abPudimos dialogar y conversar sobre la estrategia para proyectar a Pomaire como una posible zona de inter\u00e9s tur\u00edstico. Para ello, nos reunimos con el Seremi de Econom\u00eda, el director regional de Sernatur, juntas de vecinos y otras organizaciones funcionales, con el fin de abordar la estrategia econ\u00f3mica a mediano y largo plazo de Pomaire\u201d.<\/p>\n\n\n\n<p>En este aspecto, la autoridad provincial precis\u00f3 que se establecer\u00e1n las coordinaciones necesarias, \u201cpara que en los pr\u00f3ximos meses, podamos ir consolidando algunos compromisos e ir acercando el objetivo com\u00fan para avanzar en una zona de inter\u00e9s tur\u00edstico que pueda proveer de recursos, inversiones y turistas, no s\u00f3lo para Pomaire, sino que para la regi\u00f3n y el pa\u00eds\u201d.<\/p>\n\n\n\n<p>Por su parte, el seremi de Econom\u00eda, Cristi\u00e1n Rodr\u00edguez, resalt\u00f3 la riqueza cultural y artesanal de la zona. \u201cEstuvimos con una delegaci\u00f3n del Ministerio de Econom\u00eda visitando la localidad de Pomaire. Esta visita fue precedida de una invitaci\u00f3n a diversas organizaciones sociales, actividad organizada por Delegaci\u00f3n Provincial, con la idea de conversar sobre el proceso, efectos, y desarrollo que tiene la declaraci\u00f3n de una zona de inter\u00e9s tur\u00edstico\u201d.<\/p>\n\n\n\n<p>El seremi a\u00f1adi\u00f3 que \u201cMelipilla constituye una localidad hist\u00f3rica en materia de cultura, artesan\u00eda, tradici\u00f3n, y toda una identidad que da forma a la Provincia de Melipilla, por lo tanto, las organizaciones presentes, juntas de vecinos, organizaciones que tienen que ver con el artesanado, est\u00e1n disponibles e interesados en comenzar un proceso de formaci\u00f3n de una zona de inter\u00e9s tur\u00edstico. Nosotros nos hemos puesto como Ministerio a disposici\u00f3n de poder apoyarlos. Aqu\u00ed es muy importante que todas las organizaciones, todos los gremios, c\u00e1maras de comercio y organizaciones que est\u00e1n articuladas en la localidad de Pomaire, puedan reunirse y constituir una gobernanza p\u00fablico-privada que permita concretar este proceso\u201d, manifest\u00f3.&nbsp;<\/p>\n\n\n\n<p>En tanto, el director regional metropolitano de Sernatur, Claudio Y\u00e1\u00f1ez, reafirm\u00f3 el compromiso del organismo con el desarrollo tur\u00edstico local. \u201cComo Sernatur RM, afianzamos nuestro compromiso por el trabajo mancomunado p\u00fablico-privado para el desarrollo tur\u00edstico local, por tal motivo asistimos a una reuni\u00f3n en la localidad de Pomaire, con diversos actores locales en donde explicamos el rol de cada uno para construir, desde lo local, los cimientos que permitan un trabajo planificado con una visi\u00f3n com\u00fan: establecer una gobernanza robusta que permita enfrentar los desaf\u00edos de manera mancomunada. En la oportunidad nos comprometimos a realizar las capacitaciones necesarias y la disposici\u00f3n de nuestros equipos t\u00e9cnicos para el logro de los objetivos que se planteen\u00bb.<\/p>\n","protected":false},"excerpt":{"rendered":"<p>Con la presencia del delegado presidencial provincial de Melipilla, Basti\u00e1n Alarc\u00f3n, el seremi de Econom\u00eda, Cristi\u00e1n Rodr\u00edguez, y el director regional metropolitano de Sernatur, Claudio Y\u00e1\u00f1ez, junto a representantes de las juntas de vecinos de El Tr\u00e1nsito, El Marco, Camino La Cruz y Pomaire, adem\u00e1s de diversas organizaciones funcionales de la localidad, se realiz\u00f3 un<\/p>\n<div class=\"read-more-wrapper\"><a class=\"read-more\" href=\"https:\/\/diarioellabrador.cl\/index.php\/2025\/04\/03\/autoridades-impulsan-trabajo-conjunto-para-posicionar-a-pomaire-como-polo-turistico-estrategico-en-la-provincia-de-melipilla\/\" title=\"Leer m\u00e1s\"> <span class=\"button \">Leer m\u00e1s<\/span><\/a><\/div>\n","protected":false},"author":2,"featured_media":1277,"comment_status":"open","ping_status":"open","sticky":false,"template":"","format":"standard","meta":{"footnotes":""},"categories":[1],"tags":[],"class_list":["post-1309","post","type-post","status-publish","format-standard","has-post-thumbnail","hentry","category-cronica"],"yoast_head":"<!-- This site is optimized with the Yoast SEO plugin v27.5 - https:\/\/yoast.com\/product\/yoast-seo-wordpress\/ -->\n<title>Autoridades impulsan trabajo conjunto para posicionar a Pomaire como polo tur\u00edstico estrat\u00e9gico en la provincia de Melipilla - Diario El Labrador<\/title>\n<meta name=\"robots\" content=\"index, follow, max-snippet:-1, max-image-preview:large, max-video-preview:-1\" \/>\n<link rel=\"canonical\" href=\"https:\/\/diarioellabrador.cl\/index.php\/2025\/04\/03\/autoridades-impulsan-trabajo-conjunto-para-posicionar-a-pomaire-como-polo-turistico-estrategico-en-la-provincia-de-melipilla\/\" \/>\n<meta property=\"og:locale\" content=\"es_ES\" \/>\n<meta property=\"og:type\" content=\"article\" \/>\n<meta property=\"og:title\" content=\"Autoridades impulsan trabajo conjunto para posicionar a Pomaire como polo tur\u00edstico estrat\u00e9gico en la provincia de Melipilla - Diario El Labrador\" \/>\n<meta property=\"og:description\" content=\"Con la presencia del delegado presidencial provincial de Melipilla, Basti\u00e1n Alarc\u00f3n, el seremi de Econom\u00eda, Cristi\u00e1n Rodr\u00edguez, y el director regional metropolitano de Sernatur, Claudio Y\u00e1\u00f1ez, junto a representantes de las juntas de vecinos de El Tr\u00e1nsito, El Marco, Camino La Cruz y Pomaire, adem\u00e1s de diversas organizaciones funcionales de la localidad, se realiz\u00f3 un Leer m\u00e1s\" \/>\n<meta property=\"og:url\" content=\"https:\/\/diarioellabrador.cl\/index.php\/2025\/04\/03\/autoridades-impulsan-trabajo-conjunto-para-posicionar-a-pomaire-como-polo-turistico-estrategico-en-la-provincia-de-melipilla\/\" \/>\n<meta property=\"og:site_name\" content=\"Diario El Labrador\" \/>\n<meta property=\"article:publisher\" content=\"https:\/\/web.facebook.com\/profile.php?id=61576120840621\" \/>\n<meta property=\"article:published_time\" content=\"2025-04-03T21:34:19+00:00\" \/>\n<meta property=\"article:modified_time\" content=\"2025-04-03T21:34:20+00:00\" \/>\n<meta property=\"og:image\" content=\"https:\/\/diarioellabrador.cl\/wp-content\/uploads\/2025\/04\/Reunion-Pomaire-02-04-2025-1.jpg\" \/>\n\t<meta property=\"og:image:width\" content=\"1440\" \/>\n\t<meta property=\"og:image:height\" content=\"1080\" \/>\n\t<meta property=\"og:image:type\" content=\"image\/jpeg\" \/>\n<meta name=\"author\" content=\"Editor\" \/>\n<meta name=\"twitter:card\" content=\"summary_large_image\" \/>\n<meta name=\"twitter:creator\" content=\"@ElLabradorOf\" \/>\n<meta name=\"twitter:site\" content=\"@ElLabradorOf\" \/>\n<meta name=\"twitter:label1\" content=\"Escrito por\" \/>\n\t<meta name=\"twitter:data1\" content=\"Editor\" \/>\n\t<meta name=\"twitter:label2\" content=\"Tiempo de lectura\" \/>\n\t<meta name=\"twitter:data2\" content=\"3 minutos\" \/>\n<script type=\"application\/ld+json\" class=\"yoast-schema-graph\">{\"@context\":\"https:\\\/\\\/schema.org\",\"@graph\":[{\"@type\":\"Article\",\"@id\":\"https:\\\/\\\/diarioellabrador.cl\\\/index.php\\\/2025\\\/04\\\/03\\\/autoridades-impulsan-trabajo-conjunto-para-posicionar-a-pomaire-como-polo-turistico-estrategico-en-la-provincia-de-melipilla\\\/#article\",\"isPartOf\":{\"@id\":\"https:\\\/\\\/diarioellabrador.cl\\\/index.php\\\/2025\\\/04\\\/03\\\/autoridades-impulsan-trabajo-conjunto-para-posicionar-a-pomaire-como-polo-turistico-estrategico-en-la-provincia-de-melipilla\\\/\"},\"author\":{\"name\":\"Editor\",\"@id\":\"https:\\\/\\\/diarioellabrador.cl\\\/#\\\/schema\\\/person\\\/bc25ff80b4563f9c7f4bd7855df01685\"},\"headline\":\"Autoridades impulsan trabajo conjunto para posicionar a Pomaire como polo tur\u00edstico estrat\u00e9gico en la provincia de Melipilla\",\"datePublished\":\"2025-04-03T21:34:19+00:00\",\"dateModified\":\"2025-04-03T21:34:20+00:00\",\"mainEntityOfPage\":{\"@id\":\"https:\\\/\\\/diarioellabrador.cl\\\/index.php\\\/2025\\\/04\\\/03\\\/autoridades-impulsan-trabajo-conjunto-para-posicionar-a-pomaire-como-polo-turistico-estrategico-en-la-provincia-de-melipilla\\\/\"},\"wordCount\":656,\"commentCount\":0,\"publisher\":{\"@id\":\"https:\\\/\\\/diarioellabrador.cl\\\/#organization\"},\"image\":{\"@id\":\"https:\\\/\\\/diarioellabrador.cl\\\/index.php\\\/2025\\\/04\\\/03\\\/autoridades-impulsan-trabajo-conjunto-para-posicionar-a-pomaire-como-polo-turistico-estrategico-en-la-provincia-de-melipilla\\\/#primaryimage\"},\"thumbnailUrl\":\"https:\\\/\\\/diarioellabrador.cl\\\/wp-content\\\/uploads\\\/2025\\\/04\\\/Reunion-Pomaire-02-04-2025-1.jpg\",\"articleSection\":[\"Cr\u00f3nica\"],\"inLanguage\":\"es\",\"potentialAction\":[{\"@type\":\"CommentAction\",\"name\":\"Comment\",\"target\":[\"https:\\\/\\\/diarioellabrador.cl\\\/index.php\\\/2025\\\/04\\\/03\\\/autoridades-impulsan-trabajo-conjunto-para-posicionar-a-pomaire-como-polo-turistico-estrategico-en-la-provincia-de-melipilla\\\/#respond\"]}]},{\"@type\":\"WebPage\",\"@id\":\"https:\\\/\\\/diarioellabrador.cl\\\/index.php\\\/2025\\\/04\\\/03\\\/autoridades-impulsan-trabajo-conjunto-para-posicionar-a-pomaire-como-polo-turistico-estrategico-en-la-provincia-de-melipilla\\\/\",\"url\":\"https:\\\/\\\/diarioellabrador.cl\\\/index.php\\\/2025\\\/04\\\/03\\\/autoridades-impulsan-trabajo-conjunto-para-posicionar-a-pomaire-como-polo-turistico-estrategico-en-la-provincia-de-melipilla\\\/\",\"name\":\"Autoridades impulsan trabajo conjunto para posicionar a Pomaire como polo tur\u00edstico estrat\u00e9gico en la provincia de Melipilla - Diario El Labrador\",\"isPartOf\":{\"@id\":\"https:\\\/\\\/diarioellabrador.cl\\\/#website\"},\"primaryImageOfPage\":{\"@id\":\"https:\\\/\\\/diarioellabrador.cl\\\/index.php\\\/2025\\\/04\\\/03\\\/autoridades-impulsan-trabajo-conjunto-para-posicionar-a-pomaire-como-polo-turistico-estrategico-en-la-provincia-de-melipilla\\\/#primaryimage\"},\"image\":{\"@id\":\"https:\\\/\\\/diarioellabrador.cl\\\/index.php\\\/2025\\\/04\\\/03\\\/autoridades-impulsan-trabajo-conjunto-para-posicionar-a-pomaire-como-polo-turistico-estrategico-en-la-provincia-de-melipilla\\\/#primaryimage\"},\"thumbnailUrl\":\"https:\\\/\\\/diarioellabrador.cl\\\/wp-content\\\/uploads\\\/2025\\\/04\\\/Reunion-Pomaire-02-04-2025-1.jpg\",\"datePublished\":\"2025-04-03T21:34:19+00:00\",\"dateModified\":\"2025-04-03T21:34:20+00:00\",\"breadcrumb\":{\"@id\":\"https:\\\/\\\/diarioellabrador.cl\\\/index.php\\\/2025\\\/04\\\/03\\\/autoridades-impulsan-trabajo-conjunto-para-posicionar-a-pomaire-como-polo-turistico-estrategico-en-la-provincia-de-melipilla\\\/#breadcrumb\"},\"inLanguage\":\"es\",\"potentialAction\":[{\"@type\":\"ReadAction\",\"target\":[\"https:\\\/\\\/diarioellabrador.cl\\\/index.php\\\/2025\\\/04\\\/03\\\/autoridades-impulsan-trabajo-conjunto-para-posicionar-a-pomaire-como-polo-turistico-estrategico-en-la-provincia-de-melipilla\\\/\"]}]},{\"@type\":\"ImageObject\",\"inLanguage\":\"es\",\"@id\":\"https:\\\/\\\/diarioellabrador.cl\\\/index.php\\\/2025\\\/04\\\/03\\\/autoridades-impulsan-trabajo-conjunto-para-posicionar-a-pomaire-como-polo-turistico-estrategico-en-la-provincia-de-melipilla\\\/#primaryimage\",\"url\":\"https:\\\/\\\/diarioellabrador.cl\\\/wp-content\\\/uploads\\\/2025\\\/04\\\/Reunion-Pomaire-02-04-2025-1.jpg\",\"contentUrl\":\"https:\\\/\\\/diarioellabrador.cl\\\/wp-content\\\/uploads\\\/2025\\\/04\\\/Reunion-Pomaire-02-04-2025-1.jpg\",\"width\":1440,\"height\":1080},{\"@type\":\"BreadcrumbList\",\"@id\":\"https:\\\/\\\/diarioellabrador.cl\\\/index.php\\\/2025\\\/04\\\/03\\\/autoridades-impulsan-trabajo-conjunto-para-posicionar-a-pomaire-como-polo-turistico-estrategico-en-la-provincia-de-melipilla\\\/#breadcrumb\",\"itemListElement\":[{\"@type\":\"ListItem\",\"position\":1,\"name\":\"Portada\",\"item\":\"https:\\\/\\\/diarioellabrador.cl\\\/\"},{\"@type\":\"ListItem\",\"position\":2,\"name\":\"Autoridades impulsan trabajo conjunto para posicionar a Pomaire como polo tur\u00edstico estrat\u00e9gico en la provincia de Melipilla\"}]},{\"@type\":\"WebSite\",\"@id\":\"https:\\\/\\\/diarioellabrador.cl\\\/#website\",\"url\":\"https:\\\/\\\/diarioellabrador.cl\\\/\",\"name\":\"Diario El Labrador\",\"description\":\"Haciendo noticia desde 1921\",\"publisher\":{\"@id\":\"https:\\\/\\\/diarioellabrador.cl\\\/#organization\"},\"potentialAction\":[{\"@type\":\"SearchAction\",\"target\":{\"@type\":\"EntryPoint\",\"urlTemplate\":\"https:\\\/\\\/diarioellabrador.cl\\\/?s={search_term_string}\"},\"query-input\":{\"@type\":\"PropertyValueSpecification\",\"valueRequired\":true,\"valueName\":\"search_term_string\"}}],\"inLanguage\":\"es\"},{\"@type\":\"Organization\",\"@id\":\"https:\\\/\\\/diarioellabrador.cl\\\/#organization\",\"name\":\"Diario El Labrador\",\"url\":\"https:\\\/\\\/diarioellabrador.cl\\\/\",\"logo\":{\"@type\":\"ImageObject\",\"inLanguage\":\"es\",\"@id\":\"https:\\\/\\\/diarioellabrador.cl\\\/#\\\/schema\\\/logo\\\/image\\\/\",\"url\":\"https:\\\/\\\/diarioellabrador.cl\\\/wp-content\\\/uploads\\\/2025\\\/02\\\/cropped-Logo-Icono.png\",\"contentUrl\":\"https:\\\/\\\/diarioellabrador.cl\\\/wp-content\\\/uploads\\\/2025\\\/02\\\/cropped-Logo-Icono.png\",\"width\":512,\"height\":512,\"caption\":\"Diario El Labrador\"},\"image\":{\"@id\":\"https:\\\/\\\/diarioellabrador.cl\\\/#\\\/schema\\\/logo\\\/image\\\/\"},\"sameAs\":[\"https:\\\/\\\/web.facebook.com\\\/profile.php?id=61576120840621\",\"https:\\\/\\\/x.com\\\/ElLabradorOf\",\"https:\\\/\\\/www.instagram.com\\\/diarioellabradoroficial\\\/\"]},{\"@type\":\"Person\",\"@id\":\"https:\\\/\\\/diarioellabrador.cl\\\/#\\\/schema\\\/person\\\/bc25ff80b4563f9c7f4bd7855df01685\",\"name\":\"Editor\",\"image\":{\"@type\":\"ImageObject\",\"inLanguage\":\"es\",\"@id\":\"https:\\\/\\\/secure.gravatar.com\\\/avatar\\\/109c326cf2be5c04f048c2c2a2b8b6ef44bf3d8d1d3d4c55d0ac40c4bc994684?s=96&d=mm&r=g\",\"url\":\"https:\\\/\\\/secure.gravatar.com\\\/avatar\\\/109c326cf2be5c04f048c2c2a2b8b6ef44bf3d8d1d3d4c55d0ac40c4bc994684?s=96&d=mm&r=g\",\"contentUrl\":\"https:\\\/\\\/secure.gravatar.com\\\/avatar\\\/109c326cf2be5c04f048c2c2a2b8b6ef44bf3d8d1d3d4c55d0ac40c4bc994684?s=96&d=mm&r=g\",\"caption\":\"Editor\"},\"url\":\"https:\\\/\\\/diarioellabrador.cl\\\/index.php\\\/author\\\/editor\\\/\"}]}<\/script>\n<!-- \/ Yoast SEO plugin. -->","yoast_head_json":{"title":"Autoridades impulsan trabajo conjunto para posicionar a Pomaire como polo tur\u00edstico estrat\u00e9gico en la provincia de Melipilla - Diario El Labrador","robots":{"index":"index","follow":"follow","max-snippet":"max-snippet:-1","max-image-preview":"max-image-preview:large","max-video-preview":"max-video-preview:-1"},"canonical":"https:\/\/diarioellabrador.cl\/index.php\/2025\/04\/03\/autoridades-impulsan-trabajo-conjunto-para-posicionar-a-pomaire-como-polo-turistico-estrategico-en-la-provincia-de-melipilla\/","og_locale":"es_ES","og_type":"article","og_title":"Autoridades impulsan trabajo conjunto para posicionar a Pomaire como polo tur\u00edstico estrat\u00e9gico en la provincia de Melipilla - Diario El Labrador","og_description":"Con la presencia del delegado presidencial provincial de Melipilla, Basti\u00e1n Alarc\u00f3n, el seremi de Econom\u00eda, Cristi\u00e1n Rodr\u00edguez, y el director regional metropolitano de Sernatur, Claudio Y\u00e1\u00f1ez, junto a representantes de las juntas de vecinos de El Tr\u00e1nsito, El Marco, Camino La Cruz y Pomaire, adem\u00e1s de diversas organizaciones funcionales de la localidad, se realiz\u00f3 un Leer m\u00e1s","og_url":"https:\/\/diarioellabrador.cl\/index.php\/2025\/04\/03\/autoridades-impulsan-trabajo-conjunto-para-posicionar-a-pomaire-como-polo-turistico-estrategico-en-la-provincia-de-melipilla\/","og_site_name":"Diario El Labrador","article_publisher":"https:\/\/web.facebook.com\/profile.php?id=61576120840621","article_published_time":"2025-04-03T21:34:19+00:00","article_modified_time":"2025-04-03T21:34:20+00:00","og_image":[{"width":1440,"height":1080,"url":"https:\/\/diarioellabrador.cl\/wp-content\/uploads\/2025\/04\/Reunion-Pomaire-02-04-2025-1.jpg","type":"image\/jpeg"}],"author":"Editor","twitter_card":"summary_large_image","twitter_creator":"@ElLabradorOf","twitter_site":"@ElLabradorOf","twitter_misc":{"Escrito por":"Editor","Tiempo de lectura":"3 minutos"},"schema":{"@context":"https:\/\/schema.org","@graph":[{"@type":"Article","@id":"https:\/\/diarioellabrador.cl\/index.php\/2025\/04\/03\/autoridades-impulsan-trabajo-conjunto-para-posicionar-a-pomaire-como-polo-turistico-estrategico-en-la-provincia-de-melipilla\/#article","isPartOf":{"@id":"https:\/\/diarioellabrador.cl\/index.php\/2025\/04\/03\/autoridades-impulsan-trabajo-conjunto-para-posicionar-a-pomaire-como-polo-turistico-estrategico-en-la-provincia-de-melipilla\/"},"author":{"name":"Editor","@id":"https:\/\/diarioellabrador.cl\/#\/schema\/person\/bc25ff80b4563f9c7f4bd7855df01685"},"headline":"Autoridades impulsan trabajo conjunto para posicionar a Pomaire como polo tur\u00edstico estrat\u00e9gico en la provincia de Melipilla","datePublished":"2025-04-03T21:34:19+00:00","dateModified":"2025-04-03T21:34:20+00:00","mainEntityOfPage":{"@id":"https:\/\/diarioellabrador.cl\/index.php\/2025\/04\/03\/autoridades-impulsan-trabajo-conjunto-para-posicionar-a-pomaire-como-polo-turistico-estrategico-en-la-provincia-de-melipilla\/"},"wordCount":656,"commentCount":0,"publisher":{"@id":"https:\/\/diarioellabrador.cl\/#organization"},"image":{"@id":"https:\/\/diarioellabrador.cl\/index.php\/2025\/04\/03\/autoridades-impulsan-trabajo-conjunto-para-posicionar-a-pomaire-como-polo-turistico-estrategico-en-la-provincia-de-melipilla\/#primaryimage"},"thumbnailUrl":"https:\/\/diarioellabrador.cl\/wp-content\/uploads\/2025\/04\/Reunion-Pomaire-02-04-2025-1.jpg","articleSection":["Cr\u00f3nica"],"inLanguage":"es","potentialAction":[{"@type":"CommentAction","name":"Comment","target":["https:\/\/diarioellabrador.cl\/index.php\/2025\/04\/03\/autoridades-impulsan-trabajo-conjunto-para-posicionar-a-pomaire-como-polo-turistico-estrategico-en-la-provincia-de-melipilla\/#respond"]}]},{"@type":"WebPage","@id":"https:\/\/diarioellabrador.cl\/index.php\/2025\/04\/03\/autoridades-impulsan-trabajo-conjunto-para-posicionar-a-pomaire-como-polo-turistico-estrategico-en-la-provincia-de-melipilla\/","url":"https:\/\/diarioellabrador.cl\/index.php\/2025\/04\/03\/autoridades-impulsan-trabajo-conjunto-para-posicionar-a-pomaire-como-polo-turistico-estrategico-en-la-provincia-de-melipilla\/","name":"Autoridades impulsan trabajo conjunto para posicionar a Pomaire como polo tur\u00edstico estrat\u00e9gico en la provincia de Melipilla - Diario El Labrador","isPartOf":{"@id":"https:\/\/diarioellabrador.cl\/#website"},"primaryImageOfPage":{"@id":"https:\/\/diarioellabrador.cl\/index.php\/2025\/04\/03\/autoridades-impulsan-trabajo-conjunto-para-posicionar-a-pomaire-como-polo-turistico-estrategico-en-la-provincia-de-melipilla\/#primaryimage"},"image":{"@id":"https:\/\/diarioellabrador.cl\/index.php\/2025\/04\/03\/autoridades-impulsan-trabajo-conjunto-para-posicionar-a-pomaire-como-polo-turistico-estrategico-en-la-provincia-de-melipilla\/#primaryimage"},"thumbnailUrl":"https:\/\/diarioellabrador.cl\/wp-content\/uploads\/2025\/04\/Reunion-Pomaire-02-04-2025-1.jpg","datePublished":"2025-04-03T21:34:19+00:00","dateModified":"2025-04-03T21:34:20+00:00","breadcrumb":{"@id":"https:\/\/diarioellabrador.cl\/index.php\/2025\/04\/03\/autoridades-impulsan-trabajo-conjunto-para-posicionar-a-pomaire-como-polo-turistico-estrategico-en-la-provincia-de-melipilla\/#breadcrumb"},"inLanguage":"es","potentialAction":[{"@type":"ReadAction","target":["https:\/\/diarioellabrador.cl\/index.php\/2025\/04\/03\/autoridades-impulsan-trabajo-conjunto-para-posicionar-a-pomaire-como-polo-turistico-estrategico-en-la-provincia-de-melipilla\/"]}]},{"@type":"ImageObject","inLanguage":"es","@id":"https:\/\/diarioellabrador.cl\/index.php\/2025\/04\/03\/autoridades-impulsan-trabajo-conjunto-para-posicionar-a-pomaire-como-polo-turistico-estrategico-en-la-provincia-de-melipilla\/#primaryimage","url":"https:\/\/diarioellabrador.cl\/wp-content\/uploads\/2025\/04\/Reunion-Pomaire-02-04-2025-1.jpg","contentUrl":"https:\/\/diarioellabrador.cl\/wp-content\/uploads\/2025\/04\/Reunion-Pomaire-02-04-2025-1.jpg","width":1440,"height":1080},{"@type":"BreadcrumbList","@id":"https:\/\/diarioellabrador.cl\/index.php\/2025\/04\/03\/autoridades-impulsan-trabajo-conjunto-para-posicionar-a-pomaire-como-polo-turistico-estrategico-en-la-provincia-de-melipilla\/#breadcrumb","itemListElement":[{"@type":"ListItem","position":1,"name":"Portada","item":"https:\/\/diarioellabrador.cl\/"},{"@type":"ListItem","position":2,"name":"Autoridades impulsan trabajo conjunto para posicionar a Pomaire como polo tur\u00edstico estrat\u00e9gico en la provincia de Melipilla"}]},{"@type":"WebSite","@id":"https:\/\/diarioellabrador.cl\/#website","url":"https:\/\/diarioellabrador.cl\/","name":"Diario El Labrador","description":"Haciendo noticia desde 1921","publisher":{"@id":"https:\/\/diarioellabrador.cl\/#organization"},"potentialAction":[{"@type":"SearchAction","target":{"@type":"EntryPoint","urlTemplate":"https:\/\/diarioellabrador.cl\/?s={search_term_string}"},"query-input":{"@type":"PropertyValueSpecification","valueRequired":true,"valueName":"search_term_string"}}],"inLanguage":"es"},{"@type":"Organization","@id":"https:\/\/diarioellabrador.cl\/#organization","name":"Diario El Labrador","url":"https:\/\/diarioellabrador.cl\/","logo":{"@type":"ImageObject","inLanguage":"es","@id":"https:\/\/diarioellabrador.cl\/#\/schema\/logo\/image\/","url":"https:\/\/diarioellabrador.cl\/wp-content\/uploads\/2025\/02\/cropped-Logo-Icono.png","contentUrl":"https:\/\/diarioellabrador.cl\/wp-content\/uploads\/2025\/02\/cropped-Logo-Icono.png","width":512,"height":512,"caption":"Diario El Labrador"},"image":{"@id":"https:\/\/diarioellabrador.cl\/#\/schema\/logo\/image\/"},"sameAs":["https:\/\/web.facebook.com\/profile.php?id=61576120840621","https:\/\/x.com\/ElLabradorOf","https:\/\/www.instagram.com\/diarioellabradoroficial\/"]},{"@type":"Person","@id":"https:\/\/diarioellabrador.cl\/#\/schema\/person\/bc25ff80b4563f9c7f4bd7855df01685","name":"Editor","image":{"@type":"ImageObject","inLanguage":"es","@id":"https:\/\/secure.gravatar.com\/avatar\/109c326cf2be5c04f048c2c2a2b8b6ef44bf3d8d1d3d4c55d0ac40c4bc994684?s=96&d=mm&r=g","url":"https:\/\/secure.gravatar.com\/avatar\/109c326cf2be5c04f048c2c2a2b8b6ef44bf3d8d1d3d4c55d0ac40c4bc994684?s=96&d=mm&r=g","contentUrl":"https:\/\/secure.gravatar.com\/avatar\/109c326cf2be5c04f048c2c2a2b8b6ef44bf3d8d1d3d4c55d0ac40c4bc994684?s=96&d=mm&r=g","caption":"Editor"},"url":"https:\/\/diarioellabrador.cl\/index.php\/author\/editor\/"}]}},"_links":{"self":[{"href":"https:\/\/diarioellabrador.cl\/index.php\/wp-json\/wp\/v2\/posts\/1309","targetHints":{"allow":["GET"]}}],"collection":[{"href":"https:\/\/diarioellabrador.cl\/index.php\/wp-json\/wp\/v2\/posts"}],"about":[{"href":"https:\/\/diarioellabrador.cl\/index.php\/wp-json\/wp\/v2\/types\/post"}],"author":[{"embeddable":true,"href":"https:\/\/diarioellabrador.cl\/index.php\/wp-json\/wp\/v2\/users\/2"}],"replies":[{"embeddable":true,"href":"https:\/\/diarioellabrador.cl\/index.php\/wp-json\/wp\/v2\/comments?post=1309"}],"version-history":[{"count":1,"href":"https:\/\/diarioellabrador.cl\/index.php\/wp-json\/wp\/v2\/posts\/1309\/revisions"}],"predecessor-version":[{"id":1310,"href":"https:\/\/diarioellabrador.cl\/index.php\/wp-json\/wp\/v2\/posts\/1309\/revisions\/1310"}],"wp:featuredmedia":[{"embeddable":true,"href":"https:\/\/diarioellabrador.cl\/index.php\/wp-json\/wp\/v2\/media\/1277"}],"wp:attachment":[{"href":"https:\/\/diarioellabrador.cl\/index.php\/wp-json\/wp\/v2\/media?parent=1309"}],"wp:term":[{"taxonomy":"category","embeddable":true,"href":"https:\/\/diarioellabrador.cl\/index.php\/wp-json\/wp\/v2\/categories?post=1309"},{"taxonomy":"post_tag","embeddable":true,"href":"https:\/\/diarioellabrador.cl\/index.php\/wp-json\/wp\/v2\/tags?post=1309"}],"curies":[{"name":"wp","href":"https:\/\/api.w.org\/{rel}","templated":true}]}}