{"id":11203,"date":"2025-11-11T11:21:10","date_gmt":"2025-11-11T15:21:10","guid":{"rendered":"https:\/\/diarioellabrador.cl\/?p=11203"},"modified":"2025-11-11T12:23:04","modified_gmt":"2025-11-11T16:23:04","slug":"femicidio-en-melipilla-deja-dos-fallecidos-y-dos-menores-heridos","status":"publish","type":"post","link":"https:\/\/diarioellabrador.cl\/index.php\/2025\/11\/11\/femicidio-en-melipilla-deja-dos-fallecidos-y-dos-menores-heridos\/","title":{"rendered":"Femicidio en Melipilla deja dos fallecidos y dos menores heridos"},"content":{"rendered":"\n<p><\/p>\n\n\n\n<p>Un violento suceso conmocion\u00f3 durante la ma\u00f1ana de este martes al sector de Santa Rosa Esmeralda, en la comuna de Melipilla, luego de que una mujer fuera encontrada en la v\u00eda p\u00fablica con heridas cortopunzantes y sangrado en el rostro.<\/p>\n\n\n\n<p>Seg\u00fan informaci\u00f3n entregada por Carabineros de la 24\u00aa Comisar\u00eda, el hecho fue reportado alrededor de las 9:00 horas, movilizando de inmediato a personal policial y de salud. La mujer, de nacionalidad boliviana y 33 a\u00f1os, fue trasladada de urgencia al Hospital de Melipilla, donde lamentablemente falleci\u00f3 horas m\u00e1s tarde debido a la gravedad de sus lesiones.<\/p>\n\n\n\n<p>En el interior del inmueble vinculado al hecho, Carabineros hall\u00f3 el cuerpo sin vida de un hombre, mientras que dos menores resultaron heridos, uno de ellos trasladado por civiles hasta Cl\u00ednica Los Maitenes en estado grave y con riesgo vital.<\/p>\n\n\n\n<p>Hasta el lugar concurri\u00f3 el Fiscal Nelson Cajas, quien instruy\u00f3 la presencia de personal del OS9 y Labocar de Carabineros para realizar las pericias correspondientes y esclarecer las circunstancias de este tr\u00e1gico episodio que mantiene consternada a la comunidad melipillana.<\/p>\n","protected":false},"excerpt":{"rendered":"<p>Un violento suceso conmocion\u00f3 durante la ma\u00f1ana de este martes al sector de Santa Rosa Esmeralda, en la comuna de Melipilla, luego de que una mujer fuera encontrada en la v\u00eda p\u00fablica con heridas cortopunzantes y sangrado en el rostro. Seg\u00fan informaci\u00f3n entregada por Carabineros de la 24\u00aa Comisar\u00eda, el hecho fue reportado alrededor de<\/p>\n<div class=\"read-more-wrapper\"><a class=\"read-more\" href=\"https:\/\/diarioellabrador.cl\/index.php\/2025\/11\/11\/femicidio-en-melipilla-deja-dos-fallecidos-y-dos-menores-heridos\/\" title=\"Leer m\u00e1s\"> <span class=\"button \">Leer m\u00e1s<\/span><\/a><\/div>\n","protected":false},"author":1,"featured_media":11207,"comment_status":"open","ping_status":"open","sticky":false,"template":"","format":"standard","meta":{"footnotes":""},"categories":[3],"tags":[],"class_list":["post-11203","post","type-post","status-publish","format-standard","has-post-thumbnail","hentry","category-policial"],"yoast_head":"<!-- This site is optimized with the Yoast SEO plugin v27.5 - https:\/\/yoast.com\/product\/yoast-seo-wordpress\/ -->\n<title>Femicidio en Melipilla deja dos fallecidos y dos menores heridos - Diario El Labrador<\/title>\n<meta name=\"robots\" content=\"index, follow, max-snippet:-1, max-image-preview:large, max-video-preview:-1\" \/>\n<link rel=\"canonical\" href=\"https:\/\/diarioellabrador.cl\/index.php\/2025\/11\/11\/femicidio-en-melipilla-deja-dos-fallecidos-y-dos-menores-heridos\/\" \/>\n<meta property=\"og:locale\" content=\"es_ES\" \/>\n<meta property=\"og:type\" content=\"article\" \/>\n<meta property=\"og:title\" content=\"Femicidio en Melipilla deja dos fallecidos y dos menores heridos - Diario El Labrador\" \/>\n<meta property=\"og:description\" content=\"Un violento suceso conmocion\u00f3 durante la ma\u00f1ana de este martes al sector de Santa Rosa Esmeralda, en la comuna de Melipilla, luego de que una mujer fuera encontrada en la v\u00eda p\u00fablica con heridas cortopunzantes y sangrado en el rostro. Seg\u00fan informaci\u00f3n entregada por Carabineros de la 24\u00aa Comisar\u00eda, el hecho fue reportado alrededor de Leer m\u00e1s\" \/>\n<meta property=\"og:url\" content=\"https:\/\/diarioellabrador.cl\/index.php\/2025\/11\/11\/femicidio-en-melipilla-deja-dos-fallecidos-y-dos-menores-heridos\/\" \/>\n<meta property=\"og:site_name\" content=\"Diario El Labrador\" \/>\n<meta property=\"article:publisher\" content=\"https:\/\/web.facebook.com\/profile.php?id=61576120840621\" \/>\n<meta property=\"article:published_time\" content=\"2025-11-11T15:21:10+00:00\" \/>\n<meta property=\"article:modified_time\" content=\"2025-11-11T16:23:04+00:00\" \/>\n<meta property=\"og:image\" content=\"https:\/\/diarioellabrador.cl\/wp-content\/uploads\/2025\/11\/WhatsApp-Image-2025-11-11-at-1.13.16-PM.jpeg\" \/>\n\t<meta property=\"og:image:width\" content=\"1200\" \/>\n\t<meta property=\"og:image:height\" content=\"633\" \/>\n\t<meta property=\"og:image:type\" content=\"image\/jpeg\" \/>\n<meta name=\"author\" content=\"admin\" \/>\n<meta name=\"twitter:card\" content=\"summary_large_image\" \/>\n<meta name=\"twitter:creator\" content=\"@ElLabradorOf\" \/>\n<meta name=\"twitter:site\" content=\"@ElLabradorOf\" \/>\n<meta name=\"twitter:label1\" content=\"Escrito por\" \/>\n\t<meta name=\"twitter:data1\" content=\"admin\" \/>\n\t<meta name=\"twitter:label2\" content=\"Tiempo de lectura\" \/>\n\t<meta name=\"twitter:data2\" content=\"2 minutos\" \/>\n<script type=\"application\/ld+json\" class=\"yoast-schema-graph\">{\"@context\":\"https:\\\/\\\/schema.org\",\"@graph\":[{\"@type\":\"Article\",\"@id\":\"https:\\\/\\\/diarioellabrador.cl\\\/index.php\\\/2025\\\/11\\\/11\\\/femicidio-en-melipilla-deja-dos-fallecidos-y-dos-menores-heridos\\\/#article\",\"isPartOf\":{\"@id\":\"https:\\\/\\\/diarioellabrador.cl\\\/index.php\\\/2025\\\/11\\\/11\\\/femicidio-en-melipilla-deja-dos-fallecidos-y-dos-menores-heridos\\\/\"},\"author\":{\"name\":\"admin\",\"@id\":\"https:\\\/\\\/diarioellabrador.cl\\\/#\\\/schema\\\/person\\\/c383d92efad34bd74efe3430f66ee1bf\"},\"headline\":\"Femicidio en Melipilla deja dos fallecidos y dos menores heridos\",\"datePublished\":\"2025-11-11T15:21:10+00:00\",\"dateModified\":\"2025-11-11T16:23:04+00:00\",\"mainEntityOfPage\":{\"@id\":\"https:\\\/\\\/diarioellabrador.cl\\\/index.php\\\/2025\\\/11\\\/11\\\/femicidio-en-melipilla-deja-dos-fallecidos-y-dos-menores-heridos\\\/\"},\"wordCount\":193,\"commentCount\":0,\"publisher\":{\"@id\":\"https:\\\/\\\/diarioellabrador.cl\\\/#organization\"},\"image\":{\"@id\":\"https:\\\/\\\/diarioellabrador.cl\\\/index.php\\\/2025\\\/11\\\/11\\\/femicidio-en-melipilla-deja-dos-fallecidos-y-dos-menores-heridos\\\/#primaryimage\"},\"thumbnailUrl\":\"https:\\\/\\\/diarioellabrador.cl\\\/wp-content\\\/uploads\\\/2025\\\/11\\\/WhatsApp-Image-2025-11-11-at-1.13.16-PM.jpeg\",\"articleSection\":[\"Policial\"],\"inLanguage\":\"es\",\"potentialAction\":[{\"@type\":\"CommentAction\",\"name\":\"Comment\",\"target\":[\"https:\\\/\\\/diarioellabrador.cl\\\/index.php\\\/2025\\\/11\\\/11\\\/femicidio-en-melipilla-deja-dos-fallecidos-y-dos-menores-heridos\\\/#respond\"]}]},{\"@type\":\"WebPage\",\"@id\":\"https:\\\/\\\/diarioellabrador.cl\\\/index.php\\\/2025\\\/11\\\/11\\\/femicidio-en-melipilla-deja-dos-fallecidos-y-dos-menores-heridos\\\/\",\"url\":\"https:\\\/\\\/diarioellabrador.cl\\\/index.php\\\/2025\\\/11\\\/11\\\/femicidio-en-melipilla-deja-dos-fallecidos-y-dos-menores-heridos\\\/\",\"name\":\"Femicidio en Melipilla deja dos fallecidos y dos menores heridos - Diario El Labrador\",\"isPartOf\":{\"@id\":\"https:\\\/\\\/diarioellabrador.cl\\\/#website\"},\"primaryImageOfPage\":{\"@id\":\"https:\\\/\\\/diarioellabrador.cl\\\/index.php\\\/2025\\\/11\\\/11\\\/femicidio-en-melipilla-deja-dos-fallecidos-y-dos-menores-heridos\\\/#primaryimage\"},\"image\":{\"@id\":\"https:\\\/\\\/diarioellabrador.cl\\\/index.php\\\/2025\\\/11\\\/11\\\/femicidio-en-melipilla-deja-dos-fallecidos-y-dos-menores-heridos\\\/#primaryimage\"},\"thumbnailUrl\":\"https:\\\/\\\/diarioellabrador.cl\\\/wp-content\\\/uploads\\\/2025\\\/11\\\/WhatsApp-Image-2025-11-11-at-1.13.16-PM.jpeg\",\"datePublished\":\"2025-11-11T15:21:10+00:00\",\"dateModified\":\"2025-11-11T16:23:04+00:00\",\"breadcrumb\":{\"@id\":\"https:\\\/\\\/diarioellabrador.cl\\\/index.php\\\/2025\\\/11\\\/11\\\/femicidio-en-melipilla-deja-dos-fallecidos-y-dos-menores-heridos\\\/#breadcrumb\"},\"inLanguage\":\"es\",\"potentialAction\":[{\"@type\":\"ReadAction\",\"target\":[\"https:\\\/\\\/diarioellabrador.cl\\\/index.php\\\/2025\\\/11\\\/11\\\/femicidio-en-melipilla-deja-dos-fallecidos-y-dos-menores-heridos\\\/\"]}]},{\"@type\":\"ImageObject\",\"inLanguage\":\"es\",\"@id\":\"https:\\\/\\\/diarioellabrador.cl\\\/index.php\\\/2025\\\/11\\\/11\\\/femicidio-en-melipilla-deja-dos-fallecidos-y-dos-menores-heridos\\\/#primaryimage\",\"url\":\"https:\\\/\\\/diarioellabrador.cl\\\/wp-content\\\/uploads\\\/2025\\\/11\\\/WhatsApp-Image-2025-11-11-at-1.13.16-PM.jpeg\",\"contentUrl\":\"https:\\\/\\\/diarioellabrador.cl\\\/wp-content\\\/uploads\\\/2025\\\/11\\\/WhatsApp-Image-2025-11-11-at-1.13.16-PM.jpeg\",\"width\":1200,\"height\":633},{\"@type\":\"BreadcrumbList\",\"@id\":\"https:\\\/\\\/diarioellabrador.cl\\\/index.php\\\/2025\\\/11\\\/11\\\/femicidio-en-melipilla-deja-dos-fallecidos-y-dos-menores-heridos\\\/#breadcrumb\",\"itemListElement\":[{\"@type\":\"ListItem\",\"position\":1,\"name\":\"Portada\",\"item\":\"https:\\\/\\\/diarioellabrador.cl\\\/\"},{\"@type\":\"ListItem\",\"position\":2,\"name\":\"Femicidio en Melipilla deja dos fallecidos y dos menores heridos\"}]},{\"@type\":\"WebSite\",\"@id\":\"https:\\\/\\\/diarioellabrador.cl\\\/#website\",\"url\":\"https:\\\/\\\/diarioellabrador.cl\\\/\",\"name\":\"Diario El Labrador\",\"description\":\"Haciendo noticia desde 1921\",\"publisher\":{\"@id\":\"https:\\\/\\\/diarioellabrador.cl\\\/#organization\"},\"potentialAction\":[{\"@type\":\"SearchAction\",\"target\":{\"@type\":\"EntryPoint\",\"urlTemplate\":\"https:\\\/\\\/diarioellabrador.cl\\\/?s={search_term_string}\"},\"query-input\":{\"@type\":\"PropertyValueSpecification\",\"valueRequired\":true,\"valueName\":\"search_term_string\"}}],\"inLanguage\":\"es\"},{\"@type\":\"Organization\",\"@id\":\"https:\\\/\\\/diarioellabrador.cl\\\/#organization\",\"name\":\"Diario El Labrador\",\"url\":\"https:\\\/\\\/diarioellabrador.cl\\\/\",\"logo\":{\"@type\":\"ImageObject\",\"inLanguage\":\"es\",\"@id\":\"https:\\\/\\\/diarioellabrador.cl\\\/#\\\/schema\\\/logo\\\/image\\\/\",\"url\":\"https:\\\/\\\/diarioellabrador.cl\\\/wp-content\\\/uploads\\\/2025\\\/02\\\/cropped-Logo-Icono.png\",\"contentUrl\":\"https:\\\/\\\/diarioellabrador.cl\\\/wp-content\\\/uploads\\\/2025\\\/02\\\/cropped-Logo-Icono.png\",\"width\":512,\"height\":512,\"caption\":\"Diario El Labrador\"},\"image\":{\"@id\":\"https:\\\/\\\/diarioellabrador.cl\\\/#\\\/schema\\\/logo\\\/image\\\/\"},\"sameAs\":[\"https:\\\/\\\/web.facebook.com\\\/profile.php?id=61576120840621\",\"https:\\\/\\\/x.com\\\/ElLabradorOf\",\"https:\\\/\\\/www.instagram.com\\\/diarioellabradoroficial\\\/\"]},{\"@type\":\"Person\",\"@id\":\"https:\\\/\\\/diarioellabrador.cl\\\/#\\\/schema\\\/person\\\/c383d92efad34bd74efe3430f66ee1bf\",\"name\":\"admin\",\"image\":{\"@type\":\"ImageObject\",\"inLanguage\":\"es\",\"@id\":\"https:\\\/\\\/secure.gravatar.com\\\/avatar\\\/f2b04ef5ff46f7bc0c6dab236215446500e536afa204e24fb3ed2650f89e7ba0?s=96&d=mm&r=g\",\"url\":\"https:\\\/\\\/secure.gravatar.com\\\/avatar\\\/f2b04ef5ff46f7bc0c6dab236215446500e536afa204e24fb3ed2650f89e7ba0?s=96&d=mm&r=g\",\"contentUrl\":\"https:\\\/\\\/secure.gravatar.com\\\/avatar\\\/f2b04ef5ff46f7bc0c6dab236215446500e536afa204e24fb3ed2650f89e7ba0?s=96&d=mm&r=g\",\"caption\":\"admin\"},\"sameAs\":[\"https:\\\/\\\/diarioellabrador.cl\"],\"url\":\"https:\\\/\\\/diarioellabrador.cl\\\/index.php\\\/author\\\/admin_5xncia3i\\\/\"}]}<\/script>\n<!-- \/ Yoast SEO plugin. -->","yoast_head_json":{"title":"Femicidio en Melipilla deja dos fallecidos y dos menores heridos - Diario El Labrador","robots":{"index":"index","follow":"follow","max-snippet":"max-snippet:-1","max-image-preview":"max-image-preview:large","max-video-preview":"max-video-preview:-1"},"canonical":"https:\/\/diarioellabrador.cl\/index.php\/2025\/11\/11\/femicidio-en-melipilla-deja-dos-fallecidos-y-dos-menores-heridos\/","og_locale":"es_ES","og_type":"article","og_title":"Femicidio en Melipilla deja dos fallecidos y dos menores heridos - Diario El Labrador","og_description":"Un violento suceso conmocion\u00f3 durante la ma\u00f1ana de este martes al sector de Santa Rosa Esmeralda, en la comuna de Melipilla, luego de que una mujer fuera encontrada en la v\u00eda p\u00fablica con heridas cortopunzantes y sangrado en el rostro. Seg\u00fan informaci\u00f3n entregada por Carabineros de la 24\u00aa Comisar\u00eda, el hecho fue reportado alrededor de Leer m\u00e1s","og_url":"https:\/\/diarioellabrador.cl\/index.php\/2025\/11\/11\/femicidio-en-melipilla-deja-dos-fallecidos-y-dos-menores-heridos\/","og_site_name":"Diario El Labrador","article_publisher":"https:\/\/web.facebook.com\/profile.php?id=61576120840621","article_published_time":"2025-11-11T15:21:10+00:00","article_modified_time":"2025-11-11T16:23:04+00:00","og_image":[{"width":1200,"height":633,"url":"https:\/\/diarioellabrador.cl\/wp-content\/uploads\/2025\/11\/WhatsApp-Image-2025-11-11-at-1.13.16-PM.jpeg","type":"image\/jpeg"}],"author":"admin","twitter_card":"summary_large_image","twitter_creator":"@ElLabradorOf","twitter_site":"@ElLabradorOf","twitter_misc":{"Escrito por":"admin","Tiempo de lectura":"2 minutos"},"schema":{"@context":"https:\/\/schema.org","@graph":[{"@type":"Article","@id":"https:\/\/diarioellabrador.cl\/index.php\/2025\/11\/11\/femicidio-en-melipilla-deja-dos-fallecidos-y-dos-menores-heridos\/#article","isPartOf":{"@id":"https:\/\/diarioellabrador.cl\/index.php\/2025\/11\/11\/femicidio-en-melipilla-deja-dos-fallecidos-y-dos-menores-heridos\/"},"author":{"name":"admin","@id":"https:\/\/diarioellabrador.cl\/#\/schema\/person\/c383d92efad34bd74efe3430f66ee1bf"},"headline":"Femicidio en Melipilla deja dos fallecidos y dos menores heridos","datePublished":"2025-11-11T15:21:10+00:00","dateModified":"2025-11-11T16:23:04+00:00","mainEntityOfPage":{"@id":"https:\/\/diarioellabrador.cl\/index.php\/2025\/11\/11\/femicidio-en-melipilla-deja-dos-fallecidos-y-dos-menores-heridos\/"},"wordCount":193,"commentCount":0,"publisher":{"@id":"https:\/\/diarioellabrador.cl\/#organization"},"image":{"@id":"https:\/\/diarioellabrador.cl\/index.php\/2025\/11\/11\/femicidio-en-melipilla-deja-dos-fallecidos-y-dos-menores-heridos\/#primaryimage"},"thumbnailUrl":"https:\/\/diarioellabrador.cl\/wp-content\/uploads\/2025\/11\/WhatsApp-Image-2025-11-11-at-1.13.16-PM.jpeg","articleSection":["Policial"],"inLanguage":"es","potentialAction":[{"@type":"CommentAction","name":"Comment","target":["https:\/\/diarioellabrador.cl\/index.php\/2025\/11\/11\/femicidio-en-melipilla-deja-dos-fallecidos-y-dos-menores-heridos\/#respond"]}]},{"@type":"WebPage","@id":"https:\/\/diarioellabrador.cl\/index.php\/2025\/11\/11\/femicidio-en-melipilla-deja-dos-fallecidos-y-dos-menores-heridos\/","url":"https:\/\/diarioellabrador.cl\/index.php\/2025\/11\/11\/femicidio-en-melipilla-deja-dos-fallecidos-y-dos-menores-heridos\/","name":"Femicidio en Melipilla deja dos fallecidos y dos menores heridos - Diario El Labrador","isPartOf":{"@id":"https:\/\/diarioellabrador.cl\/#website"},"primaryImageOfPage":{"@id":"https:\/\/diarioellabrador.cl\/index.php\/2025\/11\/11\/femicidio-en-melipilla-deja-dos-fallecidos-y-dos-menores-heridos\/#primaryimage"},"image":{"@id":"https:\/\/diarioellabrador.cl\/index.php\/2025\/11\/11\/femicidio-en-melipilla-deja-dos-fallecidos-y-dos-menores-heridos\/#primaryimage"},"thumbnailUrl":"https:\/\/diarioellabrador.cl\/wp-content\/uploads\/2025\/11\/WhatsApp-Image-2025-11-11-at-1.13.16-PM.jpeg","datePublished":"2025-11-11T15:21:10+00:00","dateModified":"2025-11-11T16:23:04+00:00","breadcrumb":{"@id":"https:\/\/diarioellabrador.cl\/index.php\/2025\/11\/11\/femicidio-en-melipilla-deja-dos-fallecidos-y-dos-menores-heridos\/#breadcrumb"},"inLanguage":"es","potentialAction":[{"@type":"ReadAction","target":["https:\/\/diarioellabrador.cl\/index.php\/2025\/11\/11\/femicidio-en-melipilla-deja-dos-fallecidos-y-dos-menores-heridos\/"]}]},{"@type":"ImageObject","inLanguage":"es","@id":"https:\/\/diarioellabrador.cl\/index.php\/2025\/11\/11\/femicidio-en-melipilla-deja-dos-fallecidos-y-dos-menores-heridos\/#primaryimage","url":"https:\/\/diarioellabrador.cl\/wp-content\/uploads\/2025\/11\/WhatsApp-Image-2025-11-11-at-1.13.16-PM.jpeg","contentUrl":"https:\/\/diarioellabrador.cl\/wp-content\/uploads\/2025\/11\/WhatsApp-Image-2025-11-11-at-1.13.16-PM.jpeg","width":1200,"height":633},{"@type":"BreadcrumbList","@id":"https:\/\/diarioellabrador.cl\/index.php\/2025\/11\/11\/femicidio-en-melipilla-deja-dos-fallecidos-y-dos-menores-heridos\/#breadcrumb","itemListElement":[{"@type":"ListItem","position":1,"name":"Portada","item":"https:\/\/diarioellabrador.cl\/"},{"@type":"ListItem","position":2,"name":"Femicidio en Melipilla deja dos fallecidos y dos menores heridos"}]},{"@type":"WebSite","@id":"https:\/\/diarioellabrador.cl\/#website","url":"https:\/\/diarioellabrador.cl\/","name":"Diario El Labrador","description":"Haciendo noticia desde 1921","publisher":{"@id":"https:\/\/diarioellabrador.cl\/#organization"},"potentialAction":[{"@type":"SearchAction","target":{"@type":"EntryPoint","urlTemplate":"https:\/\/diarioellabrador.cl\/?s={search_term_string}"},"query-input":{"@type":"PropertyValueSpecification","valueRequired":true,"valueName":"search_term_string"}}],"inLanguage":"es"},{"@type":"Organization","@id":"https:\/\/diarioellabrador.cl\/#organization","name":"Diario El Labrador","url":"https:\/\/diarioellabrador.cl\/","logo":{"@type":"ImageObject","inLanguage":"es","@id":"https:\/\/diarioellabrador.cl\/#\/schema\/logo\/image\/","url":"https:\/\/diarioellabrador.cl\/wp-content\/uploads\/2025\/02\/cropped-Logo-Icono.png","contentUrl":"https:\/\/diarioellabrador.cl\/wp-content\/uploads\/2025\/02\/cropped-Logo-Icono.png","width":512,"height":512,"caption":"Diario El Labrador"},"image":{"@id":"https:\/\/diarioellabrador.cl\/#\/schema\/logo\/image\/"},"sameAs":["https:\/\/web.facebook.com\/profile.php?id=61576120840621","https:\/\/x.com\/ElLabradorOf","https:\/\/www.instagram.com\/diarioellabradoroficial\/"]},{"@type":"Person","@id":"https:\/\/diarioellabrador.cl\/#\/schema\/person\/c383d92efad34bd74efe3430f66ee1bf","name":"admin","image":{"@type":"ImageObject","inLanguage":"es","@id":"https:\/\/secure.gravatar.com\/avatar\/f2b04ef5ff46f7bc0c6dab236215446500e536afa204e24fb3ed2650f89e7ba0?s=96&d=mm&r=g","url":"https:\/\/secure.gravatar.com\/avatar\/f2b04ef5ff46f7bc0c6dab236215446500e536afa204e24fb3ed2650f89e7ba0?s=96&d=mm&r=g","contentUrl":"https:\/\/secure.gravatar.com\/avatar\/f2b04ef5ff46f7bc0c6dab236215446500e536afa204e24fb3ed2650f89e7ba0?s=96&d=mm&r=g","caption":"admin"},"sameAs":["https:\/\/diarioellabrador.cl"],"url":"https:\/\/diarioellabrador.cl\/index.php\/author\/admin_5xncia3i\/"}]}},"_links":{"self":[{"href":"https:\/\/diarioellabrador.cl\/index.php\/wp-json\/wp\/v2\/posts\/11203","targetHints":{"allow":["GET"]}}],"collection":[{"href":"https:\/\/diarioellabrador.cl\/index.php\/wp-json\/wp\/v2\/posts"}],"about":[{"href":"https:\/\/diarioellabrador.cl\/index.php\/wp-json\/wp\/v2\/types\/post"}],"author":[{"embeddable":true,"href":"https:\/\/diarioellabrador.cl\/index.php\/wp-json\/wp\/v2\/users\/1"}],"replies":[{"embeddable":true,"href":"https:\/\/diarioellabrador.cl\/index.php\/wp-json\/wp\/v2\/comments?post=11203"}],"version-history":[{"count":2,"href":"https:\/\/diarioellabrador.cl\/index.php\/wp-json\/wp\/v2\/posts\/11203\/revisions"}],"predecessor-version":[{"id":11206,"href":"https:\/\/diarioellabrador.cl\/index.php\/wp-json\/wp\/v2\/posts\/11203\/revisions\/11206"}],"wp:featuredmedia":[{"embeddable":true,"href":"https:\/\/diarioellabrador.cl\/index.php\/wp-json\/wp\/v2\/media\/11207"}],"wp:attachment":[{"href":"https:\/\/diarioellabrador.cl\/index.php\/wp-json\/wp\/v2\/media?parent=11203"}],"wp:term":[{"taxonomy":"category","embeddable":true,"href":"https:\/\/diarioellabrador.cl\/index.php\/wp-json\/wp\/v2\/categories?post=11203"},{"taxonomy":"post_tag","embeddable":true,"href":"https:\/\/diarioellabrador.cl\/index.php\/wp-json\/wp\/v2\/tags?post=11203"}],"curies":[{"name":"wp","href":"https:\/\/api.w.org\/{rel}","templated":true}]}}