{"id":10899,"date":"2025-11-04T18:08:18","date_gmt":"2025-11-04T22:08:18","guid":{"rendered":"https:\/\/diarioellabrador.cl\/?p=10899"},"modified":"2025-11-04T18:08:20","modified_gmt":"2025-11-04T22:08:20","slug":"personas-mayores-de-la-provincia-de-melipilla-se-informan-sobre-los-beneficios-de-la-reforma-de-pensiones","status":"publish","type":"post","link":"https:\/\/diarioellabrador.cl\/index.php\/2025\/11\/04\/personas-mayores-de-la-provincia-de-melipilla-se-informan-sobre-los-beneficios-de-la-reforma-de-pensiones\/","title":{"rendered":"Personas mayores de la Provincia de Melipilla se informan sobre los beneficios de la Reforma de Pensiones"},"content":{"rendered":"\n<ul class=\"wp-block-list\">\n<li><strong>La jornada reuni\u00f3 a organizaciones de personas mayores de Alhu\u00e9, Curacav\u00ed, Mar\u00eda Pinto, Melipilla y San Pedro, quienes conocieron los principales alcances de la Ley N\u00b021.735, que entr\u00f3 en vigencia en marzo de este a\u00f1o.<\/strong><\/li>\n<\/ul>\n\n\n\n<p>En el marco de la implementaci\u00f3n de la Reforma de Pensiones impulsada por el Ministerio del Trabajo y la Subsecretar\u00eda de Previsi\u00f3n Social, se desarroll\u00f3 una jornada informativa dirigida a personas mayores de la Provincia de Melipilla, actividad que fue encabezada por el delegado presidencial provincial, Basti\u00e1n Alarc\u00f3n, junto al subsecretario de Previsi\u00f3n Social, Claudio Reyes, y el seremi del Trabajo, Andr\u00e9s Arce, quienes entregaron detalles sobre los principales beneficios que contempla la Ley N\u00b021.735, la cual entr\u00f3 en vigencia en marzo del 2025.<\/p>\n\n\n\n<p>El encuentro cont\u00f3 con la participaci\u00f3n de organizaciones de personas mayores de las cinco comunas del territorio, tanto de Alhu\u00e9, Curacav\u00ed, Mar\u00eda Pinto, Melipilla y San Pedro, asistiendo diversas autoridades locales, entre ellas el alcalde de San Pedro, Manuel Devia.<\/p>\n\n\n\n<p>El delegado provincial de Melipilla, Basti\u00e1n Alarc\u00f3n, detall\u00f3 que durante la jornada se abordaron temas como el aumento de la Pensi\u00f3n Garantizada Universal (PGU), el reconocimiento de los a\u00f1os de trabajo y cotizaci\u00f3n, y otros beneficios que buscan mejorar la calidad de vida de las y los pensionados del pa\u00eds.<\/p>\n\n\n\n<p>\u201cTuvimos una jornada masiva con nuestras personas mayores de toda la provincia. Agradecer a todos los municipios que trajeron sus buses con sus adultos mayores, donde incluso vino el alcalde de San Pedro Manuel Devia, a informarse de qu\u00e9 se trata esta Reforma de Pensiones, que desde 1981 no se reformaba, donde estuvimos en el Liceo Polit\u00e9cnico adem\u00e1s con estudiantes explicando esta materia. Esto, porque en 1981 los j\u00f3venes que estaban saliendo de cuarto medio, hoy se est\u00e1n jubilando, hace 44 a\u00f1os atr\u00e1s, as\u00ed entiendan esta brecha hist\u00f3rica, donde se avanz\u00f3 a un paso agigantado en este \u00faltimo a\u00f1o gracias al legado del presidente Gabriel Boric y la ex ministra de trabajo, es por eso que estamos compartiendo la informaci\u00f3n de c\u00f3mo se lleg\u00f3 a este acuerdo pol\u00edtico, y c\u00f3mo van a subir las pensiones mejorando la calidad de vida de nuestras personas mayores, especialmente mujeres que est\u00e1n pensionadas\u201d.<\/p>\n\n\n\n<p>Asimismo, el subsecretario de Previsi\u00f3n Social, Claudio Reyes, destac\u00f3 la masiva jornada. \u201cAprovechamos de informar sobre la reforma de pensiones, reforma que ya est\u00e1 en marcha, y principalmente los beneficios que trae. El Aumento de pensiones, aumento de PGU a 250 mil pesos para mayores de 82 o m\u00e1s a\u00f1os que comenz\u00f3 a ocurrir en septiembre, y lo que viene en enero del 2026 que es el aumento de las pensiones para las mujeres por mayores expectativas de vida, y para mujeres y hombres que tienen m\u00e1s de 10 y 20 a\u00f1os cotizados respectivamente, por lo tanto, van recibir un bono compensatorio que puede llegar a los 100 mil pesos mensuales de forma autom\u00e1tica y sin papelero\u201d, detallando que estar\u00e1n entregando la informaci\u00f3n como Gobierno en los diversos rincones del pa\u00eds. &nbsp;<\/p>\n\n\n\n<figure class=\"wp-block-image size-large\"><img loading=\"lazy\" decoding=\"async\" width=\"1024\" height=\"768\" src=\"https:\/\/diarioellabrador.cl\/wp-content\/uploads\/2025\/11\/Personas-mayores-de-la-Provincia-de-Melipilla-se-informan-sobre-los-beneficios-de-la-Reforma-de-Pensiones-2-1024x768.jpg\" alt=\"\" class=\"wp-image-10868\" srcset=\"https:\/\/diarioellabrador.cl\/wp-content\/uploads\/2025\/11\/Personas-mayores-de-la-Provincia-de-Melipilla-se-informan-sobre-los-beneficios-de-la-Reforma-de-Pensiones-2-1024x768.jpg 1024w, https:\/\/diarioellabrador.cl\/wp-content\/uploads\/2025\/11\/Personas-mayores-de-la-Provincia-de-Melipilla-se-informan-sobre-los-beneficios-de-la-Reforma-de-Pensiones-2-300x225.jpg 300w, https:\/\/diarioellabrador.cl\/wp-content\/uploads\/2025\/11\/Personas-mayores-de-la-Provincia-de-Melipilla-se-informan-sobre-los-beneficios-de-la-Reforma-de-Pensiones-2-768x576.jpg 768w, https:\/\/diarioellabrador.cl\/wp-content\/uploads\/2025\/11\/Personas-mayores-de-la-Provincia-de-Melipilla-se-informan-sobre-los-beneficios-de-la-Reforma-de-Pensiones-2-1536x1152.jpg 1536w, https:\/\/diarioellabrador.cl\/wp-content\/uploads\/2025\/11\/Personas-mayores-de-la-Provincia-de-Melipilla-se-informan-sobre-los-beneficios-de-la-Reforma-de-Pensiones-2-800x600.jpg 800w, https:\/\/diarioellabrador.cl\/wp-content\/uploads\/2025\/11\/Personas-mayores-de-la-Provincia-de-Melipilla-se-informan-sobre-los-beneficios-de-la-Reforma-de-Pensiones-2-600x450.jpg 600w, https:\/\/diarioellabrador.cl\/wp-content\/uploads\/2025\/11\/Personas-mayores-de-la-Provincia-de-Melipilla-se-informan-sobre-los-beneficios-de-la-Reforma-de-Pensiones-2-400x300.jpg 400w, https:\/\/diarioellabrador.cl\/wp-content\/uploads\/2025\/11\/Personas-mayores-de-la-Provincia-de-Melipilla-se-informan-sobre-los-beneficios-de-la-Reforma-de-Pensiones-2.jpg 2048w\" sizes=\"auto, (max-width: 1024px) 100vw, 1024px\" \/><\/figure>\n\n\n\n<p>Andr\u00e9s Arce, seremi del trabajo, puntualiz\u00f3 que la jornada se enmarca dentro de los objetivos del Ministerio del Interior, para informar a la comunidad respecto a los principales aspectos de la Reforma de Pensiones, labor que han realizado de la mano con la Subsecretar\u00eda de Previsi\u00f3n Social en la Regi\u00f3n Metropolitana. \u201cHoy estamos cont\u00e1ndole a los vecinos y vecinas en qu\u00e9 consisten los beneficios a la Reforma de Pensiones, donde hemos destacado particularmente tres elementos, el primero que es la creaci\u00f3n del seguro social; la reincorporaci\u00f3n del empleador a la cotizaci\u00f3n; y el tercero -que es el beneficio m\u00e1s valorado por los vecinos y vecinas- que es el aumento de la PGU, primero para personas de 82 y m\u00e1s a\u00f1os este 2025, el pr\u00f3ximo a\u00f1o para mayores de 75, y el subsiguiente a\u00f1o para todos quienes son beneficiarios de la PGU\u201d.&nbsp;<\/p>\n\n\n\n<p>Paralelamente, el alcalde de San Pedro, Manuel Devia, destac\u00f3 la actividad. \u201cFue una buena instancia para dar a conocer a nuestras personas mayores c\u00f3mo se viene la Reforma a las Pensiones, un gran paso para nuestros adultos mayores que mejorar\u00e1 considerablemente el monto que reciben a la hora de jubilarse. Quisiera destacar que los diversos sectores pol\u00edticos estuvieron abiertos a la discusi\u00f3n de aprobar esta reforma, porque eso es muy importante, porque a veces cuesta que se pongan de acuerdo los diversos sectores pol\u00edticos, y en este caso, hubo acuerdo y se avanza considerablemente en que nuestros adultos mayores tengan una pensi\u00f3n un poco mejor\u201d.<\/p>\n\n\n\n<p>Asimismo, Irma Calder\u00f3n, vecina de la comuna de Mar\u00eda Pinto, agradeci\u00f3 la instancia y valor\u00f3 la claridad de los contenidos entregados. \u201cEncontr\u00e9 espectacular la informaci\u00f3n que nos dieron, porque as\u00ed nosotros podemos decir que logramos algo. La informaci\u00f3n est\u00e1 muy buena y me alegro por mis adultos mayores por estos avances. Me alegro por la comunidad; muy buena la informaci\u00f3n que nos dieron y los cambios que vienen\u201d, haciendo un llamado a la comunidad a informarse y participar activamente en estas jornadas, con el fin de contar con las herramientas necesarias para comprender los beneficios y transformaciones que trae la Reforma de Pensiones.<\/p>\n\n\n\n<p>Finalmente, las autoridades reiteraron el llamado a informarse por canales oficiales, a trav\u00e9s del sitio web <a href=\"http:\/\/www.lareformadepensiones.cl\">www.lareformadepensiones.cl<\/a>, o acercarse a las oficinas de ChileAtiente\/IPS para conocer m\u00e1s detalles de esta reforma.<\/p>\n","protected":false},"excerpt":{"rendered":"<p>En el marco de la implementaci\u00f3n de la Reforma de Pensiones impulsada por el Ministerio del Trabajo y la Subsecretar\u00eda de Previsi\u00f3n Social, se desarroll\u00f3 una jornada informativa dirigida a personas mayores de la Provincia de Melipilla, actividad que fue encabezada por el delegado presidencial provincial, Basti\u00e1n Alarc\u00f3n, junto al subsecretario de Previsi\u00f3n Social, Claudio<\/p>\n<div class=\"read-more-wrapper\"><a class=\"read-more\" href=\"https:\/\/diarioellabrador.cl\/index.php\/2025\/11\/04\/personas-mayores-de-la-provincia-de-melipilla-se-informan-sobre-los-beneficios-de-la-reforma-de-pensiones\/\" title=\"Leer m\u00e1s\"> <span class=\"button \">Leer m\u00e1s<\/span><\/a><\/div>\n","protected":false},"author":2,"featured_media":10867,"comment_status":"open","ping_status":"open","sticky":false,"template":"","format":"standard","meta":{"footnotes":""},"categories":[1],"tags":[],"class_list":["post-10899","post","type-post","status-publish","format-standard","has-post-thumbnail","hentry","category-cronica"],"yoast_head":"<!-- This site is optimized with the Yoast SEO plugin v27.5 - https:\/\/yoast.com\/product\/yoast-seo-wordpress\/ -->\n<title>Personas mayores de la Provincia de Melipilla se informan sobre los beneficios de la Reforma de Pensiones - Diario El Labrador<\/title>\n<meta name=\"robots\" content=\"index, follow, max-snippet:-1, max-image-preview:large, max-video-preview:-1\" \/>\n<link rel=\"canonical\" href=\"https:\/\/diarioellabrador.cl\/index.php\/2025\/11\/04\/personas-mayores-de-la-provincia-de-melipilla-se-informan-sobre-los-beneficios-de-la-reforma-de-pensiones\/\" \/>\n<meta property=\"og:locale\" content=\"es_ES\" \/>\n<meta property=\"og:type\" content=\"article\" \/>\n<meta property=\"og:title\" content=\"Personas mayores de la Provincia de Melipilla se informan sobre los beneficios de la Reforma de Pensiones - Diario El Labrador\" \/>\n<meta property=\"og:description\" content=\"En el marco de la implementaci\u00f3n de la Reforma de Pensiones impulsada por el Ministerio del Trabajo y la Subsecretar\u00eda de Previsi\u00f3n Social, se desarroll\u00f3 una jornada informativa dirigida a personas mayores de la Provincia de Melipilla, actividad que fue encabezada por el delegado presidencial provincial, Basti\u00e1n Alarc\u00f3n, junto al subsecretario de Previsi\u00f3n Social, Claudio Leer m\u00e1s\" \/>\n<meta property=\"og:url\" content=\"https:\/\/diarioellabrador.cl\/index.php\/2025\/11\/04\/personas-mayores-de-la-provincia-de-melipilla-se-informan-sobre-los-beneficios-de-la-reforma-de-pensiones\/\" \/>\n<meta property=\"og:site_name\" content=\"Diario El Labrador\" \/>\n<meta property=\"article:publisher\" content=\"https:\/\/web.facebook.com\/profile.php?id=61576120840621\" \/>\n<meta property=\"article:published_time\" content=\"2025-11-04T22:08:18+00:00\" \/>\n<meta property=\"article:modified_time\" content=\"2025-11-04T22:08:20+00:00\" \/>\n<meta property=\"og:image\" content=\"https:\/\/diarioellabrador.cl\/wp-content\/uploads\/2025\/11\/Personas-mayores-de-la-Provincia-de-Melipilla-se-informan-sobre-los-beneficios-de-la-Reforma-de-Pensiones-1.jpg\" \/>\n\t<meta property=\"og:image:width\" content=\"2048\" \/>\n\t<meta property=\"og:image:height\" content=\"1536\" \/>\n\t<meta property=\"og:image:type\" content=\"image\/jpeg\" \/>\n<meta name=\"author\" content=\"Editor\" \/>\n<meta name=\"twitter:card\" content=\"summary_large_image\" \/>\n<meta name=\"twitter:creator\" content=\"@ElLabradorOf\" \/>\n<meta name=\"twitter:site\" content=\"@ElLabradorOf\" \/>\n<meta name=\"twitter:label1\" content=\"Escrito por\" \/>\n\t<meta name=\"twitter:data1\" content=\"Editor\" \/>\n\t<meta name=\"twitter:label2\" content=\"Tiempo de lectura\" \/>\n\t<meta name=\"twitter:data2\" content=\"5 minutos\" \/>\n<script type=\"application\/ld+json\" class=\"yoast-schema-graph\">{\"@context\":\"https:\\\/\\\/schema.org\",\"@graph\":[{\"@type\":\"Article\",\"@id\":\"https:\\\/\\\/diarioellabrador.cl\\\/index.php\\\/2025\\\/11\\\/04\\\/personas-mayores-de-la-provincia-de-melipilla-se-informan-sobre-los-beneficios-de-la-reforma-de-pensiones\\\/#article\",\"isPartOf\":{\"@id\":\"https:\\\/\\\/diarioellabrador.cl\\\/index.php\\\/2025\\\/11\\\/04\\\/personas-mayores-de-la-provincia-de-melipilla-se-informan-sobre-los-beneficios-de-la-reforma-de-pensiones\\\/\"},\"author\":{\"name\":\"Editor\",\"@id\":\"https:\\\/\\\/diarioellabrador.cl\\\/#\\\/schema\\\/person\\\/bc25ff80b4563f9c7f4bd7855df01685\"},\"headline\":\"Personas mayores de la Provincia de Melipilla se informan sobre los beneficios de la Reforma de Pensiones\",\"datePublished\":\"2025-11-04T22:08:18+00:00\",\"dateModified\":\"2025-11-04T22:08:20+00:00\",\"mainEntityOfPage\":{\"@id\":\"https:\\\/\\\/diarioellabrador.cl\\\/index.php\\\/2025\\\/11\\\/04\\\/personas-mayores-de-la-provincia-de-melipilla-se-informan-sobre-los-beneficios-de-la-reforma-de-pensiones\\\/\"},\"wordCount\":943,\"commentCount\":0,\"publisher\":{\"@id\":\"https:\\\/\\\/diarioellabrador.cl\\\/#organization\"},\"image\":{\"@id\":\"https:\\\/\\\/diarioellabrador.cl\\\/index.php\\\/2025\\\/11\\\/04\\\/personas-mayores-de-la-provincia-de-melipilla-se-informan-sobre-los-beneficios-de-la-reforma-de-pensiones\\\/#primaryimage\"},\"thumbnailUrl\":\"https:\\\/\\\/diarioellabrador.cl\\\/wp-content\\\/uploads\\\/2025\\\/11\\\/Personas-mayores-de-la-Provincia-de-Melipilla-se-informan-sobre-los-beneficios-de-la-Reforma-de-Pensiones-1.jpg\",\"articleSection\":[\"Cr\u00f3nica\"],\"inLanguage\":\"es\",\"potentialAction\":[{\"@type\":\"CommentAction\",\"name\":\"Comment\",\"target\":[\"https:\\\/\\\/diarioellabrador.cl\\\/index.php\\\/2025\\\/11\\\/04\\\/personas-mayores-de-la-provincia-de-melipilla-se-informan-sobre-los-beneficios-de-la-reforma-de-pensiones\\\/#respond\"]}]},{\"@type\":\"WebPage\",\"@id\":\"https:\\\/\\\/diarioellabrador.cl\\\/index.php\\\/2025\\\/11\\\/04\\\/personas-mayores-de-la-provincia-de-melipilla-se-informan-sobre-los-beneficios-de-la-reforma-de-pensiones\\\/\",\"url\":\"https:\\\/\\\/diarioellabrador.cl\\\/index.php\\\/2025\\\/11\\\/04\\\/personas-mayores-de-la-provincia-de-melipilla-se-informan-sobre-los-beneficios-de-la-reforma-de-pensiones\\\/\",\"name\":\"Personas mayores de la Provincia de Melipilla se informan sobre los beneficios de la Reforma de Pensiones - Diario El Labrador\",\"isPartOf\":{\"@id\":\"https:\\\/\\\/diarioellabrador.cl\\\/#website\"},\"primaryImageOfPage\":{\"@id\":\"https:\\\/\\\/diarioellabrador.cl\\\/index.php\\\/2025\\\/11\\\/04\\\/personas-mayores-de-la-provincia-de-melipilla-se-informan-sobre-los-beneficios-de-la-reforma-de-pensiones\\\/#primaryimage\"},\"image\":{\"@id\":\"https:\\\/\\\/diarioellabrador.cl\\\/index.php\\\/2025\\\/11\\\/04\\\/personas-mayores-de-la-provincia-de-melipilla-se-informan-sobre-los-beneficios-de-la-reforma-de-pensiones\\\/#primaryimage\"},\"thumbnailUrl\":\"https:\\\/\\\/diarioellabrador.cl\\\/wp-content\\\/uploads\\\/2025\\\/11\\\/Personas-mayores-de-la-Provincia-de-Melipilla-se-informan-sobre-los-beneficios-de-la-Reforma-de-Pensiones-1.jpg\",\"datePublished\":\"2025-11-04T22:08:18+00:00\",\"dateModified\":\"2025-11-04T22:08:20+00:00\",\"breadcrumb\":{\"@id\":\"https:\\\/\\\/diarioellabrador.cl\\\/index.php\\\/2025\\\/11\\\/04\\\/personas-mayores-de-la-provincia-de-melipilla-se-informan-sobre-los-beneficios-de-la-reforma-de-pensiones\\\/#breadcrumb\"},\"inLanguage\":\"es\",\"potentialAction\":[{\"@type\":\"ReadAction\",\"target\":[\"https:\\\/\\\/diarioellabrador.cl\\\/index.php\\\/2025\\\/11\\\/04\\\/personas-mayores-de-la-provincia-de-melipilla-se-informan-sobre-los-beneficios-de-la-reforma-de-pensiones\\\/\"]}]},{\"@type\":\"ImageObject\",\"inLanguage\":\"es\",\"@id\":\"https:\\\/\\\/diarioellabrador.cl\\\/index.php\\\/2025\\\/11\\\/04\\\/personas-mayores-de-la-provincia-de-melipilla-se-informan-sobre-los-beneficios-de-la-reforma-de-pensiones\\\/#primaryimage\",\"url\":\"https:\\\/\\\/diarioellabrador.cl\\\/wp-content\\\/uploads\\\/2025\\\/11\\\/Personas-mayores-de-la-Provincia-de-Melipilla-se-informan-sobre-los-beneficios-de-la-Reforma-de-Pensiones-1.jpg\",\"contentUrl\":\"https:\\\/\\\/diarioellabrador.cl\\\/wp-content\\\/uploads\\\/2025\\\/11\\\/Personas-mayores-de-la-Provincia-de-Melipilla-se-informan-sobre-los-beneficios-de-la-Reforma-de-Pensiones-1.jpg\",\"width\":2048,\"height\":1536},{\"@type\":\"BreadcrumbList\",\"@id\":\"https:\\\/\\\/diarioellabrador.cl\\\/index.php\\\/2025\\\/11\\\/04\\\/personas-mayores-de-la-provincia-de-melipilla-se-informan-sobre-los-beneficios-de-la-reforma-de-pensiones\\\/#breadcrumb\",\"itemListElement\":[{\"@type\":\"ListItem\",\"position\":1,\"name\":\"Portada\",\"item\":\"https:\\\/\\\/diarioellabrador.cl\\\/\"},{\"@type\":\"ListItem\",\"position\":2,\"name\":\"Personas mayores de la Provincia de Melipilla se informan sobre los beneficios de la Reforma de Pensiones\"}]},{\"@type\":\"WebSite\",\"@id\":\"https:\\\/\\\/diarioellabrador.cl\\\/#website\",\"url\":\"https:\\\/\\\/diarioellabrador.cl\\\/\",\"name\":\"Diario El Labrador\",\"description\":\"Haciendo noticia desde 1921\",\"publisher\":{\"@id\":\"https:\\\/\\\/diarioellabrador.cl\\\/#organization\"},\"potentialAction\":[{\"@type\":\"SearchAction\",\"target\":{\"@type\":\"EntryPoint\",\"urlTemplate\":\"https:\\\/\\\/diarioellabrador.cl\\\/?s={search_term_string}\"},\"query-input\":{\"@type\":\"PropertyValueSpecification\",\"valueRequired\":true,\"valueName\":\"search_term_string\"}}],\"inLanguage\":\"es\"},{\"@type\":\"Organization\",\"@id\":\"https:\\\/\\\/diarioellabrador.cl\\\/#organization\",\"name\":\"Diario El Labrador\",\"url\":\"https:\\\/\\\/diarioellabrador.cl\\\/\",\"logo\":{\"@type\":\"ImageObject\",\"inLanguage\":\"es\",\"@id\":\"https:\\\/\\\/diarioellabrador.cl\\\/#\\\/schema\\\/logo\\\/image\\\/\",\"url\":\"https:\\\/\\\/diarioellabrador.cl\\\/wp-content\\\/uploads\\\/2025\\\/02\\\/cropped-Logo-Icono.png\",\"contentUrl\":\"https:\\\/\\\/diarioellabrador.cl\\\/wp-content\\\/uploads\\\/2025\\\/02\\\/cropped-Logo-Icono.png\",\"width\":512,\"height\":512,\"caption\":\"Diario El Labrador\"},\"image\":{\"@id\":\"https:\\\/\\\/diarioellabrador.cl\\\/#\\\/schema\\\/logo\\\/image\\\/\"},\"sameAs\":[\"https:\\\/\\\/web.facebook.com\\\/profile.php?id=61576120840621\",\"https:\\\/\\\/x.com\\\/ElLabradorOf\",\"https:\\\/\\\/www.instagram.com\\\/diarioellabradoroficial\\\/\"]},{\"@type\":\"Person\",\"@id\":\"https:\\\/\\\/diarioellabrador.cl\\\/#\\\/schema\\\/person\\\/bc25ff80b4563f9c7f4bd7855df01685\",\"name\":\"Editor\",\"image\":{\"@type\":\"ImageObject\",\"inLanguage\":\"es\",\"@id\":\"https:\\\/\\\/secure.gravatar.com\\\/avatar\\\/109c326cf2be5c04f048c2c2a2b8b6ef44bf3d8d1d3d4c55d0ac40c4bc994684?s=96&d=mm&r=g\",\"url\":\"https:\\\/\\\/secure.gravatar.com\\\/avatar\\\/109c326cf2be5c04f048c2c2a2b8b6ef44bf3d8d1d3d4c55d0ac40c4bc994684?s=96&d=mm&r=g\",\"contentUrl\":\"https:\\\/\\\/secure.gravatar.com\\\/avatar\\\/109c326cf2be5c04f048c2c2a2b8b6ef44bf3d8d1d3d4c55d0ac40c4bc994684?s=96&d=mm&r=g\",\"caption\":\"Editor\"},\"url\":\"https:\\\/\\\/diarioellabrador.cl\\\/index.php\\\/author\\\/editor\\\/\"}]}<\/script>\n<!-- \/ Yoast SEO plugin. -->","yoast_head_json":{"title":"Personas mayores de la Provincia de Melipilla se informan sobre los beneficios de la Reforma de Pensiones - Diario El Labrador","robots":{"index":"index","follow":"follow","max-snippet":"max-snippet:-1","max-image-preview":"max-image-preview:large","max-video-preview":"max-video-preview:-1"},"canonical":"https:\/\/diarioellabrador.cl\/index.php\/2025\/11\/04\/personas-mayores-de-la-provincia-de-melipilla-se-informan-sobre-los-beneficios-de-la-reforma-de-pensiones\/","og_locale":"es_ES","og_type":"article","og_title":"Personas mayores de la Provincia de Melipilla se informan sobre los beneficios de la Reforma de Pensiones - Diario El Labrador","og_description":"En el marco de la implementaci\u00f3n de la Reforma de Pensiones impulsada por el Ministerio del Trabajo y la Subsecretar\u00eda de Previsi\u00f3n Social, se desarroll\u00f3 una jornada informativa dirigida a personas mayores de la Provincia de Melipilla, actividad que fue encabezada por el delegado presidencial provincial, Basti\u00e1n Alarc\u00f3n, junto al subsecretario de Previsi\u00f3n Social, Claudio Leer m\u00e1s","og_url":"https:\/\/diarioellabrador.cl\/index.php\/2025\/11\/04\/personas-mayores-de-la-provincia-de-melipilla-se-informan-sobre-los-beneficios-de-la-reforma-de-pensiones\/","og_site_name":"Diario El Labrador","article_publisher":"https:\/\/web.facebook.com\/profile.php?id=61576120840621","article_published_time":"2025-11-04T22:08:18+00:00","article_modified_time":"2025-11-04T22:08:20+00:00","og_image":[{"width":2048,"height":1536,"url":"https:\/\/diarioellabrador.cl\/wp-content\/uploads\/2025\/11\/Personas-mayores-de-la-Provincia-de-Melipilla-se-informan-sobre-los-beneficios-de-la-Reforma-de-Pensiones-1.jpg","type":"image\/jpeg"}],"author":"Editor","twitter_card":"summary_large_image","twitter_creator":"@ElLabradorOf","twitter_site":"@ElLabradorOf","twitter_misc":{"Escrito por":"Editor","Tiempo de lectura":"5 minutos"},"schema":{"@context":"https:\/\/schema.org","@graph":[{"@type":"Article","@id":"https:\/\/diarioellabrador.cl\/index.php\/2025\/11\/04\/personas-mayores-de-la-provincia-de-melipilla-se-informan-sobre-los-beneficios-de-la-reforma-de-pensiones\/#article","isPartOf":{"@id":"https:\/\/diarioellabrador.cl\/index.php\/2025\/11\/04\/personas-mayores-de-la-provincia-de-melipilla-se-informan-sobre-los-beneficios-de-la-reforma-de-pensiones\/"},"author":{"name":"Editor","@id":"https:\/\/diarioellabrador.cl\/#\/schema\/person\/bc25ff80b4563f9c7f4bd7855df01685"},"headline":"Personas mayores de la Provincia de Melipilla se informan sobre los beneficios de la Reforma de Pensiones","datePublished":"2025-11-04T22:08:18+00:00","dateModified":"2025-11-04T22:08:20+00:00","mainEntityOfPage":{"@id":"https:\/\/diarioellabrador.cl\/index.php\/2025\/11\/04\/personas-mayores-de-la-provincia-de-melipilla-se-informan-sobre-los-beneficios-de-la-reforma-de-pensiones\/"},"wordCount":943,"commentCount":0,"publisher":{"@id":"https:\/\/diarioellabrador.cl\/#organization"},"image":{"@id":"https:\/\/diarioellabrador.cl\/index.php\/2025\/11\/04\/personas-mayores-de-la-provincia-de-melipilla-se-informan-sobre-los-beneficios-de-la-reforma-de-pensiones\/#primaryimage"},"thumbnailUrl":"https:\/\/diarioellabrador.cl\/wp-content\/uploads\/2025\/11\/Personas-mayores-de-la-Provincia-de-Melipilla-se-informan-sobre-los-beneficios-de-la-Reforma-de-Pensiones-1.jpg","articleSection":["Cr\u00f3nica"],"inLanguage":"es","potentialAction":[{"@type":"CommentAction","name":"Comment","target":["https:\/\/diarioellabrador.cl\/index.php\/2025\/11\/04\/personas-mayores-de-la-provincia-de-melipilla-se-informan-sobre-los-beneficios-de-la-reforma-de-pensiones\/#respond"]}]},{"@type":"WebPage","@id":"https:\/\/diarioellabrador.cl\/index.php\/2025\/11\/04\/personas-mayores-de-la-provincia-de-melipilla-se-informan-sobre-los-beneficios-de-la-reforma-de-pensiones\/","url":"https:\/\/diarioellabrador.cl\/index.php\/2025\/11\/04\/personas-mayores-de-la-provincia-de-melipilla-se-informan-sobre-los-beneficios-de-la-reforma-de-pensiones\/","name":"Personas mayores de la Provincia de Melipilla se informan sobre los beneficios de la Reforma de Pensiones - Diario El Labrador","isPartOf":{"@id":"https:\/\/diarioellabrador.cl\/#website"},"primaryImageOfPage":{"@id":"https:\/\/diarioellabrador.cl\/index.php\/2025\/11\/04\/personas-mayores-de-la-provincia-de-melipilla-se-informan-sobre-los-beneficios-de-la-reforma-de-pensiones\/#primaryimage"},"image":{"@id":"https:\/\/diarioellabrador.cl\/index.php\/2025\/11\/04\/personas-mayores-de-la-provincia-de-melipilla-se-informan-sobre-los-beneficios-de-la-reforma-de-pensiones\/#primaryimage"},"thumbnailUrl":"https:\/\/diarioellabrador.cl\/wp-content\/uploads\/2025\/11\/Personas-mayores-de-la-Provincia-de-Melipilla-se-informan-sobre-los-beneficios-de-la-Reforma-de-Pensiones-1.jpg","datePublished":"2025-11-04T22:08:18+00:00","dateModified":"2025-11-04T22:08:20+00:00","breadcrumb":{"@id":"https:\/\/diarioellabrador.cl\/index.php\/2025\/11\/04\/personas-mayores-de-la-provincia-de-melipilla-se-informan-sobre-los-beneficios-de-la-reforma-de-pensiones\/#breadcrumb"},"inLanguage":"es","potentialAction":[{"@type":"ReadAction","target":["https:\/\/diarioellabrador.cl\/index.php\/2025\/11\/04\/personas-mayores-de-la-provincia-de-melipilla-se-informan-sobre-los-beneficios-de-la-reforma-de-pensiones\/"]}]},{"@type":"ImageObject","inLanguage":"es","@id":"https:\/\/diarioellabrador.cl\/index.php\/2025\/11\/04\/personas-mayores-de-la-provincia-de-melipilla-se-informan-sobre-los-beneficios-de-la-reforma-de-pensiones\/#primaryimage","url":"https:\/\/diarioellabrador.cl\/wp-content\/uploads\/2025\/11\/Personas-mayores-de-la-Provincia-de-Melipilla-se-informan-sobre-los-beneficios-de-la-Reforma-de-Pensiones-1.jpg","contentUrl":"https:\/\/diarioellabrador.cl\/wp-content\/uploads\/2025\/11\/Personas-mayores-de-la-Provincia-de-Melipilla-se-informan-sobre-los-beneficios-de-la-Reforma-de-Pensiones-1.jpg","width":2048,"height":1536},{"@type":"BreadcrumbList","@id":"https:\/\/diarioellabrador.cl\/index.php\/2025\/11\/04\/personas-mayores-de-la-provincia-de-melipilla-se-informan-sobre-los-beneficios-de-la-reforma-de-pensiones\/#breadcrumb","itemListElement":[{"@type":"ListItem","position":1,"name":"Portada","item":"https:\/\/diarioellabrador.cl\/"},{"@type":"ListItem","position":2,"name":"Personas mayores de la Provincia de Melipilla se informan sobre los beneficios de la Reforma de Pensiones"}]},{"@type":"WebSite","@id":"https:\/\/diarioellabrador.cl\/#website","url":"https:\/\/diarioellabrador.cl\/","name":"Diario El Labrador","description":"Haciendo noticia desde 1921","publisher":{"@id":"https:\/\/diarioellabrador.cl\/#organization"},"potentialAction":[{"@type":"SearchAction","target":{"@type":"EntryPoint","urlTemplate":"https:\/\/diarioellabrador.cl\/?s={search_term_string}"},"query-input":{"@type":"PropertyValueSpecification","valueRequired":true,"valueName":"search_term_string"}}],"inLanguage":"es"},{"@type":"Organization","@id":"https:\/\/diarioellabrador.cl\/#organization","name":"Diario El Labrador","url":"https:\/\/diarioellabrador.cl\/","logo":{"@type":"ImageObject","inLanguage":"es","@id":"https:\/\/diarioellabrador.cl\/#\/schema\/logo\/image\/","url":"https:\/\/diarioellabrador.cl\/wp-content\/uploads\/2025\/02\/cropped-Logo-Icono.png","contentUrl":"https:\/\/diarioellabrador.cl\/wp-content\/uploads\/2025\/02\/cropped-Logo-Icono.png","width":512,"height":512,"caption":"Diario El Labrador"},"image":{"@id":"https:\/\/diarioellabrador.cl\/#\/schema\/logo\/image\/"},"sameAs":["https:\/\/web.facebook.com\/profile.php?id=61576120840621","https:\/\/x.com\/ElLabradorOf","https:\/\/www.instagram.com\/diarioellabradoroficial\/"]},{"@type":"Person","@id":"https:\/\/diarioellabrador.cl\/#\/schema\/person\/bc25ff80b4563f9c7f4bd7855df01685","name":"Editor","image":{"@type":"ImageObject","inLanguage":"es","@id":"https:\/\/secure.gravatar.com\/avatar\/109c326cf2be5c04f048c2c2a2b8b6ef44bf3d8d1d3d4c55d0ac40c4bc994684?s=96&d=mm&r=g","url":"https:\/\/secure.gravatar.com\/avatar\/109c326cf2be5c04f048c2c2a2b8b6ef44bf3d8d1d3d4c55d0ac40c4bc994684?s=96&d=mm&r=g","contentUrl":"https:\/\/secure.gravatar.com\/avatar\/109c326cf2be5c04f048c2c2a2b8b6ef44bf3d8d1d3d4c55d0ac40c4bc994684?s=96&d=mm&r=g","caption":"Editor"},"url":"https:\/\/diarioellabrador.cl\/index.php\/author\/editor\/"}]}},"_links":{"self":[{"href":"https:\/\/diarioellabrador.cl\/index.php\/wp-json\/wp\/v2\/posts\/10899","targetHints":{"allow":["GET"]}}],"collection":[{"href":"https:\/\/diarioellabrador.cl\/index.php\/wp-json\/wp\/v2\/posts"}],"about":[{"href":"https:\/\/diarioellabrador.cl\/index.php\/wp-json\/wp\/v2\/types\/post"}],"author":[{"embeddable":true,"href":"https:\/\/diarioellabrador.cl\/index.php\/wp-json\/wp\/v2\/users\/2"}],"replies":[{"embeddable":true,"href":"https:\/\/diarioellabrador.cl\/index.php\/wp-json\/wp\/v2\/comments?post=10899"}],"version-history":[{"count":1,"href":"https:\/\/diarioellabrador.cl\/index.php\/wp-json\/wp\/v2\/posts\/10899\/revisions"}],"predecessor-version":[{"id":10900,"href":"https:\/\/diarioellabrador.cl\/index.php\/wp-json\/wp\/v2\/posts\/10899\/revisions\/10900"}],"wp:featuredmedia":[{"embeddable":true,"href":"https:\/\/diarioellabrador.cl\/index.php\/wp-json\/wp\/v2\/media\/10867"}],"wp:attachment":[{"href":"https:\/\/diarioellabrador.cl\/index.php\/wp-json\/wp\/v2\/media?parent=10899"}],"wp:term":[{"taxonomy":"category","embeddable":true,"href":"https:\/\/diarioellabrador.cl\/index.php\/wp-json\/wp\/v2\/categories?post=10899"},{"taxonomy":"post_tag","embeddable":true,"href":"https:\/\/diarioellabrador.cl\/index.php\/wp-json\/wp\/v2\/tags?post=10899"}],"curies":[{"name":"wp","href":"https:\/\/api.w.org\/{rel}","templated":true}]}}