{"id":10251,"date":"2025-10-21T17:44:08","date_gmt":"2025-10-21T21:44:08","guid":{"rendered":"https:\/\/diarioellabrador.cl\/?p=10251"},"modified":"2025-10-21T17:44:09","modified_gmt":"2025-10-21T21:44:09","slug":"estudiantes-de-la-epja-exploran-su-futuro-en-feria-vocacional-de-duoc-uc-melipilla","status":"publish","type":"post","link":"https:\/\/diarioellabrador.cl\/index.php\/2025\/10\/21\/estudiantes-de-la-epja-exploran-su-futuro-en-feria-vocacional-de-duoc-uc-melipilla\/","title":{"rendered":"Estudiantes de la EPJA exploran su futuro en Feria Vocacional de Duoc UC Melipilla"},"content":{"rendered":"\n<p>Con entusiasmo y muchas preguntas en mente, estudiantes de los segundos niveles medios vespertinos de la Educaci\u00f3n de Personas J\u00f3venes y Adultas (EPJA) de los liceos Hermanos Sotomayor Baeza, Los Jazmines, Polivalente El Bollenar y el colegio Pomaire, participaron recientemente en la Feria Vocacional organizada por Duoc UC en su sede de Melipilla.<\/p>\n\n\n\n<p>La actividad, enmarcada en las acciones de orientaci\u00f3n vocacional que desarrollan los establecimientos educativos, permiti\u00f3 a las y los asistentes conocer de primera mano la variada oferta acad\u00e9mica del instituto profesional, as\u00ed como resolver dudas sobre carreras, requisitos de ingreso, beneficios estudiantiles y proyecciones laborales.<\/p>\n\n\n\n<p>Durante la jornada, los estudiantes recorrieron los diferentes stands dispuestos por las escuelas del Duoc UC, donde fueron atendidos por docentes y alumnos de diversas carreras t\u00e9cnicas y profesionales. Adem\u00e1s de obtener informaci\u00f3n \u00fatil para su toma de decisiones, muchos compartieron experiencias personales, sue\u00f1os y expectativas sobre lo que esperan de su futuro acad\u00e9mico y laboral.<\/p>\n\n\n\n<p>\u201cEstas instancias son muy significativas para nuestros estudiantes, ya que muchos de ellos est\u00e1n retomando sus estudios con el objetivo de proyectarse hacia nuevas oportunidades\u201d, coment\u00f3 uno de los docentes acompa\u00f1antes, destacando el compromiso y la motivaci\u00f3n que demostraron los asistentes.<\/p>\n\n\n\n<p>La iniciativa no solo abri\u00f3 puertas a nuevas posibilidades de formaci\u00f3n, sino que tambi\u00e9n reafirm\u00f3 el valor de la EPJA como un espacio que impulsa la inclusi\u00f3n, la equidad y el desarrollo integral de personas j\u00f3venes y adultas que deciden continuar su trayectoria educativa.<\/p>\n","protected":false},"excerpt":{"rendered":"<p>Con entusiasmo y muchas preguntas en mente, estudiantes de los segundos niveles medios vespertinos de la Educaci\u00f3n de Personas J\u00f3venes y Adultas (EPJA) de los liceos Hermanos Sotomayor Baeza, Los Jazmines, Polivalente El Bollenar y el colegio Pomaire, participaron recientemente en la Feria Vocacional organizada por Duoc UC en su sede de Melipilla. La actividad,<\/p>\n<div class=\"read-more-wrapper\"><a class=\"read-more\" href=\"https:\/\/diarioellabrador.cl\/index.php\/2025\/10\/21\/estudiantes-de-la-epja-exploran-su-futuro-en-feria-vocacional-de-duoc-uc-melipilla\/\" title=\"Leer m\u00e1s\"> <span class=\"button \">Leer m\u00e1s<\/span><\/a><\/div>\n","protected":false},"author":2,"featured_media":10194,"comment_status":"open","ping_status":"open","sticky":false,"template":"","format":"standard","meta":{"footnotes":""},"categories":[1],"tags":[],"class_list":["post-10251","post","type-post","status-publish","format-standard","has-post-thumbnail","hentry","category-cronica"],"yoast_head":"<!-- This site is optimized with the Yoast SEO plugin v27.5 - https:\/\/yoast.com\/product\/yoast-seo-wordpress\/ -->\n<title>Estudiantes de la EPJA exploran su futuro en Feria Vocacional de Duoc UC Melipilla - Diario El Labrador<\/title>\n<meta name=\"robots\" content=\"index, follow, max-snippet:-1, max-image-preview:large, max-video-preview:-1\" \/>\n<link rel=\"canonical\" href=\"https:\/\/diarioellabrador.cl\/index.php\/2025\/10\/21\/estudiantes-de-la-epja-exploran-su-futuro-en-feria-vocacional-de-duoc-uc-melipilla\/\" \/>\n<meta property=\"og:locale\" content=\"es_ES\" \/>\n<meta property=\"og:type\" content=\"article\" \/>\n<meta property=\"og:title\" content=\"Estudiantes de la EPJA exploran su futuro en Feria Vocacional de Duoc UC Melipilla - Diario El Labrador\" \/>\n<meta property=\"og:description\" content=\"Con entusiasmo y muchas preguntas en mente, estudiantes de los segundos niveles medios vespertinos de la Educaci\u00f3n de Personas J\u00f3venes y Adultas (EPJA) de los liceos Hermanos Sotomayor Baeza, Los Jazmines, Polivalente El Bollenar y el colegio Pomaire, participaron recientemente en la Feria Vocacional organizada por Duoc UC en su sede de Melipilla. La actividad, Leer m\u00e1s\" \/>\n<meta property=\"og:url\" content=\"https:\/\/diarioellabrador.cl\/index.php\/2025\/10\/21\/estudiantes-de-la-epja-exploran-su-futuro-en-feria-vocacional-de-duoc-uc-melipilla\/\" \/>\n<meta property=\"og:site_name\" content=\"Diario El Labrador\" \/>\n<meta property=\"article:publisher\" content=\"https:\/\/web.facebook.com\/profile.php?id=61576120840621\" \/>\n<meta property=\"article:published_time\" content=\"2025-10-21T21:44:08+00:00\" \/>\n<meta property=\"article:modified_time\" content=\"2025-10-21T21:44:09+00:00\" \/>\n<meta property=\"og:image\" content=\"https:\/\/diarioellabrador.cl\/wp-content\/uploads\/2025\/10\/Estudiantes-de-la-EPJA-exploran-su-futuro-en-Feria-Vocacional-de-Duoc-UC-Melipilla-3.jpeg\" \/>\n\t<meta property=\"og:image:width\" content=\"1241\" \/>\n\t<meta property=\"og:image:height\" content=\"962\" \/>\n\t<meta property=\"og:image:type\" content=\"image\/jpeg\" \/>\n<meta name=\"author\" content=\"Editor\" \/>\n<meta name=\"twitter:card\" content=\"summary_large_image\" \/>\n<meta name=\"twitter:creator\" content=\"@ElLabradorOf\" \/>\n<meta name=\"twitter:site\" content=\"@ElLabradorOf\" \/>\n<meta name=\"twitter:label1\" content=\"Escrito por\" \/>\n\t<meta name=\"twitter:data1\" content=\"Editor\" \/>\n\t<meta name=\"twitter:label2\" content=\"Tiempo de lectura\" \/>\n\t<meta name=\"twitter:data2\" content=\"2 minutos\" \/>\n<script type=\"application\/ld+json\" class=\"yoast-schema-graph\">{\"@context\":\"https:\\\/\\\/schema.org\",\"@graph\":[{\"@type\":\"Article\",\"@id\":\"https:\\\/\\\/diarioellabrador.cl\\\/index.php\\\/2025\\\/10\\\/21\\\/estudiantes-de-la-epja-exploran-su-futuro-en-feria-vocacional-de-duoc-uc-melipilla\\\/#article\",\"isPartOf\":{\"@id\":\"https:\\\/\\\/diarioellabrador.cl\\\/index.php\\\/2025\\\/10\\\/21\\\/estudiantes-de-la-epja-exploran-su-futuro-en-feria-vocacional-de-duoc-uc-melipilla\\\/\"},\"author\":{\"name\":\"Editor\",\"@id\":\"https:\\\/\\\/diarioellabrador.cl\\\/#\\\/schema\\\/person\\\/bc25ff80b4563f9c7f4bd7855df01685\"},\"headline\":\"Estudiantes de la EPJA exploran su futuro en Feria Vocacional de Duoc UC Melipilla\",\"datePublished\":\"2025-10-21T21:44:08+00:00\",\"dateModified\":\"2025-10-21T21:44:09+00:00\",\"mainEntityOfPage\":{\"@id\":\"https:\\\/\\\/diarioellabrador.cl\\\/index.php\\\/2025\\\/10\\\/21\\\/estudiantes-de-la-epja-exploran-su-futuro-en-feria-vocacional-de-duoc-uc-melipilla\\\/\"},\"wordCount\":269,\"commentCount\":0,\"publisher\":{\"@id\":\"https:\\\/\\\/diarioellabrador.cl\\\/#organization\"},\"image\":{\"@id\":\"https:\\\/\\\/diarioellabrador.cl\\\/index.php\\\/2025\\\/10\\\/21\\\/estudiantes-de-la-epja-exploran-su-futuro-en-feria-vocacional-de-duoc-uc-melipilla\\\/#primaryimage\"},\"thumbnailUrl\":\"https:\\\/\\\/diarioellabrador.cl\\\/wp-content\\\/uploads\\\/2025\\\/10\\\/Estudiantes-de-la-EPJA-exploran-su-futuro-en-Feria-Vocacional-de-Duoc-UC-Melipilla-3.jpeg\",\"articleSection\":[\"Cr\u00f3nica\"],\"inLanguage\":\"es\",\"potentialAction\":[{\"@type\":\"CommentAction\",\"name\":\"Comment\",\"target\":[\"https:\\\/\\\/diarioellabrador.cl\\\/index.php\\\/2025\\\/10\\\/21\\\/estudiantes-de-la-epja-exploran-su-futuro-en-feria-vocacional-de-duoc-uc-melipilla\\\/#respond\"]}]},{\"@type\":\"WebPage\",\"@id\":\"https:\\\/\\\/diarioellabrador.cl\\\/index.php\\\/2025\\\/10\\\/21\\\/estudiantes-de-la-epja-exploran-su-futuro-en-feria-vocacional-de-duoc-uc-melipilla\\\/\",\"url\":\"https:\\\/\\\/diarioellabrador.cl\\\/index.php\\\/2025\\\/10\\\/21\\\/estudiantes-de-la-epja-exploran-su-futuro-en-feria-vocacional-de-duoc-uc-melipilla\\\/\",\"name\":\"Estudiantes de la EPJA exploran su futuro en Feria Vocacional de Duoc UC Melipilla - Diario El Labrador\",\"isPartOf\":{\"@id\":\"https:\\\/\\\/diarioellabrador.cl\\\/#website\"},\"primaryImageOfPage\":{\"@id\":\"https:\\\/\\\/diarioellabrador.cl\\\/index.php\\\/2025\\\/10\\\/21\\\/estudiantes-de-la-epja-exploran-su-futuro-en-feria-vocacional-de-duoc-uc-melipilla\\\/#primaryimage\"},\"image\":{\"@id\":\"https:\\\/\\\/diarioellabrador.cl\\\/index.php\\\/2025\\\/10\\\/21\\\/estudiantes-de-la-epja-exploran-su-futuro-en-feria-vocacional-de-duoc-uc-melipilla\\\/#primaryimage\"},\"thumbnailUrl\":\"https:\\\/\\\/diarioellabrador.cl\\\/wp-content\\\/uploads\\\/2025\\\/10\\\/Estudiantes-de-la-EPJA-exploran-su-futuro-en-Feria-Vocacional-de-Duoc-UC-Melipilla-3.jpeg\",\"datePublished\":\"2025-10-21T21:44:08+00:00\",\"dateModified\":\"2025-10-21T21:44:09+00:00\",\"breadcrumb\":{\"@id\":\"https:\\\/\\\/diarioellabrador.cl\\\/index.php\\\/2025\\\/10\\\/21\\\/estudiantes-de-la-epja-exploran-su-futuro-en-feria-vocacional-de-duoc-uc-melipilla\\\/#breadcrumb\"},\"inLanguage\":\"es\",\"potentialAction\":[{\"@type\":\"ReadAction\",\"target\":[\"https:\\\/\\\/diarioellabrador.cl\\\/index.php\\\/2025\\\/10\\\/21\\\/estudiantes-de-la-epja-exploran-su-futuro-en-feria-vocacional-de-duoc-uc-melipilla\\\/\"]}]},{\"@type\":\"ImageObject\",\"inLanguage\":\"es\",\"@id\":\"https:\\\/\\\/diarioellabrador.cl\\\/index.php\\\/2025\\\/10\\\/21\\\/estudiantes-de-la-epja-exploran-su-futuro-en-feria-vocacional-de-duoc-uc-melipilla\\\/#primaryimage\",\"url\":\"https:\\\/\\\/diarioellabrador.cl\\\/wp-content\\\/uploads\\\/2025\\\/10\\\/Estudiantes-de-la-EPJA-exploran-su-futuro-en-Feria-Vocacional-de-Duoc-UC-Melipilla-3.jpeg\",\"contentUrl\":\"https:\\\/\\\/diarioellabrador.cl\\\/wp-content\\\/uploads\\\/2025\\\/10\\\/Estudiantes-de-la-EPJA-exploran-su-futuro-en-Feria-Vocacional-de-Duoc-UC-Melipilla-3.jpeg\",\"width\":1241,\"height\":962},{\"@type\":\"BreadcrumbList\",\"@id\":\"https:\\\/\\\/diarioellabrador.cl\\\/index.php\\\/2025\\\/10\\\/21\\\/estudiantes-de-la-epja-exploran-su-futuro-en-feria-vocacional-de-duoc-uc-melipilla\\\/#breadcrumb\",\"itemListElement\":[{\"@type\":\"ListItem\",\"position\":1,\"name\":\"Portada\",\"item\":\"https:\\\/\\\/diarioellabrador.cl\\\/\"},{\"@type\":\"ListItem\",\"position\":2,\"name\":\"Estudiantes de la EPJA exploran su futuro en Feria Vocacional de Duoc UC Melipilla\"}]},{\"@type\":\"WebSite\",\"@id\":\"https:\\\/\\\/diarioellabrador.cl\\\/#website\",\"url\":\"https:\\\/\\\/diarioellabrador.cl\\\/\",\"name\":\"Diario El Labrador\",\"description\":\"Haciendo noticia desde 1921\",\"publisher\":{\"@id\":\"https:\\\/\\\/diarioellabrador.cl\\\/#organization\"},\"potentialAction\":[{\"@type\":\"SearchAction\",\"target\":{\"@type\":\"EntryPoint\",\"urlTemplate\":\"https:\\\/\\\/diarioellabrador.cl\\\/?s={search_term_string}\"},\"query-input\":{\"@type\":\"PropertyValueSpecification\",\"valueRequired\":true,\"valueName\":\"search_term_string\"}}],\"inLanguage\":\"es\"},{\"@type\":\"Organization\",\"@id\":\"https:\\\/\\\/diarioellabrador.cl\\\/#organization\",\"name\":\"Diario El Labrador\",\"url\":\"https:\\\/\\\/diarioellabrador.cl\\\/\",\"logo\":{\"@type\":\"ImageObject\",\"inLanguage\":\"es\",\"@id\":\"https:\\\/\\\/diarioellabrador.cl\\\/#\\\/schema\\\/logo\\\/image\\\/\",\"url\":\"https:\\\/\\\/diarioellabrador.cl\\\/wp-content\\\/uploads\\\/2025\\\/02\\\/cropped-Logo-Icono.png\",\"contentUrl\":\"https:\\\/\\\/diarioellabrador.cl\\\/wp-content\\\/uploads\\\/2025\\\/02\\\/cropped-Logo-Icono.png\",\"width\":512,\"height\":512,\"caption\":\"Diario El Labrador\"},\"image\":{\"@id\":\"https:\\\/\\\/diarioellabrador.cl\\\/#\\\/schema\\\/logo\\\/image\\\/\"},\"sameAs\":[\"https:\\\/\\\/web.facebook.com\\\/profile.php?id=61576120840621\",\"https:\\\/\\\/x.com\\\/ElLabradorOf\",\"https:\\\/\\\/www.instagram.com\\\/diarioellabradoroficial\\\/\"]},{\"@type\":\"Person\",\"@id\":\"https:\\\/\\\/diarioellabrador.cl\\\/#\\\/schema\\\/person\\\/bc25ff80b4563f9c7f4bd7855df01685\",\"name\":\"Editor\",\"image\":{\"@type\":\"ImageObject\",\"inLanguage\":\"es\",\"@id\":\"https:\\\/\\\/secure.gravatar.com\\\/avatar\\\/109c326cf2be5c04f048c2c2a2b8b6ef44bf3d8d1d3d4c55d0ac40c4bc994684?s=96&d=mm&r=g\",\"url\":\"https:\\\/\\\/secure.gravatar.com\\\/avatar\\\/109c326cf2be5c04f048c2c2a2b8b6ef44bf3d8d1d3d4c55d0ac40c4bc994684?s=96&d=mm&r=g\",\"contentUrl\":\"https:\\\/\\\/secure.gravatar.com\\\/avatar\\\/109c326cf2be5c04f048c2c2a2b8b6ef44bf3d8d1d3d4c55d0ac40c4bc994684?s=96&d=mm&r=g\",\"caption\":\"Editor\"},\"url\":\"https:\\\/\\\/diarioellabrador.cl\\\/index.php\\\/author\\\/editor\\\/\"}]}<\/script>\n<!-- \/ Yoast SEO plugin. -->","yoast_head_json":{"title":"Estudiantes de la EPJA exploran su futuro en Feria Vocacional de Duoc UC Melipilla - Diario El Labrador","robots":{"index":"index","follow":"follow","max-snippet":"max-snippet:-1","max-image-preview":"max-image-preview:large","max-video-preview":"max-video-preview:-1"},"canonical":"https:\/\/diarioellabrador.cl\/index.php\/2025\/10\/21\/estudiantes-de-la-epja-exploran-su-futuro-en-feria-vocacional-de-duoc-uc-melipilla\/","og_locale":"es_ES","og_type":"article","og_title":"Estudiantes de la EPJA exploran su futuro en Feria Vocacional de Duoc UC Melipilla - Diario El Labrador","og_description":"Con entusiasmo y muchas preguntas en mente, estudiantes de los segundos niveles medios vespertinos de la Educaci\u00f3n de Personas J\u00f3venes y Adultas (EPJA) de los liceos Hermanos Sotomayor Baeza, Los Jazmines, Polivalente El Bollenar y el colegio Pomaire, participaron recientemente en la Feria Vocacional organizada por Duoc UC en su sede de Melipilla. La actividad, Leer m\u00e1s","og_url":"https:\/\/diarioellabrador.cl\/index.php\/2025\/10\/21\/estudiantes-de-la-epja-exploran-su-futuro-en-feria-vocacional-de-duoc-uc-melipilla\/","og_site_name":"Diario El Labrador","article_publisher":"https:\/\/web.facebook.com\/profile.php?id=61576120840621","article_published_time":"2025-10-21T21:44:08+00:00","article_modified_time":"2025-10-21T21:44:09+00:00","og_image":[{"width":1241,"height":962,"url":"https:\/\/diarioellabrador.cl\/wp-content\/uploads\/2025\/10\/Estudiantes-de-la-EPJA-exploran-su-futuro-en-Feria-Vocacional-de-Duoc-UC-Melipilla-3.jpeg","type":"image\/jpeg"}],"author":"Editor","twitter_card":"summary_large_image","twitter_creator":"@ElLabradorOf","twitter_site":"@ElLabradorOf","twitter_misc":{"Escrito por":"Editor","Tiempo de lectura":"2 minutos"},"schema":{"@context":"https:\/\/schema.org","@graph":[{"@type":"Article","@id":"https:\/\/diarioellabrador.cl\/index.php\/2025\/10\/21\/estudiantes-de-la-epja-exploran-su-futuro-en-feria-vocacional-de-duoc-uc-melipilla\/#article","isPartOf":{"@id":"https:\/\/diarioellabrador.cl\/index.php\/2025\/10\/21\/estudiantes-de-la-epja-exploran-su-futuro-en-feria-vocacional-de-duoc-uc-melipilla\/"},"author":{"name":"Editor","@id":"https:\/\/diarioellabrador.cl\/#\/schema\/person\/bc25ff80b4563f9c7f4bd7855df01685"},"headline":"Estudiantes de la EPJA exploran su futuro en Feria Vocacional de Duoc UC Melipilla","datePublished":"2025-10-21T21:44:08+00:00","dateModified":"2025-10-21T21:44:09+00:00","mainEntityOfPage":{"@id":"https:\/\/diarioellabrador.cl\/index.php\/2025\/10\/21\/estudiantes-de-la-epja-exploran-su-futuro-en-feria-vocacional-de-duoc-uc-melipilla\/"},"wordCount":269,"commentCount":0,"publisher":{"@id":"https:\/\/diarioellabrador.cl\/#organization"},"image":{"@id":"https:\/\/diarioellabrador.cl\/index.php\/2025\/10\/21\/estudiantes-de-la-epja-exploran-su-futuro-en-feria-vocacional-de-duoc-uc-melipilla\/#primaryimage"},"thumbnailUrl":"https:\/\/diarioellabrador.cl\/wp-content\/uploads\/2025\/10\/Estudiantes-de-la-EPJA-exploran-su-futuro-en-Feria-Vocacional-de-Duoc-UC-Melipilla-3.jpeg","articleSection":["Cr\u00f3nica"],"inLanguage":"es","potentialAction":[{"@type":"CommentAction","name":"Comment","target":["https:\/\/diarioellabrador.cl\/index.php\/2025\/10\/21\/estudiantes-de-la-epja-exploran-su-futuro-en-feria-vocacional-de-duoc-uc-melipilla\/#respond"]}]},{"@type":"WebPage","@id":"https:\/\/diarioellabrador.cl\/index.php\/2025\/10\/21\/estudiantes-de-la-epja-exploran-su-futuro-en-feria-vocacional-de-duoc-uc-melipilla\/","url":"https:\/\/diarioellabrador.cl\/index.php\/2025\/10\/21\/estudiantes-de-la-epja-exploran-su-futuro-en-feria-vocacional-de-duoc-uc-melipilla\/","name":"Estudiantes de la EPJA exploran su futuro en Feria Vocacional de Duoc UC Melipilla - Diario El Labrador","isPartOf":{"@id":"https:\/\/diarioellabrador.cl\/#website"},"primaryImageOfPage":{"@id":"https:\/\/diarioellabrador.cl\/index.php\/2025\/10\/21\/estudiantes-de-la-epja-exploran-su-futuro-en-feria-vocacional-de-duoc-uc-melipilla\/#primaryimage"},"image":{"@id":"https:\/\/diarioellabrador.cl\/index.php\/2025\/10\/21\/estudiantes-de-la-epja-exploran-su-futuro-en-feria-vocacional-de-duoc-uc-melipilla\/#primaryimage"},"thumbnailUrl":"https:\/\/diarioellabrador.cl\/wp-content\/uploads\/2025\/10\/Estudiantes-de-la-EPJA-exploran-su-futuro-en-Feria-Vocacional-de-Duoc-UC-Melipilla-3.jpeg","datePublished":"2025-10-21T21:44:08+00:00","dateModified":"2025-10-21T21:44:09+00:00","breadcrumb":{"@id":"https:\/\/diarioellabrador.cl\/index.php\/2025\/10\/21\/estudiantes-de-la-epja-exploran-su-futuro-en-feria-vocacional-de-duoc-uc-melipilla\/#breadcrumb"},"inLanguage":"es","potentialAction":[{"@type":"ReadAction","target":["https:\/\/diarioellabrador.cl\/index.php\/2025\/10\/21\/estudiantes-de-la-epja-exploran-su-futuro-en-feria-vocacional-de-duoc-uc-melipilla\/"]}]},{"@type":"ImageObject","inLanguage":"es","@id":"https:\/\/diarioellabrador.cl\/index.php\/2025\/10\/21\/estudiantes-de-la-epja-exploran-su-futuro-en-feria-vocacional-de-duoc-uc-melipilla\/#primaryimage","url":"https:\/\/diarioellabrador.cl\/wp-content\/uploads\/2025\/10\/Estudiantes-de-la-EPJA-exploran-su-futuro-en-Feria-Vocacional-de-Duoc-UC-Melipilla-3.jpeg","contentUrl":"https:\/\/diarioellabrador.cl\/wp-content\/uploads\/2025\/10\/Estudiantes-de-la-EPJA-exploran-su-futuro-en-Feria-Vocacional-de-Duoc-UC-Melipilla-3.jpeg","width":1241,"height":962},{"@type":"BreadcrumbList","@id":"https:\/\/diarioellabrador.cl\/index.php\/2025\/10\/21\/estudiantes-de-la-epja-exploran-su-futuro-en-feria-vocacional-de-duoc-uc-melipilla\/#breadcrumb","itemListElement":[{"@type":"ListItem","position":1,"name":"Portada","item":"https:\/\/diarioellabrador.cl\/"},{"@type":"ListItem","position":2,"name":"Estudiantes de la EPJA exploran su futuro en Feria Vocacional de Duoc UC Melipilla"}]},{"@type":"WebSite","@id":"https:\/\/diarioellabrador.cl\/#website","url":"https:\/\/diarioellabrador.cl\/","name":"Diario El Labrador","description":"Haciendo noticia desde 1921","publisher":{"@id":"https:\/\/diarioellabrador.cl\/#organization"},"potentialAction":[{"@type":"SearchAction","target":{"@type":"EntryPoint","urlTemplate":"https:\/\/diarioellabrador.cl\/?s={search_term_string}"},"query-input":{"@type":"PropertyValueSpecification","valueRequired":true,"valueName":"search_term_string"}}],"inLanguage":"es"},{"@type":"Organization","@id":"https:\/\/diarioellabrador.cl\/#organization","name":"Diario El Labrador","url":"https:\/\/diarioellabrador.cl\/","logo":{"@type":"ImageObject","inLanguage":"es","@id":"https:\/\/diarioellabrador.cl\/#\/schema\/logo\/image\/","url":"https:\/\/diarioellabrador.cl\/wp-content\/uploads\/2025\/02\/cropped-Logo-Icono.png","contentUrl":"https:\/\/diarioellabrador.cl\/wp-content\/uploads\/2025\/02\/cropped-Logo-Icono.png","width":512,"height":512,"caption":"Diario El Labrador"},"image":{"@id":"https:\/\/diarioellabrador.cl\/#\/schema\/logo\/image\/"},"sameAs":["https:\/\/web.facebook.com\/profile.php?id=61576120840621","https:\/\/x.com\/ElLabradorOf","https:\/\/www.instagram.com\/diarioellabradoroficial\/"]},{"@type":"Person","@id":"https:\/\/diarioellabrador.cl\/#\/schema\/person\/bc25ff80b4563f9c7f4bd7855df01685","name":"Editor","image":{"@type":"ImageObject","inLanguage":"es","@id":"https:\/\/secure.gravatar.com\/avatar\/109c326cf2be5c04f048c2c2a2b8b6ef44bf3d8d1d3d4c55d0ac40c4bc994684?s=96&d=mm&r=g","url":"https:\/\/secure.gravatar.com\/avatar\/109c326cf2be5c04f048c2c2a2b8b6ef44bf3d8d1d3d4c55d0ac40c4bc994684?s=96&d=mm&r=g","contentUrl":"https:\/\/secure.gravatar.com\/avatar\/109c326cf2be5c04f048c2c2a2b8b6ef44bf3d8d1d3d4c55d0ac40c4bc994684?s=96&d=mm&r=g","caption":"Editor"},"url":"https:\/\/diarioellabrador.cl\/index.php\/author\/editor\/"}]}},"_links":{"self":[{"href":"https:\/\/diarioellabrador.cl\/index.php\/wp-json\/wp\/v2\/posts\/10251","targetHints":{"allow":["GET"]}}],"collection":[{"href":"https:\/\/diarioellabrador.cl\/index.php\/wp-json\/wp\/v2\/posts"}],"about":[{"href":"https:\/\/diarioellabrador.cl\/index.php\/wp-json\/wp\/v2\/types\/post"}],"author":[{"embeddable":true,"href":"https:\/\/diarioellabrador.cl\/index.php\/wp-json\/wp\/v2\/users\/2"}],"replies":[{"embeddable":true,"href":"https:\/\/diarioellabrador.cl\/index.php\/wp-json\/wp\/v2\/comments?post=10251"}],"version-history":[{"count":1,"href":"https:\/\/diarioellabrador.cl\/index.php\/wp-json\/wp\/v2\/posts\/10251\/revisions"}],"predecessor-version":[{"id":10252,"href":"https:\/\/diarioellabrador.cl\/index.php\/wp-json\/wp\/v2\/posts\/10251\/revisions\/10252"}],"wp:featuredmedia":[{"embeddable":true,"href":"https:\/\/diarioellabrador.cl\/index.php\/wp-json\/wp\/v2\/media\/10194"}],"wp:attachment":[{"href":"https:\/\/diarioellabrador.cl\/index.php\/wp-json\/wp\/v2\/media?parent=10251"}],"wp:term":[{"taxonomy":"category","embeddable":true,"href":"https:\/\/diarioellabrador.cl\/index.php\/wp-json\/wp\/v2\/categories?post=10251"},{"taxonomy":"post_tag","embeddable":true,"href":"https:\/\/diarioellabrador.cl\/index.php\/wp-json\/wp\/v2\/tags?post=10251"}],"curies":[{"name":"wp","href":"https:\/\/api.w.org\/{rel}","templated":true}]}}