{"id":10249,"date":"2025-10-21T17:43:14","date_gmt":"2025-10-21T21:43:14","guid":{"rendered":"https:\/\/diarioellabrador.cl\/?p=10249"},"modified":"2025-10-21T17:43:15","modified_gmt":"2025-10-21T21:43:15","slug":"alcaldesa-marcela-chamorro-macias-solicita-avances-concretos-en-ejecucion-de-viviendas-del-comite-la-palma","status":"publish","type":"post","link":"https:\/\/diarioellabrador.cl\/index.php\/2025\/10\/21\/alcaldesa-marcela-chamorro-macias-solicita-avances-concretos-en-ejecucion-de-viviendas-del-comite-la-palma\/","title":{"rendered":"Alcaldesa Marcela Chamorro Mac\u00edas solicita avances concretos en ejecuci\u00f3n de viviendas del Comit\u00e9 La Palma"},"content":{"rendered":"\n<p>Durante su extensa jornada de trabajo en Santiago del pasado 14 de octubre, la Alcaldesa Marcela Chamorro Mac\u00edas sostuvo diversas reuniones con autoridades y representantes de organismos del Estado, con el objetivo de continuar impulsando proyectos que beneficien directamente a las y los vecinos de la comuna.<\/p>\n\n\n\n<p>Entre estos encuentros, la jefa comunal se reuni\u00f3 en La Moneda con los principales asesores del Presidente Gabriel Boric, instancia en la que solicit\u00f3 avances concretos en el t\u00e9rmino de las viviendas del Comit\u00e9 Esperanza e Ilusi\u00f3n La Palma, un anhelado proyecto habitacional que representa el sue\u00f1o de muchas familias alhu\u00ednas.<\/p>\n\n\n\n<p>Estas gestiones reflejan el compromiso permanente de la Alcaldesa Marcela Chamorro Mac\u00edas y del Honorable Concejo Municipal por seguir trabajando con firmeza ante las distintas instancias gubernamentales, buscando dar respuesta a las necesidades m\u00e1s sentidas de la comunidad y garantizar mejores condiciones de vida para todas y todos.<\/p>\n","protected":false},"excerpt":{"rendered":"<p>Durante su extensa jornada de trabajo en Santiago del pasado 14 de octubre, la Alcaldesa Marcela Chamorro Mac\u00edas sostuvo diversas reuniones con autoridades y representantes de organismos del Estado, con el objetivo de continuar impulsando proyectos que beneficien directamente a las y los vecinos de la comuna. Entre estos encuentros, la jefa comunal se reuni\u00f3<\/p>\n<div class=\"read-more-wrapper\"><a class=\"read-more\" href=\"https:\/\/diarioellabrador.cl\/index.php\/2025\/10\/21\/alcaldesa-marcela-chamorro-macias-solicita-avances-concretos-en-ejecucion-de-viviendas-del-comite-la-palma\/\" title=\"Leer m\u00e1s\"> <span class=\"button \">Leer m\u00e1s<\/span><\/a><\/div>\n","protected":false},"author":2,"featured_media":10204,"comment_status":"open","ping_status":"open","sticky":false,"template":"","format":"standard","meta":{"footnotes":""},"categories":[1],"tags":[],"class_list":["post-10249","post","type-post","status-publish","format-standard","has-post-thumbnail","hentry","category-cronica"],"yoast_head":"<!-- This site is optimized with the Yoast SEO plugin v27.5 - https:\/\/yoast.com\/product\/yoast-seo-wordpress\/ -->\n<title>Alcaldesa Marcela Chamorro Mac\u00edas solicita avances concretos en ejecuci\u00f3n de viviendas del Comit\u00e9 La Palma - Diario El Labrador<\/title>\n<meta name=\"robots\" content=\"index, follow, max-snippet:-1, max-image-preview:large, max-video-preview:-1\" \/>\n<link rel=\"canonical\" href=\"https:\/\/diarioellabrador.cl\/index.php\/2025\/10\/21\/alcaldesa-marcela-chamorro-macias-solicita-avances-concretos-en-ejecucion-de-viviendas-del-comite-la-palma\/\" \/>\n<meta property=\"og:locale\" content=\"es_ES\" \/>\n<meta property=\"og:type\" content=\"article\" \/>\n<meta property=\"og:title\" content=\"Alcaldesa Marcela Chamorro Mac\u00edas solicita avances concretos en ejecuci\u00f3n de viviendas del Comit\u00e9 La Palma - Diario El Labrador\" \/>\n<meta property=\"og:description\" content=\"Durante su extensa jornada de trabajo en Santiago del pasado 14 de octubre, la Alcaldesa Marcela Chamorro Mac\u00edas sostuvo diversas reuniones con autoridades y representantes de organismos del Estado, con el objetivo de continuar impulsando proyectos que beneficien directamente a las y los vecinos de la comuna. Entre estos encuentros, la jefa comunal se reuni\u00f3 Leer m\u00e1s\" \/>\n<meta property=\"og:url\" content=\"https:\/\/diarioellabrador.cl\/index.php\/2025\/10\/21\/alcaldesa-marcela-chamorro-macias-solicita-avances-concretos-en-ejecucion-de-viviendas-del-comite-la-palma\/\" \/>\n<meta property=\"og:site_name\" content=\"Diario El Labrador\" \/>\n<meta property=\"article:publisher\" content=\"https:\/\/web.facebook.com\/profile.php?id=61576120840621\" \/>\n<meta property=\"article:published_time\" content=\"2025-10-21T21:43:14+00:00\" \/>\n<meta property=\"article:modified_time\" content=\"2025-10-21T21:43:15+00:00\" \/>\n<meta property=\"og:image\" content=\"https:\/\/diarioellabrador.cl\/wp-content\/uploads\/2025\/10\/Alcaldesa-Marcela-Chamorro-Macias-solicita-avances-concretos-en-ejecucion-de-viviendas-del-Comite-La-Palma.jpeg\" \/>\n\t<meta property=\"og:image:width\" content=\"1200\" \/>\n\t<meta property=\"og:image:height\" content=\"806\" \/>\n\t<meta property=\"og:image:type\" content=\"image\/jpeg\" \/>\n<meta name=\"author\" content=\"Editor\" \/>\n<meta name=\"twitter:card\" content=\"summary_large_image\" \/>\n<meta name=\"twitter:creator\" content=\"@ElLabradorOf\" \/>\n<meta name=\"twitter:site\" content=\"@ElLabradorOf\" \/>\n<meta name=\"twitter:label1\" content=\"Escrito por\" \/>\n\t<meta name=\"twitter:data1\" content=\"Editor\" \/>\n\t<meta name=\"twitter:label2\" content=\"Tiempo de lectura\" \/>\n\t<meta name=\"twitter:data2\" content=\"1 minuto\" \/>\n<script type=\"application\/ld+json\" class=\"yoast-schema-graph\">{\"@context\":\"https:\\\/\\\/schema.org\",\"@graph\":[{\"@type\":\"Article\",\"@id\":\"https:\\\/\\\/diarioellabrador.cl\\\/index.php\\\/2025\\\/10\\\/21\\\/alcaldesa-marcela-chamorro-macias-solicita-avances-concretos-en-ejecucion-de-viviendas-del-comite-la-palma\\\/#article\",\"isPartOf\":{\"@id\":\"https:\\\/\\\/diarioellabrador.cl\\\/index.php\\\/2025\\\/10\\\/21\\\/alcaldesa-marcela-chamorro-macias-solicita-avances-concretos-en-ejecucion-de-viviendas-del-comite-la-palma\\\/\"},\"author\":{\"name\":\"Editor\",\"@id\":\"https:\\\/\\\/diarioellabrador.cl\\\/#\\\/schema\\\/person\\\/bc25ff80b4563f9c7f4bd7855df01685\"},\"headline\":\"Alcaldesa Marcela Chamorro Mac\u00edas solicita avances concretos en ejecuci\u00f3n de viviendas del Comit\u00e9 La Palma\",\"datePublished\":\"2025-10-21T21:43:14+00:00\",\"dateModified\":\"2025-10-21T21:43:15+00:00\",\"mainEntityOfPage\":{\"@id\":\"https:\\\/\\\/diarioellabrador.cl\\\/index.php\\\/2025\\\/10\\\/21\\\/alcaldesa-marcela-chamorro-macias-solicita-avances-concretos-en-ejecucion-de-viviendas-del-comite-la-palma\\\/\"},\"wordCount\":169,\"commentCount\":0,\"publisher\":{\"@id\":\"https:\\\/\\\/diarioellabrador.cl\\\/#organization\"},\"image\":{\"@id\":\"https:\\\/\\\/diarioellabrador.cl\\\/index.php\\\/2025\\\/10\\\/21\\\/alcaldesa-marcela-chamorro-macias-solicita-avances-concretos-en-ejecucion-de-viviendas-del-comite-la-palma\\\/#primaryimage\"},\"thumbnailUrl\":\"https:\\\/\\\/diarioellabrador.cl\\\/wp-content\\\/uploads\\\/2025\\\/10\\\/Alcaldesa-Marcela-Chamorro-Macias-solicita-avances-concretos-en-ejecucion-de-viviendas-del-Comite-La-Palma.jpeg\",\"articleSection\":[\"Cr\u00f3nica\"],\"inLanguage\":\"es\",\"potentialAction\":[{\"@type\":\"CommentAction\",\"name\":\"Comment\",\"target\":[\"https:\\\/\\\/diarioellabrador.cl\\\/index.php\\\/2025\\\/10\\\/21\\\/alcaldesa-marcela-chamorro-macias-solicita-avances-concretos-en-ejecucion-de-viviendas-del-comite-la-palma\\\/#respond\"]}]},{\"@type\":\"WebPage\",\"@id\":\"https:\\\/\\\/diarioellabrador.cl\\\/index.php\\\/2025\\\/10\\\/21\\\/alcaldesa-marcela-chamorro-macias-solicita-avances-concretos-en-ejecucion-de-viviendas-del-comite-la-palma\\\/\",\"url\":\"https:\\\/\\\/diarioellabrador.cl\\\/index.php\\\/2025\\\/10\\\/21\\\/alcaldesa-marcela-chamorro-macias-solicita-avances-concretos-en-ejecucion-de-viviendas-del-comite-la-palma\\\/\",\"name\":\"Alcaldesa Marcela Chamorro Mac\u00edas solicita avances concretos en ejecuci\u00f3n de viviendas del Comit\u00e9 La Palma - Diario El Labrador\",\"isPartOf\":{\"@id\":\"https:\\\/\\\/diarioellabrador.cl\\\/#website\"},\"primaryImageOfPage\":{\"@id\":\"https:\\\/\\\/diarioellabrador.cl\\\/index.php\\\/2025\\\/10\\\/21\\\/alcaldesa-marcela-chamorro-macias-solicita-avances-concretos-en-ejecucion-de-viviendas-del-comite-la-palma\\\/#primaryimage\"},\"image\":{\"@id\":\"https:\\\/\\\/diarioellabrador.cl\\\/index.php\\\/2025\\\/10\\\/21\\\/alcaldesa-marcela-chamorro-macias-solicita-avances-concretos-en-ejecucion-de-viviendas-del-comite-la-palma\\\/#primaryimage\"},\"thumbnailUrl\":\"https:\\\/\\\/diarioellabrador.cl\\\/wp-content\\\/uploads\\\/2025\\\/10\\\/Alcaldesa-Marcela-Chamorro-Macias-solicita-avances-concretos-en-ejecucion-de-viviendas-del-Comite-La-Palma.jpeg\",\"datePublished\":\"2025-10-21T21:43:14+00:00\",\"dateModified\":\"2025-10-21T21:43:15+00:00\",\"breadcrumb\":{\"@id\":\"https:\\\/\\\/diarioellabrador.cl\\\/index.php\\\/2025\\\/10\\\/21\\\/alcaldesa-marcela-chamorro-macias-solicita-avances-concretos-en-ejecucion-de-viviendas-del-comite-la-palma\\\/#breadcrumb\"},\"inLanguage\":\"es\",\"potentialAction\":[{\"@type\":\"ReadAction\",\"target\":[\"https:\\\/\\\/diarioellabrador.cl\\\/index.php\\\/2025\\\/10\\\/21\\\/alcaldesa-marcela-chamorro-macias-solicita-avances-concretos-en-ejecucion-de-viviendas-del-comite-la-palma\\\/\"]}]},{\"@type\":\"ImageObject\",\"inLanguage\":\"es\",\"@id\":\"https:\\\/\\\/diarioellabrador.cl\\\/index.php\\\/2025\\\/10\\\/21\\\/alcaldesa-marcela-chamorro-macias-solicita-avances-concretos-en-ejecucion-de-viviendas-del-comite-la-palma\\\/#primaryimage\",\"url\":\"https:\\\/\\\/diarioellabrador.cl\\\/wp-content\\\/uploads\\\/2025\\\/10\\\/Alcaldesa-Marcela-Chamorro-Macias-solicita-avances-concretos-en-ejecucion-de-viviendas-del-Comite-La-Palma.jpeg\",\"contentUrl\":\"https:\\\/\\\/diarioellabrador.cl\\\/wp-content\\\/uploads\\\/2025\\\/10\\\/Alcaldesa-Marcela-Chamorro-Macias-solicita-avances-concretos-en-ejecucion-de-viviendas-del-Comite-La-Palma.jpeg\",\"width\":1200,\"height\":806},{\"@type\":\"BreadcrumbList\",\"@id\":\"https:\\\/\\\/diarioellabrador.cl\\\/index.php\\\/2025\\\/10\\\/21\\\/alcaldesa-marcela-chamorro-macias-solicita-avances-concretos-en-ejecucion-de-viviendas-del-comite-la-palma\\\/#breadcrumb\",\"itemListElement\":[{\"@type\":\"ListItem\",\"position\":1,\"name\":\"Portada\",\"item\":\"https:\\\/\\\/diarioellabrador.cl\\\/\"},{\"@type\":\"ListItem\",\"position\":2,\"name\":\"Alcaldesa Marcela Chamorro Mac\u00edas solicita avances concretos en ejecuci\u00f3n de viviendas del Comit\u00e9 La Palma\"}]},{\"@type\":\"WebSite\",\"@id\":\"https:\\\/\\\/diarioellabrador.cl\\\/#website\",\"url\":\"https:\\\/\\\/diarioellabrador.cl\\\/\",\"name\":\"Diario El Labrador\",\"description\":\"Haciendo noticia desde 1921\",\"publisher\":{\"@id\":\"https:\\\/\\\/diarioellabrador.cl\\\/#organization\"},\"potentialAction\":[{\"@type\":\"SearchAction\",\"target\":{\"@type\":\"EntryPoint\",\"urlTemplate\":\"https:\\\/\\\/diarioellabrador.cl\\\/?s={search_term_string}\"},\"query-input\":{\"@type\":\"PropertyValueSpecification\",\"valueRequired\":true,\"valueName\":\"search_term_string\"}}],\"inLanguage\":\"es\"},{\"@type\":\"Organization\",\"@id\":\"https:\\\/\\\/diarioellabrador.cl\\\/#organization\",\"name\":\"Diario El Labrador\",\"url\":\"https:\\\/\\\/diarioellabrador.cl\\\/\",\"logo\":{\"@type\":\"ImageObject\",\"inLanguage\":\"es\",\"@id\":\"https:\\\/\\\/diarioellabrador.cl\\\/#\\\/schema\\\/logo\\\/image\\\/\",\"url\":\"https:\\\/\\\/diarioellabrador.cl\\\/wp-content\\\/uploads\\\/2025\\\/02\\\/cropped-Logo-Icono.png\",\"contentUrl\":\"https:\\\/\\\/diarioellabrador.cl\\\/wp-content\\\/uploads\\\/2025\\\/02\\\/cropped-Logo-Icono.png\",\"width\":512,\"height\":512,\"caption\":\"Diario El Labrador\"},\"image\":{\"@id\":\"https:\\\/\\\/diarioellabrador.cl\\\/#\\\/schema\\\/logo\\\/image\\\/\"},\"sameAs\":[\"https:\\\/\\\/web.facebook.com\\\/profile.php?id=61576120840621\",\"https:\\\/\\\/x.com\\\/ElLabradorOf\",\"https:\\\/\\\/www.instagram.com\\\/diarioellabradoroficial\\\/\"]},{\"@type\":\"Person\",\"@id\":\"https:\\\/\\\/diarioellabrador.cl\\\/#\\\/schema\\\/person\\\/bc25ff80b4563f9c7f4bd7855df01685\",\"name\":\"Editor\",\"image\":{\"@type\":\"ImageObject\",\"inLanguage\":\"es\",\"@id\":\"https:\\\/\\\/secure.gravatar.com\\\/avatar\\\/109c326cf2be5c04f048c2c2a2b8b6ef44bf3d8d1d3d4c55d0ac40c4bc994684?s=96&d=mm&r=g\",\"url\":\"https:\\\/\\\/secure.gravatar.com\\\/avatar\\\/109c326cf2be5c04f048c2c2a2b8b6ef44bf3d8d1d3d4c55d0ac40c4bc994684?s=96&d=mm&r=g\",\"contentUrl\":\"https:\\\/\\\/secure.gravatar.com\\\/avatar\\\/109c326cf2be5c04f048c2c2a2b8b6ef44bf3d8d1d3d4c55d0ac40c4bc994684?s=96&d=mm&r=g\",\"caption\":\"Editor\"},\"url\":\"https:\\\/\\\/diarioellabrador.cl\\\/index.php\\\/author\\\/editor\\\/\"}]}<\/script>\n<!-- \/ Yoast SEO plugin. -->","yoast_head_json":{"title":"Alcaldesa Marcela Chamorro Mac\u00edas solicita avances concretos en ejecuci\u00f3n de viviendas del Comit\u00e9 La Palma - Diario El Labrador","robots":{"index":"index","follow":"follow","max-snippet":"max-snippet:-1","max-image-preview":"max-image-preview:large","max-video-preview":"max-video-preview:-1"},"canonical":"https:\/\/diarioellabrador.cl\/index.php\/2025\/10\/21\/alcaldesa-marcela-chamorro-macias-solicita-avances-concretos-en-ejecucion-de-viviendas-del-comite-la-palma\/","og_locale":"es_ES","og_type":"article","og_title":"Alcaldesa Marcela Chamorro Mac\u00edas solicita avances concretos en ejecuci\u00f3n de viviendas del Comit\u00e9 La Palma - Diario El Labrador","og_description":"Durante su extensa jornada de trabajo en Santiago del pasado 14 de octubre, la Alcaldesa Marcela Chamorro Mac\u00edas sostuvo diversas reuniones con autoridades y representantes de organismos del Estado, con el objetivo de continuar impulsando proyectos que beneficien directamente a las y los vecinos de la comuna. Entre estos encuentros, la jefa comunal se reuni\u00f3 Leer m\u00e1s","og_url":"https:\/\/diarioellabrador.cl\/index.php\/2025\/10\/21\/alcaldesa-marcela-chamorro-macias-solicita-avances-concretos-en-ejecucion-de-viviendas-del-comite-la-palma\/","og_site_name":"Diario El Labrador","article_publisher":"https:\/\/web.facebook.com\/profile.php?id=61576120840621","article_published_time":"2025-10-21T21:43:14+00:00","article_modified_time":"2025-10-21T21:43:15+00:00","og_image":[{"width":1200,"height":806,"url":"https:\/\/diarioellabrador.cl\/wp-content\/uploads\/2025\/10\/Alcaldesa-Marcela-Chamorro-Macias-solicita-avances-concretos-en-ejecucion-de-viviendas-del-Comite-La-Palma.jpeg","type":"image\/jpeg"}],"author":"Editor","twitter_card":"summary_large_image","twitter_creator":"@ElLabradorOf","twitter_site":"@ElLabradorOf","twitter_misc":{"Escrito por":"Editor","Tiempo de lectura":"1 minuto"},"schema":{"@context":"https:\/\/schema.org","@graph":[{"@type":"Article","@id":"https:\/\/diarioellabrador.cl\/index.php\/2025\/10\/21\/alcaldesa-marcela-chamorro-macias-solicita-avances-concretos-en-ejecucion-de-viviendas-del-comite-la-palma\/#article","isPartOf":{"@id":"https:\/\/diarioellabrador.cl\/index.php\/2025\/10\/21\/alcaldesa-marcela-chamorro-macias-solicita-avances-concretos-en-ejecucion-de-viviendas-del-comite-la-palma\/"},"author":{"name":"Editor","@id":"https:\/\/diarioellabrador.cl\/#\/schema\/person\/bc25ff80b4563f9c7f4bd7855df01685"},"headline":"Alcaldesa Marcela Chamorro Mac\u00edas solicita avances concretos en ejecuci\u00f3n de viviendas del Comit\u00e9 La Palma","datePublished":"2025-10-21T21:43:14+00:00","dateModified":"2025-10-21T21:43:15+00:00","mainEntityOfPage":{"@id":"https:\/\/diarioellabrador.cl\/index.php\/2025\/10\/21\/alcaldesa-marcela-chamorro-macias-solicita-avances-concretos-en-ejecucion-de-viviendas-del-comite-la-palma\/"},"wordCount":169,"commentCount":0,"publisher":{"@id":"https:\/\/diarioellabrador.cl\/#organization"},"image":{"@id":"https:\/\/diarioellabrador.cl\/index.php\/2025\/10\/21\/alcaldesa-marcela-chamorro-macias-solicita-avances-concretos-en-ejecucion-de-viviendas-del-comite-la-palma\/#primaryimage"},"thumbnailUrl":"https:\/\/diarioellabrador.cl\/wp-content\/uploads\/2025\/10\/Alcaldesa-Marcela-Chamorro-Macias-solicita-avances-concretos-en-ejecucion-de-viviendas-del-Comite-La-Palma.jpeg","articleSection":["Cr\u00f3nica"],"inLanguage":"es","potentialAction":[{"@type":"CommentAction","name":"Comment","target":["https:\/\/diarioellabrador.cl\/index.php\/2025\/10\/21\/alcaldesa-marcela-chamorro-macias-solicita-avances-concretos-en-ejecucion-de-viviendas-del-comite-la-palma\/#respond"]}]},{"@type":"WebPage","@id":"https:\/\/diarioellabrador.cl\/index.php\/2025\/10\/21\/alcaldesa-marcela-chamorro-macias-solicita-avances-concretos-en-ejecucion-de-viviendas-del-comite-la-palma\/","url":"https:\/\/diarioellabrador.cl\/index.php\/2025\/10\/21\/alcaldesa-marcela-chamorro-macias-solicita-avances-concretos-en-ejecucion-de-viviendas-del-comite-la-palma\/","name":"Alcaldesa Marcela Chamorro Mac\u00edas solicita avances concretos en ejecuci\u00f3n de viviendas del Comit\u00e9 La Palma - Diario El Labrador","isPartOf":{"@id":"https:\/\/diarioellabrador.cl\/#website"},"primaryImageOfPage":{"@id":"https:\/\/diarioellabrador.cl\/index.php\/2025\/10\/21\/alcaldesa-marcela-chamorro-macias-solicita-avances-concretos-en-ejecucion-de-viviendas-del-comite-la-palma\/#primaryimage"},"image":{"@id":"https:\/\/diarioellabrador.cl\/index.php\/2025\/10\/21\/alcaldesa-marcela-chamorro-macias-solicita-avances-concretos-en-ejecucion-de-viviendas-del-comite-la-palma\/#primaryimage"},"thumbnailUrl":"https:\/\/diarioellabrador.cl\/wp-content\/uploads\/2025\/10\/Alcaldesa-Marcela-Chamorro-Macias-solicita-avances-concretos-en-ejecucion-de-viviendas-del-Comite-La-Palma.jpeg","datePublished":"2025-10-21T21:43:14+00:00","dateModified":"2025-10-21T21:43:15+00:00","breadcrumb":{"@id":"https:\/\/diarioellabrador.cl\/index.php\/2025\/10\/21\/alcaldesa-marcela-chamorro-macias-solicita-avances-concretos-en-ejecucion-de-viviendas-del-comite-la-palma\/#breadcrumb"},"inLanguage":"es","potentialAction":[{"@type":"ReadAction","target":["https:\/\/diarioellabrador.cl\/index.php\/2025\/10\/21\/alcaldesa-marcela-chamorro-macias-solicita-avances-concretos-en-ejecucion-de-viviendas-del-comite-la-palma\/"]}]},{"@type":"ImageObject","inLanguage":"es","@id":"https:\/\/diarioellabrador.cl\/index.php\/2025\/10\/21\/alcaldesa-marcela-chamorro-macias-solicita-avances-concretos-en-ejecucion-de-viviendas-del-comite-la-palma\/#primaryimage","url":"https:\/\/diarioellabrador.cl\/wp-content\/uploads\/2025\/10\/Alcaldesa-Marcela-Chamorro-Macias-solicita-avances-concretos-en-ejecucion-de-viviendas-del-Comite-La-Palma.jpeg","contentUrl":"https:\/\/diarioellabrador.cl\/wp-content\/uploads\/2025\/10\/Alcaldesa-Marcela-Chamorro-Macias-solicita-avances-concretos-en-ejecucion-de-viviendas-del-Comite-La-Palma.jpeg","width":1200,"height":806},{"@type":"BreadcrumbList","@id":"https:\/\/diarioellabrador.cl\/index.php\/2025\/10\/21\/alcaldesa-marcela-chamorro-macias-solicita-avances-concretos-en-ejecucion-de-viviendas-del-comite-la-palma\/#breadcrumb","itemListElement":[{"@type":"ListItem","position":1,"name":"Portada","item":"https:\/\/diarioellabrador.cl\/"},{"@type":"ListItem","position":2,"name":"Alcaldesa Marcela Chamorro Mac\u00edas solicita avances concretos en ejecuci\u00f3n de viviendas del Comit\u00e9 La Palma"}]},{"@type":"WebSite","@id":"https:\/\/diarioellabrador.cl\/#website","url":"https:\/\/diarioellabrador.cl\/","name":"Diario El Labrador","description":"Haciendo noticia desde 1921","publisher":{"@id":"https:\/\/diarioellabrador.cl\/#organization"},"potentialAction":[{"@type":"SearchAction","target":{"@type":"EntryPoint","urlTemplate":"https:\/\/diarioellabrador.cl\/?s={search_term_string}"},"query-input":{"@type":"PropertyValueSpecification","valueRequired":true,"valueName":"search_term_string"}}],"inLanguage":"es"},{"@type":"Organization","@id":"https:\/\/diarioellabrador.cl\/#organization","name":"Diario El Labrador","url":"https:\/\/diarioellabrador.cl\/","logo":{"@type":"ImageObject","inLanguage":"es","@id":"https:\/\/diarioellabrador.cl\/#\/schema\/logo\/image\/","url":"https:\/\/diarioellabrador.cl\/wp-content\/uploads\/2025\/02\/cropped-Logo-Icono.png","contentUrl":"https:\/\/diarioellabrador.cl\/wp-content\/uploads\/2025\/02\/cropped-Logo-Icono.png","width":512,"height":512,"caption":"Diario El Labrador"},"image":{"@id":"https:\/\/diarioellabrador.cl\/#\/schema\/logo\/image\/"},"sameAs":["https:\/\/web.facebook.com\/profile.php?id=61576120840621","https:\/\/x.com\/ElLabradorOf","https:\/\/www.instagram.com\/diarioellabradoroficial\/"]},{"@type":"Person","@id":"https:\/\/diarioellabrador.cl\/#\/schema\/person\/bc25ff80b4563f9c7f4bd7855df01685","name":"Editor","image":{"@type":"ImageObject","inLanguage":"es","@id":"https:\/\/secure.gravatar.com\/avatar\/109c326cf2be5c04f048c2c2a2b8b6ef44bf3d8d1d3d4c55d0ac40c4bc994684?s=96&d=mm&r=g","url":"https:\/\/secure.gravatar.com\/avatar\/109c326cf2be5c04f048c2c2a2b8b6ef44bf3d8d1d3d4c55d0ac40c4bc994684?s=96&d=mm&r=g","contentUrl":"https:\/\/secure.gravatar.com\/avatar\/109c326cf2be5c04f048c2c2a2b8b6ef44bf3d8d1d3d4c55d0ac40c4bc994684?s=96&d=mm&r=g","caption":"Editor"},"url":"https:\/\/diarioellabrador.cl\/index.php\/author\/editor\/"}]}},"_links":{"self":[{"href":"https:\/\/diarioellabrador.cl\/index.php\/wp-json\/wp\/v2\/posts\/10249","targetHints":{"allow":["GET"]}}],"collection":[{"href":"https:\/\/diarioellabrador.cl\/index.php\/wp-json\/wp\/v2\/posts"}],"about":[{"href":"https:\/\/diarioellabrador.cl\/index.php\/wp-json\/wp\/v2\/types\/post"}],"author":[{"embeddable":true,"href":"https:\/\/diarioellabrador.cl\/index.php\/wp-json\/wp\/v2\/users\/2"}],"replies":[{"embeddable":true,"href":"https:\/\/diarioellabrador.cl\/index.php\/wp-json\/wp\/v2\/comments?post=10249"}],"version-history":[{"count":1,"href":"https:\/\/diarioellabrador.cl\/index.php\/wp-json\/wp\/v2\/posts\/10249\/revisions"}],"predecessor-version":[{"id":10250,"href":"https:\/\/diarioellabrador.cl\/index.php\/wp-json\/wp\/v2\/posts\/10249\/revisions\/10250"}],"wp:featuredmedia":[{"embeddable":true,"href":"https:\/\/diarioellabrador.cl\/index.php\/wp-json\/wp\/v2\/media\/10204"}],"wp:attachment":[{"href":"https:\/\/diarioellabrador.cl\/index.php\/wp-json\/wp\/v2\/media?parent=10249"}],"wp:term":[{"taxonomy":"category","embeddable":true,"href":"https:\/\/diarioellabrador.cl\/index.php\/wp-json\/wp\/v2\/categories?post=10249"},{"taxonomy":"post_tag","embeddable":true,"href":"https:\/\/diarioellabrador.cl\/index.php\/wp-json\/wp\/v2\/tags?post=10249"}],"curies":[{"name":"wp","href":"https:\/\/api.w.org\/{rel}","templated":true}]}}