{"id":10241,"date":"2025-10-21T17:40:38","date_gmt":"2025-10-21T21:40:38","guid":{"rendered":"https:\/\/diarioellabrador.cl\/?p=10241"},"modified":"2025-10-21T17:40:39","modified_gmt":"2025-10-21T21:40:39","slug":"anuncian-fecha-del-proximo-black-friday-chile-y-confirman-que-durara-cuatro-dias","status":"publish","type":"post","link":"https:\/\/diarioellabrador.cl\/index.php\/2025\/10\/21\/anuncian-fecha-del-proximo-black-friday-chile-y-confirman-que-durara-cuatro-dias\/","title":{"rendered":"Anuncian fecha del pr\u00f3ximo Black Friday Chile y confirman que durar\u00e1 cuatro d\u00edas"},"content":{"rendered":"\n<p>Este martes se comunic\u00f3 que el <strong>Black Friday Chile<\/strong> se realizar\u00e1 a partir del viernes 28 de noviembre y que se extender\u00e1 hasta el 1 de diciembre.<\/p>\n\n\n\n<p>Se tratar\u00e1 de la d\u00e9cima tercera edici\u00f3n del evento de ventas online, en la que empresas, tiendas y Pymes ofrecer\u00e1n descuentos y ofertas de productos y servicios.<\/p>\n\n\n\n<p>El sitio web oficial es <a href=\"http:\/\/www.blackfriday.cl\" target=\"_blank\" rel=\"noreferrer noopener\">www.blackfriday.cl<\/a>.<\/p>\n\n\n\n<p>Wide Latam, empresa que organiza el Black Friday en Chile, se\u00f1al\u00f3 que \u201ccomo todos los a\u00f1os, la instancia reunir\u00e1 a <strong>cientos de marcas<\/strong> en el sitio web oficial del evento, desde donde los usuarios podr\u00e1n acceder a un extenso cat\u00e1logo de ofertas y descuentos en categor\u00edas como viajes, tecnolog\u00edas, belleza, juguetes, muebles, inmobiliarios, servicios y m\u00e1s\u201d.<\/p>\n\n\n\n<p>La organizaci\u00f3n reafirm\u00f3 su alianza con la <a href=\"https:\/\/www.asech.cl\/\" target=\"_blank\" rel=\"noreferrer noopener\">Asociaci\u00f3n de Emprendedores de Chile<\/a> (Asech), remarcando el espacio que se dar\u00e1 a las peque\u00f1as y medianas empresas.<\/p>\n\n\n\n<p>Por \u00faltimo, sostuvo que proyectan \u201csuperar tanto el n\u00famero de marcas participantes como la cifra de ingresos generados\u201d en la edici\u00f3n anterior.<\/p>\n","protected":false},"excerpt":{"rendered":"<p>Este martes se comunic\u00f3 que el Black Friday Chile se realizar\u00e1 a partir del viernes 28 de noviembre y que se extender\u00e1 hasta el 1 de diciembre. Se tratar\u00e1 de la d\u00e9cima tercera edici\u00f3n del evento de ventas online, en la que empresas, tiendas y Pymes ofrecer\u00e1n descuentos y ofertas de productos y servicios. El<\/p>\n<div class=\"read-more-wrapper\"><a class=\"read-more\" href=\"https:\/\/diarioellabrador.cl\/index.php\/2025\/10\/21\/anuncian-fecha-del-proximo-black-friday-chile-y-confirman-que-durara-cuatro-dias\/\" title=\"Leer m\u00e1s\"> <span class=\"button \">Leer m\u00e1s<\/span><\/a><\/div>\n","protected":false},"author":2,"featured_media":10205,"comment_status":"open","ping_status":"open","sticky":false,"template":"","format":"standard","meta":{"footnotes":""},"categories":[1],"tags":[],"class_list":["post-10241","post","type-post","status-publish","format-standard","has-post-thumbnail","hentry","category-cronica"],"yoast_head":"<!-- This site is optimized with the Yoast SEO plugin v27.5 - https:\/\/yoast.com\/product\/yoast-seo-wordpress\/ -->\n<title>Anuncian fecha del pr\u00f3ximo Black Friday Chile y confirman que durar\u00e1 cuatro d\u00edas - Diario El Labrador<\/title>\n<meta name=\"robots\" content=\"index, follow, max-snippet:-1, max-image-preview:large, max-video-preview:-1\" \/>\n<link rel=\"canonical\" href=\"https:\/\/diarioellabrador.cl\/index.php\/2025\/10\/21\/anuncian-fecha-del-proximo-black-friday-chile-y-confirman-que-durara-cuatro-dias\/\" \/>\n<meta property=\"og:locale\" content=\"es_ES\" \/>\n<meta property=\"og:type\" content=\"article\" \/>\n<meta property=\"og:title\" content=\"Anuncian fecha del pr\u00f3ximo Black Friday Chile y confirman que durar\u00e1 cuatro d\u00edas - Diario El Labrador\" \/>\n<meta property=\"og:description\" content=\"Este martes se comunic\u00f3 que el Black Friday Chile se realizar\u00e1 a partir del viernes 28 de noviembre y que se extender\u00e1 hasta el 1 de diciembre. Se tratar\u00e1 de la d\u00e9cima tercera edici\u00f3n del evento de ventas online, en la que empresas, tiendas y Pymes ofrecer\u00e1n descuentos y ofertas de productos y servicios. El Leer m\u00e1s\" \/>\n<meta property=\"og:url\" content=\"https:\/\/diarioellabrador.cl\/index.php\/2025\/10\/21\/anuncian-fecha-del-proximo-black-friday-chile-y-confirman-que-durara-cuatro-dias\/\" \/>\n<meta property=\"og:site_name\" content=\"Diario El Labrador\" \/>\n<meta property=\"article:publisher\" content=\"https:\/\/web.facebook.com\/profile.php?id=61576120840621\" \/>\n<meta property=\"article:published_time\" content=\"2025-10-21T21:40:38+00:00\" \/>\n<meta property=\"article:modified_time\" content=\"2025-10-21T21:40:39+00:00\" \/>\n<meta property=\"og:image\" content=\"https:\/\/diarioellabrador.cl\/wp-content\/uploads\/2025\/10\/Anuncian-fecha-del-proximo-Black-Friday-Chile-y-confirman-que-durara-cuatro-dias.jpg\" \/>\n\t<meta property=\"og:image:width\" content=\"906\" \/>\n\t<meta property=\"og:image:height\" content=\"633\" \/>\n\t<meta property=\"og:image:type\" content=\"image\/jpeg\" \/>\n<meta name=\"author\" content=\"Editor\" \/>\n<meta name=\"twitter:card\" content=\"summary_large_image\" \/>\n<meta name=\"twitter:creator\" content=\"@ElLabradorOf\" \/>\n<meta name=\"twitter:site\" content=\"@ElLabradorOf\" \/>\n<meta name=\"twitter:label1\" content=\"Escrito por\" \/>\n\t<meta name=\"twitter:data1\" content=\"Editor\" \/>\n\t<meta name=\"twitter:label2\" content=\"Tiempo de lectura\" \/>\n\t<meta name=\"twitter:data2\" content=\"1 minuto\" \/>\n<script type=\"application\/ld+json\" class=\"yoast-schema-graph\">{\"@context\":\"https:\\\/\\\/schema.org\",\"@graph\":[{\"@type\":\"Article\",\"@id\":\"https:\\\/\\\/diarioellabrador.cl\\\/index.php\\\/2025\\\/10\\\/21\\\/anuncian-fecha-del-proximo-black-friday-chile-y-confirman-que-durara-cuatro-dias\\\/#article\",\"isPartOf\":{\"@id\":\"https:\\\/\\\/diarioellabrador.cl\\\/index.php\\\/2025\\\/10\\\/21\\\/anuncian-fecha-del-proximo-black-friday-chile-y-confirman-que-durara-cuatro-dias\\\/\"},\"author\":{\"name\":\"Editor\",\"@id\":\"https:\\\/\\\/diarioellabrador.cl\\\/#\\\/schema\\\/person\\\/bc25ff80b4563f9c7f4bd7855df01685\"},\"headline\":\"Anuncian fecha del pr\u00f3ximo Black Friday Chile y confirman que durar\u00e1 cuatro d\u00edas\",\"datePublished\":\"2025-10-21T21:40:38+00:00\",\"dateModified\":\"2025-10-21T21:40:39+00:00\",\"mainEntityOfPage\":{\"@id\":\"https:\\\/\\\/diarioellabrador.cl\\\/index.php\\\/2025\\\/10\\\/21\\\/anuncian-fecha-del-proximo-black-friday-chile-y-confirman-que-durara-cuatro-dias\\\/\"},\"wordCount\":193,\"commentCount\":0,\"publisher\":{\"@id\":\"https:\\\/\\\/diarioellabrador.cl\\\/#organization\"},\"image\":{\"@id\":\"https:\\\/\\\/diarioellabrador.cl\\\/index.php\\\/2025\\\/10\\\/21\\\/anuncian-fecha-del-proximo-black-friday-chile-y-confirman-que-durara-cuatro-dias\\\/#primaryimage\"},\"thumbnailUrl\":\"https:\\\/\\\/diarioellabrador.cl\\\/wp-content\\\/uploads\\\/2025\\\/10\\\/Anuncian-fecha-del-proximo-Black-Friday-Chile-y-confirman-que-durara-cuatro-dias.jpg\",\"articleSection\":[\"Cr\u00f3nica\"],\"inLanguage\":\"es\",\"potentialAction\":[{\"@type\":\"CommentAction\",\"name\":\"Comment\",\"target\":[\"https:\\\/\\\/diarioellabrador.cl\\\/index.php\\\/2025\\\/10\\\/21\\\/anuncian-fecha-del-proximo-black-friday-chile-y-confirman-que-durara-cuatro-dias\\\/#respond\"]}]},{\"@type\":\"WebPage\",\"@id\":\"https:\\\/\\\/diarioellabrador.cl\\\/index.php\\\/2025\\\/10\\\/21\\\/anuncian-fecha-del-proximo-black-friday-chile-y-confirman-que-durara-cuatro-dias\\\/\",\"url\":\"https:\\\/\\\/diarioellabrador.cl\\\/index.php\\\/2025\\\/10\\\/21\\\/anuncian-fecha-del-proximo-black-friday-chile-y-confirman-que-durara-cuatro-dias\\\/\",\"name\":\"Anuncian fecha del pr\u00f3ximo Black Friday Chile y confirman que durar\u00e1 cuatro d\u00edas - Diario El Labrador\",\"isPartOf\":{\"@id\":\"https:\\\/\\\/diarioellabrador.cl\\\/#website\"},\"primaryImageOfPage\":{\"@id\":\"https:\\\/\\\/diarioellabrador.cl\\\/index.php\\\/2025\\\/10\\\/21\\\/anuncian-fecha-del-proximo-black-friday-chile-y-confirman-que-durara-cuatro-dias\\\/#primaryimage\"},\"image\":{\"@id\":\"https:\\\/\\\/diarioellabrador.cl\\\/index.php\\\/2025\\\/10\\\/21\\\/anuncian-fecha-del-proximo-black-friday-chile-y-confirman-que-durara-cuatro-dias\\\/#primaryimage\"},\"thumbnailUrl\":\"https:\\\/\\\/diarioellabrador.cl\\\/wp-content\\\/uploads\\\/2025\\\/10\\\/Anuncian-fecha-del-proximo-Black-Friday-Chile-y-confirman-que-durara-cuatro-dias.jpg\",\"datePublished\":\"2025-10-21T21:40:38+00:00\",\"dateModified\":\"2025-10-21T21:40:39+00:00\",\"breadcrumb\":{\"@id\":\"https:\\\/\\\/diarioellabrador.cl\\\/index.php\\\/2025\\\/10\\\/21\\\/anuncian-fecha-del-proximo-black-friday-chile-y-confirman-que-durara-cuatro-dias\\\/#breadcrumb\"},\"inLanguage\":\"es\",\"potentialAction\":[{\"@type\":\"ReadAction\",\"target\":[\"https:\\\/\\\/diarioellabrador.cl\\\/index.php\\\/2025\\\/10\\\/21\\\/anuncian-fecha-del-proximo-black-friday-chile-y-confirman-que-durara-cuatro-dias\\\/\"]}]},{\"@type\":\"ImageObject\",\"inLanguage\":\"es\",\"@id\":\"https:\\\/\\\/diarioellabrador.cl\\\/index.php\\\/2025\\\/10\\\/21\\\/anuncian-fecha-del-proximo-black-friday-chile-y-confirman-que-durara-cuatro-dias\\\/#primaryimage\",\"url\":\"https:\\\/\\\/diarioellabrador.cl\\\/wp-content\\\/uploads\\\/2025\\\/10\\\/Anuncian-fecha-del-proximo-Black-Friday-Chile-y-confirman-que-durara-cuatro-dias.jpg\",\"contentUrl\":\"https:\\\/\\\/diarioellabrador.cl\\\/wp-content\\\/uploads\\\/2025\\\/10\\\/Anuncian-fecha-del-proximo-Black-Friday-Chile-y-confirman-que-durara-cuatro-dias.jpg\",\"width\":906,\"height\":633},{\"@type\":\"BreadcrumbList\",\"@id\":\"https:\\\/\\\/diarioellabrador.cl\\\/index.php\\\/2025\\\/10\\\/21\\\/anuncian-fecha-del-proximo-black-friday-chile-y-confirman-que-durara-cuatro-dias\\\/#breadcrumb\",\"itemListElement\":[{\"@type\":\"ListItem\",\"position\":1,\"name\":\"Portada\",\"item\":\"https:\\\/\\\/diarioellabrador.cl\\\/\"},{\"@type\":\"ListItem\",\"position\":2,\"name\":\"Anuncian fecha del pr\u00f3ximo Black Friday Chile y confirman que durar\u00e1 cuatro d\u00edas\"}]},{\"@type\":\"WebSite\",\"@id\":\"https:\\\/\\\/diarioellabrador.cl\\\/#website\",\"url\":\"https:\\\/\\\/diarioellabrador.cl\\\/\",\"name\":\"Diario El Labrador\",\"description\":\"Haciendo noticia desde 1921\",\"publisher\":{\"@id\":\"https:\\\/\\\/diarioellabrador.cl\\\/#organization\"},\"potentialAction\":[{\"@type\":\"SearchAction\",\"target\":{\"@type\":\"EntryPoint\",\"urlTemplate\":\"https:\\\/\\\/diarioellabrador.cl\\\/?s={search_term_string}\"},\"query-input\":{\"@type\":\"PropertyValueSpecification\",\"valueRequired\":true,\"valueName\":\"search_term_string\"}}],\"inLanguage\":\"es\"},{\"@type\":\"Organization\",\"@id\":\"https:\\\/\\\/diarioellabrador.cl\\\/#organization\",\"name\":\"Diario El Labrador\",\"url\":\"https:\\\/\\\/diarioellabrador.cl\\\/\",\"logo\":{\"@type\":\"ImageObject\",\"inLanguage\":\"es\",\"@id\":\"https:\\\/\\\/diarioellabrador.cl\\\/#\\\/schema\\\/logo\\\/image\\\/\",\"url\":\"https:\\\/\\\/diarioellabrador.cl\\\/wp-content\\\/uploads\\\/2025\\\/02\\\/cropped-Logo-Icono.png\",\"contentUrl\":\"https:\\\/\\\/diarioellabrador.cl\\\/wp-content\\\/uploads\\\/2025\\\/02\\\/cropped-Logo-Icono.png\",\"width\":512,\"height\":512,\"caption\":\"Diario El Labrador\"},\"image\":{\"@id\":\"https:\\\/\\\/diarioellabrador.cl\\\/#\\\/schema\\\/logo\\\/image\\\/\"},\"sameAs\":[\"https:\\\/\\\/web.facebook.com\\\/profile.php?id=61576120840621\",\"https:\\\/\\\/x.com\\\/ElLabradorOf\",\"https:\\\/\\\/www.instagram.com\\\/diarioellabradoroficial\\\/\"]},{\"@type\":\"Person\",\"@id\":\"https:\\\/\\\/diarioellabrador.cl\\\/#\\\/schema\\\/person\\\/bc25ff80b4563f9c7f4bd7855df01685\",\"name\":\"Editor\",\"image\":{\"@type\":\"ImageObject\",\"inLanguage\":\"es\",\"@id\":\"https:\\\/\\\/secure.gravatar.com\\\/avatar\\\/109c326cf2be5c04f048c2c2a2b8b6ef44bf3d8d1d3d4c55d0ac40c4bc994684?s=96&d=mm&r=g\",\"url\":\"https:\\\/\\\/secure.gravatar.com\\\/avatar\\\/109c326cf2be5c04f048c2c2a2b8b6ef44bf3d8d1d3d4c55d0ac40c4bc994684?s=96&d=mm&r=g\",\"contentUrl\":\"https:\\\/\\\/secure.gravatar.com\\\/avatar\\\/109c326cf2be5c04f048c2c2a2b8b6ef44bf3d8d1d3d4c55d0ac40c4bc994684?s=96&d=mm&r=g\",\"caption\":\"Editor\"},\"url\":\"https:\\\/\\\/diarioellabrador.cl\\\/index.php\\\/author\\\/editor\\\/\"}]}<\/script>\n<!-- \/ Yoast SEO plugin. -->","yoast_head_json":{"title":"Anuncian fecha del pr\u00f3ximo Black Friday Chile y confirman que durar\u00e1 cuatro d\u00edas - Diario El Labrador","robots":{"index":"index","follow":"follow","max-snippet":"max-snippet:-1","max-image-preview":"max-image-preview:large","max-video-preview":"max-video-preview:-1"},"canonical":"https:\/\/diarioellabrador.cl\/index.php\/2025\/10\/21\/anuncian-fecha-del-proximo-black-friday-chile-y-confirman-que-durara-cuatro-dias\/","og_locale":"es_ES","og_type":"article","og_title":"Anuncian fecha del pr\u00f3ximo Black Friday Chile y confirman que durar\u00e1 cuatro d\u00edas - Diario El Labrador","og_description":"Este martes se comunic\u00f3 que el Black Friday Chile se realizar\u00e1 a partir del viernes 28 de noviembre y que se extender\u00e1 hasta el 1 de diciembre. Se tratar\u00e1 de la d\u00e9cima tercera edici\u00f3n del evento de ventas online, en la que empresas, tiendas y Pymes ofrecer\u00e1n descuentos y ofertas de productos y servicios. El Leer m\u00e1s","og_url":"https:\/\/diarioellabrador.cl\/index.php\/2025\/10\/21\/anuncian-fecha-del-proximo-black-friday-chile-y-confirman-que-durara-cuatro-dias\/","og_site_name":"Diario El Labrador","article_publisher":"https:\/\/web.facebook.com\/profile.php?id=61576120840621","article_published_time":"2025-10-21T21:40:38+00:00","article_modified_time":"2025-10-21T21:40:39+00:00","og_image":[{"width":906,"height":633,"url":"https:\/\/diarioellabrador.cl\/wp-content\/uploads\/2025\/10\/Anuncian-fecha-del-proximo-Black-Friday-Chile-y-confirman-que-durara-cuatro-dias.jpg","type":"image\/jpeg"}],"author":"Editor","twitter_card":"summary_large_image","twitter_creator":"@ElLabradorOf","twitter_site":"@ElLabradorOf","twitter_misc":{"Escrito por":"Editor","Tiempo de lectura":"1 minuto"},"schema":{"@context":"https:\/\/schema.org","@graph":[{"@type":"Article","@id":"https:\/\/diarioellabrador.cl\/index.php\/2025\/10\/21\/anuncian-fecha-del-proximo-black-friday-chile-y-confirman-que-durara-cuatro-dias\/#article","isPartOf":{"@id":"https:\/\/diarioellabrador.cl\/index.php\/2025\/10\/21\/anuncian-fecha-del-proximo-black-friday-chile-y-confirman-que-durara-cuatro-dias\/"},"author":{"name":"Editor","@id":"https:\/\/diarioellabrador.cl\/#\/schema\/person\/bc25ff80b4563f9c7f4bd7855df01685"},"headline":"Anuncian fecha del pr\u00f3ximo Black Friday Chile y confirman que durar\u00e1 cuatro d\u00edas","datePublished":"2025-10-21T21:40:38+00:00","dateModified":"2025-10-21T21:40:39+00:00","mainEntityOfPage":{"@id":"https:\/\/diarioellabrador.cl\/index.php\/2025\/10\/21\/anuncian-fecha-del-proximo-black-friday-chile-y-confirman-que-durara-cuatro-dias\/"},"wordCount":193,"commentCount":0,"publisher":{"@id":"https:\/\/diarioellabrador.cl\/#organization"},"image":{"@id":"https:\/\/diarioellabrador.cl\/index.php\/2025\/10\/21\/anuncian-fecha-del-proximo-black-friday-chile-y-confirman-que-durara-cuatro-dias\/#primaryimage"},"thumbnailUrl":"https:\/\/diarioellabrador.cl\/wp-content\/uploads\/2025\/10\/Anuncian-fecha-del-proximo-Black-Friday-Chile-y-confirman-que-durara-cuatro-dias.jpg","articleSection":["Cr\u00f3nica"],"inLanguage":"es","potentialAction":[{"@type":"CommentAction","name":"Comment","target":["https:\/\/diarioellabrador.cl\/index.php\/2025\/10\/21\/anuncian-fecha-del-proximo-black-friday-chile-y-confirman-que-durara-cuatro-dias\/#respond"]}]},{"@type":"WebPage","@id":"https:\/\/diarioellabrador.cl\/index.php\/2025\/10\/21\/anuncian-fecha-del-proximo-black-friday-chile-y-confirman-que-durara-cuatro-dias\/","url":"https:\/\/diarioellabrador.cl\/index.php\/2025\/10\/21\/anuncian-fecha-del-proximo-black-friday-chile-y-confirman-que-durara-cuatro-dias\/","name":"Anuncian fecha del pr\u00f3ximo Black Friday Chile y confirman que durar\u00e1 cuatro d\u00edas - Diario El Labrador","isPartOf":{"@id":"https:\/\/diarioellabrador.cl\/#website"},"primaryImageOfPage":{"@id":"https:\/\/diarioellabrador.cl\/index.php\/2025\/10\/21\/anuncian-fecha-del-proximo-black-friday-chile-y-confirman-que-durara-cuatro-dias\/#primaryimage"},"image":{"@id":"https:\/\/diarioellabrador.cl\/index.php\/2025\/10\/21\/anuncian-fecha-del-proximo-black-friday-chile-y-confirman-que-durara-cuatro-dias\/#primaryimage"},"thumbnailUrl":"https:\/\/diarioellabrador.cl\/wp-content\/uploads\/2025\/10\/Anuncian-fecha-del-proximo-Black-Friday-Chile-y-confirman-que-durara-cuatro-dias.jpg","datePublished":"2025-10-21T21:40:38+00:00","dateModified":"2025-10-21T21:40:39+00:00","breadcrumb":{"@id":"https:\/\/diarioellabrador.cl\/index.php\/2025\/10\/21\/anuncian-fecha-del-proximo-black-friday-chile-y-confirman-que-durara-cuatro-dias\/#breadcrumb"},"inLanguage":"es","potentialAction":[{"@type":"ReadAction","target":["https:\/\/diarioellabrador.cl\/index.php\/2025\/10\/21\/anuncian-fecha-del-proximo-black-friday-chile-y-confirman-que-durara-cuatro-dias\/"]}]},{"@type":"ImageObject","inLanguage":"es","@id":"https:\/\/diarioellabrador.cl\/index.php\/2025\/10\/21\/anuncian-fecha-del-proximo-black-friday-chile-y-confirman-que-durara-cuatro-dias\/#primaryimage","url":"https:\/\/diarioellabrador.cl\/wp-content\/uploads\/2025\/10\/Anuncian-fecha-del-proximo-Black-Friday-Chile-y-confirman-que-durara-cuatro-dias.jpg","contentUrl":"https:\/\/diarioellabrador.cl\/wp-content\/uploads\/2025\/10\/Anuncian-fecha-del-proximo-Black-Friday-Chile-y-confirman-que-durara-cuatro-dias.jpg","width":906,"height":633},{"@type":"BreadcrumbList","@id":"https:\/\/diarioellabrador.cl\/index.php\/2025\/10\/21\/anuncian-fecha-del-proximo-black-friday-chile-y-confirman-que-durara-cuatro-dias\/#breadcrumb","itemListElement":[{"@type":"ListItem","position":1,"name":"Portada","item":"https:\/\/diarioellabrador.cl\/"},{"@type":"ListItem","position":2,"name":"Anuncian fecha del pr\u00f3ximo Black Friday Chile y confirman que durar\u00e1 cuatro d\u00edas"}]},{"@type":"WebSite","@id":"https:\/\/diarioellabrador.cl\/#website","url":"https:\/\/diarioellabrador.cl\/","name":"Diario El Labrador","description":"Haciendo noticia desde 1921","publisher":{"@id":"https:\/\/diarioellabrador.cl\/#organization"},"potentialAction":[{"@type":"SearchAction","target":{"@type":"EntryPoint","urlTemplate":"https:\/\/diarioellabrador.cl\/?s={search_term_string}"},"query-input":{"@type":"PropertyValueSpecification","valueRequired":true,"valueName":"search_term_string"}}],"inLanguage":"es"},{"@type":"Organization","@id":"https:\/\/diarioellabrador.cl\/#organization","name":"Diario El Labrador","url":"https:\/\/diarioellabrador.cl\/","logo":{"@type":"ImageObject","inLanguage":"es","@id":"https:\/\/diarioellabrador.cl\/#\/schema\/logo\/image\/","url":"https:\/\/diarioellabrador.cl\/wp-content\/uploads\/2025\/02\/cropped-Logo-Icono.png","contentUrl":"https:\/\/diarioellabrador.cl\/wp-content\/uploads\/2025\/02\/cropped-Logo-Icono.png","width":512,"height":512,"caption":"Diario El Labrador"},"image":{"@id":"https:\/\/diarioellabrador.cl\/#\/schema\/logo\/image\/"},"sameAs":["https:\/\/web.facebook.com\/profile.php?id=61576120840621","https:\/\/x.com\/ElLabradorOf","https:\/\/www.instagram.com\/diarioellabradoroficial\/"]},{"@type":"Person","@id":"https:\/\/diarioellabrador.cl\/#\/schema\/person\/bc25ff80b4563f9c7f4bd7855df01685","name":"Editor","image":{"@type":"ImageObject","inLanguage":"es","@id":"https:\/\/secure.gravatar.com\/avatar\/109c326cf2be5c04f048c2c2a2b8b6ef44bf3d8d1d3d4c55d0ac40c4bc994684?s=96&d=mm&r=g","url":"https:\/\/secure.gravatar.com\/avatar\/109c326cf2be5c04f048c2c2a2b8b6ef44bf3d8d1d3d4c55d0ac40c4bc994684?s=96&d=mm&r=g","contentUrl":"https:\/\/secure.gravatar.com\/avatar\/109c326cf2be5c04f048c2c2a2b8b6ef44bf3d8d1d3d4c55d0ac40c4bc994684?s=96&d=mm&r=g","caption":"Editor"},"url":"https:\/\/diarioellabrador.cl\/index.php\/author\/editor\/"}]}},"_links":{"self":[{"href":"https:\/\/diarioellabrador.cl\/index.php\/wp-json\/wp\/v2\/posts\/10241","targetHints":{"allow":["GET"]}}],"collection":[{"href":"https:\/\/diarioellabrador.cl\/index.php\/wp-json\/wp\/v2\/posts"}],"about":[{"href":"https:\/\/diarioellabrador.cl\/index.php\/wp-json\/wp\/v2\/types\/post"}],"author":[{"embeddable":true,"href":"https:\/\/diarioellabrador.cl\/index.php\/wp-json\/wp\/v2\/users\/2"}],"replies":[{"embeddable":true,"href":"https:\/\/diarioellabrador.cl\/index.php\/wp-json\/wp\/v2\/comments?post=10241"}],"version-history":[{"count":1,"href":"https:\/\/diarioellabrador.cl\/index.php\/wp-json\/wp\/v2\/posts\/10241\/revisions"}],"predecessor-version":[{"id":10242,"href":"https:\/\/diarioellabrador.cl\/index.php\/wp-json\/wp\/v2\/posts\/10241\/revisions\/10242"}],"wp:featuredmedia":[{"embeddable":true,"href":"https:\/\/diarioellabrador.cl\/index.php\/wp-json\/wp\/v2\/media\/10205"}],"wp:attachment":[{"href":"https:\/\/diarioellabrador.cl\/index.php\/wp-json\/wp\/v2\/media?parent=10241"}],"wp:term":[{"taxonomy":"category","embeddable":true,"href":"https:\/\/diarioellabrador.cl\/index.php\/wp-json\/wp\/v2\/categories?post=10241"},{"taxonomy":"post_tag","embeddable":true,"href":"https:\/\/diarioellabrador.cl\/index.php\/wp-json\/wp\/v2\/tags?post=10241"}],"curies":[{"name":"wp","href":"https:\/\/api.w.org\/{rel}","templated":true}]}}