{"id":10239,"date":"2025-10-21T17:40:11","date_gmt":"2025-10-21T21:40:11","guid":{"rendered":"https:\/\/diarioellabrador.cl\/?p=10239"},"modified":"2025-10-21T17:40:12","modified_gmt":"2025-10-21T21:40:12","slug":"pdi-recibe-20-drones-de-alta-tecnologia-para-combatir-delitos-seran-distribuidos-en-regiones","status":"publish","type":"post","link":"https:\/\/diarioellabrador.cl\/index.php\/2025\/10\/21\/pdi-recibe-20-drones-de-alta-tecnologia-para-combatir-delitos-seran-distribuidos-en-regiones\/","title":{"rendered":"PDI recibe 20 drones de alta tecnolog\u00eda para combatir delitos: ser\u00e1n distribuidos en regiones"},"content":{"rendered":"\n<p>En el marco del combate al delito en territorio nacional, desde el Ministerio de Seguridad, espec\u00edficamente de la Subsecretar\u00eda de Prevenci\u00f3n del Delito, hicieron la <strong>entrega oficial de 20 drones<\/strong> de \u00faltima generaci\u00f3n a la Polic\u00eda de Investigaciones de Chile (PDI).<\/p>\n\n\n\n<p>Lo anterior representa una <strong>inversi\u00f3n superior a los $378 millones de pesos<\/strong> destinados a modernizar las capacidades operativas de prevenci\u00f3n e investigaci\u00f3n del delito en el pa\u00eds.<\/p>\n\n\n\n<p>Al respecto, el <strong>ministro de Seguridad P\u00fablica, Luis Cordero<\/strong>, destac\u00f3 la inversi\u00f3n en nuevas tecnolog\u00edas y el trabajo de las polic\u00edas y los gobiernos locales.<\/p>\n\n\n\n<p>\u201cNo son solo c\u00e1maras, son m\u00e1s ojos disponibles para vigilancia y eficacia. <strong>Tambi\u00e9n tiene que ver con resguardar la integridad de nuestros polic\u00edas en cada uno de los desarrollos de los procesos investigativos o de vigilancia que realizan<\/strong>, pero adem\u00e1s creo que es momento de resaltar la importancia que tiene no solo esta inversi\u00f3n, sino que el trabajo conjunto con otras instituciones, como los municipios\u201d, dijo el secretario de Estado.<\/p>\n\n\n\n<p><strong>Los nuevos equipos ser\u00e1n distribuidos en 15 regiones del pa\u00eds<\/strong>, con excepci\u00f3n del Maule, que ya contaba con este recurso. La regi\u00f3n Metropolitana, donde se concentran los mayores desaf\u00edos en materia de seguridad, recibir\u00e1 cinco unidades que incluyen dos drones Matrice 350 RTK, dos Matrice 30T y un Falcon, este \u00faltimo con tecnolog\u00eda antijammer de vanguardia.<\/p>\n\n\n\n<p>Por su parte, el subdirector de Investigaci\u00f3n Policial, <strong>prefecto general Hugo Haeger<\/strong>, explic\u00f3 que \u201clos 20 equipos drones que estamos recibiendo nos entregan herramientas m\u00e1s cient\u00edficas, m\u00e1s profesionales, con mayor tecnolog\u00eda para poder combatir el delito, el crimen organizado que hoy d\u00eda en las circunstancias que est\u00e1 viviendo el pa\u00eds\u201d.<\/p>\n\n\n\n<h2 class=\"wp-block-heading\">Trabajo conjunto con municipios<\/h2>\n\n\n\n<p>A su vez, la <strong>subsecretaria de Prevenci\u00f3n del Delito, Carolina Leitao<\/strong>, destac\u00f3 los beneficios de esta inversi\u00f3n para el desarrollo del trabajo policial y para las comunidades, tanto en las comunas en las que interviene el programa Somos Barrio como en el resto del territorio nacional.<\/p>\n\n\n\n<p>\u201cAqu\u00ed estamos incorporando no solo nueva tecnolog\u00eda, sino que obviamente queremos buscar innovaci\u00f3n. El est\u00e1ndar de estos drones es un est\u00e1ndar superior y se complementa tambi\u00e9n con el esfuerzo que est\u00e1n haciendo los municipios para enfrentar de manera m\u00e1s eficaz el delito\u201d, se\u00f1al\u00f3.<\/p>\n\n\n\n<p>El Componente Policial del programa Somos Barrio coordina la planificaci\u00f3n de actividades de prevenci\u00f3n y control con Carabineros y la PDI en los barrios que integran esta intervenci\u00f3n, en estrecha articulaci\u00f3n con los gobiernos locales.<\/p>\n","protected":false},"excerpt":{"rendered":"<p>En el marco del combate al delito en territorio nacional, desde el Ministerio de Seguridad, espec\u00edficamente de la Subsecretar\u00eda de Prevenci\u00f3n del Delito, hicieron la entrega oficial de 20 drones de \u00faltima generaci\u00f3n a la Polic\u00eda de Investigaciones de Chile (PDI). Lo anterior representa una inversi\u00f3n superior a los $378 millones de pesos destinados a<\/p>\n<div class=\"read-more-wrapper\"><a class=\"read-more\" href=\"https:\/\/diarioellabrador.cl\/index.php\/2025\/10\/21\/pdi-recibe-20-drones-de-alta-tecnologia-para-combatir-delitos-seran-distribuidos-en-regiones\/\" title=\"Leer m\u00e1s\"> <span class=\"button \">Leer m\u00e1s<\/span><\/a><\/div>\n","protected":false},"author":2,"featured_media":10198,"comment_status":"open","ping_status":"open","sticky":false,"template":"","format":"standard","meta":{"footnotes":""},"categories":[1],"tags":[],"class_list":["post-10239","post","type-post","status-publish","format-standard","has-post-thumbnail","hentry","category-cronica"],"yoast_head":"<!-- This site is optimized with the Yoast SEO plugin v27.5 - https:\/\/yoast.com\/product\/yoast-seo-wordpress\/ -->\n<title>PDI recibe 20 drones de alta tecnolog\u00eda para combatir delitos: ser\u00e1n distribuidos en regiones - Diario El Labrador<\/title>\n<meta name=\"robots\" content=\"index, follow, max-snippet:-1, max-image-preview:large, max-video-preview:-1\" \/>\n<link rel=\"canonical\" href=\"https:\/\/diarioellabrador.cl\/index.php\/2025\/10\/21\/pdi-recibe-20-drones-de-alta-tecnologia-para-combatir-delitos-seran-distribuidos-en-regiones\/\" \/>\n<meta property=\"og:locale\" content=\"es_ES\" \/>\n<meta property=\"og:type\" content=\"article\" \/>\n<meta property=\"og:title\" content=\"PDI recibe 20 drones de alta tecnolog\u00eda para combatir delitos: ser\u00e1n distribuidos en regiones - Diario El Labrador\" \/>\n<meta property=\"og:description\" content=\"En el marco del combate al delito en territorio nacional, desde el Ministerio de Seguridad, espec\u00edficamente de la Subsecretar\u00eda de Prevenci\u00f3n del Delito, hicieron la entrega oficial de 20 drones de \u00faltima generaci\u00f3n a la Polic\u00eda de Investigaciones de Chile (PDI). Lo anterior representa una inversi\u00f3n superior a los $378 millones de pesos destinados a Leer m\u00e1s\" \/>\n<meta property=\"og:url\" content=\"https:\/\/diarioellabrador.cl\/index.php\/2025\/10\/21\/pdi-recibe-20-drones-de-alta-tecnologia-para-combatir-delitos-seran-distribuidos-en-regiones\/\" \/>\n<meta property=\"og:site_name\" content=\"Diario El Labrador\" \/>\n<meta property=\"article:publisher\" content=\"https:\/\/web.facebook.com\/profile.php?id=61576120840621\" \/>\n<meta property=\"article:published_time\" content=\"2025-10-21T21:40:11+00:00\" \/>\n<meta property=\"article:modified_time\" content=\"2025-10-21T21:40:12+00:00\" \/>\n<meta property=\"og:image\" content=\"https:\/\/diarioellabrador.cl\/wp-content\/uploads\/2025\/10\/PDI-recibe-20-drones-de-alta-tecnologia-para-combatir-delitos-seran-distribuidos-en-regiones.jpg\" \/>\n\t<meta property=\"og:image:width\" content=\"1200\" \/>\n\t<meta property=\"og:image:height\" content=\"633\" \/>\n\t<meta property=\"og:image:type\" content=\"image\/jpeg\" \/>\n<meta name=\"author\" content=\"Editor\" \/>\n<meta name=\"twitter:card\" content=\"summary_large_image\" \/>\n<meta name=\"twitter:creator\" content=\"@ElLabradorOf\" \/>\n<meta name=\"twitter:site\" content=\"@ElLabradorOf\" \/>\n<meta name=\"twitter:label1\" content=\"Escrito por\" \/>\n\t<meta name=\"twitter:data1\" content=\"Editor\" \/>\n\t<meta name=\"twitter:label2\" content=\"Tiempo de lectura\" \/>\n\t<meta name=\"twitter:data2\" content=\"3 minutos\" \/>\n<script type=\"application\/ld+json\" class=\"yoast-schema-graph\">{\"@context\":\"https:\\\/\\\/schema.org\",\"@graph\":[{\"@type\":\"Article\",\"@id\":\"https:\\\/\\\/diarioellabrador.cl\\\/index.php\\\/2025\\\/10\\\/21\\\/pdi-recibe-20-drones-de-alta-tecnologia-para-combatir-delitos-seran-distribuidos-en-regiones\\\/#article\",\"isPartOf\":{\"@id\":\"https:\\\/\\\/diarioellabrador.cl\\\/index.php\\\/2025\\\/10\\\/21\\\/pdi-recibe-20-drones-de-alta-tecnologia-para-combatir-delitos-seran-distribuidos-en-regiones\\\/\"},\"author\":{\"name\":\"Editor\",\"@id\":\"https:\\\/\\\/diarioellabrador.cl\\\/#\\\/schema\\\/person\\\/bc25ff80b4563f9c7f4bd7855df01685\"},\"headline\":\"PDI recibe 20 drones de alta tecnolog\u00eda para combatir delitos: ser\u00e1n distribuidos en regiones\",\"datePublished\":\"2025-10-21T21:40:11+00:00\",\"dateModified\":\"2025-10-21T21:40:12+00:00\",\"mainEntityOfPage\":{\"@id\":\"https:\\\/\\\/diarioellabrador.cl\\\/index.php\\\/2025\\\/10\\\/21\\\/pdi-recibe-20-drones-de-alta-tecnologia-para-combatir-delitos-seran-distribuidos-en-regiones\\\/\"},\"wordCount\":453,\"commentCount\":0,\"publisher\":{\"@id\":\"https:\\\/\\\/diarioellabrador.cl\\\/#organization\"},\"image\":{\"@id\":\"https:\\\/\\\/diarioellabrador.cl\\\/index.php\\\/2025\\\/10\\\/21\\\/pdi-recibe-20-drones-de-alta-tecnologia-para-combatir-delitos-seran-distribuidos-en-regiones\\\/#primaryimage\"},\"thumbnailUrl\":\"https:\\\/\\\/diarioellabrador.cl\\\/wp-content\\\/uploads\\\/2025\\\/10\\\/PDI-recibe-20-drones-de-alta-tecnologia-para-combatir-delitos-seran-distribuidos-en-regiones.jpg\",\"articleSection\":[\"Cr\u00f3nica\"],\"inLanguage\":\"es\",\"potentialAction\":[{\"@type\":\"CommentAction\",\"name\":\"Comment\",\"target\":[\"https:\\\/\\\/diarioellabrador.cl\\\/index.php\\\/2025\\\/10\\\/21\\\/pdi-recibe-20-drones-de-alta-tecnologia-para-combatir-delitos-seran-distribuidos-en-regiones\\\/#respond\"]}]},{\"@type\":\"WebPage\",\"@id\":\"https:\\\/\\\/diarioellabrador.cl\\\/index.php\\\/2025\\\/10\\\/21\\\/pdi-recibe-20-drones-de-alta-tecnologia-para-combatir-delitos-seran-distribuidos-en-regiones\\\/\",\"url\":\"https:\\\/\\\/diarioellabrador.cl\\\/index.php\\\/2025\\\/10\\\/21\\\/pdi-recibe-20-drones-de-alta-tecnologia-para-combatir-delitos-seran-distribuidos-en-regiones\\\/\",\"name\":\"PDI recibe 20 drones de alta tecnolog\u00eda para combatir delitos: ser\u00e1n distribuidos en regiones - Diario El Labrador\",\"isPartOf\":{\"@id\":\"https:\\\/\\\/diarioellabrador.cl\\\/#website\"},\"primaryImageOfPage\":{\"@id\":\"https:\\\/\\\/diarioellabrador.cl\\\/index.php\\\/2025\\\/10\\\/21\\\/pdi-recibe-20-drones-de-alta-tecnologia-para-combatir-delitos-seran-distribuidos-en-regiones\\\/#primaryimage\"},\"image\":{\"@id\":\"https:\\\/\\\/diarioellabrador.cl\\\/index.php\\\/2025\\\/10\\\/21\\\/pdi-recibe-20-drones-de-alta-tecnologia-para-combatir-delitos-seran-distribuidos-en-regiones\\\/#primaryimage\"},\"thumbnailUrl\":\"https:\\\/\\\/diarioellabrador.cl\\\/wp-content\\\/uploads\\\/2025\\\/10\\\/PDI-recibe-20-drones-de-alta-tecnologia-para-combatir-delitos-seran-distribuidos-en-regiones.jpg\",\"datePublished\":\"2025-10-21T21:40:11+00:00\",\"dateModified\":\"2025-10-21T21:40:12+00:00\",\"breadcrumb\":{\"@id\":\"https:\\\/\\\/diarioellabrador.cl\\\/index.php\\\/2025\\\/10\\\/21\\\/pdi-recibe-20-drones-de-alta-tecnologia-para-combatir-delitos-seran-distribuidos-en-regiones\\\/#breadcrumb\"},\"inLanguage\":\"es\",\"potentialAction\":[{\"@type\":\"ReadAction\",\"target\":[\"https:\\\/\\\/diarioellabrador.cl\\\/index.php\\\/2025\\\/10\\\/21\\\/pdi-recibe-20-drones-de-alta-tecnologia-para-combatir-delitos-seran-distribuidos-en-regiones\\\/\"]}]},{\"@type\":\"ImageObject\",\"inLanguage\":\"es\",\"@id\":\"https:\\\/\\\/diarioellabrador.cl\\\/index.php\\\/2025\\\/10\\\/21\\\/pdi-recibe-20-drones-de-alta-tecnologia-para-combatir-delitos-seran-distribuidos-en-regiones\\\/#primaryimage\",\"url\":\"https:\\\/\\\/diarioellabrador.cl\\\/wp-content\\\/uploads\\\/2025\\\/10\\\/PDI-recibe-20-drones-de-alta-tecnologia-para-combatir-delitos-seran-distribuidos-en-regiones.jpg\",\"contentUrl\":\"https:\\\/\\\/diarioellabrador.cl\\\/wp-content\\\/uploads\\\/2025\\\/10\\\/PDI-recibe-20-drones-de-alta-tecnologia-para-combatir-delitos-seran-distribuidos-en-regiones.jpg\",\"width\":1200,\"height\":633},{\"@type\":\"BreadcrumbList\",\"@id\":\"https:\\\/\\\/diarioellabrador.cl\\\/index.php\\\/2025\\\/10\\\/21\\\/pdi-recibe-20-drones-de-alta-tecnologia-para-combatir-delitos-seran-distribuidos-en-regiones\\\/#breadcrumb\",\"itemListElement\":[{\"@type\":\"ListItem\",\"position\":1,\"name\":\"Portada\",\"item\":\"https:\\\/\\\/diarioellabrador.cl\\\/\"},{\"@type\":\"ListItem\",\"position\":2,\"name\":\"PDI recibe 20 drones de alta tecnolog\u00eda para combatir delitos: ser\u00e1n distribuidos en regiones\"}]},{\"@type\":\"WebSite\",\"@id\":\"https:\\\/\\\/diarioellabrador.cl\\\/#website\",\"url\":\"https:\\\/\\\/diarioellabrador.cl\\\/\",\"name\":\"Diario El Labrador\",\"description\":\"Haciendo noticia desde 1921\",\"publisher\":{\"@id\":\"https:\\\/\\\/diarioellabrador.cl\\\/#organization\"},\"potentialAction\":[{\"@type\":\"SearchAction\",\"target\":{\"@type\":\"EntryPoint\",\"urlTemplate\":\"https:\\\/\\\/diarioellabrador.cl\\\/?s={search_term_string}\"},\"query-input\":{\"@type\":\"PropertyValueSpecification\",\"valueRequired\":true,\"valueName\":\"search_term_string\"}}],\"inLanguage\":\"es\"},{\"@type\":\"Organization\",\"@id\":\"https:\\\/\\\/diarioellabrador.cl\\\/#organization\",\"name\":\"Diario El Labrador\",\"url\":\"https:\\\/\\\/diarioellabrador.cl\\\/\",\"logo\":{\"@type\":\"ImageObject\",\"inLanguage\":\"es\",\"@id\":\"https:\\\/\\\/diarioellabrador.cl\\\/#\\\/schema\\\/logo\\\/image\\\/\",\"url\":\"https:\\\/\\\/diarioellabrador.cl\\\/wp-content\\\/uploads\\\/2025\\\/02\\\/cropped-Logo-Icono.png\",\"contentUrl\":\"https:\\\/\\\/diarioellabrador.cl\\\/wp-content\\\/uploads\\\/2025\\\/02\\\/cropped-Logo-Icono.png\",\"width\":512,\"height\":512,\"caption\":\"Diario El Labrador\"},\"image\":{\"@id\":\"https:\\\/\\\/diarioellabrador.cl\\\/#\\\/schema\\\/logo\\\/image\\\/\"},\"sameAs\":[\"https:\\\/\\\/web.facebook.com\\\/profile.php?id=61576120840621\",\"https:\\\/\\\/x.com\\\/ElLabradorOf\",\"https:\\\/\\\/www.instagram.com\\\/diarioellabradoroficial\\\/\"]},{\"@type\":\"Person\",\"@id\":\"https:\\\/\\\/diarioellabrador.cl\\\/#\\\/schema\\\/person\\\/bc25ff80b4563f9c7f4bd7855df01685\",\"name\":\"Editor\",\"image\":{\"@type\":\"ImageObject\",\"inLanguage\":\"es\",\"@id\":\"https:\\\/\\\/secure.gravatar.com\\\/avatar\\\/109c326cf2be5c04f048c2c2a2b8b6ef44bf3d8d1d3d4c55d0ac40c4bc994684?s=96&d=mm&r=g\",\"url\":\"https:\\\/\\\/secure.gravatar.com\\\/avatar\\\/109c326cf2be5c04f048c2c2a2b8b6ef44bf3d8d1d3d4c55d0ac40c4bc994684?s=96&d=mm&r=g\",\"contentUrl\":\"https:\\\/\\\/secure.gravatar.com\\\/avatar\\\/109c326cf2be5c04f048c2c2a2b8b6ef44bf3d8d1d3d4c55d0ac40c4bc994684?s=96&d=mm&r=g\",\"caption\":\"Editor\"},\"url\":\"https:\\\/\\\/diarioellabrador.cl\\\/index.php\\\/author\\\/editor\\\/\"}]}<\/script>\n<!-- \/ Yoast SEO plugin. -->","yoast_head_json":{"title":"PDI recibe 20 drones de alta tecnolog\u00eda para combatir delitos: ser\u00e1n distribuidos en regiones - Diario El Labrador","robots":{"index":"index","follow":"follow","max-snippet":"max-snippet:-1","max-image-preview":"max-image-preview:large","max-video-preview":"max-video-preview:-1"},"canonical":"https:\/\/diarioellabrador.cl\/index.php\/2025\/10\/21\/pdi-recibe-20-drones-de-alta-tecnologia-para-combatir-delitos-seran-distribuidos-en-regiones\/","og_locale":"es_ES","og_type":"article","og_title":"PDI recibe 20 drones de alta tecnolog\u00eda para combatir delitos: ser\u00e1n distribuidos en regiones - Diario El Labrador","og_description":"En el marco del combate al delito en territorio nacional, desde el Ministerio de Seguridad, espec\u00edficamente de la Subsecretar\u00eda de Prevenci\u00f3n del Delito, hicieron la entrega oficial de 20 drones de \u00faltima generaci\u00f3n a la Polic\u00eda de Investigaciones de Chile (PDI). Lo anterior representa una inversi\u00f3n superior a los $378 millones de pesos destinados a Leer m\u00e1s","og_url":"https:\/\/diarioellabrador.cl\/index.php\/2025\/10\/21\/pdi-recibe-20-drones-de-alta-tecnologia-para-combatir-delitos-seran-distribuidos-en-regiones\/","og_site_name":"Diario El Labrador","article_publisher":"https:\/\/web.facebook.com\/profile.php?id=61576120840621","article_published_time":"2025-10-21T21:40:11+00:00","article_modified_time":"2025-10-21T21:40:12+00:00","og_image":[{"width":1200,"height":633,"url":"https:\/\/diarioellabrador.cl\/wp-content\/uploads\/2025\/10\/PDI-recibe-20-drones-de-alta-tecnologia-para-combatir-delitos-seran-distribuidos-en-regiones.jpg","type":"image\/jpeg"}],"author":"Editor","twitter_card":"summary_large_image","twitter_creator":"@ElLabradorOf","twitter_site":"@ElLabradorOf","twitter_misc":{"Escrito por":"Editor","Tiempo de lectura":"3 minutos"},"schema":{"@context":"https:\/\/schema.org","@graph":[{"@type":"Article","@id":"https:\/\/diarioellabrador.cl\/index.php\/2025\/10\/21\/pdi-recibe-20-drones-de-alta-tecnologia-para-combatir-delitos-seran-distribuidos-en-regiones\/#article","isPartOf":{"@id":"https:\/\/diarioellabrador.cl\/index.php\/2025\/10\/21\/pdi-recibe-20-drones-de-alta-tecnologia-para-combatir-delitos-seran-distribuidos-en-regiones\/"},"author":{"name":"Editor","@id":"https:\/\/diarioellabrador.cl\/#\/schema\/person\/bc25ff80b4563f9c7f4bd7855df01685"},"headline":"PDI recibe 20 drones de alta tecnolog\u00eda para combatir delitos: ser\u00e1n distribuidos en regiones","datePublished":"2025-10-21T21:40:11+00:00","dateModified":"2025-10-21T21:40:12+00:00","mainEntityOfPage":{"@id":"https:\/\/diarioellabrador.cl\/index.php\/2025\/10\/21\/pdi-recibe-20-drones-de-alta-tecnologia-para-combatir-delitos-seran-distribuidos-en-regiones\/"},"wordCount":453,"commentCount":0,"publisher":{"@id":"https:\/\/diarioellabrador.cl\/#organization"},"image":{"@id":"https:\/\/diarioellabrador.cl\/index.php\/2025\/10\/21\/pdi-recibe-20-drones-de-alta-tecnologia-para-combatir-delitos-seran-distribuidos-en-regiones\/#primaryimage"},"thumbnailUrl":"https:\/\/diarioellabrador.cl\/wp-content\/uploads\/2025\/10\/PDI-recibe-20-drones-de-alta-tecnologia-para-combatir-delitos-seran-distribuidos-en-regiones.jpg","articleSection":["Cr\u00f3nica"],"inLanguage":"es","potentialAction":[{"@type":"CommentAction","name":"Comment","target":["https:\/\/diarioellabrador.cl\/index.php\/2025\/10\/21\/pdi-recibe-20-drones-de-alta-tecnologia-para-combatir-delitos-seran-distribuidos-en-regiones\/#respond"]}]},{"@type":"WebPage","@id":"https:\/\/diarioellabrador.cl\/index.php\/2025\/10\/21\/pdi-recibe-20-drones-de-alta-tecnologia-para-combatir-delitos-seran-distribuidos-en-regiones\/","url":"https:\/\/diarioellabrador.cl\/index.php\/2025\/10\/21\/pdi-recibe-20-drones-de-alta-tecnologia-para-combatir-delitos-seran-distribuidos-en-regiones\/","name":"PDI recibe 20 drones de alta tecnolog\u00eda para combatir delitos: ser\u00e1n distribuidos en regiones - Diario El Labrador","isPartOf":{"@id":"https:\/\/diarioellabrador.cl\/#website"},"primaryImageOfPage":{"@id":"https:\/\/diarioellabrador.cl\/index.php\/2025\/10\/21\/pdi-recibe-20-drones-de-alta-tecnologia-para-combatir-delitos-seran-distribuidos-en-regiones\/#primaryimage"},"image":{"@id":"https:\/\/diarioellabrador.cl\/index.php\/2025\/10\/21\/pdi-recibe-20-drones-de-alta-tecnologia-para-combatir-delitos-seran-distribuidos-en-regiones\/#primaryimage"},"thumbnailUrl":"https:\/\/diarioellabrador.cl\/wp-content\/uploads\/2025\/10\/PDI-recibe-20-drones-de-alta-tecnologia-para-combatir-delitos-seran-distribuidos-en-regiones.jpg","datePublished":"2025-10-21T21:40:11+00:00","dateModified":"2025-10-21T21:40:12+00:00","breadcrumb":{"@id":"https:\/\/diarioellabrador.cl\/index.php\/2025\/10\/21\/pdi-recibe-20-drones-de-alta-tecnologia-para-combatir-delitos-seran-distribuidos-en-regiones\/#breadcrumb"},"inLanguage":"es","potentialAction":[{"@type":"ReadAction","target":["https:\/\/diarioellabrador.cl\/index.php\/2025\/10\/21\/pdi-recibe-20-drones-de-alta-tecnologia-para-combatir-delitos-seran-distribuidos-en-regiones\/"]}]},{"@type":"ImageObject","inLanguage":"es","@id":"https:\/\/diarioellabrador.cl\/index.php\/2025\/10\/21\/pdi-recibe-20-drones-de-alta-tecnologia-para-combatir-delitos-seran-distribuidos-en-regiones\/#primaryimage","url":"https:\/\/diarioellabrador.cl\/wp-content\/uploads\/2025\/10\/PDI-recibe-20-drones-de-alta-tecnologia-para-combatir-delitos-seran-distribuidos-en-regiones.jpg","contentUrl":"https:\/\/diarioellabrador.cl\/wp-content\/uploads\/2025\/10\/PDI-recibe-20-drones-de-alta-tecnologia-para-combatir-delitos-seran-distribuidos-en-regiones.jpg","width":1200,"height":633},{"@type":"BreadcrumbList","@id":"https:\/\/diarioellabrador.cl\/index.php\/2025\/10\/21\/pdi-recibe-20-drones-de-alta-tecnologia-para-combatir-delitos-seran-distribuidos-en-regiones\/#breadcrumb","itemListElement":[{"@type":"ListItem","position":1,"name":"Portada","item":"https:\/\/diarioellabrador.cl\/"},{"@type":"ListItem","position":2,"name":"PDI recibe 20 drones de alta tecnolog\u00eda para combatir delitos: ser\u00e1n distribuidos en regiones"}]},{"@type":"WebSite","@id":"https:\/\/diarioellabrador.cl\/#website","url":"https:\/\/diarioellabrador.cl\/","name":"Diario El Labrador","description":"Haciendo noticia desde 1921","publisher":{"@id":"https:\/\/diarioellabrador.cl\/#organization"},"potentialAction":[{"@type":"SearchAction","target":{"@type":"EntryPoint","urlTemplate":"https:\/\/diarioellabrador.cl\/?s={search_term_string}"},"query-input":{"@type":"PropertyValueSpecification","valueRequired":true,"valueName":"search_term_string"}}],"inLanguage":"es"},{"@type":"Organization","@id":"https:\/\/diarioellabrador.cl\/#organization","name":"Diario El Labrador","url":"https:\/\/diarioellabrador.cl\/","logo":{"@type":"ImageObject","inLanguage":"es","@id":"https:\/\/diarioellabrador.cl\/#\/schema\/logo\/image\/","url":"https:\/\/diarioellabrador.cl\/wp-content\/uploads\/2025\/02\/cropped-Logo-Icono.png","contentUrl":"https:\/\/diarioellabrador.cl\/wp-content\/uploads\/2025\/02\/cropped-Logo-Icono.png","width":512,"height":512,"caption":"Diario El Labrador"},"image":{"@id":"https:\/\/diarioellabrador.cl\/#\/schema\/logo\/image\/"},"sameAs":["https:\/\/web.facebook.com\/profile.php?id=61576120840621","https:\/\/x.com\/ElLabradorOf","https:\/\/www.instagram.com\/diarioellabradoroficial\/"]},{"@type":"Person","@id":"https:\/\/diarioellabrador.cl\/#\/schema\/person\/bc25ff80b4563f9c7f4bd7855df01685","name":"Editor","image":{"@type":"ImageObject","inLanguage":"es","@id":"https:\/\/secure.gravatar.com\/avatar\/109c326cf2be5c04f048c2c2a2b8b6ef44bf3d8d1d3d4c55d0ac40c4bc994684?s=96&d=mm&r=g","url":"https:\/\/secure.gravatar.com\/avatar\/109c326cf2be5c04f048c2c2a2b8b6ef44bf3d8d1d3d4c55d0ac40c4bc994684?s=96&d=mm&r=g","contentUrl":"https:\/\/secure.gravatar.com\/avatar\/109c326cf2be5c04f048c2c2a2b8b6ef44bf3d8d1d3d4c55d0ac40c4bc994684?s=96&d=mm&r=g","caption":"Editor"},"url":"https:\/\/diarioellabrador.cl\/index.php\/author\/editor\/"}]}},"_links":{"self":[{"href":"https:\/\/diarioellabrador.cl\/index.php\/wp-json\/wp\/v2\/posts\/10239","targetHints":{"allow":["GET"]}}],"collection":[{"href":"https:\/\/diarioellabrador.cl\/index.php\/wp-json\/wp\/v2\/posts"}],"about":[{"href":"https:\/\/diarioellabrador.cl\/index.php\/wp-json\/wp\/v2\/types\/post"}],"author":[{"embeddable":true,"href":"https:\/\/diarioellabrador.cl\/index.php\/wp-json\/wp\/v2\/users\/2"}],"replies":[{"embeddable":true,"href":"https:\/\/diarioellabrador.cl\/index.php\/wp-json\/wp\/v2\/comments?post=10239"}],"version-history":[{"count":1,"href":"https:\/\/diarioellabrador.cl\/index.php\/wp-json\/wp\/v2\/posts\/10239\/revisions"}],"predecessor-version":[{"id":10240,"href":"https:\/\/diarioellabrador.cl\/index.php\/wp-json\/wp\/v2\/posts\/10239\/revisions\/10240"}],"wp:featuredmedia":[{"embeddable":true,"href":"https:\/\/diarioellabrador.cl\/index.php\/wp-json\/wp\/v2\/media\/10198"}],"wp:attachment":[{"href":"https:\/\/diarioellabrador.cl\/index.php\/wp-json\/wp\/v2\/media?parent=10239"}],"wp:term":[{"taxonomy":"category","embeddable":true,"href":"https:\/\/diarioellabrador.cl\/index.php\/wp-json\/wp\/v2\/categories?post=10239"},{"taxonomy":"post_tag","embeddable":true,"href":"https:\/\/diarioellabrador.cl\/index.php\/wp-json\/wp\/v2\/tags?post=10239"}],"curies":[{"name":"wp","href":"https:\/\/api.w.org\/{rel}","templated":true}]}}