{"id":10237,"date":"2025-10-21T17:39:42","date_gmt":"2025-10-21T21:39:42","guid":{"rendered":"https:\/\/diarioellabrador.cl\/?p=10237"},"modified":"2025-10-21T17:39:43","modified_gmt":"2025-10-21T21:39:43","slug":"mas-de-100-lideres-comunitarios-participan-en-talleres-para-promover-la-denuncia-en-la-region-metropolitana","status":"publish","type":"post","link":"https:\/\/diarioellabrador.cl\/index.php\/2025\/10\/21\/mas-de-100-lideres-comunitarios-participan-en-talleres-para-promover-la-denuncia-en-la-region-metropolitana\/","title":{"rendered":"M\u00e1s de 100 l\u00edderes comunitarios participan en talleres para promover la denuncia en la Regi\u00f3n Metropolitana\u00a0"},"content":{"rendered":"\n<p><strong><em>\u25cf En el marco del Programa Fortalecimiento de la Denuncia, impulsado por el Gobierno de Santiago y ejecutado por el Centro de Estudios en Seguridad Ciudadana (CESC) de la Facultad de Gobierno de la Universidad de Chile, casi 100 dirigentes comunales participaron en el inicio de los talleres destinados a promover el ejercicio informado de la denuncia.<\/em><\/strong><strong>&nbsp;<\/strong><\/p>\n\n\n\n<p>El Centro de Estudios en Seguridad Ciudadana (CESC), de la Facultad de Gobierno de la Universidad de Chile, capacit\u00f3 a casi 100 dirigentes comunales en el inicio del ciclo de talleres para incentivar la denuncia en la Regi\u00f3n Metropolitana. Los encuentros se desarrollaron en el marco del Programa Fortalecimiento de la Denuncia, impulsado por el Gobierno de Santiago y ejecutado por la casa de estudios.&nbsp;<\/p>\n\n\n\n<p>El gobernador de Santiago, Claudio Orrego, subray\u00f3 que \u201cfortalecer la cultura de la denuncia es parte de nuestro compromiso con la seguridad y la participaci\u00f3n ciudadana. Estos talleres empoderan a las comunidades para que sean protagonistas en la construcci\u00f3n de entornos m\u00e1s seguros y solidarios\u201d.&nbsp;<\/p>\n\n\n\n<p>La iniciativa, que busca entregar herramientas pedag\u00f3gicas sobre la denuncia a las 52 comunas de la Regi\u00f3n Metropolitana, ya visit\u00f3 a organizaciones comunitarias de Santiago, Estaci\u00f3n Central, Quinta Normal, Lo Prado, El Bosque, La Pintana, La Cisterna, Conchal\u00ed, Huechuraba, Recoleta, Independencia, Cerro Navia, Quilicura, Renca, Las Condes, Lo Barnechea y Vitacura.&nbsp;<\/p>\n\n\n\n<p>Cada taller contempla una mirada amplia al ecosistema de seguridad y justicia, invitando a las y los participantes a reconocer a las distintas instituciones que intervienen en la prevenci\u00f3n, persecuci\u00f3n y sanci\u00f3n de los delitos. Desde los municipios hasta el Ministerio P\u00fablico, pasando por Carabineros, la PDI y los tribunales, se explica c\u00f3mo cada actor cumple un rol complementario en la construcci\u00f3n de entornos m\u00e1s seguros.&nbsp;<\/p>\n\n\n\n<figure class=\"wp-block-image size-large\"><img loading=\"lazy\" decoding=\"async\" width=\"1024\" height=\"683\" src=\"https:\/\/diarioellabrador.cl\/wp-content\/uploads\/2025\/10\/Mas-de-100-lideres-comunitarios-participan-en-talleres-para-promover-la-denuncia-en-la-Region-Metropolitana-1-1024x683.png\" alt=\"\" class=\"wp-image-10196\" srcset=\"https:\/\/diarioellabrador.cl\/wp-content\/uploads\/2025\/10\/Mas-de-100-lideres-comunitarios-participan-en-talleres-para-promover-la-denuncia-en-la-Region-Metropolitana-1-1024x683.png 1024w, https:\/\/diarioellabrador.cl\/wp-content\/uploads\/2025\/10\/Mas-de-100-lideres-comunitarios-participan-en-talleres-para-promover-la-denuncia-en-la-Region-Metropolitana-1-300x200.png 300w, https:\/\/diarioellabrador.cl\/wp-content\/uploads\/2025\/10\/Mas-de-100-lideres-comunitarios-participan-en-talleres-para-promover-la-denuncia-en-la-Region-Metropolitana-1-768x512.png 768w, https:\/\/diarioellabrador.cl\/wp-content\/uploads\/2025\/10\/Mas-de-100-lideres-comunitarios-participan-en-talleres-para-promover-la-denuncia-en-la-Region-Metropolitana-1-1536x1024.png 1536w, https:\/\/diarioellabrador.cl\/wp-content\/uploads\/2025\/10\/Mas-de-100-lideres-comunitarios-participan-en-talleres-para-promover-la-denuncia-en-la-Region-Metropolitana-1-2048x1365.png 2048w, https:\/\/diarioellabrador.cl\/wp-content\/uploads\/2025\/10\/Mas-de-100-lideres-comunitarios-participan-en-talleres-para-promover-la-denuncia-en-la-Region-Metropolitana-1-800x533.png 800w, https:\/\/diarioellabrador.cl\/wp-content\/uploads\/2025\/10\/Mas-de-100-lideres-comunitarios-participan-en-talleres-para-promover-la-denuncia-en-la-Region-Metropolitana-1-600x400.png 600w, https:\/\/diarioellabrador.cl\/wp-content\/uploads\/2025\/10\/Mas-de-100-lideres-comunitarios-participan-en-talleres-para-promover-la-denuncia-en-la-Region-Metropolitana-1-400x267.png 400w\" sizes=\"auto, (max-width: 1024px) 100vw, 1024px\" \/><\/figure>\n\n\n\n<p>Un segmento esencial de la capacitaci\u00f3n est\u00e1 dedicado a aclarar qu\u00e9 significa realmente \u201cdenunciar\u201d y por qu\u00e9 hacerlo contribuye al bienestar colectivo. A trav\u00e9s de ejemplos y din\u00e1micas participativas, se destaca que la denuncia permite que las autoridades conozcan d\u00f3nde ocurren los delitos, act\u00faen con mayor eficacia y movilicen recursos para prevenir nuevos hechos.&nbsp;<\/p>\n\n\n\n<p>Sobre el desarrollo de estos talleres, el director del CESC y acad\u00e9mico de la Facultad de Gobierno U. de Chile, Claudio Gonz\u00e1lez, coment\u00f3 que \u201cfueron dise\u00f1ados con una metodolog\u00eda activa y basada en evidencia, que permite fortalecer las capacidades locales y promover un aprendizaje significativo sobre el ecosistema de seguridad y justicia a trav\u00e9s de la exploraci\u00f3n de casos simulados, reflexionando sobre sus propias experiencias y conociendo paso a paso c\u00f3mo denunciar\u201d.&nbsp;<\/p>\n\n\n\n<p>Los talleres tambi\u00e9n enfatizaron los derechos que tienen las comunidades en un proceso de denuncia. El conjunto de asistentes aprendi\u00f3 sobre cu\u00e1les son las garant\u00edas b\u00e1sicas de v\u00edctimas y testigos \u2014como recibir un trato digno, ser escuchados, obtener informaci\u00f3n clara y solicitar protecci\u00f3n\u2014, y por qu\u00e9 estos resguardos fortalecen la confianza ciudadana en el sistema de justicia.&nbsp;<\/p>\n\n\n\n<p>Para acompa\u00f1ar y orientar la decisi\u00f3n de interponer una denuncia, se cre\u00f3 la web <a href=\"http:\/\/tudenunciacuenta.cl\/\" target=\"_blank\" rel=\"noreferrer noopener\">tudenunciacuenta.cl<\/a>, entre el Gobierno de Santiago y el CESC, que ya puede ser visitada para aprender a identificar la instituci\u00f3n competente seg\u00fan cada tipo de hecho, registrar la informaci\u00f3n simulada y reducir la distancia entre la ciudadan\u00eda y los canales formales, mostrando que hoy existen m\u00faltiples v\u00edas \u2014presenciales, telef\u00f3nicas y digitales\u2014 para ejercer este derecho.&nbsp;<\/p>\n","protected":false},"excerpt":{"rendered":"<p>\u25cf En el marco del Programa Fortalecimiento de la Denuncia, impulsado por el Gobierno de Santiago y ejecutado por el Centro de Estudios en Seguridad Ciudadana (CESC) de la Facultad de Gobierno de la Universidad de Chile, casi 100 dirigentes comunales participaron en el inicio de los talleres destinados a promover el ejercicio informado de<\/p>\n<div class=\"read-more-wrapper\"><a class=\"read-more\" href=\"https:\/\/diarioellabrador.cl\/index.php\/2025\/10\/21\/mas-de-100-lideres-comunitarios-participan-en-talleres-para-promover-la-denuncia-en-la-region-metropolitana\/\" title=\"Leer m\u00e1s\"> <span class=\"button \">Leer m\u00e1s<\/span><\/a><\/div>\n","protected":false},"author":2,"featured_media":10197,"comment_status":"open","ping_status":"open","sticky":false,"template":"","format":"standard","meta":{"footnotes":""},"categories":[1],"tags":[],"class_list":["post-10237","post","type-post","status-publish","format-standard","has-post-thumbnail","hentry","category-cronica"],"yoast_head":"<!-- This site is optimized with the Yoast SEO plugin v27.5 - https:\/\/yoast.com\/product\/yoast-seo-wordpress\/ -->\n<title>M\u00e1s de 100 l\u00edderes comunitarios participan en talleres para promover la denuncia en la Regi\u00f3n Metropolitana\u00a0 - Diario El Labrador<\/title>\n<meta name=\"robots\" content=\"index, follow, max-snippet:-1, max-image-preview:large, max-video-preview:-1\" \/>\n<link rel=\"canonical\" href=\"https:\/\/diarioellabrador.cl\/index.php\/2025\/10\/21\/mas-de-100-lideres-comunitarios-participan-en-talleres-para-promover-la-denuncia-en-la-region-metropolitana\/\" \/>\n<meta property=\"og:locale\" content=\"es_ES\" \/>\n<meta property=\"og:type\" content=\"article\" \/>\n<meta property=\"og:title\" content=\"M\u00e1s de 100 l\u00edderes comunitarios participan en talleres para promover la denuncia en la Regi\u00f3n Metropolitana\u00a0 - Diario El Labrador\" \/>\n<meta property=\"og:description\" content=\"\u25cf En el marco del Programa Fortalecimiento de la Denuncia, impulsado por el Gobierno de Santiago y ejecutado por el Centro de Estudios en Seguridad Ciudadana (CESC) de la Facultad de Gobierno de la Universidad de Chile, casi 100 dirigentes comunales participaron en el inicio de los talleres destinados a promover el ejercicio informado de Leer m\u00e1s\" \/>\n<meta property=\"og:url\" content=\"https:\/\/diarioellabrador.cl\/index.php\/2025\/10\/21\/mas-de-100-lideres-comunitarios-participan-en-talleres-para-promover-la-denuncia-en-la-region-metropolitana\/\" \/>\n<meta property=\"og:site_name\" content=\"Diario El Labrador\" \/>\n<meta property=\"article:publisher\" content=\"https:\/\/web.facebook.com\/profile.php?id=61576120840621\" \/>\n<meta property=\"article:published_time\" content=\"2025-10-21T21:39:42+00:00\" \/>\n<meta property=\"article:modified_time\" content=\"2025-10-21T21:39:43+00:00\" \/>\n<meta property=\"og:image\" content=\"https:\/\/diarioellabrador.cl\/wp-content\/uploads\/2025\/10\/Mas-de-100-lideres-comunitarios-participan-en-talleres-para-promover-la-denuncia-en-la-Region-Metropolitana-2-1024x683.png\" \/>\n\t<meta property=\"og:image:width\" content=\"1024\" \/>\n\t<meta property=\"og:image:height\" content=\"683\" \/>\n\t<meta property=\"og:image:type\" content=\"image\/png\" \/>\n<meta name=\"author\" content=\"Editor\" \/>\n<meta name=\"twitter:card\" content=\"summary_large_image\" \/>\n<meta name=\"twitter:creator\" content=\"@ElLabradorOf\" \/>\n<meta name=\"twitter:site\" content=\"@ElLabradorOf\" \/>\n<meta name=\"twitter:label1\" content=\"Escrito por\" \/>\n\t<meta name=\"twitter:data1\" content=\"Editor\" \/>\n\t<meta name=\"twitter:label2\" content=\"Tiempo de lectura\" \/>\n\t<meta name=\"twitter:data2\" content=\"3 minutos\" \/>\n<script type=\"application\/ld+json\" class=\"yoast-schema-graph\">{\"@context\":\"https:\\\/\\\/schema.org\",\"@graph\":[{\"@type\":\"Article\",\"@id\":\"https:\\\/\\\/diarioellabrador.cl\\\/index.php\\\/2025\\\/10\\\/21\\\/mas-de-100-lideres-comunitarios-participan-en-talleres-para-promover-la-denuncia-en-la-region-metropolitana\\\/#article\",\"isPartOf\":{\"@id\":\"https:\\\/\\\/diarioellabrador.cl\\\/index.php\\\/2025\\\/10\\\/21\\\/mas-de-100-lideres-comunitarios-participan-en-talleres-para-promover-la-denuncia-en-la-region-metropolitana\\\/\"},\"author\":{\"name\":\"Editor\",\"@id\":\"https:\\\/\\\/diarioellabrador.cl\\\/#\\\/schema\\\/person\\\/bc25ff80b4563f9c7f4bd7855df01685\"},\"headline\":\"M\u00e1s de 100 l\u00edderes comunitarios participan en talleres para promover la denuncia en la Regi\u00f3n Metropolitana\u00a0\",\"datePublished\":\"2025-10-21T21:39:42+00:00\",\"dateModified\":\"2025-10-21T21:39:43+00:00\",\"mainEntityOfPage\":{\"@id\":\"https:\\\/\\\/diarioellabrador.cl\\\/index.php\\\/2025\\\/10\\\/21\\\/mas-de-100-lideres-comunitarios-participan-en-talleres-para-promover-la-denuncia-en-la-region-metropolitana\\\/\"},\"wordCount\":602,\"commentCount\":0,\"publisher\":{\"@id\":\"https:\\\/\\\/diarioellabrador.cl\\\/#organization\"},\"image\":{\"@id\":\"https:\\\/\\\/diarioellabrador.cl\\\/index.php\\\/2025\\\/10\\\/21\\\/mas-de-100-lideres-comunitarios-participan-en-talleres-para-promover-la-denuncia-en-la-region-metropolitana\\\/#primaryimage\"},\"thumbnailUrl\":\"https:\\\/\\\/diarioellabrador.cl\\\/wp-content\\\/uploads\\\/2025\\\/10\\\/Mas-de-100-lideres-comunitarios-participan-en-talleres-para-promover-la-denuncia-en-la-Region-Metropolitana-2-scaled.png\",\"articleSection\":[\"Cr\u00f3nica\"],\"inLanguage\":\"es\",\"potentialAction\":[{\"@type\":\"CommentAction\",\"name\":\"Comment\",\"target\":[\"https:\\\/\\\/diarioellabrador.cl\\\/index.php\\\/2025\\\/10\\\/21\\\/mas-de-100-lideres-comunitarios-participan-en-talleres-para-promover-la-denuncia-en-la-region-metropolitana\\\/#respond\"]}]},{\"@type\":\"WebPage\",\"@id\":\"https:\\\/\\\/diarioellabrador.cl\\\/index.php\\\/2025\\\/10\\\/21\\\/mas-de-100-lideres-comunitarios-participan-en-talleres-para-promover-la-denuncia-en-la-region-metropolitana\\\/\",\"url\":\"https:\\\/\\\/diarioellabrador.cl\\\/index.php\\\/2025\\\/10\\\/21\\\/mas-de-100-lideres-comunitarios-participan-en-talleres-para-promover-la-denuncia-en-la-region-metropolitana\\\/\",\"name\":\"M\u00e1s de 100 l\u00edderes comunitarios participan en talleres para promover la denuncia en la Regi\u00f3n Metropolitana\u00a0 - Diario El Labrador\",\"isPartOf\":{\"@id\":\"https:\\\/\\\/diarioellabrador.cl\\\/#website\"},\"primaryImageOfPage\":{\"@id\":\"https:\\\/\\\/diarioellabrador.cl\\\/index.php\\\/2025\\\/10\\\/21\\\/mas-de-100-lideres-comunitarios-participan-en-talleres-para-promover-la-denuncia-en-la-region-metropolitana\\\/#primaryimage\"},\"image\":{\"@id\":\"https:\\\/\\\/diarioellabrador.cl\\\/index.php\\\/2025\\\/10\\\/21\\\/mas-de-100-lideres-comunitarios-participan-en-talleres-para-promover-la-denuncia-en-la-region-metropolitana\\\/#primaryimage\"},\"thumbnailUrl\":\"https:\\\/\\\/diarioellabrador.cl\\\/wp-content\\\/uploads\\\/2025\\\/10\\\/Mas-de-100-lideres-comunitarios-participan-en-talleres-para-promover-la-denuncia-en-la-Region-Metropolitana-2-scaled.png\",\"datePublished\":\"2025-10-21T21:39:42+00:00\",\"dateModified\":\"2025-10-21T21:39:43+00:00\",\"breadcrumb\":{\"@id\":\"https:\\\/\\\/diarioellabrador.cl\\\/index.php\\\/2025\\\/10\\\/21\\\/mas-de-100-lideres-comunitarios-participan-en-talleres-para-promover-la-denuncia-en-la-region-metropolitana\\\/#breadcrumb\"},\"inLanguage\":\"es\",\"potentialAction\":[{\"@type\":\"ReadAction\",\"target\":[\"https:\\\/\\\/diarioellabrador.cl\\\/index.php\\\/2025\\\/10\\\/21\\\/mas-de-100-lideres-comunitarios-participan-en-talleres-para-promover-la-denuncia-en-la-region-metropolitana\\\/\"]}]},{\"@type\":\"ImageObject\",\"inLanguage\":\"es\",\"@id\":\"https:\\\/\\\/diarioellabrador.cl\\\/index.php\\\/2025\\\/10\\\/21\\\/mas-de-100-lideres-comunitarios-participan-en-talleres-para-promover-la-denuncia-en-la-region-metropolitana\\\/#primaryimage\",\"url\":\"https:\\\/\\\/diarioellabrador.cl\\\/wp-content\\\/uploads\\\/2025\\\/10\\\/Mas-de-100-lideres-comunitarios-participan-en-talleres-para-promover-la-denuncia-en-la-Region-Metropolitana-2-scaled.png\",\"contentUrl\":\"https:\\\/\\\/diarioellabrador.cl\\\/wp-content\\\/uploads\\\/2025\\\/10\\\/Mas-de-100-lideres-comunitarios-participan-en-talleres-para-promover-la-denuncia-en-la-Region-Metropolitana-2-scaled.png\",\"width\":2560,\"height\":1707},{\"@type\":\"BreadcrumbList\",\"@id\":\"https:\\\/\\\/diarioellabrador.cl\\\/index.php\\\/2025\\\/10\\\/21\\\/mas-de-100-lideres-comunitarios-participan-en-talleres-para-promover-la-denuncia-en-la-region-metropolitana\\\/#breadcrumb\",\"itemListElement\":[{\"@type\":\"ListItem\",\"position\":1,\"name\":\"Portada\",\"item\":\"https:\\\/\\\/diarioellabrador.cl\\\/\"},{\"@type\":\"ListItem\",\"position\":2,\"name\":\"M\u00e1s de 100 l\u00edderes comunitarios participan en talleres para promover la denuncia en la Regi\u00f3n Metropolitana\u00a0\"}]},{\"@type\":\"WebSite\",\"@id\":\"https:\\\/\\\/diarioellabrador.cl\\\/#website\",\"url\":\"https:\\\/\\\/diarioellabrador.cl\\\/\",\"name\":\"Diario El Labrador\",\"description\":\"Haciendo noticia desde 1921\",\"publisher\":{\"@id\":\"https:\\\/\\\/diarioellabrador.cl\\\/#organization\"},\"potentialAction\":[{\"@type\":\"SearchAction\",\"target\":{\"@type\":\"EntryPoint\",\"urlTemplate\":\"https:\\\/\\\/diarioellabrador.cl\\\/?s={search_term_string}\"},\"query-input\":{\"@type\":\"PropertyValueSpecification\",\"valueRequired\":true,\"valueName\":\"search_term_string\"}}],\"inLanguage\":\"es\"},{\"@type\":\"Organization\",\"@id\":\"https:\\\/\\\/diarioellabrador.cl\\\/#organization\",\"name\":\"Diario El Labrador\",\"url\":\"https:\\\/\\\/diarioellabrador.cl\\\/\",\"logo\":{\"@type\":\"ImageObject\",\"inLanguage\":\"es\",\"@id\":\"https:\\\/\\\/diarioellabrador.cl\\\/#\\\/schema\\\/logo\\\/image\\\/\",\"url\":\"https:\\\/\\\/diarioellabrador.cl\\\/wp-content\\\/uploads\\\/2025\\\/02\\\/cropped-Logo-Icono.png\",\"contentUrl\":\"https:\\\/\\\/diarioellabrador.cl\\\/wp-content\\\/uploads\\\/2025\\\/02\\\/cropped-Logo-Icono.png\",\"width\":512,\"height\":512,\"caption\":\"Diario El Labrador\"},\"image\":{\"@id\":\"https:\\\/\\\/diarioellabrador.cl\\\/#\\\/schema\\\/logo\\\/image\\\/\"},\"sameAs\":[\"https:\\\/\\\/web.facebook.com\\\/profile.php?id=61576120840621\",\"https:\\\/\\\/x.com\\\/ElLabradorOf\",\"https:\\\/\\\/www.instagram.com\\\/diarioellabradoroficial\\\/\"]},{\"@type\":\"Person\",\"@id\":\"https:\\\/\\\/diarioellabrador.cl\\\/#\\\/schema\\\/person\\\/bc25ff80b4563f9c7f4bd7855df01685\",\"name\":\"Editor\",\"image\":{\"@type\":\"ImageObject\",\"inLanguage\":\"es\",\"@id\":\"https:\\\/\\\/secure.gravatar.com\\\/avatar\\\/109c326cf2be5c04f048c2c2a2b8b6ef44bf3d8d1d3d4c55d0ac40c4bc994684?s=96&d=mm&r=g\",\"url\":\"https:\\\/\\\/secure.gravatar.com\\\/avatar\\\/109c326cf2be5c04f048c2c2a2b8b6ef44bf3d8d1d3d4c55d0ac40c4bc994684?s=96&d=mm&r=g\",\"contentUrl\":\"https:\\\/\\\/secure.gravatar.com\\\/avatar\\\/109c326cf2be5c04f048c2c2a2b8b6ef44bf3d8d1d3d4c55d0ac40c4bc994684?s=96&d=mm&r=g\",\"caption\":\"Editor\"},\"url\":\"https:\\\/\\\/diarioellabrador.cl\\\/index.php\\\/author\\\/editor\\\/\"}]}<\/script>\n<!-- \/ Yoast SEO plugin. -->","yoast_head_json":{"title":"M\u00e1s de 100 l\u00edderes comunitarios participan en talleres para promover la denuncia en la Regi\u00f3n Metropolitana\u00a0 - Diario El Labrador","robots":{"index":"index","follow":"follow","max-snippet":"max-snippet:-1","max-image-preview":"max-image-preview:large","max-video-preview":"max-video-preview:-1"},"canonical":"https:\/\/diarioellabrador.cl\/index.php\/2025\/10\/21\/mas-de-100-lideres-comunitarios-participan-en-talleres-para-promover-la-denuncia-en-la-region-metropolitana\/","og_locale":"es_ES","og_type":"article","og_title":"M\u00e1s de 100 l\u00edderes comunitarios participan en talleres para promover la denuncia en la Regi\u00f3n Metropolitana\u00a0 - Diario El Labrador","og_description":"\u25cf En el marco del Programa Fortalecimiento de la Denuncia, impulsado por el Gobierno de Santiago y ejecutado por el Centro de Estudios en Seguridad Ciudadana (CESC) de la Facultad de Gobierno de la Universidad de Chile, casi 100 dirigentes comunales participaron en el inicio de los talleres destinados a promover el ejercicio informado de Leer m\u00e1s","og_url":"https:\/\/diarioellabrador.cl\/index.php\/2025\/10\/21\/mas-de-100-lideres-comunitarios-participan-en-talleres-para-promover-la-denuncia-en-la-region-metropolitana\/","og_site_name":"Diario El Labrador","article_publisher":"https:\/\/web.facebook.com\/profile.php?id=61576120840621","article_published_time":"2025-10-21T21:39:42+00:00","article_modified_time":"2025-10-21T21:39:43+00:00","og_image":[{"width":1024,"height":683,"url":"https:\/\/diarioellabrador.cl\/wp-content\/uploads\/2025\/10\/Mas-de-100-lideres-comunitarios-participan-en-talleres-para-promover-la-denuncia-en-la-Region-Metropolitana-2-1024x683.png","type":"image\/png"}],"author":"Editor","twitter_card":"summary_large_image","twitter_creator":"@ElLabradorOf","twitter_site":"@ElLabradorOf","twitter_misc":{"Escrito por":"Editor","Tiempo de lectura":"3 minutos"},"schema":{"@context":"https:\/\/schema.org","@graph":[{"@type":"Article","@id":"https:\/\/diarioellabrador.cl\/index.php\/2025\/10\/21\/mas-de-100-lideres-comunitarios-participan-en-talleres-para-promover-la-denuncia-en-la-region-metropolitana\/#article","isPartOf":{"@id":"https:\/\/diarioellabrador.cl\/index.php\/2025\/10\/21\/mas-de-100-lideres-comunitarios-participan-en-talleres-para-promover-la-denuncia-en-la-region-metropolitana\/"},"author":{"name":"Editor","@id":"https:\/\/diarioellabrador.cl\/#\/schema\/person\/bc25ff80b4563f9c7f4bd7855df01685"},"headline":"M\u00e1s de 100 l\u00edderes comunitarios participan en talleres para promover la denuncia en la Regi\u00f3n Metropolitana\u00a0","datePublished":"2025-10-21T21:39:42+00:00","dateModified":"2025-10-21T21:39:43+00:00","mainEntityOfPage":{"@id":"https:\/\/diarioellabrador.cl\/index.php\/2025\/10\/21\/mas-de-100-lideres-comunitarios-participan-en-talleres-para-promover-la-denuncia-en-la-region-metropolitana\/"},"wordCount":602,"commentCount":0,"publisher":{"@id":"https:\/\/diarioellabrador.cl\/#organization"},"image":{"@id":"https:\/\/diarioellabrador.cl\/index.php\/2025\/10\/21\/mas-de-100-lideres-comunitarios-participan-en-talleres-para-promover-la-denuncia-en-la-region-metropolitana\/#primaryimage"},"thumbnailUrl":"https:\/\/diarioellabrador.cl\/wp-content\/uploads\/2025\/10\/Mas-de-100-lideres-comunitarios-participan-en-talleres-para-promover-la-denuncia-en-la-Region-Metropolitana-2-scaled.png","articleSection":["Cr\u00f3nica"],"inLanguage":"es","potentialAction":[{"@type":"CommentAction","name":"Comment","target":["https:\/\/diarioellabrador.cl\/index.php\/2025\/10\/21\/mas-de-100-lideres-comunitarios-participan-en-talleres-para-promover-la-denuncia-en-la-region-metropolitana\/#respond"]}]},{"@type":"WebPage","@id":"https:\/\/diarioellabrador.cl\/index.php\/2025\/10\/21\/mas-de-100-lideres-comunitarios-participan-en-talleres-para-promover-la-denuncia-en-la-region-metropolitana\/","url":"https:\/\/diarioellabrador.cl\/index.php\/2025\/10\/21\/mas-de-100-lideres-comunitarios-participan-en-talleres-para-promover-la-denuncia-en-la-region-metropolitana\/","name":"M\u00e1s de 100 l\u00edderes comunitarios participan en talleres para promover la denuncia en la Regi\u00f3n Metropolitana\u00a0 - Diario El Labrador","isPartOf":{"@id":"https:\/\/diarioellabrador.cl\/#website"},"primaryImageOfPage":{"@id":"https:\/\/diarioellabrador.cl\/index.php\/2025\/10\/21\/mas-de-100-lideres-comunitarios-participan-en-talleres-para-promover-la-denuncia-en-la-region-metropolitana\/#primaryimage"},"image":{"@id":"https:\/\/diarioellabrador.cl\/index.php\/2025\/10\/21\/mas-de-100-lideres-comunitarios-participan-en-talleres-para-promover-la-denuncia-en-la-region-metropolitana\/#primaryimage"},"thumbnailUrl":"https:\/\/diarioellabrador.cl\/wp-content\/uploads\/2025\/10\/Mas-de-100-lideres-comunitarios-participan-en-talleres-para-promover-la-denuncia-en-la-Region-Metropolitana-2-scaled.png","datePublished":"2025-10-21T21:39:42+00:00","dateModified":"2025-10-21T21:39:43+00:00","breadcrumb":{"@id":"https:\/\/diarioellabrador.cl\/index.php\/2025\/10\/21\/mas-de-100-lideres-comunitarios-participan-en-talleres-para-promover-la-denuncia-en-la-region-metropolitana\/#breadcrumb"},"inLanguage":"es","potentialAction":[{"@type":"ReadAction","target":["https:\/\/diarioellabrador.cl\/index.php\/2025\/10\/21\/mas-de-100-lideres-comunitarios-participan-en-talleres-para-promover-la-denuncia-en-la-region-metropolitana\/"]}]},{"@type":"ImageObject","inLanguage":"es","@id":"https:\/\/diarioellabrador.cl\/index.php\/2025\/10\/21\/mas-de-100-lideres-comunitarios-participan-en-talleres-para-promover-la-denuncia-en-la-region-metropolitana\/#primaryimage","url":"https:\/\/diarioellabrador.cl\/wp-content\/uploads\/2025\/10\/Mas-de-100-lideres-comunitarios-participan-en-talleres-para-promover-la-denuncia-en-la-Region-Metropolitana-2-scaled.png","contentUrl":"https:\/\/diarioellabrador.cl\/wp-content\/uploads\/2025\/10\/Mas-de-100-lideres-comunitarios-participan-en-talleres-para-promover-la-denuncia-en-la-Region-Metropolitana-2-scaled.png","width":2560,"height":1707},{"@type":"BreadcrumbList","@id":"https:\/\/diarioellabrador.cl\/index.php\/2025\/10\/21\/mas-de-100-lideres-comunitarios-participan-en-talleres-para-promover-la-denuncia-en-la-region-metropolitana\/#breadcrumb","itemListElement":[{"@type":"ListItem","position":1,"name":"Portada","item":"https:\/\/diarioellabrador.cl\/"},{"@type":"ListItem","position":2,"name":"M\u00e1s de 100 l\u00edderes comunitarios participan en talleres para promover la denuncia en la Regi\u00f3n Metropolitana\u00a0"}]},{"@type":"WebSite","@id":"https:\/\/diarioellabrador.cl\/#website","url":"https:\/\/diarioellabrador.cl\/","name":"Diario El Labrador","description":"Haciendo noticia desde 1921","publisher":{"@id":"https:\/\/diarioellabrador.cl\/#organization"},"potentialAction":[{"@type":"SearchAction","target":{"@type":"EntryPoint","urlTemplate":"https:\/\/diarioellabrador.cl\/?s={search_term_string}"},"query-input":{"@type":"PropertyValueSpecification","valueRequired":true,"valueName":"search_term_string"}}],"inLanguage":"es"},{"@type":"Organization","@id":"https:\/\/diarioellabrador.cl\/#organization","name":"Diario El Labrador","url":"https:\/\/diarioellabrador.cl\/","logo":{"@type":"ImageObject","inLanguage":"es","@id":"https:\/\/diarioellabrador.cl\/#\/schema\/logo\/image\/","url":"https:\/\/diarioellabrador.cl\/wp-content\/uploads\/2025\/02\/cropped-Logo-Icono.png","contentUrl":"https:\/\/diarioellabrador.cl\/wp-content\/uploads\/2025\/02\/cropped-Logo-Icono.png","width":512,"height":512,"caption":"Diario El Labrador"},"image":{"@id":"https:\/\/diarioellabrador.cl\/#\/schema\/logo\/image\/"},"sameAs":["https:\/\/web.facebook.com\/profile.php?id=61576120840621","https:\/\/x.com\/ElLabradorOf","https:\/\/www.instagram.com\/diarioellabradoroficial\/"]},{"@type":"Person","@id":"https:\/\/diarioellabrador.cl\/#\/schema\/person\/bc25ff80b4563f9c7f4bd7855df01685","name":"Editor","image":{"@type":"ImageObject","inLanguage":"es","@id":"https:\/\/secure.gravatar.com\/avatar\/109c326cf2be5c04f048c2c2a2b8b6ef44bf3d8d1d3d4c55d0ac40c4bc994684?s=96&d=mm&r=g","url":"https:\/\/secure.gravatar.com\/avatar\/109c326cf2be5c04f048c2c2a2b8b6ef44bf3d8d1d3d4c55d0ac40c4bc994684?s=96&d=mm&r=g","contentUrl":"https:\/\/secure.gravatar.com\/avatar\/109c326cf2be5c04f048c2c2a2b8b6ef44bf3d8d1d3d4c55d0ac40c4bc994684?s=96&d=mm&r=g","caption":"Editor"},"url":"https:\/\/diarioellabrador.cl\/index.php\/author\/editor\/"}]}},"_links":{"self":[{"href":"https:\/\/diarioellabrador.cl\/index.php\/wp-json\/wp\/v2\/posts\/10237","targetHints":{"allow":["GET"]}}],"collection":[{"href":"https:\/\/diarioellabrador.cl\/index.php\/wp-json\/wp\/v2\/posts"}],"about":[{"href":"https:\/\/diarioellabrador.cl\/index.php\/wp-json\/wp\/v2\/types\/post"}],"author":[{"embeddable":true,"href":"https:\/\/diarioellabrador.cl\/index.php\/wp-json\/wp\/v2\/users\/2"}],"replies":[{"embeddable":true,"href":"https:\/\/diarioellabrador.cl\/index.php\/wp-json\/wp\/v2\/comments?post=10237"}],"version-history":[{"count":1,"href":"https:\/\/diarioellabrador.cl\/index.php\/wp-json\/wp\/v2\/posts\/10237\/revisions"}],"predecessor-version":[{"id":10238,"href":"https:\/\/diarioellabrador.cl\/index.php\/wp-json\/wp\/v2\/posts\/10237\/revisions\/10238"}],"wp:featuredmedia":[{"embeddable":true,"href":"https:\/\/diarioellabrador.cl\/index.php\/wp-json\/wp\/v2\/media\/10197"}],"wp:attachment":[{"href":"https:\/\/diarioellabrador.cl\/index.php\/wp-json\/wp\/v2\/media?parent=10237"}],"wp:term":[{"taxonomy":"category","embeddable":true,"href":"https:\/\/diarioellabrador.cl\/index.php\/wp-json\/wp\/v2\/categories?post=10237"},{"taxonomy":"post_tag","embeddable":true,"href":"https:\/\/diarioellabrador.cl\/index.php\/wp-json\/wp\/v2\/tags?post=10237"}],"curies":[{"name":"wp","href":"https:\/\/api.w.org\/{rel}","templated":true}]}}