{"id":10235,"date":"2025-10-21T17:37:34","date_gmt":"2025-10-21T21:37:34","guid":{"rendered":"https:\/\/diarioellabrador.cl\/?p=10235"},"modified":"2025-10-21T17:37:36","modified_gmt":"2025-10-21T21:37:36","slug":"por-que-chile-podria-no-tener-nuevas-patentes-para-taxis-y-colectivos-hasta-el-2030","status":"publish","type":"post","link":"https:\/\/diarioellabrador.cl\/index.php\/2025\/10\/21\/por-que-chile-podria-no-tener-nuevas-patentes-para-taxis-y-colectivos-hasta-el-2030\/","title":{"rendered":"Por qu\u00e9 Chile podr\u00eda no tener nuevas patentes para taxis y colectivos hasta el 2030"},"content":{"rendered":"\n<p><strong><em>La comisi\u00f3n de Transportes del Senado aprob\u00f3 una nueva normativa que prolonga el congelamiento del parque veh\u00edcular.<\/em><\/strong><\/p>\n\n\n\n<p>La Comisi\u00f3n de Transportes y Telecomunicaciones del Senado aprob\u00f3 \u2014en general y en particular y por unanimidad\u2014 dos mociones refundidas que prorrogan hasta <strong>2030<\/strong> la suspensi\u00f3n de inscripciones de <strong>taxis y taxis colectivos<\/strong> en el Registro Nacional de Servicios de Transporte de Pasajeros. La extensi\u00f3n busca dar estabilidad al sistema mientras el Estado implementa pol\u00edticas de modernizaci\u00f3n, equidad territorial y <strong>transici\u00f3n a cero emisiones<\/strong>.<\/p>\n\n\n\n<p>El subsecretario de Transportes, <strong>Jorge Daza<\/strong>, record\u00f3 que el \u201ccongelamiento\u201d rige desde fines de los 90 por la <strong>sobreoferta<\/strong> de veh\u00edculos y sus efectos en <strong>congesti\u00f3n y contaminaci\u00f3n<\/strong>. La actual pr\u00f3rroga (Ley 21.286) vence el <strong>15 de noviembre de 2025<\/strong>; con la nueva iniciativa \u2014que ahora pasa a la <strong>Sala del Senado<\/strong>\u2014 se evita la entrada descontrolada de flotas y se resguarda el funcionamiento de las l\u00edneas que hoy operan.<\/p>\n\n\n\n<p>En la sesi\u00f3n expusieron gremios como <strong>ATICH<\/strong> y <strong>UNITAXI<\/strong>, que valoraron la medida para ordenar el mercado. Desde el Ejecutivo, Daza se abri\u00f3 a una extensi\u00f3n de <strong>cinco a\u00f1os<\/strong> como piso, en l\u00ednea con la norma que exige que los veh\u00edculos que se incorporen al parque <strong>sean de cero emisiones<\/strong>, mientras se terminan de dise\u00f1ar los criterios de modernizaci\u00f3n y distribuci\u00f3n territorial de cupos.<\/p>\n\n\n\n<p>La comisi\u00f3n, adem\u00e1s, revis\u00f3 la implementaci\u00f3n de la <strong>licencia de conducir digital<\/strong>. La <strong>ACHM<\/strong> advirti\u00f3 demoras hist\u00f3ricas y falta de gradualidad, especialmente por la firma presencial del director de Tr\u00e1nsito, mientras el MTT enfatiz\u00f3 que el plan se dise\u00f1a desde <strong>2018<\/strong> y se despliega <strong>gradualmente<\/strong>, con los cuellos de botella concentrados justamente en esa etapa de firma.<\/p>\n","protected":false},"excerpt":{"rendered":"<p>La comisi\u00f3n de Transportes del Senado aprob\u00f3 una nueva normativa que prolonga el congelamiento del parque veh\u00edcular. La Comisi\u00f3n de Transportes y Telecomunicaciones del Senado aprob\u00f3 \u2014en general y en particular y por unanimidad\u2014 dos mociones refundidas que prorrogan hasta 2030 la suspensi\u00f3n de inscripciones de taxis y taxis colectivos en el Registro Nacional de<\/p>\n<div class=\"read-more-wrapper\"><a class=\"read-more\" href=\"https:\/\/diarioellabrador.cl\/index.php\/2025\/10\/21\/por-que-chile-podria-no-tener-nuevas-patentes-para-taxis-y-colectivos-hasta-el-2030\/\" title=\"Leer m\u00e1s\"> <span class=\"button \">Leer m\u00e1s<\/span><\/a><\/div>\n","protected":false},"author":2,"featured_media":10202,"comment_status":"open","ping_status":"open","sticky":false,"template":"","format":"standard","meta":{"footnotes":""},"categories":[1],"tags":[],"class_list":["post-10235","post","type-post","status-publish","format-standard","has-post-thumbnail","hentry","category-cronica"],"yoast_head":"<!-- This site is optimized with the Yoast SEO plugin v27.5 - https:\/\/yoast.com\/product\/yoast-seo-wordpress\/ -->\n<title>Por qu\u00e9 Chile podr\u00eda no tener nuevas patentes para taxis y colectivos hasta el 2030 - Diario El Labrador<\/title>\n<meta name=\"robots\" content=\"index, follow, max-snippet:-1, max-image-preview:large, max-video-preview:-1\" \/>\n<link rel=\"canonical\" href=\"https:\/\/diarioellabrador.cl\/index.php\/2025\/10\/21\/por-que-chile-podria-no-tener-nuevas-patentes-para-taxis-y-colectivos-hasta-el-2030\/\" \/>\n<meta property=\"og:locale\" content=\"es_ES\" \/>\n<meta property=\"og:type\" content=\"article\" \/>\n<meta property=\"og:title\" content=\"Por qu\u00e9 Chile podr\u00eda no tener nuevas patentes para taxis y colectivos hasta el 2030 - Diario El Labrador\" \/>\n<meta property=\"og:description\" content=\"La comisi\u00f3n de Transportes del Senado aprob\u00f3 una nueva normativa que prolonga el congelamiento del parque veh\u00edcular. La Comisi\u00f3n de Transportes y Telecomunicaciones del Senado aprob\u00f3 \u2014en general y en particular y por unanimidad\u2014 dos mociones refundidas que prorrogan hasta 2030 la suspensi\u00f3n de inscripciones de taxis y taxis colectivos en el Registro Nacional de Leer m\u00e1s\" \/>\n<meta property=\"og:url\" content=\"https:\/\/diarioellabrador.cl\/index.php\/2025\/10\/21\/por-que-chile-podria-no-tener-nuevas-patentes-para-taxis-y-colectivos-hasta-el-2030\/\" \/>\n<meta property=\"og:site_name\" content=\"Diario El Labrador\" \/>\n<meta property=\"article:publisher\" content=\"https:\/\/web.facebook.com\/profile.php?id=61576120840621\" \/>\n<meta property=\"article:published_time\" content=\"2025-10-21T21:37:34+00:00\" \/>\n<meta property=\"article:modified_time\" content=\"2025-10-21T21:37:36+00:00\" \/>\n<meta property=\"og:image\" content=\"https:\/\/diarioellabrador.cl\/wp-content\/uploads\/2025\/10\/Por-que-Chile-podria-no-tener-nuevas-patentes-para-taxis-y-colectivos-hasta-el-2030.jpg\" \/>\n\t<meta property=\"og:image:width\" content=\"900\" \/>\n\t<meta property=\"og:image:height\" content=\"450\" \/>\n\t<meta property=\"og:image:type\" content=\"image\/jpeg\" \/>\n<meta name=\"author\" content=\"Editor\" \/>\n<meta name=\"twitter:card\" content=\"summary_large_image\" \/>\n<meta name=\"twitter:creator\" content=\"@ElLabradorOf\" \/>\n<meta name=\"twitter:site\" content=\"@ElLabradorOf\" \/>\n<meta name=\"twitter:label1\" content=\"Escrito por\" \/>\n\t<meta name=\"twitter:data1\" content=\"Editor\" \/>\n\t<meta name=\"twitter:label2\" content=\"Tiempo de lectura\" \/>\n\t<meta name=\"twitter:data2\" content=\"2 minutos\" \/>\n<script type=\"application\/ld+json\" class=\"yoast-schema-graph\">{\"@context\":\"https:\\\/\\\/schema.org\",\"@graph\":[{\"@type\":\"Article\",\"@id\":\"https:\\\/\\\/diarioellabrador.cl\\\/index.php\\\/2025\\\/10\\\/21\\\/por-que-chile-podria-no-tener-nuevas-patentes-para-taxis-y-colectivos-hasta-el-2030\\\/#article\",\"isPartOf\":{\"@id\":\"https:\\\/\\\/diarioellabrador.cl\\\/index.php\\\/2025\\\/10\\\/21\\\/por-que-chile-podria-no-tener-nuevas-patentes-para-taxis-y-colectivos-hasta-el-2030\\\/\"},\"author\":{\"name\":\"Editor\",\"@id\":\"https:\\\/\\\/diarioellabrador.cl\\\/#\\\/schema\\\/person\\\/bc25ff80b4563f9c7f4bd7855df01685\"},\"headline\":\"Por qu\u00e9 Chile podr\u00eda no tener nuevas patentes para taxis y colectivos hasta el 2030\",\"datePublished\":\"2025-10-21T21:37:34+00:00\",\"dateModified\":\"2025-10-21T21:37:36+00:00\",\"mainEntityOfPage\":{\"@id\":\"https:\\\/\\\/diarioellabrador.cl\\\/index.php\\\/2025\\\/10\\\/21\\\/por-que-chile-podria-no-tener-nuevas-patentes-para-taxis-y-colectivos-hasta-el-2030\\\/\"},\"wordCount\":308,\"commentCount\":0,\"publisher\":{\"@id\":\"https:\\\/\\\/diarioellabrador.cl\\\/#organization\"},\"image\":{\"@id\":\"https:\\\/\\\/diarioellabrador.cl\\\/index.php\\\/2025\\\/10\\\/21\\\/por-que-chile-podria-no-tener-nuevas-patentes-para-taxis-y-colectivos-hasta-el-2030\\\/#primaryimage\"},\"thumbnailUrl\":\"https:\\\/\\\/diarioellabrador.cl\\\/wp-content\\\/uploads\\\/2025\\\/10\\\/Por-que-Chile-podria-no-tener-nuevas-patentes-para-taxis-y-colectivos-hasta-el-2030.jpg\",\"articleSection\":[\"Cr\u00f3nica\"],\"inLanguage\":\"es\",\"potentialAction\":[{\"@type\":\"CommentAction\",\"name\":\"Comment\",\"target\":[\"https:\\\/\\\/diarioellabrador.cl\\\/index.php\\\/2025\\\/10\\\/21\\\/por-que-chile-podria-no-tener-nuevas-patentes-para-taxis-y-colectivos-hasta-el-2030\\\/#respond\"]}]},{\"@type\":\"WebPage\",\"@id\":\"https:\\\/\\\/diarioellabrador.cl\\\/index.php\\\/2025\\\/10\\\/21\\\/por-que-chile-podria-no-tener-nuevas-patentes-para-taxis-y-colectivos-hasta-el-2030\\\/\",\"url\":\"https:\\\/\\\/diarioellabrador.cl\\\/index.php\\\/2025\\\/10\\\/21\\\/por-que-chile-podria-no-tener-nuevas-patentes-para-taxis-y-colectivos-hasta-el-2030\\\/\",\"name\":\"Por qu\u00e9 Chile podr\u00eda no tener nuevas patentes para taxis y colectivos hasta el 2030 - Diario El Labrador\",\"isPartOf\":{\"@id\":\"https:\\\/\\\/diarioellabrador.cl\\\/#website\"},\"primaryImageOfPage\":{\"@id\":\"https:\\\/\\\/diarioellabrador.cl\\\/index.php\\\/2025\\\/10\\\/21\\\/por-que-chile-podria-no-tener-nuevas-patentes-para-taxis-y-colectivos-hasta-el-2030\\\/#primaryimage\"},\"image\":{\"@id\":\"https:\\\/\\\/diarioellabrador.cl\\\/index.php\\\/2025\\\/10\\\/21\\\/por-que-chile-podria-no-tener-nuevas-patentes-para-taxis-y-colectivos-hasta-el-2030\\\/#primaryimage\"},\"thumbnailUrl\":\"https:\\\/\\\/diarioellabrador.cl\\\/wp-content\\\/uploads\\\/2025\\\/10\\\/Por-que-Chile-podria-no-tener-nuevas-patentes-para-taxis-y-colectivos-hasta-el-2030.jpg\",\"datePublished\":\"2025-10-21T21:37:34+00:00\",\"dateModified\":\"2025-10-21T21:37:36+00:00\",\"breadcrumb\":{\"@id\":\"https:\\\/\\\/diarioellabrador.cl\\\/index.php\\\/2025\\\/10\\\/21\\\/por-que-chile-podria-no-tener-nuevas-patentes-para-taxis-y-colectivos-hasta-el-2030\\\/#breadcrumb\"},\"inLanguage\":\"es\",\"potentialAction\":[{\"@type\":\"ReadAction\",\"target\":[\"https:\\\/\\\/diarioellabrador.cl\\\/index.php\\\/2025\\\/10\\\/21\\\/por-que-chile-podria-no-tener-nuevas-patentes-para-taxis-y-colectivos-hasta-el-2030\\\/\"]}]},{\"@type\":\"ImageObject\",\"inLanguage\":\"es\",\"@id\":\"https:\\\/\\\/diarioellabrador.cl\\\/index.php\\\/2025\\\/10\\\/21\\\/por-que-chile-podria-no-tener-nuevas-patentes-para-taxis-y-colectivos-hasta-el-2030\\\/#primaryimage\",\"url\":\"https:\\\/\\\/diarioellabrador.cl\\\/wp-content\\\/uploads\\\/2025\\\/10\\\/Por-que-Chile-podria-no-tener-nuevas-patentes-para-taxis-y-colectivos-hasta-el-2030.jpg\",\"contentUrl\":\"https:\\\/\\\/diarioellabrador.cl\\\/wp-content\\\/uploads\\\/2025\\\/10\\\/Por-que-Chile-podria-no-tener-nuevas-patentes-para-taxis-y-colectivos-hasta-el-2030.jpg\",\"width\":900,\"height\":450},{\"@type\":\"BreadcrumbList\",\"@id\":\"https:\\\/\\\/diarioellabrador.cl\\\/index.php\\\/2025\\\/10\\\/21\\\/por-que-chile-podria-no-tener-nuevas-patentes-para-taxis-y-colectivos-hasta-el-2030\\\/#breadcrumb\",\"itemListElement\":[{\"@type\":\"ListItem\",\"position\":1,\"name\":\"Portada\",\"item\":\"https:\\\/\\\/diarioellabrador.cl\\\/\"},{\"@type\":\"ListItem\",\"position\":2,\"name\":\"Por qu\u00e9 Chile podr\u00eda no tener nuevas patentes para taxis y colectivos hasta el 2030\"}]},{\"@type\":\"WebSite\",\"@id\":\"https:\\\/\\\/diarioellabrador.cl\\\/#website\",\"url\":\"https:\\\/\\\/diarioellabrador.cl\\\/\",\"name\":\"Diario El Labrador\",\"description\":\"Haciendo noticia desde 1921\",\"publisher\":{\"@id\":\"https:\\\/\\\/diarioellabrador.cl\\\/#organization\"},\"potentialAction\":[{\"@type\":\"SearchAction\",\"target\":{\"@type\":\"EntryPoint\",\"urlTemplate\":\"https:\\\/\\\/diarioellabrador.cl\\\/?s={search_term_string}\"},\"query-input\":{\"@type\":\"PropertyValueSpecification\",\"valueRequired\":true,\"valueName\":\"search_term_string\"}}],\"inLanguage\":\"es\"},{\"@type\":\"Organization\",\"@id\":\"https:\\\/\\\/diarioellabrador.cl\\\/#organization\",\"name\":\"Diario El Labrador\",\"url\":\"https:\\\/\\\/diarioellabrador.cl\\\/\",\"logo\":{\"@type\":\"ImageObject\",\"inLanguage\":\"es\",\"@id\":\"https:\\\/\\\/diarioellabrador.cl\\\/#\\\/schema\\\/logo\\\/image\\\/\",\"url\":\"https:\\\/\\\/diarioellabrador.cl\\\/wp-content\\\/uploads\\\/2025\\\/02\\\/cropped-Logo-Icono.png\",\"contentUrl\":\"https:\\\/\\\/diarioellabrador.cl\\\/wp-content\\\/uploads\\\/2025\\\/02\\\/cropped-Logo-Icono.png\",\"width\":512,\"height\":512,\"caption\":\"Diario El Labrador\"},\"image\":{\"@id\":\"https:\\\/\\\/diarioellabrador.cl\\\/#\\\/schema\\\/logo\\\/image\\\/\"},\"sameAs\":[\"https:\\\/\\\/web.facebook.com\\\/profile.php?id=61576120840621\",\"https:\\\/\\\/x.com\\\/ElLabradorOf\",\"https:\\\/\\\/www.instagram.com\\\/diarioellabradoroficial\\\/\"]},{\"@type\":\"Person\",\"@id\":\"https:\\\/\\\/diarioellabrador.cl\\\/#\\\/schema\\\/person\\\/bc25ff80b4563f9c7f4bd7855df01685\",\"name\":\"Editor\",\"image\":{\"@type\":\"ImageObject\",\"inLanguage\":\"es\",\"@id\":\"https:\\\/\\\/secure.gravatar.com\\\/avatar\\\/109c326cf2be5c04f048c2c2a2b8b6ef44bf3d8d1d3d4c55d0ac40c4bc994684?s=96&d=mm&r=g\",\"url\":\"https:\\\/\\\/secure.gravatar.com\\\/avatar\\\/109c326cf2be5c04f048c2c2a2b8b6ef44bf3d8d1d3d4c55d0ac40c4bc994684?s=96&d=mm&r=g\",\"contentUrl\":\"https:\\\/\\\/secure.gravatar.com\\\/avatar\\\/109c326cf2be5c04f048c2c2a2b8b6ef44bf3d8d1d3d4c55d0ac40c4bc994684?s=96&d=mm&r=g\",\"caption\":\"Editor\"},\"url\":\"https:\\\/\\\/diarioellabrador.cl\\\/index.php\\\/author\\\/editor\\\/\"}]}<\/script>\n<!-- \/ Yoast SEO plugin. -->","yoast_head_json":{"title":"Por qu\u00e9 Chile podr\u00eda no tener nuevas patentes para taxis y colectivos hasta el 2030 - Diario El Labrador","robots":{"index":"index","follow":"follow","max-snippet":"max-snippet:-1","max-image-preview":"max-image-preview:large","max-video-preview":"max-video-preview:-1"},"canonical":"https:\/\/diarioellabrador.cl\/index.php\/2025\/10\/21\/por-que-chile-podria-no-tener-nuevas-patentes-para-taxis-y-colectivos-hasta-el-2030\/","og_locale":"es_ES","og_type":"article","og_title":"Por qu\u00e9 Chile podr\u00eda no tener nuevas patentes para taxis y colectivos hasta el 2030 - Diario El Labrador","og_description":"La comisi\u00f3n de Transportes del Senado aprob\u00f3 una nueva normativa que prolonga el congelamiento del parque veh\u00edcular. La Comisi\u00f3n de Transportes y Telecomunicaciones del Senado aprob\u00f3 \u2014en general y en particular y por unanimidad\u2014 dos mociones refundidas que prorrogan hasta 2030 la suspensi\u00f3n de inscripciones de taxis y taxis colectivos en el Registro Nacional de Leer m\u00e1s","og_url":"https:\/\/diarioellabrador.cl\/index.php\/2025\/10\/21\/por-que-chile-podria-no-tener-nuevas-patentes-para-taxis-y-colectivos-hasta-el-2030\/","og_site_name":"Diario El Labrador","article_publisher":"https:\/\/web.facebook.com\/profile.php?id=61576120840621","article_published_time":"2025-10-21T21:37:34+00:00","article_modified_time":"2025-10-21T21:37:36+00:00","og_image":[{"width":900,"height":450,"url":"https:\/\/diarioellabrador.cl\/wp-content\/uploads\/2025\/10\/Por-que-Chile-podria-no-tener-nuevas-patentes-para-taxis-y-colectivos-hasta-el-2030.jpg","type":"image\/jpeg"}],"author":"Editor","twitter_card":"summary_large_image","twitter_creator":"@ElLabradorOf","twitter_site":"@ElLabradorOf","twitter_misc":{"Escrito por":"Editor","Tiempo de lectura":"2 minutos"},"schema":{"@context":"https:\/\/schema.org","@graph":[{"@type":"Article","@id":"https:\/\/diarioellabrador.cl\/index.php\/2025\/10\/21\/por-que-chile-podria-no-tener-nuevas-patentes-para-taxis-y-colectivos-hasta-el-2030\/#article","isPartOf":{"@id":"https:\/\/diarioellabrador.cl\/index.php\/2025\/10\/21\/por-que-chile-podria-no-tener-nuevas-patentes-para-taxis-y-colectivos-hasta-el-2030\/"},"author":{"name":"Editor","@id":"https:\/\/diarioellabrador.cl\/#\/schema\/person\/bc25ff80b4563f9c7f4bd7855df01685"},"headline":"Por qu\u00e9 Chile podr\u00eda no tener nuevas patentes para taxis y colectivos hasta el 2030","datePublished":"2025-10-21T21:37:34+00:00","dateModified":"2025-10-21T21:37:36+00:00","mainEntityOfPage":{"@id":"https:\/\/diarioellabrador.cl\/index.php\/2025\/10\/21\/por-que-chile-podria-no-tener-nuevas-patentes-para-taxis-y-colectivos-hasta-el-2030\/"},"wordCount":308,"commentCount":0,"publisher":{"@id":"https:\/\/diarioellabrador.cl\/#organization"},"image":{"@id":"https:\/\/diarioellabrador.cl\/index.php\/2025\/10\/21\/por-que-chile-podria-no-tener-nuevas-patentes-para-taxis-y-colectivos-hasta-el-2030\/#primaryimage"},"thumbnailUrl":"https:\/\/diarioellabrador.cl\/wp-content\/uploads\/2025\/10\/Por-que-Chile-podria-no-tener-nuevas-patentes-para-taxis-y-colectivos-hasta-el-2030.jpg","articleSection":["Cr\u00f3nica"],"inLanguage":"es","potentialAction":[{"@type":"CommentAction","name":"Comment","target":["https:\/\/diarioellabrador.cl\/index.php\/2025\/10\/21\/por-que-chile-podria-no-tener-nuevas-patentes-para-taxis-y-colectivos-hasta-el-2030\/#respond"]}]},{"@type":"WebPage","@id":"https:\/\/diarioellabrador.cl\/index.php\/2025\/10\/21\/por-que-chile-podria-no-tener-nuevas-patentes-para-taxis-y-colectivos-hasta-el-2030\/","url":"https:\/\/diarioellabrador.cl\/index.php\/2025\/10\/21\/por-que-chile-podria-no-tener-nuevas-patentes-para-taxis-y-colectivos-hasta-el-2030\/","name":"Por qu\u00e9 Chile podr\u00eda no tener nuevas patentes para taxis y colectivos hasta el 2030 - Diario El Labrador","isPartOf":{"@id":"https:\/\/diarioellabrador.cl\/#website"},"primaryImageOfPage":{"@id":"https:\/\/diarioellabrador.cl\/index.php\/2025\/10\/21\/por-que-chile-podria-no-tener-nuevas-patentes-para-taxis-y-colectivos-hasta-el-2030\/#primaryimage"},"image":{"@id":"https:\/\/diarioellabrador.cl\/index.php\/2025\/10\/21\/por-que-chile-podria-no-tener-nuevas-patentes-para-taxis-y-colectivos-hasta-el-2030\/#primaryimage"},"thumbnailUrl":"https:\/\/diarioellabrador.cl\/wp-content\/uploads\/2025\/10\/Por-que-Chile-podria-no-tener-nuevas-patentes-para-taxis-y-colectivos-hasta-el-2030.jpg","datePublished":"2025-10-21T21:37:34+00:00","dateModified":"2025-10-21T21:37:36+00:00","breadcrumb":{"@id":"https:\/\/diarioellabrador.cl\/index.php\/2025\/10\/21\/por-que-chile-podria-no-tener-nuevas-patentes-para-taxis-y-colectivos-hasta-el-2030\/#breadcrumb"},"inLanguage":"es","potentialAction":[{"@type":"ReadAction","target":["https:\/\/diarioellabrador.cl\/index.php\/2025\/10\/21\/por-que-chile-podria-no-tener-nuevas-patentes-para-taxis-y-colectivos-hasta-el-2030\/"]}]},{"@type":"ImageObject","inLanguage":"es","@id":"https:\/\/diarioellabrador.cl\/index.php\/2025\/10\/21\/por-que-chile-podria-no-tener-nuevas-patentes-para-taxis-y-colectivos-hasta-el-2030\/#primaryimage","url":"https:\/\/diarioellabrador.cl\/wp-content\/uploads\/2025\/10\/Por-que-Chile-podria-no-tener-nuevas-patentes-para-taxis-y-colectivos-hasta-el-2030.jpg","contentUrl":"https:\/\/diarioellabrador.cl\/wp-content\/uploads\/2025\/10\/Por-que-Chile-podria-no-tener-nuevas-patentes-para-taxis-y-colectivos-hasta-el-2030.jpg","width":900,"height":450},{"@type":"BreadcrumbList","@id":"https:\/\/diarioellabrador.cl\/index.php\/2025\/10\/21\/por-que-chile-podria-no-tener-nuevas-patentes-para-taxis-y-colectivos-hasta-el-2030\/#breadcrumb","itemListElement":[{"@type":"ListItem","position":1,"name":"Portada","item":"https:\/\/diarioellabrador.cl\/"},{"@type":"ListItem","position":2,"name":"Por qu\u00e9 Chile podr\u00eda no tener nuevas patentes para taxis y colectivos hasta el 2030"}]},{"@type":"WebSite","@id":"https:\/\/diarioellabrador.cl\/#website","url":"https:\/\/diarioellabrador.cl\/","name":"Diario El Labrador","description":"Haciendo noticia desde 1921","publisher":{"@id":"https:\/\/diarioellabrador.cl\/#organization"},"potentialAction":[{"@type":"SearchAction","target":{"@type":"EntryPoint","urlTemplate":"https:\/\/diarioellabrador.cl\/?s={search_term_string}"},"query-input":{"@type":"PropertyValueSpecification","valueRequired":true,"valueName":"search_term_string"}}],"inLanguage":"es"},{"@type":"Organization","@id":"https:\/\/diarioellabrador.cl\/#organization","name":"Diario El Labrador","url":"https:\/\/diarioellabrador.cl\/","logo":{"@type":"ImageObject","inLanguage":"es","@id":"https:\/\/diarioellabrador.cl\/#\/schema\/logo\/image\/","url":"https:\/\/diarioellabrador.cl\/wp-content\/uploads\/2025\/02\/cropped-Logo-Icono.png","contentUrl":"https:\/\/diarioellabrador.cl\/wp-content\/uploads\/2025\/02\/cropped-Logo-Icono.png","width":512,"height":512,"caption":"Diario El Labrador"},"image":{"@id":"https:\/\/diarioellabrador.cl\/#\/schema\/logo\/image\/"},"sameAs":["https:\/\/web.facebook.com\/profile.php?id=61576120840621","https:\/\/x.com\/ElLabradorOf","https:\/\/www.instagram.com\/diarioellabradoroficial\/"]},{"@type":"Person","@id":"https:\/\/diarioellabrador.cl\/#\/schema\/person\/bc25ff80b4563f9c7f4bd7855df01685","name":"Editor","image":{"@type":"ImageObject","inLanguage":"es","@id":"https:\/\/secure.gravatar.com\/avatar\/109c326cf2be5c04f048c2c2a2b8b6ef44bf3d8d1d3d4c55d0ac40c4bc994684?s=96&d=mm&r=g","url":"https:\/\/secure.gravatar.com\/avatar\/109c326cf2be5c04f048c2c2a2b8b6ef44bf3d8d1d3d4c55d0ac40c4bc994684?s=96&d=mm&r=g","contentUrl":"https:\/\/secure.gravatar.com\/avatar\/109c326cf2be5c04f048c2c2a2b8b6ef44bf3d8d1d3d4c55d0ac40c4bc994684?s=96&d=mm&r=g","caption":"Editor"},"url":"https:\/\/diarioellabrador.cl\/index.php\/author\/editor\/"}]}},"_links":{"self":[{"href":"https:\/\/diarioellabrador.cl\/index.php\/wp-json\/wp\/v2\/posts\/10235","targetHints":{"allow":["GET"]}}],"collection":[{"href":"https:\/\/diarioellabrador.cl\/index.php\/wp-json\/wp\/v2\/posts"}],"about":[{"href":"https:\/\/diarioellabrador.cl\/index.php\/wp-json\/wp\/v2\/types\/post"}],"author":[{"embeddable":true,"href":"https:\/\/diarioellabrador.cl\/index.php\/wp-json\/wp\/v2\/users\/2"}],"replies":[{"embeddable":true,"href":"https:\/\/diarioellabrador.cl\/index.php\/wp-json\/wp\/v2\/comments?post=10235"}],"version-history":[{"count":1,"href":"https:\/\/diarioellabrador.cl\/index.php\/wp-json\/wp\/v2\/posts\/10235\/revisions"}],"predecessor-version":[{"id":10236,"href":"https:\/\/diarioellabrador.cl\/index.php\/wp-json\/wp\/v2\/posts\/10235\/revisions\/10236"}],"wp:featuredmedia":[{"embeddable":true,"href":"https:\/\/diarioellabrador.cl\/index.php\/wp-json\/wp\/v2\/media\/10202"}],"wp:attachment":[{"href":"https:\/\/diarioellabrador.cl\/index.php\/wp-json\/wp\/v2\/media?parent=10235"}],"wp:term":[{"taxonomy":"category","embeddable":true,"href":"https:\/\/diarioellabrador.cl\/index.php\/wp-json\/wp\/v2\/categories?post=10235"},{"taxonomy":"post_tag","embeddable":true,"href":"https:\/\/diarioellabrador.cl\/index.php\/wp-json\/wp\/v2\/tags?post=10235"}],"curies":[{"name":"wp","href":"https:\/\/api.w.org\/{rel}","templated":true}]}}