{"id":10233,"date":"2025-10-21T17:36:55","date_gmt":"2025-10-21T21:36:55","guid":{"rendered":"https:\/\/diarioellabrador.cl\/?p=10233"},"modified":"2025-10-21T17:36:56","modified_gmt":"2025-10-21T21:36:56","slug":"accidentes-de-transito-en-melipilla-y-curacavi-dejan-4-personas-lesionadas","status":"publish","type":"post","link":"https:\/\/diarioellabrador.cl\/index.php\/2025\/10\/21\/accidentes-de-transito-en-melipilla-y-curacavi-dejan-4-personas-lesionadas\/","title":{"rendered":"Accidentes de tr\u00e1nsito en Melipilla y Curacav\u00ed dejan 4 personas lesionadas"},"content":{"rendered":"\n<p>Dos accidentes de tr\u00e1nsito que culminaron con volcamiento de veh\u00edculos menores se registraron con pocas horas de diferente durante la ma\u00f1ana de ayer martes en la provincia de Melipilla.<\/p>\n\n\n\n<p>El primero <strong>se trat\u00f3 de una colisi\u00f3n entre un cami\u00f3n y un veh\u00edculo menor en la caletera sur de la ruta 68, espec\u00edficamente en el kil\u00f3metro 36, a la altura de Curacav\u00ed. El impacto fue tal, que el m\u00f3vil menor volc\u00f3 a un costado de la v\u00eda.<\/strong><strong><\/strong><\/p>\n\n\n\n<p><strong>Equipos de rescate de bomberos concurrieron al lugar y atendieron a las dos personas lesionadas, las que fueron trasladadas al hospital local, mientras que Carabineros adopt\u00f3 el procedimiento de rigor para establecer las causas del accidente.<\/strong><strong><\/strong><\/p>\n\n\n\n<p><strong>Posteriormente, otro hecho de similares caracter\u00edsticas se registr\u00f3 en el kil\u00f3metro 27 de la ruta G-60 en la comuna de Melipilla.<\/strong><strong><\/strong><\/p>\n\n\n\n<p><strong>De acuerdo a informaci\u00f3n recabada por El Labrador, por causas que se investigan, <\/strong>un cami\u00f3n de alto tonelaje colision\u00f3 frontalmente con un veh\u00edculo particular, provocando que ambos salieran de la calzada.<\/p>\n\n\n\n<p>El autom\u00f3vil volc\u00f3 y el cami\u00f3n qued\u00f3 cruzado fuera de la ruta, inform\u00f3 Carabineros que acudi\u00f3 al sitio del suceso.<\/p>\n\n\n\n<p>En este accidente otras dos personas resultaron lesionadas, las que fueron atendidas por Bomberos, siendo trasladadas al Hospital San Jos\u00e9 de Melipilla, en tanto, personal policial qued\u00f3 a cargo de la investigaci\u00f3n del hecho.<strong><\/strong><\/p>\n","protected":false},"excerpt":{"rendered":"<p>Dos accidentes de tr\u00e1nsito que culminaron con volcamiento de veh\u00edculos menores se registraron con pocas horas de diferente durante la ma\u00f1ana de ayer martes en la provincia de Melipilla. El primero se trat\u00f3 de una colisi\u00f3n entre un cami\u00f3n y un veh\u00edculo menor en la caletera sur de la ruta 68, espec\u00edficamente en el kil\u00f3metro<\/p>\n<div class=\"read-more-wrapper\"><a class=\"read-more\" href=\"https:\/\/diarioellabrador.cl\/index.php\/2025\/10\/21\/accidentes-de-transito-en-melipilla-y-curacavi-dejan-4-personas-lesionadas\/\" title=\"Leer m\u00e1s\"> <span class=\"button \">Leer m\u00e1s<\/span><\/a><\/div>\n","protected":false},"author":2,"featured_media":10206,"comment_status":"open","ping_status":"open","sticky":false,"template":"","format":"standard","meta":{"footnotes":""},"categories":[3],"tags":[],"class_list":["post-10233","post","type-post","status-publish","format-standard","has-post-thumbnail","hentry","category-policial"],"yoast_head":"<!-- This site is optimized with the Yoast SEO plugin v27.5 - https:\/\/yoast.com\/product\/yoast-seo-wordpress\/ -->\n<title>Accidentes de tr\u00e1nsito en Melipilla y Curacav\u00ed dejan 4 personas lesionadas - Diario El Labrador<\/title>\n<meta name=\"robots\" content=\"index, follow, max-snippet:-1, max-image-preview:large, max-video-preview:-1\" \/>\n<link rel=\"canonical\" href=\"https:\/\/diarioellabrador.cl\/index.php\/2025\/10\/21\/accidentes-de-transito-en-melipilla-y-curacavi-dejan-4-personas-lesionadas\/\" \/>\n<meta property=\"og:locale\" content=\"es_ES\" \/>\n<meta property=\"og:type\" content=\"article\" \/>\n<meta property=\"og:title\" content=\"Accidentes de tr\u00e1nsito en Melipilla y Curacav\u00ed dejan 4 personas lesionadas - Diario El Labrador\" \/>\n<meta property=\"og:description\" content=\"Dos accidentes de tr\u00e1nsito que culminaron con volcamiento de veh\u00edculos menores se registraron con pocas horas de diferente durante la ma\u00f1ana de ayer martes en la provincia de Melipilla. El primero se trat\u00f3 de una colisi\u00f3n entre un cami\u00f3n y un veh\u00edculo menor en la caletera sur de la ruta 68, espec\u00edficamente en el kil\u00f3metro Leer m\u00e1s\" \/>\n<meta property=\"og:url\" content=\"https:\/\/diarioellabrador.cl\/index.php\/2025\/10\/21\/accidentes-de-transito-en-melipilla-y-curacavi-dejan-4-personas-lesionadas\/\" \/>\n<meta property=\"og:site_name\" content=\"Diario El Labrador\" \/>\n<meta property=\"article:publisher\" content=\"https:\/\/web.facebook.com\/profile.php?id=61576120840621\" \/>\n<meta property=\"article:published_time\" content=\"2025-10-21T21:36:55+00:00\" \/>\n<meta property=\"article:modified_time\" content=\"2025-10-21T21:36:56+00:00\" \/>\n<meta property=\"og:image\" content=\"https:\/\/diarioellabrador.cl\/wp-content\/uploads\/2025\/10\/Accidentes-de-transito-en-Melipilla-y-Curacavi-dejan-4-personas-lesionadas.jpg\" \/>\n\t<meta property=\"og:image:width\" content=\"597\" \/>\n\t<meta property=\"og:image:height\" content=\"1280\" \/>\n\t<meta property=\"og:image:type\" content=\"image\/jpeg\" \/>\n<meta name=\"author\" content=\"Editor\" \/>\n<meta name=\"twitter:card\" content=\"summary_large_image\" \/>\n<meta name=\"twitter:creator\" content=\"@ElLabradorOf\" \/>\n<meta name=\"twitter:site\" content=\"@ElLabradorOf\" \/>\n<meta name=\"twitter:label1\" content=\"Escrito por\" \/>\n\t<meta name=\"twitter:data1\" content=\"Editor\" \/>\n\t<meta name=\"twitter:label2\" content=\"Tiempo de lectura\" \/>\n\t<meta name=\"twitter:data2\" content=\"2 minutos\" \/>\n<script type=\"application\/ld+json\" class=\"yoast-schema-graph\">{\"@context\":\"https:\\\/\\\/schema.org\",\"@graph\":[{\"@type\":\"Article\",\"@id\":\"https:\\\/\\\/diarioellabrador.cl\\\/index.php\\\/2025\\\/10\\\/21\\\/accidentes-de-transito-en-melipilla-y-curacavi-dejan-4-personas-lesionadas\\\/#article\",\"isPartOf\":{\"@id\":\"https:\\\/\\\/diarioellabrador.cl\\\/index.php\\\/2025\\\/10\\\/21\\\/accidentes-de-transito-en-melipilla-y-curacavi-dejan-4-personas-lesionadas\\\/\"},\"author\":{\"name\":\"Editor\",\"@id\":\"https:\\\/\\\/diarioellabrador.cl\\\/#\\\/schema\\\/person\\\/bc25ff80b4563f9c7f4bd7855df01685\"},\"headline\":\"Accidentes de tr\u00e1nsito en Melipilla y Curacav\u00ed dejan 4 personas lesionadas\",\"datePublished\":\"2025-10-21T21:36:55+00:00\",\"dateModified\":\"2025-10-21T21:36:56+00:00\",\"mainEntityOfPage\":{\"@id\":\"https:\\\/\\\/diarioellabrador.cl\\\/index.php\\\/2025\\\/10\\\/21\\\/accidentes-de-transito-en-melipilla-y-curacavi-dejan-4-personas-lesionadas\\\/\"},\"wordCount\":244,\"commentCount\":0,\"publisher\":{\"@id\":\"https:\\\/\\\/diarioellabrador.cl\\\/#organization\"},\"image\":{\"@id\":\"https:\\\/\\\/diarioellabrador.cl\\\/index.php\\\/2025\\\/10\\\/21\\\/accidentes-de-transito-en-melipilla-y-curacavi-dejan-4-personas-lesionadas\\\/#primaryimage\"},\"thumbnailUrl\":\"https:\\\/\\\/diarioellabrador.cl\\\/wp-content\\\/uploads\\\/2025\\\/10\\\/Accidentes-de-transito-en-Melipilla-y-Curacavi-dejan-4-personas-lesionadas.jpg\",\"articleSection\":[\"Policial\"],\"inLanguage\":\"es\",\"potentialAction\":[{\"@type\":\"CommentAction\",\"name\":\"Comment\",\"target\":[\"https:\\\/\\\/diarioellabrador.cl\\\/index.php\\\/2025\\\/10\\\/21\\\/accidentes-de-transito-en-melipilla-y-curacavi-dejan-4-personas-lesionadas\\\/#respond\"]}]},{\"@type\":\"WebPage\",\"@id\":\"https:\\\/\\\/diarioellabrador.cl\\\/index.php\\\/2025\\\/10\\\/21\\\/accidentes-de-transito-en-melipilla-y-curacavi-dejan-4-personas-lesionadas\\\/\",\"url\":\"https:\\\/\\\/diarioellabrador.cl\\\/index.php\\\/2025\\\/10\\\/21\\\/accidentes-de-transito-en-melipilla-y-curacavi-dejan-4-personas-lesionadas\\\/\",\"name\":\"Accidentes de tr\u00e1nsito en Melipilla y Curacav\u00ed dejan 4 personas lesionadas - Diario El Labrador\",\"isPartOf\":{\"@id\":\"https:\\\/\\\/diarioellabrador.cl\\\/#website\"},\"primaryImageOfPage\":{\"@id\":\"https:\\\/\\\/diarioellabrador.cl\\\/index.php\\\/2025\\\/10\\\/21\\\/accidentes-de-transito-en-melipilla-y-curacavi-dejan-4-personas-lesionadas\\\/#primaryimage\"},\"image\":{\"@id\":\"https:\\\/\\\/diarioellabrador.cl\\\/index.php\\\/2025\\\/10\\\/21\\\/accidentes-de-transito-en-melipilla-y-curacavi-dejan-4-personas-lesionadas\\\/#primaryimage\"},\"thumbnailUrl\":\"https:\\\/\\\/diarioellabrador.cl\\\/wp-content\\\/uploads\\\/2025\\\/10\\\/Accidentes-de-transito-en-Melipilla-y-Curacavi-dejan-4-personas-lesionadas.jpg\",\"datePublished\":\"2025-10-21T21:36:55+00:00\",\"dateModified\":\"2025-10-21T21:36:56+00:00\",\"breadcrumb\":{\"@id\":\"https:\\\/\\\/diarioellabrador.cl\\\/index.php\\\/2025\\\/10\\\/21\\\/accidentes-de-transito-en-melipilla-y-curacavi-dejan-4-personas-lesionadas\\\/#breadcrumb\"},\"inLanguage\":\"es\",\"potentialAction\":[{\"@type\":\"ReadAction\",\"target\":[\"https:\\\/\\\/diarioellabrador.cl\\\/index.php\\\/2025\\\/10\\\/21\\\/accidentes-de-transito-en-melipilla-y-curacavi-dejan-4-personas-lesionadas\\\/\"]}]},{\"@type\":\"ImageObject\",\"inLanguage\":\"es\",\"@id\":\"https:\\\/\\\/diarioellabrador.cl\\\/index.php\\\/2025\\\/10\\\/21\\\/accidentes-de-transito-en-melipilla-y-curacavi-dejan-4-personas-lesionadas\\\/#primaryimage\",\"url\":\"https:\\\/\\\/diarioellabrador.cl\\\/wp-content\\\/uploads\\\/2025\\\/10\\\/Accidentes-de-transito-en-Melipilla-y-Curacavi-dejan-4-personas-lesionadas.jpg\",\"contentUrl\":\"https:\\\/\\\/diarioellabrador.cl\\\/wp-content\\\/uploads\\\/2025\\\/10\\\/Accidentes-de-transito-en-Melipilla-y-Curacavi-dejan-4-personas-lesionadas.jpg\",\"width\":597,\"height\":1280},{\"@type\":\"BreadcrumbList\",\"@id\":\"https:\\\/\\\/diarioellabrador.cl\\\/index.php\\\/2025\\\/10\\\/21\\\/accidentes-de-transito-en-melipilla-y-curacavi-dejan-4-personas-lesionadas\\\/#breadcrumb\",\"itemListElement\":[{\"@type\":\"ListItem\",\"position\":1,\"name\":\"Portada\",\"item\":\"https:\\\/\\\/diarioellabrador.cl\\\/\"},{\"@type\":\"ListItem\",\"position\":2,\"name\":\"Accidentes de tr\u00e1nsito en Melipilla y Curacav\u00ed dejan 4 personas lesionadas\"}]},{\"@type\":\"WebSite\",\"@id\":\"https:\\\/\\\/diarioellabrador.cl\\\/#website\",\"url\":\"https:\\\/\\\/diarioellabrador.cl\\\/\",\"name\":\"Diario El Labrador\",\"description\":\"Haciendo noticia desde 1921\",\"publisher\":{\"@id\":\"https:\\\/\\\/diarioellabrador.cl\\\/#organization\"},\"potentialAction\":[{\"@type\":\"SearchAction\",\"target\":{\"@type\":\"EntryPoint\",\"urlTemplate\":\"https:\\\/\\\/diarioellabrador.cl\\\/?s={search_term_string}\"},\"query-input\":{\"@type\":\"PropertyValueSpecification\",\"valueRequired\":true,\"valueName\":\"search_term_string\"}}],\"inLanguage\":\"es\"},{\"@type\":\"Organization\",\"@id\":\"https:\\\/\\\/diarioellabrador.cl\\\/#organization\",\"name\":\"Diario El Labrador\",\"url\":\"https:\\\/\\\/diarioellabrador.cl\\\/\",\"logo\":{\"@type\":\"ImageObject\",\"inLanguage\":\"es\",\"@id\":\"https:\\\/\\\/diarioellabrador.cl\\\/#\\\/schema\\\/logo\\\/image\\\/\",\"url\":\"https:\\\/\\\/diarioellabrador.cl\\\/wp-content\\\/uploads\\\/2025\\\/02\\\/cropped-Logo-Icono.png\",\"contentUrl\":\"https:\\\/\\\/diarioellabrador.cl\\\/wp-content\\\/uploads\\\/2025\\\/02\\\/cropped-Logo-Icono.png\",\"width\":512,\"height\":512,\"caption\":\"Diario El Labrador\"},\"image\":{\"@id\":\"https:\\\/\\\/diarioellabrador.cl\\\/#\\\/schema\\\/logo\\\/image\\\/\"},\"sameAs\":[\"https:\\\/\\\/web.facebook.com\\\/profile.php?id=61576120840621\",\"https:\\\/\\\/x.com\\\/ElLabradorOf\",\"https:\\\/\\\/www.instagram.com\\\/diarioellabradoroficial\\\/\"]},{\"@type\":\"Person\",\"@id\":\"https:\\\/\\\/diarioellabrador.cl\\\/#\\\/schema\\\/person\\\/bc25ff80b4563f9c7f4bd7855df01685\",\"name\":\"Editor\",\"image\":{\"@type\":\"ImageObject\",\"inLanguage\":\"es\",\"@id\":\"https:\\\/\\\/secure.gravatar.com\\\/avatar\\\/109c326cf2be5c04f048c2c2a2b8b6ef44bf3d8d1d3d4c55d0ac40c4bc994684?s=96&d=mm&r=g\",\"url\":\"https:\\\/\\\/secure.gravatar.com\\\/avatar\\\/109c326cf2be5c04f048c2c2a2b8b6ef44bf3d8d1d3d4c55d0ac40c4bc994684?s=96&d=mm&r=g\",\"contentUrl\":\"https:\\\/\\\/secure.gravatar.com\\\/avatar\\\/109c326cf2be5c04f048c2c2a2b8b6ef44bf3d8d1d3d4c55d0ac40c4bc994684?s=96&d=mm&r=g\",\"caption\":\"Editor\"},\"url\":\"https:\\\/\\\/diarioellabrador.cl\\\/index.php\\\/author\\\/editor\\\/\"}]}<\/script>\n<!-- \/ Yoast SEO plugin. -->","yoast_head_json":{"title":"Accidentes de tr\u00e1nsito en Melipilla y Curacav\u00ed dejan 4 personas lesionadas - Diario El Labrador","robots":{"index":"index","follow":"follow","max-snippet":"max-snippet:-1","max-image-preview":"max-image-preview:large","max-video-preview":"max-video-preview:-1"},"canonical":"https:\/\/diarioellabrador.cl\/index.php\/2025\/10\/21\/accidentes-de-transito-en-melipilla-y-curacavi-dejan-4-personas-lesionadas\/","og_locale":"es_ES","og_type":"article","og_title":"Accidentes de tr\u00e1nsito en Melipilla y Curacav\u00ed dejan 4 personas lesionadas - Diario El Labrador","og_description":"Dos accidentes de tr\u00e1nsito que culminaron con volcamiento de veh\u00edculos menores se registraron con pocas horas de diferente durante la ma\u00f1ana de ayer martes en la provincia de Melipilla. El primero se trat\u00f3 de una colisi\u00f3n entre un cami\u00f3n y un veh\u00edculo menor en la caletera sur de la ruta 68, espec\u00edficamente en el kil\u00f3metro Leer m\u00e1s","og_url":"https:\/\/diarioellabrador.cl\/index.php\/2025\/10\/21\/accidentes-de-transito-en-melipilla-y-curacavi-dejan-4-personas-lesionadas\/","og_site_name":"Diario El Labrador","article_publisher":"https:\/\/web.facebook.com\/profile.php?id=61576120840621","article_published_time":"2025-10-21T21:36:55+00:00","article_modified_time":"2025-10-21T21:36:56+00:00","og_image":[{"width":597,"height":1280,"url":"https:\/\/diarioellabrador.cl\/wp-content\/uploads\/2025\/10\/Accidentes-de-transito-en-Melipilla-y-Curacavi-dejan-4-personas-lesionadas.jpg","type":"image\/jpeg"}],"author":"Editor","twitter_card":"summary_large_image","twitter_creator":"@ElLabradorOf","twitter_site":"@ElLabradorOf","twitter_misc":{"Escrito por":"Editor","Tiempo de lectura":"2 minutos"},"schema":{"@context":"https:\/\/schema.org","@graph":[{"@type":"Article","@id":"https:\/\/diarioellabrador.cl\/index.php\/2025\/10\/21\/accidentes-de-transito-en-melipilla-y-curacavi-dejan-4-personas-lesionadas\/#article","isPartOf":{"@id":"https:\/\/diarioellabrador.cl\/index.php\/2025\/10\/21\/accidentes-de-transito-en-melipilla-y-curacavi-dejan-4-personas-lesionadas\/"},"author":{"name":"Editor","@id":"https:\/\/diarioellabrador.cl\/#\/schema\/person\/bc25ff80b4563f9c7f4bd7855df01685"},"headline":"Accidentes de tr\u00e1nsito en Melipilla y Curacav\u00ed dejan 4 personas lesionadas","datePublished":"2025-10-21T21:36:55+00:00","dateModified":"2025-10-21T21:36:56+00:00","mainEntityOfPage":{"@id":"https:\/\/diarioellabrador.cl\/index.php\/2025\/10\/21\/accidentes-de-transito-en-melipilla-y-curacavi-dejan-4-personas-lesionadas\/"},"wordCount":244,"commentCount":0,"publisher":{"@id":"https:\/\/diarioellabrador.cl\/#organization"},"image":{"@id":"https:\/\/diarioellabrador.cl\/index.php\/2025\/10\/21\/accidentes-de-transito-en-melipilla-y-curacavi-dejan-4-personas-lesionadas\/#primaryimage"},"thumbnailUrl":"https:\/\/diarioellabrador.cl\/wp-content\/uploads\/2025\/10\/Accidentes-de-transito-en-Melipilla-y-Curacavi-dejan-4-personas-lesionadas.jpg","articleSection":["Policial"],"inLanguage":"es","potentialAction":[{"@type":"CommentAction","name":"Comment","target":["https:\/\/diarioellabrador.cl\/index.php\/2025\/10\/21\/accidentes-de-transito-en-melipilla-y-curacavi-dejan-4-personas-lesionadas\/#respond"]}]},{"@type":"WebPage","@id":"https:\/\/diarioellabrador.cl\/index.php\/2025\/10\/21\/accidentes-de-transito-en-melipilla-y-curacavi-dejan-4-personas-lesionadas\/","url":"https:\/\/diarioellabrador.cl\/index.php\/2025\/10\/21\/accidentes-de-transito-en-melipilla-y-curacavi-dejan-4-personas-lesionadas\/","name":"Accidentes de tr\u00e1nsito en Melipilla y Curacav\u00ed dejan 4 personas lesionadas - Diario El Labrador","isPartOf":{"@id":"https:\/\/diarioellabrador.cl\/#website"},"primaryImageOfPage":{"@id":"https:\/\/diarioellabrador.cl\/index.php\/2025\/10\/21\/accidentes-de-transito-en-melipilla-y-curacavi-dejan-4-personas-lesionadas\/#primaryimage"},"image":{"@id":"https:\/\/diarioellabrador.cl\/index.php\/2025\/10\/21\/accidentes-de-transito-en-melipilla-y-curacavi-dejan-4-personas-lesionadas\/#primaryimage"},"thumbnailUrl":"https:\/\/diarioellabrador.cl\/wp-content\/uploads\/2025\/10\/Accidentes-de-transito-en-Melipilla-y-Curacavi-dejan-4-personas-lesionadas.jpg","datePublished":"2025-10-21T21:36:55+00:00","dateModified":"2025-10-21T21:36:56+00:00","breadcrumb":{"@id":"https:\/\/diarioellabrador.cl\/index.php\/2025\/10\/21\/accidentes-de-transito-en-melipilla-y-curacavi-dejan-4-personas-lesionadas\/#breadcrumb"},"inLanguage":"es","potentialAction":[{"@type":"ReadAction","target":["https:\/\/diarioellabrador.cl\/index.php\/2025\/10\/21\/accidentes-de-transito-en-melipilla-y-curacavi-dejan-4-personas-lesionadas\/"]}]},{"@type":"ImageObject","inLanguage":"es","@id":"https:\/\/diarioellabrador.cl\/index.php\/2025\/10\/21\/accidentes-de-transito-en-melipilla-y-curacavi-dejan-4-personas-lesionadas\/#primaryimage","url":"https:\/\/diarioellabrador.cl\/wp-content\/uploads\/2025\/10\/Accidentes-de-transito-en-Melipilla-y-Curacavi-dejan-4-personas-lesionadas.jpg","contentUrl":"https:\/\/diarioellabrador.cl\/wp-content\/uploads\/2025\/10\/Accidentes-de-transito-en-Melipilla-y-Curacavi-dejan-4-personas-lesionadas.jpg","width":597,"height":1280},{"@type":"BreadcrumbList","@id":"https:\/\/diarioellabrador.cl\/index.php\/2025\/10\/21\/accidentes-de-transito-en-melipilla-y-curacavi-dejan-4-personas-lesionadas\/#breadcrumb","itemListElement":[{"@type":"ListItem","position":1,"name":"Portada","item":"https:\/\/diarioellabrador.cl\/"},{"@type":"ListItem","position":2,"name":"Accidentes de tr\u00e1nsito en Melipilla y Curacav\u00ed dejan 4 personas lesionadas"}]},{"@type":"WebSite","@id":"https:\/\/diarioellabrador.cl\/#website","url":"https:\/\/diarioellabrador.cl\/","name":"Diario El Labrador","description":"Haciendo noticia desde 1921","publisher":{"@id":"https:\/\/diarioellabrador.cl\/#organization"},"potentialAction":[{"@type":"SearchAction","target":{"@type":"EntryPoint","urlTemplate":"https:\/\/diarioellabrador.cl\/?s={search_term_string}"},"query-input":{"@type":"PropertyValueSpecification","valueRequired":true,"valueName":"search_term_string"}}],"inLanguage":"es"},{"@type":"Organization","@id":"https:\/\/diarioellabrador.cl\/#organization","name":"Diario El Labrador","url":"https:\/\/diarioellabrador.cl\/","logo":{"@type":"ImageObject","inLanguage":"es","@id":"https:\/\/diarioellabrador.cl\/#\/schema\/logo\/image\/","url":"https:\/\/diarioellabrador.cl\/wp-content\/uploads\/2025\/02\/cropped-Logo-Icono.png","contentUrl":"https:\/\/diarioellabrador.cl\/wp-content\/uploads\/2025\/02\/cropped-Logo-Icono.png","width":512,"height":512,"caption":"Diario El Labrador"},"image":{"@id":"https:\/\/diarioellabrador.cl\/#\/schema\/logo\/image\/"},"sameAs":["https:\/\/web.facebook.com\/profile.php?id=61576120840621","https:\/\/x.com\/ElLabradorOf","https:\/\/www.instagram.com\/diarioellabradoroficial\/"]},{"@type":"Person","@id":"https:\/\/diarioellabrador.cl\/#\/schema\/person\/bc25ff80b4563f9c7f4bd7855df01685","name":"Editor","image":{"@type":"ImageObject","inLanguage":"es","@id":"https:\/\/secure.gravatar.com\/avatar\/109c326cf2be5c04f048c2c2a2b8b6ef44bf3d8d1d3d4c55d0ac40c4bc994684?s=96&d=mm&r=g","url":"https:\/\/secure.gravatar.com\/avatar\/109c326cf2be5c04f048c2c2a2b8b6ef44bf3d8d1d3d4c55d0ac40c4bc994684?s=96&d=mm&r=g","contentUrl":"https:\/\/secure.gravatar.com\/avatar\/109c326cf2be5c04f048c2c2a2b8b6ef44bf3d8d1d3d4c55d0ac40c4bc994684?s=96&d=mm&r=g","caption":"Editor"},"url":"https:\/\/diarioellabrador.cl\/index.php\/author\/editor\/"}]}},"_links":{"self":[{"href":"https:\/\/diarioellabrador.cl\/index.php\/wp-json\/wp\/v2\/posts\/10233","targetHints":{"allow":["GET"]}}],"collection":[{"href":"https:\/\/diarioellabrador.cl\/index.php\/wp-json\/wp\/v2\/posts"}],"about":[{"href":"https:\/\/diarioellabrador.cl\/index.php\/wp-json\/wp\/v2\/types\/post"}],"author":[{"embeddable":true,"href":"https:\/\/diarioellabrador.cl\/index.php\/wp-json\/wp\/v2\/users\/2"}],"replies":[{"embeddable":true,"href":"https:\/\/diarioellabrador.cl\/index.php\/wp-json\/wp\/v2\/comments?post=10233"}],"version-history":[{"count":1,"href":"https:\/\/diarioellabrador.cl\/index.php\/wp-json\/wp\/v2\/posts\/10233\/revisions"}],"predecessor-version":[{"id":10234,"href":"https:\/\/diarioellabrador.cl\/index.php\/wp-json\/wp\/v2\/posts\/10233\/revisions\/10234"}],"wp:featuredmedia":[{"embeddable":true,"href":"https:\/\/diarioellabrador.cl\/index.php\/wp-json\/wp\/v2\/media\/10206"}],"wp:attachment":[{"href":"https:\/\/diarioellabrador.cl\/index.php\/wp-json\/wp\/v2\/media?parent=10233"}],"wp:term":[{"taxonomy":"category","embeddable":true,"href":"https:\/\/diarioellabrador.cl\/index.php\/wp-json\/wp\/v2\/categories?post=10233"},{"taxonomy":"post_tag","embeddable":true,"href":"https:\/\/diarioellabrador.cl\/index.php\/wp-json\/wp\/v2\/tags?post=10233"}],"curies":[{"name":"wp","href":"https:\/\/api.w.org\/{rel}","templated":true}]}}