{"id":10231,"date":"2025-10-21T17:36:12","date_gmt":"2025-10-21T21:36:12","guid":{"rendered":"https:\/\/diarioellabrador.cl\/?p=10231"},"modified":"2025-10-21T17:36:13","modified_gmt":"2025-10-21T21:36:13","slug":"acusado-de-descargar-especies-robadas-desde-un-camion-debera-cumplir-61-dias-de-presidio","status":"publish","type":"post","link":"https:\/\/diarioellabrador.cl\/index.php\/2025\/10\/21\/acusado-de-descargar-especies-robadas-desde-un-camion-debera-cumplir-61-dias-de-presidio\/","title":{"rendered":"Acusado de descargar especies robadas desde un cami\u00f3n deber\u00e1 cumplir 61 d\u00edas de presidio"},"content":{"rendered":"\n<p>En el TOP de Talagante se realiz\u00f3 la audiencia de juicio oral donde el ente persecutor expuso que el d\u00eda 12 de enero de 2022, a las 21:40 horas aproximadamente, en Avenida Balmaceda altura del 6.200 en la comuna de Isla de Maipo, dos sujetos fueron sorprendidos por funcionarios policiales manteniendo en su poder al interior del veh\u00edculo, diferentes parlantes y aud\u00edfonos de la marca Sony de propiedad de la empresa de transportes \u201cExpress Polar STR\u201d las que previamente hab\u00edan sido sustra\u00eddas junto con el cami\u00f3n marca Volvo.<\/p>\n\n\n\n<p>Por su parte, a las 22:20 horas aproximadamente, en el sitio eriazo ubicado en Camino Interior Papagayo de la comuna de Talagante, otro sujeto manten\u00eda en su poder otras especies sustra\u00eddas del cami\u00f3n marca Volvo que se encontraba en el mismo lugar, adem\u00e1s hab\u00eda otras dos personas descargando las especies. Todo avaluado por la v\u00edctima en la suma de $150.000.000.<\/p>\n\n\n\n<p>El imputado declar\u00f3 que \u201c\u00e9l estaba en el lugar cuando lleg\u00f3 el cami\u00f3n, junto con otras personas. Ellos empezaron a descargar el cami\u00f3n y a llenar los otros camiones con que llevaban mercader\u00eda. Cuando sali\u00f3 el primer cami\u00f3n, llamaron y dijeron que hab\u00eda sido detenido, entonces empez\u00f3 a correr cerro tras cerro porque era un sitio eriazo. Su detenci\u00f3n fue a las 01:00 de la ma\u00f1ana, muy lejos del cami\u00f3n, porque al instante en que supo que la polic\u00eda estaba afuera sali\u00f3 del lugar\u201d.<\/p>\n\n\n\n<p>El Tribunal dictamin\u00f3 que se condena a Alexander Silva Y\u00e1\u00f1ez a la pena de 61 d\u00edas de presidio menor en su grado m\u00ednimo, como autor ejecutor de un delito consumado de receptaci\u00f3n. Que, no reuni\u00e9ndose los requisitos de la ley, la pena deber\u00e1 cumplirse de manera efectiva.<\/p>\n","protected":false},"excerpt":{"rendered":"<p>En el TOP de Talagante se realiz\u00f3 la audiencia de juicio oral donde el ente persecutor expuso que el d\u00eda 12 de enero de 2022, a las 21:40 horas aproximadamente, en Avenida Balmaceda altura del 6.200 en la comuna de Isla de Maipo, dos sujetos fueron sorprendidos por funcionarios policiales manteniendo en su poder al<\/p>\n<div class=\"read-more-wrapper\"><a class=\"read-more\" href=\"https:\/\/diarioellabrador.cl\/index.php\/2025\/10\/21\/acusado-de-descargar-especies-robadas-desde-un-camion-debera-cumplir-61-dias-de-presidio\/\" title=\"Leer m\u00e1s\"> <span class=\"button \">Leer m\u00e1s<\/span><\/a><\/div>\n","protected":false},"author":2,"featured_media":10210,"comment_status":"open","ping_status":"open","sticky":false,"template":"","format":"standard","meta":{"footnotes":""},"categories":[3],"tags":[],"class_list":["post-10231","post","type-post","status-publish","format-standard","has-post-thumbnail","hentry","category-policial"],"yoast_head":"<!-- This site is optimized with the Yoast SEO plugin v27.5 - https:\/\/yoast.com\/product\/yoast-seo-wordpress\/ -->\n<title>Acusado de descargar especies robadas desde un cami\u00f3n deber\u00e1 cumplir 61 d\u00edas de presidio - Diario El Labrador<\/title>\n<meta name=\"robots\" content=\"index, follow, max-snippet:-1, max-image-preview:large, max-video-preview:-1\" \/>\n<link rel=\"canonical\" href=\"https:\/\/diarioellabrador.cl\/index.php\/2025\/10\/21\/acusado-de-descargar-especies-robadas-desde-un-camion-debera-cumplir-61-dias-de-presidio\/\" \/>\n<meta property=\"og:locale\" content=\"es_ES\" \/>\n<meta property=\"og:type\" content=\"article\" \/>\n<meta property=\"og:title\" content=\"Acusado de descargar especies robadas desde un cami\u00f3n deber\u00e1 cumplir 61 d\u00edas de presidio - Diario El Labrador\" \/>\n<meta property=\"og:description\" content=\"En el TOP de Talagante se realiz\u00f3 la audiencia de juicio oral donde el ente persecutor expuso que el d\u00eda 12 de enero de 2022, a las 21:40 horas aproximadamente, en Avenida Balmaceda altura del 6.200 en la comuna de Isla de Maipo, dos sujetos fueron sorprendidos por funcionarios policiales manteniendo en su poder al Leer m\u00e1s\" \/>\n<meta property=\"og:url\" content=\"https:\/\/diarioellabrador.cl\/index.php\/2025\/10\/21\/acusado-de-descargar-especies-robadas-desde-un-camion-debera-cumplir-61-dias-de-presidio\/\" \/>\n<meta property=\"og:site_name\" content=\"Diario El Labrador\" \/>\n<meta property=\"article:publisher\" content=\"https:\/\/web.facebook.com\/profile.php?id=61576120840621\" \/>\n<meta property=\"article:published_time\" content=\"2025-10-21T21:36:12+00:00\" \/>\n<meta property=\"article:modified_time\" content=\"2025-10-21T21:36:13+00:00\" \/>\n<meta property=\"og:image\" content=\"https:\/\/diarioellabrador.cl\/wp-content\/uploads\/2025\/10\/Acusado-de-descargar-especies-robadas-desde-un-camion-debera-cumplir-61-dias-de-presidio.jpg\" \/>\n\t<meta property=\"og:image:width\" content=\"482\" \/>\n\t<meta property=\"og:image:height\" content=\"538\" \/>\n\t<meta property=\"og:image:type\" content=\"image\/jpeg\" \/>\n<meta name=\"author\" content=\"Editor\" \/>\n<meta name=\"twitter:card\" content=\"summary_large_image\" \/>\n<meta name=\"twitter:creator\" content=\"@ElLabradorOf\" \/>\n<meta name=\"twitter:site\" content=\"@ElLabradorOf\" \/>\n<meta name=\"twitter:label1\" content=\"Escrito por\" \/>\n\t<meta name=\"twitter:data1\" content=\"Editor\" \/>\n\t<meta name=\"twitter:label2\" content=\"Tiempo de lectura\" \/>\n\t<meta name=\"twitter:data2\" content=\"2 minutos\" \/>\n<script type=\"application\/ld+json\" class=\"yoast-schema-graph\">{\"@context\":\"https:\\\/\\\/schema.org\",\"@graph\":[{\"@type\":\"Article\",\"@id\":\"https:\\\/\\\/diarioellabrador.cl\\\/index.php\\\/2025\\\/10\\\/21\\\/acusado-de-descargar-especies-robadas-desde-un-camion-debera-cumplir-61-dias-de-presidio\\\/#article\",\"isPartOf\":{\"@id\":\"https:\\\/\\\/diarioellabrador.cl\\\/index.php\\\/2025\\\/10\\\/21\\\/acusado-de-descargar-especies-robadas-desde-un-camion-debera-cumplir-61-dias-de-presidio\\\/\"},\"author\":{\"name\":\"Editor\",\"@id\":\"https:\\\/\\\/diarioellabrador.cl\\\/#\\\/schema\\\/person\\\/bc25ff80b4563f9c7f4bd7855df01685\"},\"headline\":\"Acusado de descargar especies robadas desde un cami\u00f3n deber\u00e1 cumplir 61 d\u00edas de presidio\",\"datePublished\":\"2025-10-21T21:36:12+00:00\",\"dateModified\":\"2025-10-21T21:36:13+00:00\",\"mainEntityOfPage\":{\"@id\":\"https:\\\/\\\/diarioellabrador.cl\\\/index.php\\\/2025\\\/10\\\/21\\\/acusado-de-descargar-especies-robadas-desde-un-camion-debera-cumplir-61-dias-de-presidio\\\/\"},\"wordCount\":312,\"commentCount\":0,\"publisher\":{\"@id\":\"https:\\\/\\\/diarioellabrador.cl\\\/#organization\"},\"image\":{\"@id\":\"https:\\\/\\\/diarioellabrador.cl\\\/index.php\\\/2025\\\/10\\\/21\\\/acusado-de-descargar-especies-robadas-desde-un-camion-debera-cumplir-61-dias-de-presidio\\\/#primaryimage\"},\"thumbnailUrl\":\"https:\\\/\\\/diarioellabrador.cl\\\/wp-content\\\/uploads\\\/2025\\\/10\\\/Acusado-de-descargar-especies-robadas-desde-un-camion-debera-cumplir-61-dias-de-presidio.jpg\",\"articleSection\":[\"Policial\"],\"inLanguage\":\"es\",\"potentialAction\":[{\"@type\":\"CommentAction\",\"name\":\"Comment\",\"target\":[\"https:\\\/\\\/diarioellabrador.cl\\\/index.php\\\/2025\\\/10\\\/21\\\/acusado-de-descargar-especies-robadas-desde-un-camion-debera-cumplir-61-dias-de-presidio\\\/#respond\"]}]},{\"@type\":\"WebPage\",\"@id\":\"https:\\\/\\\/diarioellabrador.cl\\\/index.php\\\/2025\\\/10\\\/21\\\/acusado-de-descargar-especies-robadas-desde-un-camion-debera-cumplir-61-dias-de-presidio\\\/\",\"url\":\"https:\\\/\\\/diarioellabrador.cl\\\/index.php\\\/2025\\\/10\\\/21\\\/acusado-de-descargar-especies-robadas-desde-un-camion-debera-cumplir-61-dias-de-presidio\\\/\",\"name\":\"Acusado de descargar especies robadas desde un cami\u00f3n deber\u00e1 cumplir 61 d\u00edas de presidio - Diario El Labrador\",\"isPartOf\":{\"@id\":\"https:\\\/\\\/diarioellabrador.cl\\\/#website\"},\"primaryImageOfPage\":{\"@id\":\"https:\\\/\\\/diarioellabrador.cl\\\/index.php\\\/2025\\\/10\\\/21\\\/acusado-de-descargar-especies-robadas-desde-un-camion-debera-cumplir-61-dias-de-presidio\\\/#primaryimage\"},\"image\":{\"@id\":\"https:\\\/\\\/diarioellabrador.cl\\\/index.php\\\/2025\\\/10\\\/21\\\/acusado-de-descargar-especies-robadas-desde-un-camion-debera-cumplir-61-dias-de-presidio\\\/#primaryimage\"},\"thumbnailUrl\":\"https:\\\/\\\/diarioellabrador.cl\\\/wp-content\\\/uploads\\\/2025\\\/10\\\/Acusado-de-descargar-especies-robadas-desde-un-camion-debera-cumplir-61-dias-de-presidio.jpg\",\"datePublished\":\"2025-10-21T21:36:12+00:00\",\"dateModified\":\"2025-10-21T21:36:13+00:00\",\"breadcrumb\":{\"@id\":\"https:\\\/\\\/diarioellabrador.cl\\\/index.php\\\/2025\\\/10\\\/21\\\/acusado-de-descargar-especies-robadas-desde-un-camion-debera-cumplir-61-dias-de-presidio\\\/#breadcrumb\"},\"inLanguage\":\"es\",\"potentialAction\":[{\"@type\":\"ReadAction\",\"target\":[\"https:\\\/\\\/diarioellabrador.cl\\\/index.php\\\/2025\\\/10\\\/21\\\/acusado-de-descargar-especies-robadas-desde-un-camion-debera-cumplir-61-dias-de-presidio\\\/\"]}]},{\"@type\":\"ImageObject\",\"inLanguage\":\"es\",\"@id\":\"https:\\\/\\\/diarioellabrador.cl\\\/index.php\\\/2025\\\/10\\\/21\\\/acusado-de-descargar-especies-robadas-desde-un-camion-debera-cumplir-61-dias-de-presidio\\\/#primaryimage\",\"url\":\"https:\\\/\\\/diarioellabrador.cl\\\/wp-content\\\/uploads\\\/2025\\\/10\\\/Acusado-de-descargar-especies-robadas-desde-un-camion-debera-cumplir-61-dias-de-presidio.jpg\",\"contentUrl\":\"https:\\\/\\\/diarioellabrador.cl\\\/wp-content\\\/uploads\\\/2025\\\/10\\\/Acusado-de-descargar-especies-robadas-desde-un-camion-debera-cumplir-61-dias-de-presidio.jpg\",\"width\":482,\"height\":538},{\"@type\":\"BreadcrumbList\",\"@id\":\"https:\\\/\\\/diarioellabrador.cl\\\/index.php\\\/2025\\\/10\\\/21\\\/acusado-de-descargar-especies-robadas-desde-un-camion-debera-cumplir-61-dias-de-presidio\\\/#breadcrumb\",\"itemListElement\":[{\"@type\":\"ListItem\",\"position\":1,\"name\":\"Portada\",\"item\":\"https:\\\/\\\/diarioellabrador.cl\\\/\"},{\"@type\":\"ListItem\",\"position\":2,\"name\":\"Acusado de descargar especies robadas desde un cami\u00f3n deber\u00e1 cumplir 61 d\u00edas de presidio\"}]},{\"@type\":\"WebSite\",\"@id\":\"https:\\\/\\\/diarioellabrador.cl\\\/#website\",\"url\":\"https:\\\/\\\/diarioellabrador.cl\\\/\",\"name\":\"Diario El Labrador\",\"description\":\"Haciendo noticia desde 1921\",\"publisher\":{\"@id\":\"https:\\\/\\\/diarioellabrador.cl\\\/#organization\"},\"potentialAction\":[{\"@type\":\"SearchAction\",\"target\":{\"@type\":\"EntryPoint\",\"urlTemplate\":\"https:\\\/\\\/diarioellabrador.cl\\\/?s={search_term_string}\"},\"query-input\":{\"@type\":\"PropertyValueSpecification\",\"valueRequired\":true,\"valueName\":\"search_term_string\"}}],\"inLanguage\":\"es\"},{\"@type\":\"Organization\",\"@id\":\"https:\\\/\\\/diarioellabrador.cl\\\/#organization\",\"name\":\"Diario El Labrador\",\"url\":\"https:\\\/\\\/diarioellabrador.cl\\\/\",\"logo\":{\"@type\":\"ImageObject\",\"inLanguage\":\"es\",\"@id\":\"https:\\\/\\\/diarioellabrador.cl\\\/#\\\/schema\\\/logo\\\/image\\\/\",\"url\":\"https:\\\/\\\/diarioellabrador.cl\\\/wp-content\\\/uploads\\\/2025\\\/02\\\/cropped-Logo-Icono.png\",\"contentUrl\":\"https:\\\/\\\/diarioellabrador.cl\\\/wp-content\\\/uploads\\\/2025\\\/02\\\/cropped-Logo-Icono.png\",\"width\":512,\"height\":512,\"caption\":\"Diario El Labrador\"},\"image\":{\"@id\":\"https:\\\/\\\/diarioellabrador.cl\\\/#\\\/schema\\\/logo\\\/image\\\/\"},\"sameAs\":[\"https:\\\/\\\/web.facebook.com\\\/profile.php?id=61576120840621\",\"https:\\\/\\\/x.com\\\/ElLabradorOf\",\"https:\\\/\\\/www.instagram.com\\\/diarioellabradoroficial\\\/\"]},{\"@type\":\"Person\",\"@id\":\"https:\\\/\\\/diarioellabrador.cl\\\/#\\\/schema\\\/person\\\/bc25ff80b4563f9c7f4bd7855df01685\",\"name\":\"Editor\",\"image\":{\"@type\":\"ImageObject\",\"inLanguage\":\"es\",\"@id\":\"https:\\\/\\\/secure.gravatar.com\\\/avatar\\\/109c326cf2be5c04f048c2c2a2b8b6ef44bf3d8d1d3d4c55d0ac40c4bc994684?s=96&d=mm&r=g\",\"url\":\"https:\\\/\\\/secure.gravatar.com\\\/avatar\\\/109c326cf2be5c04f048c2c2a2b8b6ef44bf3d8d1d3d4c55d0ac40c4bc994684?s=96&d=mm&r=g\",\"contentUrl\":\"https:\\\/\\\/secure.gravatar.com\\\/avatar\\\/109c326cf2be5c04f048c2c2a2b8b6ef44bf3d8d1d3d4c55d0ac40c4bc994684?s=96&d=mm&r=g\",\"caption\":\"Editor\"},\"url\":\"https:\\\/\\\/diarioellabrador.cl\\\/index.php\\\/author\\\/editor\\\/\"}]}<\/script>\n<!-- \/ Yoast SEO plugin. -->","yoast_head_json":{"title":"Acusado de descargar especies robadas desde un cami\u00f3n deber\u00e1 cumplir 61 d\u00edas de presidio - Diario El Labrador","robots":{"index":"index","follow":"follow","max-snippet":"max-snippet:-1","max-image-preview":"max-image-preview:large","max-video-preview":"max-video-preview:-1"},"canonical":"https:\/\/diarioellabrador.cl\/index.php\/2025\/10\/21\/acusado-de-descargar-especies-robadas-desde-un-camion-debera-cumplir-61-dias-de-presidio\/","og_locale":"es_ES","og_type":"article","og_title":"Acusado de descargar especies robadas desde un cami\u00f3n deber\u00e1 cumplir 61 d\u00edas de presidio - Diario El Labrador","og_description":"En el TOP de Talagante se realiz\u00f3 la audiencia de juicio oral donde el ente persecutor expuso que el d\u00eda 12 de enero de 2022, a las 21:40 horas aproximadamente, en Avenida Balmaceda altura del 6.200 en la comuna de Isla de Maipo, dos sujetos fueron sorprendidos por funcionarios policiales manteniendo en su poder al Leer m\u00e1s","og_url":"https:\/\/diarioellabrador.cl\/index.php\/2025\/10\/21\/acusado-de-descargar-especies-robadas-desde-un-camion-debera-cumplir-61-dias-de-presidio\/","og_site_name":"Diario El Labrador","article_publisher":"https:\/\/web.facebook.com\/profile.php?id=61576120840621","article_published_time":"2025-10-21T21:36:12+00:00","article_modified_time":"2025-10-21T21:36:13+00:00","og_image":[{"width":482,"height":538,"url":"https:\/\/diarioellabrador.cl\/wp-content\/uploads\/2025\/10\/Acusado-de-descargar-especies-robadas-desde-un-camion-debera-cumplir-61-dias-de-presidio.jpg","type":"image\/jpeg"}],"author":"Editor","twitter_card":"summary_large_image","twitter_creator":"@ElLabradorOf","twitter_site":"@ElLabradorOf","twitter_misc":{"Escrito por":"Editor","Tiempo de lectura":"2 minutos"},"schema":{"@context":"https:\/\/schema.org","@graph":[{"@type":"Article","@id":"https:\/\/diarioellabrador.cl\/index.php\/2025\/10\/21\/acusado-de-descargar-especies-robadas-desde-un-camion-debera-cumplir-61-dias-de-presidio\/#article","isPartOf":{"@id":"https:\/\/diarioellabrador.cl\/index.php\/2025\/10\/21\/acusado-de-descargar-especies-robadas-desde-un-camion-debera-cumplir-61-dias-de-presidio\/"},"author":{"name":"Editor","@id":"https:\/\/diarioellabrador.cl\/#\/schema\/person\/bc25ff80b4563f9c7f4bd7855df01685"},"headline":"Acusado de descargar especies robadas desde un cami\u00f3n deber\u00e1 cumplir 61 d\u00edas de presidio","datePublished":"2025-10-21T21:36:12+00:00","dateModified":"2025-10-21T21:36:13+00:00","mainEntityOfPage":{"@id":"https:\/\/diarioellabrador.cl\/index.php\/2025\/10\/21\/acusado-de-descargar-especies-robadas-desde-un-camion-debera-cumplir-61-dias-de-presidio\/"},"wordCount":312,"commentCount":0,"publisher":{"@id":"https:\/\/diarioellabrador.cl\/#organization"},"image":{"@id":"https:\/\/diarioellabrador.cl\/index.php\/2025\/10\/21\/acusado-de-descargar-especies-robadas-desde-un-camion-debera-cumplir-61-dias-de-presidio\/#primaryimage"},"thumbnailUrl":"https:\/\/diarioellabrador.cl\/wp-content\/uploads\/2025\/10\/Acusado-de-descargar-especies-robadas-desde-un-camion-debera-cumplir-61-dias-de-presidio.jpg","articleSection":["Policial"],"inLanguage":"es","potentialAction":[{"@type":"CommentAction","name":"Comment","target":["https:\/\/diarioellabrador.cl\/index.php\/2025\/10\/21\/acusado-de-descargar-especies-robadas-desde-un-camion-debera-cumplir-61-dias-de-presidio\/#respond"]}]},{"@type":"WebPage","@id":"https:\/\/diarioellabrador.cl\/index.php\/2025\/10\/21\/acusado-de-descargar-especies-robadas-desde-un-camion-debera-cumplir-61-dias-de-presidio\/","url":"https:\/\/diarioellabrador.cl\/index.php\/2025\/10\/21\/acusado-de-descargar-especies-robadas-desde-un-camion-debera-cumplir-61-dias-de-presidio\/","name":"Acusado de descargar especies robadas desde un cami\u00f3n deber\u00e1 cumplir 61 d\u00edas de presidio - Diario El Labrador","isPartOf":{"@id":"https:\/\/diarioellabrador.cl\/#website"},"primaryImageOfPage":{"@id":"https:\/\/diarioellabrador.cl\/index.php\/2025\/10\/21\/acusado-de-descargar-especies-robadas-desde-un-camion-debera-cumplir-61-dias-de-presidio\/#primaryimage"},"image":{"@id":"https:\/\/diarioellabrador.cl\/index.php\/2025\/10\/21\/acusado-de-descargar-especies-robadas-desde-un-camion-debera-cumplir-61-dias-de-presidio\/#primaryimage"},"thumbnailUrl":"https:\/\/diarioellabrador.cl\/wp-content\/uploads\/2025\/10\/Acusado-de-descargar-especies-robadas-desde-un-camion-debera-cumplir-61-dias-de-presidio.jpg","datePublished":"2025-10-21T21:36:12+00:00","dateModified":"2025-10-21T21:36:13+00:00","breadcrumb":{"@id":"https:\/\/diarioellabrador.cl\/index.php\/2025\/10\/21\/acusado-de-descargar-especies-robadas-desde-un-camion-debera-cumplir-61-dias-de-presidio\/#breadcrumb"},"inLanguage":"es","potentialAction":[{"@type":"ReadAction","target":["https:\/\/diarioellabrador.cl\/index.php\/2025\/10\/21\/acusado-de-descargar-especies-robadas-desde-un-camion-debera-cumplir-61-dias-de-presidio\/"]}]},{"@type":"ImageObject","inLanguage":"es","@id":"https:\/\/diarioellabrador.cl\/index.php\/2025\/10\/21\/acusado-de-descargar-especies-robadas-desde-un-camion-debera-cumplir-61-dias-de-presidio\/#primaryimage","url":"https:\/\/diarioellabrador.cl\/wp-content\/uploads\/2025\/10\/Acusado-de-descargar-especies-robadas-desde-un-camion-debera-cumplir-61-dias-de-presidio.jpg","contentUrl":"https:\/\/diarioellabrador.cl\/wp-content\/uploads\/2025\/10\/Acusado-de-descargar-especies-robadas-desde-un-camion-debera-cumplir-61-dias-de-presidio.jpg","width":482,"height":538},{"@type":"BreadcrumbList","@id":"https:\/\/diarioellabrador.cl\/index.php\/2025\/10\/21\/acusado-de-descargar-especies-robadas-desde-un-camion-debera-cumplir-61-dias-de-presidio\/#breadcrumb","itemListElement":[{"@type":"ListItem","position":1,"name":"Portada","item":"https:\/\/diarioellabrador.cl\/"},{"@type":"ListItem","position":2,"name":"Acusado de descargar especies robadas desde un cami\u00f3n deber\u00e1 cumplir 61 d\u00edas de presidio"}]},{"@type":"WebSite","@id":"https:\/\/diarioellabrador.cl\/#website","url":"https:\/\/diarioellabrador.cl\/","name":"Diario El Labrador","description":"Haciendo noticia desde 1921","publisher":{"@id":"https:\/\/diarioellabrador.cl\/#organization"},"potentialAction":[{"@type":"SearchAction","target":{"@type":"EntryPoint","urlTemplate":"https:\/\/diarioellabrador.cl\/?s={search_term_string}"},"query-input":{"@type":"PropertyValueSpecification","valueRequired":true,"valueName":"search_term_string"}}],"inLanguage":"es"},{"@type":"Organization","@id":"https:\/\/diarioellabrador.cl\/#organization","name":"Diario El Labrador","url":"https:\/\/diarioellabrador.cl\/","logo":{"@type":"ImageObject","inLanguage":"es","@id":"https:\/\/diarioellabrador.cl\/#\/schema\/logo\/image\/","url":"https:\/\/diarioellabrador.cl\/wp-content\/uploads\/2025\/02\/cropped-Logo-Icono.png","contentUrl":"https:\/\/diarioellabrador.cl\/wp-content\/uploads\/2025\/02\/cropped-Logo-Icono.png","width":512,"height":512,"caption":"Diario El Labrador"},"image":{"@id":"https:\/\/diarioellabrador.cl\/#\/schema\/logo\/image\/"},"sameAs":["https:\/\/web.facebook.com\/profile.php?id=61576120840621","https:\/\/x.com\/ElLabradorOf","https:\/\/www.instagram.com\/diarioellabradoroficial\/"]},{"@type":"Person","@id":"https:\/\/diarioellabrador.cl\/#\/schema\/person\/bc25ff80b4563f9c7f4bd7855df01685","name":"Editor","image":{"@type":"ImageObject","inLanguage":"es","@id":"https:\/\/secure.gravatar.com\/avatar\/109c326cf2be5c04f048c2c2a2b8b6ef44bf3d8d1d3d4c55d0ac40c4bc994684?s=96&d=mm&r=g","url":"https:\/\/secure.gravatar.com\/avatar\/109c326cf2be5c04f048c2c2a2b8b6ef44bf3d8d1d3d4c55d0ac40c4bc994684?s=96&d=mm&r=g","contentUrl":"https:\/\/secure.gravatar.com\/avatar\/109c326cf2be5c04f048c2c2a2b8b6ef44bf3d8d1d3d4c55d0ac40c4bc994684?s=96&d=mm&r=g","caption":"Editor"},"url":"https:\/\/diarioellabrador.cl\/index.php\/author\/editor\/"}]}},"_links":{"self":[{"href":"https:\/\/diarioellabrador.cl\/index.php\/wp-json\/wp\/v2\/posts\/10231","targetHints":{"allow":["GET"]}}],"collection":[{"href":"https:\/\/diarioellabrador.cl\/index.php\/wp-json\/wp\/v2\/posts"}],"about":[{"href":"https:\/\/diarioellabrador.cl\/index.php\/wp-json\/wp\/v2\/types\/post"}],"author":[{"embeddable":true,"href":"https:\/\/diarioellabrador.cl\/index.php\/wp-json\/wp\/v2\/users\/2"}],"replies":[{"embeddable":true,"href":"https:\/\/diarioellabrador.cl\/index.php\/wp-json\/wp\/v2\/comments?post=10231"}],"version-history":[{"count":1,"href":"https:\/\/diarioellabrador.cl\/index.php\/wp-json\/wp\/v2\/posts\/10231\/revisions"}],"predecessor-version":[{"id":10232,"href":"https:\/\/diarioellabrador.cl\/index.php\/wp-json\/wp\/v2\/posts\/10231\/revisions\/10232"}],"wp:featuredmedia":[{"embeddable":true,"href":"https:\/\/diarioellabrador.cl\/index.php\/wp-json\/wp\/v2\/media\/10210"}],"wp:attachment":[{"href":"https:\/\/diarioellabrador.cl\/index.php\/wp-json\/wp\/v2\/media?parent=10231"}],"wp:term":[{"taxonomy":"category","embeddable":true,"href":"https:\/\/diarioellabrador.cl\/index.php\/wp-json\/wp\/v2\/categories?post=10231"},{"taxonomy":"post_tag","embeddable":true,"href":"https:\/\/diarioellabrador.cl\/index.php\/wp-json\/wp\/v2\/tags?post=10231"}],"curies":[{"name":"wp","href":"https:\/\/api.w.org\/{rel}","templated":true}]}}