{"id":10225,"date":"2025-10-21T17:33:27","date_gmt":"2025-10-21T21:33:27","guid":{"rendered":"https:\/\/diarioellabrador.cl\/?p=10225"},"modified":"2025-10-21T17:33:28","modified_gmt":"2025-10-21T21:33:28","slug":"francisco-moreno-y-ramiro-pavez-sumaron-un-solido-triunfo-para-palmas-de-penaflor","status":"publish","type":"post","link":"https:\/\/diarioellabrador.cl\/index.php\/2025\/10\/21\/francisco-moreno-y-ramiro-pavez-sumaron-un-solido-triunfo-para-palmas-de-penaflor\/","title":{"rendered":"Francisco Moreno y Ramiro Pavez sumaron un s\u00f3lido triunfo para Palmas de Pe\u00f1aflor"},"content":{"rendered":"\n<p><strong>Autor: <\/strong><a href=\"https:\/\/www.caballoyrodeo.cl\/portal_rodeo\/site\/artic\/20240223\/pags\/20240223201413.html\">Alejandro Alegr\u00eda Torres<\/a><\/p>\n\n\n\n<p><strong>Francisco Moreno <\/strong>y <strong>Ramiro Pavez <\/strong>sumaron este domingo un nuevo requisito para el <strong>Criadero Palmas de Pe\u00f1aflor <\/strong>luego que conquistaron el <strong>Rodeo Provincial de Un D\u00eda <\/strong>que organiz\u00f3 en <strong>Club La Pintana <\/strong>de la <strong>Asociaci\u00f3n Santiago Sur.<\/strong><\/p>\n\n\n\n<p>Moreno y P\u00e1vez fueron campeones luego que en los lomos de <strong>Canciller <\/strong>y <strong>Qu\u00e9 Tanto <\/strong>cosecharon un total de 36 puntos buenos<strong>.<\/strong><\/p>\n\n\n\n<p>P\u00e1vez coment\u00f3 a <strong>Caballoyrodeo.cl<\/strong> el triunfo diciendo: \u00abEstamos muy contentos. Fue un rodeo muy bueno, con harta competencia y estuvieron los puntos muy apretaditos, y lo bueno es que pudimos salir con la victoria nosotros\u00bb.<\/p>\n\n\n\n<p>\u00abQuedamos con ocho puntos, porque ten\u00edamos uno solo, ya que no los hab\u00edamos sacado en la Temporada Chica, corrimos la Temporada Grande en ellos no m\u00e1s. En un rodeo corrimos cuarto toro y despu\u00e9s en otros tres rodeos solamente llegamos al tercer toro, y nos falt\u00f3 m\u00e1s suerte para llegar arriba. Ahora tenemos el requisito, que es lo m\u00e1s dif\u00edcil, as\u00ed que le vamos a poner empe\u00f1o para ver si podemos lograr los otros puntos\u00bb, agreg\u00f3.<\/p>\n\n\n\n<p>Respecto a las otras parejas que corri\u00f3 el criadero en el cuarto animal, dijo: \u00abMi compa\u00f1ero (Moreno) con don &#8216;Nico&#8217; (Cardemil) quedaron terceros y llegaron a 11 puntos con requisito, as\u00ed que fue un fin de semana redondo\u00bb.<\/p>\n\n\n\n<p>Tambi\u00e9n tuvo palabras para el rodeo: \u00abEstuvo bueno, sobre todo el champion que tuvo un ganado de primera calidad. Todos los viejos atajaban, as\u00ed que no hab\u00eda que quedarse atr\u00e1s\u00bb.<\/p>\n\n\n\n<p>Por \u00faltimo, adelant\u00f3 d\u00f3nde buscar\u00e1n los puntos para completar: \u00abYo creo que vamos a esperar los rodeos que quedan de Santiago Sur, creo que quedan tres. As\u00ed que nos iremos con calma y despu\u00e9s veremos qu\u00e9 panorama nos queda\u00bb.<\/p>\n\n\n\n<p>El segundo lugar lo obtuvo el <strong>Criadero El Carmen de Nilahue <\/strong>con <strong>Pablo Baraona <\/strong>y <strong>Rufino Hern\u00e1ndez <\/strong>en <strong>No Va M\u00e1s <\/strong>y <strong>Facinante <\/strong>con 35 de los buenos.<\/p>\n\n\n\n<p>Tercero tambi\u00e9n qued\u00f3 el <strong>Criadero Palmas de Pe\u00f1aflor <\/strong>con <strong>Francisco Moreno <\/strong>y <strong>Nicol\u00e1s Cardemil <\/strong>en <strong>Peregrina II <\/strong>y <strong>Belinda <\/strong>con 34 de los grandes.<\/p>\n\n\n\n<p>Tambi\u00e9n corrieron el cuarto animal el Criadero Los Maquis con Alfonso Barrientos y Juan Pablo Gonz\u00e1lez en Rabioso y Diablura con 33 puntos; Pedro Contreras y Ra\u00fal Bast\u00edas en Gloria de Do\u00f1ihue Revoltosa y Palmas de Pe\u00f1aflor Relator con 33; y Palmas de Pe\u00f1aflor con Alfredo Moreno y Jos\u00e9 Rojas en Remache y Roto Lindo con 28. El <strong>Sello de Raza <\/strong>lo obtuvo <strong>Quil\u00e9n Alague\u00f1o<\/strong>, que fue montado por <strong>Juan Pablo Stambuk.<\/strong><\/p>\n","protected":false},"excerpt":{"rendered":"<p>Autor: Alejandro Alegr\u00eda Torres Francisco Moreno y Ramiro Pavez sumaron este domingo un nuevo requisito para el Criadero Palmas de Pe\u00f1aflor luego que conquistaron el Rodeo Provincial de Un D\u00eda que organiz\u00f3 en Club La Pintana de la Asociaci\u00f3n Santiago Sur. Moreno y P\u00e1vez fueron campeones luego que en los lomos de Canciller y Qu\u00e9<\/p>\n<div class=\"read-more-wrapper\"><a class=\"read-more\" href=\"https:\/\/diarioellabrador.cl\/index.php\/2025\/10\/21\/francisco-moreno-y-ramiro-pavez-sumaron-un-solido-triunfo-para-palmas-de-penaflor\/\" title=\"Leer m\u00e1s\"> <span class=\"button \">Leer m\u00e1s<\/span><\/a><\/div>\n","protected":false},"author":2,"featured_media":10193,"comment_status":"open","ping_status":"open","sticky":false,"template":"","format":"standard","meta":{"footnotes":""},"categories":[5],"tags":[],"class_list":["post-10225","post","type-post","status-publish","format-standard","has-post-thumbnail","hentry","category-rodeo"],"yoast_head":"<!-- This site is optimized with the Yoast SEO plugin v27.5 - https:\/\/yoast.com\/product\/yoast-seo-wordpress\/ -->\n<title>Francisco Moreno y Ramiro Pavez sumaron un s\u00f3lido triunfo para Palmas de Pe\u00f1aflor - Diario El Labrador<\/title>\n<meta name=\"robots\" content=\"index, follow, max-snippet:-1, max-image-preview:large, max-video-preview:-1\" \/>\n<link rel=\"canonical\" href=\"https:\/\/diarioellabrador.cl\/index.php\/2025\/10\/21\/francisco-moreno-y-ramiro-pavez-sumaron-un-solido-triunfo-para-palmas-de-penaflor\/\" \/>\n<meta property=\"og:locale\" content=\"es_ES\" \/>\n<meta property=\"og:type\" content=\"article\" \/>\n<meta property=\"og:title\" content=\"Francisco Moreno y Ramiro Pavez sumaron un s\u00f3lido triunfo para Palmas de Pe\u00f1aflor - Diario El Labrador\" \/>\n<meta property=\"og:description\" content=\"Autor: Alejandro Alegr\u00eda Torres Francisco Moreno y Ramiro Pavez sumaron este domingo un nuevo requisito para el Criadero Palmas de Pe\u00f1aflor luego que conquistaron el Rodeo Provincial de Un D\u00eda que organiz\u00f3 en Club La Pintana de la Asociaci\u00f3n Santiago Sur. Moreno y P\u00e1vez fueron campeones luego que en los lomos de Canciller y Qu\u00e9 Leer m\u00e1s\" \/>\n<meta property=\"og:url\" content=\"https:\/\/diarioellabrador.cl\/index.php\/2025\/10\/21\/francisco-moreno-y-ramiro-pavez-sumaron-un-solido-triunfo-para-palmas-de-penaflor\/\" \/>\n<meta property=\"og:site_name\" content=\"Diario El Labrador\" \/>\n<meta property=\"article:publisher\" content=\"https:\/\/web.facebook.com\/profile.php?id=61576120840621\" \/>\n<meta property=\"article:published_time\" content=\"2025-10-21T21:33:27+00:00\" \/>\n<meta property=\"article:modified_time\" content=\"2025-10-21T21:33:28+00:00\" \/>\n<meta property=\"og:image\" content=\"https:\/\/diarioellabrador.cl\/wp-content\/uploads\/2025\/10\/Francisco-Moreno-y-Ramiro-Pavez-sumaron-un-solido-triunfo-para-Palmas-de-Penaflor.jpg\" \/>\n\t<meta property=\"og:image:width\" content=\"750\" \/>\n\t<meta property=\"og:image:height\" content=\"389\" \/>\n\t<meta property=\"og:image:type\" content=\"image\/jpeg\" \/>\n<meta name=\"author\" content=\"Editor\" \/>\n<meta name=\"twitter:card\" content=\"summary_large_image\" \/>\n<meta name=\"twitter:creator\" content=\"@ElLabradorOf\" \/>\n<meta name=\"twitter:site\" content=\"@ElLabradorOf\" \/>\n<meta name=\"twitter:label1\" content=\"Escrito por\" \/>\n\t<meta name=\"twitter:data1\" content=\"Editor\" \/>\n\t<meta name=\"twitter:label2\" content=\"Tiempo de lectura\" \/>\n\t<meta name=\"twitter:data2\" content=\"2 minutos\" \/>\n<script type=\"application\/ld+json\" class=\"yoast-schema-graph\">{\"@context\":\"https:\\\/\\\/schema.org\",\"@graph\":[{\"@type\":\"Article\",\"@id\":\"https:\\\/\\\/diarioellabrador.cl\\\/index.php\\\/2025\\\/10\\\/21\\\/francisco-moreno-y-ramiro-pavez-sumaron-un-solido-triunfo-para-palmas-de-penaflor\\\/#article\",\"isPartOf\":{\"@id\":\"https:\\\/\\\/diarioellabrador.cl\\\/index.php\\\/2025\\\/10\\\/21\\\/francisco-moreno-y-ramiro-pavez-sumaron-un-solido-triunfo-para-palmas-de-penaflor\\\/\"},\"author\":{\"name\":\"Editor\",\"@id\":\"https:\\\/\\\/diarioellabrador.cl\\\/#\\\/schema\\\/person\\\/bc25ff80b4563f9c7f4bd7855df01685\"},\"headline\":\"Francisco Moreno y Ramiro Pavez sumaron un s\u00f3lido triunfo para Palmas de Pe\u00f1aflor\",\"datePublished\":\"2025-10-21T21:33:27+00:00\",\"dateModified\":\"2025-10-21T21:33:28+00:00\",\"mainEntityOfPage\":{\"@id\":\"https:\\\/\\\/diarioellabrador.cl\\\/index.php\\\/2025\\\/10\\\/21\\\/francisco-moreno-y-ramiro-pavez-sumaron-un-solido-triunfo-para-palmas-de-penaflor\\\/\"},\"wordCount\":449,\"commentCount\":0,\"publisher\":{\"@id\":\"https:\\\/\\\/diarioellabrador.cl\\\/#organization\"},\"image\":{\"@id\":\"https:\\\/\\\/diarioellabrador.cl\\\/index.php\\\/2025\\\/10\\\/21\\\/francisco-moreno-y-ramiro-pavez-sumaron-un-solido-triunfo-para-palmas-de-penaflor\\\/#primaryimage\"},\"thumbnailUrl\":\"https:\\\/\\\/diarioellabrador.cl\\\/wp-content\\\/uploads\\\/2025\\\/10\\\/Francisco-Moreno-y-Ramiro-Pavez-sumaron-un-solido-triunfo-para-Palmas-de-Penaflor.jpg\",\"articleSection\":[\"Rodeo\"],\"inLanguage\":\"es\",\"potentialAction\":[{\"@type\":\"CommentAction\",\"name\":\"Comment\",\"target\":[\"https:\\\/\\\/diarioellabrador.cl\\\/index.php\\\/2025\\\/10\\\/21\\\/francisco-moreno-y-ramiro-pavez-sumaron-un-solido-triunfo-para-palmas-de-penaflor\\\/#respond\"]}]},{\"@type\":\"WebPage\",\"@id\":\"https:\\\/\\\/diarioellabrador.cl\\\/index.php\\\/2025\\\/10\\\/21\\\/francisco-moreno-y-ramiro-pavez-sumaron-un-solido-triunfo-para-palmas-de-penaflor\\\/\",\"url\":\"https:\\\/\\\/diarioellabrador.cl\\\/index.php\\\/2025\\\/10\\\/21\\\/francisco-moreno-y-ramiro-pavez-sumaron-un-solido-triunfo-para-palmas-de-penaflor\\\/\",\"name\":\"Francisco Moreno y Ramiro Pavez sumaron un s\u00f3lido triunfo para Palmas de Pe\u00f1aflor - Diario El Labrador\",\"isPartOf\":{\"@id\":\"https:\\\/\\\/diarioellabrador.cl\\\/#website\"},\"primaryImageOfPage\":{\"@id\":\"https:\\\/\\\/diarioellabrador.cl\\\/index.php\\\/2025\\\/10\\\/21\\\/francisco-moreno-y-ramiro-pavez-sumaron-un-solido-triunfo-para-palmas-de-penaflor\\\/#primaryimage\"},\"image\":{\"@id\":\"https:\\\/\\\/diarioellabrador.cl\\\/index.php\\\/2025\\\/10\\\/21\\\/francisco-moreno-y-ramiro-pavez-sumaron-un-solido-triunfo-para-palmas-de-penaflor\\\/#primaryimage\"},\"thumbnailUrl\":\"https:\\\/\\\/diarioellabrador.cl\\\/wp-content\\\/uploads\\\/2025\\\/10\\\/Francisco-Moreno-y-Ramiro-Pavez-sumaron-un-solido-triunfo-para-Palmas-de-Penaflor.jpg\",\"datePublished\":\"2025-10-21T21:33:27+00:00\",\"dateModified\":\"2025-10-21T21:33:28+00:00\",\"breadcrumb\":{\"@id\":\"https:\\\/\\\/diarioellabrador.cl\\\/index.php\\\/2025\\\/10\\\/21\\\/francisco-moreno-y-ramiro-pavez-sumaron-un-solido-triunfo-para-palmas-de-penaflor\\\/#breadcrumb\"},\"inLanguage\":\"es\",\"potentialAction\":[{\"@type\":\"ReadAction\",\"target\":[\"https:\\\/\\\/diarioellabrador.cl\\\/index.php\\\/2025\\\/10\\\/21\\\/francisco-moreno-y-ramiro-pavez-sumaron-un-solido-triunfo-para-palmas-de-penaflor\\\/\"]}]},{\"@type\":\"ImageObject\",\"inLanguage\":\"es\",\"@id\":\"https:\\\/\\\/diarioellabrador.cl\\\/index.php\\\/2025\\\/10\\\/21\\\/francisco-moreno-y-ramiro-pavez-sumaron-un-solido-triunfo-para-palmas-de-penaflor\\\/#primaryimage\",\"url\":\"https:\\\/\\\/diarioellabrador.cl\\\/wp-content\\\/uploads\\\/2025\\\/10\\\/Francisco-Moreno-y-Ramiro-Pavez-sumaron-un-solido-triunfo-para-Palmas-de-Penaflor.jpg\",\"contentUrl\":\"https:\\\/\\\/diarioellabrador.cl\\\/wp-content\\\/uploads\\\/2025\\\/10\\\/Francisco-Moreno-y-Ramiro-Pavez-sumaron-un-solido-triunfo-para-Palmas-de-Penaflor.jpg\",\"width\":750,\"height\":389},{\"@type\":\"BreadcrumbList\",\"@id\":\"https:\\\/\\\/diarioellabrador.cl\\\/index.php\\\/2025\\\/10\\\/21\\\/francisco-moreno-y-ramiro-pavez-sumaron-un-solido-triunfo-para-palmas-de-penaflor\\\/#breadcrumb\",\"itemListElement\":[{\"@type\":\"ListItem\",\"position\":1,\"name\":\"Portada\",\"item\":\"https:\\\/\\\/diarioellabrador.cl\\\/\"},{\"@type\":\"ListItem\",\"position\":2,\"name\":\"Francisco Moreno y Ramiro Pavez sumaron un s\u00f3lido triunfo para Palmas de Pe\u00f1aflor\"}]},{\"@type\":\"WebSite\",\"@id\":\"https:\\\/\\\/diarioellabrador.cl\\\/#website\",\"url\":\"https:\\\/\\\/diarioellabrador.cl\\\/\",\"name\":\"Diario El Labrador\",\"description\":\"Haciendo noticia desde 1921\",\"publisher\":{\"@id\":\"https:\\\/\\\/diarioellabrador.cl\\\/#organization\"},\"potentialAction\":[{\"@type\":\"SearchAction\",\"target\":{\"@type\":\"EntryPoint\",\"urlTemplate\":\"https:\\\/\\\/diarioellabrador.cl\\\/?s={search_term_string}\"},\"query-input\":{\"@type\":\"PropertyValueSpecification\",\"valueRequired\":true,\"valueName\":\"search_term_string\"}}],\"inLanguage\":\"es\"},{\"@type\":\"Organization\",\"@id\":\"https:\\\/\\\/diarioellabrador.cl\\\/#organization\",\"name\":\"Diario El Labrador\",\"url\":\"https:\\\/\\\/diarioellabrador.cl\\\/\",\"logo\":{\"@type\":\"ImageObject\",\"inLanguage\":\"es\",\"@id\":\"https:\\\/\\\/diarioellabrador.cl\\\/#\\\/schema\\\/logo\\\/image\\\/\",\"url\":\"https:\\\/\\\/diarioellabrador.cl\\\/wp-content\\\/uploads\\\/2025\\\/02\\\/cropped-Logo-Icono.png\",\"contentUrl\":\"https:\\\/\\\/diarioellabrador.cl\\\/wp-content\\\/uploads\\\/2025\\\/02\\\/cropped-Logo-Icono.png\",\"width\":512,\"height\":512,\"caption\":\"Diario El Labrador\"},\"image\":{\"@id\":\"https:\\\/\\\/diarioellabrador.cl\\\/#\\\/schema\\\/logo\\\/image\\\/\"},\"sameAs\":[\"https:\\\/\\\/web.facebook.com\\\/profile.php?id=61576120840621\",\"https:\\\/\\\/x.com\\\/ElLabradorOf\",\"https:\\\/\\\/www.instagram.com\\\/diarioellabradoroficial\\\/\"]},{\"@type\":\"Person\",\"@id\":\"https:\\\/\\\/diarioellabrador.cl\\\/#\\\/schema\\\/person\\\/bc25ff80b4563f9c7f4bd7855df01685\",\"name\":\"Editor\",\"image\":{\"@type\":\"ImageObject\",\"inLanguage\":\"es\",\"@id\":\"https:\\\/\\\/secure.gravatar.com\\\/avatar\\\/109c326cf2be5c04f048c2c2a2b8b6ef44bf3d8d1d3d4c55d0ac40c4bc994684?s=96&d=mm&r=g\",\"url\":\"https:\\\/\\\/secure.gravatar.com\\\/avatar\\\/109c326cf2be5c04f048c2c2a2b8b6ef44bf3d8d1d3d4c55d0ac40c4bc994684?s=96&d=mm&r=g\",\"contentUrl\":\"https:\\\/\\\/secure.gravatar.com\\\/avatar\\\/109c326cf2be5c04f048c2c2a2b8b6ef44bf3d8d1d3d4c55d0ac40c4bc994684?s=96&d=mm&r=g\",\"caption\":\"Editor\"},\"url\":\"https:\\\/\\\/diarioellabrador.cl\\\/index.php\\\/author\\\/editor\\\/\"}]}<\/script>\n<!-- \/ Yoast SEO plugin. -->","yoast_head_json":{"title":"Francisco Moreno y Ramiro Pavez sumaron un s\u00f3lido triunfo para Palmas de Pe\u00f1aflor - Diario El Labrador","robots":{"index":"index","follow":"follow","max-snippet":"max-snippet:-1","max-image-preview":"max-image-preview:large","max-video-preview":"max-video-preview:-1"},"canonical":"https:\/\/diarioellabrador.cl\/index.php\/2025\/10\/21\/francisco-moreno-y-ramiro-pavez-sumaron-un-solido-triunfo-para-palmas-de-penaflor\/","og_locale":"es_ES","og_type":"article","og_title":"Francisco Moreno y Ramiro Pavez sumaron un s\u00f3lido triunfo para Palmas de Pe\u00f1aflor - Diario El Labrador","og_description":"Autor: Alejandro Alegr\u00eda Torres Francisco Moreno y Ramiro Pavez sumaron este domingo un nuevo requisito para el Criadero Palmas de Pe\u00f1aflor luego que conquistaron el Rodeo Provincial de Un D\u00eda que organiz\u00f3 en Club La Pintana de la Asociaci\u00f3n Santiago Sur. Moreno y P\u00e1vez fueron campeones luego que en los lomos de Canciller y Qu\u00e9 Leer m\u00e1s","og_url":"https:\/\/diarioellabrador.cl\/index.php\/2025\/10\/21\/francisco-moreno-y-ramiro-pavez-sumaron-un-solido-triunfo-para-palmas-de-penaflor\/","og_site_name":"Diario El Labrador","article_publisher":"https:\/\/web.facebook.com\/profile.php?id=61576120840621","article_published_time":"2025-10-21T21:33:27+00:00","article_modified_time":"2025-10-21T21:33:28+00:00","og_image":[{"width":750,"height":389,"url":"https:\/\/diarioellabrador.cl\/wp-content\/uploads\/2025\/10\/Francisco-Moreno-y-Ramiro-Pavez-sumaron-un-solido-triunfo-para-Palmas-de-Penaflor.jpg","type":"image\/jpeg"}],"author":"Editor","twitter_card":"summary_large_image","twitter_creator":"@ElLabradorOf","twitter_site":"@ElLabradorOf","twitter_misc":{"Escrito por":"Editor","Tiempo de lectura":"2 minutos"},"schema":{"@context":"https:\/\/schema.org","@graph":[{"@type":"Article","@id":"https:\/\/diarioellabrador.cl\/index.php\/2025\/10\/21\/francisco-moreno-y-ramiro-pavez-sumaron-un-solido-triunfo-para-palmas-de-penaflor\/#article","isPartOf":{"@id":"https:\/\/diarioellabrador.cl\/index.php\/2025\/10\/21\/francisco-moreno-y-ramiro-pavez-sumaron-un-solido-triunfo-para-palmas-de-penaflor\/"},"author":{"name":"Editor","@id":"https:\/\/diarioellabrador.cl\/#\/schema\/person\/bc25ff80b4563f9c7f4bd7855df01685"},"headline":"Francisco Moreno y Ramiro Pavez sumaron un s\u00f3lido triunfo para Palmas de Pe\u00f1aflor","datePublished":"2025-10-21T21:33:27+00:00","dateModified":"2025-10-21T21:33:28+00:00","mainEntityOfPage":{"@id":"https:\/\/diarioellabrador.cl\/index.php\/2025\/10\/21\/francisco-moreno-y-ramiro-pavez-sumaron-un-solido-triunfo-para-palmas-de-penaflor\/"},"wordCount":449,"commentCount":0,"publisher":{"@id":"https:\/\/diarioellabrador.cl\/#organization"},"image":{"@id":"https:\/\/diarioellabrador.cl\/index.php\/2025\/10\/21\/francisco-moreno-y-ramiro-pavez-sumaron-un-solido-triunfo-para-palmas-de-penaflor\/#primaryimage"},"thumbnailUrl":"https:\/\/diarioellabrador.cl\/wp-content\/uploads\/2025\/10\/Francisco-Moreno-y-Ramiro-Pavez-sumaron-un-solido-triunfo-para-Palmas-de-Penaflor.jpg","articleSection":["Rodeo"],"inLanguage":"es","potentialAction":[{"@type":"CommentAction","name":"Comment","target":["https:\/\/diarioellabrador.cl\/index.php\/2025\/10\/21\/francisco-moreno-y-ramiro-pavez-sumaron-un-solido-triunfo-para-palmas-de-penaflor\/#respond"]}]},{"@type":"WebPage","@id":"https:\/\/diarioellabrador.cl\/index.php\/2025\/10\/21\/francisco-moreno-y-ramiro-pavez-sumaron-un-solido-triunfo-para-palmas-de-penaflor\/","url":"https:\/\/diarioellabrador.cl\/index.php\/2025\/10\/21\/francisco-moreno-y-ramiro-pavez-sumaron-un-solido-triunfo-para-palmas-de-penaflor\/","name":"Francisco Moreno y Ramiro Pavez sumaron un s\u00f3lido triunfo para Palmas de Pe\u00f1aflor - Diario El Labrador","isPartOf":{"@id":"https:\/\/diarioellabrador.cl\/#website"},"primaryImageOfPage":{"@id":"https:\/\/diarioellabrador.cl\/index.php\/2025\/10\/21\/francisco-moreno-y-ramiro-pavez-sumaron-un-solido-triunfo-para-palmas-de-penaflor\/#primaryimage"},"image":{"@id":"https:\/\/diarioellabrador.cl\/index.php\/2025\/10\/21\/francisco-moreno-y-ramiro-pavez-sumaron-un-solido-triunfo-para-palmas-de-penaflor\/#primaryimage"},"thumbnailUrl":"https:\/\/diarioellabrador.cl\/wp-content\/uploads\/2025\/10\/Francisco-Moreno-y-Ramiro-Pavez-sumaron-un-solido-triunfo-para-Palmas-de-Penaflor.jpg","datePublished":"2025-10-21T21:33:27+00:00","dateModified":"2025-10-21T21:33:28+00:00","breadcrumb":{"@id":"https:\/\/diarioellabrador.cl\/index.php\/2025\/10\/21\/francisco-moreno-y-ramiro-pavez-sumaron-un-solido-triunfo-para-palmas-de-penaflor\/#breadcrumb"},"inLanguage":"es","potentialAction":[{"@type":"ReadAction","target":["https:\/\/diarioellabrador.cl\/index.php\/2025\/10\/21\/francisco-moreno-y-ramiro-pavez-sumaron-un-solido-triunfo-para-palmas-de-penaflor\/"]}]},{"@type":"ImageObject","inLanguage":"es","@id":"https:\/\/diarioellabrador.cl\/index.php\/2025\/10\/21\/francisco-moreno-y-ramiro-pavez-sumaron-un-solido-triunfo-para-palmas-de-penaflor\/#primaryimage","url":"https:\/\/diarioellabrador.cl\/wp-content\/uploads\/2025\/10\/Francisco-Moreno-y-Ramiro-Pavez-sumaron-un-solido-triunfo-para-Palmas-de-Penaflor.jpg","contentUrl":"https:\/\/diarioellabrador.cl\/wp-content\/uploads\/2025\/10\/Francisco-Moreno-y-Ramiro-Pavez-sumaron-un-solido-triunfo-para-Palmas-de-Penaflor.jpg","width":750,"height":389},{"@type":"BreadcrumbList","@id":"https:\/\/diarioellabrador.cl\/index.php\/2025\/10\/21\/francisco-moreno-y-ramiro-pavez-sumaron-un-solido-triunfo-para-palmas-de-penaflor\/#breadcrumb","itemListElement":[{"@type":"ListItem","position":1,"name":"Portada","item":"https:\/\/diarioellabrador.cl\/"},{"@type":"ListItem","position":2,"name":"Francisco Moreno y Ramiro Pavez sumaron un s\u00f3lido triunfo para Palmas de Pe\u00f1aflor"}]},{"@type":"WebSite","@id":"https:\/\/diarioellabrador.cl\/#website","url":"https:\/\/diarioellabrador.cl\/","name":"Diario El Labrador","description":"Haciendo noticia desde 1921","publisher":{"@id":"https:\/\/diarioellabrador.cl\/#organization"},"potentialAction":[{"@type":"SearchAction","target":{"@type":"EntryPoint","urlTemplate":"https:\/\/diarioellabrador.cl\/?s={search_term_string}"},"query-input":{"@type":"PropertyValueSpecification","valueRequired":true,"valueName":"search_term_string"}}],"inLanguage":"es"},{"@type":"Organization","@id":"https:\/\/diarioellabrador.cl\/#organization","name":"Diario El Labrador","url":"https:\/\/diarioellabrador.cl\/","logo":{"@type":"ImageObject","inLanguage":"es","@id":"https:\/\/diarioellabrador.cl\/#\/schema\/logo\/image\/","url":"https:\/\/diarioellabrador.cl\/wp-content\/uploads\/2025\/02\/cropped-Logo-Icono.png","contentUrl":"https:\/\/diarioellabrador.cl\/wp-content\/uploads\/2025\/02\/cropped-Logo-Icono.png","width":512,"height":512,"caption":"Diario El Labrador"},"image":{"@id":"https:\/\/diarioellabrador.cl\/#\/schema\/logo\/image\/"},"sameAs":["https:\/\/web.facebook.com\/profile.php?id=61576120840621","https:\/\/x.com\/ElLabradorOf","https:\/\/www.instagram.com\/diarioellabradoroficial\/"]},{"@type":"Person","@id":"https:\/\/diarioellabrador.cl\/#\/schema\/person\/bc25ff80b4563f9c7f4bd7855df01685","name":"Editor","image":{"@type":"ImageObject","inLanguage":"es","@id":"https:\/\/secure.gravatar.com\/avatar\/109c326cf2be5c04f048c2c2a2b8b6ef44bf3d8d1d3d4c55d0ac40c4bc994684?s=96&d=mm&r=g","url":"https:\/\/secure.gravatar.com\/avatar\/109c326cf2be5c04f048c2c2a2b8b6ef44bf3d8d1d3d4c55d0ac40c4bc994684?s=96&d=mm&r=g","contentUrl":"https:\/\/secure.gravatar.com\/avatar\/109c326cf2be5c04f048c2c2a2b8b6ef44bf3d8d1d3d4c55d0ac40c4bc994684?s=96&d=mm&r=g","caption":"Editor"},"url":"https:\/\/diarioellabrador.cl\/index.php\/author\/editor\/"}]}},"_links":{"self":[{"href":"https:\/\/diarioellabrador.cl\/index.php\/wp-json\/wp\/v2\/posts\/10225","targetHints":{"allow":["GET"]}}],"collection":[{"href":"https:\/\/diarioellabrador.cl\/index.php\/wp-json\/wp\/v2\/posts"}],"about":[{"href":"https:\/\/diarioellabrador.cl\/index.php\/wp-json\/wp\/v2\/types\/post"}],"author":[{"embeddable":true,"href":"https:\/\/diarioellabrador.cl\/index.php\/wp-json\/wp\/v2\/users\/2"}],"replies":[{"embeddable":true,"href":"https:\/\/diarioellabrador.cl\/index.php\/wp-json\/wp\/v2\/comments?post=10225"}],"version-history":[{"count":1,"href":"https:\/\/diarioellabrador.cl\/index.php\/wp-json\/wp\/v2\/posts\/10225\/revisions"}],"predecessor-version":[{"id":10226,"href":"https:\/\/diarioellabrador.cl\/index.php\/wp-json\/wp\/v2\/posts\/10225\/revisions\/10226"}],"wp:featuredmedia":[{"embeddable":true,"href":"https:\/\/diarioellabrador.cl\/index.php\/wp-json\/wp\/v2\/media\/10193"}],"wp:attachment":[{"href":"https:\/\/diarioellabrador.cl\/index.php\/wp-json\/wp\/v2\/media?parent=10225"}],"wp:term":[{"taxonomy":"category","embeddable":true,"href":"https:\/\/diarioellabrador.cl\/index.php\/wp-json\/wp\/v2\/categories?post=10225"},{"taxonomy":"post_tag","embeddable":true,"href":"https:\/\/diarioellabrador.cl\/index.php\/wp-json\/wp\/v2\/tags?post=10225"}],"curies":[{"name":"wp","href":"https:\/\/api.w.org\/{rel}","templated":true}]}}