{"id":10223,"date":"2025-10-21T17:32:48","date_gmt":"2025-10-21T21:32:48","guid":{"rendered":"https:\/\/diarioellabrador.cl\/?p=10223"},"modified":"2025-10-21T17:32:49","modified_gmt":"2025-10-21T21:32:49","slug":"a-dias-de-partir-a-europa-el-camino-del-caballo-chileno-al-mundial-de-enganche-2027","status":"publish","type":"post","link":"https:\/\/diarioellabrador.cl\/index.php\/2025\/10\/21\/a-dias-de-partir-a-europa-el-camino-del-caballo-chileno-al-mundial-de-enganche-2027\/","title":{"rendered":"\u00a1A d\u00edas de partir a Europa! El camino del Caballo Chileno al Mundial de Enganche 2027"},"content":{"rendered":"\n<p><strong>Autor: <\/strong><a href=\"https:\/\/www.caballoyrodeo.cl\/portal_rodeo\/site\/artic\/20240205\/pags\/20240205103254.html\">H\u00e9ctor Parraguirre Jara<\/a><\/p>\n\n\n\n<p>El 26 de octubre viajar\u00e1n a Europa seis caballos chilenos, que fueron seleccionados luego de un largo proceso, creado por <strong>Jos\u00e9 Miguel Guzm\u00e1n<\/strong> y apoyado por la <strong>Federaci\u00f3n Criadores de Caballos Raza Chilena<\/strong>, con la intenci\u00f3n de clasificarlos para el <a href=\"https:\/\/capurachi.cl\/\"><strong>Mundial de Enganche 2027<\/strong><\/a> que se realizar\u00e1 en Dinamarca.<\/p>\n\n\n\n<p><strong>Palmas de Pe\u00f1aflor Ricach\u00f3n<\/strong> (Regal\u00f3n-Camarera), <strong>Santa Ana Pulento<\/strong> (Estupendo-Remesa), <strong>La Bandera Estanquero<\/strong> (Topeando-T\u00eda Viva), <strong>Lo Miranda Valioso (<\/strong>Qu\u00e9 Pinta-Hierbatera), <strong>Rinconada de los R\u00edos Don Telo<\/strong> (Cucal\u00f3n-Aguina) y <strong>Santa Isabel Artesano<\/strong> (Justiciero y Ocasi\u00f3n) son los ejemplares que continuar\u00e1n su preparaci\u00f3n en el viejo continente participando en competencias a realizarse en diferentes pa\u00edses.<\/p>\n\n\n\n<p><strong>Grete Ruber<\/strong>, productora ejecutiva de este proyecto, coment\u00f3 en el programa <a href=\"https:\/\/www.youtube.com\/watch?v=rRXQjtflD9w\"><strong>\u00abRaza Chilena\u00bb<\/strong><\/a> su origen en entrevista con el programa Raza Chilena, donde estuvo acompa\u00f1ada por el cochero <strong>Luis Tello<\/strong> durante el desarrollo del Campeonato Nacional de Enganche, en Requinoa. &nbsp;&nbsp;<\/p>\n\n\n\n<p>\u00abEl caballo chileno para nosotros es una joya, que la tenemos bastante escondida. Cuando el caballo chileno empez\u00f3 a ir a Europa a competir, los europeos empezaron a mirarlo y se preguntaron de d\u00f3nde era este caballo tan d\u00f3cil, tan manso, tan valiente, de buena cabeza. Jos\u00e9 Miguel Guzm\u00e1n, el primero que llev\u00f3 este caballo a la competencia afuera, se dio cuenta que no nos conoc\u00edan, no sab\u00edan que los caballos eran chilenos. M\u00e1s encima, con los cocheros vestidos de huaso, causaba m\u00e1s impresi\u00f3n. As\u00ed que fueron preguntando m\u00e1s sobre la raza y se sorprendieron cuando Jos\u00e9 Miguel les coment\u00f3 que tenemos el registro geneal\u00f3gico m\u00e1s antiguo de Am\u00e9rica\u00bb, se\u00f1al\u00f3.<\/p>\n\n\n\n<p>\u00abEl caballo chileno caus\u00f3 muy buena impresi\u00f3n en todas las competencias, eran incre\u00edbles los resultados que ten\u00edan. Y ah\u00ed naci\u00f3 esta idea de mostrar la joyita que tenemos aqu\u00ed en Chile, de mostrarla en Europa, luego que tanta gente lo haya visto y preguntado por \u00e9l\u00bb, agreg\u00f3.<\/p>\n\n\n\n<p>Hablando del proyecto mismo, que tuvo su lanzamiento hace poco en el <strong>Criadero y Cochera Lo Campino<\/strong>, de Jos\u00e9 Miguel Guzm\u00e1n, la tambi\u00e9n jurado de Enganche cont\u00f3 los pasos que se han dado para llegar al viaje del 26 de octubre.<\/p>\n\n\n\n<p>\u00abEste proyecto se viene trabajando hace m\u00e1s de un a\u00f1o. Tuvimos que hacer un largo recorrido, primero para escoger los ejemplares m\u00e1s aptos para esta disciplina y no tan solo que fuesen aptos, sino que tambi\u00e9n armoniosos, porque hay un mont\u00f3n de cosas que se eval\u00faan afuera. Se revisaron m\u00e1s de 50 caballos y se escogieron ocho, que se fueron entrenando durante este a\u00f1o por Luis Tello con la ayuda de un profesor en Europa (<strong>Edouard Simonet<\/strong>), gracias a la tecnolog\u00eda tambi\u00e9n, porque \u00e9l desde Espa\u00f1a pod\u00eda ir viendo lo que Luis estaba haciendo con cada uno de los ejemplares\u00bb, explic\u00f3.<\/p>\n\n\n\n<p>\u00abSe fueron entrenando para ver cu\u00e1les \u00edbamos a escoger y elegimos seis para esta aventura en Europa, donde asistir\u00e1n a varios eventos, siguiendo su entrenamiento all\u00e1, para finalmente, en agosto de 2027, poder participar del Mundial en Dinamarca. Hay que clasificar al Mundial, hay que tener cierta cantidad de puntaje para poder llegar. En este caso, nosotros vamos a enganchar cuatro caballos\u00bb, a\u00f1adi\u00f3.<\/p>\n\n\n\n<p>Grete Ruber detall\u00f3 que las competencias ser\u00e1n en \u00abEspa\u00f1a, Holanda, Francia. En el fondo es un tour que hacen por toda Europa, que felizmente es muy f\u00e1cil hacer, porque todo queda relativamente cerca, as\u00ed que vamos a tratar de competir en la mayor cantidad de competencias que dan puntos para poder viajar a Dinamarca\u00bb.<\/p>\n\n\n\n<p>Adem\u00e1s, consider\u00f3 que la clasificaci\u00f3n al Mundial es muy factible, porque \u00aben todas las competencias en que hemos participado anteriormente, ya sean importantes o m\u00e1s locales, el caballo chileno siempre ha estado entre los primeros cinco o seis lugares\u00bb.<\/p>\n\n\n\n<p>El cochero <strong>Luis Tello,<\/strong> que ha participado en la preparaci\u00f3n de los ejemplares en Lo Campino, entreg\u00f3 su mirada acerca de este proyecto.<\/p>\n\n\n\n<p>\u00abEs un proyecto muy bonito, tengo harta fe que esto va a ser un \u00e9xito, conociendo a nuestro caballo y con la experiencia que hemos tenido obteniendo buenos resultados con los caballos chilenos ac\u00e1 y en Europa. As\u00ed que lo miro con optimismo y tengo harta confianza que esto va a ser un \u00e9xito\u00bb, manifest\u00f3.<\/p>\n\n\n\n<p>Tello indic\u00f3 las cualidades que tiene el Caballo Chileno para desarrollarse en esta disciplina.<\/p>\n\n\n\n<p>\u00abLo fuerte del Caballo Chileno es el marat\u00f3n y las pruebas de conos, porque es un caballo muy r\u00e1pido, muy \u00e1gil, que vuelve en espacios muy reducidos. En Europa, no hay caballos que hagan estos ejercicios as\u00ed. En las competencias a las que me toc\u00f3 ir en Europa, quedaron admirados por el caballo chileno, por su rapidez, por su buena boca y su fuerza\u00bb, relat\u00f3.<\/p>\n\n\n\n<p>Y con respecto a los seis caballos seleccionados, se mostr\u00f3 muy conforme.<\/p>\n\n\n\n<p>\u00abYo los comenc\u00e9 a preparar con ayuda de Edouard. Estamos muy contentos, creo que los caballos est\u00e1n muy bien elegidos\u00bb, apunt\u00f3.<\/p>\n","protected":false},"excerpt":{"rendered":"<p>Autor: H\u00e9ctor Parraguirre Jara El 26 de octubre viajar\u00e1n a Europa seis caballos chilenos, que fueron seleccionados luego de un largo proceso, creado por Jos\u00e9 Miguel Guzm\u00e1n y apoyado por la Federaci\u00f3n Criadores de Caballos Raza Chilena, con la intenci\u00f3n de clasificarlos para el Mundial de Enganche 2027 que se realizar\u00e1 en Dinamarca. Palmas de<\/p>\n<div class=\"read-more-wrapper\"><a class=\"read-more\" href=\"https:\/\/diarioellabrador.cl\/index.php\/2025\/10\/21\/a-dias-de-partir-a-europa-el-camino-del-caballo-chileno-al-mundial-de-enganche-2027\/\" title=\"Leer m\u00e1s\"> <span class=\"button \">Leer m\u00e1s<\/span><\/a><\/div>\n","protected":false},"author":2,"featured_media":10192,"comment_status":"open","ping_status":"open","sticky":false,"template":"","format":"standard","meta":{"footnotes":""},"categories":[5],"tags":[],"class_list":["post-10223","post","type-post","status-publish","format-standard","has-post-thumbnail","hentry","category-rodeo"],"yoast_head":"<!-- This site is optimized with the Yoast SEO plugin v27.5 - https:\/\/yoast.com\/product\/yoast-seo-wordpress\/ -->\n<title>\u00a1A d\u00edas de partir a Europa! El camino del Caballo Chileno al Mundial de Enganche 2027 - Diario El Labrador<\/title>\n<meta name=\"robots\" content=\"index, follow, max-snippet:-1, max-image-preview:large, max-video-preview:-1\" \/>\n<link rel=\"canonical\" href=\"https:\/\/diarioellabrador.cl\/index.php\/2025\/10\/21\/a-dias-de-partir-a-europa-el-camino-del-caballo-chileno-al-mundial-de-enganche-2027\/\" \/>\n<meta property=\"og:locale\" content=\"es_ES\" \/>\n<meta property=\"og:type\" content=\"article\" \/>\n<meta property=\"og:title\" content=\"\u00a1A d\u00edas de partir a Europa! El camino del Caballo Chileno al Mundial de Enganche 2027 - Diario El Labrador\" \/>\n<meta property=\"og:description\" content=\"Autor: H\u00e9ctor Parraguirre Jara El 26 de octubre viajar\u00e1n a Europa seis caballos chilenos, que fueron seleccionados luego de un largo proceso, creado por Jos\u00e9 Miguel Guzm\u00e1n y apoyado por la Federaci\u00f3n Criadores de Caballos Raza Chilena, con la intenci\u00f3n de clasificarlos para el Mundial de Enganche 2027 que se realizar\u00e1 en Dinamarca. Palmas de Leer m\u00e1s\" \/>\n<meta property=\"og:url\" content=\"https:\/\/diarioellabrador.cl\/index.php\/2025\/10\/21\/a-dias-de-partir-a-europa-el-camino-del-caballo-chileno-al-mundial-de-enganche-2027\/\" \/>\n<meta property=\"og:site_name\" content=\"Diario El Labrador\" \/>\n<meta property=\"article:publisher\" content=\"https:\/\/web.facebook.com\/profile.php?id=61576120840621\" \/>\n<meta property=\"article:published_time\" content=\"2025-10-21T21:32:48+00:00\" \/>\n<meta property=\"article:modified_time\" content=\"2025-10-21T21:32:49+00:00\" \/>\n<meta property=\"og:image\" content=\"https:\/\/diarioellabrador.cl\/wp-content\/uploads\/2025\/10\/\u00a1A-dias-de-partir-a-Europa-El-camino-del-Caballo-Chileno-al-Mundial-de-Enganche-2027.jpg\" \/>\n\t<meta property=\"og:image:width\" content=\"750\" \/>\n\t<meta property=\"og:image:height\" content=\"389\" \/>\n\t<meta property=\"og:image:type\" content=\"image\/jpeg\" \/>\n<meta name=\"author\" content=\"Editor\" \/>\n<meta name=\"twitter:card\" content=\"summary_large_image\" \/>\n<meta name=\"twitter:creator\" content=\"@ElLabradorOf\" \/>\n<meta name=\"twitter:site\" content=\"@ElLabradorOf\" \/>\n<meta name=\"twitter:label1\" content=\"Escrito por\" \/>\n\t<meta name=\"twitter:data1\" content=\"Editor\" \/>\n\t<meta name=\"twitter:label2\" content=\"Tiempo de lectura\" \/>\n\t<meta name=\"twitter:data2\" content=\"4 minutos\" \/>\n<script type=\"application\/ld+json\" class=\"yoast-schema-graph\">{\"@context\":\"https:\\\/\\\/schema.org\",\"@graph\":[{\"@type\":\"Article\",\"@id\":\"https:\\\/\\\/diarioellabrador.cl\\\/index.php\\\/2025\\\/10\\\/21\\\/a-dias-de-partir-a-europa-el-camino-del-caballo-chileno-al-mundial-de-enganche-2027\\\/#article\",\"isPartOf\":{\"@id\":\"https:\\\/\\\/diarioellabrador.cl\\\/index.php\\\/2025\\\/10\\\/21\\\/a-dias-de-partir-a-europa-el-camino-del-caballo-chileno-al-mundial-de-enganche-2027\\\/\"},\"author\":{\"name\":\"Editor\",\"@id\":\"https:\\\/\\\/diarioellabrador.cl\\\/#\\\/schema\\\/person\\\/bc25ff80b4563f9c7f4bd7855df01685\"},\"headline\":\"\u00a1A d\u00edas de partir a Europa! El camino del Caballo Chileno al Mundial de Enganche 2027\",\"datePublished\":\"2025-10-21T21:32:48+00:00\",\"dateModified\":\"2025-10-21T21:32:49+00:00\",\"mainEntityOfPage\":{\"@id\":\"https:\\\/\\\/diarioellabrador.cl\\\/index.php\\\/2025\\\/10\\\/21\\\/a-dias-de-partir-a-europa-el-camino-del-caballo-chileno-al-mundial-de-enganche-2027\\\/\"},\"wordCount\":862,\"commentCount\":0,\"publisher\":{\"@id\":\"https:\\\/\\\/diarioellabrador.cl\\\/#organization\"},\"image\":{\"@id\":\"https:\\\/\\\/diarioellabrador.cl\\\/index.php\\\/2025\\\/10\\\/21\\\/a-dias-de-partir-a-europa-el-camino-del-caballo-chileno-al-mundial-de-enganche-2027\\\/#primaryimage\"},\"thumbnailUrl\":\"https:\\\/\\\/diarioellabrador.cl\\\/wp-content\\\/uploads\\\/2025\\\/10\\\/\u00a1A-dias-de-partir-a-Europa-El-camino-del-Caballo-Chileno-al-Mundial-de-Enganche-2027.jpg\",\"articleSection\":[\"Rodeo\"],\"inLanguage\":\"es\",\"potentialAction\":[{\"@type\":\"CommentAction\",\"name\":\"Comment\",\"target\":[\"https:\\\/\\\/diarioellabrador.cl\\\/index.php\\\/2025\\\/10\\\/21\\\/a-dias-de-partir-a-europa-el-camino-del-caballo-chileno-al-mundial-de-enganche-2027\\\/#respond\"]}]},{\"@type\":\"WebPage\",\"@id\":\"https:\\\/\\\/diarioellabrador.cl\\\/index.php\\\/2025\\\/10\\\/21\\\/a-dias-de-partir-a-europa-el-camino-del-caballo-chileno-al-mundial-de-enganche-2027\\\/\",\"url\":\"https:\\\/\\\/diarioellabrador.cl\\\/index.php\\\/2025\\\/10\\\/21\\\/a-dias-de-partir-a-europa-el-camino-del-caballo-chileno-al-mundial-de-enganche-2027\\\/\",\"name\":\"\u00a1A d\u00edas de partir a Europa! El camino del Caballo Chileno al Mundial de Enganche 2027 - Diario El Labrador\",\"isPartOf\":{\"@id\":\"https:\\\/\\\/diarioellabrador.cl\\\/#website\"},\"primaryImageOfPage\":{\"@id\":\"https:\\\/\\\/diarioellabrador.cl\\\/index.php\\\/2025\\\/10\\\/21\\\/a-dias-de-partir-a-europa-el-camino-del-caballo-chileno-al-mundial-de-enganche-2027\\\/#primaryimage\"},\"image\":{\"@id\":\"https:\\\/\\\/diarioellabrador.cl\\\/index.php\\\/2025\\\/10\\\/21\\\/a-dias-de-partir-a-europa-el-camino-del-caballo-chileno-al-mundial-de-enganche-2027\\\/#primaryimage\"},\"thumbnailUrl\":\"https:\\\/\\\/diarioellabrador.cl\\\/wp-content\\\/uploads\\\/2025\\\/10\\\/\u00a1A-dias-de-partir-a-Europa-El-camino-del-Caballo-Chileno-al-Mundial-de-Enganche-2027.jpg\",\"datePublished\":\"2025-10-21T21:32:48+00:00\",\"dateModified\":\"2025-10-21T21:32:49+00:00\",\"breadcrumb\":{\"@id\":\"https:\\\/\\\/diarioellabrador.cl\\\/index.php\\\/2025\\\/10\\\/21\\\/a-dias-de-partir-a-europa-el-camino-del-caballo-chileno-al-mundial-de-enganche-2027\\\/#breadcrumb\"},\"inLanguage\":\"es\",\"potentialAction\":[{\"@type\":\"ReadAction\",\"target\":[\"https:\\\/\\\/diarioellabrador.cl\\\/index.php\\\/2025\\\/10\\\/21\\\/a-dias-de-partir-a-europa-el-camino-del-caballo-chileno-al-mundial-de-enganche-2027\\\/\"]}]},{\"@type\":\"ImageObject\",\"inLanguage\":\"es\",\"@id\":\"https:\\\/\\\/diarioellabrador.cl\\\/index.php\\\/2025\\\/10\\\/21\\\/a-dias-de-partir-a-europa-el-camino-del-caballo-chileno-al-mundial-de-enganche-2027\\\/#primaryimage\",\"url\":\"https:\\\/\\\/diarioellabrador.cl\\\/wp-content\\\/uploads\\\/2025\\\/10\\\/\u00a1A-dias-de-partir-a-Europa-El-camino-del-Caballo-Chileno-al-Mundial-de-Enganche-2027.jpg\",\"contentUrl\":\"https:\\\/\\\/diarioellabrador.cl\\\/wp-content\\\/uploads\\\/2025\\\/10\\\/\u00a1A-dias-de-partir-a-Europa-El-camino-del-Caballo-Chileno-al-Mundial-de-Enganche-2027.jpg\",\"width\":750,\"height\":389},{\"@type\":\"BreadcrumbList\",\"@id\":\"https:\\\/\\\/diarioellabrador.cl\\\/index.php\\\/2025\\\/10\\\/21\\\/a-dias-de-partir-a-europa-el-camino-del-caballo-chileno-al-mundial-de-enganche-2027\\\/#breadcrumb\",\"itemListElement\":[{\"@type\":\"ListItem\",\"position\":1,\"name\":\"Portada\",\"item\":\"https:\\\/\\\/diarioellabrador.cl\\\/\"},{\"@type\":\"ListItem\",\"position\":2,\"name\":\"\u00a1A d\u00edas de partir a Europa! El camino del Caballo Chileno al Mundial de Enganche 2027\"}]},{\"@type\":\"WebSite\",\"@id\":\"https:\\\/\\\/diarioellabrador.cl\\\/#website\",\"url\":\"https:\\\/\\\/diarioellabrador.cl\\\/\",\"name\":\"Diario El Labrador\",\"description\":\"Haciendo noticia desde 1921\",\"publisher\":{\"@id\":\"https:\\\/\\\/diarioellabrador.cl\\\/#organization\"},\"potentialAction\":[{\"@type\":\"SearchAction\",\"target\":{\"@type\":\"EntryPoint\",\"urlTemplate\":\"https:\\\/\\\/diarioellabrador.cl\\\/?s={search_term_string}\"},\"query-input\":{\"@type\":\"PropertyValueSpecification\",\"valueRequired\":true,\"valueName\":\"search_term_string\"}}],\"inLanguage\":\"es\"},{\"@type\":\"Organization\",\"@id\":\"https:\\\/\\\/diarioellabrador.cl\\\/#organization\",\"name\":\"Diario El Labrador\",\"url\":\"https:\\\/\\\/diarioellabrador.cl\\\/\",\"logo\":{\"@type\":\"ImageObject\",\"inLanguage\":\"es\",\"@id\":\"https:\\\/\\\/diarioellabrador.cl\\\/#\\\/schema\\\/logo\\\/image\\\/\",\"url\":\"https:\\\/\\\/diarioellabrador.cl\\\/wp-content\\\/uploads\\\/2025\\\/02\\\/cropped-Logo-Icono.png\",\"contentUrl\":\"https:\\\/\\\/diarioellabrador.cl\\\/wp-content\\\/uploads\\\/2025\\\/02\\\/cropped-Logo-Icono.png\",\"width\":512,\"height\":512,\"caption\":\"Diario El Labrador\"},\"image\":{\"@id\":\"https:\\\/\\\/diarioellabrador.cl\\\/#\\\/schema\\\/logo\\\/image\\\/\"},\"sameAs\":[\"https:\\\/\\\/web.facebook.com\\\/profile.php?id=61576120840621\",\"https:\\\/\\\/x.com\\\/ElLabradorOf\",\"https:\\\/\\\/www.instagram.com\\\/diarioellabradoroficial\\\/\"]},{\"@type\":\"Person\",\"@id\":\"https:\\\/\\\/diarioellabrador.cl\\\/#\\\/schema\\\/person\\\/bc25ff80b4563f9c7f4bd7855df01685\",\"name\":\"Editor\",\"image\":{\"@type\":\"ImageObject\",\"inLanguage\":\"es\",\"@id\":\"https:\\\/\\\/secure.gravatar.com\\\/avatar\\\/109c326cf2be5c04f048c2c2a2b8b6ef44bf3d8d1d3d4c55d0ac40c4bc994684?s=96&d=mm&r=g\",\"url\":\"https:\\\/\\\/secure.gravatar.com\\\/avatar\\\/109c326cf2be5c04f048c2c2a2b8b6ef44bf3d8d1d3d4c55d0ac40c4bc994684?s=96&d=mm&r=g\",\"contentUrl\":\"https:\\\/\\\/secure.gravatar.com\\\/avatar\\\/109c326cf2be5c04f048c2c2a2b8b6ef44bf3d8d1d3d4c55d0ac40c4bc994684?s=96&d=mm&r=g\",\"caption\":\"Editor\"},\"url\":\"https:\\\/\\\/diarioellabrador.cl\\\/index.php\\\/author\\\/editor\\\/\"}]}<\/script>\n<!-- \/ Yoast SEO plugin. -->","yoast_head_json":{"title":"\u00a1A d\u00edas de partir a Europa! El camino del Caballo Chileno al Mundial de Enganche 2027 - Diario El Labrador","robots":{"index":"index","follow":"follow","max-snippet":"max-snippet:-1","max-image-preview":"max-image-preview:large","max-video-preview":"max-video-preview:-1"},"canonical":"https:\/\/diarioellabrador.cl\/index.php\/2025\/10\/21\/a-dias-de-partir-a-europa-el-camino-del-caballo-chileno-al-mundial-de-enganche-2027\/","og_locale":"es_ES","og_type":"article","og_title":"\u00a1A d\u00edas de partir a Europa! El camino del Caballo Chileno al Mundial de Enganche 2027 - Diario El Labrador","og_description":"Autor: H\u00e9ctor Parraguirre Jara El 26 de octubre viajar\u00e1n a Europa seis caballos chilenos, que fueron seleccionados luego de un largo proceso, creado por Jos\u00e9 Miguel Guzm\u00e1n y apoyado por la Federaci\u00f3n Criadores de Caballos Raza Chilena, con la intenci\u00f3n de clasificarlos para el Mundial de Enganche 2027 que se realizar\u00e1 en Dinamarca. Palmas de Leer m\u00e1s","og_url":"https:\/\/diarioellabrador.cl\/index.php\/2025\/10\/21\/a-dias-de-partir-a-europa-el-camino-del-caballo-chileno-al-mundial-de-enganche-2027\/","og_site_name":"Diario El Labrador","article_publisher":"https:\/\/web.facebook.com\/profile.php?id=61576120840621","article_published_time":"2025-10-21T21:32:48+00:00","article_modified_time":"2025-10-21T21:32:49+00:00","og_image":[{"width":750,"height":389,"url":"https:\/\/diarioellabrador.cl\/wp-content\/uploads\/2025\/10\/\u00a1A-dias-de-partir-a-Europa-El-camino-del-Caballo-Chileno-al-Mundial-de-Enganche-2027.jpg","type":"image\/jpeg"}],"author":"Editor","twitter_card":"summary_large_image","twitter_creator":"@ElLabradorOf","twitter_site":"@ElLabradorOf","twitter_misc":{"Escrito por":"Editor","Tiempo de lectura":"4 minutos"},"schema":{"@context":"https:\/\/schema.org","@graph":[{"@type":"Article","@id":"https:\/\/diarioellabrador.cl\/index.php\/2025\/10\/21\/a-dias-de-partir-a-europa-el-camino-del-caballo-chileno-al-mundial-de-enganche-2027\/#article","isPartOf":{"@id":"https:\/\/diarioellabrador.cl\/index.php\/2025\/10\/21\/a-dias-de-partir-a-europa-el-camino-del-caballo-chileno-al-mundial-de-enganche-2027\/"},"author":{"name":"Editor","@id":"https:\/\/diarioellabrador.cl\/#\/schema\/person\/bc25ff80b4563f9c7f4bd7855df01685"},"headline":"\u00a1A d\u00edas de partir a Europa! El camino del Caballo Chileno al Mundial de Enganche 2027","datePublished":"2025-10-21T21:32:48+00:00","dateModified":"2025-10-21T21:32:49+00:00","mainEntityOfPage":{"@id":"https:\/\/diarioellabrador.cl\/index.php\/2025\/10\/21\/a-dias-de-partir-a-europa-el-camino-del-caballo-chileno-al-mundial-de-enganche-2027\/"},"wordCount":862,"commentCount":0,"publisher":{"@id":"https:\/\/diarioellabrador.cl\/#organization"},"image":{"@id":"https:\/\/diarioellabrador.cl\/index.php\/2025\/10\/21\/a-dias-de-partir-a-europa-el-camino-del-caballo-chileno-al-mundial-de-enganche-2027\/#primaryimage"},"thumbnailUrl":"https:\/\/diarioellabrador.cl\/wp-content\/uploads\/2025\/10\/\u00a1A-dias-de-partir-a-Europa-El-camino-del-Caballo-Chileno-al-Mundial-de-Enganche-2027.jpg","articleSection":["Rodeo"],"inLanguage":"es","potentialAction":[{"@type":"CommentAction","name":"Comment","target":["https:\/\/diarioellabrador.cl\/index.php\/2025\/10\/21\/a-dias-de-partir-a-europa-el-camino-del-caballo-chileno-al-mundial-de-enganche-2027\/#respond"]}]},{"@type":"WebPage","@id":"https:\/\/diarioellabrador.cl\/index.php\/2025\/10\/21\/a-dias-de-partir-a-europa-el-camino-del-caballo-chileno-al-mundial-de-enganche-2027\/","url":"https:\/\/diarioellabrador.cl\/index.php\/2025\/10\/21\/a-dias-de-partir-a-europa-el-camino-del-caballo-chileno-al-mundial-de-enganche-2027\/","name":"\u00a1A d\u00edas de partir a Europa! El camino del Caballo Chileno al Mundial de Enganche 2027 - Diario El Labrador","isPartOf":{"@id":"https:\/\/diarioellabrador.cl\/#website"},"primaryImageOfPage":{"@id":"https:\/\/diarioellabrador.cl\/index.php\/2025\/10\/21\/a-dias-de-partir-a-europa-el-camino-del-caballo-chileno-al-mundial-de-enganche-2027\/#primaryimage"},"image":{"@id":"https:\/\/diarioellabrador.cl\/index.php\/2025\/10\/21\/a-dias-de-partir-a-europa-el-camino-del-caballo-chileno-al-mundial-de-enganche-2027\/#primaryimage"},"thumbnailUrl":"https:\/\/diarioellabrador.cl\/wp-content\/uploads\/2025\/10\/\u00a1A-dias-de-partir-a-Europa-El-camino-del-Caballo-Chileno-al-Mundial-de-Enganche-2027.jpg","datePublished":"2025-10-21T21:32:48+00:00","dateModified":"2025-10-21T21:32:49+00:00","breadcrumb":{"@id":"https:\/\/diarioellabrador.cl\/index.php\/2025\/10\/21\/a-dias-de-partir-a-europa-el-camino-del-caballo-chileno-al-mundial-de-enganche-2027\/#breadcrumb"},"inLanguage":"es","potentialAction":[{"@type":"ReadAction","target":["https:\/\/diarioellabrador.cl\/index.php\/2025\/10\/21\/a-dias-de-partir-a-europa-el-camino-del-caballo-chileno-al-mundial-de-enganche-2027\/"]}]},{"@type":"ImageObject","inLanguage":"es","@id":"https:\/\/diarioellabrador.cl\/index.php\/2025\/10\/21\/a-dias-de-partir-a-europa-el-camino-del-caballo-chileno-al-mundial-de-enganche-2027\/#primaryimage","url":"https:\/\/diarioellabrador.cl\/wp-content\/uploads\/2025\/10\/\u00a1A-dias-de-partir-a-Europa-El-camino-del-Caballo-Chileno-al-Mundial-de-Enganche-2027.jpg","contentUrl":"https:\/\/diarioellabrador.cl\/wp-content\/uploads\/2025\/10\/\u00a1A-dias-de-partir-a-Europa-El-camino-del-Caballo-Chileno-al-Mundial-de-Enganche-2027.jpg","width":750,"height":389},{"@type":"BreadcrumbList","@id":"https:\/\/diarioellabrador.cl\/index.php\/2025\/10\/21\/a-dias-de-partir-a-europa-el-camino-del-caballo-chileno-al-mundial-de-enganche-2027\/#breadcrumb","itemListElement":[{"@type":"ListItem","position":1,"name":"Portada","item":"https:\/\/diarioellabrador.cl\/"},{"@type":"ListItem","position":2,"name":"\u00a1A d\u00edas de partir a Europa! El camino del Caballo Chileno al Mundial de Enganche 2027"}]},{"@type":"WebSite","@id":"https:\/\/diarioellabrador.cl\/#website","url":"https:\/\/diarioellabrador.cl\/","name":"Diario El Labrador","description":"Haciendo noticia desde 1921","publisher":{"@id":"https:\/\/diarioellabrador.cl\/#organization"},"potentialAction":[{"@type":"SearchAction","target":{"@type":"EntryPoint","urlTemplate":"https:\/\/diarioellabrador.cl\/?s={search_term_string}"},"query-input":{"@type":"PropertyValueSpecification","valueRequired":true,"valueName":"search_term_string"}}],"inLanguage":"es"},{"@type":"Organization","@id":"https:\/\/diarioellabrador.cl\/#organization","name":"Diario El Labrador","url":"https:\/\/diarioellabrador.cl\/","logo":{"@type":"ImageObject","inLanguage":"es","@id":"https:\/\/diarioellabrador.cl\/#\/schema\/logo\/image\/","url":"https:\/\/diarioellabrador.cl\/wp-content\/uploads\/2025\/02\/cropped-Logo-Icono.png","contentUrl":"https:\/\/diarioellabrador.cl\/wp-content\/uploads\/2025\/02\/cropped-Logo-Icono.png","width":512,"height":512,"caption":"Diario El Labrador"},"image":{"@id":"https:\/\/diarioellabrador.cl\/#\/schema\/logo\/image\/"},"sameAs":["https:\/\/web.facebook.com\/profile.php?id=61576120840621","https:\/\/x.com\/ElLabradorOf","https:\/\/www.instagram.com\/diarioellabradoroficial\/"]},{"@type":"Person","@id":"https:\/\/diarioellabrador.cl\/#\/schema\/person\/bc25ff80b4563f9c7f4bd7855df01685","name":"Editor","image":{"@type":"ImageObject","inLanguage":"es","@id":"https:\/\/secure.gravatar.com\/avatar\/109c326cf2be5c04f048c2c2a2b8b6ef44bf3d8d1d3d4c55d0ac40c4bc994684?s=96&d=mm&r=g","url":"https:\/\/secure.gravatar.com\/avatar\/109c326cf2be5c04f048c2c2a2b8b6ef44bf3d8d1d3d4c55d0ac40c4bc994684?s=96&d=mm&r=g","contentUrl":"https:\/\/secure.gravatar.com\/avatar\/109c326cf2be5c04f048c2c2a2b8b6ef44bf3d8d1d3d4c55d0ac40c4bc994684?s=96&d=mm&r=g","caption":"Editor"},"url":"https:\/\/diarioellabrador.cl\/index.php\/author\/editor\/"}]}},"_links":{"self":[{"href":"https:\/\/diarioellabrador.cl\/index.php\/wp-json\/wp\/v2\/posts\/10223","targetHints":{"allow":["GET"]}}],"collection":[{"href":"https:\/\/diarioellabrador.cl\/index.php\/wp-json\/wp\/v2\/posts"}],"about":[{"href":"https:\/\/diarioellabrador.cl\/index.php\/wp-json\/wp\/v2\/types\/post"}],"author":[{"embeddable":true,"href":"https:\/\/diarioellabrador.cl\/index.php\/wp-json\/wp\/v2\/users\/2"}],"replies":[{"embeddable":true,"href":"https:\/\/diarioellabrador.cl\/index.php\/wp-json\/wp\/v2\/comments?post=10223"}],"version-history":[{"count":1,"href":"https:\/\/diarioellabrador.cl\/index.php\/wp-json\/wp\/v2\/posts\/10223\/revisions"}],"predecessor-version":[{"id":10224,"href":"https:\/\/diarioellabrador.cl\/index.php\/wp-json\/wp\/v2\/posts\/10223\/revisions\/10224"}],"wp:featuredmedia":[{"embeddable":true,"href":"https:\/\/diarioellabrador.cl\/index.php\/wp-json\/wp\/v2\/media\/10192"}],"wp:attachment":[{"href":"https:\/\/diarioellabrador.cl\/index.php\/wp-json\/wp\/v2\/media?parent=10223"}],"wp:term":[{"taxonomy":"category","embeddable":true,"href":"https:\/\/diarioellabrador.cl\/index.php\/wp-json\/wp\/v2\/categories?post=10223"},{"taxonomy":"post_tag","embeddable":true,"href":"https:\/\/diarioellabrador.cl\/index.php\/wp-json\/wp\/v2\/tags?post=10223"}],"curies":[{"name":"wp","href":"https:\/\/api.w.org\/{rel}","templated":true}]}}