{"id":10220,"date":"2025-10-21T17:32:16","date_gmt":"2025-10-21T21:32:16","guid":{"rendered":"https:\/\/diarioellabrador.cl\/?p=10220"},"modified":"2025-10-21T19:44:22","modified_gmt":"2025-10-21T23:44:22","slug":"salud-mental-y-la-importancia-de-las-terapias-psicologicas","status":"publish","type":"post","link":"https:\/\/diarioellabrador.cl\/index.php\/2025\/10\/21\/salud-mental-y-la-importancia-de-las-terapias-psicologicas\/","title":{"rendered":"\u00abSalud mental y la importancia de las terapias psicol\u00f3gicas\u00bb\u00a0"},"content":{"rendered":"<div class=\"wp-block-image\">\n<figure class=\"alignleft size-thumbnail\"><img loading=\"lazy\" decoding=\"async\" width=\"150\" height=\"150\" src=\"https:\/\/diarioellabrador.cl\/wp-content\/uploads\/2025\/07\/2025-07-23-002718-150x150.png\" alt=\"\" class=\"wp-image-6023\" srcset=\"https:\/\/diarioellabrador.cl\/wp-content\/uploads\/2025\/07\/2025-07-23-002718-150x150.png 150w, https:\/\/diarioellabrador.cl\/wp-content\/uploads\/2025\/07\/2025-07-23-002718-95x95.png 95w, https:\/\/diarioellabrador.cl\/wp-content\/uploads\/2025\/07\/2025-07-23-002718-140x140.png 140w\" sizes=\"auto, (max-width: 150px) 100vw, 150px\" \/><\/figure>\n<\/div>\n\n\n<p><strong><em>Por Marco Antonio Ram\u00edrez Mobarec&nbsp;<\/em><\/strong><\/p>\n\n\n\n<p><em>\u00c1rea de la Educaci\u00f3n<\/em>, <em>\u00c1rea de la Psicolog\u00eda pericial en ASI<\/em>, <em>\u00c1rea de la Psicolog\u00eda reparatoria en ASI<\/em>, <em>\u00c1rea de la Salud Mental<\/em>, <em>\u00c1rea del Deporte y de la Recreaci\u00f3n<\/em>, <em>\u00c1rea Salud alternativa<\/em>, <em>\u00c1rea de la Supervisi\u00f3n en&nbsp; Seguridad Privada&nbsp; OS10<\/em>, <em>\u00c1rea de la Administraci\u00f3n<\/em>, <em>Miembro y colaborador en Neuropsicolog\u00eda en investigaci\u00f3n en Fundaci\u00f3n Pasqual Maragall<\/em> <em>\u00c1rea de la Prevenci\u00f3n de Adicciones<\/em>, <em>\u00c1rea de la Fisioterapia<\/em>, <em>\u00c1rea de la Coordinaci\u00f3n general y responsable en eventos masivos<\/em>, <em>\u00c1rea Proyectos y Desarrollo Social<\/em>.<\/p>\n\n\n\n<p>Estimados lectores.<\/p>\n\n\n\n<p>Hoy nuevamente har\u00e9 una menci\u00f3n especial a la salud mental y del significativo y prop\u00f3sito de las diversas terapias psicol\u00f3gicas.<\/p>\n\n\n\n<p>Bueno, en Psicolog\u00eda las terapias son el de tratar problemas emocionales, conductuales y psicol\u00f3gicos.&nbsp;<\/p>\n\n\n\n<p>En el tratamiento, el especialista ayuda al paciente a reflexionar sobre sus problemas, encontrando nuevas formas de lidiar con todos ellos.&nbsp;<\/p>\n\n\n\n<p>Con todo esto, cada individuo puede promover cambios muy profundos en su manera de pensar, y mejorar principalmente su vida perceptiblemente.<\/p>\n\n\n\n<p>Err\u00f3neamente, muchas personas todav\u00eda creen que la terapia&nbsp;psicol\u00f3gica s\u00f3lo se centra en el tratamiento de afecciones de alguna mera patolog\u00eda de locura, adem\u00e1s del sesgo revelador, esta afirmaci\u00f3n indica una falta de conocimiento sobre el tema.&nbsp;<\/p>\n\n\n\n<p>De hecho, el tratamiento terap\u00e9utico es una gran manera de poder entender los sentimientos y los comportamientos como seres sociales que son las personas en el entorno social.<\/p>\n\n\n\n<p>Uno de los grandes beneficios de las terapias psicol\u00f3gicas, es darle al paciente la habilidad de entenderse mejor a s\u00ed mismo, as\u00ed como sus valores y metas personales.&nbsp;<\/p>\n\n\n\n<p>La terapia permite que cada individuo domine y maneje sus sensaciones mejor.<\/p>\n\n\n\n<p>En el tratamiento terap\u00e9utico, el autoconocimiento se estimula en la identificaci\u00f3n de fallas continuas en la vida de las personas.&nbsp;<\/p>\n\n\n\n<p>Pues de esta manera, ellas est\u00e1n m\u00e1s dispuesta a lidiar con ideas negativas y con las diversas emociones adversas.&nbsp;<\/p>\n\n\n\n<p>El autoconocimiento sigue fomentando el fortalecimiento del autovalor y tambi\u00e9n creando algo muy importante, y que es el autocuidado y el amor propio.<\/p>\n\n\n\n<p>La motivaci\u00f3n funciona como un gran impulso para lograr un gran prop\u00f3sito.<\/p>\n\n\n\n<p>Siempre es parte de las personas y, sin ella, se hace extremadamente dif\u00edcil alcanzar un objetivo personal o profesional.&nbsp;<\/p>\n\n\n\n<p>La falta de motivaci\u00f3n puede tambi\u00e9n estar relacionada con la temida depresi\u00f3n, entre otros problemas de salud mental.<\/p>\n\n\n\n<p>El apoyo profesional en una terapia psicol\u00f3gica ayuda a sacar lo que causa la falta de motivaci\u00f3n del paciente.&nbsp;<\/p>\n\n\n\n<p>Una persona desalentada tiene muchos problemas recurrentes en su vida personal y profesional, ya que se siente inhibido de realizar ciertas acciones.&nbsp;<\/p>\n\n\n\n<p>A trav\u00e9s del tratamiento, se puede ayudar al paciente a aumentar sus propios intereses y motivos para vivir plenamente.<\/p>\n\n\n\n<p>En estos tiempos actuales, y los cuales son tiempos muy complejos en varios aspectos, es fundamental priorizar y dar \u00e9nfasis a la salud mental de toda una comunidad y ciudadan\u00eda.<\/p>\n\n\n\n<p>Hasta la pr\u00f3xima semana.<\/p>\n","protected":false},"excerpt":{"rendered":"<p>Por Marco Antonio Ram\u00edrez Mobarec&nbsp; \u00c1rea de la Educaci\u00f3n, \u00c1rea de la Psicolog\u00eda pericial en ASI, \u00c1rea de la Psicolog\u00eda reparatoria en ASI, \u00c1rea de la Salud Mental, \u00c1rea del Deporte y de la Recreaci\u00f3n, \u00c1rea Salud alternativa, \u00c1rea de la Supervisi\u00f3n en&nbsp; Seguridad Privada&nbsp; OS10, \u00c1rea de la Administraci\u00f3n, Miembro y colaborador en Neuropsicolog\u00eda<\/p>\n<div class=\"read-more-wrapper\"><a class=\"read-more\" href=\"https:\/\/diarioellabrador.cl\/index.php\/2025\/10\/21\/salud-mental-y-la-importancia-de-las-terapias-psicologicas\/\" title=\"Leer m\u00e1s\"> <span class=\"button \">Leer m\u00e1s<\/span><\/a><\/div>\n","protected":false},"author":2,"featured_media":10261,"comment_status":"open","ping_status":"open","sticky":false,"template":"","format":"standard","meta":{"footnotes":""},"categories":[9],"tags":[],"class_list":["post-10220","post","type-post","status-publish","format-standard","has-post-thumbnail","hentry","category-opinion"],"yoast_head":"<!-- This site is optimized with the Yoast SEO plugin v27.5 - https:\/\/yoast.com\/product\/yoast-seo-wordpress\/ -->\n<title>&quot;Salud mental y la importancia de las terapias psicol\u00f3gicas&quot;\u00a0 - Diario El Labrador<\/title>\n<meta name=\"robots\" content=\"index, follow, max-snippet:-1, max-image-preview:large, max-video-preview:-1\" \/>\n<link rel=\"canonical\" href=\"https:\/\/diarioellabrador.cl\/index.php\/2025\/10\/21\/salud-mental-y-la-importancia-de-las-terapias-psicologicas\/\" \/>\n<meta property=\"og:locale\" content=\"es_ES\" \/>\n<meta property=\"og:type\" content=\"article\" \/>\n<meta property=\"og:title\" content=\"&quot;Salud mental y la importancia de las terapias psicol\u00f3gicas&quot;\u00a0 - Diario El Labrador\" \/>\n<meta property=\"og:description\" content=\"Por Marco Antonio Ram\u00edrez Mobarec&nbsp; \u00c1rea de la Educaci\u00f3n, \u00c1rea de la Psicolog\u00eda pericial en ASI, \u00c1rea de la Psicolog\u00eda reparatoria en ASI, \u00c1rea de la Salud Mental, \u00c1rea del Deporte y de la Recreaci\u00f3n, \u00c1rea Salud alternativa, \u00c1rea de la Supervisi\u00f3n en&nbsp; Seguridad Privada&nbsp; OS10, \u00c1rea de la Administraci\u00f3n, Miembro y colaborador en Neuropsicolog\u00eda Leer m\u00e1s\" \/>\n<meta property=\"og:url\" content=\"https:\/\/diarioellabrador.cl\/index.php\/2025\/10\/21\/salud-mental-y-la-importancia-de-las-terapias-psicologicas\/\" \/>\n<meta property=\"og:site_name\" content=\"Diario El Labrador\" \/>\n<meta property=\"article:publisher\" content=\"https:\/\/web.facebook.com\/profile.php?id=61576120840621\" \/>\n<meta property=\"article:published_time\" content=\"2025-10-21T21:32:16+00:00\" \/>\n<meta property=\"article:modified_time\" content=\"2025-10-21T23:44:22+00:00\" \/>\n<meta property=\"og:image\" content=\"https:\/\/diarioellabrador.cl\/wp-content\/uploads\/2025\/10\/Image-21-oct-2025-20_33_16.png\" \/>\n\t<meta property=\"og:image:width\" content=\"1350\" \/>\n\t<meta property=\"og:image:height\" content=\"940\" \/>\n\t<meta property=\"og:image:type\" content=\"image\/png\" \/>\n<meta name=\"author\" content=\"Editor\" \/>\n<meta name=\"twitter:card\" content=\"summary_large_image\" \/>\n<meta name=\"twitter:creator\" content=\"@ElLabradorOf\" \/>\n<meta name=\"twitter:site\" content=\"@ElLabradorOf\" \/>\n<meta name=\"twitter:label1\" content=\"Escrito por\" \/>\n\t<meta name=\"twitter:data1\" content=\"Editor\" \/>\n\t<meta name=\"twitter:label2\" content=\"Tiempo de lectura\" \/>\n\t<meta name=\"twitter:data2\" content=\"3 minutos\" \/>\n<script type=\"application\/ld+json\" class=\"yoast-schema-graph\">{\"@context\":\"https:\\\/\\\/schema.org\",\"@graph\":[{\"@type\":\"Article\",\"@id\":\"https:\\\/\\\/diarioellabrador.cl\\\/index.php\\\/2025\\\/10\\\/21\\\/salud-mental-y-la-importancia-de-las-terapias-psicologicas\\\/#article\",\"isPartOf\":{\"@id\":\"https:\\\/\\\/diarioellabrador.cl\\\/index.php\\\/2025\\\/10\\\/21\\\/salud-mental-y-la-importancia-de-las-terapias-psicologicas\\\/\"},\"author\":{\"name\":\"Editor\",\"@id\":\"https:\\\/\\\/diarioellabrador.cl\\\/#\\\/schema\\\/person\\\/bc25ff80b4563f9c7f4bd7855df01685\"},\"headline\":\"\u00abSalud mental y la importancia de las terapias psicol\u00f3gicas\u00bb\u00a0\",\"datePublished\":\"2025-10-21T21:32:16+00:00\",\"dateModified\":\"2025-10-21T23:44:22+00:00\",\"mainEntityOfPage\":{\"@id\":\"https:\\\/\\\/diarioellabrador.cl\\\/index.php\\\/2025\\\/10\\\/21\\\/salud-mental-y-la-importancia-de-las-terapias-psicologicas\\\/\"},\"wordCount\":539,\"commentCount\":0,\"publisher\":{\"@id\":\"https:\\\/\\\/diarioellabrador.cl\\\/#organization\"},\"image\":{\"@id\":\"https:\\\/\\\/diarioellabrador.cl\\\/index.php\\\/2025\\\/10\\\/21\\\/salud-mental-y-la-importancia-de-las-terapias-psicologicas\\\/#primaryimage\"},\"thumbnailUrl\":\"https:\\\/\\\/diarioellabrador.cl\\\/wp-content\\\/uploads\\\/2025\\\/10\\\/Image-21-oct-2025-20_33_16.png\",\"articleSection\":[\"Opini\u00f3n\"],\"inLanguage\":\"es\",\"potentialAction\":[{\"@type\":\"CommentAction\",\"name\":\"Comment\",\"target\":[\"https:\\\/\\\/diarioellabrador.cl\\\/index.php\\\/2025\\\/10\\\/21\\\/salud-mental-y-la-importancia-de-las-terapias-psicologicas\\\/#respond\"]}]},{\"@type\":\"WebPage\",\"@id\":\"https:\\\/\\\/diarioellabrador.cl\\\/index.php\\\/2025\\\/10\\\/21\\\/salud-mental-y-la-importancia-de-las-terapias-psicologicas\\\/\",\"url\":\"https:\\\/\\\/diarioellabrador.cl\\\/index.php\\\/2025\\\/10\\\/21\\\/salud-mental-y-la-importancia-de-las-terapias-psicologicas\\\/\",\"name\":\"\\\"Salud mental y la importancia de las terapias psicol\u00f3gicas\\\"\u00a0 - Diario El Labrador\",\"isPartOf\":{\"@id\":\"https:\\\/\\\/diarioellabrador.cl\\\/#website\"},\"primaryImageOfPage\":{\"@id\":\"https:\\\/\\\/diarioellabrador.cl\\\/index.php\\\/2025\\\/10\\\/21\\\/salud-mental-y-la-importancia-de-las-terapias-psicologicas\\\/#primaryimage\"},\"image\":{\"@id\":\"https:\\\/\\\/diarioellabrador.cl\\\/index.php\\\/2025\\\/10\\\/21\\\/salud-mental-y-la-importancia-de-las-terapias-psicologicas\\\/#primaryimage\"},\"thumbnailUrl\":\"https:\\\/\\\/diarioellabrador.cl\\\/wp-content\\\/uploads\\\/2025\\\/10\\\/Image-21-oct-2025-20_33_16.png\",\"datePublished\":\"2025-10-21T21:32:16+00:00\",\"dateModified\":\"2025-10-21T23:44:22+00:00\",\"breadcrumb\":{\"@id\":\"https:\\\/\\\/diarioellabrador.cl\\\/index.php\\\/2025\\\/10\\\/21\\\/salud-mental-y-la-importancia-de-las-terapias-psicologicas\\\/#breadcrumb\"},\"inLanguage\":\"es\",\"potentialAction\":[{\"@type\":\"ReadAction\",\"target\":[\"https:\\\/\\\/diarioellabrador.cl\\\/index.php\\\/2025\\\/10\\\/21\\\/salud-mental-y-la-importancia-de-las-terapias-psicologicas\\\/\"]}]},{\"@type\":\"ImageObject\",\"inLanguage\":\"es\",\"@id\":\"https:\\\/\\\/diarioellabrador.cl\\\/index.php\\\/2025\\\/10\\\/21\\\/salud-mental-y-la-importancia-de-las-terapias-psicologicas\\\/#primaryimage\",\"url\":\"https:\\\/\\\/diarioellabrador.cl\\\/wp-content\\\/uploads\\\/2025\\\/10\\\/Image-21-oct-2025-20_33_16.png\",\"contentUrl\":\"https:\\\/\\\/diarioellabrador.cl\\\/wp-content\\\/uploads\\\/2025\\\/10\\\/Image-21-oct-2025-20_33_16.png\",\"width\":1350,\"height\":940},{\"@type\":\"BreadcrumbList\",\"@id\":\"https:\\\/\\\/diarioellabrador.cl\\\/index.php\\\/2025\\\/10\\\/21\\\/salud-mental-y-la-importancia-de-las-terapias-psicologicas\\\/#breadcrumb\",\"itemListElement\":[{\"@type\":\"ListItem\",\"position\":1,\"name\":\"Portada\",\"item\":\"https:\\\/\\\/diarioellabrador.cl\\\/\"},{\"@type\":\"ListItem\",\"position\":2,\"name\":\"\u00abSalud mental y la importancia de las terapias psicol\u00f3gicas\u00bb\u00a0\"}]},{\"@type\":\"WebSite\",\"@id\":\"https:\\\/\\\/diarioellabrador.cl\\\/#website\",\"url\":\"https:\\\/\\\/diarioellabrador.cl\\\/\",\"name\":\"Diario El Labrador\",\"description\":\"Haciendo noticia desde 1921\",\"publisher\":{\"@id\":\"https:\\\/\\\/diarioellabrador.cl\\\/#organization\"},\"potentialAction\":[{\"@type\":\"SearchAction\",\"target\":{\"@type\":\"EntryPoint\",\"urlTemplate\":\"https:\\\/\\\/diarioellabrador.cl\\\/?s={search_term_string}\"},\"query-input\":{\"@type\":\"PropertyValueSpecification\",\"valueRequired\":true,\"valueName\":\"search_term_string\"}}],\"inLanguage\":\"es\"},{\"@type\":\"Organization\",\"@id\":\"https:\\\/\\\/diarioellabrador.cl\\\/#organization\",\"name\":\"Diario El Labrador\",\"url\":\"https:\\\/\\\/diarioellabrador.cl\\\/\",\"logo\":{\"@type\":\"ImageObject\",\"inLanguage\":\"es\",\"@id\":\"https:\\\/\\\/diarioellabrador.cl\\\/#\\\/schema\\\/logo\\\/image\\\/\",\"url\":\"https:\\\/\\\/diarioellabrador.cl\\\/wp-content\\\/uploads\\\/2025\\\/02\\\/cropped-Logo-Icono.png\",\"contentUrl\":\"https:\\\/\\\/diarioellabrador.cl\\\/wp-content\\\/uploads\\\/2025\\\/02\\\/cropped-Logo-Icono.png\",\"width\":512,\"height\":512,\"caption\":\"Diario El Labrador\"},\"image\":{\"@id\":\"https:\\\/\\\/diarioellabrador.cl\\\/#\\\/schema\\\/logo\\\/image\\\/\"},\"sameAs\":[\"https:\\\/\\\/web.facebook.com\\\/profile.php?id=61576120840621\",\"https:\\\/\\\/x.com\\\/ElLabradorOf\",\"https:\\\/\\\/www.instagram.com\\\/diarioellabradoroficial\\\/\"]},{\"@type\":\"Person\",\"@id\":\"https:\\\/\\\/diarioellabrador.cl\\\/#\\\/schema\\\/person\\\/bc25ff80b4563f9c7f4bd7855df01685\",\"name\":\"Editor\",\"image\":{\"@type\":\"ImageObject\",\"inLanguage\":\"es\",\"@id\":\"https:\\\/\\\/secure.gravatar.com\\\/avatar\\\/109c326cf2be5c04f048c2c2a2b8b6ef44bf3d8d1d3d4c55d0ac40c4bc994684?s=96&d=mm&r=g\",\"url\":\"https:\\\/\\\/secure.gravatar.com\\\/avatar\\\/109c326cf2be5c04f048c2c2a2b8b6ef44bf3d8d1d3d4c55d0ac40c4bc994684?s=96&d=mm&r=g\",\"contentUrl\":\"https:\\\/\\\/secure.gravatar.com\\\/avatar\\\/109c326cf2be5c04f048c2c2a2b8b6ef44bf3d8d1d3d4c55d0ac40c4bc994684?s=96&d=mm&r=g\",\"caption\":\"Editor\"},\"url\":\"https:\\\/\\\/diarioellabrador.cl\\\/index.php\\\/author\\\/editor\\\/\"}]}<\/script>\n<!-- \/ Yoast SEO plugin. -->","yoast_head_json":{"title":"\"Salud mental y la importancia de las terapias psicol\u00f3gicas\"\u00a0 - Diario El Labrador","robots":{"index":"index","follow":"follow","max-snippet":"max-snippet:-1","max-image-preview":"max-image-preview:large","max-video-preview":"max-video-preview:-1"},"canonical":"https:\/\/diarioellabrador.cl\/index.php\/2025\/10\/21\/salud-mental-y-la-importancia-de-las-terapias-psicologicas\/","og_locale":"es_ES","og_type":"article","og_title":"\"Salud mental y la importancia de las terapias psicol\u00f3gicas\"\u00a0 - Diario El Labrador","og_description":"Por Marco Antonio Ram\u00edrez Mobarec&nbsp; \u00c1rea de la Educaci\u00f3n, \u00c1rea de la Psicolog\u00eda pericial en ASI, \u00c1rea de la Psicolog\u00eda reparatoria en ASI, \u00c1rea de la Salud Mental, \u00c1rea del Deporte y de la Recreaci\u00f3n, \u00c1rea Salud alternativa, \u00c1rea de la Supervisi\u00f3n en&nbsp; Seguridad Privada&nbsp; OS10, \u00c1rea de la Administraci\u00f3n, Miembro y colaborador en Neuropsicolog\u00eda Leer m\u00e1s","og_url":"https:\/\/diarioellabrador.cl\/index.php\/2025\/10\/21\/salud-mental-y-la-importancia-de-las-terapias-psicologicas\/","og_site_name":"Diario El Labrador","article_publisher":"https:\/\/web.facebook.com\/profile.php?id=61576120840621","article_published_time":"2025-10-21T21:32:16+00:00","article_modified_time":"2025-10-21T23:44:22+00:00","og_image":[{"width":1350,"height":940,"url":"https:\/\/diarioellabrador.cl\/wp-content\/uploads\/2025\/10\/Image-21-oct-2025-20_33_16.png","type":"image\/png"}],"author":"Editor","twitter_card":"summary_large_image","twitter_creator":"@ElLabradorOf","twitter_site":"@ElLabradorOf","twitter_misc":{"Escrito por":"Editor","Tiempo de lectura":"3 minutos"},"schema":{"@context":"https:\/\/schema.org","@graph":[{"@type":"Article","@id":"https:\/\/diarioellabrador.cl\/index.php\/2025\/10\/21\/salud-mental-y-la-importancia-de-las-terapias-psicologicas\/#article","isPartOf":{"@id":"https:\/\/diarioellabrador.cl\/index.php\/2025\/10\/21\/salud-mental-y-la-importancia-de-las-terapias-psicologicas\/"},"author":{"name":"Editor","@id":"https:\/\/diarioellabrador.cl\/#\/schema\/person\/bc25ff80b4563f9c7f4bd7855df01685"},"headline":"\u00abSalud mental y la importancia de las terapias psicol\u00f3gicas\u00bb\u00a0","datePublished":"2025-10-21T21:32:16+00:00","dateModified":"2025-10-21T23:44:22+00:00","mainEntityOfPage":{"@id":"https:\/\/diarioellabrador.cl\/index.php\/2025\/10\/21\/salud-mental-y-la-importancia-de-las-terapias-psicologicas\/"},"wordCount":539,"commentCount":0,"publisher":{"@id":"https:\/\/diarioellabrador.cl\/#organization"},"image":{"@id":"https:\/\/diarioellabrador.cl\/index.php\/2025\/10\/21\/salud-mental-y-la-importancia-de-las-terapias-psicologicas\/#primaryimage"},"thumbnailUrl":"https:\/\/diarioellabrador.cl\/wp-content\/uploads\/2025\/10\/Image-21-oct-2025-20_33_16.png","articleSection":["Opini\u00f3n"],"inLanguage":"es","potentialAction":[{"@type":"CommentAction","name":"Comment","target":["https:\/\/diarioellabrador.cl\/index.php\/2025\/10\/21\/salud-mental-y-la-importancia-de-las-terapias-psicologicas\/#respond"]}]},{"@type":"WebPage","@id":"https:\/\/diarioellabrador.cl\/index.php\/2025\/10\/21\/salud-mental-y-la-importancia-de-las-terapias-psicologicas\/","url":"https:\/\/diarioellabrador.cl\/index.php\/2025\/10\/21\/salud-mental-y-la-importancia-de-las-terapias-psicologicas\/","name":"\"Salud mental y la importancia de las terapias psicol\u00f3gicas\"\u00a0 - Diario El Labrador","isPartOf":{"@id":"https:\/\/diarioellabrador.cl\/#website"},"primaryImageOfPage":{"@id":"https:\/\/diarioellabrador.cl\/index.php\/2025\/10\/21\/salud-mental-y-la-importancia-de-las-terapias-psicologicas\/#primaryimage"},"image":{"@id":"https:\/\/diarioellabrador.cl\/index.php\/2025\/10\/21\/salud-mental-y-la-importancia-de-las-terapias-psicologicas\/#primaryimage"},"thumbnailUrl":"https:\/\/diarioellabrador.cl\/wp-content\/uploads\/2025\/10\/Image-21-oct-2025-20_33_16.png","datePublished":"2025-10-21T21:32:16+00:00","dateModified":"2025-10-21T23:44:22+00:00","breadcrumb":{"@id":"https:\/\/diarioellabrador.cl\/index.php\/2025\/10\/21\/salud-mental-y-la-importancia-de-las-terapias-psicologicas\/#breadcrumb"},"inLanguage":"es","potentialAction":[{"@type":"ReadAction","target":["https:\/\/diarioellabrador.cl\/index.php\/2025\/10\/21\/salud-mental-y-la-importancia-de-las-terapias-psicologicas\/"]}]},{"@type":"ImageObject","inLanguage":"es","@id":"https:\/\/diarioellabrador.cl\/index.php\/2025\/10\/21\/salud-mental-y-la-importancia-de-las-terapias-psicologicas\/#primaryimage","url":"https:\/\/diarioellabrador.cl\/wp-content\/uploads\/2025\/10\/Image-21-oct-2025-20_33_16.png","contentUrl":"https:\/\/diarioellabrador.cl\/wp-content\/uploads\/2025\/10\/Image-21-oct-2025-20_33_16.png","width":1350,"height":940},{"@type":"BreadcrumbList","@id":"https:\/\/diarioellabrador.cl\/index.php\/2025\/10\/21\/salud-mental-y-la-importancia-de-las-terapias-psicologicas\/#breadcrumb","itemListElement":[{"@type":"ListItem","position":1,"name":"Portada","item":"https:\/\/diarioellabrador.cl\/"},{"@type":"ListItem","position":2,"name":"\u00abSalud mental y la importancia de las terapias psicol\u00f3gicas\u00bb\u00a0"}]},{"@type":"WebSite","@id":"https:\/\/diarioellabrador.cl\/#website","url":"https:\/\/diarioellabrador.cl\/","name":"Diario El Labrador","description":"Haciendo noticia desde 1921","publisher":{"@id":"https:\/\/diarioellabrador.cl\/#organization"},"potentialAction":[{"@type":"SearchAction","target":{"@type":"EntryPoint","urlTemplate":"https:\/\/diarioellabrador.cl\/?s={search_term_string}"},"query-input":{"@type":"PropertyValueSpecification","valueRequired":true,"valueName":"search_term_string"}}],"inLanguage":"es"},{"@type":"Organization","@id":"https:\/\/diarioellabrador.cl\/#organization","name":"Diario El Labrador","url":"https:\/\/diarioellabrador.cl\/","logo":{"@type":"ImageObject","inLanguage":"es","@id":"https:\/\/diarioellabrador.cl\/#\/schema\/logo\/image\/","url":"https:\/\/diarioellabrador.cl\/wp-content\/uploads\/2025\/02\/cropped-Logo-Icono.png","contentUrl":"https:\/\/diarioellabrador.cl\/wp-content\/uploads\/2025\/02\/cropped-Logo-Icono.png","width":512,"height":512,"caption":"Diario El Labrador"},"image":{"@id":"https:\/\/diarioellabrador.cl\/#\/schema\/logo\/image\/"},"sameAs":["https:\/\/web.facebook.com\/profile.php?id=61576120840621","https:\/\/x.com\/ElLabradorOf","https:\/\/www.instagram.com\/diarioellabradoroficial\/"]},{"@type":"Person","@id":"https:\/\/diarioellabrador.cl\/#\/schema\/person\/bc25ff80b4563f9c7f4bd7855df01685","name":"Editor","image":{"@type":"ImageObject","inLanguage":"es","@id":"https:\/\/secure.gravatar.com\/avatar\/109c326cf2be5c04f048c2c2a2b8b6ef44bf3d8d1d3d4c55d0ac40c4bc994684?s=96&d=mm&r=g","url":"https:\/\/secure.gravatar.com\/avatar\/109c326cf2be5c04f048c2c2a2b8b6ef44bf3d8d1d3d4c55d0ac40c4bc994684?s=96&d=mm&r=g","contentUrl":"https:\/\/secure.gravatar.com\/avatar\/109c326cf2be5c04f048c2c2a2b8b6ef44bf3d8d1d3d4c55d0ac40c4bc994684?s=96&d=mm&r=g","caption":"Editor"},"url":"https:\/\/diarioellabrador.cl\/index.php\/author\/editor\/"}]}},"_links":{"self":[{"href":"https:\/\/diarioellabrador.cl\/index.php\/wp-json\/wp\/v2\/posts\/10220","targetHints":{"allow":["GET"]}}],"collection":[{"href":"https:\/\/diarioellabrador.cl\/index.php\/wp-json\/wp\/v2\/posts"}],"about":[{"href":"https:\/\/diarioellabrador.cl\/index.php\/wp-json\/wp\/v2\/types\/post"}],"author":[{"embeddable":true,"href":"https:\/\/diarioellabrador.cl\/index.php\/wp-json\/wp\/v2\/users\/2"}],"replies":[{"embeddable":true,"href":"https:\/\/diarioellabrador.cl\/index.php\/wp-json\/wp\/v2\/comments?post=10220"}],"version-history":[{"count":2,"href":"https:\/\/diarioellabrador.cl\/index.php\/wp-json\/wp\/v2\/posts\/10220\/revisions"}],"predecessor-version":[{"id":10263,"href":"https:\/\/diarioellabrador.cl\/index.php\/wp-json\/wp\/v2\/posts\/10220\/revisions\/10263"}],"wp:featuredmedia":[{"embeddable":true,"href":"https:\/\/diarioellabrador.cl\/index.php\/wp-json\/wp\/v2\/media\/10261"}],"wp:attachment":[{"href":"https:\/\/diarioellabrador.cl\/index.php\/wp-json\/wp\/v2\/media?parent=10220"}],"wp:term":[{"taxonomy":"category","embeddable":true,"href":"https:\/\/diarioellabrador.cl\/index.php\/wp-json\/wp\/v2\/categories?post=10220"},{"taxonomy":"post_tag","embeddable":true,"href":"https:\/\/diarioellabrador.cl\/index.php\/wp-json\/wp\/v2\/tags?post=10220"}],"curies":[{"name":"wp","href":"https:\/\/api.w.org\/{rel}","templated":true}]}}