{"id":10218,"date":"2025-10-21T17:31:39","date_gmt":"2025-10-21T21:31:39","guid":{"rendered":"https:\/\/diarioellabrador.cl\/?p=10218"},"modified":"2025-10-21T17:31:40","modified_gmt":"2025-10-21T21:31:40","slug":"chilena-sofia-cofre-subio-corriendo-el-mitico-ama-dablam-y-completo-tres-seis-miles-en-el-himalaya","status":"publish","type":"post","link":"https:\/\/diarioellabrador.cl\/index.php\/2025\/10\/21\/chilena-sofia-cofre-subio-corriendo-el-mitico-ama-dablam-y-completo-tres-seis-miles-en-el-himalaya\/","title":{"rendered":"Chilena Sof\u00eda Cofr\u00e9 subi\u00f3 corriendo el m\u00edtico Ama Dablam y complet\u00f3 tres \u2019seis miles\u2019 en el Himalaya"},"content":{"rendered":"\n<p>La deportista chilena <strong>Sof\u00eda Cofr\u00e9<\/strong> est\u00e1 escribiendo un nuevo cap\u00edtulo en la historia del Trail Running y el alpinismo nacional.<\/p>\n\n\n\n<p>La atleta logr\u00f3 completar tres ascensos por sobre los 6.000 metros en el Himalaya, culminando con su desaf\u00edo m\u00e1s ambicioso: <strong>convertirse en la primera mujer chilena en subir corriendo el Ama Dablam (6.812m)<\/strong>, una de las monta\u00f1as m\u00e1s t\u00e9cnicas y emblem\u00e1ticas del mundo.<\/p>\n\n\n\n<p>El objetivo fue alcanzar la cumbre en el menor tiempo posible, en un escenario donde Cofr\u00e9 se enfrent\u00f3 a temperaturas de hasta \u201324\u00b0C.<\/p>\n\n\n\n<p>El ascenso al Ama Dablam <strong>-considerado uno de los m\u00e1s desafiantes del Himalaya por su exposici\u00f3n, terreno mixto y clima extremo-<\/strong>, se realiz\u00f3 en modalidad \u201c<em>speed ascent<\/em>\u201c, con una proyecci\u00f3n de nueve horas desde el Campo 1.<\/p>\n\n\n\n<p>Sof\u00eda Cofr\u00e9 y su compa\u00f1ero de cordada, <strong>Felipe Bishara<\/strong>, fueron la \u00fanica dupla en alcanzar la cumbre durante la jornada.<\/p>\n\n\n\n<p>\u201cEste viaje ha sido una mezcla de esfuerzo, respeto y profunda conexi\u00f3n con la<br>monta\u00f1a. El Ama Dablam nos exigi\u00f3 en cada metro, pero tambi\u00e9n nos regal\u00f3 una<br>experiencia inolvidable\u201d, dijo la atleta del Team adidas Outdoor.<\/p>\n\n\n\n<p><strong>\u201cRepresentar a Chile en estas cumbres y mostrar lo que las mujeres somos capaces de lograr en la monta\u00f1a es un orgullo enorme\u201d<\/strong>, agreg\u00f3 Cofr\u00e9 desde Nepal.<\/p>\n\n\n\n<p>Antes de este logro hist\u00f3rico, la chilena complet\u00f3 dos ascensos preparatorios que consolidaron su rendimiento en altura extrema: el Lobuche East (6.119 m) el 13 de octubre y el Imja Tse (6.189 m) dos d\u00edas despu\u00e9s.<\/p>\n","protected":false},"excerpt":{"rendered":"<p>La deportista chilena Sof\u00eda Cofr\u00e9 est\u00e1 escribiendo un nuevo cap\u00edtulo en la historia del Trail Running y el alpinismo nacional. La atleta logr\u00f3 completar tres ascensos por sobre los 6.000 metros en el Himalaya, culminando con su desaf\u00edo m\u00e1s ambicioso: convertirse en la primera mujer chilena en subir corriendo el Ama Dablam (6.812m), una de<\/p>\n<div class=\"read-more-wrapper\"><a class=\"read-more\" href=\"https:\/\/diarioellabrador.cl\/index.php\/2025\/10\/21\/chilena-sofia-cofre-subio-corriendo-el-mitico-ama-dablam-y-completo-tres-seis-miles-en-el-himalaya\/\" title=\"Leer m\u00e1s\"> <span class=\"button \">Leer m\u00e1s<\/span><\/a><\/div>\n","protected":false},"author":2,"featured_media":10189,"comment_status":"open","ping_status":"open","sticky":false,"template":"","format":"standard","meta":{"footnotes":""},"categories":[4],"tags":[],"class_list":["post-10218","post","type-post","status-publish","format-standard","has-post-thumbnail","hentry","category-deportes"],"yoast_head":"<!-- This site is optimized with the Yoast SEO plugin v27.5 - https:\/\/yoast.com\/product\/yoast-seo-wordpress\/ -->\n<title>Chilena Sof\u00eda Cofr\u00e9 subi\u00f3 corriendo el m\u00edtico Ama Dablam y complet\u00f3 tres \u2019seis miles\u2019 en el Himalaya - Diario El Labrador<\/title>\n<meta name=\"robots\" content=\"index, follow, max-snippet:-1, max-image-preview:large, max-video-preview:-1\" \/>\n<link rel=\"canonical\" href=\"https:\/\/diarioellabrador.cl\/index.php\/2025\/10\/21\/chilena-sofia-cofre-subio-corriendo-el-mitico-ama-dablam-y-completo-tres-seis-miles-en-el-himalaya\/\" \/>\n<meta property=\"og:locale\" content=\"es_ES\" \/>\n<meta property=\"og:type\" content=\"article\" \/>\n<meta property=\"og:title\" content=\"Chilena Sof\u00eda Cofr\u00e9 subi\u00f3 corriendo el m\u00edtico Ama Dablam y complet\u00f3 tres \u2019seis miles\u2019 en el Himalaya - Diario El Labrador\" \/>\n<meta property=\"og:description\" content=\"La deportista chilena Sof\u00eda Cofr\u00e9 est\u00e1 escribiendo un nuevo cap\u00edtulo en la historia del Trail Running y el alpinismo nacional. La atleta logr\u00f3 completar tres ascensos por sobre los 6.000 metros en el Himalaya, culminando con su desaf\u00edo m\u00e1s ambicioso: convertirse en la primera mujer chilena en subir corriendo el Ama Dablam (6.812m), una de Leer m\u00e1s\" \/>\n<meta property=\"og:url\" content=\"https:\/\/diarioellabrador.cl\/index.php\/2025\/10\/21\/chilena-sofia-cofre-subio-corriendo-el-mitico-ama-dablam-y-completo-tres-seis-miles-en-el-himalaya\/\" \/>\n<meta property=\"og:site_name\" content=\"Diario El Labrador\" \/>\n<meta property=\"article:publisher\" content=\"https:\/\/web.facebook.com\/profile.php?id=61576120840621\" \/>\n<meta property=\"article:published_time\" content=\"2025-10-21T21:31:39+00:00\" \/>\n<meta property=\"article:modified_time\" content=\"2025-10-21T21:31:40+00:00\" \/>\n<meta property=\"og:image\" content=\"https:\/\/diarioellabrador.cl\/wp-content\/uploads\/2025\/10\/Chilena-Sofia-Cofre-subio-corriendo-el-mitico-Ama-Dablam-y-completo-tres-seis-miles-en-el-Himalaya.jpg\" \/>\n\t<meta property=\"og:image:width\" content=\"846\" \/>\n\t<meta property=\"og:image:height\" content=\"1024\" \/>\n\t<meta property=\"og:image:type\" content=\"image\/jpeg\" \/>\n<meta name=\"author\" content=\"Editor\" \/>\n<meta name=\"twitter:card\" content=\"summary_large_image\" \/>\n<meta name=\"twitter:creator\" content=\"@ElLabradorOf\" \/>\n<meta name=\"twitter:site\" content=\"@ElLabradorOf\" \/>\n<meta name=\"twitter:label1\" content=\"Escrito por\" \/>\n\t<meta name=\"twitter:data1\" content=\"Editor\" \/>\n\t<meta name=\"twitter:label2\" content=\"Tiempo de lectura\" \/>\n\t<meta name=\"twitter:data2\" content=\"2 minutos\" \/>\n<script type=\"application\/ld+json\" class=\"yoast-schema-graph\">{\"@context\":\"https:\\\/\\\/schema.org\",\"@graph\":[{\"@type\":\"Article\",\"@id\":\"https:\\\/\\\/diarioellabrador.cl\\\/index.php\\\/2025\\\/10\\\/21\\\/chilena-sofia-cofre-subio-corriendo-el-mitico-ama-dablam-y-completo-tres-seis-miles-en-el-himalaya\\\/#article\",\"isPartOf\":{\"@id\":\"https:\\\/\\\/diarioellabrador.cl\\\/index.php\\\/2025\\\/10\\\/21\\\/chilena-sofia-cofre-subio-corriendo-el-mitico-ama-dablam-y-completo-tres-seis-miles-en-el-himalaya\\\/\"},\"author\":{\"name\":\"Editor\",\"@id\":\"https:\\\/\\\/diarioellabrador.cl\\\/#\\\/schema\\\/person\\\/bc25ff80b4563f9c7f4bd7855df01685\"},\"headline\":\"Chilena Sof\u00eda Cofr\u00e9 subi\u00f3 corriendo el m\u00edtico Ama Dablam y complet\u00f3 tres \u2019seis miles\u2019 en el Himalaya\",\"datePublished\":\"2025-10-21T21:31:39+00:00\",\"dateModified\":\"2025-10-21T21:31:40+00:00\",\"mainEntityOfPage\":{\"@id\":\"https:\\\/\\\/diarioellabrador.cl\\\/index.php\\\/2025\\\/10\\\/21\\\/chilena-sofia-cofre-subio-corriendo-el-mitico-ama-dablam-y-completo-tres-seis-miles-en-el-himalaya\\\/\"},\"wordCount\":275,\"commentCount\":0,\"publisher\":{\"@id\":\"https:\\\/\\\/diarioellabrador.cl\\\/#organization\"},\"image\":{\"@id\":\"https:\\\/\\\/diarioellabrador.cl\\\/index.php\\\/2025\\\/10\\\/21\\\/chilena-sofia-cofre-subio-corriendo-el-mitico-ama-dablam-y-completo-tres-seis-miles-en-el-himalaya\\\/#primaryimage\"},\"thumbnailUrl\":\"https:\\\/\\\/diarioellabrador.cl\\\/wp-content\\\/uploads\\\/2025\\\/10\\\/Chilena-Sofia-Cofre-subio-corriendo-el-mitico-Ama-Dablam-y-completo-tres-seis-miles-en-el-Himalaya.jpg\",\"articleSection\":[\"Deportes\"],\"inLanguage\":\"es\",\"potentialAction\":[{\"@type\":\"CommentAction\",\"name\":\"Comment\",\"target\":[\"https:\\\/\\\/diarioellabrador.cl\\\/index.php\\\/2025\\\/10\\\/21\\\/chilena-sofia-cofre-subio-corriendo-el-mitico-ama-dablam-y-completo-tres-seis-miles-en-el-himalaya\\\/#respond\"]}]},{\"@type\":\"WebPage\",\"@id\":\"https:\\\/\\\/diarioellabrador.cl\\\/index.php\\\/2025\\\/10\\\/21\\\/chilena-sofia-cofre-subio-corriendo-el-mitico-ama-dablam-y-completo-tres-seis-miles-en-el-himalaya\\\/\",\"url\":\"https:\\\/\\\/diarioellabrador.cl\\\/index.php\\\/2025\\\/10\\\/21\\\/chilena-sofia-cofre-subio-corriendo-el-mitico-ama-dablam-y-completo-tres-seis-miles-en-el-himalaya\\\/\",\"name\":\"Chilena Sof\u00eda Cofr\u00e9 subi\u00f3 corriendo el m\u00edtico Ama Dablam y complet\u00f3 tres \u2019seis miles\u2019 en el Himalaya - Diario El Labrador\",\"isPartOf\":{\"@id\":\"https:\\\/\\\/diarioellabrador.cl\\\/#website\"},\"primaryImageOfPage\":{\"@id\":\"https:\\\/\\\/diarioellabrador.cl\\\/index.php\\\/2025\\\/10\\\/21\\\/chilena-sofia-cofre-subio-corriendo-el-mitico-ama-dablam-y-completo-tres-seis-miles-en-el-himalaya\\\/#primaryimage\"},\"image\":{\"@id\":\"https:\\\/\\\/diarioellabrador.cl\\\/index.php\\\/2025\\\/10\\\/21\\\/chilena-sofia-cofre-subio-corriendo-el-mitico-ama-dablam-y-completo-tres-seis-miles-en-el-himalaya\\\/#primaryimage\"},\"thumbnailUrl\":\"https:\\\/\\\/diarioellabrador.cl\\\/wp-content\\\/uploads\\\/2025\\\/10\\\/Chilena-Sofia-Cofre-subio-corriendo-el-mitico-Ama-Dablam-y-completo-tres-seis-miles-en-el-Himalaya.jpg\",\"datePublished\":\"2025-10-21T21:31:39+00:00\",\"dateModified\":\"2025-10-21T21:31:40+00:00\",\"breadcrumb\":{\"@id\":\"https:\\\/\\\/diarioellabrador.cl\\\/index.php\\\/2025\\\/10\\\/21\\\/chilena-sofia-cofre-subio-corriendo-el-mitico-ama-dablam-y-completo-tres-seis-miles-en-el-himalaya\\\/#breadcrumb\"},\"inLanguage\":\"es\",\"potentialAction\":[{\"@type\":\"ReadAction\",\"target\":[\"https:\\\/\\\/diarioellabrador.cl\\\/index.php\\\/2025\\\/10\\\/21\\\/chilena-sofia-cofre-subio-corriendo-el-mitico-ama-dablam-y-completo-tres-seis-miles-en-el-himalaya\\\/\"]}]},{\"@type\":\"ImageObject\",\"inLanguage\":\"es\",\"@id\":\"https:\\\/\\\/diarioellabrador.cl\\\/index.php\\\/2025\\\/10\\\/21\\\/chilena-sofia-cofre-subio-corriendo-el-mitico-ama-dablam-y-completo-tres-seis-miles-en-el-himalaya\\\/#primaryimage\",\"url\":\"https:\\\/\\\/diarioellabrador.cl\\\/wp-content\\\/uploads\\\/2025\\\/10\\\/Chilena-Sofia-Cofre-subio-corriendo-el-mitico-Ama-Dablam-y-completo-tres-seis-miles-en-el-Himalaya.jpg\",\"contentUrl\":\"https:\\\/\\\/diarioellabrador.cl\\\/wp-content\\\/uploads\\\/2025\\\/10\\\/Chilena-Sofia-Cofre-subio-corriendo-el-mitico-Ama-Dablam-y-completo-tres-seis-miles-en-el-Himalaya.jpg\",\"width\":846,\"height\":1024},{\"@type\":\"BreadcrumbList\",\"@id\":\"https:\\\/\\\/diarioellabrador.cl\\\/index.php\\\/2025\\\/10\\\/21\\\/chilena-sofia-cofre-subio-corriendo-el-mitico-ama-dablam-y-completo-tres-seis-miles-en-el-himalaya\\\/#breadcrumb\",\"itemListElement\":[{\"@type\":\"ListItem\",\"position\":1,\"name\":\"Portada\",\"item\":\"https:\\\/\\\/diarioellabrador.cl\\\/\"},{\"@type\":\"ListItem\",\"position\":2,\"name\":\"Chilena Sof\u00eda Cofr\u00e9 subi\u00f3 corriendo el m\u00edtico Ama Dablam y complet\u00f3 tres \u2019seis miles\u2019 en el Himalaya\"}]},{\"@type\":\"WebSite\",\"@id\":\"https:\\\/\\\/diarioellabrador.cl\\\/#website\",\"url\":\"https:\\\/\\\/diarioellabrador.cl\\\/\",\"name\":\"Diario El Labrador\",\"description\":\"Haciendo noticia desde 1921\",\"publisher\":{\"@id\":\"https:\\\/\\\/diarioellabrador.cl\\\/#organization\"},\"potentialAction\":[{\"@type\":\"SearchAction\",\"target\":{\"@type\":\"EntryPoint\",\"urlTemplate\":\"https:\\\/\\\/diarioellabrador.cl\\\/?s={search_term_string}\"},\"query-input\":{\"@type\":\"PropertyValueSpecification\",\"valueRequired\":true,\"valueName\":\"search_term_string\"}}],\"inLanguage\":\"es\"},{\"@type\":\"Organization\",\"@id\":\"https:\\\/\\\/diarioellabrador.cl\\\/#organization\",\"name\":\"Diario El Labrador\",\"url\":\"https:\\\/\\\/diarioellabrador.cl\\\/\",\"logo\":{\"@type\":\"ImageObject\",\"inLanguage\":\"es\",\"@id\":\"https:\\\/\\\/diarioellabrador.cl\\\/#\\\/schema\\\/logo\\\/image\\\/\",\"url\":\"https:\\\/\\\/diarioellabrador.cl\\\/wp-content\\\/uploads\\\/2025\\\/02\\\/cropped-Logo-Icono.png\",\"contentUrl\":\"https:\\\/\\\/diarioellabrador.cl\\\/wp-content\\\/uploads\\\/2025\\\/02\\\/cropped-Logo-Icono.png\",\"width\":512,\"height\":512,\"caption\":\"Diario El Labrador\"},\"image\":{\"@id\":\"https:\\\/\\\/diarioellabrador.cl\\\/#\\\/schema\\\/logo\\\/image\\\/\"},\"sameAs\":[\"https:\\\/\\\/web.facebook.com\\\/profile.php?id=61576120840621\",\"https:\\\/\\\/x.com\\\/ElLabradorOf\",\"https:\\\/\\\/www.instagram.com\\\/diarioellabradoroficial\\\/\"]},{\"@type\":\"Person\",\"@id\":\"https:\\\/\\\/diarioellabrador.cl\\\/#\\\/schema\\\/person\\\/bc25ff80b4563f9c7f4bd7855df01685\",\"name\":\"Editor\",\"image\":{\"@type\":\"ImageObject\",\"inLanguage\":\"es\",\"@id\":\"https:\\\/\\\/secure.gravatar.com\\\/avatar\\\/109c326cf2be5c04f048c2c2a2b8b6ef44bf3d8d1d3d4c55d0ac40c4bc994684?s=96&d=mm&r=g\",\"url\":\"https:\\\/\\\/secure.gravatar.com\\\/avatar\\\/109c326cf2be5c04f048c2c2a2b8b6ef44bf3d8d1d3d4c55d0ac40c4bc994684?s=96&d=mm&r=g\",\"contentUrl\":\"https:\\\/\\\/secure.gravatar.com\\\/avatar\\\/109c326cf2be5c04f048c2c2a2b8b6ef44bf3d8d1d3d4c55d0ac40c4bc994684?s=96&d=mm&r=g\",\"caption\":\"Editor\"},\"url\":\"https:\\\/\\\/diarioellabrador.cl\\\/index.php\\\/author\\\/editor\\\/\"}]}<\/script>\n<!-- \/ Yoast SEO plugin. -->","yoast_head_json":{"title":"Chilena Sof\u00eda Cofr\u00e9 subi\u00f3 corriendo el m\u00edtico Ama Dablam y complet\u00f3 tres \u2019seis miles\u2019 en el Himalaya - Diario El Labrador","robots":{"index":"index","follow":"follow","max-snippet":"max-snippet:-1","max-image-preview":"max-image-preview:large","max-video-preview":"max-video-preview:-1"},"canonical":"https:\/\/diarioellabrador.cl\/index.php\/2025\/10\/21\/chilena-sofia-cofre-subio-corriendo-el-mitico-ama-dablam-y-completo-tres-seis-miles-en-el-himalaya\/","og_locale":"es_ES","og_type":"article","og_title":"Chilena Sof\u00eda Cofr\u00e9 subi\u00f3 corriendo el m\u00edtico Ama Dablam y complet\u00f3 tres \u2019seis miles\u2019 en el Himalaya - Diario El Labrador","og_description":"La deportista chilena Sof\u00eda Cofr\u00e9 est\u00e1 escribiendo un nuevo cap\u00edtulo en la historia del Trail Running y el alpinismo nacional. La atleta logr\u00f3 completar tres ascensos por sobre los 6.000 metros en el Himalaya, culminando con su desaf\u00edo m\u00e1s ambicioso: convertirse en la primera mujer chilena en subir corriendo el Ama Dablam (6.812m), una de Leer m\u00e1s","og_url":"https:\/\/diarioellabrador.cl\/index.php\/2025\/10\/21\/chilena-sofia-cofre-subio-corriendo-el-mitico-ama-dablam-y-completo-tres-seis-miles-en-el-himalaya\/","og_site_name":"Diario El Labrador","article_publisher":"https:\/\/web.facebook.com\/profile.php?id=61576120840621","article_published_time":"2025-10-21T21:31:39+00:00","article_modified_time":"2025-10-21T21:31:40+00:00","og_image":[{"width":846,"height":1024,"url":"https:\/\/diarioellabrador.cl\/wp-content\/uploads\/2025\/10\/Chilena-Sofia-Cofre-subio-corriendo-el-mitico-Ama-Dablam-y-completo-tres-seis-miles-en-el-Himalaya.jpg","type":"image\/jpeg"}],"author":"Editor","twitter_card":"summary_large_image","twitter_creator":"@ElLabradorOf","twitter_site":"@ElLabradorOf","twitter_misc":{"Escrito por":"Editor","Tiempo de lectura":"2 minutos"},"schema":{"@context":"https:\/\/schema.org","@graph":[{"@type":"Article","@id":"https:\/\/diarioellabrador.cl\/index.php\/2025\/10\/21\/chilena-sofia-cofre-subio-corriendo-el-mitico-ama-dablam-y-completo-tres-seis-miles-en-el-himalaya\/#article","isPartOf":{"@id":"https:\/\/diarioellabrador.cl\/index.php\/2025\/10\/21\/chilena-sofia-cofre-subio-corriendo-el-mitico-ama-dablam-y-completo-tres-seis-miles-en-el-himalaya\/"},"author":{"name":"Editor","@id":"https:\/\/diarioellabrador.cl\/#\/schema\/person\/bc25ff80b4563f9c7f4bd7855df01685"},"headline":"Chilena Sof\u00eda Cofr\u00e9 subi\u00f3 corriendo el m\u00edtico Ama Dablam y complet\u00f3 tres \u2019seis miles\u2019 en el Himalaya","datePublished":"2025-10-21T21:31:39+00:00","dateModified":"2025-10-21T21:31:40+00:00","mainEntityOfPage":{"@id":"https:\/\/diarioellabrador.cl\/index.php\/2025\/10\/21\/chilena-sofia-cofre-subio-corriendo-el-mitico-ama-dablam-y-completo-tres-seis-miles-en-el-himalaya\/"},"wordCount":275,"commentCount":0,"publisher":{"@id":"https:\/\/diarioellabrador.cl\/#organization"},"image":{"@id":"https:\/\/diarioellabrador.cl\/index.php\/2025\/10\/21\/chilena-sofia-cofre-subio-corriendo-el-mitico-ama-dablam-y-completo-tres-seis-miles-en-el-himalaya\/#primaryimage"},"thumbnailUrl":"https:\/\/diarioellabrador.cl\/wp-content\/uploads\/2025\/10\/Chilena-Sofia-Cofre-subio-corriendo-el-mitico-Ama-Dablam-y-completo-tres-seis-miles-en-el-Himalaya.jpg","articleSection":["Deportes"],"inLanguage":"es","potentialAction":[{"@type":"CommentAction","name":"Comment","target":["https:\/\/diarioellabrador.cl\/index.php\/2025\/10\/21\/chilena-sofia-cofre-subio-corriendo-el-mitico-ama-dablam-y-completo-tres-seis-miles-en-el-himalaya\/#respond"]}]},{"@type":"WebPage","@id":"https:\/\/diarioellabrador.cl\/index.php\/2025\/10\/21\/chilena-sofia-cofre-subio-corriendo-el-mitico-ama-dablam-y-completo-tres-seis-miles-en-el-himalaya\/","url":"https:\/\/diarioellabrador.cl\/index.php\/2025\/10\/21\/chilena-sofia-cofre-subio-corriendo-el-mitico-ama-dablam-y-completo-tres-seis-miles-en-el-himalaya\/","name":"Chilena Sof\u00eda Cofr\u00e9 subi\u00f3 corriendo el m\u00edtico Ama Dablam y complet\u00f3 tres \u2019seis miles\u2019 en el Himalaya - Diario El Labrador","isPartOf":{"@id":"https:\/\/diarioellabrador.cl\/#website"},"primaryImageOfPage":{"@id":"https:\/\/diarioellabrador.cl\/index.php\/2025\/10\/21\/chilena-sofia-cofre-subio-corriendo-el-mitico-ama-dablam-y-completo-tres-seis-miles-en-el-himalaya\/#primaryimage"},"image":{"@id":"https:\/\/diarioellabrador.cl\/index.php\/2025\/10\/21\/chilena-sofia-cofre-subio-corriendo-el-mitico-ama-dablam-y-completo-tres-seis-miles-en-el-himalaya\/#primaryimage"},"thumbnailUrl":"https:\/\/diarioellabrador.cl\/wp-content\/uploads\/2025\/10\/Chilena-Sofia-Cofre-subio-corriendo-el-mitico-Ama-Dablam-y-completo-tres-seis-miles-en-el-Himalaya.jpg","datePublished":"2025-10-21T21:31:39+00:00","dateModified":"2025-10-21T21:31:40+00:00","breadcrumb":{"@id":"https:\/\/diarioellabrador.cl\/index.php\/2025\/10\/21\/chilena-sofia-cofre-subio-corriendo-el-mitico-ama-dablam-y-completo-tres-seis-miles-en-el-himalaya\/#breadcrumb"},"inLanguage":"es","potentialAction":[{"@type":"ReadAction","target":["https:\/\/diarioellabrador.cl\/index.php\/2025\/10\/21\/chilena-sofia-cofre-subio-corriendo-el-mitico-ama-dablam-y-completo-tres-seis-miles-en-el-himalaya\/"]}]},{"@type":"ImageObject","inLanguage":"es","@id":"https:\/\/diarioellabrador.cl\/index.php\/2025\/10\/21\/chilena-sofia-cofre-subio-corriendo-el-mitico-ama-dablam-y-completo-tres-seis-miles-en-el-himalaya\/#primaryimage","url":"https:\/\/diarioellabrador.cl\/wp-content\/uploads\/2025\/10\/Chilena-Sofia-Cofre-subio-corriendo-el-mitico-Ama-Dablam-y-completo-tres-seis-miles-en-el-Himalaya.jpg","contentUrl":"https:\/\/diarioellabrador.cl\/wp-content\/uploads\/2025\/10\/Chilena-Sofia-Cofre-subio-corriendo-el-mitico-Ama-Dablam-y-completo-tres-seis-miles-en-el-Himalaya.jpg","width":846,"height":1024},{"@type":"BreadcrumbList","@id":"https:\/\/diarioellabrador.cl\/index.php\/2025\/10\/21\/chilena-sofia-cofre-subio-corriendo-el-mitico-ama-dablam-y-completo-tres-seis-miles-en-el-himalaya\/#breadcrumb","itemListElement":[{"@type":"ListItem","position":1,"name":"Portada","item":"https:\/\/diarioellabrador.cl\/"},{"@type":"ListItem","position":2,"name":"Chilena Sof\u00eda Cofr\u00e9 subi\u00f3 corriendo el m\u00edtico Ama Dablam y complet\u00f3 tres \u2019seis miles\u2019 en el Himalaya"}]},{"@type":"WebSite","@id":"https:\/\/diarioellabrador.cl\/#website","url":"https:\/\/diarioellabrador.cl\/","name":"Diario El Labrador","description":"Haciendo noticia desde 1921","publisher":{"@id":"https:\/\/diarioellabrador.cl\/#organization"},"potentialAction":[{"@type":"SearchAction","target":{"@type":"EntryPoint","urlTemplate":"https:\/\/diarioellabrador.cl\/?s={search_term_string}"},"query-input":{"@type":"PropertyValueSpecification","valueRequired":true,"valueName":"search_term_string"}}],"inLanguage":"es"},{"@type":"Organization","@id":"https:\/\/diarioellabrador.cl\/#organization","name":"Diario El Labrador","url":"https:\/\/diarioellabrador.cl\/","logo":{"@type":"ImageObject","inLanguage":"es","@id":"https:\/\/diarioellabrador.cl\/#\/schema\/logo\/image\/","url":"https:\/\/diarioellabrador.cl\/wp-content\/uploads\/2025\/02\/cropped-Logo-Icono.png","contentUrl":"https:\/\/diarioellabrador.cl\/wp-content\/uploads\/2025\/02\/cropped-Logo-Icono.png","width":512,"height":512,"caption":"Diario El Labrador"},"image":{"@id":"https:\/\/diarioellabrador.cl\/#\/schema\/logo\/image\/"},"sameAs":["https:\/\/web.facebook.com\/profile.php?id=61576120840621","https:\/\/x.com\/ElLabradorOf","https:\/\/www.instagram.com\/diarioellabradoroficial\/"]},{"@type":"Person","@id":"https:\/\/diarioellabrador.cl\/#\/schema\/person\/bc25ff80b4563f9c7f4bd7855df01685","name":"Editor","image":{"@type":"ImageObject","inLanguage":"es","@id":"https:\/\/secure.gravatar.com\/avatar\/109c326cf2be5c04f048c2c2a2b8b6ef44bf3d8d1d3d4c55d0ac40c4bc994684?s=96&d=mm&r=g","url":"https:\/\/secure.gravatar.com\/avatar\/109c326cf2be5c04f048c2c2a2b8b6ef44bf3d8d1d3d4c55d0ac40c4bc994684?s=96&d=mm&r=g","contentUrl":"https:\/\/secure.gravatar.com\/avatar\/109c326cf2be5c04f048c2c2a2b8b6ef44bf3d8d1d3d4c55d0ac40c4bc994684?s=96&d=mm&r=g","caption":"Editor"},"url":"https:\/\/diarioellabrador.cl\/index.php\/author\/editor\/"}]}},"_links":{"self":[{"href":"https:\/\/diarioellabrador.cl\/index.php\/wp-json\/wp\/v2\/posts\/10218","targetHints":{"allow":["GET"]}}],"collection":[{"href":"https:\/\/diarioellabrador.cl\/index.php\/wp-json\/wp\/v2\/posts"}],"about":[{"href":"https:\/\/diarioellabrador.cl\/index.php\/wp-json\/wp\/v2\/types\/post"}],"author":[{"embeddable":true,"href":"https:\/\/diarioellabrador.cl\/index.php\/wp-json\/wp\/v2\/users\/2"}],"replies":[{"embeddable":true,"href":"https:\/\/diarioellabrador.cl\/index.php\/wp-json\/wp\/v2\/comments?post=10218"}],"version-history":[{"count":1,"href":"https:\/\/diarioellabrador.cl\/index.php\/wp-json\/wp\/v2\/posts\/10218\/revisions"}],"predecessor-version":[{"id":10219,"href":"https:\/\/diarioellabrador.cl\/index.php\/wp-json\/wp\/v2\/posts\/10218\/revisions\/10219"}],"wp:featuredmedia":[{"embeddable":true,"href":"https:\/\/diarioellabrador.cl\/index.php\/wp-json\/wp\/v2\/media\/10189"}],"wp:attachment":[{"href":"https:\/\/diarioellabrador.cl\/index.php\/wp-json\/wp\/v2\/media?parent=10218"}],"wp:term":[{"taxonomy":"category","embeddable":true,"href":"https:\/\/diarioellabrador.cl\/index.php\/wp-json\/wp\/v2\/categories?post=10218"},{"taxonomy":"post_tag","embeddable":true,"href":"https:\/\/diarioellabrador.cl\/index.php\/wp-json\/wp\/v2\/tags?post=10218"}],"curies":[{"name":"wp","href":"https:\/\/api.w.org\/{rel}","templated":true}]}}