{"id":10216,"date":"2025-10-21T17:31:10","date_gmt":"2025-10-21T21:31:10","guid":{"rendered":"https:\/\/diarioellabrador.cl\/?p=10216"},"modified":"2025-10-21T17:31:12","modified_gmt":"2025-10-21T21:31:12","slug":"victor-rivero-echa-por-tierra-pretension-de-la-serena-de-llegar-a-final-de-copa-chile-por-escritorio","status":"publish","type":"post","link":"https:\/\/diarioellabrador.cl\/index.php\/2025\/10\/21\/victor-rivero-echa-por-tierra-pretension-de-la-serena-de-llegar-a-final-de-copa-chile-por-escritorio\/","title":{"rendered":"V\u00edctor Rivero echa por tierra pretensi\u00f3n de La Serena de llegar a final de Copa Chile por escritorio"},"content":{"rendered":"\n<p>V\u00edctor Rivero, director t\u00e9cnico de Deportes Limache se refiri\u00f3 a la <strong>intensi\u00f3n de La Serena de llegar a la final de Copa Chile por escritorio<\/strong>, luego de presentar una denuncia ante la ANFP.<\/p>\n\n\n\n<p>El equipo papayero acus\u00f3 que el cuadro \u2018cervecero\u2019 <strong>no cumpli\u00f3 con el minutaje Sub 23<\/strong> en el encuentro de vuelta de las semifinales, donde el \u2018Tomate Mec\u00e1nico\u2019 se impuso por 6-1.<\/p>\n\n\n\n<p>Seg\u00fan la denuncia, Limache <strong>solo cumpli\u00f3 con 113 de los 130 minutos<\/strong> que deben disputar los futbolistas nacidos a partir del 1 de enero de 2002.<\/p>\n\n\n\n<p>Si la ANFP falla a favor de los \u2018papayeros\u2019, les dar\u00eda el triunfo por 3-0 en la revancha, que se traducir\u00eda en un marcador global de 3-2 para instalarse en la definici\u00f3n por el t\u00edtulo.<\/p>\n\n\n\n<p>Acusaci\u00f3n que no tiene sustento, seg\u00fan confirm\u00f3 el propio estratega del equipo limachino. En conversaci\u00f3n con radio <a href=\"https:\/\/www.youtube.com\/watch?v=AE3ETDPwMmg\" target=\"_blank\" rel=\"noreferrer noopener\">Agricultura<\/a>, <strong>V\u00edctor Rivero asegur\u00f3 que ten\u00edan permiso de la propia ANFP.<\/strong><\/p>\n\n\n\n<p>\u201cNosotros tuvimos a Agust\u00edn Arce 40 d\u00edas afuera por el Mundial Sub 20 y por la convocatoria a la selecci\u00f3n adulta. Nosotros <strong>tenemos el correo de respaldo de (la Gerencia de) Ligas que cumpl\u00eda con los 65 minutos<\/strong>\u201c, asegur\u00f3 el estratega.<\/p>\n\n\n\n<p>La justificaci\u00f3n de todo, seg\u00fan Rivero es que \u201cAgust\u00edn fue citado el d\u00eda viernes, y nosotros hab\u00edamos enviado la citaci\u00f3n. Es imposible que se hiciera parte\u201d.<\/p>\n\n\n\n<p>De igual forma, el ext\u00e9cnico de equipos como Everton, Cobreloa y Santiago Wanderers, cuestion\u00f3 la movida de La Serena.<\/p>\n\n\n\n<p><strong>\u201cAl minuto 10 del segundo tiempo gan\u00e1bamos 4-1 el partido, 6-1 la llave, \u00bfcreen que yo como entrenador no iba a cumplir con los minutos si voy ganando 6-1\u201d<\/strong>, ironiz\u00f3 el director t\u00e9cnico.<\/p>\n\n\n\n<p>Por \u00faltimo, V\u00edctor Rivero asegur\u00f3 que \u201cdeportivamente, no tendr\u00eda cara para hacer esa denuncia\u201d.<\/p>\n","protected":false},"excerpt":{"rendered":"<p>V\u00edctor Rivero, director t\u00e9cnico de Deportes Limache se refiri\u00f3 a la intensi\u00f3n de La Serena de llegar a la final de Copa Chile por escritorio, luego de presentar una denuncia ante la ANFP. El equipo papayero acus\u00f3 que el cuadro \u2018cervecero\u2019 no cumpli\u00f3 con el minutaje Sub 23 en el encuentro de vuelta de las<\/p>\n<div class=\"read-more-wrapper\"><a class=\"read-more\" href=\"https:\/\/diarioellabrador.cl\/index.php\/2025\/10\/21\/victor-rivero-echa-por-tierra-pretension-de-la-serena-de-llegar-a-final-de-copa-chile-por-escritorio\/\" title=\"Leer m\u00e1s\"> <span class=\"button \">Leer m\u00e1s<\/span><\/a><\/div>\n","protected":false},"author":2,"featured_media":10191,"comment_status":"open","ping_status":"open","sticky":false,"template":"","format":"standard","meta":{"footnotes":""},"categories":[4],"tags":[],"class_list":["post-10216","post","type-post","status-publish","format-standard","has-post-thumbnail","hentry","category-deportes"],"yoast_head":"<!-- This site is optimized with the Yoast SEO plugin v27.5 - https:\/\/yoast.com\/product\/yoast-seo-wordpress\/ -->\n<title>V\u00edctor Rivero echa por tierra pretensi\u00f3n de La Serena de llegar a final de Copa Chile por escritorio - Diario El Labrador<\/title>\n<meta name=\"robots\" content=\"index, follow, max-snippet:-1, max-image-preview:large, max-video-preview:-1\" \/>\n<link rel=\"canonical\" href=\"https:\/\/diarioellabrador.cl\/index.php\/2025\/10\/21\/victor-rivero-echa-por-tierra-pretension-de-la-serena-de-llegar-a-final-de-copa-chile-por-escritorio\/\" \/>\n<meta property=\"og:locale\" content=\"es_ES\" \/>\n<meta property=\"og:type\" content=\"article\" \/>\n<meta property=\"og:title\" content=\"V\u00edctor Rivero echa por tierra pretensi\u00f3n de La Serena de llegar a final de Copa Chile por escritorio - Diario El Labrador\" \/>\n<meta property=\"og:description\" content=\"V\u00edctor Rivero, director t\u00e9cnico de Deportes Limache se refiri\u00f3 a la intensi\u00f3n de La Serena de llegar a la final de Copa Chile por escritorio, luego de presentar una denuncia ante la ANFP. El equipo papayero acus\u00f3 que el cuadro \u2018cervecero\u2019 no cumpli\u00f3 con el minutaje Sub 23 en el encuentro de vuelta de las Leer m\u00e1s\" \/>\n<meta property=\"og:url\" content=\"https:\/\/diarioellabrador.cl\/index.php\/2025\/10\/21\/victor-rivero-echa-por-tierra-pretension-de-la-serena-de-llegar-a-final-de-copa-chile-por-escritorio\/\" \/>\n<meta property=\"og:site_name\" content=\"Diario El Labrador\" \/>\n<meta property=\"article:publisher\" content=\"https:\/\/web.facebook.com\/profile.php?id=61576120840621\" \/>\n<meta property=\"article:published_time\" content=\"2025-10-21T21:31:10+00:00\" \/>\n<meta property=\"article:modified_time\" content=\"2025-10-21T21:31:12+00:00\" \/>\n<meta property=\"og:image\" content=\"https:\/\/diarioellabrador.cl\/wp-content\/uploads\/2025\/10\/Victor-Rivero-echa-por-tierra-pretension-de-La-Serena-de-llegar-a-final-de-Copa-Chile-por-escritorio.jpg\" \/>\n\t<meta property=\"og:image:width\" content=\"768\" \/>\n\t<meta property=\"og:image:height\" content=\"576\" \/>\n\t<meta property=\"og:image:type\" content=\"image\/jpeg\" \/>\n<meta name=\"author\" content=\"Editor\" \/>\n<meta name=\"twitter:card\" content=\"summary_large_image\" \/>\n<meta name=\"twitter:creator\" content=\"@ElLabradorOf\" \/>\n<meta name=\"twitter:site\" content=\"@ElLabradorOf\" \/>\n<meta name=\"twitter:label1\" content=\"Escrito por\" \/>\n\t<meta name=\"twitter:data1\" content=\"Editor\" \/>\n\t<meta name=\"twitter:label2\" content=\"Tiempo de lectura\" \/>\n\t<meta name=\"twitter:data2\" content=\"2 minutos\" \/>\n<script type=\"application\/ld+json\" class=\"yoast-schema-graph\">{\"@context\":\"https:\\\/\\\/schema.org\",\"@graph\":[{\"@type\":\"Article\",\"@id\":\"https:\\\/\\\/diarioellabrador.cl\\\/index.php\\\/2025\\\/10\\\/21\\\/victor-rivero-echa-por-tierra-pretension-de-la-serena-de-llegar-a-final-de-copa-chile-por-escritorio\\\/#article\",\"isPartOf\":{\"@id\":\"https:\\\/\\\/diarioellabrador.cl\\\/index.php\\\/2025\\\/10\\\/21\\\/victor-rivero-echa-por-tierra-pretension-de-la-serena-de-llegar-a-final-de-copa-chile-por-escritorio\\\/\"},\"author\":{\"name\":\"Editor\",\"@id\":\"https:\\\/\\\/diarioellabrador.cl\\\/#\\\/schema\\\/person\\\/bc25ff80b4563f9c7f4bd7855df01685\"},\"headline\":\"V\u00edctor Rivero echa por tierra pretensi\u00f3n de La Serena de llegar a final de Copa Chile por escritorio\",\"datePublished\":\"2025-10-21T21:31:10+00:00\",\"dateModified\":\"2025-10-21T21:31:12+00:00\",\"mainEntityOfPage\":{\"@id\":\"https:\\\/\\\/diarioellabrador.cl\\\/index.php\\\/2025\\\/10\\\/21\\\/victor-rivero-echa-por-tierra-pretension-de-la-serena-de-llegar-a-final-de-copa-chile-por-escritorio\\\/\"},\"wordCount\":326,\"commentCount\":0,\"publisher\":{\"@id\":\"https:\\\/\\\/diarioellabrador.cl\\\/#organization\"},\"image\":{\"@id\":\"https:\\\/\\\/diarioellabrador.cl\\\/index.php\\\/2025\\\/10\\\/21\\\/victor-rivero-echa-por-tierra-pretension-de-la-serena-de-llegar-a-final-de-copa-chile-por-escritorio\\\/#primaryimage\"},\"thumbnailUrl\":\"https:\\\/\\\/diarioellabrador.cl\\\/wp-content\\\/uploads\\\/2025\\\/10\\\/Victor-Rivero-echa-por-tierra-pretension-de-La-Serena-de-llegar-a-final-de-Copa-Chile-por-escritorio.jpg\",\"articleSection\":[\"Deportes\"],\"inLanguage\":\"es\",\"potentialAction\":[{\"@type\":\"CommentAction\",\"name\":\"Comment\",\"target\":[\"https:\\\/\\\/diarioellabrador.cl\\\/index.php\\\/2025\\\/10\\\/21\\\/victor-rivero-echa-por-tierra-pretension-de-la-serena-de-llegar-a-final-de-copa-chile-por-escritorio\\\/#respond\"]}]},{\"@type\":\"WebPage\",\"@id\":\"https:\\\/\\\/diarioellabrador.cl\\\/index.php\\\/2025\\\/10\\\/21\\\/victor-rivero-echa-por-tierra-pretension-de-la-serena-de-llegar-a-final-de-copa-chile-por-escritorio\\\/\",\"url\":\"https:\\\/\\\/diarioellabrador.cl\\\/index.php\\\/2025\\\/10\\\/21\\\/victor-rivero-echa-por-tierra-pretension-de-la-serena-de-llegar-a-final-de-copa-chile-por-escritorio\\\/\",\"name\":\"V\u00edctor Rivero echa por tierra pretensi\u00f3n de La Serena de llegar a final de Copa Chile por escritorio - Diario El Labrador\",\"isPartOf\":{\"@id\":\"https:\\\/\\\/diarioellabrador.cl\\\/#website\"},\"primaryImageOfPage\":{\"@id\":\"https:\\\/\\\/diarioellabrador.cl\\\/index.php\\\/2025\\\/10\\\/21\\\/victor-rivero-echa-por-tierra-pretension-de-la-serena-de-llegar-a-final-de-copa-chile-por-escritorio\\\/#primaryimage\"},\"image\":{\"@id\":\"https:\\\/\\\/diarioellabrador.cl\\\/index.php\\\/2025\\\/10\\\/21\\\/victor-rivero-echa-por-tierra-pretension-de-la-serena-de-llegar-a-final-de-copa-chile-por-escritorio\\\/#primaryimage\"},\"thumbnailUrl\":\"https:\\\/\\\/diarioellabrador.cl\\\/wp-content\\\/uploads\\\/2025\\\/10\\\/Victor-Rivero-echa-por-tierra-pretension-de-La-Serena-de-llegar-a-final-de-Copa-Chile-por-escritorio.jpg\",\"datePublished\":\"2025-10-21T21:31:10+00:00\",\"dateModified\":\"2025-10-21T21:31:12+00:00\",\"breadcrumb\":{\"@id\":\"https:\\\/\\\/diarioellabrador.cl\\\/index.php\\\/2025\\\/10\\\/21\\\/victor-rivero-echa-por-tierra-pretension-de-la-serena-de-llegar-a-final-de-copa-chile-por-escritorio\\\/#breadcrumb\"},\"inLanguage\":\"es\",\"potentialAction\":[{\"@type\":\"ReadAction\",\"target\":[\"https:\\\/\\\/diarioellabrador.cl\\\/index.php\\\/2025\\\/10\\\/21\\\/victor-rivero-echa-por-tierra-pretension-de-la-serena-de-llegar-a-final-de-copa-chile-por-escritorio\\\/\"]}]},{\"@type\":\"ImageObject\",\"inLanguage\":\"es\",\"@id\":\"https:\\\/\\\/diarioellabrador.cl\\\/index.php\\\/2025\\\/10\\\/21\\\/victor-rivero-echa-por-tierra-pretension-de-la-serena-de-llegar-a-final-de-copa-chile-por-escritorio\\\/#primaryimage\",\"url\":\"https:\\\/\\\/diarioellabrador.cl\\\/wp-content\\\/uploads\\\/2025\\\/10\\\/Victor-Rivero-echa-por-tierra-pretension-de-La-Serena-de-llegar-a-final-de-Copa-Chile-por-escritorio.jpg\",\"contentUrl\":\"https:\\\/\\\/diarioellabrador.cl\\\/wp-content\\\/uploads\\\/2025\\\/10\\\/Victor-Rivero-echa-por-tierra-pretension-de-La-Serena-de-llegar-a-final-de-Copa-Chile-por-escritorio.jpg\",\"width\":768,\"height\":576},{\"@type\":\"BreadcrumbList\",\"@id\":\"https:\\\/\\\/diarioellabrador.cl\\\/index.php\\\/2025\\\/10\\\/21\\\/victor-rivero-echa-por-tierra-pretension-de-la-serena-de-llegar-a-final-de-copa-chile-por-escritorio\\\/#breadcrumb\",\"itemListElement\":[{\"@type\":\"ListItem\",\"position\":1,\"name\":\"Portada\",\"item\":\"https:\\\/\\\/diarioellabrador.cl\\\/\"},{\"@type\":\"ListItem\",\"position\":2,\"name\":\"V\u00edctor Rivero echa por tierra pretensi\u00f3n de La Serena de llegar a final de Copa Chile por escritorio\"}]},{\"@type\":\"WebSite\",\"@id\":\"https:\\\/\\\/diarioellabrador.cl\\\/#website\",\"url\":\"https:\\\/\\\/diarioellabrador.cl\\\/\",\"name\":\"Diario El Labrador\",\"description\":\"Haciendo noticia desde 1921\",\"publisher\":{\"@id\":\"https:\\\/\\\/diarioellabrador.cl\\\/#organization\"},\"potentialAction\":[{\"@type\":\"SearchAction\",\"target\":{\"@type\":\"EntryPoint\",\"urlTemplate\":\"https:\\\/\\\/diarioellabrador.cl\\\/?s={search_term_string}\"},\"query-input\":{\"@type\":\"PropertyValueSpecification\",\"valueRequired\":true,\"valueName\":\"search_term_string\"}}],\"inLanguage\":\"es\"},{\"@type\":\"Organization\",\"@id\":\"https:\\\/\\\/diarioellabrador.cl\\\/#organization\",\"name\":\"Diario El Labrador\",\"url\":\"https:\\\/\\\/diarioellabrador.cl\\\/\",\"logo\":{\"@type\":\"ImageObject\",\"inLanguage\":\"es\",\"@id\":\"https:\\\/\\\/diarioellabrador.cl\\\/#\\\/schema\\\/logo\\\/image\\\/\",\"url\":\"https:\\\/\\\/diarioellabrador.cl\\\/wp-content\\\/uploads\\\/2025\\\/02\\\/cropped-Logo-Icono.png\",\"contentUrl\":\"https:\\\/\\\/diarioellabrador.cl\\\/wp-content\\\/uploads\\\/2025\\\/02\\\/cropped-Logo-Icono.png\",\"width\":512,\"height\":512,\"caption\":\"Diario El Labrador\"},\"image\":{\"@id\":\"https:\\\/\\\/diarioellabrador.cl\\\/#\\\/schema\\\/logo\\\/image\\\/\"},\"sameAs\":[\"https:\\\/\\\/web.facebook.com\\\/profile.php?id=61576120840621\",\"https:\\\/\\\/x.com\\\/ElLabradorOf\",\"https:\\\/\\\/www.instagram.com\\\/diarioellabradoroficial\\\/\"]},{\"@type\":\"Person\",\"@id\":\"https:\\\/\\\/diarioellabrador.cl\\\/#\\\/schema\\\/person\\\/bc25ff80b4563f9c7f4bd7855df01685\",\"name\":\"Editor\",\"image\":{\"@type\":\"ImageObject\",\"inLanguage\":\"es\",\"@id\":\"https:\\\/\\\/secure.gravatar.com\\\/avatar\\\/109c326cf2be5c04f048c2c2a2b8b6ef44bf3d8d1d3d4c55d0ac40c4bc994684?s=96&d=mm&r=g\",\"url\":\"https:\\\/\\\/secure.gravatar.com\\\/avatar\\\/109c326cf2be5c04f048c2c2a2b8b6ef44bf3d8d1d3d4c55d0ac40c4bc994684?s=96&d=mm&r=g\",\"contentUrl\":\"https:\\\/\\\/secure.gravatar.com\\\/avatar\\\/109c326cf2be5c04f048c2c2a2b8b6ef44bf3d8d1d3d4c55d0ac40c4bc994684?s=96&d=mm&r=g\",\"caption\":\"Editor\"},\"url\":\"https:\\\/\\\/diarioellabrador.cl\\\/index.php\\\/author\\\/editor\\\/\"}]}<\/script>\n<!-- \/ Yoast SEO plugin. -->","yoast_head_json":{"title":"V\u00edctor Rivero echa por tierra pretensi\u00f3n de La Serena de llegar a final de Copa Chile por escritorio - Diario El Labrador","robots":{"index":"index","follow":"follow","max-snippet":"max-snippet:-1","max-image-preview":"max-image-preview:large","max-video-preview":"max-video-preview:-1"},"canonical":"https:\/\/diarioellabrador.cl\/index.php\/2025\/10\/21\/victor-rivero-echa-por-tierra-pretension-de-la-serena-de-llegar-a-final-de-copa-chile-por-escritorio\/","og_locale":"es_ES","og_type":"article","og_title":"V\u00edctor Rivero echa por tierra pretensi\u00f3n de La Serena de llegar a final de Copa Chile por escritorio - Diario El Labrador","og_description":"V\u00edctor Rivero, director t\u00e9cnico de Deportes Limache se refiri\u00f3 a la intensi\u00f3n de La Serena de llegar a la final de Copa Chile por escritorio, luego de presentar una denuncia ante la ANFP. El equipo papayero acus\u00f3 que el cuadro \u2018cervecero\u2019 no cumpli\u00f3 con el minutaje Sub 23 en el encuentro de vuelta de las Leer m\u00e1s","og_url":"https:\/\/diarioellabrador.cl\/index.php\/2025\/10\/21\/victor-rivero-echa-por-tierra-pretension-de-la-serena-de-llegar-a-final-de-copa-chile-por-escritorio\/","og_site_name":"Diario El Labrador","article_publisher":"https:\/\/web.facebook.com\/profile.php?id=61576120840621","article_published_time":"2025-10-21T21:31:10+00:00","article_modified_time":"2025-10-21T21:31:12+00:00","og_image":[{"width":768,"height":576,"url":"https:\/\/diarioellabrador.cl\/wp-content\/uploads\/2025\/10\/Victor-Rivero-echa-por-tierra-pretension-de-La-Serena-de-llegar-a-final-de-Copa-Chile-por-escritorio.jpg","type":"image\/jpeg"}],"author":"Editor","twitter_card":"summary_large_image","twitter_creator":"@ElLabradorOf","twitter_site":"@ElLabradorOf","twitter_misc":{"Escrito por":"Editor","Tiempo de lectura":"2 minutos"},"schema":{"@context":"https:\/\/schema.org","@graph":[{"@type":"Article","@id":"https:\/\/diarioellabrador.cl\/index.php\/2025\/10\/21\/victor-rivero-echa-por-tierra-pretension-de-la-serena-de-llegar-a-final-de-copa-chile-por-escritorio\/#article","isPartOf":{"@id":"https:\/\/diarioellabrador.cl\/index.php\/2025\/10\/21\/victor-rivero-echa-por-tierra-pretension-de-la-serena-de-llegar-a-final-de-copa-chile-por-escritorio\/"},"author":{"name":"Editor","@id":"https:\/\/diarioellabrador.cl\/#\/schema\/person\/bc25ff80b4563f9c7f4bd7855df01685"},"headline":"V\u00edctor Rivero echa por tierra pretensi\u00f3n de La Serena de llegar a final de Copa Chile por escritorio","datePublished":"2025-10-21T21:31:10+00:00","dateModified":"2025-10-21T21:31:12+00:00","mainEntityOfPage":{"@id":"https:\/\/diarioellabrador.cl\/index.php\/2025\/10\/21\/victor-rivero-echa-por-tierra-pretension-de-la-serena-de-llegar-a-final-de-copa-chile-por-escritorio\/"},"wordCount":326,"commentCount":0,"publisher":{"@id":"https:\/\/diarioellabrador.cl\/#organization"},"image":{"@id":"https:\/\/diarioellabrador.cl\/index.php\/2025\/10\/21\/victor-rivero-echa-por-tierra-pretension-de-la-serena-de-llegar-a-final-de-copa-chile-por-escritorio\/#primaryimage"},"thumbnailUrl":"https:\/\/diarioellabrador.cl\/wp-content\/uploads\/2025\/10\/Victor-Rivero-echa-por-tierra-pretension-de-La-Serena-de-llegar-a-final-de-Copa-Chile-por-escritorio.jpg","articleSection":["Deportes"],"inLanguage":"es","potentialAction":[{"@type":"CommentAction","name":"Comment","target":["https:\/\/diarioellabrador.cl\/index.php\/2025\/10\/21\/victor-rivero-echa-por-tierra-pretension-de-la-serena-de-llegar-a-final-de-copa-chile-por-escritorio\/#respond"]}]},{"@type":"WebPage","@id":"https:\/\/diarioellabrador.cl\/index.php\/2025\/10\/21\/victor-rivero-echa-por-tierra-pretension-de-la-serena-de-llegar-a-final-de-copa-chile-por-escritorio\/","url":"https:\/\/diarioellabrador.cl\/index.php\/2025\/10\/21\/victor-rivero-echa-por-tierra-pretension-de-la-serena-de-llegar-a-final-de-copa-chile-por-escritorio\/","name":"V\u00edctor Rivero echa por tierra pretensi\u00f3n de La Serena de llegar a final de Copa Chile por escritorio - Diario El Labrador","isPartOf":{"@id":"https:\/\/diarioellabrador.cl\/#website"},"primaryImageOfPage":{"@id":"https:\/\/diarioellabrador.cl\/index.php\/2025\/10\/21\/victor-rivero-echa-por-tierra-pretension-de-la-serena-de-llegar-a-final-de-copa-chile-por-escritorio\/#primaryimage"},"image":{"@id":"https:\/\/diarioellabrador.cl\/index.php\/2025\/10\/21\/victor-rivero-echa-por-tierra-pretension-de-la-serena-de-llegar-a-final-de-copa-chile-por-escritorio\/#primaryimage"},"thumbnailUrl":"https:\/\/diarioellabrador.cl\/wp-content\/uploads\/2025\/10\/Victor-Rivero-echa-por-tierra-pretension-de-La-Serena-de-llegar-a-final-de-Copa-Chile-por-escritorio.jpg","datePublished":"2025-10-21T21:31:10+00:00","dateModified":"2025-10-21T21:31:12+00:00","breadcrumb":{"@id":"https:\/\/diarioellabrador.cl\/index.php\/2025\/10\/21\/victor-rivero-echa-por-tierra-pretension-de-la-serena-de-llegar-a-final-de-copa-chile-por-escritorio\/#breadcrumb"},"inLanguage":"es","potentialAction":[{"@type":"ReadAction","target":["https:\/\/diarioellabrador.cl\/index.php\/2025\/10\/21\/victor-rivero-echa-por-tierra-pretension-de-la-serena-de-llegar-a-final-de-copa-chile-por-escritorio\/"]}]},{"@type":"ImageObject","inLanguage":"es","@id":"https:\/\/diarioellabrador.cl\/index.php\/2025\/10\/21\/victor-rivero-echa-por-tierra-pretension-de-la-serena-de-llegar-a-final-de-copa-chile-por-escritorio\/#primaryimage","url":"https:\/\/diarioellabrador.cl\/wp-content\/uploads\/2025\/10\/Victor-Rivero-echa-por-tierra-pretension-de-La-Serena-de-llegar-a-final-de-Copa-Chile-por-escritorio.jpg","contentUrl":"https:\/\/diarioellabrador.cl\/wp-content\/uploads\/2025\/10\/Victor-Rivero-echa-por-tierra-pretension-de-La-Serena-de-llegar-a-final-de-Copa-Chile-por-escritorio.jpg","width":768,"height":576},{"@type":"BreadcrumbList","@id":"https:\/\/diarioellabrador.cl\/index.php\/2025\/10\/21\/victor-rivero-echa-por-tierra-pretension-de-la-serena-de-llegar-a-final-de-copa-chile-por-escritorio\/#breadcrumb","itemListElement":[{"@type":"ListItem","position":1,"name":"Portada","item":"https:\/\/diarioellabrador.cl\/"},{"@type":"ListItem","position":2,"name":"V\u00edctor Rivero echa por tierra pretensi\u00f3n de La Serena de llegar a final de Copa Chile por escritorio"}]},{"@type":"WebSite","@id":"https:\/\/diarioellabrador.cl\/#website","url":"https:\/\/diarioellabrador.cl\/","name":"Diario El Labrador","description":"Haciendo noticia desde 1921","publisher":{"@id":"https:\/\/diarioellabrador.cl\/#organization"},"potentialAction":[{"@type":"SearchAction","target":{"@type":"EntryPoint","urlTemplate":"https:\/\/diarioellabrador.cl\/?s={search_term_string}"},"query-input":{"@type":"PropertyValueSpecification","valueRequired":true,"valueName":"search_term_string"}}],"inLanguage":"es"},{"@type":"Organization","@id":"https:\/\/diarioellabrador.cl\/#organization","name":"Diario El Labrador","url":"https:\/\/diarioellabrador.cl\/","logo":{"@type":"ImageObject","inLanguage":"es","@id":"https:\/\/diarioellabrador.cl\/#\/schema\/logo\/image\/","url":"https:\/\/diarioellabrador.cl\/wp-content\/uploads\/2025\/02\/cropped-Logo-Icono.png","contentUrl":"https:\/\/diarioellabrador.cl\/wp-content\/uploads\/2025\/02\/cropped-Logo-Icono.png","width":512,"height":512,"caption":"Diario El Labrador"},"image":{"@id":"https:\/\/diarioellabrador.cl\/#\/schema\/logo\/image\/"},"sameAs":["https:\/\/web.facebook.com\/profile.php?id=61576120840621","https:\/\/x.com\/ElLabradorOf","https:\/\/www.instagram.com\/diarioellabradoroficial\/"]},{"@type":"Person","@id":"https:\/\/diarioellabrador.cl\/#\/schema\/person\/bc25ff80b4563f9c7f4bd7855df01685","name":"Editor","image":{"@type":"ImageObject","inLanguage":"es","@id":"https:\/\/secure.gravatar.com\/avatar\/109c326cf2be5c04f048c2c2a2b8b6ef44bf3d8d1d3d4c55d0ac40c4bc994684?s=96&d=mm&r=g","url":"https:\/\/secure.gravatar.com\/avatar\/109c326cf2be5c04f048c2c2a2b8b6ef44bf3d8d1d3d4c55d0ac40c4bc994684?s=96&d=mm&r=g","contentUrl":"https:\/\/secure.gravatar.com\/avatar\/109c326cf2be5c04f048c2c2a2b8b6ef44bf3d8d1d3d4c55d0ac40c4bc994684?s=96&d=mm&r=g","caption":"Editor"},"url":"https:\/\/diarioellabrador.cl\/index.php\/author\/editor\/"}]}},"_links":{"self":[{"href":"https:\/\/diarioellabrador.cl\/index.php\/wp-json\/wp\/v2\/posts\/10216","targetHints":{"allow":["GET"]}}],"collection":[{"href":"https:\/\/diarioellabrador.cl\/index.php\/wp-json\/wp\/v2\/posts"}],"about":[{"href":"https:\/\/diarioellabrador.cl\/index.php\/wp-json\/wp\/v2\/types\/post"}],"author":[{"embeddable":true,"href":"https:\/\/diarioellabrador.cl\/index.php\/wp-json\/wp\/v2\/users\/2"}],"replies":[{"embeddable":true,"href":"https:\/\/diarioellabrador.cl\/index.php\/wp-json\/wp\/v2\/comments?post=10216"}],"version-history":[{"count":1,"href":"https:\/\/diarioellabrador.cl\/index.php\/wp-json\/wp\/v2\/posts\/10216\/revisions"}],"predecessor-version":[{"id":10217,"href":"https:\/\/diarioellabrador.cl\/index.php\/wp-json\/wp\/v2\/posts\/10216\/revisions\/10217"}],"wp:featuredmedia":[{"embeddable":true,"href":"https:\/\/diarioellabrador.cl\/index.php\/wp-json\/wp\/v2\/media\/10191"}],"wp:attachment":[{"href":"https:\/\/diarioellabrador.cl\/index.php\/wp-json\/wp\/v2\/media?parent=10216"}],"wp:term":[{"taxonomy":"category","embeddable":true,"href":"https:\/\/diarioellabrador.cl\/index.php\/wp-json\/wp\/v2\/categories?post=10216"},{"taxonomy":"post_tag","embeddable":true,"href":"https:\/\/diarioellabrador.cl\/index.php\/wp-json\/wp\/v2\/tags?post=10216"}],"curies":[{"name":"wp","href":"https:\/\/api.w.org\/{rel}","templated":true}]}}