{"id":10214,"date":"2025-10-21T17:30:43","date_gmt":"2025-10-21T21:30:43","guid":{"rendered":"https:\/\/diarioellabrador.cl\/?p=10214"},"modified":"2025-10-21T17:30:45","modified_gmt":"2025-10-21T21:30:45","slug":"dt-de-catolica-frena-a-la-u-por-insistencia-en-suspender-clasico-no-hay-nada-fuera-del-reglamento","status":"publish","type":"post","link":"https:\/\/diarioellabrador.cl\/index.php\/2025\/10\/21\/dt-de-catolica-frena-a-la-u-por-insistencia-en-suspender-clasico-no-hay-nada-fuera-del-reglamento\/","title":{"rendered":"DT de Cat\u00f3lica frena a La U por insistencia en suspender Cl\u00e1sico: \u00abNo hay nada fuera del reglamento\u00bb"},"content":{"rendered":"\n<p>El director t\u00e9cnico de Universidad Cat\u00f3lica, <strong>Daniel Garnero<\/strong>, habl\u00f3 fuerte respecto al <strong>Cl\u00e1sico Universitario<\/strong> ante <strong>La U<\/strong>, duelo programado para el pr\u00f3ximo domingo en el Claro Arena, el cual, los azules buscan suspender por tener que disputar -en la misma semana- la ida de Copa Sudamericana ante Lan\u00fas.<\/p>\n\n\n\n<p>\u201cLa verdad es que <strong>no veo nada que est\u00e9 fuera del reglamento, la fecha de competencia, cuando te tocan jugar torneos internacionales sucede esto<\/strong>, juegas cada tres d\u00edas y nos pas\u00f3 a nosotros, por suerte nos pas\u00f3 un mont\u00f3n de veces y el calendario es as\u00ed, te tocan cl\u00e1sicos y te tocan partidos decisivos en el medio, es parte del juego\u201d, precis\u00f3.<\/p>\n\n\n\n<p>En ese sentido, Garnero insisti\u00f3 que en la UC, si o s\u00ed quieren que el Cl\u00e1sico ante La U se juegue.<\/p>\n","protected":false},"excerpt":{"rendered":"<p>El director t\u00e9cnico de Universidad Cat\u00f3lica, Daniel Garnero, habl\u00f3 fuerte respecto al Cl\u00e1sico Universitario ante La U, duelo programado para el pr\u00f3ximo domingo en el Claro Arena, el cual, los azules buscan suspender por tener que disputar -en la misma semana- la ida de Copa Sudamericana ante Lan\u00fas. \u201cLa verdad es que no veo nada<\/p>\n<div class=\"read-more-wrapper\"><a class=\"read-more\" href=\"https:\/\/diarioellabrador.cl\/index.php\/2025\/10\/21\/dt-de-catolica-frena-a-la-u-por-insistencia-en-suspender-clasico-no-hay-nada-fuera-del-reglamento\/\" title=\"Leer m\u00e1s\"> <span class=\"button \">Leer m\u00e1s<\/span><\/a><\/div>\n","protected":false},"author":2,"featured_media":10190,"comment_status":"open","ping_status":"open","sticky":false,"template":"","format":"standard","meta":{"footnotes":""},"categories":[4],"tags":[],"class_list":["post-10214","post","type-post","status-publish","format-standard","has-post-thumbnail","hentry","category-deportes"],"yoast_head":"<!-- This site is optimized with the Yoast SEO plugin v27.5 - https:\/\/yoast.com\/product\/yoast-seo-wordpress\/ -->\n<title>DT de Cat\u00f3lica frena a La U por insistencia en suspender Cl\u00e1sico: &quot;No hay nada fuera del reglamento&quot; - Diario El Labrador<\/title>\n<meta name=\"robots\" content=\"index, follow, max-snippet:-1, max-image-preview:large, max-video-preview:-1\" \/>\n<link rel=\"canonical\" href=\"https:\/\/diarioellabrador.cl\/index.php\/2025\/10\/21\/dt-de-catolica-frena-a-la-u-por-insistencia-en-suspender-clasico-no-hay-nada-fuera-del-reglamento\/\" \/>\n<meta property=\"og:locale\" content=\"es_ES\" \/>\n<meta property=\"og:type\" content=\"article\" \/>\n<meta property=\"og:title\" content=\"DT de Cat\u00f3lica frena a La U por insistencia en suspender Cl\u00e1sico: &quot;No hay nada fuera del reglamento&quot; - Diario El Labrador\" \/>\n<meta property=\"og:description\" content=\"El director t\u00e9cnico de Universidad Cat\u00f3lica, Daniel Garnero, habl\u00f3 fuerte respecto al Cl\u00e1sico Universitario ante La U, duelo programado para el pr\u00f3ximo domingo en el Claro Arena, el cual, los azules buscan suspender por tener que disputar -en la misma semana- la ida de Copa Sudamericana ante Lan\u00fas. \u201cLa verdad es que no veo nada Leer m\u00e1s\" \/>\n<meta property=\"og:url\" content=\"https:\/\/diarioellabrador.cl\/index.php\/2025\/10\/21\/dt-de-catolica-frena-a-la-u-por-insistencia-en-suspender-clasico-no-hay-nada-fuera-del-reglamento\/\" \/>\n<meta property=\"og:site_name\" content=\"Diario El Labrador\" \/>\n<meta property=\"article:publisher\" content=\"https:\/\/web.facebook.com\/profile.php?id=61576120840621\" \/>\n<meta property=\"article:published_time\" content=\"2025-10-21T21:30:43+00:00\" \/>\n<meta property=\"article:modified_time\" content=\"2025-10-21T21:30:45+00:00\" \/>\n<meta property=\"og:image\" content=\"https:\/\/diarioellabrador.cl\/wp-content\/uploads\/2025\/10\/DT-de-Catolica-frena-a-La-U-por-insistencia-en-suspender-Clasico-No-hay-nada-fuera-del-reglamento.jpg\" \/>\n\t<meta property=\"og:image:width\" content=\"1920\" \/>\n\t<meta property=\"og:image:height\" content=\"1080\" \/>\n\t<meta property=\"og:image:type\" content=\"image\/jpeg\" \/>\n<meta name=\"author\" content=\"Editor\" \/>\n<meta name=\"twitter:card\" content=\"summary_large_image\" \/>\n<meta name=\"twitter:creator\" content=\"@ElLabradorOf\" \/>\n<meta name=\"twitter:site\" content=\"@ElLabradorOf\" \/>\n<meta name=\"twitter:label1\" content=\"Escrito por\" \/>\n\t<meta name=\"twitter:data1\" content=\"Editor\" \/>\n\t<meta name=\"twitter:label2\" content=\"Tiempo de lectura\" \/>\n\t<meta name=\"twitter:data2\" content=\"1 minuto\" \/>\n<script type=\"application\/ld+json\" class=\"yoast-schema-graph\">{\"@context\":\"https:\\\/\\\/schema.org\",\"@graph\":[{\"@type\":\"Article\",\"@id\":\"https:\\\/\\\/diarioellabrador.cl\\\/index.php\\\/2025\\\/10\\\/21\\\/dt-de-catolica-frena-a-la-u-por-insistencia-en-suspender-clasico-no-hay-nada-fuera-del-reglamento\\\/#article\",\"isPartOf\":{\"@id\":\"https:\\\/\\\/diarioellabrador.cl\\\/index.php\\\/2025\\\/10\\\/21\\\/dt-de-catolica-frena-a-la-u-por-insistencia-en-suspender-clasico-no-hay-nada-fuera-del-reglamento\\\/\"},\"author\":{\"name\":\"Editor\",\"@id\":\"https:\\\/\\\/diarioellabrador.cl\\\/#\\\/schema\\\/person\\\/bc25ff80b4563f9c7f4bd7855df01685\"},\"headline\":\"DT de Cat\u00f3lica frena a La U por insistencia en suspender Cl\u00e1sico: \u00abNo hay nada fuera del reglamento\u00bb\",\"datePublished\":\"2025-10-21T21:30:43+00:00\",\"dateModified\":\"2025-10-21T21:30:45+00:00\",\"mainEntityOfPage\":{\"@id\":\"https:\\\/\\\/diarioellabrador.cl\\\/index.php\\\/2025\\\/10\\\/21\\\/dt-de-catolica-frena-a-la-u-por-insistencia-en-suspender-clasico-no-hay-nada-fuera-del-reglamento\\\/\"},\"wordCount\":160,\"commentCount\":0,\"publisher\":{\"@id\":\"https:\\\/\\\/diarioellabrador.cl\\\/#organization\"},\"image\":{\"@id\":\"https:\\\/\\\/diarioellabrador.cl\\\/index.php\\\/2025\\\/10\\\/21\\\/dt-de-catolica-frena-a-la-u-por-insistencia-en-suspender-clasico-no-hay-nada-fuera-del-reglamento\\\/#primaryimage\"},\"thumbnailUrl\":\"https:\\\/\\\/diarioellabrador.cl\\\/wp-content\\\/uploads\\\/2025\\\/10\\\/DT-de-Catolica-frena-a-La-U-por-insistencia-en-suspender-Clasico-No-hay-nada-fuera-del-reglamento.jpg\",\"articleSection\":[\"Deportes\"],\"inLanguage\":\"es\",\"potentialAction\":[{\"@type\":\"CommentAction\",\"name\":\"Comment\",\"target\":[\"https:\\\/\\\/diarioellabrador.cl\\\/index.php\\\/2025\\\/10\\\/21\\\/dt-de-catolica-frena-a-la-u-por-insistencia-en-suspender-clasico-no-hay-nada-fuera-del-reglamento\\\/#respond\"]}]},{\"@type\":\"WebPage\",\"@id\":\"https:\\\/\\\/diarioellabrador.cl\\\/index.php\\\/2025\\\/10\\\/21\\\/dt-de-catolica-frena-a-la-u-por-insistencia-en-suspender-clasico-no-hay-nada-fuera-del-reglamento\\\/\",\"url\":\"https:\\\/\\\/diarioellabrador.cl\\\/index.php\\\/2025\\\/10\\\/21\\\/dt-de-catolica-frena-a-la-u-por-insistencia-en-suspender-clasico-no-hay-nada-fuera-del-reglamento\\\/\",\"name\":\"DT de Cat\u00f3lica frena a La U por insistencia en suspender Cl\u00e1sico: \\\"No hay nada fuera del reglamento\\\" - Diario El Labrador\",\"isPartOf\":{\"@id\":\"https:\\\/\\\/diarioellabrador.cl\\\/#website\"},\"primaryImageOfPage\":{\"@id\":\"https:\\\/\\\/diarioellabrador.cl\\\/index.php\\\/2025\\\/10\\\/21\\\/dt-de-catolica-frena-a-la-u-por-insistencia-en-suspender-clasico-no-hay-nada-fuera-del-reglamento\\\/#primaryimage\"},\"image\":{\"@id\":\"https:\\\/\\\/diarioellabrador.cl\\\/index.php\\\/2025\\\/10\\\/21\\\/dt-de-catolica-frena-a-la-u-por-insistencia-en-suspender-clasico-no-hay-nada-fuera-del-reglamento\\\/#primaryimage\"},\"thumbnailUrl\":\"https:\\\/\\\/diarioellabrador.cl\\\/wp-content\\\/uploads\\\/2025\\\/10\\\/DT-de-Catolica-frena-a-La-U-por-insistencia-en-suspender-Clasico-No-hay-nada-fuera-del-reglamento.jpg\",\"datePublished\":\"2025-10-21T21:30:43+00:00\",\"dateModified\":\"2025-10-21T21:30:45+00:00\",\"breadcrumb\":{\"@id\":\"https:\\\/\\\/diarioellabrador.cl\\\/index.php\\\/2025\\\/10\\\/21\\\/dt-de-catolica-frena-a-la-u-por-insistencia-en-suspender-clasico-no-hay-nada-fuera-del-reglamento\\\/#breadcrumb\"},\"inLanguage\":\"es\",\"potentialAction\":[{\"@type\":\"ReadAction\",\"target\":[\"https:\\\/\\\/diarioellabrador.cl\\\/index.php\\\/2025\\\/10\\\/21\\\/dt-de-catolica-frena-a-la-u-por-insistencia-en-suspender-clasico-no-hay-nada-fuera-del-reglamento\\\/\"]}]},{\"@type\":\"ImageObject\",\"inLanguage\":\"es\",\"@id\":\"https:\\\/\\\/diarioellabrador.cl\\\/index.php\\\/2025\\\/10\\\/21\\\/dt-de-catolica-frena-a-la-u-por-insistencia-en-suspender-clasico-no-hay-nada-fuera-del-reglamento\\\/#primaryimage\",\"url\":\"https:\\\/\\\/diarioellabrador.cl\\\/wp-content\\\/uploads\\\/2025\\\/10\\\/DT-de-Catolica-frena-a-La-U-por-insistencia-en-suspender-Clasico-No-hay-nada-fuera-del-reglamento.jpg\",\"contentUrl\":\"https:\\\/\\\/diarioellabrador.cl\\\/wp-content\\\/uploads\\\/2025\\\/10\\\/DT-de-Catolica-frena-a-La-U-por-insistencia-en-suspender-Clasico-No-hay-nada-fuera-del-reglamento.jpg\",\"width\":1920,\"height\":1080},{\"@type\":\"BreadcrumbList\",\"@id\":\"https:\\\/\\\/diarioellabrador.cl\\\/index.php\\\/2025\\\/10\\\/21\\\/dt-de-catolica-frena-a-la-u-por-insistencia-en-suspender-clasico-no-hay-nada-fuera-del-reglamento\\\/#breadcrumb\",\"itemListElement\":[{\"@type\":\"ListItem\",\"position\":1,\"name\":\"Portada\",\"item\":\"https:\\\/\\\/diarioellabrador.cl\\\/\"},{\"@type\":\"ListItem\",\"position\":2,\"name\":\"DT de Cat\u00f3lica frena a La U por insistencia en suspender Cl\u00e1sico: \u00abNo hay nada fuera del reglamento\u00bb\"}]},{\"@type\":\"WebSite\",\"@id\":\"https:\\\/\\\/diarioellabrador.cl\\\/#website\",\"url\":\"https:\\\/\\\/diarioellabrador.cl\\\/\",\"name\":\"Diario El Labrador\",\"description\":\"Haciendo noticia desde 1921\",\"publisher\":{\"@id\":\"https:\\\/\\\/diarioellabrador.cl\\\/#organization\"},\"potentialAction\":[{\"@type\":\"SearchAction\",\"target\":{\"@type\":\"EntryPoint\",\"urlTemplate\":\"https:\\\/\\\/diarioellabrador.cl\\\/?s={search_term_string}\"},\"query-input\":{\"@type\":\"PropertyValueSpecification\",\"valueRequired\":true,\"valueName\":\"search_term_string\"}}],\"inLanguage\":\"es\"},{\"@type\":\"Organization\",\"@id\":\"https:\\\/\\\/diarioellabrador.cl\\\/#organization\",\"name\":\"Diario El Labrador\",\"url\":\"https:\\\/\\\/diarioellabrador.cl\\\/\",\"logo\":{\"@type\":\"ImageObject\",\"inLanguage\":\"es\",\"@id\":\"https:\\\/\\\/diarioellabrador.cl\\\/#\\\/schema\\\/logo\\\/image\\\/\",\"url\":\"https:\\\/\\\/diarioellabrador.cl\\\/wp-content\\\/uploads\\\/2025\\\/02\\\/cropped-Logo-Icono.png\",\"contentUrl\":\"https:\\\/\\\/diarioellabrador.cl\\\/wp-content\\\/uploads\\\/2025\\\/02\\\/cropped-Logo-Icono.png\",\"width\":512,\"height\":512,\"caption\":\"Diario El Labrador\"},\"image\":{\"@id\":\"https:\\\/\\\/diarioellabrador.cl\\\/#\\\/schema\\\/logo\\\/image\\\/\"},\"sameAs\":[\"https:\\\/\\\/web.facebook.com\\\/profile.php?id=61576120840621\",\"https:\\\/\\\/x.com\\\/ElLabradorOf\",\"https:\\\/\\\/www.instagram.com\\\/diarioellabradoroficial\\\/\"]},{\"@type\":\"Person\",\"@id\":\"https:\\\/\\\/diarioellabrador.cl\\\/#\\\/schema\\\/person\\\/bc25ff80b4563f9c7f4bd7855df01685\",\"name\":\"Editor\",\"image\":{\"@type\":\"ImageObject\",\"inLanguage\":\"es\",\"@id\":\"https:\\\/\\\/secure.gravatar.com\\\/avatar\\\/109c326cf2be5c04f048c2c2a2b8b6ef44bf3d8d1d3d4c55d0ac40c4bc994684?s=96&d=mm&r=g\",\"url\":\"https:\\\/\\\/secure.gravatar.com\\\/avatar\\\/109c326cf2be5c04f048c2c2a2b8b6ef44bf3d8d1d3d4c55d0ac40c4bc994684?s=96&d=mm&r=g\",\"contentUrl\":\"https:\\\/\\\/secure.gravatar.com\\\/avatar\\\/109c326cf2be5c04f048c2c2a2b8b6ef44bf3d8d1d3d4c55d0ac40c4bc994684?s=96&d=mm&r=g\",\"caption\":\"Editor\"},\"url\":\"https:\\\/\\\/diarioellabrador.cl\\\/index.php\\\/author\\\/editor\\\/\"}]}<\/script>\n<!-- \/ Yoast SEO plugin. -->","yoast_head_json":{"title":"DT de Cat\u00f3lica frena a La U por insistencia en suspender Cl\u00e1sico: \"No hay nada fuera del reglamento\" - Diario El Labrador","robots":{"index":"index","follow":"follow","max-snippet":"max-snippet:-1","max-image-preview":"max-image-preview:large","max-video-preview":"max-video-preview:-1"},"canonical":"https:\/\/diarioellabrador.cl\/index.php\/2025\/10\/21\/dt-de-catolica-frena-a-la-u-por-insistencia-en-suspender-clasico-no-hay-nada-fuera-del-reglamento\/","og_locale":"es_ES","og_type":"article","og_title":"DT de Cat\u00f3lica frena a La U por insistencia en suspender Cl\u00e1sico: \"No hay nada fuera del reglamento\" - Diario El Labrador","og_description":"El director t\u00e9cnico de Universidad Cat\u00f3lica, Daniel Garnero, habl\u00f3 fuerte respecto al Cl\u00e1sico Universitario ante La U, duelo programado para el pr\u00f3ximo domingo en el Claro Arena, el cual, los azules buscan suspender por tener que disputar -en la misma semana- la ida de Copa Sudamericana ante Lan\u00fas. \u201cLa verdad es que no veo nada Leer m\u00e1s","og_url":"https:\/\/diarioellabrador.cl\/index.php\/2025\/10\/21\/dt-de-catolica-frena-a-la-u-por-insistencia-en-suspender-clasico-no-hay-nada-fuera-del-reglamento\/","og_site_name":"Diario El Labrador","article_publisher":"https:\/\/web.facebook.com\/profile.php?id=61576120840621","article_published_time":"2025-10-21T21:30:43+00:00","article_modified_time":"2025-10-21T21:30:45+00:00","og_image":[{"width":1920,"height":1080,"url":"https:\/\/diarioellabrador.cl\/wp-content\/uploads\/2025\/10\/DT-de-Catolica-frena-a-La-U-por-insistencia-en-suspender-Clasico-No-hay-nada-fuera-del-reglamento.jpg","type":"image\/jpeg"}],"author":"Editor","twitter_card":"summary_large_image","twitter_creator":"@ElLabradorOf","twitter_site":"@ElLabradorOf","twitter_misc":{"Escrito por":"Editor","Tiempo de lectura":"1 minuto"},"schema":{"@context":"https:\/\/schema.org","@graph":[{"@type":"Article","@id":"https:\/\/diarioellabrador.cl\/index.php\/2025\/10\/21\/dt-de-catolica-frena-a-la-u-por-insistencia-en-suspender-clasico-no-hay-nada-fuera-del-reglamento\/#article","isPartOf":{"@id":"https:\/\/diarioellabrador.cl\/index.php\/2025\/10\/21\/dt-de-catolica-frena-a-la-u-por-insistencia-en-suspender-clasico-no-hay-nada-fuera-del-reglamento\/"},"author":{"name":"Editor","@id":"https:\/\/diarioellabrador.cl\/#\/schema\/person\/bc25ff80b4563f9c7f4bd7855df01685"},"headline":"DT de Cat\u00f3lica frena a La U por insistencia en suspender Cl\u00e1sico: \u00abNo hay nada fuera del reglamento\u00bb","datePublished":"2025-10-21T21:30:43+00:00","dateModified":"2025-10-21T21:30:45+00:00","mainEntityOfPage":{"@id":"https:\/\/diarioellabrador.cl\/index.php\/2025\/10\/21\/dt-de-catolica-frena-a-la-u-por-insistencia-en-suspender-clasico-no-hay-nada-fuera-del-reglamento\/"},"wordCount":160,"commentCount":0,"publisher":{"@id":"https:\/\/diarioellabrador.cl\/#organization"},"image":{"@id":"https:\/\/diarioellabrador.cl\/index.php\/2025\/10\/21\/dt-de-catolica-frena-a-la-u-por-insistencia-en-suspender-clasico-no-hay-nada-fuera-del-reglamento\/#primaryimage"},"thumbnailUrl":"https:\/\/diarioellabrador.cl\/wp-content\/uploads\/2025\/10\/DT-de-Catolica-frena-a-La-U-por-insistencia-en-suspender-Clasico-No-hay-nada-fuera-del-reglamento.jpg","articleSection":["Deportes"],"inLanguage":"es","potentialAction":[{"@type":"CommentAction","name":"Comment","target":["https:\/\/diarioellabrador.cl\/index.php\/2025\/10\/21\/dt-de-catolica-frena-a-la-u-por-insistencia-en-suspender-clasico-no-hay-nada-fuera-del-reglamento\/#respond"]}]},{"@type":"WebPage","@id":"https:\/\/diarioellabrador.cl\/index.php\/2025\/10\/21\/dt-de-catolica-frena-a-la-u-por-insistencia-en-suspender-clasico-no-hay-nada-fuera-del-reglamento\/","url":"https:\/\/diarioellabrador.cl\/index.php\/2025\/10\/21\/dt-de-catolica-frena-a-la-u-por-insistencia-en-suspender-clasico-no-hay-nada-fuera-del-reglamento\/","name":"DT de Cat\u00f3lica frena a La U por insistencia en suspender Cl\u00e1sico: \"No hay nada fuera del reglamento\" - Diario El Labrador","isPartOf":{"@id":"https:\/\/diarioellabrador.cl\/#website"},"primaryImageOfPage":{"@id":"https:\/\/diarioellabrador.cl\/index.php\/2025\/10\/21\/dt-de-catolica-frena-a-la-u-por-insistencia-en-suspender-clasico-no-hay-nada-fuera-del-reglamento\/#primaryimage"},"image":{"@id":"https:\/\/diarioellabrador.cl\/index.php\/2025\/10\/21\/dt-de-catolica-frena-a-la-u-por-insistencia-en-suspender-clasico-no-hay-nada-fuera-del-reglamento\/#primaryimage"},"thumbnailUrl":"https:\/\/diarioellabrador.cl\/wp-content\/uploads\/2025\/10\/DT-de-Catolica-frena-a-La-U-por-insistencia-en-suspender-Clasico-No-hay-nada-fuera-del-reglamento.jpg","datePublished":"2025-10-21T21:30:43+00:00","dateModified":"2025-10-21T21:30:45+00:00","breadcrumb":{"@id":"https:\/\/diarioellabrador.cl\/index.php\/2025\/10\/21\/dt-de-catolica-frena-a-la-u-por-insistencia-en-suspender-clasico-no-hay-nada-fuera-del-reglamento\/#breadcrumb"},"inLanguage":"es","potentialAction":[{"@type":"ReadAction","target":["https:\/\/diarioellabrador.cl\/index.php\/2025\/10\/21\/dt-de-catolica-frena-a-la-u-por-insistencia-en-suspender-clasico-no-hay-nada-fuera-del-reglamento\/"]}]},{"@type":"ImageObject","inLanguage":"es","@id":"https:\/\/diarioellabrador.cl\/index.php\/2025\/10\/21\/dt-de-catolica-frena-a-la-u-por-insistencia-en-suspender-clasico-no-hay-nada-fuera-del-reglamento\/#primaryimage","url":"https:\/\/diarioellabrador.cl\/wp-content\/uploads\/2025\/10\/DT-de-Catolica-frena-a-La-U-por-insistencia-en-suspender-Clasico-No-hay-nada-fuera-del-reglamento.jpg","contentUrl":"https:\/\/diarioellabrador.cl\/wp-content\/uploads\/2025\/10\/DT-de-Catolica-frena-a-La-U-por-insistencia-en-suspender-Clasico-No-hay-nada-fuera-del-reglamento.jpg","width":1920,"height":1080},{"@type":"BreadcrumbList","@id":"https:\/\/diarioellabrador.cl\/index.php\/2025\/10\/21\/dt-de-catolica-frena-a-la-u-por-insistencia-en-suspender-clasico-no-hay-nada-fuera-del-reglamento\/#breadcrumb","itemListElement":[{"@type":"ListItem","position":1,"name":"Portada","item":"https:\/\/diarioellabrador.cl\/"},{"@type":"ListItem","position":2,"name":"DT de Cat\u00f3lica frena a La U por insistencia en suspender Cl\u00e1sico: \u00abNo hay nada fuera del reglamento\u00bb"}]},{"@type":"WebSite","@id":"https:\/\/diarioellabrador.cl\/#website","url":"https:\/\/diarioellabrador.cl\/","name":"Diario El Labrador","description":"Haciendo noticia desde 1921","publisher":{"@id":"https:\/\/diarioellabrador.cl\/#organization"},"potentialAction":[{"@type":"SearchAction","target":{"@type":"EntryPoint","urlTemplate":"https:\/\/diarioellabrador.cl\/?s={search_term_string}"},"query-input":{"@type":"PropertyValueSpecification","valueRequired":true,"valueName":"search_term_string"}}],"inLanguage":"es"},{"@type":"Organization","@id":"https:\/\/diarioellabrador.cl\/#organization","name":"Diario El Labrador","url":"https:\/\/diarioellabrador.cl\/","logo":{"@type":"ImageObject","inLanguage":"es","@id":"https:\/\/diarioellabrador.cl\/#\/schema\/logo\/image\/","url":"https:\/\/diarioellabrador.cl\/wp-content\/uploads\/2025\/02\/cropped-Logo-Icono.png","contentUrl":"https:\/\/diarioellabrador.cl\/wp-content\/uploads\/2025\/02\/cropped-Logo-Icono.png","width":512,"height":512,"caption":"Diario El Labrador"},"image":{"@id":"https:\/\/diarioellabrador.cl\/#\/schema\/logo\/image\/"},"sameAs":["https:\/\/web.facebook.com\/profile.php?id=61576120840621","https:\/\/x.com\/ElLabradorOf","https:\/\/www.instagram.com\/diarioellabradoroficial\/"]},{"@type":"Person","@id":"https:\/\/diarioellabrador.cl\/#\/schema\/person\/bc25ff80b4563f9c7f4bd7855df01685","name":"Editor","image":{"@type":"ImageObject","inLanguage":"es","@id":"https:\/\/secure.gravatar.com\/avatar\/109c326cf2be5c04f048c2c2a2b8b6ef44bf3d8d1d3d4c55d0ac40c4bc994684?s=96&d=mm&r=g","url":"https:\/\/secure.gravatar.com\/avatar\/109c326cf2be5c04f048c2c2a2b8b6ef44bf3d8d1d3d4c55d0ac40c4bc994684?s=96&d=mm&r=g","contentUrl":"https:\/\/secure.gravatar.com\/avatar\/109c326cf2be5c04f048c2c2a2b8b6ef44bf3d8d1d3d4c55d0ac40c4bc994684?s=96&d=mm&r=g","caption":"Editor"},"url":"https:\/\/diarioellabrador.cl\/index.php\/author\/editor\/"}]}},"_links":{"self":[{"href":"https:\/\/diarioellabrador.cl\/index.php\/wp-json\/wp\/v2\/posts\/10214","targetHints":{"allow":["GET"]}}],"collection":[{"href":"https:\/\/diarioellabrador.cl\/index.php\/wp-json\/wp\/v2\/posts"}],"about":[{"href":"https:\/\/diarioellabrador.cl\/index.php\/wp-json\/wp\/v2\/types\/post"}],"author":[{"embeddable":true,"href":"https:\/\/diarioellabrador.cl\/index.php\/wp-json\/wp\/v2\/users\/2"}],"replies":[{"embeddable":true,"href":"https:\/\/diarioellabrador.cl\/index.php\/wp-json\/wp\/v2\/comments?post=10214"}],"version-history":[{"count":1,"href":"https:\/\/diarioellabrador.cl\/index.php\/wp-json\/wp\/v2\/posts\/10214\/revisions"}],"predecessor-version":[{"id":10215,"href":"https:\/\/diarioellabrador.cl\/index.php\/wp-json\/wp\/v2\/posts\/10214\/revisions\/10215"}],"wp:featuredmedia":[{"embeddable":true,"href":"https:\/\/diarioellabrador.cl\/index.php\/wp-json\/wp\/v2\/media\/10190"}],"wp:attachment":[{"href":"https:\/\/diarioellabrador.cl\/index.php\/wp-json\/wp\/v2\/media?parent=10214"}],"wp:term":[{"taxonomy":"category","embeddable":true,"href":"https:\/\/diarioellabrador.cl\/index.php\/wp-json\/wp\/v2\/categories?post=10214"},{"taxonomy":"post_tag","embeddable":true,"href":"https:\/\/diarioellabrador.cl\/index.php\/wp-json\/wp\/v2\/tags?post=10214"}],"curies":[{"name":"wp","href":"https:\/\/api.w.org\/{rel}","templated":true}]}}