{"id":10175,"date":"2025-10-20T18:58:52","date_gmt":"2025-10-20T22:58:52","guid":{"rendered":"https:\/\/diarioellabrador.cl\/?p=10175"},"modified":"2025-10-20T18:58:53","modified_gmt":"2025-10-20T22:58:53","slug":"avanza-en-el-senado-proyecto-que-prohibe-uso-de-celulares-en-todos-los-niveles-educativos-de-colegios","status":"publish","type":"post","link":"https:\/\/diarioellabrador.cl\/index.php\/2025\/10\/20\/avanza-en-el-senado-proyecto-que-prohibe-uso-de-celulares-en-todos-los-niveles-educativos-de-colegios\/","title":{"rendered":"Avanza en el Senado proyecto que proh\u00edbe uso de celulares en todos los niveles educativos de colegios"},"content":{"rendered":"\n<p>La Comisi\u00f3n de Educaci\u00f3n del Senado despach\u00f3 en particular el <strong>proyecto que regula y proh\u00edbe el uso de celulares en establecimientos educacionales<\/strong>, fijando ciertas excepciones por temas de salud, emergencia, entre otros. Qued\u00f3 listo para ser discutido en Sala.<\/p>\n\n\n\n<p>En su segundo tr\u00e1mite, a la iniciativa -que proh\u00edbe \u201cel uso de dispositivos m\u00f3viles electr\u00f3nicos de comunicaci\u00f3n personal en los niveles de educaci\u00f3n parvularia, b\u00e1sica y media\u201d- se le introdujo modificaciones respecto del texto que fue aprobado en general por la Sala.<\/p>\n\n\n\n<p>En lo fundamental, ahora se proh\u00edbe el uso de celulares en las salas de clases y se se\u00f1ala que los reglamentos de los distintos establecimientos educacionales deber\u00e1n disponer de las medidas necesarias para materializar esta prohibici\u00f3n.<\/p>\n\n\n\n<p>Cabe recordar que la propuesta original planteaba la prohibici\u00f3n desde el nivel parvulario hasta s\u00e9ptimo b\u00e1sico y regulaba el uso desde ese nivel hasta cuarto medio.<\/p>\n\n\n\n<h2 class=\"wp-block-heading\">Excepciones a la prohibici\u00f3n de usar celulares en colegios<\/h2>\n\n\n\n<p>Ahora, pese a que la prohibici\u00f3n aplicar\u00e1 a todos los niveles educativos de los colegios, <strong>se fijan las siguientes excepciones<\/strong>:<\/p>\n\n\n\n<p>-Si el estudiante presenta necesidades educativas especiales, en las que el uso adecuado de medios tecnol\u00f3gicos de telefon\u00eda m\u00f3vil se considere como una ayuda t\u00e9cnica al servicio de sus aprendizajes.<\/p>\n\n\n\n<p>-Si existe una situaci\u00f3n de emergencia, desastre o cat\u00e1strofe.<\/p>\n\n\n\n<p>-Si el estudiante presenta una enfermedad o condici\u00f3n de salud, diagnosticada por un m\u00e9dico, que requiera monitoreo peri\u00f3dico a trav\u00e9s de medios tecnol\u00f3gicos de telefon\u00eda m\u00f3vil.<\/p>\n\n\n\n<p>-Si el uso de los dispositivos m\u00f3viles es \u00fatil para la ense\u00f1anza en funci\u00f3n de la naturaleza de la actividad curricular o extracurricular en los establecimientos educacionales que imparten educaci\u00f3n b\u00e1sica o media.<\/p>\n\n\n\n<p>-Si el padre, madre o apoderado lo solicita fundadamente y de forma temporal \u00fanicamente por razones de seguridad personal o familiar del estudiante.<\/p>\n\n\n\n<h2 class=\"wp-block-heading\">Precisiones desde el Senado<\/h2>\n\n\n\n<p>Desde el <a href=\"https:\/\/www.senado.cl\/comunicaciones\/noticias\/aprueban-prohibir-uso-de-celulares-en-todos-los-niveles-educativos-de-los\" target=\"_blank\" rel=\"noreferrer noopener\">Senado <\/a>precisan que la prohibici\u00f3n se aplica durante el desarrollo de actividades curriculares dentro de la sala de clases y se extiende a todos los integrantes de la comunidad educativa, salvo en los casos de excepciones que establece la ley.<\/p>\n\n\n\n<p>No obstante, en el nivel de educaci\u00f3n media, el reglamento de los colegios podr\u00e1 disponer espacios, horarios o actividades espec\u00edficas en que su utilizaci\u00f3n sea autorizada.<\/p>\n\n\n\n<p>Finalmente, la iniciativa tambi\u00e9n considera que se debe informar sobre el uso responsable y los riesgos asociados, promoviendo instancias formativas que prevengan el uso indebido o la comisi\u00f3n de delitos mediante estos medios.<\/p>\n","protected":false},"excerpt":{"rendered":"<p>La Comisi\u00f3n de Educaci\u00f3n del Senado despach\u00f3 en particular el proyecto que regula y proh\u00edbe el uso de celulares en establecimientos educacionales, fijando ciertas excepciones por temas de salud, emergencia, entre otros. Qued\u00f3 listo para ser discutido en Sala. En su segundo tr\u00e1mite, a la iniciativa -que proh\u00edbe \u201cel uso de dispositivos m\u00f3viles electr\u00f3nicos de<\/p>\n<div class=\"read-more-wrapper\"><a class=\"read-more\" href=\"https:\/\/diarioellabrador.cl\/index.php\/2025\/10\/20\/avanza-en-el-senado-proyecto-que-prohibe-uso-de-celulares-en-todos-los-niveles-educativos-de-colegios\/\" title=\"Leer m\u00e1s\"> <span class=\"button \">Leer m\u00e1s<\/span><\/a><\/div>\n","protected":false},"author":2,"featured_media":10119,"comment_status":"open","ping_status":"open","sticky":false,"template":"","format":"standard","meta":{"footnotes":""},"categories":[1],"tags":[],"class_list":["post-10175","post","type-post","status-publish","format-standard","has-post-thumbnail","hentry","category-cronica"],"yoast_head":"<!-- This site is optimized with the Yoast SEO plugin v27.5 - https:\/\/yoast.com\/product\/yoast-seo-wordpress\/ -->\n<title>Avanza en el Senado proyecto que proh\u00edbe uso de celulares en todos los niveles educativos de colegios - Diario El Labrador<\/title>\n<meta name=\"robots\" content=\"index, follow, max-snippet:-1, max-image-preview:large, max-video-preview:-1\" \/>\n<link rel=\"canonical\" href=\"https:\/\/diarioellabrador.cl\/index.php\/2025\/10\/20\/avanza-en-el-senado-proyecto-que-prohibe-uso-de-celulares-en-todos-los-niveles-educativos-de-colegios\/\" \/>\n<meta property=\"og:locale\" content=\"es_ES\" \/>\n<meta property=\"og:type\" content=\"article\" \/>\n<meta property=\"og:title\" content=\"Avanza en el Senado proyecto que proh\u00edbe uso de celulares en todos los niveles educativos de colegios - Diario El Labrador\" \/>\n<meta property=\"og:description\" content=\"La Comisi\u00f3n de Educaci\u00f3n del Senado despach\u00f3 en particular el proyecto que regula y proh\u00edbe el uso de celulares en establecimientos educacionales, fijando ciertas excepciones por temas de salud, emergencia, entre otros. Qued\u00f3 listo para ser discutido en Sala. En su segundo tr\u00e1mite, a la iniciativa -que proh\u00edbe \u201cel uso de dispositivos m\u00f3viles electr\u00f3nicos de Leer m\u00e1s\" \/>\n<meta property=\"og:url\" content=\"https:\/\/diarioellabrador.cl\/index.php\/2025\/10\/20\/avanza-en-el-senado-proyecto-que-prohibe-uso-de-celulares-en-todos-los-niveles-educativos-de-colegios\/\" \/>\n<meta property=\"og:site_name\" content=\"Diario El Labrador\" \/>\n<meta property=\"article:publisher\" content=\"https:\/\/web.facebook.com\/profile.php?id=61576120840621\" \/>\n<meta property=\"article:published_time\" content=\"2025-10-20T22:58:52+00:00\" \/>\n<meta property=\"article:modified_time\" content=\"2025-10-20T22:58:53+00:00\" \/>\n<meta property=\"og:image\" content=\"https:\/\/diarioellabrador.cl\/wp-content\/uploads\/2025\/10\/Avanza-en-el-Senado-proyecto-que-prohibe-uso-de-celulares-en-todos-los-niveles-educativos-de-colegios-1024x667.png\" \/>\n\t<meta property=\"og:image:width\" content=\"1024\" \/>\n\t<meta property=\"og:image:height\" content=\"667\" \/>\n\t<meta property=\"og:image:type\" content=\"image\/png\" \/>\n<meta name=\"author\" content=\"Editor\" \/>\n<meta name=\"twitter:card\" content=\"summary_large_image\" \/>\n<meta name=\"twitter:creator\" content=\"@ElLabradorOf\" \/>\n<meta name=\"twitter:site\" content=\"@ElLabradorOf\" \/>\n<meta name=\"twitter:label1\" content=\"Escrito por\" \/>\n\t<meta name=\"twitter:data1\" content=\"Editor\" \/>\n\t<meta name=\"twitter:label2\" content=\"Tiempo de lectura\" \/>\n\t<meta name=\"twitter:data2\" content=\"2 minutos\" \/>\n<script type=\"application\/ld+json\" class=\"yoast-schema-graph\">{\"@context\":\"https:\\\/\\\/schema.org\",\"@graph\":[{\"@type\":\"Article\",\"@id\":\"https:\\\/\\\/diarioellabrador.cl\\\/index.php\\\/2025\\\/10\\\/20\\\/avanza-en-el-senado-proyecto-que-prohibe-uso-de-celulares-en-todos-los-niveles-educativos-de-colegios\\\/#article\",\"isPartOf\":{\"@id\":\"https:\\\/\\\/diarioellabrador.cl\\\/index.php\\\/2025\\\/10\\\/20\\\/avanza-en-el-senado-proyecto-que-prohibe-uso-de-celulares-en-todos-los-niveles-educativos-de-colegios\\\/\"},\"author\":{\"name\":\"Editor\",\"@id\":\"https:\\\/\\\/diarioellabrador.cl\\\/#\\\/schema\\\/person\\\/bc25ff80b4563f9c7f4bd7855df01685\"},\"headline\":\"Avanza en el Senado proyecto que proh\u00edbe uso de celulares en todos los niveles educativos de colegios\",\"datePublished\":\"2025-10-20T22:58:52+00:00\",\"dateModified\":\"2025-10-20T22:58:53+00:00\",\"mainEntityOfPage\":{\"@id\":\"https:\\\/\\\/diarioellabrador.cl\\\/index.php\\\/2025\\\/10\\\/20\\\/avanza-en-el-senado-proyecto-que-prohibe-uso-de-celulares-en-todos-los-niveles-educativos-de-colegios\\\/\"},\"wordCount\":460,\"commentCount\":0,\"publisher\":{\"@id\":\"https:\\\/\\\/diarioellabrador.cl\\\/#organization\"},\"image\":{\"@id\":\"https:\\\/\\\/diarioellabrador.cl\\\/index.php\\\/2025\\\/10\\\/20\\\/avanza-en-el-senado-proyecto-que-prohibe-uso-de-celulares-en-todos-los-niveles-educativos-de-colegios\\\/#primaryimage\"},\"thumbnailUrl\":\"https:\\\/\\\/diarioellabrador.cl\\\/wp-content\\\/uploads\\\/2025\\\/10\\\/Avanza-en-el-Senado-proyecto-que-prohibe-uso-de-celulares-en-todos-los-niveles-educativos-de-colegios.png\",\"articleSection\":[\"Cr\u00f3nica\"],\"inLanguage\":\"es\",\"potentialAction\":[{\"@type\":\"CommentAction\",\"name\":\"Comment\",\"target\":[\"https:\\\/\\\/diarioellabrador.cl\\\/index.php\\\/2025\\\/10\\\/20\\\/avanza-en-el-senado-proyecto-que-prohibe-uso-de-celulares-en-todos-los-niveles-educativos-de-colegios\\\/#respond\"]}]},{\"@type\":\"WebPage\",\"@id\":\"https:\\\/\\\/diarioellabrador.cl\\\/index.php\\\/2025\\\/10\\\/20\\\/avanza-en-el-senado-proyecto-que-prohibe-uso-de-celulares-en-todos-los-niveles-educativos-de-colegios\\\/\",\"url\":\"https:\\\/\\\/diarioellabrador.cl\\\/index.php\\\/2025\\\/10\\\/20\\\/avanza-en-el-senado-proyecto-que-prohibe-uso-de-celulares-en-todos-los-niveles-educativos-de-colegios\\\/\",\"name\":\"Avanza en el Senado proyecto que proh\u00edbe uso de celulares en todos los niveles educativos de colegios - Diario El Labrador\",\"isPartOf\":{\"@id\":\"https:\\\/\\\/diarioellabrador.cl\\\/#website\"},\"primaryImageOfPage\":{\"@id\":\"https:\\\/\\\/diarioellabrador.cl\\\/index.php\\\/2025\\\/10\\\/20\\\/avanza-en-el-senado-proyecto-que-prohibe-uso-de-celulares-en-todos-los-niveles-educativos-de-colegios\\\/#primaryimage\"},\"image\":{\"@id\":\"https:\\\/\\\/diarioellabrador.cl\\\/index.php\\\/2025\\\/10\\\/20\\\/avanza-en-el-senado-proyecto-que-prohibe-uso-de-celulares-en-todos-los-niveles-educativos-de-colegios\\\/#primaryimage\"},\"thumbnailUrl\":\"https:\\\/\\\/diarioellabrador.cl\\\/wp-content\\\/uploads\\\/2025\\\/10\\\/Avanza-en-el-Senado-proyecto-que-prohibe-uso-de-celulares-en-todos-los-niveles-educativos-de-colegios.png\",\"datePublished\":\"2025-10-20T22:58:52+00:00\",\"dateModified\":\"2025-10-20T22:58:53+00:00\",\"breadcrumb\":{\"@id\":\"https:\\\/\\\/diarioellabrador.cl\\\/index.php\\\/2025\\\/10\\\/20\\\/avanza-en-el-senado-proyecto-que-prohibe-uso-de-celulares-en-todos-los-niveles-educativos-de-colegios\\\/#breadcrumb\"},\"inLanguage\":\"es\",\"potentialAction\":[{\"@type\":\"ReadAction\",\"target\":[\"https:\\\/\\\/diarioellabrador.cl\\\/index.php\\\/2025\\\/10\\\/20\\\/avanza-en-el-senado-proyecto-que-prohibe-uso-de-celulares-en-todos-los-niveles-educativos-de-colegios\\\/\"]}]},{\"@type\":\"ImageObject\",\"inLanguage\":\"es\",\"@id\":\"https:\\\/\\\/diarioellabrador.cl\\\/index.php\\\/2025\\\/10\\\/20\\\/avanza-en-el-senado-proyecto-que-prohibe-uso-de-celulares-en-todos-los-niveles-educativos-de-colegios\\\/#primaryimage\",\"url\":\"https:\\\/\\\/diarioellabrador.cl\\\/wp-content\\\/uploads\\\/2025\\\/10\\\/Avanza-en-el-Senado-proyecto-que-prohibe-uso-de-celulares-en-todos-los-niveles-educativos-de-colegios.png\",\"contentUrl\":\"https:\\\/\\\/diarioellabrador.cl\\\/wp-content\\\/uploads\\\/2025\\\/10\\\/Avanza-en-el-Senado-proyecto-que-prohibe-uso-de-celulares-en-todos-los-niveles-educativos-de-colegios.png\",\"width\":1272,\"height\":828},{\"@type\":\"BreadcrumbList\",\"@id\":\"https:\\\/\\\/diarioellabrador.cl\\\/index.php\\\/2025\\\/10\\\/20\\\/avanza-en-el-senado-proyecto-que-prohibe-uso-de-celulares-en-todos-los-niveles-educativos-de-colegios\\\/#breadcrumb\",\"itemListElement\":[{\"@type\":\"ListItem\",\"position\":1,\"name\":\"Portada\",\"item\":\"https:\\\/\\\/diarioellabrador.cl\\\/\"},{\"@type\":\"ListItem\",\"position\":2,\"name\":\"Avanza en el Senado proyecto que proh\u00edbe uso de celulares en todos los niveles educativos de colegios\"}]},{\"@type\":\"WebSite\",\"@id\":\"https:\\\/\\\/diarioellabrador.cl\\\/#website\",\"url\":\"https:\\\/\\\/diarioellabrador.cl\\\/\",\"name\":\"Diario El Labrador\",\"description\":\"Haciendo noticia desde 1921\",\"publisher\":{\"@id\":\"https:\\\/\\\/diarioellabrador.cl\\\/#organization\"},\"potentialAction\":[{\"@type\":\"SearchAction\",\"target\":{\"@type\":\"EntryPoint\",\"urlTemplate\":\"https:\\\/\\\/diarioellabrador.cl\\\/?s={search_term_string}\"},\"query-input\":{\"@type\":\"PropertyValueSpecification\",\"valueRequired\":true,\"valueName\":\"search_term_string\"}}],\"inLanguage\":\"es\"},{\"@type\":\"Organization\",\"@id\":\"https:\\\/\\\/diarioellabrador.cl\\\/#organization\",\"name\":\"Diario El Labrador\",\"url\":\"https:\\\/\\\/diarioellabrador.cl\\\/\",\"logo\":{\"@type\":\"ImageObject\",\"inLanguage\":\"es\",\"@id\":\"https:\\\/\\\/diarioellabrador.cl\\\/#\\\/schema\\\/logo\\\/image\\\/\",\"url\":\"https:\\\/\\\/diarioellabrador.cl\\\/wp-content\\\/uploads\\\/2025\\\/02\\\/cropped-Logo-Icono.png\",\"contentUrl\":\"https:\\\/\\\/diarioellabrador.cl\\\/wp-content\\\/uploads\\\/2025\\\/02\\\/cropped-Logo-Icono.png\",\"width\":512,\"height\":512,\"caption\":\"Diario El Labrador\"},\"image\":{\"@id\":\"https:\\\/\\\/diarioellabrador.cl\\\/#\\\/schema\\\/logo\\\/image\\\/\"},\"sameAs\":[\"https:\\\/\\\/web.facebook.com\\\/profile.php?id=61576120840621\",\"https:\\\/\\\/x.com\\\/ElLabradorOf\",\"https:\\\/\\\/www.instagram.com\\\/diarioellabradoroficial\\\/\"]},{\"@type\":\"Person\",\"@id\":\"https:\\\/\\\/diarioellabrador.cl\\\/#\\\/schema\\\/person\\\/bc25ff80b4563f9c7f4bd7855df01685\",\"name\":\"Editor\",\"image\":{\"@type\":\"ImageObject\",\"inLanguage\":\"es\",\"@id\":\"https:\\\/\\\/secure.gravatar.com\\\/avatar\\\/109c326cf2be5c04f048c2c2a2b8b6ef44bf3d8d1d3d4c55d0ac40c4bc994684?s=96&d=mm&r=g\",\"url\":\"https:\\\/\\\/secure.gravatar.com\\\/avatar\\\/109c326cf2be5c04f048c2c2a2b8b6ef44bf3d8d1d3d4c55d0ac40c4bc994684?s=96&d=mm&r=g\",\"contentUrl\":\"https:\\\/\\\/secure.gravatar.com\\\/avatar\\\/109c326cf2be5c04f048c2c2a2b8b6ef44bf3d8d1d3d4c55d0ac40c4bc994684?s=96&d=mm&r=g\",\"caption\":\"Editor\"},\"url\":\"https:\\\/\\\/diarioellabrador.cl\\\/index.php\\\/author\\\/editor\\\/\"}]}<\/script>\n<!-- \/ Yoast SEO plugin. -->","yoast_head_json":{"title":"Avanza en el Senado proyecto que proh\u00edbe uso de celulares en todos los niveles educativos de colegios - Diario El Labrador","robots":{"index":"index","follow":"follow","max-snippet":"max-snippet:-1","max-image-preview":"max-image-preview:large","max-video-preview":"max-video-preview:-1"},"canonical":"https:\/\/diarioellabrador.cl\/index.php\/2025\/10\/20\/avanza-en-el-senado-proyecto-que-prohibe-uso-de-celulares-en-todos-los-niveles-educativos-de-colegios\/","og_locale":"es_ES","og_type":"article","og_title":"Avanza en el Senado proyecto que proh\u00edbe uso de celulares en todos los niveles educativos de colegios - Diario El Labrador","og_description":"La Comisi\u00f3n de Educaci\u00f3n del Senado despach\u00f3 en particular el proyecto que regula y proh\u00edbe el uso de celulares en establecimientos educacionales, fijando ciertas excepciones por temas de salud, emergencia, entre otros. Qued\u00f3 listo para ser discutido en Sala. En su segundo tr\u00e1mite, a la iniciativa -que proh\u00edbe \u201cel uso de dispositivos m\u00f3viles electr\u00f3nicos de Leer m\u00e1s","og_url":"https:\/\/diarioellabrador.cl\/index.php\/2025\/10\/20\/avanza-en-el-senado-proyecto-que-prohibe-uso-de-celulares-en-todos-los-niveles-educativos-de-colegios\/","og_site_name":"Diario El Labrador","article_publisher":"https:\/\/web.facebook.com\/profile.php?id=61576120840621","article_published_time":"2025-10-20T22:58:52+00:00","article_modified_time":"2025-10-20T22:58:53+00:00","og_image":[{"width":1024,"height":667,"url":"https:\/\/diarioellabrador.cl\/wp-content\/uploads\/2025\/10\/Avanza-en-el-Senado-proyecto-que-prohibe-uso-de-celulares-en-todos-los-niveles-educativos-de-colegios-1024x667.png","type":"image\/png"}],"author":"Editor","twitter_card":"summary_large_image","twitter_creator":"@ElLabradorOf","twitter_site":"@ElLabradorOf","twitter_misc":{"Escrito por":"Editor","Tiempo de lectura":"2 minutos"},"schema":{"@context":"https:\/\/schema.org","@graph":[{"@type":"Article","@id":"https:\/\/diarioellabrador.cl\/index.php\/2025\/10\/20\/avanza-en-el-senado-proyecto-que-prohibe-uso-de-celulares-en-todos-los-niveles-educativos-de-colegios\/#article","isPartOf":{"@id":"https:\/\/diarioellabrador.cl\/index.php\/2025\/10\/20\/avanza-en-el-senado-proyecto-que-prohibe-uso-de-celulares-en-todos-los-niveles-educativos-de-colegios\/"},"author":{"name":"Editor","@id":"https:\/\/diarioellabrador.cl\/#\/schema\/person\/bc25ff80b4563f9c7f4bd7855df01685"},"headline":"Avanza en el Senado proyecto que proh\u00edbe uso de celulares en todos los niveles educativos de colegios","datePublished":"2025-10-20T22:58:52+00:00","dateModified":"2025-10-20T22:58:53+00:00","mainEntityOfPage":{"@id":"https:\/\/diarioellabrador.cl\/index.php\/2025\/10\/20\/avanza-en-el-senado-proyecto-que-prohibe-uso-de-celulares-en-todos-los-niveles-educativos-de-colegios\/"},"wordCount":460,"commentCount":0,"publisher":{"@id":"https:\/\/diarioellabrador.cl\/#organization"},"image":{"@id":"https:\/\/diarioellabrador.cl\/index.php\/2025\/10\/20\/avanza-en-el-senado-proyecto-que-prohibe-uso-de-celulares-en-todos-los-niveles-educativos-de-colegios\/#primaryimage"},"thumbnailUrl":"https:\/\/diarioellabrador.cl\/wp-content\/uploads\/2025\/10\/Avanza-en-el-Senado-proyecto-que-prohibe-uso-de-celulares-en-todos-los-niveles-educativos-de-colegios.png","articleSection":["Cr\u00f3nica"],"inLanguage":"es","potentialAction":[{"@type":"CommentAction","name":"Comment","target":["https:\/\/diarioellabrador.cl\/index.php\/2025\/10\/20\/avanza-en-el-senado-proyecto-que-prohibe-uso-de-celulares-en-todos-los-niveles-educativos-de-colegios\/#respond"]}]},{"@type":"WebPage","@id":"https:\/\/diarioellabrador.cl\/index.php\/2025\/10\/20\/avanza-en-el-senado-proyecto-que-prohibe-uso-de-celulares-en-todos-los-niveles-educativos-de-colegios\/","url":"https:\/\/diarioellabrador.cl\/index.php\/2025\/10\/20\/avanza-en-el-senado-proyecto-que-prohibe-uso-de-celulares-en-todos-los-niveles-educativos-de-colegios\/","name":"Avanza en el Senado proyecto que proh\u00edbe uso de celulares en todos los niveles educativos de colegios - Diario El Labrador","isPartOf":{"@id":"https:\/\/diarioellabrador.cl\/#website"},"primaryImageOfPage":{"@id":"https:\/\/diarioellabrador.cl\/index.php\/2025\/10\/20\/avanza-en-el-senado-proyecto-que-prohibe-uso-de-celulares-en-todos-los-niveles-educativos-de-colegios\/#primaryimage"},"image":{"@id":"https:\/\/diarioellabrador.cl\/index.php\/2025\/10\/20\/avanza-en-el-senado-proyecto-que-prohibe-uso-de-celulares-en-todos-los-niveles-educativos-de-colegios\/#primaryimage"},"thumbnailUrl":"https:\/\/diarioellabrador.cl\/wp-content\/uploads\/2025\/10\/Avanza-en-el-Senado-proyecto-que-prohibe-uso-de-celulares-en-todos-los-niveles-educativos-de-colegios.png","datePublished":"2025-10-20T22:58:52+00:00","dateModified":"2025-10-20T22:58:53+00:00","breadcrumb":{"@id":"https:\/\/diarioellabrador.cl\/index.php\/2025\/10\/20\/avanza-en-el-senado-proyecto-que-prohibe-uso-de-celulares-en-todos-los-niveles-educativos-de-colegios\/#breadcrumb"},"inLanguage":"es","potentialAction":[{"@type":"ReadAction","target":["https:\/\/diarioellabrador.cl\/index.php\/2025\/10\/20\/avanza-en-el-senado-proyecto-que-prohibe-uso-de-celulares-en-todos-los-niveles-educativos-de-colegios\/"]}]},{"@type":"ImageObject","inLanguage":"es","@id":"https:\/\/diarioellabrador.cl\/index.php\/2025\/10\/20\/avanza-en-el-senado-proyecto-que-prohibe-uso-de-celulares-en-todos-los-niveles-educativos-de-colegios\/#primaryimage","url":"https:\/\/diarioellabrador.cl\/wp-content\/uploads\/2025\/10\/Avanza-en-el-Senado-proyecto-que-prohibe-uso-de-celulares-en-todos-los-niveles-educativos-de-colegios.png","contentUrl":"https:\/\/diarioellabrador.cl\/wp-content\/uploads\/2025\/10\/Avanza-en-el-Senado-proyecto-que-prohibe-uso-de-celulares-en-todos-los-niveles-educativos-de-colegios.png","width":1272,"height":828},{"@type":"BreadcrumbList","@id":"https:\/\/diarioellabrador.cl\/index.php\/2025\/10\/20\/avanza-en-el-senado-proyecto-que-prohibe-uso-de-celulares-en-todos-los-niveles-educativos-de-colegios\/#breadcrumb","itemListElement":[{"@type":"ListItem","position":1,"name":"Portada","item":"https:\/\/diarioellabrador.cl\/"},{"@type":"ListItem","position":2,"name":"Avanza en el Senado proyecto que proh\u00edbe uso de celulares en todos los niveles educativos de colegios"}]},{"@type":"WebSite","@id":"https:\/\/diarioellabrador.cl\/#website","url":"https:\/\/diarioellabrador.cl\/","name":"Diario El Labrador","description":"Haciendo noticia desde 1921","publisher":{"@id":"https:\/\/diarioellabrador.cl\/#organization"},"potentialAction":[{"@type":"SearchAction","target":{"@type":"EntryPoint","urlTemplate":"https:\/\/diarioellabrador.cl\/?s={search_term_string}"},"query-input":{"@type":"PropertyValueSpecification","valueRequired":true,"valueName":"search_term_string"}}],"inLanguage":"es"},{"@type":"Organization","@id":"https:\/\/diarioellabrador.cl\/#organization","name":"Diario El Labrador","url":"https:\/\/diarioellabrador.cl\/","logo":{"@type":"ImageObject","inLanguage":"es","@id":"https:\/\/diarioellabrador.cl\/#\/schema\/logo\/image\/","url":"https:\/\/diarioellabrador.cl\/wp-content\/uploads\/2025\/02\/cropped-Logo-Icono.png","contentUrl":"https:\/\/diarioellabrador.cl\/wp-content\/uploads\/2025\/02\/cropped-Logo-Icono.png","width":512,"height":512,"caption":"Diario El Labrador"},"image":{"@id":"https:\/\/diarioellabrador.cl\/#\/schema\/logo\/image\/"},"sameAs":["https:\/\/web.facebook.com\/profile.php?id=61576120840621","https:\/\/x.com\/ElLabradorOf","https:\/\/www.instagram.com\/diarioellabradoroficial\/"]},{"@type":"Person","@id":"https:\/\/diarioellabrador.cl\/#\/schema\/person\/bc25ff80b4563f9c7f4bd7855df01685","name":"Editor","image":{"@type":"ImageObject","inLanguage":"es","@id":"https:\/\/secure.gravatar.com\/avatar\/109c326cf2be5c04f048c2c2a2b8b6ef44bf3d8d1d3d4c55d0ac40c4bc994684?s=96&d=mm&r=g","url":"https:\/\/secure.gravatar.com\/avatar\/109c326cf2be5c04f048c2c2a2b8b6ef44bf3d8d1d3d4c55d0ac40c4bc994684?s=96&d=mm&r=g","contentUrl":"https:\/\/secure.gravatar.com\/avatar\/109c326cf2be5c04f048c2c2a2b8b6ef44bf3d8d1d3d4c55d0ac40c4bc994684?s=96&d=mm&r=g","caption":"Editor"},"url":"https:\/\/diarioellabrador.cl\/index.php\/author\/editor\/"}]}},"_links":{"self":[{"href":"https:\/\/diarioellabrador.cl\/index.php\/wp-json\/wp\/v2\/posts\/10175","targetHints":{"allow":["GET"]}}],"collection":[{"href":"https:\/\/diarioellabrador.cl\/index.php\/wp-json\/wp\/v2\/posts"}],"about":[{"href":"https:\/\/diarioellabrador.cl\/index.php\/wp-json\/wp\/v2\/types\/post"}],"author":[{"embeddable":true,"href":"https:\/\/diarioellabrador.cl\/index.php\/wp-json\/wp\/v2\/users\/2"}],"replies":[{"embeddable":true,"href":"https:\/\/diarioellabrador.cl\/index.php\/wp-json\/wp\/v2\/comments?post=10175"}],"version-history":[{"count":1,"href":"https:\/\/diarioellabrador.cl\/index.php\/wp-json\/wp\/v2\/posts\/10175\/revisions"}],"predecessor-version":[{"id":10176,"href":"https:\/\/diarioellabrador.cl\/index.php\/wp-json\/wp\/v2\/posts\/10175\/revisions\/10176"}],"wp:featuredmedia":[{"embeddable":true,"href":"https:\/\/diarioellabrador.cl\/index.php\/wp-json\/wp\/v2\/media\/10119"}],"wp:attachment":[{"href":"https:\/\/diarioellabrador.cl\/index.php\/wp-json\/wp\/v2\/media?parent=10175"}],"wp:term":[{"taxonomy":"category","embeddable":true,"href":"https:\/\/diarioellabrador.cl\/index.php\/wp-json\/wp\/v2\/categories?post=10175"},{"taxonomy":"post_tag","embeddable":true,"href":"https:\/\/diarioellabrador.cl\/index.php\/wp-json\/wp\/v2\/tags?post=10175"}],"curies":[{"name":"wp","href":"https:\/\/api.w.org\/{rel}","templated":true}]}}