{"id":10161,"date":"2025-10-20T18:55:18","date_gmt":"2025-10-20T22:55:18","guid":{"rendered":"https:\/\/diarioellabrador.cl\/?p=10161"},"modified":"2025-10-20T18:55:19","modified_gmt":"2025-10-20T22:55:19","slug":"melipilla-cuna-del-movimiento-poetas-del-mundo-conmemora-dos-decadas-de-poesia-y-defensa-del-planeta","status":"publish","type":"post","link":"https:\/\/diarioellabrador.cl\/index.php\/2025\/10\/20\/melipilla-cuna-del-movimiento-poetas-del-mundo-conmemora-dos-decadas-de-poesia-y-defensa-del-planeta\/","title":{"rendered":"Melipilla: cuna del Movimiento Poetas del Mundo, conmemora dos d\u00e9cadas de poes\u00eda y defensa del planeta"},"content":{"rendered":"\n<p>El Movimiento Poetas del Mundo conmemor\u00f3 el pasado 14 de octubre su vig\u00e9simo aniversario, consolid\u00e1ndose como una de las redes literarias internacionales m\u00e1s influyentes en la promoci\u00f3n de la paz, la justicia social y la defensa del medio ambiente.&nbsp;<\/p>\n\n\n\n<p>La celebraci\u00f3n coincidi\u00f3 con el XIX Encuentro Internacional&nbsp;<em>\u201cTras las Huellas del Poeta\u201d<\/em>, instancia que llev\u00f3 actividades culturales a diversas ciudades del pa\u00eds.<\/p>\n\n\n\n<p>Este a\u00f1o, el encuentro retom\u00f3 su car\u00e1cter itinerante, desarrollando lecturas y encuentros en escuelas, universidades, bibliotecas, museos, centros culturales, hospitales y espacios p\u00fablicos.<\/p>\n\n\n\n<p>&nbsp;La ruta comenz\u00f3 en Santiago, con intervenciones en la Plaza Mulato Gil de Castro, la casa-museo La Chascona y un homenaje frente al monumento de Salvador Allende.<\/p>\n\n\n\n<p>Posteriormente, la delegaci\u00f3n se traslad\u00f3 a Valpara\u00edso y Vi\u00f1a del Mar, donde rindi\u00f3 tributo a la poeta Hermelinda D\u00edaz y sostuvo jornadas de intercambio con escritores de la regi\u00f3n.<\/p>\n\n\n\n<p>La gira continu\u00f3 en la comuna de Huechuraba, donde los poetas se reunieron con representantes locales del \u00e1mbito cultural y estudiantes, reforzando el v\u00ednculo permanente de la comuna con las artes.&nbsp;<\/p>\n\n\n\n<p>En el aniversario del Movimiento, el 14 de octubre, la delegaci\u00f3n viaj\u00f3 hasta Rancagua para homenajear al escritor \u00d3scar Castro, traslad\u00e1ndose luego a San Fernando para una lectura po\u00e9tica en el Museo Lircunlauta.<\/p>\n\n\n\n<p>Las actividades siguieron en Melipilla &nbsp;ciudad natal del fundador de la organizaci\u00f3n, Luis Arias Manzo con presentaciones en la escuela rural de Pabell\u00f3n y una visita a Pomaire, donde los participantes compartieron con la comunidad alfarera. El recorrido concluy\u00f3 con una lectura simb\u00f3lica en Isla Negra, frente a las tumbas de Pablo Neruda y Matilde Urrutia, adem\u00e1s de una visita al Museo Vicente Huidobro en Cartagena.&nbsp;<\/p>\n\n\n\n<p>La clausura, la realizaron en el Centro Cultural Edetrem de Melipilla, en una jornada marcada por la fraternidad y la emoci\u00f3n.<\/p>\n\n\n\n<p>Fundado en 2005, Poetas del Mundo re\u00fane actualmente a m\u00e1s de 9.500 miembros de 143 pa\u00edses, todos comprometidos con la palabra como herramienta de transformaci\u00f3n social, sensibilizaci\u00f3n y memoria.&nbsp;<\/p>\n","protected":false},"excerpt":{"rendered":"<p>El Movimiento Poetas del Mundo conmemor\u00f3 el pasado 14 de octubre su vig\u00e9simo aniversario, consolid\u00e1ndose como una de las redes literarias internacionales m\u00e1s influyentes en la promoci\u00f3n de la paz, la justicia social y la defensa del medio ambiente.&nbsp; La celebraci\u00f3n coincidi\u00f3 con el XIX Encuentro Internacional&nbsp;\u201cTras las Huellas del Poeta\u201d, instancia que llev\u00f3 actividades<\/p>\n<div class=\"read-more-wrapper\"><a class=\"read-more\" href=\"https:\/\/diarioellabrador.cl\/index.php\/2025\/10\/20\/melipilla-cuna-del-movimiento-poetas-del-mundo-conmemora-dos-decadas-de-poesia-y-defensa-del-planeta\/\" title=\"Leer m\u00e1s\"> <span class=\"button \">Leer m\u00e1s<\/span><\/a><\/div>\n","protected":false},"author":2,"featured_media":10125,"comment_status":"open","ping_status":"open","sticky":false,"template":"","format":"standard","meta":{"footnotes":""},"categories":[1],"tags":[],"class_list":["post-10161","post","type-post","status-publish","format-standard","has-post-thumbnail","hentry","category-cronica"],"yoast_head":"<!-- This site is optimized with the Yoast SEO plugin v27.5 - https:\/\/yoast.com\/product\/yoast-seo-wordpress\/ -->\n<title>Melipilla: cuna del Movimiento Poetas del Mundo, conmemora dos d\u00e9cadas de poes\u00eda y defensa del planeta - Diario El Labrador<\/title>\n<meta name=\"robots\" content=\"index, follow, max-snippet:-1, max-image-preview:large, max-video-preview:-1\" \/>\n<link rel=\"canonical\" href=\"https:\/\/diarioellabrador.cl\/index.php\/2025\/10\/20\/melipilla-cuna-del-movimiento-poetas-del-mundo-conmemora-dos-decadas-de-poesia-y-defensa-del-planeta\/\" \/>\n<meta property=\"og:locale\" content=\"es_ES\" \/>\n<meta property=\"og:type\" content=\"article\" \/>\n<meta property=\"og:title\" content=\"Melipilla: cuna del Movimiento Poetas del Mundo, conmemora dos d\u00e9cadas de poes\u00eda y defensa del planeta - Diario El Labrador\" \/>\n<meta property=\"og:description\" content=\"El Movimiento Poetas del Mundo conmemor\u00f3 el pasado 14 de octubre su vig\u00e9simo aniversario, consolid\u00e1ndose como una de las redes literarias internacionales m\u00e1s influyentes en la promoci\u00f3n de la paz, la justicia social y la defensa del medio ambiente.&nbsp; La celebraci\u00f3n coincidi\u00f3 con el XIX Encuentro Internacional&nbsp;\u201cTras las Huellas del Poeta\u201d, instancia que llev\u00f3 actividades Leer m\u00e1s\" \/>\n<meta property=\"og:url\" content=\"https:\/\/diarioellabrador.cl\/index.php\/2025\/10\/20\/melipilla-cuna-del-movimiento-poetas-del-mundo-conmemora-dos-decadas-de-poesia-y-defensa-del-planeta\/\" \/>\n<meta property=\"og:site_name\" content=\"Diario El Labrador\" \/>\n<meta property=\"article:publisher\" content=\"https:\/\/web.facebook.com\/profile.php?id=61576120840621\" \/>\n<meta property=\"article:published_time\" content=\"2025-10-20T22:55:18+00:00\" \/>\n<meta property=\"article:modified_time\" content=\"2025-10-20T22:55:19+00:00\" \/>\n<meta property=\"og:image\" content=\"https:\/\/diarioellabrador.cl\/wp-content\/uploads\/2025\/10\/IMG_1487.jpeg\" \/>\n\t<meta property=\"og:image:width\" content=\"915\" \/>\n\t<meta property=\"og:image:height\" content=\"506\" \/>\n\t<meta property=\"og:image:type\" content=\"image\/jpeg\" \/>\n<meta name=\"author\" content=\"Editor\" \/>\n<meta name=\"twitter:card\" content=\"summary_large_image\" \/>\n<meta name=\"twitter:creator\" content=\"@ElLabradorOf\" \/>\n<meta name=\"twitter:site\" content=\"@ElLabradorOf\" \/>\n<meta name=\"twitter:label1\" content=\"Escrito por\" \/>\n\t<meta name=\"twitter:data1\" content=\"Editor\" \/>\n\t<meta name=\"twitter:label2\" content=\"Tiempo de lectura\" \/>\n\t<meta name=\"twitter:data2\" content=\"2 minutos\" \/>\n<script type=\"application\/ld+json\" class=\"yoast-schema-graph\">{\"@context\":\"https:\\\/\\\/schema.org\",\"@graph\":[{\"@type\":\"Article\",\"@id\":\"https:\\\/\\\/diarioellabrador.cl\\\/index.php\\\/2025\\\/10\\\/20\\\/melipilla-cuna-del-movimiento-poetas-del-mundo-conmemora-dos-decadas-de-poesia-y-defensa-del-planeta\\\/#article\",\"isPartOf\":{\"@id\":\"https:\\\/\\\/diarioellabrador.cl\\\/index.php\\\/2025\\\/10\\\/20\\\/melipilla-cuna-del-movimiento-poetas-del-mundo-conmemora-dos-decadas-de-poesia-y-defensa-del-planeta\\\/\"},\"author\":{\"name\":\"Editor\",\"@id\":\"https:\\\/\\\/diarioellabrador.cl\\\/#\\\/schema\\\/person\\\/bc25ff80b4563f9c7f4bd7855df01685\"},\"headline\":\"Melipilla: cuna del Movimiento Poetas del Mundo, conmemora dos d\u00e9cadas de poes\u00eda y defensa del planeta\",\"datePublished\":\"2025-10-20T22:55:18+00:00\",\"dateModified\":\"2025-10-20T22:55:19+00:00\",\"mainEntityOfPage\":{\"@id\":\"https:\\\/\\\/diarioellabrador.cl\\\/index.php\\\/2025\\\/10\\\/20\\\/melipilla-cuna-del-movimiento-poetas-del-mundo-conmemora-dos-decadas-de-poesia-y-defensa-del-planeta\\\/\"},\"wordCount\":369,\"commentCount\":0,\"publisher\":{\"@id\":\"https:\\\/\\\/diarioellabrador.cl\\\/#organization\"},\"image\":{\"@id\":\"https:\\\/\\\/diarioellabrador.cl\\\/index.php\\\/2025\\\/10\\\/20\\\/melipilla-cuna-del-movimiento-poetas-del-mundo-conmemora-dos-decadas-de-poesia-y-defensa-del-planeta\\\/#primaryimage\"},\"thumbnailUrl\":\"https:\\\/\\\/diarioellabrador.cl\\\/wp-content\\\/uploads\\\/2025\\\/10\\\/IMG_1487.jpeg\",\"articleSection\":[\"Cr\u00f3nica\"],\"inLanguage\":\"es\",\"potentialAction\":[{\"@type\":\"CommentAction\",\"name\":\"Comment\",\"target\":[\"https:\\\/\\\/diarioellabrador.cl\\\/index.php\\\/2025\\\/10\\\/20\\\/melipilla-cuna-del-movimiento-poetas-del-mundo-conmemora-dos-decadas-de-poesia-y-defensa-del-planeta\\\/#respond\"]}]},{\"@type\":\"WebPage\",\"@id\":\"https:\\\/\\\/diarioellabrador.cl\\\/index.php\\\/2025\\\/10\\\/20\\\/melipilla-cuna-del-movimiento-poetas-del-mundo-conmemora-dos-decadas-de-poesia-y-defensa-del-planeta\\\/\",\"url\":\"https:\\\/\\\/diarioellabrador.cl\\\/index.php\\\/2025\\\/10\\\/20\\\/melipilla-cuna-del-movimiento-poetas-del-mundo-conmemora-dos-decadas-de-poesia-y-defensa-del-planeta\\\/\",\"name\":\"Melipilla: cuna del Movimiento Poetas del Mundo, conmemora dos d\u00e9cadas de poes\u00eda y defensa del planeta - Diario El Labrador\",\"isPartOf\":{\"@id\":\"https:\\\/\\\/diarioellabrador.cl\\\/#website\"},\"primaryImageOfPage\":{\"@id\":\"https:\\\/\\\/diarioellabrador.cl\\\/index.php\\\/2025\\\/10\\\/20\\\/melipilla-cuna-del-movimiento-poetas-del-mundo-conmemora-dos-decadas-de-poesia-y-defensa-del-planeta\\\/#primaryimage\"},\"image\":{\"@id\":\"https:\\\/\\\/diarioellabrador.cl\\\/index.php\\\/2025\\\/10\\\/20\\\/melipilla-cuna-del-movimiento-poetas-del-mundo-conmemora-dos-decadas-de-poesia-y-defensa-del-planeta\\\/#primaryimage\"},\"thumbnailUrl\":\"https:\\\/\\\/diarioellabrador.cl\\\/wp-content\\\/uploads\\\/2025\\\/10\\\/IMG_1487.jpeg\",\"datePublished\":\"2025-10-20T22:55:18+00:00\",\"dateModified\":\"2025-10-20T22:55:19+00:00\",\"breadcrumb\":{\"@id\":\"https:\\\/\\\/diarioellabrador.cl\\\/index.php\\\/2025\\\/10\\\/20\\\/melipilla-cuna-del-movimiento-poetas-del-mundo-conmemora-dos-decadas-de-poesia-y-defensa-del-planeta\\\/#breadcrumb\"},\"inLanguage\":\"es\",\"potentialAction\":[{\"@type\":\"ReadAction\",\"target\":[\"https:\\\/\\\/diarioellabrador.cl\\\/index.php\\\/2025\\\/10\\\/20\\\/melipilla-cuna-del-movimiento-poetas-del-mundo-conmemora-dos-decadas-de-poesia-y-defensa-del-planeta\\\/\"]}]},{\"@type\":\"ImageObject\",\"inLanguage\":\"es\",\"@id\":\"https:\\\/\\\/diarioellabrador.cl\\\/index.php\\\/2025\\\/10\\\/20\\\/melipilla-cuna-del-movimiento-poetas-del-mundo-conmemora-dos-decadas-de-poesia-y-defensa-del-planeta\\\/#primaryimage\",\"url\":\"https:\\\/\\\/diarioellabrador.cl\\\/wp-content\\\/uploads\\\/2025\\\/10\\\/IMG_1487.jpeg\",\"contentUrl\":\"https:\\\/\\\/diarioellabrador.cl\\\/wp-content\\\/uploads\\\/2025\\\/10\\\/IMG_1487.jpeg\",\"width\":915,\"height\":506},{\"@type\":\"BreadcrumbList\",\"@id\":\"https:\\\/\\\/diarioellabrador.cl\\\/index.php\\\/2025\\\/10\\\/20\\\/melipilla-cuna-del-movimiento-poetas-del-mundo-conmemora-dos-decadas-de-poesia-y-defensa-del-planeta\\\/#breadcrumb\",\"itemListElement\":[{\"@type\":\"ListItem\",\"position\":1,\"name\":\"Portada\",\"item\":\"https:\\\/\\\/diarioellabrador.cl\\\/\"},{\"@type\":\"ListItem\",\"position\":2,\"name\":\"Melipilla: cuna del Movimiento Poetas del Mundo, conmemora dos d\u00e9cadas de poes\u00eda y defensa del planeta\"}]},{\"@type\":\"WebSite\",\"@id\":\"https:\\\/\\\/diarioellabrador.cl\\\/#website\",\"url\":\"https:\\\/\\\/diarioellabrador.cl\\\/\",\"name\":\"Diario El Labrador\",\"description\":\"Haciendo noticia desde 1921\",\"publisher\":{\"@id\":\"https:\\\/\\\/diarioellabrador.cl\\\/#organization\"},\"potentialAction\":[{\"@type\":\"SearchAction\",\"target\":{\"@type\":\"EntryPoint\",\"urlTemplate\":\"https:\\\/\\\/diarioellabrador.cl\\\/?s={search_term_string}\"},\"query-input\":{\"@type\":\"PropertyValueSpecification\",\"valueRequired\":true,\"valueName\":\"search_term_string\"}}],\"inLanguage\":\"es\"},{\"@type\":\"Organization\",\"@id\":\"https:\\\/\\\/diarioellabrador.cl\\\/#organization\",\"name\":\"Diario El Labrador\",\"url\":\"https:\\\/\\\/diarioellabrador.cl\\\/\",\"logo\":{\"@type\":\"ImageObject\",\"inLanguage\":\"es\",\"@id\":\"https:\\\/\\\/diarioellabrador.cl\\\/#\\\/schema\\\/logo\\\/image\\\/\",\"url\":\"https:\\\/\\\/diarioellabrador.cl\\\/wp-content\\\/uploads\\\/2025\\\/02\\\/cropped-Logo-Icono.png\",\"contentUrl\":\"https:\\\/\\\/diarioellabrador.cl\\\/wp-content\\\/uploads\\\/2025\\\/02\\\/cropped-Logo-Icono.png\",\"width\":512,\"height\":512,\"caption\":\"Diario El Labrador\"},\"image\":{\"@id\":\"https:\\\/\\\/diarioellabrador.cl\\\/#\\\/schema\\\/logo\\\/image\\\/\"},\"sameAs\":[\"https:\\\/\\\/web.facebook.com\\\/profile.php?id=61576120840621\",\"https:\\\/\\\/x.com\\\/ElLabradorOf\",\"https:\\\/\\\/www.instagram.com\\\/diarioellabradoroficial\\\/\"]},{\"@type\":\"Person\",\"@id\":\"https:\\\/\\\/diarioellabrador.cl\\\/#\\\/schema\\\/person\\\/bc25ff80b4563f9c7f4bd7855df01685\",\"name\":\"Editor\",\"image\":{\"@type\":\"ImageObject\",\"inLanguage\":\"es\",\"@id\":\"https:\\\/\\\/secure.gravatar.com\\\/avatar\\\/109c326cf2be5c04f048c2c2a2b8b6ef44bf3d8d1d3d4c55d0ac40c4bc994684?s=96&d=mm&r=g\",\"url\":\"https:\\\/\\\/secure.gravatar.com\\\/avatar\\\/109c326cf2be5c04f048c2c2a2b8b6ef44bf3d8d1d3d4c55d0ac40c4bc994684?s=96&d=mm&r=g\",\"contentUrl\":\"https:\\\/\\\/secure.gravatar.com\\\/avatar\\\/109c326cf2be5c04f048c2c2a2b8b6ef44bf3d8d1d3d4c55d0ac40c4bc994684?s=96&d=mm&r=g\",\"caption\":\"Editor\"},\"url\":\"https:\\\/\\\/diarioellabrador.cl\\\/index.php\\\/author\\\/editor\\\/\"}]}<\/script>\n<!-- \/ Yoast SEO plugin. -->","yoast_head_json":{"title":"Melipilla: cuna del Movimiento Poetas del Mundo, conmemora dos d\u00e9cadas de poes\u00eda y defensa del planeta - Diario El Labrador","robots":{"index":"index","follow":"follow","max-snippet":"max-snippet:-1","max-image-preview":"max-image-preview:large","max-video-preview":"max-video-preview:-1"},"canonical":"https:\/\/diarioellabrador.cl\/index.php\/2025\/10\/20\/melipilla-cuna-del-movimiento-poetas-del-mundo-conmemora-dos-decadas-de-poesia-y-defensa-del-planeta\/","og_locale":"es_ES","og_type":"article","og_title":"Melipilla: cuna del Movimiento Poetas del Mundo, conmemora dos d\u00e9cadas de poes\u00eda y defensa del planeta - Diario El Labrador","og_description":"El Movimiento Poetas del Mundo conmemor\u00f3 el pasado 14 de octubre su vig\u00e9simo aniversario, consolid\u00e1ndose como una de las redes literarias internacionales m\u00e1s influyentes en la promoci\u00f3n de la paz, la justicia social y la defensa del medio ambiente.&nbsp; La celebraci\u00f3n coincidi\u00f3 con el XIX Encuentro Internacional&nbsp;\u201cTras las Huellas del Poeta\u201d, instancia que llev\u00f3 actividades Leer m\u00e1s","og_url":"https:\/\/diarioellabrador.cl\/index.php\/2025\/10\/20\/melipilla-cuna-del-movimiento-poetas-del-mundo-conmemora-dos-decadas-de-poesia-y-defensa-del-planeta\/","og_site_name":"Diario El Labrador","article_publisher":"https:\/\/web.facebook.com\/profile.php?id=61576120840621","article_published_time":"2025-10-20T22:55:18+00:00","article_modified_time":"2025-10-20T22:55:19+00:00","og_image":[{"width":915,"height":506,"url":"https:\/\/diarioellabrador.cl\/wp-content\/uploads\/2025\/10\/IMG_1487.jpeg","type":"image\/jpeg"}],"author":"Editor","twitter_card":"summary_large_image","twitter_creator":"@ElLabradorOf","twitter_site":"@ElLabradorOf","twitter_misc":{"Escrito por":"Editor","Tiempo de lectura":"2 minutos"},"schema":{"@context":"https:\/\/schema.org","@graph":[{"@type":"Article","@id":"https:\/\/diarioellabrador.cl\/index.php\/2025\/10\/20\/melipilla-cuna-del-movimiento-poetas-del-mundo-conmemora-dos-decadas-de-poesia-y-defensa-del-planeta\/#article","isPartOf":{"@id":"https:\/\/diarioellabrador.cl\/index.php\/2025\/10\/20\/melipilla-cuna-del-movimiento-poetas-del-mundo-conmemora-dos-decadas-de-poesia-y-defensa-del-planeta\/"},"author":{"name":"Editor","@id":"https:\/\/diarioellabrador.cl\/#\/schema\/person\/bc25ff80b4563f9c7f4bd7855df01685"},"headline":"Melipilla: cuna del Movimiento Poetas del Mundo, conmemora dos d\u00e9cadas de poes\u00eda y defensa del planeta","datePublished":"2025-10-20T22:55:18+00:00","dateModified":"2025-10-20T22:55:19+00:00","mainEntityOfPage":{"@id":"https:\/\/diarioellabrador.cl\/index.php\/2025\/10\/20\/melipilla-cuna-del-movimiento-poetas-del-mundo-conmemora-dos-decadas-de-poesia-y-defensa-del-planeta\/"},"wordCount":369,"commentCount":0,"publisher":{"@id":"https:\/\/diarioellabrador.cl\/#organization"},"image":{"@id":"https:\/\/diarioellabrador.cl\/index.php\/2025\/10\/20\/melipilla-cuna-del-movimiento-poetas-del-mundo-conmemora-dos-decadas-de-poesia-y-defensa-del-planeta\/#primaryimage"},"thumbnailUrl":"https:\/\/diarioellabrador.cl\/wp-content\/uploads\/2025\/10\/IMG_1487.jpeg","articleSection":["Cr\u00f3nica"],"inLanguage":"es","potentialAction":[{"@type":"CommentAction","name":"Comment","target":["https:\/\/diarioellabrador.cl\/index.php\/2025\/10\/20\/melipilla-cuna-del-movimiento-poetas-del-mundo-conmemora-dos-decadas-de-poesia-y-defensa-del-planeta\/#respond"]}]},{"@type":"WebPage","@id":"https:\/\/diarioellabrador.cl\/index.php\/2025\/10\/20\/melipilla-cuna-del-movimiento-poetas-del-mundo-conmemora-dos-decadas-de-poesia-y-defensa-del-planeta\/","url":"https:\/\/diarioellabrador.cl\/index.php\/2025\/10\/20\/melipilla-cuna-del-movimiento-poetas-del-mundo-conmemora-dos-decadas-de-poesia-y-defensa-del-planeta\/","name":"Melipilla: cuna del Movimiento Poetas del Mundo, conmemora dos d\u00e9cadas de poes\u00eda y defensa del planeta - Diario El Labrador","isPartOf":{"@id":"https:\/\/diarioellabrador.cl\/#website"},"primaryImageOfPage":{"@id":"https:\/\/diarioellabrador.cl\/index.php\/2025\/10\/20\/melipilla-cuna-del-movimiento-poetas-del-mundo-conmemora-dos-decadas-de-poesia-y-defensa-del-planeta\/#primaryimage"},"image":{"@id":"https:\/\/diarioellabrador.cl\/index.php\/2025\/10\/20\/melipilla-cuna-del-movimiento-poetas-del-mundo-conmemora-dos-decadas-de-poesia-y-defensa-del-planeta\/#primaryimage"},"thumbnailUrl":"https:\/\/diarioellabrador.cl\/wp-content\/uploads\/2025\/10\/IMG_1487.jpeg","datePublished":"2025-10-20T22:55:18+00:00","dateModified":"2025-10-20T22:55:19+00:00","breadcrumb":{"@id":"https:\/\/diarioellabrador.cl\/index.php\/2025\/10\/20\/melipilla-cuna-del-movimiento-poetas-del-mundo-conmemora-dos-decadas-de-poesia-y-defensa-del-planeta\/#breadcrumb"},"inLanguage":"es","potentialAction":[{"@type":"ReadAction","target":["https:\/\/diarioellabrador.cl\/index.php\/2025\/10\/20\/melipilla-cuna-del-movimiento-poetas-del-mundo-conmemora-dos-decadas-de-poesia-y-defensa-del-planeta\/"]}]},{"@type":"ImageObject","inLanguage":"es","@id":"https:\/\/diarioellabrador.cl\/index.php\/2025\/10\/20\/melipilla-cuna-del-movimiento-poetas-del-mundo-conmemora-dos-decadas-de-poesia-y-defensa-del-planeta\/#primaryimage","url":"https:\/\/diarioellabrador.cl\/wp-content\/uploads\/2025\/10\/IMG_1487.jpeg","contentUrl":"https:\/\/diarioellabrador.cl\/wp-content\/uploads\/2025\/10\/IMG_1487.jpeg","width":915,"height":506},{"@type":"BreadcrumbList","@id":"https:\/\/diarioellabrador.cl\/index.php\/2025\/10\/20\/melipilla-cuna-del-movimiento-poetas-del-mundo-conmemora-dos-decadas-de-poesia-y-defensa-del-planeta\/#breadcrumb","itemListElement":[{"@type":"ListItem","position":1,"name":"Portada","item":"https:\/\/diarioellabrador.cl\/"},{"@type":"ListItem","position":2,"name":"Melipilla: cuna del Movimiento Poetas del Mundo, conmemora dos d\u00e9cadas de poes\u00eda y defensa del planeta"}]},{"@type":"WebSite","@id":"https:\/\/diarioellabrador.cl\/#website","url":"https:\/\/diarioellabrador.cl\/","name":"Diario El Labrador","description":"Haciendo noticia desde 1921","publisher":{"@id":"https:\/\/diarioellabrador.cl\/#organization"},"potentialAction":[{"@type":"SearchAction","target":{"@type":"EntryPoint","urlTemplate":"https:\/\/diarioellabrador.cl\/?s={search_term_string}"},"query-input":{"@type":"PropertyValueSpecification","valueRequired":true,"valueName":"search_term_string"}}],"inLanguage":"es"},{"@type":"Organization","@id":"https:\/\/diarioellabrador.cl\/#organization","name":"Diario El Labrador","url":"https:\/\/diarioellabrador.cl\/","logo":{"@type":"ImageObject","inLanguage":"es","@id":"https:\/\/diarioellabrador.cl\/#\/schema\/logo\/image\/","url":"https:\/\/diarioellabrador.cl\/wp-content\/uploads\/2025\/02\/cropped-Logo-Icono.png","contentUrl":"https:\/\/diarioellabrador.cl\/wp-content\/uploads\/2025\/02\/cropped-Logo-Icono.png","width":512,"height":512,"caption":"Diario El Labrador"},"image":{"@id":"https:\/\/diarioellabrador.cl\/#\/schema\/logo\/image\/"},"sameAs":["https:\/\/web.facebook.com\/profile.php?id=61576120840621","https:\/\/x.com\/ElLabradorOf","https:\/\/www.instagram.com\/diarioellabradoroficial\/"]},{"@type":"Person","@id":"https:\/\/diarioellabrador.cl\/#\/schema\/person\/bc25ff80b4563f9c7f4bd7855df01685","name":"Editor","image":{"@type":"ImageObject","inLanguage":"es","@id":"https:\/\/secure.gravatar.com\/avatar\/109c326cf2be5c04f048c2c2a2b8b6ef44bf3d8d1d3d4c55d0ac40c4bc994684?s=96&d=mm&r=g","url":"https:\/\/secure.gravatar.com\/avatar\/109c326cf2be5c04f048c2c2a2b8b6ef44bf3d8d1d3d4c55d0ac40c4bc994684?s=96&d=mm&r=g","contentUrl":"https:\/\/secure.gravatar.com\/avatar\/109c326cf2be5c04f048c2c2a2b8b6ef44bf3d8d1d3d4c55d0ac40c4bc994684?s=96&d=mm&r=g","caption":"Editor"},"url":"https:\/\/diarioellabrador.cl\/index.php\/author\/editor\/"}]}},"_links":{"self":[{"href":"https:\/\/diarioellabrador.cl\/index.php\/wp-json\/wp\/v2\/posts\/10161","targetHints":{"allow":["GET"]}}],"collection":[{"href":"https:\/\/diarioellabrador.cl\/index.php\/wp-json\/wp\/v2\/posts"}],"about":[{"href":"https:\/\/diarioellabrador.cl\/index.php\/wp-json\/wp\/v2\/types\/post"}],"author":[{"embeddable":true,"href":"https:\/\/diarioellabrador.cl\/index.php\/wp-json\/wp\/v2\/users\/2"}],"replies":[{"embeddable":true,"href":"https:\/\/diarioellabrador.cl\/index.php\/wp-json\/wp\/v2\/comments?post=10161"}],"version-history":[{"count":1,"href":"https:\/\/diarioellabrador.cl\/index.php\/wp-json\/wp\/v2\/posts\/10161\/revisions"}],"predecessor-version":[{"id":10162,"href":"https:\/\/diarioellabrador.cl\/index.php\/wp-json\/wp\/v2\/posts\/10161\/revisions\/10162"}],"wp:featuredmedia":[{"embeddable":true,"href":"https:\/\/diarioellabrador.cl\/index.php\/wp-json\/wp\/v2\/media\/10125"}],"wp:attachment":[{"href":"https:\/\/diarioellabrador.cl\/index.php\/wp-json\/wp\/v2\/media?parent=10161"}],"wp:term":[{"taxonomy":"category","embeddable":true,"href":"https:\/\/diarioellabrador.cl\/index.php\/wp-json\/wp\/v2\/categories?post=10161"},{"taxonomy":"post_tag","embeddable":true,"href":"https:\/\/diarioellabrador.cl\/index.php\/wp-json\/wp\/v2\/tags?post=10161"}],"curies":[{"name":"wp","href":"https:\/\/api.w.org\/{rel}","templated":true}]}}