{"id":10157,"date":"2025-10-20T18:53:54","date_gmt":"2025-10-20T22:53:54","guid":{"rendered":"https:\/\/diarioellabrador.cl\/?p=10157"},"modified":"2025-10-20T18:53:55","modified_gmt":"2025-10-20T22:53:55","slug":"ipsos-confianza-ciudadana-en-los-procesos-electorales-cae-12-puntos-a-pocas-semanas-de-votar","status":"publish","type":"post","link":"https:\/\/diarioellabrador.cl\/index.php\/2025\/10\/20\/ipsos-confianza-ciudadana-en-los-procesos-electorales-cae-12-puntos-a-pocas-semanas-de-votar\/","title":{"rendered":"Ipsos: Confianza ciudadana en los procesos electorales cae 12 puntos, a pocas semanas de votar"},"content":{"rendered":"\n<p>Este lunes se dio a conocer el informe N\u00b044 \u201cClaves Ipsos\u201d, <strong>que revel\u00f3 una notable disminuci\u00f3n de la confianza ciudadana en los procesos electorales<\/strong>.<\/p>\n\n\n\n<p>La encuesta -a 1.000 personas- abord\u00f3 el nivel de probidad y corrupci\u00f3n observado en el pa\u00eds, y como los candidatos a la Presidencia est\u00e1n abord\u00e1ndolo en sus campa\u00f1as.<\/p>\n\n\n\n<p>As\u00ed, en primer lugar, destacan que a pocas semanas de las pr\u00f3ximas elecciones, la confianza en los procesos electorales disminuye de 70% a 58% en poco m\u00e1s de un a\u00f1o. Sin embargo, <strong>se mantiene alta la confianza en el trabajo desempe\u00f1ado por los vocales de mesa (69%), los resultados de las elecciones (63%) y el trabajo del Servicio Electoral (60%)<\/strong>.<\/p>\n\n\n\n<p>En el caso del Servel, 47% cree que funciona mejor que las instituciones que cumplen el mismo rol en las elecciones del mundo. Pero<strong> solo 43% de las personas consultadas conf\u00eda en que las autoridades electorales vigilar\u00e1n con eficacia la probidad y transparencia del gasto electoral<\/strong>.<\/p>\n\n\n\n<p>\u201cLa sensaci\u00f3n de corrupci\u00f3n que se ha instalado a nivel ciudadano y la baja confianza en las instituciones ahora est\u00e1 afectando tambi\u00e9n a c\u00f3mo las personas observan a las elecciones. Y esto muy peligroso porque la confianza en los procesos electorales son la base del funcionamiento de la democracia.\u201d indic\u00f3 al respecto la directora de Estudios P\u00fablicos de Ipsos Chile, Alejandra Ojeda Mayorga.<\/p>\n\n\n\n<h2 class=\"wp-block-heading\">Estrategias de anticorrupci\u00f3n de los candidatos<\/h2>\n\n\n\n<p>Por otra parte, un 70% de los encuestados cree que las y los candidatos presidenciales le asignan importancia a las estrategias anticorrupci\u00f3n. No obstante, m\u00e1s de la mitad (57%) considera que la importancia atribuida no es suficiente.<\/p>\n\n\n\n<p>Adem\u00e1s, ning\u00fan presidenciable logra apropiarse de este tema con fuerza. <strong>Jos\u00e9 Antonio Kast lidera con un 39% de asociaci\u00f3n a propuestas anticorrupci\u00f3n, seguido por Jeannette Jara (28%), Johannes Kaiser (26%), Evelyn Matthei (25%) y Franco Parisi (22%)<\/strong>.<\/p>\n\n\n\n<p>No obstante, prima la desconfianza sobre el cumplimiento real de estas promesas en todos los abanderados.<\/p>\n\n\n\n<h2 class=\"wp-block-heading\">Niveles de corrupci\u00f3n en Chile<\/h2>\n\n\n\n<p>Ahora, respecto a los niveles de corrupci\u00f3n en el pa\u00eds, el 72% de las personas cree que el nivel de corrupci\u00f3n es alto, percepci\u00f3n que se extiende al Estado (68%), a las regiones (64%) y a las comunas (48%).<\/p>\n\n\n\n<p>Adem\u00e1s, 50% desconf\u00eda en la labor de las instituciones nacionales encargadas de combatir la corrupci\u00f3n.<\/p>\n\n\n\n<h2 class=\"wp-block-heading\">Probidad en instituciones<\/h2>\n\n\n\n<p>La percepci\u00f3n de probidad institucional tambi\u00e9n revela contrastes. Las instituciones m\u00e1s asociadas a integridad son la Polic\u00eda de Investigaciones (33%) y Carabineros (32%), ambas con una disminuci\u00f3n en su vinculaci\u00f3n a corrupci\u00f3n respecto a 2024.<\/p>\n\n\n\n<p>En cambio, los partidos pol\u00edticos (76%), el Congreso (69%) y los tribunales de justicia (64%) concentran las mayores asociaciones negativas.<\/p>\n\n\n\n<p>Sobre la funci\u00f3n p\u00fablica, el 54% de las personas considera que el Estado no es honrado en la contrataci\u00f3n de personal, y 52% cree que no fiscaliza adecuadamente su propio actuar. Sin embargo, un 36% cree que el Estado s\u00ed cuenta con los instrumentos para actuar con probidad y transparencia.<\/p>\n\n\n\n<p>Y la empresa privada no escapa a esta mirada, pues un 38% la asocia a corrupci\u00f3n y 46% considera que no es transparente al publicar precios y condiciones de sus servicios.<\/p>\n\n\n\n<p>\u201cEstamos enfrentando una importante crisis de confianza en las instituciones. Y las acciones que realizan tanto el Estado como las empresas no est\u00e1n conectando con las personas y conteniendo la sensaci\u00f3n de corrupci\u00f3n\u201d, apunt\u00f3 al respecto Ojeda.<\/p>\n\n\n\n<p>\u201cSin embargo, los programas anticorrupci\u00f3n se encuentran ampliamente extendidos y son mandatorios en muchos sectores. En este punto son los l\u00edderes reputados quienes tienen la posibilidad de instalar una nueva tendencia en la opini\u00f3n p\u00fablica, hablando claramente a la ciudan\u00eda y dando el ejemplo en comportamiento probo\u201d, agreg\u00f3.<\/p>\n\n\n\n<p>Finalmente, cabe destacar que <strong>quienes s\u00ed gozan de mayor confianza son los emprendedores y peque\u00f1os empresarios, considerados como los m\u00e1s honrados por un 58% de la poblaci\u00f3n<\/strong>, muy por encima de dirigentes vecinales (27%) o l\u00edderes de empresas (23%). Este grupo, adem\u00e1s, sube 8 puntos en percepci\u00f3n positiva respecto del a\u00f1o anterior.<\/p>\n","protected":false},"excerpt":{"rendered":"<p>Este lunes se dio a conocer el informe N\u00b044 \u201cClaves Ipsos\u201d, que revel\u00f3 una notable disminuci\u00f3n de la confianza ciudadana en los procesos electorales. La encuesta -a 1.000 personas- abord\u00f3 el nivel de probidad y corrupci\u00f3n observado en el pa\u00eds, y como los candidatos a la Presidencia est\u00e1n abord\u00e1ndolo en sus campa\u00f1as. As\u00ed, en primer<\/p>\n<div class=\"read-more-wrapper\"><a class=\"read-more\" href=\"https:\/\/diarioellabrador.cl\/index.php\/2025\/10\/20\/ipsos-confianza-ciudadana-en-los-procesos-electorales-cae-12-puntos-a-pocas-semanas-de-votar\/\" title=\"Leer m\u00e1s\"> <span class=\"button \">Leer m\u00e1s<\/span><\/a><\/div>\n","protected":false},"author":2,"featured_media":10123,"comment_status":"open","ping_status":"open","sticky":false,"template":"","format":"standard","meta":{"footnotes":""},"categories":[1],"tags":[],"class_list":["post-10157","post","type-post","status-publish","format-standard","has-post-thumbnail","hentry","category-cronica"],"yoast_head":"<!-- This site is optimized with the Yoast SEO plugin v27.5 - https:\/\/yoast.com\/product\/yoast-seo-wordpress\/ -->\n<title>Ipsos: Confianza ciudadana en los procesos electorales cae 12 puntos, a pocas semanas de votar - Diario El Labrador<\/title>\n<meta name=\"robots\" content=\"index, follow, max-snippet:-1, max-image-preview:large, max-video-preview:-1\" \/>\n<link rel=\"canonical\" href=\"https:\/\/diarioellabrador.cl\/index.php\/2025\/10\/20\/ipsos-confianza-ciudadana-en-los-procesos-electorales-cae-12-puntos-a-pocas-semanas-de-votar\/\" \/>\n<meta property=\"og:locale\" content=\"es_ES\" \/>\n<meta property=\"og:type\" content=\"article\" \/>\n<meta property=\"og:title\" content=\"Ipsos: Confianza ciudadana en los procesos electorales cae 12 puntos, a pocas semanas de votar - Diario El Labrador\" \/>\n<meta property=\"og:description\" content=\"Este lunes se dio a conocer el informe N\u00b044 \u201cClaves Ipsos\u201d, que revel\u00f3 una notable disminuci\u00f3n de la confianza ciudadana en los procesos electorales. La encuesta -a 1.000 personas- abord\u00f3 el nivel de probidad y corrupci\u00f3n observado en el pa\u00eds, y como los candidatos a la Presidencia est\u00e1n abord\u00e1ndolo en sus campa\u00f1as. As\u00ed, en primer Leer m\u00e1s\" \/>\n<meta property=\"og:url\" content=\"https:\/\/diarioellabrador.cl\/index.php\/2025\/10\/20\/ipsos-confianza-ciudadana-en-los-procesos-electorales-cae-12-puntos-a-pocas-semanas-de-votar\/\" \/>\n<meta property=\"og:site_name\" content=\"Diario El Labrador\" \/>\n<meta property=\"article:publisher\" content=\"https:\/\/web.facebook.com\/profile.php?id=61576120840621\" \/>\n<meta property=\"article:published_time\" content=\"2025-10-20T22:53:54+00:00\" \/>\n<meta property=\"article:modified_time\" content=\"2025-10-20T22:53:55+00:00\" \/>\n<meta property=\"og:image\" content=\"https:\/\/diarioellabrador.cl\/wp-content\/uploads\/2025\/10\/Ipsos-Confianza-ciudadana-en-los-procesos-electorales-cae-12-puntos-a-pocas-semanas-de-votar.jpg\" \/>\n\t<meta property=\"og:image:width\" content=\"660\" \/>\n\t<meta property=\"og:image:height\" content=\"440\" \/>\n\t<meta property=\"og:image:type\" content=\"image\/jpeg\" \/>\n<meta name=\"author\" content=\"Editor\" \/>\n<meta name=\"twitter:card\" content=\"summary_large_image\" \/>\n<meta name=\"twitter:creator\" content=\"@ElLabradorOf\" \/>\n<meta name=\"twitter:site\" content=\"@ElLabradorOf\" \/>\n<meta name=\"twitter:label1\" content=\"Escrito por\" \/>\n\t<meta name=\"twitter:data1\" content=\"Editor\" \/>\n\t<meta name=\"twitter:label2\" content=\"Tiempo de lectura\" \/>\n\t<meta name=\"twitter:data2\" content=\"3 minutos\" \/>\n<script type=\"application\/ld+json\" class=\"yoast-schema-graph\">{\"@context\":\"https:\\\/\\\/schema.org\",\"@graph\":[{\"@type\":\"Article\",\"@id\":\"https:\\\/\\\/diarioellabrador.cl\\\/index.php\\\/2025\\\/10\\\/20\\\/ipsos-confianza-ciudadana-en-los-procesos-electorales-cae-12-puntos-a-pocas-semanas-de-votar\\\/#article\",\"isPartOf\":{\"@id\":\"https:\\\/\\\/diarioellabrador.cl\\\/index.php\\\/2025\\\/10\\\/20\\\/ipsos-confianza-ciudadana-en-los-procesos-electorales-cae-12-puntos-a-pocas-semanas-de-votar\\\/\"},\"author\":{\"name\":\"Editor\",\"@id\":\"https:\\\/\\\/diarioellabrador.cl\\\/#\\\/schema\\\/person\\\/bc25ff80b4563f9c7f4bd7855df01685\"},\"headline\":\"Ipsos: Confianza ciudadana en los procesos electorales cae 12 puntos, a pocas semanas de votar\",\"datePublished\":\"2025-10-20T22:53:54+00:00\",\"dateModified\":\"2025-10-20T22:53:55+00:00\",\"mainEntityOfPage\":{\"@id\":\"https:\\\/\\\/diarioellabrador.cl\\\/index.php\\\/2025\\\/10\\\/20\\\/ipsos-confianza-ciudadana-en-los-procesos-electorales-cae-12-puntos-a-pocas-semanas-de-votar\\\/\"},\"wordCount\":690,\"commentCount\":0,\"publisher\":{\"@id\":\"https:\\\/\\\/diarioellabrador.cl\\\/#organization\"},\"image\":{\"@id\":\"https:\\\/\\\/diarioellabrador.cl\\\/index.php\\\/2025\\\/10\\\/20\\\/ipsos-confianza-ciudadana-en-los-procesos-electorales-cae-12-puntos-a-pocas-semanas-de-votar\\\/#primaryimage\"},\"thumbnailUrl\":\"https:\\\/\\\/diarioellabrador.cl\\\/wp-content\\\/uploads\\\/2025\\\/10\\\/Ipsos-Confianza-ciudadana-en-los-procesos-electorales-cae-12-puntos-a-pocas-semanas-de-votar.jpg\",\"articleSection\":[\"Cr\u00f3nica\"],\"inLanguage\":\"es\",\"potentialAction\":[{\"@type\":\"CommentAction\",\"name\":\"Comment\",\"target\":[\"https:\\\/\\\/diarioellabrador.cl\\\/index.php\\\/2025\\\/10\\\/20\\\/ipsos-confianza-ciudadana-en-los-procesos-electorales-cae-12-puntos-a-pocas-semanas-de-votar\\\/#respond\"]}]},{\"@type\":\"WebPage\",\"@id\":\"https:\\\/\\\/diarioellabrador.cl\\\/index.php\\\/2025\\\/10\\\/20\\\/ipsos-confianza-ciudadana-en-los-procesos-electorales-cae-12-puntos-a-pocas-semanas-de-votar\\\/\",\"url\":\"https:\\\/\\\/diarioellabrador.cl\\\/index.php\\\/2025\\\/10\\\/20\\\/ipsos-confianza-ciudadana-en-los-procesos-electorales-cae-12-puntos-a-pocas-semanas-de-votar\\\/\",\"name\":\"Ipsos: Confianza ciudadana en los procesos electorales cae 12 puntos, a pocas semanas de votar - Diario El Labrador\",\"isPartOf\":{\"@id\":\"https:\\\/\\\/diarioellabrador.cl\\\/#website\"},\"primaryImageOfPage\":{\"@id\":\"https:\\\/\\\/diarioellabrador.cl\\\/index.php\\\/2025\\\/10\\\/20\\\/ipsos-confianza-ciudadana-en-los-procesos-electorales-cae-12-puntos-a-pocas-semanas-de-votar\\\/#primaryimage\"},\"image\":{\"@id\":\"https:\\\/\\\/diarioellabrador.cl\\\/index.php\\\/2025\\\/10\\\/20\\\/ipsos-confianza-ciudadana-en-los-procesos-electorales-cae-12-puntos-a-pocas-semanas-de-votar\\\/#primaryimage\"},\"thumbnailUrl\":\"https:\\\/\\\/diarioellabrador.cl\\\/wp-content\\\/uploads\\\/2025\\\/10\\\/Ipsos-Confianza-ciudadana-en-los-procesos-electorales-cae-12-puntos-a-pocas-semanas-de-votar.jpg\",\"datePublished\":\"2025-10-20T22:53:54+00:00\",\"dateModified\":\"2025-10-20T22:53:55+00:00\",\"breadcrumb\":{\"@id\":\"https:\\\/\\\/diarioellabrador.cl\\\/index.php\\\/2025\\\/10\\\/20\\\/ipsos-confianza-ciudadana-en-los-procesos-electorales-cae-12-puntos-a-pocas-semanas-de-votar\\\/#breadcrumb\"},\"inLanguage\":\"es\",\"potentialAction\":[{\"@type\":\"ReadAction\",\"target\":[\"https:\\\/\\\/diarioellabrador.cl\\\/index.php\\\/2025\\\/10\\\/20\\\/ipsos-confianza-ciudadana-en-los-procesos-electorales-cae-12-puntos-a-pocas-semanas-de-votar\\\/\"]}]},{\"@type\":\"ImageObject\",\"inLanguage\":\"es\",\"@id\":\"https:\\\/\\\/diarioellabrador.cl\\\/index.php\\\/2025\\\/10\\\/20\\\/ipsos-confianza-ciudadana-en-los-procesos-electorales-cae-12-puntos-a-pocas-semanas-de-votar\\\/#primaryimage\",\"url\":\"https:\\\/\\\/diarioellabrador.cl\\\/wp-content\\\/uploads\\\/2025\\\/10\\\/Ipsos-Confianza-ciudadana-en-los-procesos-electorales-cae-12-puntos-a-pocas-semanas-de-votar.jpg\",\"contentUrl\":\"https:\\\/\\\/diarioellabrador.cl\\\/wp-content\\\/uploads\\\/2025\\\/10\\\/Ipsos-Confianza-ciudadana-en-los-procesos-electorales-cae-12-puntos-a-pocas-semanas-de-votar.jpg\",\"width\":660,\"height\":440},{\"@type\":\"BreadcrumbList\",\"@id\":\"https:\\\/\\\/diarioellabrador.cl\\\/index.php\\\/2025\\\/10\\\/20\\\/ipsos-confianza-ciudadana-en-los-procesos-electorales-cae-12-puntos-a-pocas-semanas-de-votar\\\/#breadcrumb\",\"itemListElement\":[{\"@type\":\"ListItem\",\"position\":1,\"name\":\"Portada\",\"item\":\"https:\\\/\\\/diarioellabrador.cl\\\/\"},{\"@type\":\"ListItem\",\"position\":2,\"name\":\"Ipsos: Confianza ciudadana en los procesos electorales cae 12 puntos, a pocas semanas de votar\"}]},{\"@type\":\"WebSite\",\"@id\":\"https:\\\/\\\/diarioellabrador.cl\\\/#website\",\"url\":\"https:\\\/\\\/diarioellabrador.cl\\\/\",\"name\":\"Diario El Labrador\",\"description\":\"Haciendo noticia desde 1921\",\"publisher\":{\"@id\":\"https:\\\/\\\/diarioellabrador.cl\\\/#organization\"},\"potentialAction\":[{\"@type\":\"SearchAction\",\"target\":{\"@type\":\"EntryPoint\",\"urlTemplate\":\"https:\\\/\\\/diarioellabrador.cl\\\/?s={search_term_string}\"},\"query-input\":{\"@type\":\"PropertyValueSpecification\",\"valueRequired\":true,\"valueName\":\"search_term_string\"}}],\"inLanguage\":\"es\"},{\"@type\":\"Organization\",\"@id\":\"https:\\\/\\\/diarioellabrador.cl\\\/#organization\",\"name\":\"Diario El Labrador\",\"url\":\"https:\\\/\\\/diarioellabrador.cl\\\/\",\"logo\":{\"@type\":\"ImageObject\",\"inLanguage\":\"es\",\"@id\":\"https:\\\/\\\/diarioellabrador.cl\\\/#\\\/schema\\\/logo\\\/image\\\/\",\"url\":\"https:\\\/\\\/diarioellabrador.cl\\\/wp-content\\\/uploads\\\/2025\\\/02\\\/cropped-Logo-Icono.png\",\"contentUrl\":\"https:\\\/\\\/diarioellabrador.cl\\\/wp-content\\\/uploads\\\/2025\\\/02\\\/cropped-Logo-Icono.png\",\"width\":512,\"height\":512,\"caption\":\"Diario El Labrador\"},\"image\":{\"@id\":\"https:\\\/\\\/diarioellabrador.cl\\\/#\\\/schema\\\/logo\\\/image\\\/\"},\"sameAs\":[\"https:\\\/\\\/web.facebook.com\\\/profile.php?id=61576120840621\",\"https:\\\/\\\/x.com\\\/ElLabradorOf\",\"https:\\\/\\\/www.instagram.com\\\/diarioellabradoroficial\\\/\"]},{\"@type\":\"Person\",\"@id\":\"https:\\\/\\\/diarioellabrador.cl\\\/#\\\/schema\\\/person\\\/bc25ff80b4563f9c7f4bd7855df01685\",\"name\":\"Editor\",\"image\":{\"@type\":\"ImageObject\",\"inLanguage\":\"es\",\"@id\":\"https:\\\/\\\/secure.gravatar.com\\\/avatar\\\/109c326cf2be5c04f048c2c2a2b8b6ef44bf3d8d1d3d4c55d0ac40c4bc994684?s=96&d=mm&r=g\",\"url\":\"https:\\\/\\\/secure.gravatar.com\\\/avatar\\\/109c326cf2be5c04f048c2c2a2b8b6ef44bf3d8d1d3d4c55d0ac40c4bc994684?s=96&d=mm&r=g\",\"contentUrl\":\"https:\\\/\\\/secure.gravatar.com\\\/avatar\\\/109c326cf2be5c04f048c2c2a2b8b6ef44bf3d8d1d3d4c55d0ac40c4bc994684?s=96&d=mm&r=g\",\"caption\":\"Editor\"},\"url\":\"https:\\\/\\\/diarioellabrador.cl\\\/index.php\\\/author\\\/editor\\\/\"}]}<\/script>\n<!-- \/ Yoast SEO plugin. -->","yoast_head_json":{"title":"Ipsos: Confianza ciudadana en los procesos electorales cae 12 puntos, a pocas semanas de votar - Diario El Labrador","robots":{"index":"index","follow":"follow","max-snippet":"max-snippet:-1","max-image-preview":"max-image-preview:large","max-video-preview":"max-video-preview:-1"},"canonical":"https:\/\/diarioellabrador.cl\/index.php\/2025\/10\/20\/ipsos-confianza-ciudadana-en-los-procesos-electorales-cae-12-puntos-a-pocas-semanas-de-votar\/","og_locale":"es_ES","og_type":"article","og_title":"Ipsos: Confianza ciudadana en los procesos electorales cae 12 puntos, a pocas semanas de votar - Diario El Labrador","og_description":"Este lunes se dio a conocer el informe N\u00b044 \u201cClaves Ipsos\u201d, que revel\u00f3 una notable disminuci\u00f3n de la confianza ciudadana en los procesos electorales. La encuesta -a 1.000 personas- abord\u00f3 el nivel de probidad y corrupci\u00f3n observado en el pa\u00eds, y como los candidatos a la Presidencia est\u00e1n abord\u00e1ndolo en sus campa\u00f1as. As\u00ed, en primer Leer m\u00e1s","og_url":"https:\/\/diarioellabrador.cl\/index.php\/2025\/10\/20\/ipsos-confianza-ciudadana-en-los-procesos-electorales-cae-12-puntos-a-pocas-semanas-de-votar\/","og_site_name":"Diario El Labrador","article_publisher":"https:\/\/web.facebook.com\/profile.php?id=61576120840621","article_published_time":"2025-10-20T22:53:54+00:00","article_modified_time":"2025-10-20T22:53:55+00:00","og_image":[{"width":660,"height":440,"url":"https:\/\/diarioellabrador.cl\/wp-content\/uploads\/2025\/10\/Ipsos-Confianza-ciudadana-en-los-procesos-electorales-cae-12-puntos-a-pocas-semanas-de-votar.jpg","type":"image\/jpeg"}],"author":"Editor","twitter_card":"summary_large_image","twitter_creator":"@ElLabradorOf","twitter_site":"@ElLabradorOf","twitter_misc":{"Escrito por":"Editor","Tiempo de lectura":"3 minutos"},"schema":{"@context":"https:\/\/schema.org","@graph":[{"@type":"Article","@id":"https:\/\/diarioellabrador.cl\/index.php\/2025\/10\/20\/ipsos-confianza-ciudadana-en-los-procesos-electorales-cae-12-puntos-a-pocas-semanas-de-votar\/#article","isPartOf":{"@id":"https:\/\/diarioellabrador.cl\/index.php\/2025\/10\/20\/ipsos-confianza-ciudadana-en-los-procesos-electorales-cae-12-puntos-a-pocas-semanas-de-votar\/"},"author":{"name":"Editor","@id":"https:\/\/diarioellabrador.cl\/#\/schema\/person\/bc25ff80b4563f9c7f4bd7855df01685"},"headline":"Ipsos: Confianza ciudadana en los procesos electorales cae 12 puntos, a pocas semanas de votar","datePublished":"2025-10-20T22:53:54+00:00","dateModified":"2025-10-20T22:53:55+00:00","mainEntityOfPage":{"@id":"https:\/\/diarioellabrador.cl\/index.php\/2025\/10\/20\/ipsos-confianza-ciudadana-en-los-procesos-electorales-cae-12-puntos-a-pocas-semanas-de-votar\/"},"wordCount":690,"commentCount":0,"publisher":{"@id":"https:\/\/diarioellabrador.cl\/#organization"},"image":{"@id":"https:\/\/diarioellabrador.cl\/index.php\/2025\/10\/20\/ipsos-confianza-ciudadana-en-los-procesos-electorales-cae-12-puntos-a-pocas-semanas-de-votar\/#primaryimage"},"thumbnailUrl":"https:\/\/diarioellabrador.cl\/wp-content\/uploads\/2025\/10\/Ipsos-Confianza-ciudadana-en-los-procesos-electorales-cae-12-puntos-a-pocas-semanas-de-votar.jpg","articleSection":["Cr\u00f3nica"],"inLanguage":"es","potentialAction":[{"@type":"CommentAction","name":"Comment","target":["https:\/\/diarioellabrador.cl\/index.php\/2025\/10\/20\/ipsos-confianza-ciudadana-en-los-procesos-electorales-cae-12-puntos-a-pocas-semanas-de-votar\/#respond"]}]},{"@type":"WebPage","@id":"https:\/\/diarioellabrador.cl\/index.php\/2025\/10\/20\/ipsos-confianza-ciudadana-en-los-procesos-electorales-cae-12-puntos-a-pocas-semanas-de-votar\/","url":"https:\/\/diarioellabrador.cl\/index.php\/2025\/10\/20\/ipsos-confianza-ciudadana-en-los-procesos-electorales-cae-12-puntos-a-pocas-semanas-de-votar\/","name":"Ipsos: Confianza ciudadana en los procesos electorales cae 12 puntos, a pocas semanas de votar - Diario El Labrador","isPartOf":{"@id":"https:\/\/diarioellabrador.cl\/#website"},"primaryImageOfPage":{"@id":"https:\/\/diarioellabrador.cl\/index.php\/2025\/10\/20\/ipsos-confianza-ciudadana-en-los-procesos-electorales-cae-12-puntos-a-pocas-semanas-de-votar\/#primaryimage"},"image":{"@id":"https:\/\/diarioellabrador.cl\/index.php\/2025\/10\/20\/ipsos-confianza-ciudadana-en-los-procesos-electorales-cae-12-puntos-a-pocas-semanas-de-votar\/#primaryimage"},"thumbnailUrl":"https:\/\/diarioellabrador.cl\/wp-content\/uploads\/2025\/10\/Ipsos-Confianza-ciudadana-en-los-procesos-electorales-cae-12-puntos-a-pocas-semanas-de-votar.jpg","datePublished":"2025-10-20T22:53:54+00:00","dateModified":"2025-10-20T22:53:55+00:00","breadcrumb":{"@id":"https:\/\/diarioellabrador.cl\/index.php\/2025\/10\/20\/ipsos-confianza-ciudadana-en-los-procesos-electorales-cae-12-puntos-a-pocas-semanas-de-votar\/#breadcrumb"},"inLanguage":"es","potentialAction":[{"@type":"ReadAction","target":["https:\/\/diarioellabrador.cl\/index.php\/2025\/10\/20\/ipsos-confianza-ciudadana-en-los-procesos-electorales-cae-12-puntos-a-pocas-semanas-de-votar\/"]}]},{"@type":"ImageObject","inLanguage":"es","@id":"https:\/\/diarioellabrador.cl\/index.php\/2025\/10\/20\/ipsos-confianza-ciudadana-en-los-procesos-electorales-cae-12-puntos-a-pocas-semanas-de-votar\/#primaryimage","url":"https:\/\/diarioellabrador.cl\/wp-content\/uploads\/2025\/10\/Ipsos-Confianza-ciudadana-en-los-procesos-electorales-cae-12-puntos-a-pocas-semanas-de-votar.jpg","contentUrl":"https:\/\/diarioellabrador.cl\/wp-content\/uploads\/2025\/10\/Ipsos-Confianza-ciudadana-en-los-procesos-electorales-cae-12-puntos-a-pocas-semanas-de-votar.jpg","width":660,"height":440},{"@type":"BreadcrumbList","@id":"https:\/\/diarioellabrador.cl\/index.php\/2025\/10\/20\/ipsos-confianza-ciudadana-en-los-procesos-electorales-cae-12-puntos-a-pocas-semanas-de-votar\/#breadcrumb","itemListElement":[{"@type":"ListItem","position":1,"name":"Portada","item":"https:\/\/diarioellabrador.cl\/"},{"@type":"ListItem","position":2,"name":"Ipsos: Confianza ciudadana en los procesos electorales cae 12 puntos, a pocas semanas de votar"}]},{"@type":"WebSite","@id":"https:\/\/diarioellabrador.cl\/#website","url":"https:\/\/diarioellabrador.cl\/","name":"Diario El Labrador","description":"Haciendo noticia desde 1921","publisher":{"@id":"https:\/\/diarioellabrador.cl\/#organization"},"potentialAction":[{"@type":"SearchAction","target":{"@type":"EntryPoint","urlTemplate":"https:\/\/diarioellabrador.cl\/?s={search_term_string}"},"query-input":{"@type":"PropertyValueSpecification","valueRequired":true,"valueName":"search_term_string"}}],"inLanguage":"es"},{"@type":"Organization","@id":"https:\/\/diarioellabrador.cl\/#organization","name":"Diario El Labrador","url":"https:\/\/diarioellabrador.cl\/","logo":{"@type":"ImageObject","inLanguage":"es","@id":"https:\/\/diarioellabrador.cl\/#\/schema\/logo\/image\/","url":"https:\/\/diarioellabrador.cl\/wp-content\/uploads\/2025\/02\/cropped-Logo-Icono.png","contentUrl":"https:\/\/diarioellabrador.cl\/wp-content\/uploads\/2025\/02\/cropped-Logo-Icono.png","width":512,"height":512,"caption":"Diario El Labrador"},"image":{"@id":"https:\/\/diarioellabrador.cl\/#\/schema\/logo\/image\/"},"sameAs":["https:\/\/web.facebook.com\/profile.php?id=61576120840621","https:\/\/x.com\/ElLabradorOf","https:\/\/www.instagram.com\/diarioellabradoroficial\/"]},{"@type":"Person","@id":"https:\/\/diarioellabrador.cl\/#\/schema\/person\/bc25ff80b4563f9c7f4bd7855df01685","name":"Editor","image":{"@type":"ImageObject","inLanguage":"es","@id":"https:\/\/secure.gravatar.com\/avatar\/109c326cf2be5c04f048c2c2a2b8b6ef44bf3d8d1d3d4c55d0ac40c4bc994684?s=96&d=mm&r=g","url":"https:\/\/secure.gravatar.com\/avatar\/109c326cf2be5c04f048c2c2a2b8b6ef44bf3d8d1d3d4c55d0ac40c4bc994684?s=96&d=mm&r=g","contentUrl":"https:\/\/secure.gravatar.com\/avatar\/109c326cf2be5c04f048c2c2a2b8b6ef44bf3d8d1d3d4c55d0ac40c4bc994684?s=96&d=mm&r=g","caption":"Editor"},"url":"https:\/\/diarioellabrador.cl\/index.php\/author\/editor\/"}]}},"_links":{"self":[{"href":"https:\/\/diarioellabrador.cl\/index.php\/wp-json\/wp\/v2\/posts\/10157","targetHints":{"allow":["GET"]}}],"collection":[{"href":"https:\/\/diarioellabrador.cl\/index.php\/wp-json\/wp\/v2\/posts"}],"about":[{"href":"https:\/\/diarioellabrador.cl\/index.php\/wp-json\/wp\/v2\/types\/post"}],"author":[{"embeddable":true,"href":"https:\/\/diarioellabrador.cl\/index.php\/wp-json\/wp\/v2\/users\/2"}],"replies":[{"embeddable":true,"href":"https:\/\/diarioellabrador.cl\/index.php\/wp-json\/wp\/v2\/comments?post=10157"}],"version-history":[{"count":1,"href":"https:\/\/diarioellabrador.cl\/index.php\/wp-json\/wp\/v2\/posts\/10157\/revisions"}],"predecessor-version":[{"id":10158,"href":"https:\/\/diarioellabrador.cl\/index.php\/wp-json\/wp\/v2\/posts\/10157\/revisions\/10158"}],"wp:featuredmedia":[{"embeddable":true,"href":"https:\/\/diarioellabrador.cl\/index.php\/wp-json\/wp\/v2\/media\/10123"}],"wp:attachment":[{"href":"https:\/\/diarioellabrador.cl\/index.php\/wp-json\/wp\/v2\/media?parent=10157"}],"wp:term":[{"taxonomy":"category","embeddable":true,"href":"https:\/\/diarioellabrador.cl\/index.php\/wp-json\/wp\/v2\/categories?post=10157"},{"taxonomy":"post_tag","embeddable":true,"href":"https:\/\/diarioellabrador.cl\/index.php\/wp-json\/wp\/v2\/tags?post=10157"}],"curies":[{"name":"wp","href":"https:\/\/api.w.org\/{rel}","templated":true}]}}