{"id":10151,"date":"2025-10-20T18:50:00","date_gmt":"2025-10-20T22:50:00","guid":{"rendered":"https:\/\/diarioellabrador.cl\/?p=10151"},"modified":"2025-10-20T18:50:01","modified_gmt":"2025-10-20T22:50:01","slug":"hombre-fue-atacado-con-un-cuchillo-en-la-poblacion-padre-hurtado","status":"publish","type":"post","link":"https:\/\/diarioellabrador.cl\/index.php\/2025\/10\/20\/hombre-fue-atacado-con-un-cuchillo-en-la-poblacion-padre-hurtado\/","title":{"rendered":"Hombre fue atacado con un cuchillo en la poblaci\u00f3n Padre Hurtado"},"content":{"rendered":"\n<p>Pasadas las 19.30 horas un hombre de 34 a\u00f1os que hab\u00eda ido a jugar una \u201cpichanga\u201d con un grupo de amigos en la cancha de la poblaci\u00f3n Padre Hurtado se dirigi\u00f3 hasta su inmueble ubicado en un block del sector, en esos instantes un sujeto que se encontraba en la v\u00eda p\u00fablica comenz\u00f3 a gritarle improperios.<\/p>\n\n\n\n<p>El afectado hizo caso omiso a la agresi\u00f3n verbal siguiendo su camino al inmueble, una vez en el interior sigui\u00f3 escuchando como segu\u00edan los gritos y decidi\u00f3 bajar para pedirle a persona que terminara con el asunto, en esos instantes el agresor le propin\u00f3 una palmada en la cara.<\/p>\n\n\n\n<p>La v\u00edctima reaccion\u00f3 peg\u00e1ndole un cabezazo al agresor, quien procedi\u00f3 a sacar de entre sus vestimentas un cuchillo para luego propinar una pu\u00f1alada en el muslo al afectado para posteriormente huir del lugar.<\/p>\n\n\n\n<p>El lesionado fue trasladado en forma particular hasta el SAR donde recibi\u00f3 atenci\u00f3n a su herida en la pierna izquierda, posteriormente el hecho fue denunciado a personal policial donde se sindic\u00f3 al agresor como un hombre de 34 a\u00f1os con domicilio en las cercan\u00edas del cementerio municipal de Melipilla.<\/p>\n","protected":false},"excerpt":{"rendered":"<p>Pasadas las 19.30 horas un hombre de 34 a\u00f1os que hab\u00eda ido a jugar una \u201cpichanga\u201d con un grupo de amigos en la cancha de la poblaci\u00f3n Padre Hurtado se dirigi\u00f3 hasta su inmueble ubicado en un block del sector, en esos instantes un sujeto que se encontraba en la v\u00eda p\u00fablica comenz\u00f3 a gritarle<\/p>\n<div class=\"read-more-wrapper\"><a class=\"read-more\" href=\"https:\/\/diarioellabrador.cl\/index.php\/2025\/10\/20\/hombre-fue-atacado-con-un-cuchillo-en-la-poblacion-padre-hurtado\/\" title=\"Leer m\u00e1s\"> <span class=\"button \">Leer m\u00e1s<\/span><\/a><\/div>\n","protected":false},"author":2,"featured_media":10110,"comment_status":"open","ping_status":"open","sticky":false,"template":"","format":"standard","meta":{"footnotes":""},"categories":[3],"tags":[],"class_list":["post-10151","post","type-post","status-publish","format-standard","has-post-thumbnail","hentry","category-policial"],"yoast_head":"<!-- This site is optimized with the Yoast SEO plugin v27.5 - https:\/\/yoast.com\/product\/yoast-seo-wordpress\/ -->\n<title>Hombre fue atacado con un cuchillo en la poblaci\u00f3n Padre Hurtado - Diario El Labrador<\/title>\n<meta name=\"robots\" content=\"index, follow, max-snippet:-1, max-image-preview:large, max-video-preview:-1\" \/>\n<link rel=\"canonical\" href=\"https:\/\/diarioellabrador.cl\/index.php\/2025\/10\/20\/hombre-fue-atacado-con-un-cuchillo-en-la-poblacion-padre-hurtado\/\" \/>\n<meta property=\"og:locale\" content=\"es_ES\" \/>\n<meta property=\"og:type\" content=\"article\" \/>\n<meta property=\"og:title\" content=\"Hombre fue atacado con un cuchillo en la poblaci\u00f3n Padre Hurtado - Diario El Labrador\" \/>\n<meta property=\"og:description\" content=\"Pasadas las 19.30 horas un hombre de 34 a\u00f1os que hab\u00eda ido a jugar una \u201cpichanga\u201d con un grupo de amigos en la cancha de la poblaci\u00f3n Padre Hurtado se dirigi\u00f3 hasta su inmueble ubicado en un block del sector, en esos instantes un sujeto que se encontraba en la v\u00eda p\u00fablica comenz\u00f3 a gritarle Leer m\u00e1s\" \/>\n<meta property=\"og:url\" content=\"https:\/\/diarioellabrador.cl\/index.php\/2025\/10\/20\/hombre-fue-atacado-con-un-cuchillo-en-la-poblacion-padre-hurtado\/\" \/>\n<meta property=\"og:site_name\" content=\"Diario El Labrador\" \/>\n<meta property=\"article:publisher\" content=\"https:\/\/web.facebook.com\/profile.php?id=61576120840621\" \/>\n<meta property=\"article:published_time\" content=\"2025-10-20T22:50:00+00:00\" \/>\n<meta property=\"article:modified_time\" content=\"2025-10-20T22:50:01+00:00\" \/>\n<meta property=\"og:image\" content=\"https:\/\/diarioellabrador.cl\/wp-content\/uploads\/2025\/10\/Hombre-fue-atacado-con-un-cuchillo-en-la-poblacion-Padre-Hurtado.jpg\" \/>\n\t<meta property=\"og:image:width\" content=\"626\" \/>\n\t<meta property=\"og:image:height\" content=\"348\" \/>\n\t<meta property=\"og:image:type\" content=\"image\/jpeg\" \/>\n<meta name=\"author\" content=\"Editor\" \/>\n<meta name=\"twitter:card\" content=\"summary_large_image\" \/>\n<meta name=\"twitter:creator\" content=\"@ElLabradorOf\" \/>\n<meta name=\"twitter:site\" content=\"@ElLabradorOf\" \/>\n<meta name=\"twitter:label1\" content=\"Escrito por\" \/>\n\t<meta name=\"twitter:data1\" content=\"Editor\" \/>\n\t<meta name=\"twitter:label2\" content=\"Tiempo de lectura\" \/>\n\t<meta name=\"twitter:data2\" content=\"2 minutos\" \/>\n<script type=\"application\/ld+json\" class=\"yoast-schema-graph\">{\"@context\":\"https:\\\/\\\/schema.org\",\"@graph\":[{\"@type\":\"Article\",\"@id\":\"https:\\\/\\\/diarioellabrador.cl\\\/index.php\\\/2025\\\/10\\\/20\\\/hombre-fue-atacado-con-un-cuchillo-en-la-poblacion-padre-hurtado\\\/#article\",\"isPartOf\":{\"@id\":\"https:\\\/\\\/diarioellabrador.cl\\\/index.php\\\/2025\\\/10\\\/20\\\/hombre-fue-atacado-con-un-cuchillo-en-la-poblacion-padre-hurtado\\\/\"},\"author\":{\"name\":\"Editor\",\"@id\":\"https:\\\/\\\/diarioellabrador.cl\\\/#\\\/schema\\\/person\\\/bc25ff80b4563f9c7f4bd7855df01685\"},\"headline\":\"Hombre fue atacado con un cuchillo en la poblaci\u00f3n Padre Hurtado\",\"datePublished\":\"2025-10-20T22:50:00+00:00\",\"dateModified\":\"2025-10-20T22:50:01+00:00\",\"mainEntityOfPage\":{\"@id\":\"https:\\\/\\\/diarioellabrador.cl\\\/index.php\\\/2025\\\/10\\\/20\\\/hombre-fue-atacado-con-un-cuchillo-en-la-poblacion-padre-hurtado\\\/\"},\"wordCount\":209,\"commentCount\":0,\"publisher\":{\"@id\":\"https:\\\/\\\/diarioellabrador.cl\\\/#organization\"},\"image\":{\"@id\":\"https:\\\/\\\/diarioellabrador.cl\\\/index.php\\\/2025\\\/10\\\/20\\\/hombre-fue-atacado-con-un-cuchillo-en-la-poblacion-padre-hurtado\\\/#primaryimage\"},\"thumbnailUrl\":\"https:\\\/\\\/diarioellabrador.cl\\\/wp-content\\\/uploads\\\/2025\\\/10\\\/Hombre-fue-atacado-con-un-cuchillo-en-la-poblacion-Padre-Hurtado.jpg\",\"articleSection\":[\"Policial\"],\"inLanguage\":\"es\",\"potentialAction\":[{\"@type\":\"CommentAction\",\"name\":\"Comment\",\"target\":[\"https:\\\/\\\/diarioellabrador.cl\\\/index.php\\\/2025\\\/10\\\/20\\\/hombre-fue-atacado-con-un-cuchillo-en-la-poblacion-padre-hurtado\\\/#respond\"]}]},{\"@type\":\"WebPage\",\"@id\":\"https:\\\/\\\/diarioellabrador.cl\\\/index.php\\\/2025\\\/10\\\/20\\\/hombre-fue-atacado-con-un-cuchillo-en-la-poblacion-padre-hurtado\\\/\",\"url\":\"https:\\\/\\\/diarioellabrador.cl\\\/index.php\\\/2025\\\/10\\\/20\\\/hombre-fue-atacado-con-un-cuchillo-en-la-poblacion-padre-hurtado\\\/\",\"name\":\"Hombre fue atacado con un cuchillo en la poblaci\u00f3n Padre Hurtado - Diario El Labrador\",\"isPartOf\":{\"@id\":\"https:\\\/\\\/diarioellabrador.cl\\\/#website\"},\"primaryImageOfPage\":{\"@id\":\"https:\\\/\\\/diarioellabrador.cl\\\/index.php\\\/2025\\\/10\\\/20\\\/hombre-fue-atacado-con-un-cuchillo-en-la-poblacion-padre-hurtado\\\/#primaryimage\"},\"image\":{\"@id\":\"https:\\\/\\\/diarioellabrador.cl\\\/index.php\\\/2025\\\/10\\\/20\\\/hombre-fue-atacado-con-un-cuchillo-en-la-poblacion-padre-hurtado\\\/#primaryimage\"},\"thumbnailUrl\":\"https:\\\/\\\/diarioellabrador.cl\\\/wp-content\\\/uploads\\\/2025\\\/10\\\/Hombre-fue-atacado-con-un-cuchillo-en-la-poblacion-Padre-Hurtado.jpg\",\"datePublished\":\"2025-10-20T22:50:00+00:00\",\"dateModified\":\"2025-10-20T22:50:01+00:00\",\"breadcrumb\":{\"@id\":\"https:\\\/\\\/diarioellabrador.cl\\\/index.php\\\/2025\\\/10\\\/20\\\/hombre-fue-atacado-con-un-cuchillo-en-la-poblacion-padre-hurtado\\\/#breadcrumb\"},\"inLanguage\":\"es\",\"potentialAction\":[{\"@type\":\"ReadAction\",\"target\":[\"https:\\\/\\\/diarioellabrador.cl\\\/index.php\\\/2025\\\/10\\\/20\\\/hombre-fue-atacado-con-un-cuchillo-en-la-poblacion-padre-hurtado\\\/\"]}]},{\"@type\":\"ImageObject\",\"inLanguage\":\"es\",\"@id\":\"https:\\\/\\\/diarioellabrador.cl\\\/index.php\\\/2025\\\/10\\\/20\\\/hombre-fue-atacado-con-un-cuchillo-en-la-poblacion-padre-hurtado\\\/#primaryimage\",\"url\":\"https:\\\/\\\/diarioellabrador.cl\\\/wp-content\\\/uploads\\\/2025\\\/10\\\/Hombre-fue-atacado-con-un-cuchillo-en-la-poblacion-Padre-Hurtado.jpg\",\"contentUrl\":\"https:\\\/\\\/diarioellabrador.cl\\\/wp-content\\\/uploads\\\/2025\\\/10\\\/Hombre-fue-atacado-con-un-cuchillo-en-la-poblacion-Padre-Hurtado.jpg\",\"width\":626,\"height\":348},{\"@type\":\"BreadcrumbList\",\"@id\":\"https:\\\/\\\/diarioellabrador.cl\\\/index.php\\\/2025\\\/10\\\/20\\\/hombre-fue-atacado-con-un-cuchillo-en-la-poblacion-padre-hurtado\\\/#breadcrumb\",\"itemListElement\":[{\"@type\":\"ListItem\",\"position\":1,\"name\":\"Portada\",\"item\":\"https:\\\/\\\/diarioellabrador.cl\\\/\"},{\"@type\":\"ListItem\",\"position\":2,\"name\":\"Hombre fue atacado con un cuchillo en la poblaci\u00f3n Padre Hurtado\"}]},{\"@type\":\"WebSite\",\"@id\":\"https:\\\/\\\/diarioellabrador.cl\\\/#website\",\"url\":\"https:\\\/\\\/diarioellabrador.cl\\\/\",\"name\":\"Diario El Labrador\",\"description\":\"Haciendo noticia desde 1921\",\"publisher\":{\"@id\":\"https:\\\/\\\/diarioellabrador.cl\\\/#organization\"},\"potentialAction\":[{\"@type\":\"SearchAction\",\"target\":{\"@type\":\"EntryPoint\",\"urlTemplate\":\"https:\\\/\\\/diarioellabrador.cl\\\/?s={search_term_string}\"},\"query-input\":{\"@type\":\"PropertyValueSpecification\",\"valueRequired\":true,\"valueName\":\"search_term_string\"}}],\"inLanguage\":\"es\"},{\"@type\":\"Organization\",\"@id\":\"https:\\\/\\\/diarioellabrador.cl\\\/#organization\",\"name\":\"Diario El Labrador\",\"url\":\"https:\\\/\\\/diarioellabrador.cl\\\/\",\"logo\":{\"@type\":\"ImageObject\",\"inLanguage\":\"es\",\"@id\":\"https:\\\/\\\/diarioellabrador.cl\\\/#\\\/schema\\\/logo\\\/image\\\/\",\"url\":\"https:\\\/\\\/diarioellabrador.cl\\\/wp-content\\\/uploads\\\/2025\\\/02\\\/cropped-Logo-Icono.png\",\"contentUrl\":\"https:\\\/\\\/diarioellabrador.cl\\\/wp-content\\\/uploads\\\/2025\\\/02\\\/cropped-Logo-Icono.png\",\"width\":512,\"height\":512,\"caption\":\"Diario El Labrador\"},\"image\":{\"@id\":\"https:\\\/\\\/diarioellabrador.cl\\\/#\\\/schema\\\/logo\\\/image\\\/\"},\"sameAs\":[\"https:\\\/\\\/web.facebook.com\\\/profile.php?id=61576120840621\",\"https:\\\/\\\/x.com\\\/ElLabradorOf\",\"https:\\\/\\\/www.instagram.com\\\/diarioellabradoroficial\\\/\"]},{\"@type\":\"Person\",\"@id\":\"https:\\\/\\\/diarioellabrador.cl\\\/#\\\/schema\\\/person\\\/bc25ff80b4563f9c7f4bd7855df01685\",\"name\":\"Editor\",\"image\":{\"@type\":\"ImageObject\",\"inLanguage\":\"es\",\"@id\":\"https:\\\/\\\/secure.gravatar.com\\\/avatar\\\/109c326cf2be5c04f048c2c2a2b8b6ef44bf3d8d1d3d4c55d0ac40c4bc994684?s=96&d=mm&r=g\",\"url\":\"https:\\\/\\\/secure.gravatar.com\\\/avatar\\\/109c326cf2be5c04f048c2c2a2b8b6ef44bf3d8d1d3d4c55d0ac40c4bc994684?s=96&d=mm&r=g\",\"contentUrl\":\"https:\\\/\\\/secure.gravatar.com\\\/avatar\\\/109c326cf2be5c04f048c2c2a2b8b6ef44bf3d8d1d3d4c55d0ac40c4bc994684?s=96&d=mm&r=g\",\"caption\":\"Editor\"},\"url\":\"https:\\\/\\\/diarioellabrador.cl\\\/index.php\\\/author\\\/editor\\\/\"}]}<\/script>\n<!-- \/ Yoast SEO plugin. -->","yoast_head_json":{"title":"Hombre fue atacado con un cuchillo en la poblaci\u00f3n Padre Hurtado - Diario El Labrador","robots":{"index":"index","follow":"follow","max-snippet":"max-snippet:-1","max-image-preview":"max-image-preview:large","max-video-preview":"max-video-preview:-1"},"canonical":"https:\/\/diarioellabrador.cl\/index.php\/2025\/10\/20\/hombre-fue-atacado-con-un-cuchillo-en-la-poblacion-padre-hurtado\/","og_locale":"es_ES","og_type":"article","og_title":"Hombre fue atacado con un cuchillo en la poblaci\u00f3n Padre Hurtado - Diario El Labrador","og_description":"Pasadas las 19.30 horas un hombre de 34 a\u00f1os que hab\u00eda ido a jugar una \u201cpichanga\u201d con un grupo de amigos en la cancha de la poblaci\u00f3n Padre Hurtado se dirigi\u00f3 hasta su inmueble ubicado en un block del sector, en esos instantes un sujeto que se encontraba en la v\u00eda p\u00fablica comenz\u00f3 a gritarle Leer m\u00e1s","og_url":"https:\/\/diarioellabrador.cl\/index.php\/2025\/10\/20\/hombre-fue-atacado-con-un-cuchillo-en-la-poblacion-padre-hurtado\/","og_site_name":"Diario El Labrador","article_publisher":"https:\/\/web.facebook.com\/profile.php?id=61576120840621","article_published_time":"2025-10-20T22:50:00+00:00","article_modified_time":"2025-10-20T22:50:01+00:00","og_image":[{"width":626,"height":348,"url":"https:\/\/diarioellabrador.cl\/wp-content\/uploads\/2025\/10\/Hombre-fue-atacado-con-un-cuchillo-en-la-poblacion-Padre-Hurtado.jpg","type":"image\/jpeg"}],"author":"Editor","twitter_card":"summary_large_image","twitter_creator":"@ElLabradorOf","twitter_site":"@ElLabradorOf","twitter_misc":{"Escrito por":"Editor","Tiempo de lectura":"2 minutos"},"schema":{"@context":"https:\/\/schema.org","@graph":[{"@type":"Article","@id":"https:\/\/diarioellabrador.cl\/index.php\/2025\/10\/20\/hombre-fue-atacado-con-un-cuchillo-en-la-poblacion-padre-hurtado\/#article","isPartOf":{"@id":"https:\/\/diarioellabrador.cl\/index.php\/2025\/10\/20\/hombre-fue-atacado-con-un-cuchillo-en-la-poblacion-padre-hurtado\/"},"author":{"name":"Editor","@id":"https:\/\/diarioellabrador.cl\/#\/schema\/person\/bc25ff80b4563f9c7f4bd7855df01685"},"headline":"Hombre fue atacado con un cuchillo en la poblaci\u00f3n Padre Hurtado","datePublished":"2025-10-20T22:50:00+00:00","dateModified":"2025-10-20T22:50:01+00:00","mainEntityOfPage":{"@id":"https:\/\/diarioellabrador.cl\/index.php\/2025\/10\/20\/hombre-fue-atacado-con-un-cuchillo-en-la-poblacion-padre-hurtado\/"},"wordCount":209,"commentCount":0,"publisher":{"@id":"https:\/\/diarioellabrador.cl\/#organization"},"image":{"@id":"https:\/\/diarioellabrador.cl\/index.php\/2025\/10\/20\/hombre-fue-atacado-con-un-cuchillo-en-la-poblacion-padre-hurtado\/#primaryimage"},"thumbnailUrl":"https:\/\/diarioellabrador.cl\/wp-content\/uploads\/2025\/10\/Hombre-fue-atacado-con-un-cuchillo-en-la-poblacion-Padre-Hurtado.jpg","articleSection":["Policial"],"inLanguage":"es","potentialAction":[{"@type":"CommentAction","name":"Comment","target":["https:\/\/diarioellabrador.cl\/index.php\/2025\/10\/20\/hombre-fue-atacado-con-un-cuchillo-en-la-poblacion-padre-hurtado\/#respond"]}]},{"@type":"WebPage","@id":"https:\/\/diarioellabrador.cl\/index.php\/2025\/10\/20\/hombre-fue-atacado-con-un-cuchillo-en-la-poblacion-padre-hurtado\/","url":"https:\/\/diarioellabrador.cl\/index.php\/2025\/10\/20\/hombre-fue-atacado-con-un-cuchillo-en-la-poblacion-padre-hurtado\/","name":"Hombre fue atacado con un cuchillo en la poblaci\u00f3n Padre Hurtado - Diario El Labrador","isPartOf":{"@id":"https:\/\/diarioellabrador.cl\/#website"},"primaryImageOfPage":{"@id":"https:\/\/diarioellabrador.cl\/index.php\/2025\/10\/20\/hombre-fue-atacado-con-un-cuchillo-en-la-poblacion-padre-hurtado\/#primaryimage"},"image":{"@id":"https:\/\/diarioellabrador.cl\/index.php\/2025\/10\/20\/hombre-fue-atacado-con-un-cuchillo-en-la-poblacion-padre-hurtado\/#primaryimage"},"thumbnailUrl":"https:\/\/diarioellabrador.cl\/wp-content\/uploads\/2025\/10\/Hombre-fue-atacado-con-un-cuchillo-en-la-poblacion-Padre-Hurtado.jpg","datePublished":"2025-10-20T22:50:00+00:00","dateModified":"2025-10-20T22:50:01+00:00","breadcrumb":{"@id":"https:\/\/diarioellabrador.cl\/index.php\/2025\/10\/20\/hombre-fue-atacado-con-un-cuchillo-en-la-poblacion-padre-hurtado\/#breadcrumb"},"inLanguage":"es","potentialAction":[{"@type":"ReadAction","target":["https:\/\/diarioellabrador.cl\/index.php\/2025\/10\/20\/hombre-fue-atacado-con-un-cuchillo-en-la-poblacion-padre-hurtado\/"]}]},{"@type":"ImageObject","inLanguage":"es","@id":"https:\/\/diarioellabrador.cl\/index.php\/2025\/10\/20\/hombre-fue-atacado-con-un-cuchillo-en-la-poblacion-padre-hurtado\/#primaryimage","url":"https:\/\/diarioellabrador.cl\/wp-content\/uploads\/2025\/10\/Hombre-fue-atacado-con-un-cuchillo-en-la-poblacion-Padre-Hurtado.jpg","contentUrl":"https:\/\/diarioellabrador.cl\/wp-content\/uploads\/2025\/10\/Hombre-fue-atacado-con-un-cuchillo-en-la-poblacion-Padre-Hurtado.jpg","width":626,"height":348},{"@type":"BreadcrumbList","@id":"https:\/\/diarioellabrador.cl\/index.php\/2025\/10\/20\/hombre-fue-atacado-con-un-cuchillo-en-la-poblacion-padre-hurtado\/#breadcrumb","itemListElement":[{"@type":"ListItem","position":1,"name":"Portada","item":"https:\/\/diarioellabrador.cl\/"},{"@type":"ListItem","position":2,"name":"Hombre fue atacado con un cuchillo en la poblaci\u00f3n Padre Hurtado"}]},{"@type":"WebSite","@id":"https:\/\/diarioellabrador.cl\/#website","url":"https:\/\/diarioellabrador.cl\/","name":"Diario El Labrador","description":"Haciendo noticia desde 1921","publisher":{"@id":"https:\/\/diarioellabrador.cl\/#organization"},"potentialAction":[{"@type":"SearchAction","target":{"@type":"EntryPoint","urlTemplate":"https:\/\/diarioellabrador.cl\/?s={search_term_string}"},"query-input":{"@type":"PropertyValueSpecification","valueRequired":true,"valueName":"search_term_string"}}],"inLanguage":"es"},{"@type":"Organization","@id":"https:\/\/diarioellabrador.cl\/#organization","name":"Diario El Labrador","url":"https:\/\/diarioellabrador.cl\/","logo":{"@type":"ImageObject","inLanguage":"es","@id":"https:\/\/diarioellabrador.cl\/#\/schema\/logo\/image\/","url":"https:\/\/diarioellabrador.cl\/wp-content\/uploads\/2025\/02\/cropped-Logo-Icono.png","contentUrl":"https:\/\/diarioellabrador.cl\/wp-content\/uploads\/2025\/02\/cropped-Logo-Icono.png","width":512,"height":512,"caption":"Diario El Labrador"},"image":{"@id":"https:\/\/diarioellabrador.cl\/#\/schema\/logo\/image\/"},"sameAs":["https:\/\/web.facebook.com\/profile.php?id=61576120840621","https:\/\/x.com\/ElLabradorOf","https:\/\/www.instagram.com\/diarioellabradoroficial\/"]},{"@type":"Person","@id":"https:\/\/diarioellabrador.cl\/#\/schema\/person\/bc25ff80b4563f9c7f4bd7855df01685","name":"Editor","image":{"@type":"ImageObject","inLanguage":"es","@id":"https:\/\/secure.gravatar.com\/avatar\/109c326cf2be5c04f048c2c2a2b8b6ef44bf3d8d1d3d4c55d0ac40c4bc994684?s=96&d=mm&r=g","url":"https:\/\/secure.gravatar.com\/avatar\/109c326cf2be5c04f048c2c2a2b8b6ef44bf3d8d1d3d4c55d0ac40c4bc994684?s=96&d=mm&r=g","contentUrl":"https:\/\/secure.gravatar.com\/avatar\/109c326cf2be5c04f048c2c2a2b8b6ef44bf3d8d1d3d4c55d0ac40c4bc994684?s=96&d=mm&r=g","caption":"Editor"},"url":"https:\/\/diarioellabrador.cl\/index.php\/author\/editor\/"}]}},"_links":{"self":[{"href":"https:\/\/diarioellabrador.cl\/index.php\/wp-json\/wp\/v2\/posts\/10151","targetHints":{"allow":["GET"]}}],"collection":[{"href":"https:\/\/diarioellabrador.cl\/index.php\/wp-json\/wp\/v2\/posts"}],"about":[{"href":"https:\/\/diarioellabrador.cl\/index.php\/wp-json\/wp\/v2\/types\/post"}],"author":[{"embeddable":true,"href":"https:\/\/diarioellabrador.cl\/index.php\/wp-json\/wp\/v2\/users\/2"}],"replies":[{"embeddable":true,"href":"https:\/\/diarioellabrador.cl\/index.php\/wp-json\/wp\/v2\/comments?post=10151"}],"version-history":[{"count":1,"href":"https:\/\/diarioellabrador.cl\/index.php\/wp-json\/wp\/v2\/posts\/10151\/revisions"}],"predecessor-version":[{"id":10152,"href":"https:\/\/diarioellabrador.cl\/index.php\/wp-json\/wp\/v2\/posts\/10151\/revisions\/10152"}],"wp:featuredmedia":[{"embeddable":true,"href":"https:\/\/diarioellabrador.cl\/index.php\/wp-json\/wp\/v2\/media\/10110"}],"wp:attachment":[{"href":"https:\/\/diarioellabrador.cl\/index.php\/wp-json\/wp\/v2\/media?parent=10151"}],"wp:term":[{"taxonomy":"category","embeddable":true,"href":"https:\/\/diarioellabrador.cl\/index.php\/wp-json\/wp\/v2\/categories?post=10151"},{"taxonomy":"post_tag","embeddable":true,"href":"https:\/\/diarioellabrador.cl\/index.php\/wp-json\/wp\/v2\/tags?post=10151"}],"curies":[{"name":"wp","href":"https:\/\/api.w.org\/{rel}","templated":true}]}}