{"id":10145,"date":"2025-10-20T18:48:36","date_gmt":"2025-10-20T22:48:36","guid":{"rendered":"https:\/\/diarioellabrador.cl\/?p=10145"},"modified":"2025-10-20T18:48:37","modified_gmt":"2025-10-20T22:48:37","slug":"ministerio-publico-inicia-investigacion-por-hallazgo-de-feto-en-planta-de-aguas-servidas","status":"publish","type":"post","link":"https:\/\/diarioellabrador.cl\/index.php\/2025\/10\/20\/ministerio-publico-inicia-investigacion-por-hallazgo-de-feto-en-planta-de-aguas-servidas\/","title":{"rendered":"Ministerio P\u00fablico inicia investigaci\u00f3n por hallazgo de feto en planta de aguas servidas"},"content":{"rendered":"\n<p>Un trabajador de la empresa que tiene a su cargo la planta de aguas servidas en Esmeralda se llev\u00f3 una impactante sorpresa al intentar destapar la rejilla donde algo estaba obstruyendo la circulaci\u00f3n de elementos, al sacar el objeto se percat\u00f3 que se trataba de un feto humano.<\/p>\n\n\n\n<p>De inmediato inform\u00f3 de lo sucedido donde se solicit\u00f3 la presencia de personal de carabineros quienes informaron al fiscal de turno que el feto ten\u00eda un tama\u00f1o de 20 cent\u00edmetros aproximadamente, de inmediato se iniciaron las diligencias que permitan conocer antecedentes de su progenitora.<\/p>\n\n\n\n<p>Se inform\u00f3 que personal de Labocar realiz\u00f3 todas las diligencias tendientes para conocer las responsabilidades en este hecho junto con dar con el paradero de la madre y conocer las causas de como un feto termin\u00f3 en las aguas servidas.<\/p>\n","protected":false},"excerpt":{"rendered":"<p>Un trabajador de la empresa que tiene a su cargo la planta de aguas servidas en Esmeralda se llev\u00f3 una impactante sorpresa al intentar destapar la rejilla donde algo estaba obstruyendo la circulaci\u00f3n de elementos, al sacar el objeto se percat\u00f3 que se trataba de un feto humano. De inmediato inform\u00f3 de lo sucedido donde<\/p>\n<div class=\"read-more-wrapper\"><a class=\"read-more\" href=\"https:\/\/diarioellabrador.cl\/index.php\/2025\/10\/20\/ministerio-publico-inicia-investigacion-por-hallazgo-de-feto-en-planta-de-aguas-servidas\/\" title=\"Leer m\u00e1s\"> <span class=\"button \">Leer m\u00e1s<\/span><\/a><\/div>\n","protected":false},"author":2,"featured_media":10111,"comment_status":"open","ping_status":"open","sticky":false,"template":"","format":"standard","meta":{"footnotes":""},"categories":[14,3],"tags":[],"class_list":["post-10145","post","type-post","status-publish","format-standard","has-post-thumbnail","hentry","category-destacados","category-policial"],"yoast_head":"<!-- This site is optimized with the Yoast SEO plugin v27.5 - https:\/\/yoast.com\/product\/yoast-seo-wordpress\/ -->\n<title>Ministerio P\u00fablico inicia investigaci\u00f3n por hallazgo de feto en planta de aguas servidas - Diario El Labrador<\/title>\n<meta name=\"robots\" content=\"index, follow, max-snippet:-1, max-image-preview:large, max-video-preview:-1\" \/>\n<link rel=\"canonical\" href=\"https:\/\/diarioellabrador.cl\/index.php\/2025\/10\/20\/ministerio-publico-inicia-investigacion-por-hallazgo-de-feto-en-planta-de-aguas-servidas\/\" \/>\n<meta property=\"og:locale\" content=\"es_ES\" \/>\n<meta property=\"og:type\" content=\"article\" \/>\n<meta property=\"og:title\" content=\"Ministerio P\u00fablico inicia investigaci\u00f3n por hallazgo de feto en planta de aguas servidas - Diario El Labrador\" \/>\n<meta property=\"og:description\" content=\"Un trabajador de la empresa que tiene a su cargo la planta de aguas servidas en Esmeralda se llev\u00f3 una impactante sorpresa al intentar destapar la rejilla donde algo estaba obstruyendo la circulaci\u00f3n de elementos, al sacar el objeto se percat\u00f3 que se trataba de un feto humano. De inmediato inform\u00f3 de lo sucedido donde Leer m\u00e1s\" \/>\n<meta property=\"og:url\" content=\"https:\/\/diarioellabrador.cl\/index.php\/2025\/10\/20\/ministerio-publico-inicia-investigacion-por-hallazgo-de-feto-en-planta-de-aguas-servidas\/\" \/>\n<meta property=\"og:site_name\" content=\"Diario El Labrador\" \/>\n<meta property=\"article:publisher\" content=\"https:\/\/web.facebook.com\/profile.php?id=61576120840621\" \/>\n<meta property=\"article:published_time\" content=\"2025-10-20T22:48:36+00:00\" \/>\n<meta property=\"article:modified_time\" content=\"2025-10-20T22:48:37+00:00\" \/>\n<meta property=\"og:image\" content=\"https:\/\/diarioellabrador.cl\/wp-content\/uploads\/2025\/10\/Ministerio-Publico-inicia-investigacion-por-hallazgo-de-feto-en-planta-de-aguas-servidas.jpg\" \/>\n\t<meta property=\"og:image:width\" content=\"800\" \/>\n\t<meta property=\"og:image:height\" content=\"450\" \/>\n\t<meta property=\"og:image:type\" content=\"image\/jpeg\" \/>\n<meta name=\"author\" content=\"Editor\" \/>\n<meta name=\"twitter:card\" content=\"summary_large_image\" \/>\n<meta name=\"twitter:creator\" content=\"@ElLabradorOf\" \/>\n<meta name=\"twitter:site\" content=\"@ElLabradorOf\" \/>\n<meta name=\"twitter:label1\" content=\"Escrito por\" \/>\n\t<meta name=\"twitter:data1\" content=\"Editor\" \/>\n\t<meta name=\"twitter:label2\" content=\"Tiempo de lectura\" \/>\n\t<meta name=\"twitter:data2\" content=\"1 minuto\" \/>\n<script type=\"application\/ld+json\" class=\"yoast-schema-graph\">{\"@context\":\"https:\\\/\\\/schema.org\",\"@graph\":[{\"@type\":\"Article\",\"@id\":\"https:\\\/\\\/diarioellabrador.cl\\\/index.php\\\/2025\\\/10\\\/20\\\/ministerio-publico-inicia-investigacion-por-hallazgo-de-feto-en-planta-de-aguas-servidas\\\/#article\",\"isPartOf\":{\"@id\":\"https:\\\/\\\/diarioellabrador.cl\\\/index.php\\\/2025\\\/10\\\/20\\\/ministerio-publico-inicia-investigacion-por-hallazgo-de-feto-en-planta-de-aguas-servidas\\\/\"},\"author\":{\"name\":\"Editor\",\"@id\":\"https:\\\/\\\/diarioellabrador.cl\\\/#\\\/schema\\\/person\\\/bc25ff80b4563f9c7f4bd7855df01685\"},\"headline\":\"Ministerio P\u00fablico inicia investigaci\u00f3n por hallazgo de feto en planta de aguas servidas\",\"datePublished\":\"2025-10-20T22:48:36+00:00\",\"dateModified\":\"2025-10-20T22:48:37+00:00\",\"mainEntityOfPage\":{\"@id\":\"https:\\\/\\\/diarioellabrador.cl\\\/index.php\\\/2025\\\/10\\\/20\\\/ministerio-publico-inicia-investigacion-por-hallazgo-de-feto-en-planta-de-aguas-servidas\\\/\"},\"wordCount\":150,\"commentCount\":0,\"publisher\":{\"@id\":\"https:\\\/\\\/diarioellabrador.cl\\\/#organization\"},\"image\":{\"@id\":\"https:\\\/\\\/diarioellabrador.cl\\\/index.php\\\/2025\\\/10\\\/20\\\/ministerio-publico-inicia-investigacion-por-hallazgo-de-feto-en-planta-de-aguas-servidas\\\/#primaryimage\"},\"thumbnailUrl\":\"https:\\\/\\\/diarioellabrador.cl\\\/wp-content\\\/uploads\\\/2025\\\/10\\\/Ministerio-Publico-inicia-investigacion-por-hallazgo-de-feto-en-planta-de-aguas-servidas.jpg\",\"articleSection\":[\"Destacados\",\"Policial\"],\"inLanguage\":\"es\",\"potentialAction\":[{\"@type\":\"CommentAction\",\"name\":\"Comment\",\"target\":[\"https:\\\/\\\/diarioellabrador.cl\\\/index.php\\\/2025\\\/10\\\/20\\\/ministerio-publico-inicia-investigacion-por-hallazgo-de-feto-en-planta-de-aguas-servidas\\\/#respond\"]}]},{\"@type\":\"WebPage\",\"@id\":\"https:\\\/\\\/diarioellabrador.cl\\\/index.php\\\/2025\\\/10\\\/20\\\/ministerio-publico-inicia-investigacion-por-hallazgo-de-feto-en-planta-de-aguas-servidas\\\/\",\"url\":\"https:\\\/\\\/diarioellabrador.cl\\\/index.php\\\/2025\\\/10\\\/20\\\/ministerio-publico-inicia-investigacion-por-hallazgo-de-feto-en-planta-de-aguas-servidas\\\/\",\"name\":\"Ministerio P\u00fablico inicia investigaci\u00f3n por hallazgo de feto en planta de aguas servidas - Diario El Labrador\",\"isPartOf\":{\"@id\":\"https:\\\/\\\/diarioellabrador.cl\\\/#website\"},\"primaryImageOfPage\":{\"@id\":\"https:\\\/\\\/diarioellabrador.cl\\\/index.php\\\/2025\\\/10\\\/20\\\/ministerio-publico-inicia-investigacion-por-hallazgo-de-feto-en-planta-de-aguas-servidas\\\/#primaryimage\"},\"image\":{\"@id\":\"https:\\\/\\\/diarioellabrador.cl\\\/index.php\\\/2025\\\/10\\\/20\\\/ministerio-publico-inicia-investigacion-por-hallazgo-de-feto-en-planta-de-aguas-servidas\\\/#primaryimage\"},\"thumbnailUrl\":\"https:\\\/\\\/diarioellabrador.cl\\\/wp-content\\\/uploads\\\/2025\\\/10\\\/Ministerio-Publico-inicia-investigacion-por-hallazgo-de-feto-en-planta-de-aguas-servidas.jpg\",\"datePublished\":\"2025-10-20T22:48:36+00:00\",\"dateModified\":\"2025-10-20T22:48:37+00:00\",\"breadcrumb\":{\"@id\":\"https:\\\/\\\/diarioellabrador.cl\\\/index.php\\\/2025\\\/10\\\/20\\\/ministerio-publico-inicia-investigacion-por-hallazgo-de-feto-en-planta-de-aguas-servidas\\\/#breadcrumb\"},\"inLanguage\":\"es\",\"potentialAction\":[{\"@type\":\"ReadAction\",\"target\":[\"https:\\\/\\\/diarioellabrador.cl\\\/index.php\\\/2025\\\/10\\\/20\\\/ministerio-publico-inicia-investigacion-por-hallazgo-de-feto-en-planta-de-aguas-servidas\\\/\"]}]},{\"@type\":\"ImageObject\",\"inLanguage\":\"es\",\"@id\":\"https:\\\/\\\/diarioellabrador.cl\\\/index.php\\\/2025\\\/10\\\/20\\\/ministerio-publico-inicia-investigacion-por-hallazgo-de-feto-en-planta-de-aguas-servidas\\\/#primaryimage\",\"url\":\"https:\\\/\\\/diarioellabrador.cl\\\/wp-content\\\/uploads\\\/2025\\\/10\\\/Ministerio-Publico-inicia-investigacion-por-hallazgo-de-feto-en-planta-de-aguas-servidas.jpg\",\"contentUrl\":\"https:\\\/\\\/diarioellabrador.cl\\\/wp-content\\\/uploads\\\/2025\\\/10\\\/Ministerio-Publico-inicia-investigacion-por-hallazgo-de-feto-en-planta-de-aguas-servidas.jpg\",\"width\":800,\"height\":450},{\"@type\":\"BreadcrumbList\",\"@id\":\"https:\\\/\\\/diarioellabrador.cl\\\/index.php\\\/2025\\\/10\\\/20\\\/ministerio-publico-inicia-investigacion-por-hallazgo-de-feto-en-planta-de-aguas-servidas\\\/#breadcrumb\",\"itemListElement\":[{\"@type\":\"ListItem\",\"position\":1,\"name\":\"Portada\",\"item\":\"https:\\\/\\\/diarioellabrador.cl\\\/\"},{\"@type\":\"ListItem\",\"position\":2,\"name\":\"Ministerio P\u00fablico inicia investigaci\u00f3n por hallazgo de feto en planta de aguas servidas\"}]},{\"@type\":\"WebSite\",\"@id\":\"https:\\\/\\\/diarioellabrador.cl\\\/#website\",\"url\":\"https:\\\/\\\/diarioellabrador.cl\\\/\",\"name\":\"Diario El Labrador\",\"description\":\"Haciendo noticia desde 1921\",\"publisher\":{\"@id\":\"https:\\\/\\\/diarioellabrador.cl\\\/#organization\"},\"potentialAction\":[{\"@type\":\"SearchAction\",\"target\":{\"@type\":\"EntryPoint\",\"urlTemplate\":\"https:\\\/\\\/diarioellabrador.cl\\\/?s={search_term_string}\"},\"query-input\":{\"@type\":\"PropertyValueSpecification\",\"valueRequired\":true,\"valueName\":\"search_term_string\"}}],\"inLanguage\":\"es\"},{\"@type\":\"Organization\",\"@id\":\"https:\\\/\\\/diarioellabrador.cl\\\/#organization\",\"name\":\"Diario El Labrador\",\"url\":\"https:\\\/\\\/diarioellabrador.cl\\\/\",\"logo\":{\"@type\":\"ImageObject\",\"inLanguage\":\"es\",\"@id\":\"https:\\\/\\\/diarioellabrador.cl\\\/#\\\/schema\\\/logo\\\/image\\\/\",\"url\":\"https:\\\/\\\/diarioellabrador.cl\\\/wp-content\\\/uploads\\\/2025\\\/02\\\/cropped-Logo-Icono.png\",\"contentUrl\":\"https:\\\/\\\/diarioellabrador.cl\\\/wp-content\\\/uploads\\\/2025\\\/02\\\/cropped-Logo-Icono.png\",\"width\":512,\"height\":512,\"caption\":\"Diario El Labrador\"},\"image\":{\"@id\":\"https:\\\/\\\/diarioellabrador.cl\\\/#\\\/schema\\\/logo\\\/image\\\/\"},\"sameAs\":[\"https:\\\/\\\/web.facebook.com\\\/profile.php?id=61576120840621\",\"https:\\\/\\\/x.com\\\/ElLabradorOf\",\"https:\\\/\\\/www.instagram.com\\\/diarioellabradoroficial\\\/\"]},{\"@type\":\"Person\",\"@id\":\"https:\\\/\\\/diarioellabrador.cl\\\/#\\\/schema\\\/person\\\/bc25ff80b4563f9c7f4bd7855df01685\",\"name\":\"Editor\",\"image\":{\"@type\":\"ImageObject\",\"inLanguage\":\"es\",\"@id\":\"https:\\\/\\\/secure.gravatar.com\\\/avatar\\\/109c326cf2be5c04f048c2c2a2b8b6ef44bf3d8d1d3d4c55d0ac40c4bc994684?s=96&d=mm&r=g\",\"url\":\"https:\\\/\\\/secure.gravatar.com\\\/avatar\\\/109c326cf2be5c04f048c2c2a2b8b6ef44bf3d8d1d3d4c55d0ac40c4bc994684?s=96&d=mm&r=g\",\"contentUrl\":\"https:\\\/\\\/secure.gravatar.com\\\/avatar\\\/109c326cf2be5c04f048c2c2a2b8b6ef44bf3d8d1d3d4c55d0ac40c4bc994684?s=96&d=mm&r=g\",\"caption\":\"Editor\"},\"url\":\"https:\\\/\\\/diarioellabrador.cl\\\/index.php\\\/author\\\/editor\\\/\"}]}<\/script>\n<!-- \/ Yoast SEO plugin. -->","yoast_head_json":{"title":"Ministerio P\u00fablico inicia investigaci\u00f3n por hallazgo de feto en planta de aguas servidas - Diario El Labrador","robots":{"index":"index","follow":"follow","max-snippet":"max-snippet:-1","max-image-preview":"max-image-preview:large","max-video-preview":"max-video-preview:-1"},"canonical":"https:\/\/diarioellabrador.cl\/index.php\/2025\/10\/20\/ministerio-publico-inicia-investigacion-por-hallazgo-de-feto-en-planta-de-aguas-servidas\/","og_locale":"es_ES","og_type":"article","og_title":"Ministerio P\u00fablico inicia investigaci\u00f3n por hallazgo de feto en planta de aguas servidas - Diario El Labrador","og_description":"Un trabajador de la empresa que tiene a su cargo la planta de aguas servidas en Esmeralda se llev\u00f3 una impactante sorpresa al intentar destapar la rejilla donde algo estaba obstruyendo la circulaci\u00f3n de elementos, al sacar el objeto se percat\u00f3 que se trataba de un feto humano. De inmediato inform\u00f3 de lo sucedido donde Leer m\u00e1s","og_url":"https:\/\/diarioellabrador.cl\/index.php\/2025\/10\/20\/ministerio-publico-inicia-investigacion-por-hallazgo-de-feto-en-planta-de-aguas-servidas\/","og_site_name":"Diario El Labrador","article_publisher":"https:\/\/web.facebook.com\/profile.php?id=61576120840621","article_published_time":"2025-10-20T22:48:36+00:00","article_modified_time":"2025-10-20T22:48:37+00:00","og_image":[{"width":800,"height":450,"url":"https:\/\/diarioellabrador.cl\/wp-content\/uploads\/2025\/10\/Ministerio-Publico-inicia-investigacion-por-hallazgo-de-feto-en-planta-de-aguas-servidas.jpg","type":"image\/jpeg"}],"author":"Editor","twitter_card":"summary_large_image","twitter_creator":"@ElLabradorOf","twitter_site":"@ElLabradorOf","twitter_misc":{"Escrito por":"Editor","Tiempo de lectura":"1 minuto"},"schema":{"@context":"https:\/\/schema.org","@graph":[{"@type":"Article","@id":"https:\/\/diarioellabrador.cl\/index.php\/2025\/10\/20\/ministerio-publico-inicia-investigacion-por-hallazgo-de-feto-en-planta-de-aguas-servidas\/#article","isPartOf":{"@id":"https:\/\/diarioellabrador.cl\/index.php\/2025\/10\/20\/ministerio-publico-inicia-investigacion-por-hallazgo-de-feto-en-planta-de-aguas-servidas\/"},"author":{"name":"Editor","@id":"https:\/\/diarioellabrador.cl\/#\/schema\/person\/bc25ff80b4563f9c7f4bd7855df01685"},"headline":"Ministerio P\u00fablico inicia investigaci\u00f3n por hallazgo de feto en planta de aguas servidas","datePublished":"2025-10-20T22:48:36+00:00","dateModified":"2025-10-20T22:48:37+00:00","mainEntityOfPage":{"@id":"https:\/\/diarioellabrador.cl\/index.php\/2025\/10\/20\/ministerio-publico-inicia-investigacion-por-hallazgo-de-feto-en-planta-de-aguas-servidas\/"},"wordCount":150,"commentCount":0,"publisher":{"@id":"https:\/\/diarioellabrador.cl\/#organization"},"image":{"@id":"https:\/\/diarioellabrador.cl\/index.php\/2025\/10\/20\/ministerio-publico-inicia-investigacion-por-hallazgo-de-feto-en-planta-de-aguas-servidas\/#primaryimage"},"thumbnailUrl":"https:\/\/diarioellabrador.cl\/wp-content\/uploads\/2025\/10\/Ministerio-Publico-inicia-investigacion-por-hallazgo-de-feto-en-planta-de-aguas-servidas.jpg","articleSection":["Destacados","Policial"],"inLanguage":"es","potentialAction":[{"@type":"CommentAction","name":"Comment","target":["https:\/\/diarioellabrador.cl\/index.php\/2025\/10\/20\/ministerio-publico-inicia-investigacion-por-hallazgo-de-feto-en-planta-de-aguas-servidas\/#respond"]}]},{"@type":"WebPage","@id":"https:\/\/diarioellabrador.cl\/index.php\/2025\/10\/20\/ministerio-publico-inicia-investigacion-por-hallazgo-de-feto-en-planta-de-aguas-servidas\/","url":"https:\/\/diarioellabrador.cl\/index.php\/2025\/10\/20\/ministerio-publico-inicia-investigacion-por-hallazgo-de-feto-en-planta-de-aguas-servidas\/","name":"Ministerio P\u00fablico inicia investigaci\u00f3n por hallazgo de feto en planta de aguas servidas - Diario El Labrador","isPartOf":{"@id":"https:\/\/diarioellabrador.cl\/#website"},"primaryImageOfPage":{"@id":"https:\/\/diarioellabrador.cl\/index.php\/2025\/10\/20\/ministerio-publico-inicia-investigacion-por-hallazgo-de-feto-en-planta-de-aguas-servidas\/#primaryimage"},"image":{"@id":"https:\/\/diarioellabrador.cl\/index.php\/2025\/10\/20\/ministerio-publico-inicia-investigacion-por-hallazgo-de-feto-en-planta-de-aguas-servidas\/#primaryimage"},"thumbnailUrl":"https:\/\/diarioellabrador.cl\/wp-content\/uploads\/2025\/10\/Ministerio-Publico-inicia-investigacion-por-hallazgo-de-feto-en-planta-de-aguas-servidas.jpg","datePublished":"2025-10-20T22:48:36+00:00","dateModified":"2025-10-20T22:48:37+00:00","breadcrumb":{"@id":"https:\/\/diarioellabrador.cl\/index.php\/2025\/10\/20\/ministerio-publico-inicia-investigacion-por-hallazgo-de-feto-en-planta-de-aguas-servidas\/#breadcrumb"},"inLanguage":"es","potentialAction":[{"@type":"ReadAction","target":["https:\/\/diarioellabrador.cl\/index.php\/2025\/10\/20\/ministerio-publico-inicia-investigacion-por-hallazgo-de-feto-en-planta-de-aguas-servidas\/"]}]},{"@type":"ImageObject","inLanguage":"es","@id":"https:\/\/diarioellabrador.cl\/index.php\/2025\/10\/20\/ministerio-publico-inicia-investigacion-por-hallazgo-de-feto-en-planta-de-aguas-servidas\/#primaryimage","url":"https:\/\/diarioellabrador.cl\/wp-content\/uploads\/2025\/10\/Ministerio-Publico-inicia-investigacion-por-hallazgo-de-feto-en-planta-de-aguas-servidas.jpg","contentUrl":"https:\/\/diarioellabrador.cl\/wp-content\/uploads\/2025\/10\/Ministerio-Publico-inicia-investigacion-por-hallazgo-de-feto-en-planta-de-aguas-servidas.jpg","width":800,"height":450},{"@type":"BreadcrumbList","@id":"https:\/\/diarioellabrador.cl\/index.php\/2025\/10\/20\/ministerio-publico-inicia-investigacion-por-hallazgo-de-feto-en-planta-de-aguas-servidas\/#breadcrumb","itemListElement":[{"@type":"ListItem","position":1,"name":"Portada","item":"https:\/\/diarioellabrador.cl\/"},{"@type":"ListItem","position":2,"name":"Ministerio P\u00fablico inicia investigaci\u00f3n por hallazgo de feto en planta de aguas servidas"}]},{"@type":"WebSite","@id":"https:\/\/diarioellabrador.cl\/#website","url":"https:\/\/diarioellabrador.cl\/","name":"Diario El Labrador","description":"Haciendo noticia desde 1921","publisher":{"@id":"https:\/\/diarioellabrador.cl\/#organization"},"potentialAction":[{"@type":"SearchAction","target":{"@type":"EntryPoint","urlTemplate":"https:\/\/diarioellabrador.cl\/?s={search_term_string}"},"query-input":{"@type":"PropertyValueSpecification","valueRequired":true,"valueName":"search_term_string"}}],"inLanguage":"es"},{"@type":"Organization","@id":"https:\/\/diarioellabrador.cl\/#organization","name":"Diario El Labrador","url":"https:\/\/diarioellabrador.cl\/","logo":{"@type":"ImageObject","inLanguage":"es","@id":"https:\/\/diarioellabrador.cl\/#\/schema\/logo\/image\/","url":"https:\/\/diarioellabrador.cl\/wp-content\/uploads\/2025\/02\/cropped-Logo-Icono.png","contentUrl":"https:\/\/diarioellabrador.cl\/wp-content\/uploads\/2025\/02\/cropped-Logo-Icono.png","width":512,"height":512,"caption":"Diario El Labrador"},"image":{"@id":"https:\/\/diarioellabrador.cl\/#\/schema\/logo\/image\/"},"sameAs":["https:\/\/web.facebook.com\/profile.php?id=61576120840621","https:\/\/x.com\/ElLabradorOf","https:\/\/www.instagram.com\/diarioellabradoroficial\/"]},{"@type":"Person","@id":"https:\/\/diarioellabrador.cl\/#\/schema\/person\/bc25ff80b4563f9c7f4bd7855df01685","name":"Editor","image":{"@type":"ImageObject","inLanguage":"es","@id":"https:\/\/secure.gravatar.com\/avatar\/109c326cf2be5c04f048c2c2a2b8b6ef44bf3d8d1d3d4c55d0ac40c4bc994684?s=96&d=mm&r=g","url":"https:\/\/secure.gravatar.com\/avatar\/109c326cf2be5c04f048c2c2a2b8b6ef44bf3d8d1d3d4c55d0ac40c4bc994684?s=96&d=mm&r=g","contentUrl":"https:\/\/secure.gravatar.com\/avatar\/109c326cf2be5c04f048c2c2a2b8b6ef44bf3d8d1d3d4c55d0ac40c4bc994684?s=96&d=mm&r=g","caption":"Editor"},"url":"https:\/\/diarioellabrador.cl\/index.php\/author\/editor\/"}]}},"_links":{"self":[{"href":"https:\/\/diarioellabrador.cl\/index.php\/wp-json\/wp\/v2\/posts\/10145","targetHints":{"allow":["GET"]}}],"collection":[{"href":"https:\/\/diarioellabrador.cl\/index.php\/wp-json\/wp\/v2\/posts"}],"about":[{"href":"https:\/\/diarioellabrador.cl\/index.php\/wp-json\/wp\/v2\/types\/post"}],"author":[{"embeddable":true,"href":"https:\/\/diarioellabrador.cl\/index.php\/wp-json\/wp\/v2\/users\/2"}],"replies":[{"embeddable":true,"href":"https:\/\/diarioellabrador.cl\/index.php\/wp-json\/wp\/v2\/comments?post=10145"}],"version-history":[{"count":1,"href":"https:\/\/diarioellabrador.cl\/index.php\/wp-json\/wp\/v2\/posts\/10145\/revisions"}],"predecessor-version":[{"id":10146,"href":"https:\/\/diarioellabrador.cl\/index.php\/wp-json\/wp\/v2\/posts\/10145\/revisions\/10146"}],"wp:featuredmedia":[{"embeddable":true,"href":"https:\/\/diarioellabrador.cl\/index.php\/wp-json\/wp\/v2\/media\/10111"}],"wp:attachment":[{"href":"https:\/\/diarioellabrador.cl\/index.php\/wp-json\/wp\/v2\/media?parent=10145"}],"wp:term":[{"taxonomy":"category","embeddable":true,"href":"https:\/\/diarioellabrador.cl\/index.php\/wp-json\/wp\/v2\/categories?post=10145"},{"taxonomy":"post_tag","embeddable":true,"href":"https:\/\/diarioellabrador.cl\/index.php\/wp-json\/wp\/v2\/tags?post=10145"}],"curies":[{"name":"wp","href":"https:\/\/api.w.org\/{rel}","templated":true}]}}