{"id":10143,"date":"2025-10-20T18:47:53","date_gmt":"2025-10-20T22:47:53","guid":{"rendered":"https:\/\/diarioellabrador.cl\/?p=10143"},"modified":"2025-10-20T18:47:54","modified_gmt":"2025-10-20T22:47:54","slug":"se-entregaran-mas-de-160-becas-para-apoyar-a-jovenes-universitarios","status":"publish","type":"post","link":"https:\/\/diarioellabrador.cl\/index.php\/2025\/10\/20\/se-entregaran-mas-de-160-becas-para-apoyar-a-jovenes-universitarios\/","title":{"rendered":"Se entregar\u00e1n m\u00e1s de 160 becas para apoyar a j\u00f3venes universitarios"},"content":{"rendered":"\n<p>El pasado 16 de octubre se llev\u00f3 a cabo en la Universidad de los Andes el s\u00e9ptimo Giving Day, jornada filantr\u00f3pica dedicada a recaudar fondos y promover la solidaridad en apoyo a los estudiantes becados.<\/p>\n\n\n\n<p>En su versi\u00f3n 2025, la causa recaud\u00f3 m\u00e1s de $200 millones, que era la meta propuesta, lo que equivale a 82 becas de matr\u00edcula y 87 becas de mantenci\u00f3n, beneficiando a estudiantes que requieren apoyo econ\u00f3mico para continuar sus estudios.<\/p>\n\n\n\n<p><strong>Creando cultura filantr\u00f3pica<\/strong><\/p>\n\n\n\n<p>\u201cLo que uno quisiera transmitir a todos nuestros estudiantes es que el pasar por la universidad es un camino hacia el servicio, de poner los talentos al servicio de los dem\u00e1s\u201d, asegur\u00f3 el rector de la Universidad de los Andes, Jos\u00e9 Antonio Guzm\u00e1n en la actividad principal de la jornada, el conversatorio \u201cLa Importancia de Dar\u201d.<\/p>\n\n\n\n<p>Y es que el Giving Day, aparte de tener el fin de recaudar fondos para becas, busca crear una cultura de filantrop\u00eda en la comunidad universitaria.<\/p>\n\n\n\n<p>Bajo ese objetivo, en el conversatorio -moderado por la periodista de la Universidad de los Andes, Mar\u00eda Luisa Godoy -el animador de televisi\u00f3n y conocido fil\u00e1ntropo, Mario Kreutzberger (don Francisco), destac\u00f3 la importancia de dar, mencionando que \u201cla filantrop\u00eda es un paso m\u00e1s all\u00e1 de ayudar, se trata de comprometerse con una visi\u00f3n de futuro, es construir soluciones permanentes, crear instituciones que perduren, invertir en humanidad para transformar la vida de decenas, cientos o miles de personas\u201d.<\/p>\n\n\n\n<p>En el encuentro, participaron tambi\u00e9n representantes de tres fundaciones del \u00e1rea de la salud, que por medio de la filantrop\u00eda cambian la vida de miles de chilenos. Entre ellos, Marisol Said, directora Ejecutiva de Cenpar, un centro cl\u00ednico neurol\u00f3gico especializado en el tratamiento integral de la enfermedad de Parkinson y otras patolog\u00edas neurodegenerativas; Santiago Ib\u00e1\u00f1ez, m\u00e9dico oftalm\u00f3logo y cofundador de la Fundaci\u00f3n Oftalmol\u00f3gica Los Andes, que tiene como objetivo otorgar acceso a un servicio de excelencia en salud visual a todas las personas, independiente de su condici\u00f3n social, brindando una atenci\u00f3n personalizada y humana, y aportar al desarrollo de la oftalmolog\u00eda del pa\u00eds formando a profesionales especializados, creando investigaci\u00f3n avanzada y poniendo a disposici\u00f3n de la sociedad tecnolog\u00eda de vanguardia; y Rosario Bravo, enfermera de la Universidad de los Andes y fundadora de la Corporaci\u00f3n Ser, una organizaci\u00f3n sin fines de lucro dedicada a entregar atenci\u00f3n cardiovascular de calidad a pacientes en situaci\u00f3n de vulnerabilidad que no cuentan con los recursos necesarios y que muchas veces permanecen en extensas listas de espera y cuyo prop\u00f3sito es ser un apoyo real, gu\u00eda y compa\u00f1\u00eda efectiva para quienes enfrentan estas patolog\u00edas en condiciones de vulnerabilidad.<\/p>\n\n\n\n<p>El almuerzo dio paso al concierto familiar de la banda chilena Clocks, y luego un tributo a los brit\u00e1nicos Coldplay mientras los asistentes esperaban el c\u00f3mputo final del d\u00eda.<\/p>\n","protected":false},"excerpt":{"rendered":"<p>El pasado 16 de octubre se llev\u00f3 a cabo en la Universidad de los Andes el s\u00e9ptimo Giving Day, jornada filantr\u00f3pica dedicada a recaudar fondos y promover la solidaridad en apoyo a los estudiantes becados. En su versi\u00f3n 2025, la causa recaud\u00f3 m\u00e1s de $200 millones, que era la meta propuesta, lo que equivale a<\/p>\n<div class=\"read-more-wrapper\"><a class=\"read-more\" href=\"https:\/\/diarioellabrador.cl\/index.php\/2025\/10\/20\/se-entregaran-mas-de-160-becas-para-apoyar-a-jovenes-universitarios\/\" title=\"Leer m\u00e1s\"> <span class=\"button \">Leer m\u00e1s<\/span><\/a><\/div>\n","protected":false},"author":2,"featured_media":10120,"comment_status":"open","ping_status":"open","sticky":false,"template":"","format":"standard","meta":{"footnotes":""},"categories":[1],"tags":[],"class_list":["post-10143","post","type-post","status-publish","format-standard","has-post-thumbnail","hentry","category-cronica"],"yoast_head":"<!-- This site is optimized with the Yoast SEO plugin v27.5 - https:\/\/yoast.com\/product\/yoast-seo-wordpress\/ -->\n<title>Se entregar\u00e1n m\u00e1s de 160 becas para apoyar a j\u00f3venes universitarios - Diario El Labrador<\/title>\n<meta name=\"robots\" content=\"index, follow, max-snippet:-1, max-image-preview:large, max-video-preview:-1\" \/>\n<link rel=\"canonical\" href=\"https:\/\/diarioellabrador.cl\/index.php\/2025\/10\/20\/se-entregaran-mas-de-160-becas-para-apoyar-a-jovenes-universitarios\/\" \/>\n<meta property=\"og:locale\" content=\"es_ES\" \/>\n<meta property=\"og:type\" content=\"article\" \/>\n<meta property=\"og:title\" content=\"Se entregar\u00e1n m\u00e1s de 160 becas para apoyar a j\u00f3venes universitarios - Diario El Labrador\" \/>\n<meta property=\"og:description\" content=\"El pasado 16 de octubre se llev\u00f3 a cabo en la Universidad de los Andes el s\u00e9ptimo Giving Day, jornada filantr\u00f3pica dedicada a recaudar fondos y promover la solidaridad en apoyo a los estudiantes becados. En su versi\u00f3n 2025, la causa recaud\u00f3 m\u00e1s de $200 millones, que era la meta propuesta, lo que equivale a Leer m\u00e1s\" \/>\n<meta property=\"og:url\" content=\"https:\/\/diarioellabrador.cl\/index.php\/2025\/10\/20\/se-entregaran-mas-de-160-becas-para-apoyar-a-jovenes-universitarios\/\" \/>\n<meta property=\"og:site_name\" content=\"Diario El Labrador\" \/>\n<meta property=\"article:publisher\" content=\"https:\/\/web.facebook.com\/profile.php?id=61576120840621\" \/>\n<meta property=\"article:published_time\" content=\"2025-10-20T22:47:53+00:00\" \/>\n<meta property=\"article:modified_time\" content=\"2025-10-20T22:47:54+00:00\" \/>\n<meta property=\"og:image\" content=\"https:\/\/diarioellabrador.cl\/wp-content\/uploads\/2025\/10\/Se-entregaran-mas-de-160-becas-para-apoyar-a-jovenes-universitarios-1-scaled.jpg\" \/>\n\t<meta property=\"og:image:width\" content=\"2560\" \/>\n\t<meta property=\"og:image:height\" content=\"1703\" \/>\n\t<meta property=\"og:image:type\" content=\"image\/jpeg\" \/>\n<meta name=\"author\" content=\"Editor\" \/>\n<meta name=\"twitter:card\" content=\"summary_large_image\" \/>\n<meta name=\"twitter:creator\" content=\"@ElLabradorOf\" \/>\n<meta name=\"twitter:site\" content=\"@ElLabradorOf\" \/>\n<meta name=\"twitter:label1\" content=\"Escrito por\" \/>\n\t<meta name=\"twitter:data1\" content=\"Editor\" \/>\n\t<meta name=\"twitter:label2\" content=\"Tiempo de lectura\" \/>\n\t<meta name=\"twitter:data2\" content=\"3 minutos\" \/>\n<script type=\"application\/ld+json\" class=\"yoast-schema-graph\">{\"@context\":\"https:\\\/\\\/schema.org\",\"@graph\":[{\"@type\":\"Article\",\"@id\":\"https:\\\/\\\/diarioellabrador.cl\\\/index.php\\\/2025\\\/10\\\/20\\\/se-entregaran-mas-de-160-becas-para-apoyar-a-jovenes-universitarios\\\/#article\",\"isPartOf\":{\"@id\":\"https:\\\/\\\/diarioellabrador.cl\\\/index.php\\\/2025\\\/10\\\/20\\\/se-entregaran-mas-de-160-becas-para-apoyar-a-jovenes-universitarios\\\/\"},\"author\":{\"name\":\"Editor\",\"@id\":\"https:\\\/\\\/diarioellabrador.cl\\\/#\\\/schema\\\/person\\\/bc25ff80b4563f9c7f4bd7855df01685\"},\"headline\":\"Se entregar\u00e1n m\u00e1s de 160 becas para apoyar a j\u00f3venes universitarios\",\"datePublished\":\"2025-10-20T22:47:53+00:00\",\"dateModified\":\"2025-10-20T22:47:54+00:00\",\"mainEntityOfPage\":{\"@id\":\"https:\\\/\\\/diarioellabrador.cl\\\/index.php\\\/2025\\\/10\\\/20\\\/se-entregaran-mas-de-160-becas-para-apoyar-a-jovenes-universitarios\\\/\"},\"wordCount\":512,\"commentCount\":0,\"publisher\":{\"@id\":\"https:\\\/\\\/diarioellabrador.cl\\\/#organization\"},\"image\":{\"@id\":\"https:\\\/\\\/diarioellabrador.cl\\\/index.php\\\/2025\\\/10\\\/20\\\/se-entregaran-mas-de-160-becas-para-apoyar-a-jovenes-universitarios\\\/#primaryimage\"},\"thumbnailUrl\":\"https:\\\/\\\/diarioellabrador.cl\\\/wp-content\\\/uploads\\\/2025\\\/10\\\/Se-entregaran-mas-de-160-becas-para-apoyar-a-jovenes-universitarios-1-scaled.jpg\",\"articleSection\":[\"Cr\u00f3nica\"],\"inLanguage\":\"es\",\"potentialAction\":[{\"@type\":\"CommentAction\",\"name\":\"Comment\",\"target\":[\"https:\\\/\\\/diarioellabrador.cl\\\/index.php\\\/2025\\\/10\\\/20\\\/se-entregaran-mas-de-160-becas-para-apoyar-a-jovenes-universitarios\\\/#respond\"]}]},{\"@type\":\"WebPage\",\"@id\":\"https:\\\/\\\/diarioellabrador.cl\\\/index.php\\\/2025\\\/10\\\/20\\\/se-entregaran-mas-de-160-becas-para-apoyar-a-jovenes-universitarios\\\/\",\"url\":\"https:\\\/\\\/diarioellabrador.cl\\\/index.php\\\/2025\\\/10\\\/20\\\/se-entregaran-mas-de-160-becas-para-apoyar-a-jovenes-universitarios\\\/\",\"name\":\"Se entregar\u00e1n m\u00e1s de 160 becas para apoyar a j\u00f3venes universitarios - Diario El Labrador\",\"isPartOf\":{\"@id\":\"https:\\\/\\\/diarioellabrador.cl\\\/#website\"},\"primaryImageOfPage\":{\"@id\":\"https:\\\/\\\/diarioellabrador.cl\\\/index.php\\\/2025\\\/10\\\/20\\\/se-entregaran-mas-de-160-becas-para-apoyar-a-jovenes-universitarios\\\/#primaryimage\"},\"image\":{\"@id\":\"https:\\\/\\\/diarioellabrador.cl\\\/index.php\\\/2025\\\/10\\\/20\\\/se-entregaran-mas-de-160-becas-para-apoyar-a-jovenes-universitarios\\\/#primaryimage\"},\"thumbnailUrl\":\"https:\\\/\\\/diarioellabrador.cl\\\/wp-content\\\/uploads\\\/2025\\\/10\\\/Se-entregaran-mas-de-160-becas-para-apoyar-a-jovenes-universitarios-1-scaled.jpg\",\"datePublished\":\"2025-10-20T22:47:53+00:00\",\"dateModified\":\"2025-10-20T22:47:54+00:00\",\"breadcrumb\":{\"@id\":\"https:\\\/\\\/diarioellabrador.cl\\\/index.php\\\/2025\\\/10\\\/20\\\/se-entregaran-mas-de-160-becas-para-apoyar-a-jovenes-universitarios\\\/#breadcrumb\"},\"inLanguage\":\"es\",\"potentialAction\":[{\"@type\":\"ReadAction\",\"target\":[\"https:\\\/\\\/diarioellabrador.cl\\\/index.php\\\/2025\\\/10\\\/20\\\/se-entregaran-mas-de-160-becas-para-apoyar-a-jovenes-universitarios\\\/\"]}]},{\"@type\":\"ImageObject\",\"inLanguage\":\"es\",\"@id\":\"https:\\\/\\\/diarioellabrador.cl\\\/index.php\\\/2025\\\/10\\\/20\\\/se-entregaran-mas-de-160-becas-para-apoyar-a-jovenes-universitarios\\\/#primaryimage\",\"url\":\"https:\\\/\\\/diarioellabrador.cl\\\/wp-content\\\/uploads\\\/2025\\\/10\\\/Se-entregaran-mas-de-160-becas-para-apoyar-a-jovenes-universitarios-1-scaled.jpg\",\"contentUrl\":\"https:\\\/\\\/diarioellabrador.cl\\\/wp-content\\\/uploads\\\/2025\\\/10\\\/Se-entregaran-mas-de-160-becas-para-apoyar-a-jovenes-universitarios-1-scaled.jpg\",\"width\":2560,\"height\":1703},{\"@type\":\"BreadcrumbList\",\"@id\":\"https:\\\/\\\/diarioellabrador.cl\\\/index.php\\\/2025\\\/10\\\/20\\\/se-entregaran-mas-de-160-becas-para-apoyar-a-jovenes-universitarios\\\/#breadcrumb\",\"itemListElement\":[{\"@type\":\"ListItem\",\"position\":1,\"name\":\"Portada\",\"item\":\"https:\\\/\\\/diarioellabrador.cl\\\/\"},{\"@type\":\"ListItem\",\"position\":2,\"name\":\"Se entregar\u00e1n m\u00e1s de 160 becas para apoyar a j\u00f3venes universitarios\"}]},{\"@type\":\"WebSite\",\"@id\":\"https:\\\/\\\/diarioellabrador.cl\\\/#website\",\"url\":\"https:\\\/\\\/diarioellabrador.cl\\\/\",\"name\":\"Diario El Labrador\",\"description\":\"Haciendo noticia desde 1921\",\"publisher\":{\"@id\":\"https:\\\/\\\/diarioellabrador.cl\\\/#organization\"},\"potentialAction\":[{\"@type\":\"SearchAction\",\"target\":{\"@type\":\"EntryPoint\",\"urlTemplate\":\"https:\\\/\\\/diarioellabrador.cl\\\/?s={search_term_string}\"},\"query-input\":{\"@type\":\"PropertyValueSpecification\",\"valueRequired\":true,\"valueName\":\"search_term_string\"}}],\"inLanguage\":\"es\"},{\"@type\":\"Organization\",\"@id\":\"https:\\\/\\\/diarioellabrador.cl\\\/#organization\",\"name\":\"Diario El Labrador\",\"url\":\"https:\\\/\\\/diarioellabrador.cl\\\/\",\"logo\":{\"@type\":\"ImageObject\",\"inLanguage\":\"es\",\"@id\":\"https:\\\/\\\/diarioellabrador.cl\\\/#\\\/schema\\\/logo\\\/image\\\/\",\"url\":\"https:\\\/\\\/diarioellabrador.cl\\\/wp-content\\\/uploads\\\/2025\\\/02\\\/cropped-Logo-Icono.png\",\"contentUrl\":\"https:\\\/\\\/diarioellabrador.cl\\\/wp-content\\\/uploads\\\/2025\\\/02\\\/cropped-Logo-Icono.png\",\"width\":512,\"height\":512,\"caption\":\"Diario El Labrador\"},\"image\":{\"@id\":\"https:\\\/\\\/diarioellabrador.cl\\\/#\\\/schema\\\/logo\\\/image\\\/\"},\"sameAs\":[\"https:\\\/\\\/web.facebook.com\\\/profile.php?id=61576120840621\",\"https:\\\/\\\/x.com\\\/ElLabradorOf\",\"https:\\\/\\\/www.instagram.com\\\/diarioellabradoroficial\\\/\"]},{\"@type\":\"Person\",\"@id\":\"https:\\\/\\\/diarioellabrador.cl\\\/#\\\/schema\\\/person\\\/bc25ff80b4563f9c7f4bd7855df01685\",\"name\":\"Editor\",\"image\":{\"@type\":\"ImageObject\",\"inLanguage\":\"es\",\"@id\":\"https:\\\/\\\/secure.gravatar.com\\\/avatar\\\/109c326cf2be5c04f048c2c2a2b8b6ef44bf3d8d1d3d4c55d0ac40c4bc994684?s=96&d=mm&r=g\",\"url\":\"https:\\\/\\\/secure.gravatar.com\\\/avatar\\\/109c326cf2be5c04f048c2c2a2b8b6ef44bf3d8d1d3d4c55d0ac40c4bc994684?s=96&d=mm&r=g\",\"contentUrl\":\"https:\\\/\\\/secure.gravatar.com\\\/avatar\\\/109c326cf2be5c04f048c2c2a2b8b6ef44bf3d8d1d3d4c55d0ac40c4bc994684?s=96&d=mm&r=g\",\"caption\":\"Editor\"},\"url\":\"https:\\\/\\\/diarioellabrador.cl\\\/index.php\\\/author\\\/editor\\\/\"}]}<\/script>\n<!-- \/ Yoast SEO plugin. -->","yoast_head_json":{"title":"Se entregar\u00e1n m\u00e1s de 160 becas para apoyar a j\u00f3venes universitarios - Diario El Labrador","robots":{"index":"index","follow":"follow","max-snippet":"max-snippet:-1","max-image-preview":"max-image-preview:large","max-video-preview":"max-video-preview:-1"},"canonical":"https:\/\/diarioellabrador.cl\/index.php\/2025\/10\/20\/se-entregaran-mas-de-160-becas-para-apoyar-a-jovenes-universitarios\/","og_locale":"es_ES","og_type":"article","og_title":"Se entregar\u00e1n m\u00e1s de 160 becas para apoyar a j\u00f3venes universitarios - Diario El Labrador","og_description":"El pasado 16 de octubre se llev\u00f3 a cabo en la Universidad de los Andes el s\u00e9ptimo Giving Day, jornada filantr\u00f3pica dedicada a recaudar fondos y promover la solidaridad en apoyo a los estudiantes becados. En su versi\u00f3n 2025, la causa recaud\u00f3 m\u00e1s de $200 millones, que era la meta propuesta, lo que equivale a Leer m\u00e1s","og_url":"https:\/\/diarioellabrador.cl\/index.php\/2025\/10\/20\/se-entregaran-mas-de-160-becas-para-apoyar-a-jovenes-universitarios\/","og_site_name":"Diario El Labrador","article_publisher":"https:\/\/web.facebook.com\/profile.php?id=61576120840621","article_published_time":"2025-10-20T22:47:53+00:00","article_modified_time":"2025-10-20T22:47:54+00:00","og_image":[{"width":2560,"height":1703,"url":"https:\/\/diarioellabrador.cl\/wp-content\/uploads\/2025\/10\/Se-entregaran-mas-de-160-becas-para-apoyar-a-jovenes-universitarios-1-scaled.jpg","type":"image\/jpeg"}],"author":"Editor","twitter_card":"summary_large_image","twitter_creator":"@ElLabradorOf","twitter_site":"@ElLabradorOf","twitter_misc":{"Escrito por":"Editor","Tiempo de lectura":"3 minutos"},"schema":{"@context":"https:\/\/schema.org","@graph":[{"@type":"Article","@id":"https:\/\/diarioellabrador.cl\/index.php\/2025\/10\/20\/se-entregaran-mas-de-160-becas-para-apoyar-a-jovenes-universitarios\/#article","isPartOf":{"@id":"https:\/\/diarioellabrador.cl\/index.php\/2025\/10\/20\/se-entregaran-mas-de-160-becas-para-apoyar-a-jovenes-universitarios\/"},"author":{"name":"Editor","@id":"https:\/\/diarioellabrador.cl\/#\/schema\/person\/bc25ff80b4563f9c7f4bd7855df01685"},"headline":"Se entregar\u00e1n m\u00e1s de 160 becas para apoyar a j\u00f3venes universitarios","datePublished":"2025-10-20T22:47:53+00:00","dateModified":"2025-10-20T22:47:54+00:00","mainEntityOfPage":{"@id":"https:\/\/diarioellabrador.cl\/index.php\/2025\/10\/20\/se-entregaran-mas-de-160-becas-para-apoyar-a-jovenes-universitarios\/"},"wordCount":512,"commentCount":0,"publisher":{"@id":"https:\/\/diarioellabrador.cl\/#organization"},"image":{"@id":"https:\/\/diarioellabrador.cl\/index.php\/2025\/10\/20\/se-entregaran-mas-de-160-becas-para-apoyar-a-jovenes-universitarios\/#primaryimage"},"thumbnailUrl":"https:\/\/diarioellabrador.cl\/wp-content\/uploads\/2025\/10\/Se-entregaran-mas-de-160-becas-para-apoyar-a-jovenes-universitarios-1-scaled.jpg","articleSection":["Cr\u00f3nica"],"inLanguage":"es","potentialAction":[{"@type":"CommentAction","name":"Comment","target":["https:\/\/diarioellabrador.cl\/index.php\/2025\/10\/20\/se-entregaran-mas-de-160-becas-para-apoyar-a-jovenes-universitarios\/#respond"]}]},{"@type":"WebPage","@id":"https:\/\/diarioellabrador.cl\/index.php\/2025\/10\/20\/se-entregaran-mas-de-160-becas-para-apoyar-a-jovenes-universitarios\/","url":"https:\/\/diarioellabrador.cl\/index.php\/2025\/10\/20\/se-entregaran-mas-de-160-becas-para-apoyar-a-jovenes-universitarios\/","name":"Se entregar\u00e1n m\u00e1s de 160 becas para apoyar a j\u00f3venes universitarios - Diario El Labrador","isPartOf":{"@id":"https:\/\/diarioellabrador.cl\/#website"},"primaryImageOfPage":{"@id":"https:\/\/diarioellabrador.cl\/index.php\/2025\/10\/20\/se-entregaran-mas-de-160-becas-para-apoyar-a-jovenes-universitarios\/#primaryimage"},"image":{"@id":"https:\/\/diarioellabrador.cl\/index.php\/2025\/10\/20\/se-entregaran-mas-de-160-becas-para-apoyar-a-jovenes-universitarios\/#primaryimage"},"thumbnailUrl":"https:\/\/diarioellabrador.cl\/wp-content\/uploads\/2025\/10\/Se-entregaran-mas-de-160-becas-para-apoyar-a-jovenes-universitarios-1-scaled.jpg","datePublished":"2025-10-20T22:47:53+00:00","dateModified":"2025-10-20T22:47:54+00:00","breadcrumb":{"@id":"https:\/\/diarioellabrador.cl\/index.php\/2025\/10\/20\/se-entregaran-mas-de-160-becas-para-apoyar-a-jovenes-universitarios\/#breadcrumb"},"inLanguage":"es","potentialAction":[{"@type":"ReadAction","target":["https:\/\/diarioellabrador.cl\/index.php\/2025\/10\/20\/se-entregaran-mas-de-160-becas-para-apoyar-a-jovenes-universitarios\/"]}]},{"@type":"ImageObject","inLanguage":"es","@id":"https:\/\/diarioellabrador.cl\/index.php\/2025\/10\/20\/se-entregaran-mas-de-160-becas-para-apoyar-a-jovenes-universitarios\/#primaryimage","url":"https:\/\/diarioellabrador.cl\/wp-content\/uploads\/2025\/10\/Se-entregaran-mas-de-160-becas-para-apoyar-a-jovenes-universitarios-1-scaled.jpg","contentUrl":"https:\/\/diarioellabrador.cl\/wp-content\/uploads\/2025\/10\/Se-entregaran-mas-de-160-becas-para-apoyar-a-jovenes-universitarios-1-scaled.jpg","width":2560,"height":1703},{"@type":"BreadcrumbList","@id":"https:\/\/diarioellabrador.cl\/index.php\/2025\/10\/20\/se-entregaran-mas-de-160-becas-para-apoyar-a-jovenes-universitarios\/#breadcrumb","itemListElement":[{"@type":"ListItem","position":1,"name":"Portada","item":"https:\/\/diarioellabrador.cl\/"},{"@type":"ListItem","position":2,"name":"Se entregar\u00e1n m\u00e1s de 160 becas para apoyar a j\u00f3venes universitarios"}]},{"@type":"WebSite","@id":"https:\/\/diarioellabrador.cl\/#website","url":"https:\/\/diarioellabrador.cl\/","name":"Diario El Labrador","description":"Haciendo noticia desde 1921","publisher":{"@id":"https:\/\/diarioellabrador.cl\/#organization"},"potentialAction":[{"@type":"SearchAction","target":{"@type":"EntryPoint","urlTemplate":"https:\/\/diarioellabrador.cl\/?s={search_term_string}"},"query-input":{"@type":"PropertyValueSpecification","valueRequired":true,"valueName":"search_term_string"}}],"inLanguage":"es"},{"@type":"Organization","@id":"https:\/\/diarioellabrador.cl\/#organization","name":"Diario El Labrador","url":"https:\/\/diarioellabrador.cl\/","logo":{"@type":"ImageObject","inLanguage":"es","@id":"https:\/\/diarioellabrador.cl\/#\/schema\/logo\/image\/","url":"https:\/\/diarioellabrador.cl\/wp-content\/uploads\/2025\/02\/cropped-Logo-Icono.png","contentUrl":"https:\/\/diarioellabrador.cl\/wp-content\/uploads\/2025\/02\/cropped-Logo-Icono.png","width":512,"height":512,"caption":"Diario El Labrador"},"image":{"@id":"https:\/\/diarioellabrador.cl\/#\/schema\/logo\/image\/"},"sameAs":["https:\/\/web.facebook.com\/profile.php?id=61576120840621","https:\/\/x.com\/ElLabradorOf","https:\/\/www.instagram.com\/diarioellabradoroficial\/"]},{"@type":"Person","@id":"https:\/\/diarioellabrador.cl\/#\/schema\/person\/bc25ff80b4563f9c7f4bd7855df01685","name":"Editor","image":{"@type":"ImageObject","inLanguage":"es","@id":"https:\/\/secure.gravatar.com\/avatar\/109c326cf2be5c04f048c2c2a2b8b6ef44bf3d8d1d3d4c55d0ac40c4bc994684?s=96&d=mm&r=g","url":"https:\/\/secure.gravatar.com\/avatar\/109c326cf2be5c04f048c2c2a2b8b6ef44bf3d8d1d3d4c55d0ac40c4bc994684?s=96&d=mm&r=g","contentUrl":"https:\/\/secure.gravatar.com\/avatar\/109c326cf2be5c04f048c2c2a2b8b6ef44bf3d8d1d3d4c55d0ac40c4bc994684?s=96&d=mm&r=g","caption":"Editor"},"url":"https:\/\/diarioellabrador.cl\/index.php\/author\/editor\/"}]}},"_links":{"self":[{"href":"https:\/\/diarioellabrador.cl\/index.php\/wp-json\/wp\/v2\/posts\/10143","targetHints":{"allow":["GET"]}}],"collection":[{"href":"https:\/\/diarioellabrador.cl\/index.php\/wp-json\/wp\/v2\/posts"}],"about":[{"href":"https:\/\/diarioellabrador.cl\/index.php\/wp-json\/wp\/v2\/types\/post"}],"author":[{"embeddable":true,"href":"https:\/\/diarioellabrador.cl\/index.php\/wp-json\/wp\/v2\/users\/2"}],"replies":[{"embeddable":true,"href":"https:\/\/diarioellabrador.cl\/index.php\/wp-json\/wp\/v2\/comments?post=10143"}],"version-history":[{"count":1,"href":"https:\/\/diarioellabrador.cl\/index.php\/wp-json\/wp\/v2\/posts\/10143\/revisions"}],"predecessor-version":[{"id":10144,"href":"https:\/\/diarioellabrador.cl\/index.php\/wp-json\/wp\/v2\/posts\/10143\/revisions\/10144"}],"wp:featuredmedia":[{"embeddable":true,"href":"https:\/\/diarioellabrador.cl\/index.php\/wp-json\/wp\/v2\/media\/10120"}],"wp:attachment":[{"href":"https:\/\/diarioellabrador.cl\/index.php\/wp-json\/wp\/v2\/media?parent=10143"}],"wp:term":[{"taxonomy":"category","embeddable":true,"href":"https:\/\/diarioellabrador.cl\/index.php\/wp-json\/wp\/v2\/categories?post=10143"},{"taxonomy":"post_tag","embeddable":true,"href":"https:\/\/diarioellabrador.cl\/index.php\/wp-json\/wp\/v2\/tags?post=10143"}],"curies":[{"name":"wp","href":"https:\/\/api.w.org\/{rel}","templated":true}]}}