{"id":10141,"date":"2025-10-20T18:46:19","date_gmt":"2025-10-20T22:46:19","guid":{"rendered":"https:\/\/diarioellabrador.cl\/?p=10141"},"modified":"2025-10-20T19:17:20","modified_gmt":"2025-10-20T23:17:20","slug":"semana-de-las-mipymes-y-cooperativas-2025-formalizacion-innovacion-y-redes-para-un-crecimiento-sostenible","status":"publish","type":"post","link":"https:\/\/diarioellabrador.cl\/index.php\/2025\/10\/20\/semana-de-las-mipymes-y-cooperativas-2025-formalizacion-innovacion-y-redes-para-un-crecimiento-sostenible\/","title":{"rendered":"\u201cSemana de las Mipymes y Cooperativas 2025: formalizaci\u00f3n, innovaci\u00f3n y redes para un crecimiento sostenible\u201d"},"content":{"rendered":"<div class=\"wp-block-image\">\n<figure class=\"alignleft size-thumbnail\"><img loading=\"lazy\" decoding=\"async\" width=\"150\" height=\"150\" src=\"https:\/\/diarioellabrador.cl\/wp-content\/uploads\/2025\/10\/Formalizacion-innovacion-y-redes-para-un-crecimiento-sostenible.-SEREMI-Economia-RM-150x150.jpg\" alt=\"\" class=\"wp-image-10108\" srcset=\"https:\/\/diarioellabrador.cl\/wp-content\/uploads\/2025\/10\/Formalizacion-innovacion-y-redes-para-un-crecimiento-sostenible.-SEREMI-Economia-RM-150x150.jpg 150w, https:\/\/diarioellabrador.cl\/wp-content\/uploads\/2025\/10\/Formalizacion-innovacion-y-redes-para-un-crecimiento-sostenible.-SEREMI-Economia-RM-300x300.jpg 300w, https:\/\/diarioellabrador.cl\/wp-content\/uploads\/2025\/10\/Formalizacion-innovacion-y-redes-para-un-crecimiento-sostenible.-SEREMI-Economia-RM-768x768.jpg 768w, https:\/\/diarioellabrador.cl\/wp-content\/uploads\/2025\/10\/Formalizacion-innovacion-y-redes-para-un-crecimiento-sostenible.-SEREMI-Economia-RM-95x95.jpg 95w, https:\/\/diarioellabrador.cl\/wp-content\/uploads\/2025\/10\/Formalizacion-innovacion-y-redes-para-un-crecimiento-sostenible.-SEREMI-Economia-RM-140x140.jpg 140w, https:\/\/diarioellabrador.cl\/wp-content\/uploads\/2025\/10\/Formalizacion-innovacion-y-redes-para-un-crecimiento-sostenible.-SEREMI-Economia-RM-800x800.jpg 800w, https:\/\/diarioellabrador.cl\/wp-content\/uploads\/2025\/10\/Formalizacion-innovacion-y-redes-para-un-crecimiento-sostenible.-SEREMI-Economia-RM-600x600.jpg 600w, https:\/\/diarioellabrador.cl\/wp-content\/uploads\/2025\/10\/Formalizacion-innovacion-y-redes-para-un-crecimiento-sostenible.-SEREMI-Economia-RM-400x400.jpg 400w, https:\/\/diarioellabrador.cl\/wp-content\/uploads\/2025\/10\/Formalizacion-innovacion-y-redes-para-un-crecimiento-sostenible.-SEREMI-Economia-RM.jpg 853w\" sizes=\"auto, (max-width: 150px) 100vw, 150px\" \/><\/figure>\n<\/div>\n\n\n<p><br><br><br><br><strong>Por Cristi\u00e1n Rodr\u00edguez Binfa<\/strong><\/p>\n\n\n\n<p><em>Secretario Regional Ministerial de Econom\u00eda, Fomento y Turismo, de la Regi\u00f3n Metropolitana<\/em><\/p>\n\n\n\n<p>La Semana de las Mipymes y Cooperativas 2025, que se realizar\u00e1 entre el 20 y 24 de octubre y organizada anualmente por el Ministerio de Econom\u00eda, Fomento y Turismo, representa una oportunidad concreta para destacar y reimpulsar un crecimiento econ\u00f3mico sostenible, inclusivo y equitativo en Chile. Este evento estrat\u00e9gico pone en el centro el desarrollo arm\u00f3nico de un sector que representa el 98% del tejido empresarial y genera cerca del 40% del empleo nacional total, una realidad que implica una gran responsabilidad colectiva para fortalecer su base y ampliar sus impactos positivos en todo el pa\u00eds.<\/p>\n\n\n\n<p>A pesar de esta relevancia, la participaci\u00f3n de las Mipymes en el total de ventas nacionales sigue siendo baja, representando apenas un 11,7% seg\u00fan datos recientes del Servicio de Impuestos Internos (SII). Esta brecha revela un potencial vasto, pero poco aprovechado y configura una oportunidad fundamental para la econom\u00eda del pa\u00eds. Incrementar la participaci\u00f3n de las Mipymes en las ventas totales no solo fortalecer\u00eda su competitividad, sino que tambi\u00e9n diversificar\u00eda la estructura productiva y profundizar\u00eda la inclusi\u00f3n econ\u00f3mica.<\/p>\n\n\n\n<p>En este sentido, la Semana este a\u00f1o se articular\u00e1 alrededor de cuatro pilares estrat\u00e9gicos complementarios: la formalizaci\u00f3n, que abre puertas al financiamiento y mercados, fomentando empleos estables y de calidad; la capacidad de gesti\u00f3n, que dota a empresarios y cooperativistas de herramientas para administrar sus negocios con competitividad; la adopci\u00f3n tecnol\u00f3gica y sofisticaci\u00f3n, esencial para innovar y agregar mayor valor; y las redes de conexi\u00f3n y desarrollo, que multiplican oportunidades, alianzas y acceso a mercados, fortaleciendo un ecosistema colaborativo vital.<\/p>\n\n\n\n<p>M\u00e1s que una serie de capacitaciones o ferias, la Semana de las Mipymes y Cooperativas cada a\u00f1o releva el compromiso permanente y sostenido para transformar las micro, peque\u00f1as y medianas empresas desde sus bases. En esta direcci\u00f3n, el Plan Estrat\u00e9gico para las MiPymes 2024 se convierte en la hoja de ruta que gu\u00eda estos esfuerzos, con una visi\u00f3n integral que aborda desaf\u00edos estructurales clave como el acceso a financiamiento, la modernizaci\u00f3n del marco regulatorio, la formaci\u00f3n constante y la apertura a nuevos mercados.<\/p>\n\n\n\n<p>Este enfoque inclusivo y coordinado busca no solo fortalecer a las empresas existentes, sino tambi\u00e9n fomentar una cultura de innovaci\u00f3n, profesionalizaci\u00f3n y colaboraci\u00f3n que asegure la sostenibilidad y crecimiento de las Mipymes a largo plazo en Chile.<\/p>\n\n\n\n<p>El impacto positivo de las Mipymes y cooperativas es tangible y creciente: generan empleo, dinamizan econom\u00edas locales y promueven la diversidad productiva necesaria para un desarrollo equilibrado. Este evento nos recuerda que el crecimiento econ\u00f3mico genuino se construye desde la base, resaltando la importancia de un sector robusto y din\u00e1mico para la prosperidad y equidad de Chile en las pr\u00f3ximas d\u00e9cadas.<\/p>\n","protected":false},"excerpt":{"rendered":"<p>Por Cristi\u00e1n Rodr\u00edguez Binfa Secretario Regional Ministerial de Econom\u00eda, Fomento y Turismo, de la Regi\u00f3n Metropolitana La Semana de las Mipymes y Cooperativas 2025, que se realizar\u00e1 entre el 20 y 24 de octubre y organizada anualmente por el Ministerio de Econom\u00eda, Fomento y Turismo, representa una oportunidad concreta para destacar y reimpulsar un crecimiento<\/p>\n<div class=\"read-more-wrapper\"><a class=\"read-more\" href=\"https:\/\/diarioellabrador.cl\/index.php\/2025\/10\/20\/semana-de-las-mipymes-y-cooperativas-2025-formalizacion-innovacion-y-redes-para-un-crecimiento-sostenible\/\" title=\"Leer m\u00e1s\"> <span class=\"button \">Leer m\u00e1s<\/span><\/a><\/div>\n","protected":false},"author":2,"featured_media":10180,"comment_status":"open","ping_status":"open","sticky":false,"template":"","format":"standard","meta":{"footnotes":""},"categories":[9],"tags":[],"class_list":["post-10141","post","type-post","status-publish","format-standard","has-post-thumbnail","hentry","category-opinion"],"yoast_head":"<!-- This site is optimized with the Yoast SEO plugin v27.5 - https:\/\/yoast.com\/product\/yoast-seo-wordpress\/ -->\n<title>\u201cSemana de las Mipymes y Cooperativas 2025: formalizaci\u00f3n, innovaci\u00f3n y redes para un crecimiento sostenible\u201d - Diario El Labrador<\/title>\n<meta name=\"robots\" content=\"index, follow, max-snippet:-1, max-image-preview:large, max-video-preview:-1\" \/>\n<link rel=\"canonical\" href=\"https:\/\/diarioellabrador.cl\/index.php\/2025\/10\/20\/semana-de-las-mipymes-y-cooperativas-2025-formalizacion-innovacion-y-redes-para-un-crecimiento-sostenible\/\" \/>\n<meta property=\"og:locale\" content=\"es_ES\" \/>\n<meta property=\"og:type\" content=\"article\" \/>\n<meta property=\"og:title\" content=\"\u201cSemana de las Mipymes y Cooperativas 2025: formalizaci\u00f3n, innovaci\u00f3n y redes para un crecimiento sostenible\u201d - Diario El Labrador\" \/>\n<meta property=\"og:description\" content=\"Por Cristi\u00e1n Rodr\u00edguez Binfa Secretario Regional Ministerial de Econom\u00eda, Fomento y Turismo, de la Regi\u00f3n Metropolitana La Semana de las Mipymes y Cooperativas 2025, que se realizar\u00e1 entre el 20 y 24 de octubre y organizada anualmente por el Ministerio de Econom\u00eda, Fomento y Turismo, representa una oportunidad concreta para destacar y reimpulsar un crecimiento Leer m\u00e1s\" \/>\n<meta property=\"og:url\" content=\"https:\/\/diarioellabrador.cl\/index.php\/2025\/10\/20\/semana-de-las-mipymes-y-cooperativas-2025-formalizacion-innovacion-y-redes-para-un-crecimiento-sostenible\/\" \/>\n<meta property=\"og:site_name\" content=\"Diario El Labrador\" \/>\n<meta property=\"article:publisher\" content=\"https:\/\/web.facebook.com\/profile.php?id=61576120840621\" \/>\n<meta property=\"article:published_time\" content=\"2025-10-20T22:46:19+00:00\" \/>\n<meta property=\"article:modified_time\" content=\"2025-10-20T23:17:20+00:00\" \/>\n<meta property=\"og:image\" content=\"https:\/\/diarioellabrador.cl\/wp-content\/uploads\/2025\/10\/Image-20-oct-2025-20_14_13.png\" \/>\n\t<meta property=\"og:image:width\" content=\"1350\" \/>\n\t<meta property=\"og:image:height\" content=\"940\" \/>\n\t<meta property=\"og:image:type\" content=\"image\/png\" \/>\n<meta name=\"author\" content=\"Editor\" \/>\n<meta name=\"twitter:card\" content=\"summary_large_image\" \/>\n<meta name=\"twitter:creator\" content=\"@ElLabradorOf\" \/>\n<meta name=\"twitter:site\" content=\"@ElLabradorOf\" \/>\n<meta name=\"twitter:label1\" content=\"Escrito por\" \/>\n\t<meta name=\"twitter:data1\" content=\"Editor\" \/>\n\t<meta name=\"twitter:label2\" content=\"Tiempo de lectura\" \/>\n\t<meta name=\"twitter:data2\" content=\"3 minutos\" \/>\n<script type=\"application\/ld+json\" class=\"yoast-schema-graph\">{\"@context\":\"https:\\\/\\\/schema.org\",\"@graph\":[{\"@type\":\"Article\",\"@id\":\"https:\\\/\\\/diarioellabrador.cl\\\/index.php\\\/2025\\\/10\\\/20\\\/semana-de-las-mipymes-y-cooperativas-2025-formalizacion-innovacion-y-redes-para-un-crecimiento-sostenible\\\/#article\",\"isPartOf\":{\"@id\":\"https:\\\/\\\/diarioellabrador.cl\\\/index.php\\\/2025\\\/10\\\/20\\\/semana-de-las-mipymes-y-cooperativas-2025-formalizacion-innovacion-y-redes-para-un-crecimiento-sostenible\\\/\"},\"author\":{\"name\":\"Editor\",\"@id\":\"https:\\\/\\\/diarioellabrador.cl\\\/#\\\/schema\\\/person\\\/bc25ff80b4563f9c7f4bd7855df01685\"},\"headline\":\"\u201cSemana de las Mipymes y Cooperativas 2025: formalizaci\u00f3n, innovaci\u00f3n y redes para un crecimiento sostenible\u201d\",\"datePublished\":\"2025-10-20T22:46:19+00:00\",\"dateModified\":\"2025-10-20T23:17:20+00:00\",\"mainEntityOfPage\":{\"@id\":\"https:\\\/\\\/diarioellabrador.cl\\\/index.php\\\/2025\\\/10\\\/20\\\/semana-de-las-mipymes-y-cooperativas-2025-formalizacion-innovacion-y-redes-para-un-crecimiento-sostenible\\\/\"},\"wordCount\":507,\"commentCount\":0,\"publisher\":{\"@id\":\"https:\\\/\\\/diarioellabrador.cl\\\/#organization\"},\"image\":{\"@id\":\"https:\\\/\\\/diarioellabrador.cl\\\/index.php\\\/2025\\\/10\\\/20\\\/semana-de-las-mipymes-y-cooperativas-2025-formalizacion-innovacion-y-redes-para-un-crecimiento-sostenible\\\/#primaryimage\"},\"thumbnailUrl\":\"https:\\\/\\\/diarioellabrador.cl\\\/wp-content\\\/uploads\\\/2025\\\/10\\\/Image-20-oct-2025-20_14_13.png\",\"articleSection\":[\"Opini\u00f3n\"],\"inLanguage\":\"es\",\"potentialAction\":[{\"@type\":\"CommentAction\",\"name\":\"Comment\",\"target\":[\"https:\\\/\\\/diarioellabrador.cl\\\/index.php\\\/2025\\\/10\\\/20\\\/semana-de-las-mipymes-y-cooperativas-2025-formalizacion-innovacion-y-redes-para-un-crecimiento-sostenible\\\/#respond\"]}]},{\"@type\":\"WebPage\",\"@id\":\"https:\\\/\\\/diarioellabrador.cl\\\/index.php\\\/2025\\\/10\\\/20\\\/semana-de-las-mipymes-y-cooperativas-2025-formalizacion-innovacion-y-redes-para-un-crecimiento-sostenible\\\/\",\"url\":\"https:\\\/\\\/diarioellabrador.cl\\\/index.php\\\/2025\\\/10\\\/20\\\/semana-de-las-mipymes-y-cooperativas-2025-formalizacion-innovacion-y-redes-para-un-crecimiento-sostenible\\\/\",\"name\":\"\u201cSemana de las Mipymes y Cooperativas 2025: formalizaci\u00f3n, innovaci\u00f3n y redes para un crecimiento sostenible\u201d - Diario El Labrador\",\"isPartOf\":{\"@id\":\"https:\\\/\\\/diarioellabrador.cl\\\/#website\"},\"primaryImageOfPage\":{\"@id\":\"https:\\\/\\\/diarioellabrador.cl\\\/index.php\\\/2025\\\/10\\\/20\\\/semana-de-las-mipymes-y-cooperativas-2025-formalizacion-innovacion-y-redes-para-un-crecimiento-sostenible\\\/#primaryimage\"},\"image\":{\"@id\":\"https:\\\/\\\/diarioellabrador.cl\\\/index.php\\\/2025\\\/10\\\/20\\\/semana-de-las-mipymes-y-cooperativas-2025-formalizacion-innovacion-y-redes-para-un-crecimiento-sostenible\\\/#primaryimage\"},\"thumbnailUrl\":\"https:\\\/\\\/diarioellabrador.cl\\\/wp-content\\\/uploads\\\/2025\\\/10\\\/Image-20-oct-2025-20_14_13.png\",\"datePublished\":\"2025-10-20T22:46:19+00:00\",\"dateModified\":\"2025-10-20T23:17:20+00:00\",\"breadcrumb\":{\"@id\":\"https:\\\/\\\/diarioellabrador.cl\\\/index.php\\\/2025\\\/10\\\/20\\\/semana-de-las-mipymes-y-cooperativas-2025-formalizacion-innovacion-y-redes-para-un-crecimiento-sostenible\\\/#breadcrumb\"},\"inLanguage\":\"es\",\"potentialAction\":[{\"@type\":\"ReadAction\",\"target\":[\"https:\\\/\\\/diarioellabrador.cl\\\/index.php\\\/2025\\\/10\\\/20\\\/semana-de-las-mipymes-y-cooperativas-2025-formalizacion-innovacion-y-redes-para-un-crecimiento-sostenible\\\/\"]}]},{\"@type\":\"ImageObject\",\"inLanguage\":\"es\",\"@id\":\"https:\\\/\\\/diarioellabrador.cl\\\/index.php\\\/2025\\\/10\\\/20\\\/semana-de-las-mipymes-y-cooperativas-2025-formalizacion-innovacion-y-redes-para-un-crecimiento-sostenible\\\/#primaryimage\",\"url\":\"https:\\\/\\\/diarioellabrador.cl\\\/wp-content\\\/uploads\\\/2025\\\/10\\\/Image-20-oct-2025-20_14_13.png\",\"contentUrl\":\"https:\\\/\\\/diarioellabrador.cl\\\/wp-content\\\/uploads\\\/2025\\\/10\\\/Image-20-oct-2025-20_14_13.png\",\"width\":1350,\"height\":940},{\"@type\":\"BreadcrumbList\",\"@id\":\"https:\\\/\\\/diarioellabrador.cl\\\/index.php\\\/2025\\\/10\\\/20\\\/semana-de-las-mipymes-y-cooperativas-2025-formalizacion-innovacion-y-redes-para-un-crecimiento-sostenible\\\/#breadcrumb\",\"itemListElement\":[{\"@type\":\"ListItem\",\"position\":1,\"name\":\"Portada\",\"item\":\"https:\\\/\\\/diarioellabrador.cl\\\/\"},{\"@type\":\"ListItem\",\"position\":2,\"name\":\"\u201cSemana de las Mipymes y Cooperativas 2025: formalizaci\u00f3n, innovaci\u00f3n y redes para un crecimiento sostenible\u201d\"}]},{\"@type\":\"WebSite\",\"@id\":\"https:\\\/\\\/diarioellabrador.cl\\\/#website\",\"url\":\"https:\\\/\\\/diarioellabrador.cl\\\/\",\"name\":\"Diario El Labrador\",\"description\":\"Haciendo noticia desde 1921\",\"publisher\":{\"@id\":\"https:\\\/\\\/diarioellabrador.cl\\\/#organization\"},\"potentialAction\":[{\"@type\":\"SearchAction\",\"target\":{\"@type\":\"EntryPoint\",\"urlTemplate\":\"https:\\\/\\\/diarioellabrador.cl\\\/?s={search_term_string}\"},\"query-input\":{\"@type\":\"PropertyValueSpecification\",\"valueRequired\":true,\"valueName\":\"search_term_string\"}}],\"inLanguage\":\"es\"},{\"@type\":\"Organization\",\"@id\":\"https:\\\/\\\/diarioellabrador.cl\\\/#organization\",\"name\":\"Diario El Labrador\",\"url\":\"https:\\\/\\\/diarioellabrador.cl\\\/\",\"logo\":{\"@type\":\"ImageObject\",\"inLanguage\":\"es\",\"@id\":\"https:\\\/\\\/diarioellabrador.cl\\\/#\\\/schema\\\/logo\\\/image\\\/\",\"url\":\"https:\\\/\\\/diarioellabrador.cl\\\/wp-content\\\/uploads\\\/2025\\\/02\\\/cropped-Logo-Icono.png\",\"contentUrl\":\"https:\\\/\\\/diarioellabrador.cl\\\/wp-content\\\/uploads\\\/2025\\\/02\\\/cropped-Logo-Icono.png\",\"width\":512,\"height\":512,\"caption\":\"Diario El Labrador\"},\"image\":{\"@id\":\"https:\\\/\\\/diarioellabrador.cl\\\/#\\\/schema\\\/logo\\\/image\\\/\"},\"sameAs\":[\"https:\\\/\\\/web.facebook.com\\\/profile.php?id=61576120840621\",\"https:\\\/\\\/x.com\\\/ElLabradorOf\",\"https:\\\/\\\/www.instagram.com\\\/diarioellabradoroficial\\\/\"]},{\"@type\":\"Person\",\"@id\":\"https:\\\/\\\/diarioellabrador.cl\\\/#\\\/schema\\\/person\\\/bc25ff80b4563f9c7f4bd7855df01685\",\"name\":\"Editor\",\"image\":{\"@type\":\"ImageObject\",\"inLanguage\":\"es\",\"@id\":\"https:\\\/\\\/secure.gravatar.com\\\/avatar\\\/109c326cf2be5c04f048c2c2a2b8b6ef44bf3d8d1d3d4c55d0ac40c4bc994684?s=96&d=mm&r=g\",\"url\":\"https:\\\/\\\/secure.gravatar.com\\\/avatar\\\/109c326cf2be5c04f048c2c2a2b8b6ef44bf3d8d1d3d4c55d0ac40c4bc994684?s=96&d=mm&r=g\",\"contentUrl\":\"https:\\\/\\\/secure.gravatar.com\\\/avatar\\\/109c326cf2be5c04f048c2c2a2b8b6ef44bf3d8d1d3d4c55d0ac40c4bc994684?s=96&d=mm&r=g\",\"caption\":\"Editor\"},\"url\":\"https:\\\/\\\/diarioellabrador.cl\\\/index.php\\\/author\\\/editor\\\/\"}]}<\/script>\n<!-- \/ Yoast SEO plugin. -->","yoast_head_json":{"title":"\u201cSemana de las Mipymes y Cooperativas 2025: formalizaci\u00f3n, innovaci\u00f3n y redes para un crecimiento sostenible\u201d - Diario El Labrador","robots":{"index":"index","follow":"follow","max-snippet":"max-snippet:-1","max-image-preview":"max-image-preview:large","max-video-preview":"max-video-preview:-1"},"canonical":"https:\/\/diarioellabrador.cl\/index.php\/2025\/10\/20\/semana-de-las-mipymes-y-cooperativas-2025-formalizacion-innovacion-y-redes-para-un-crecimiento-sostenible\/","og_locale":"es_ES","og_type":"article","og_title":"\u201cSemana de las Mipymes y Cooperativas 2025: formalizaci\u00f3n, innovaci\u00f3n y redes para un crecimiento sostenible\u201d - Diario El Labrador","og_description":"Por Cristi\u00e1n Rodr\u00edguez Binfa Secretario Regional Ministerial de Econom\u00eda, Fomento y Turismo, de la Regi\u00f3n Metropolitana La Semana de las Mipymes y Cooperativas 2025, que se realizar\u00e1 entre el 20 y 24 de octubre y organizada anualmente por el Ministerio de Econom\u00eda, Fomento y Turismo, representa una oportunidad concreta para destacar y reimpulsar un crecimiento Leer m\u00e1s","og_url":"https:\/\/diarioellabrador.cl\/index.php\/2025\/10\/20\/semana-de-las-mipymes-y-cooperativas-2025-formalizacion-innovacion-y-redes-para-un-crecimiento-sostenible\/","og_site_name":"Diario El Labrador","article_publisher":"https:\/\/web.facebook.com\/profile.php?id=61576120840621","article_published_time":"2025-10-20T22:46:19+00:00","article_modified_time":"2025-10-20T23:17:20+00:00","og_image":[{"width":1350,"height":940,"url":"https:\/\/diarioellabrador.cl\/wp-content\/uploads\/2025\/10\/Image-20-oct-2025-20_14_13.png","type":"image\/png"}],"author":"Editor","twitter_card":"summary_large_image","twitter_creator":"@ElLabradorOf","twitter_site":"@ElLabradorOf","twitter_misc":{"Escrito por":"Editor","Tiempo de lectura":"3 minutos"},"schema":{"@context":"https:\/\/schema.org","@graph":[{"@type":"Article","@id":"https:\/\/diarioellabrador.cl\/index.php\/2025\/10\/20\/semana-de-las-mipymes-y-cooperativas-2025-formalizacion-innovacion-y-redes-para-un-crecimiento-sostenible\/#article","isPartOf":{"@id":"https:\/\/diarioellabrador.cl\/index.php\/2025\/10\/20\/semana-de-las-mipymes-y-cooperativas-2025-formalizacion-innovacion-y-redes-para-un-crecimiento-sostenible\/"},"author":{"name":"Editor","@id":"https:\/\/diarioellabrador.cl\/#\/schema\/person\/bc25ff80b4563f9c7f4bd7855df01685"},"headline":"\u201cSemana de las Mipymes y Cooperativas 2025: formalizaci\u00f3n, innovaci\u00f3n y redes para un crecimiento sostenible\u201d","datePublished":"2025-10-20T22:46:19+00:00","dateModified":"2025-10-20T23:17:20+00:00","mainEntityOfPage":{"@id":"https:\/\/diarioellabrador.cl\/index.php\/2025\/10\/20\/semana-de-las-mipymes-y-cooperativas-2025-formalizacion-innovacion-y-redes-para-un-crecimiento-sostenible\/"},"wordCount":507,"commentCount":0,"publisher":{"@id":"https:\/\/diarioellabrador.cl\/#organization"},"image":{"@id":"https:\/\/diarioellabrador.cl\/index.php\/2025\/10\/20\/semana-de-las-mipymes-y-cooperativas-2025-formalizacion-innovacion-y-redes-para-un-crecimiento-sostenible\/#primaryimage"},"thumbnailUrl":"https:\/\/diarioellabrador.cl\/wp-content\/uploads\/2025\/10\/Image-20-oct-2025-20_14_13.png","articleSection":["Opini\u00f3n"],"inLanguage":"es","potentialAction":[{"@type":"CommentAction","name":"Comment","target":["https:\/\/diarioellabrador.cl\/index.php\/2025\/10\/20\/semana-de-las-mipymes-y-cooperativas-2025-formalizacion-innovacion-y-redes-para-un-crecimiento-sostenible\/#respond"]}]},{"@type":"WebPage","@id":"https:\/\/diarioellabrador.cl\/index.php\/2025\/10\/20\/semana-de-las-mipymes-y-cooperativas-2025-formalizacion-innovacion-y-redes-para-un-crecimiento-sostenible\/","url":"https:\/\/diarioellabrador.cl\/index.php\/2025\/10\/20\/semana-de-las-mipymes-y-cooperativas-2025-formalizacion-innovacion-y-redes-para-un-crecimiento-sostenible\/","name":"\u201cSemana de las Mipymes y Cooperativas 2025: formalizaci\u00f3n, innovaci\u00f3n y redes para un crecimiento sostenible\u201d - Diario El Labrador","isPartOf":{"@id":"https:\/\/diarioellabrador.cl\/#website"},"primaryImageOfPage":{"@id":"https:\/\/diarioellabrador.cl\/index.php\/2025\/10\/20\/semana-de-las-mipymes-y-cooperativas-2025-formalizacion-innovacion-y-redes-para-un-crecimiento-sostenible\/#primaryimage"},"image":{"@id":"https:\/\/diarioellabrador.cl\/index.php\/2025\/10\/20\/semana-de-las-mipymes-y-cooperativas-2025-formalizacion-innovacion-y-redes-para-un-crecimiento-sostenible\/#primaryimage"},"thumbnailUrl":"https:\/\/diarioellabrador.cl\/wp-content\/uploads\/2025\/10\/Image-20-oct-2025-20_14_13.png","datePublished":"2025-10-20T22:46:19+00:00","dateModified":"2025-10-20T23:17:20+00:00","breadcrumb":{"@id":"https:\/\/diarioellabrador.cl\/index.php\/2025\/10\/20\/semana-de-las-mipymes-y-cooperativas-2025-formalizacion-innovacion-y-redes-para-un-crecimiento-sostenible\/#breadcrumb"},"inLanguage":"es","potentialAction":[{"@type":"ReadAction","target":["https:\/\/diarioellabrador.cl\/index.php\/2025\/10\/20\/semana-de-las-mipymes-y-cooperativas-2025-formalizacion-innovacion-y-redes-para-un-crecimiento-sostenible\/"]}]},{"@type":"ImageObject","inLanguage":"es","@id":"https:\/\/diarioellabrador.cl\/index.php\/2025\/10\/20\/semana-de-las-mipymes-y-cooperativas-2025-formalizacion-innovacion-y-redes-para-un-crecimiento-sostenible\/#primaryimage","url":"https:\/\/diarioellabrador.cl\/wp-content\/uploads\/2025\/10\/Image-20-oct-2025-20_14_13.png","contentUrl":"https:\/\/diarioellabrador.cl\/wp-content\/uploads\/2025\/10\/Image-20-oct-2025-20_14_13.png","width":1350,"height":940},{"@type":"BreadcrumbList","@id":"https:\/\/diarioellabrador.cl\/index.php\/2025\/10\/20\/semana-de-las-mipymes-y-cooperativas-2025-formalizacion-innovacion-y-redes-para-un-crecimiento-sostenible\/#breadcrumb","itemListElement":[{"@type":"ListItem","position":1,"name":"Portada","item":"https:\/\/diarioellabrador.cl\/"},{"@type":"ListItem","position":2,"name":"\u201cSemana de las Mipymes y Cooperativas 2025: formalizaci\u00f3n, innovaci\u00f3n y redes para un crecimiento sostenible\u201d"}]},{"@type":"WebSite","@id":"https:\/\/diarioellabrador.cl\/#website","url":"https:\/\/diarioellabrador.cl\/","name":"Diario El Labrador","description":"Haciendo noticia desde 1921","publisher":{"@id":"https:\/\/diarioellabrador.cl\/#organization"},"potentialAction":[{"@type":"SearchAction","target":{"@type":"EntryPoint","urlTemplate":"https:\/\/diarioellabrador.cl\/?s={search_term_string}"},"query-input":{"@type":"PropertyValueSpecification","valueRequired":true,"valueName":"search_term_string"}}],"inLanguage":"es"},{"@type":"Organization","@id":"https:\/\/diarioellabrador.cl\/#organization","name":"Diario El Labrador","url":"https:\/\/diarioellabrador.cl\/","logo":{"@type":"ImageObject","inLanguage":"es","@id":"https:\/\/diarioellabrador.cl\/#\/schema\/logo\/image\/","url":"https:\/\/diarioellabrador.cl\/wp-content\/uploads\/2025\/02\/cropped-Logo-Icono.png","contentUrl":"https:\/\/diarioellabrador.cl\/wp-content\/uploads\/2025\/02\/cropped-Logo-Icono.png","width":512,"height":512,"caption":"Diario El Labrador"},"image":{"@id":"https:\/\/diarioellabrador.cl\/#\/schema\/logo\/image\/"},"sameAs":["https:\/\/web.facebook.com\/profile.php?id=61576120840621","https:\/\/x.com\/ElLabradorOf","https:\/\/www.instagram.com\/diarioellabradoroficial\/"]},{"@type":"Person","@id":"https:\/\/diarioellabrador.cl\/#\/schema\/person\/bc25ff80b4563f9c7f4bd7855df01685","name":"Editor","image":{"@type":"ImageObject","inLanguage":"es","@id":"https:\/\/secure.gravatar.com\/avatar\/109c326cf2be5c04f048c2c2a2b8b6ef44bf3d8d1d3d4c55d0ac40c4bc994684?s=96&d=mm&r=g","url":"https:\/\/secure.gravatar.com\/avatar\/109c326cf2be5c04f048c2c2a2b8b6ef44bf3d8d1d3d4c55d0ac40c4bc994684?s=96&d=mm&r=g","contentUrl":"https:\/\/secure.gravatar.com\/avatar\/109c326cf2be5c04f048c2c2a2b8b6ef44bf3d8d1d3d4c55d0ac40c4bc994684?s=96&d=mm&r=g","caption":"Editor"},"url":"https:\/\/diarioellabrador.cl\/index.php\/author\/editor\/"}]}},"_links":{"self":[{"href":"https:\/\/diarioellabrador.cl\/index.php\/wp-json\/wp\/v2\/posts\/10141","targetHints":{"allow":["GET"]}}],"collection":[{"href":"https:\/\/diarioellabrador.cl\/index.php\/wp-json\/wp\/v2\/posts"}],"about":[{"href":"https:\/\/diarioellabrador.cl\/index.php\/wp-json\/wp\/v2\/types\/post"}],"author":[{"embeddable":true,"href":"https:\/\/diarioellabrador.cl\/index.php\/wp-json\/wp\/v2\/users\/2"}],"replies":[{"embeddable":true,"href":"https:\/\/diarioellabrador.cl\/index.php\/wp-json\/wp\/v2\/comments?post=10141"}],"version-history":[{"count":2,"href":"https:\/\/diarioellabrador.cl\/index.php\/wp-json\/wp\/v2\/posts\/10141\/revisions"}],"predecessor-version":[{"id":10179,"href":"https:\/\/diarioellabrador.cl\/index.php\/wp-json\/wp\/v2\/posts\/10141\/revisions\/10179"}],"wp:featuredmedia":[{"embeddable":true,"href":"https:\/\/diarioellabrador.cl\/index.php\/wp-json\/wp\/v2\/media\/10180"}],"wp:attachment":[{"href":"https:\/\/diarioellabrador.cl\/index.php\/wp-json\/wp\/v2\/media?parent=10141"}],"wp:term":[{"taxonomy":"category","embeddable":true,"href":"https:\/\/diarioellabrador.cl\/index.php\/wp-json\/wp\/v2\/categories?post=10141"},{"taxonomy":"post_tag","embeddable":true,"href":"https:\/\/diarioellabrador.cl\/index.php\/wp-json\/wp\/v2\/tags?post=10141"}],"curies":[{"name":"wp","href":"https:\/\/api.w.org\/{rel}","templated":true}]}}