{"id":10139,"date":"2025-10-20T18:45:49","date_gmt":"2025-10-20T22:45:49","guid":{"rendered":"https:\/\/diarioellabrador.cl\/?p=10139"},"modified":"2025-10-20T18:45:50","modified_gmt":"2025-10-20T22:45:50","slug":"ramon-y-cesar-miranda-ganaron-el-interasociaciones-del-club-el-bosque-poniente-y-completaron","status":"publish","type":"post","link":"https:\/\/diarioellabrador.cl\/index.php\/2025\/10\/20\/ramon-y-cesar-miranda-ganaron-el-interasociaciones-del-club-el-bosque-poniente-y-completaron\/","title":{"rendered":"Ram\u00f3n y C\u00e9sar Miranda ganaron el Interasociaciones del Club El Bosque Poniente y completaron"},"content":{"rendered":"\n<p><strong>Autor: <\/strong><a href=\"https:\/\/www.caballoyrodeo.cl\/portal_rodeo\/site\/artic\/20240223\/pags\/20240223201413.html\">Alejandro Alegr\u00eda Torres<\/a><\/p>\n\n\n\n<p><strong>Ram\u00f3n Miranda <\/strong>y <strong>C\u00e9sar Miranda <\/strong>ganaron el <strong>Rodeo Interasociaciones Especial <\/strong>que organiz\u00f3 el <strong>Club El Bosque Poniente <\/strong>de la <strong>Asociaci\u00f3n Santiago Poniente <\/strong>y obtuvieron un cupo para los Clasificatorios de la Temporada 2025-2025.<\/p>\n\n\n\n<p>La collera de amigos, que coincidentemente comparte apellido, se impuso montando a <strong>El Convento Relincho <\/strong>y <strong>Molina de Santa Helena Bonanza <\/strong>con 19 puntos buenos.<\/p>\n\n\n\n<p>C\u00e9sar Miranda coment\u00f3 el triunfo a <strong>Caballoyrodeo.cl<\/strong>: \u00abLogramos completar la collera que es de mi compa\u00f1ero, Ram\u00f3n Miranda, y quedamos muy felices. Nunca pensamos que \u00edbamos a lograr esto el fin de semana, as\u00ed que para nosotros fue muy bueno. La familia estuvo presente, logramos completar y ahora le vamos a dar descanso a esta collerita, as\u00ed que vamos a seguir luchando con otras\u00bb.<\/p>\n\n\n\n<p>\u00abA esa collera yo me sub\u00ed la semana pasada, salimos segundos de un rodeo y ahora nos ganamos el champion, as\u00ed que hicimos el requisito que nos faltaba. Los caballos se soltaron y ahora vamos a esperar los Clasificatorios con esa pareja\u00bb, agreg\u00f3.<\/p>\n\n\n\n<p>Respecto a la competencia en el certamen, coment\u00f3: \u00abLas Callanas tiene un buen equipo, pero en esta oportunidad nos toc\u00f3 ganar a nosotros. Jos\u00e9 Tom\u00e1s con Gonzalo quedaron segundos, y siempre hay buenas colleras en estos rodeos de primera categor\u00eda\u00bb.<\/p>\n\n\n\n<p>Sobre lo que se viene ahora para \u00e9l, dijo: \u00abTengo una collera de potros con otro amigo, Roberto Cantillana, y vamos a armar otros caballitos para ver si se puede hacer algo m\u00e1s, porque a nosotros igual nos quedan hartos rode\u00edtos en la asociaci\u00f3n, incluso esta semana tenemos el tercer rodeo de la asociaci\u00f3n esta semana. As\u00ed que nos quedan bastantes rodeos para seguir ilusion\u00e1ndonos con otra collera\u00bb.<\/p>\n\n\n\n<p>\u00abAhora esta semana nos toca el rodeo ac\u00e1 en la casa y vamos a tratar de armar una collerita con la intenci\u00f3n de completar alguna otra. Aprovecho de enviar un saludo a todo el equipo y la gente que trabaja detr\u00e1s en el corra, en especial a los petiseros y &#8216;Chaguito&#8217; Naretto, que trabaja los caballos. Tambi\u00e9n un abrazo a toda la barra que estuvo presente\u00bb, cerr\u00f3.<\/p>\n\n\n\n<p>El segundo lugar lo obtuvo el <strong>Criadero Las Callanas <\/strong>con <strong>Gonzalo Vial Lira y Jos\u00e9 Tom\u00e1s Meza <\/strong>en <strong>Refresco y Ruise\u00f1or <\/strong>con 18 buenos y ocho m\u00e1s en el desempate.<\/p>\n\n\n\n<p>Tercero qued\u00f3 el <strong>Criadero Los Tacos de Rumai <\/strong>con <strong>Roberto Bozzo <\/strong>y <strong>Mat\u00edas Sep\u00falveda <\/strong>en <strong>Resolana <\/strong>y <strong>R\u00e9plica <\/strong>con 18 grandes y cuatro m\u00e1s en el toro extra.<\/p>\n\n\n\n<p>Tambi\u00e9n corrieron el cuarto animal Jos\u00e9 Agust\u00edn Meza y Luis Alberto Y\u00e1\u00f1ez en Santa Isabel Novato y Las Callanas Roto Ni\u00f1o con 17 puntos; el Criadero Do\u00f1a Emma con Escipi\u00f3n Munizaga y Manuel Mallea en Enton\u00e1 Galla y Tirilluca con 15; y Alfonso Navarro Urbina y su hijo Alfonso Navarro Asenjo en Quilmay Chismosa y Santo Tom\u00e1s Sacrist\u00e1n con 10.<\/p>\n\n\n\n<p>El <strong>Movimiento a la Rienda <\/strong>lo obtuvo <strong>Benjam\u00edn Villalobos <\/strong>con 32 unidades montando a <strong>Amancay No Me Grites<\/strong>.<\/p>\n\n\n\n<p>El <strong>Sello de Raza <\/strong>fue para <strong>Santa Isabel Novato<\/strong>, montado por <strong>Jos\u00e9 Agust\u00edn Meza<\/strong>.<\/p>\n","protected":false},"excerpt":{"rendered":"<p>Autor: Alejandro Alegr\u00eda Torres Ram\u00f3n Miranda y C\u00e9sar Miranda ganaron el Rodeo Interasociaciones Especial que organiz\u00f3 el Club El Bosque Poniente de la Asociaci\u00f3n Santiago Poniente y obtuvieron un cupo para los Clasificatorios de la Temporada 2025-2025. La collera de amigos, que coincidentemente comparte apellido, se impuso montando a El Convento Relincho y Molina de<\/p>\n<div class=\"read-more-wrapper\"><a class=\"read-more\" href=\"https:\/\/diarioellabrador.cl\/index.php\/2025\/10\/20\/ramon-y-cesar-miranda-ganaron-el-interasociaciones-del-club-el-bosque-poniente-y-completaron\/\" title=\"Leer m\u00e1s\"> <span class=\"button \">Leer m\u00e1s<\/span><\/a><\/div>\n","protected":false},"author":2,"featured_media":10128,"comment_status":"open","ping_status":"open","sticky":false,"template":"","format":"standard","meta":{"footnotes":""},"categories":[5],"tags":[],"class_list":["post-10139","post","type-post","status-publish","format-standard","has-post-thumbnail","hentry","category-rodeo"],"yoast_head":"<!-- This site is optimized with the Yoast SEO plugin v27.5 - https:\/\/yoast.com\/product\/yoast-seo-wordpress\/ -->\n<title>Ram\u00f3n y C\u00e9sar Miranda ganaron el Interasociaciones del Club El Bosque Poniente y completaron - Diario El Labrador<\/title>\n<meta name=\"robots\" content=\"index, follow, max-snippet:-1, max-image-preview:large, max-video-preview:-1\" \/>\n<link rel=\"canonical\" href=\"https:\/\/diarioellabrador.cl\/index.php\/2025\/10\/20\/ramon-y-cesar-miranda-ganaron-el-interasociaciones-del-club-el-bosque-poniente-y-completaron\/\" \/>\n<meta property=\"og:locale\" content=\"es_ES\" \/>\n<meta property=\"og:type\" content=\"article\" \/>\n<meta property=\"og:title\" content=\"Ram\u00f3n y C\u00e9sar Miranda ganaron el Interasociaciones del Club El Bosque Poniente y completaron - Diario El Labrador\" \/>\n<meta property=\"og:description\" content=\"Autor: Alejandro Alegr\u00eda Torres Ram\u00f3n Miranda y C\u00e9sar Miranda ganaron el Rodeo Interasociaciones Especial que organiz\u00f3 el Club El Bosque Poniente de la Asociaci\u00f3n Santiago Poniente y obtuvieron un cupo para los Clasificatorios de la Temporada 2025-2025. La collera de amigos, que coincidentemente comparte apellido, se impuso montando a El Convento Relincho y Molina de Leer m\u00e1s\" \/>\n<meta property=\"og:url\" content=\"https:\/\/diarioellabrador.cl\/index.php\/2025\/10\/20\/ramon-y-cesar-miranda-ganaron-el-interasociaciones-del-club-el-bosque-poniente-y-completaron\/\" \/>\n<meta property=\"og:site_name\" content=\"Diario El Labrador\" \/>\n<meta property=\"article:publisher\" content=\"https:\/\/web.facebook.com\/profile.php?id=61576120840621\" \/>\n<meta property=\"article:published_time\" content=\"2025-10-20T22:45:49+00:00\" \/>\n<meta property=\"article:modified_time\" content=\"2025-10-20T22:45:50+00:00\" \/>\n<meta property=\"og:image\" content=\"https:\/\/diarioellabrador.cl\/wp-content\/uploads\/2025\/10\/Ramon-y-Cesar-Miranda-ganaron-el-Interasociaciones-del-Club-El-Bosque-Poniente-y-completaron.jpg\" \/>\n\t<meta property=\"og:image:width\" content=\"750\" \/>\n\t<meta property=\"og:image:height\" content=\"389\" \/>\n\t<meta property=\"og:image:type\" content=\"image\/jpeg\" \/>\n<meta name=\"author\" content=\"Editor\" \/>\n<meta name=\"twitter:card\" content=\"summary_large_image\" \/>\n<meta name=\"twitter:creator\" content=\"@ElLabradorOf\" \/>\n<meta name=\"twitter:site\" content=\"@ElLabradorOf\" \/>\n<meta name=\"twitter:label1\" content=\"Escrito por\" \/>\n\t<meta name=\"twitter:data1\" content=\"Editor\" \/>\n\t<meta name=\"twitter:label2\" content=\"Tiempo de lectura\" \/>\n\t<meta name=\"twitter:data2\" content=\"3 minutos\" \/>\n<script type=\"application\/ld+json\" class=\"yoast-schema-graph\">{\"@context\":\"https:\\\/\\\/schema.org\",\"@graph\":[{\"@type\":\"Article\",\"@id\":\"https:\\\/\\\/diarioellabrador.cl\\\/index.php\\\/2025\\\/10\\\/20\\\/ramon-y-cesar-miranda-ganaron-el-interasociaciones-del-club-el-bosque-poniente-y-completaron\\\/#article\",\"isPartOf\":{\"@id\":\"https:\\\/\\\/diarioellabrador.cl\\\/index.php\\\/2025\\\/10\\\/20\\\/ramon-y-cesar-miranda-ganaron-el-interasociaciones-del-club-el-bosque-poniente-y-completaron\\\/\"},\"author\":{\"name\":\"Editor\",\"@id\":\"https:\\\/\\\/diarioellabrador.cl\\\/#\\\/schema\\\/person\\\/bc25ff80b4563f9c7f4bd7855df01685\"},\"headline\":\"Ram\u00f3n y C\u00e9sar Miranda ganaron el Interasociaciones del Club El Bosque Poniente y completaron\",\"datePublished\":\"2025-10-20T22:45:49+00:00\",\"dateModified\":\"2025-10-20T22:45:50+00:00\",\"mainEntityOfPage\":{\"@id\":\"https:\\\/\\\/diarioellabrador.cl\\\/index.php\\\/2025\\\/10\\\/20\\\/ramon-y-cesar-miranda-ganaron-el-interasociaciones-del-club-el-bosque-poniente-y-completaron\\\/\"},\"wordCount\":538,\"commentCount\":0,\"publisher\":{\"@id\":\"https:\\\/\\\/diarioellabrador.cl\\\/#organization\"},\"image\":{\"@id\":\"https:\\\/\\\/diarioellabrador.cl\\\/index.php\\\/2025\\\/10\\\/20\\\/ramon-y-cesar-miranda-ganaron-el-interasociaciones-del-club-el-bosque-poniente-y-completaron\\\/#primaryimage\"},\"thumbnailUrl\":\"https:\\\/\\\/diarioellabrador.cl\\\/wp-content\\\/uploads\\\/2025\\\/10\\\/Ramon-y-Cesar-Miranda-ganaron-el-Interasociaciones-del-Club-El-Bosque-Poniente-y-completaron.jpg\",\"articleSection\":[\"Rodeo\"],\"inLanguage\":\"es\",\"potentialAction\":[{\"@type\":\"CommentAction\",\"name\":\"Comment\",\"target\":[\"https:\\\/\\\/diarioellabrador.cl\\\/index.php\\\/2025\\\/10\\\/20\\\/ramon-y-cesar-miranda-ganaron-el-interasociaciones-del-club-el-bosque-poniente-y-completaron\\\/#respond\"]}]},{\"@type\":\"WebPage\",\"@id\":\"https:\\\/\\\/diarioellabrador.cl\\\/index.php\\\/2025\\\/10\\\/20\\\/ramon-y-cesar-miranda-ganaron-el-interasociaciones-del-club-el-bosque-poniente-y-completaron\\\/\",\"url\":\"https:\\\/\\\/diarioellabrador.cl\\\/index.php\\\/2025\\\/10\\\/20\\\/ramon-y-cesar-miranda-ganaron-el-interasociaciones-del-club-el-bosque-poniente-y-completaron\\\/\",\"name\":\"Ram\u00f3n y C\u00e9sar Miranda ganaron el Interasociaciones del Club El Bosque Poniente y completaron - Diario El Labrador\",\"isPartOf\":{\"@id\":\"https:\\\/\\\/diarioellabrador.cl\\\/#website\"},\"primaryImageOfPage\":{\"@id\":\"https:\\\/\\\/diarioellabrador.cl\\\/index.php\\\/2025\\\/10\\\/20\\\/ramon-y-cesar-miranda-ganaron-el-interasociaciones-del-club-el-bosque-poniente-y-completaron\\\/#primaryimage\"},\"image\":{\"@id\":\"https:\\\/\\\/diarioellabrador.cl\\\/index.php\\\/2025\\\/10\\\/20\\\/ramon-y-cesar-miranda-ganaron-el-interasociaciones-del-club-el-bosque-poniente-y-completaron\\\/#primaryimage\"},\"thumbnailUrl\":\"https:\\\/\\\/diarioellabrador.cl\\\/wp-content\\\/uploads\\\/2025\\\/10\\\/Ramon-y-Cesar-Miranda-ganaron-el-Interasociaciones-del-Club-El-Bosque-Poniente-y-completaron.jpg\",\"datePublished\":\"2025-10-20T22:45:49+00:00\",\"dateModified\":\"2025-10-20T22:45:50+00:00\",\"breadcrumb\":{\"@id\":\"https:\\\/\\\/diarioellabrador.cl\\\/index.php\\\/2025\\\/10\\\/20\\\/ramon-y-cesar-miranda-ganaron-el-interasociaciones-del-club-el-bosque-poniente-y-completaron\\\/#breadcrumb\"},\"inLanguage\":\"es\",\"potentialAction\":[{\"@type\":\"ReadAction\",\"target\":[\"https:\\\/\\\/diarioellabrador.cl\\\/index.php\\\/2025\\\/10\\\/20\\\/ramon-y-cesar-miranda-ganaron-el-interasociaciones-del-club-el-bosque-poniente-y-completaron\\\/\"]}]},{\"@type\":\"ImageObject\",\"inLanguage\":\"es\",\"@id\":\"https:\\\/\\\/diarioellabrador.cl\\\/index.php\\\/2025\\\/10\\\/20\\\/ramon-y-cesar-miranda-ganaron-el-interasociaciones-del-club-el-bosque-poniente-y-completaron\\\/#primaryimage\",\"url\":\"https:\\\/\\\/diarioellabrador.cl\\\/wp-content\\\/uploads\\\/2025\\\/10\\\/Ramon-y-Cesar-Miranda-ganaron-el-Interasociaciones-del-Club-El-Bosque-Poniente-y-completaron.jpg\",\"contentUrl\":\"https:\\\/\\\/diarioellabrador.cl\\\/wp-content\\\/uploads\\\/2025\\\/10\\\/Ramon-y-Cesar-Miranda-ganaron-el-Interasociaciones-del-Club-El-Bosque-Poniente-y-completaron.jpg\",\"width\":750,\"height\":389},{\"@type\":\"BreadcrumbList\",\"@id\":\"https:\\\/\\\/diarioellabrador.cl\\\/index.php\\\/2025\\\/10\\\/20\\\/ramon-y-cesar-miranda-ganaron-el-interasociaciones-del-club-el-bosque-poniente-y-completaron\\\/#breadcrumb\",\"itemListElement\":[{\"@type\":\"ListItem\",\"position\":1,\"name\":\"Portada\",\"item\":\"https:\\\/\\\/diarioellabrador.cl\\\/\"},{\"@type\":\"ListItem\",\"position\":2,\"name\":\"Ram\u00f3n y C\u00e9sar Miranda ganaron el Interasociaciones del Club El Bosque Poniente y completaron\"}]},{\"@type\":\"WebSite\",\"@id\":\"https:\\\/\\\/diarioellabrador.cl\\\/#website\",\"url\":\"https:\\\/\\\/diarioellabrador.cl\\\/\",\"name\":\"Diario El Labrador\",\"description\":\"Haciendo noticia desde 1921\",\"publisher\":{\"@id\":\"https:\\\/\\\/diarioellabrador.cl\\\/#organization\"},\"potentialAction\":[{\"@type\":\"SearchAction\",\"target\":{\"@type\":\"EntryPoint\",\"urlTemplate\":\"https:\\\/\\\/diarioellabrador.cl\\\/?s={search_term_string}\"},\"query-input\":{\"@type\":\"PropertyValueSpecification\",\"valueRequired\":true,\"valueName\":\"search_term_string\"}}],\"inLanguage\":\"es\"},{\"@type\":\"Organization\",\"@id\":\"https:\\\/\\\/diarioellabrador.cl\\\/#organization\",\"name\":\"Diario El Labrador\",\"url\":\"https:\\\/\\\/diarioellabrador.cl\\\/\",\"logo\":{\"@type\":\"ImageObject\",\"inLanguage\":\"es\",\"@id\":\"https:\\\/\\\/diarioellabrador.cl\\\/#\\\/schema\\\/logo\\\/image\\\/\",\"url\":\"https:\\\/\\\/diarioellabrador.cl\\\/wp-content\\\/uploads\\\/2025\\\/02\\\/cropped-Logo-Icono.png\",\"contentUrl\":\"https:\\\/\\\/diarioellabrador.cl\\\/wp-content\\\/uploads\\\/2025\\\/02\\\/cropped-Logo-Icono.png\",\"width\":512,\"height\":512,\"caption\":\"Diario El Labrador\"},\"image\":{\"@id\":\"https:\\\/\\\/diarioellabrador.cl\\\/#\\\/schema\\\/logo\\\/image\\\/\"},\"sameAs\":[\"https:\\\/\\\/web.facebook.com\\\/profile.php?id=61576120840621\",\"https:\\\/\\\/x.com\\\/ElLabradorOf\",\"https:\\\/\\\/www.instagram.com\\\/diarioellabradoroficial\\\/\"]},{\"@type\":\"Person\",\"@id\":\"https:\\\/\\\/diarioellabrador.cl\\\/#\\\/schema\\\/person\\\/bc25ff80b4563f9c7f4bd7855df01685\",\"name\":\"Editor\",\"image\":{\"@type\":\"ImageObject\",\"inLanguage\":\"es\",\"@id\":\"https:\\\/\\\/secure.gravatar.com\\\/avatar\\\/109c326cf2be5c04f048c2c2a2b8b6ef44bf3d8d1d3d4c55d0ac40c4bc994684?s=96&d=mm&r=g\",\"url\":\"https:\\\/\\\/secure.gravatar.com\\\/avatar\\\/109c326cf2be5c04f048c2c2a2b8b6ef44bf3d8d1d3d4c55d0ac40c4bc994684?s=96&d=mm&r=g\",\"contentUrl\":\"https:\\\/\\\/secure.gravatar.com\\\/avatar\\\/109c326cf2be5c04f048c2c2a2b8b6ef44bf3d8d1d3d4c55d0ac40c4bc994684?s=96&d=mm&r=g\",\"caption\":\"Editor\"},\"url\":\"https:\\\/\\\/diarioellabrador.cl\\\/index.php\\\/author\\\/editor\\\/\"}]}<\/script>\n<!-- \/ Yoast SEO plugin. -->","yoast_head_json":{"title":"Ram\u00f3n y C\u00e9sar Miranda ganaron el Interasociaciones del Club El Bosque Poniente y completaron - Diario El Labrador","robots":{"index":"index","follow":"follow","max-snippet":"max-snippet:-1","max-image-preview":"max-image-preview:large","max-video-preview":"max-video-preview:-1"},"canonical":"https:\/\/diarioellabrador.cl\/index.php\/2025\/10\/20\/ramon-y-cesar-miranda-ganaron-el-interasociaciones-del-club-el-bosque-poniente-y-completaron\/","og_locale":"es_ES","og_type":"article","og_title":"Ram\u00f3n y C\u00e9sar Miranda ganaron el Interasociaciones del Club El Bosque Poniente y completaron - Diario El Labrador","og_description":"Autor: Alejandro Alegr\u00eda Torres Ram\u00f3n Miranda y C\u00e9sar Miranda ganaron el Rodeo Interasociaciones Especial que organiz\u00f3 el Club El Bosque Poniente de la Asociaci\u00f3n Santiago Poniente y obtuvieron un cupo para los Clasificatorios de la Temporada 2025-2025. La collera de amigos, que coincidentemente comparte apellido, se impuso montando a El Convento Relincho y Molina de Leer m\u00e1s","og_url":"https:\/\/diarioellabrador.cl\/index.php\/2025\/10\/20\/ramon-y-cesar-miranda-ganaron-el-interasociaciones-del-club-el-bosque-poniente-y-completaron\/","og_site_name":"Diario El Labrador","article_publisher":"https:\/\/web.facebook.com\/profile.php?id=61576120840621","article_published_time":"2025-10-20T22:45:49+00:00","article_modified_time":"2025-10-20T22:45:50+00:00","og_image":[{"width":750,"height":389,"url":"https:\/\/diarioellabrador.cl\/wp-content\/uploads\/2025\/10\/Ramon-y-Cesar-Miranda-ganaron-el-Interasociaciones-del-Club-El-Bosque-Poniente-y-completaron.jpg","type":"image\/jpeg"}],"author":"Editor","twitter_card":"summary_large_image","twitter_creator":"@ElLabradorOf","twitter_site":"@ElLabradorOf","twitter_misc":{"Escrito por":"Editor","Tiempo de lectura":"3 minutos"},"schema":{"@context":"https:\/\/schema.org","@graph":[{"@type":"Article","@id":"https:\/\/diarioellabrador.cl\/index.php\/2025\/10\/20\/ramon-y-cesar-miranda-ganaron-el-interasociaciones-del-club-el-bosque-poniente-y-completaron\/#article","isPartOf":{"@id":"https:\/\/diarioellabrador.cl\/index.php\/2025\/10\/20\/ramon-y-cesar-miranda-ganaron-el-interasociaciones-del-club-el-bosque-poniente-y-completaron\/"},"author":{"name":"Editor","@id":"https:\/\/diarioellabrador.cl\/#\/schema\/person\/bc25ff80b4563f9c7f4bd7855df01685"},"headline":"Ram\u00f3n y C\u00e9sar Miranda ganaron el Interasociaciones del Club El Bosque Poniente y completaron","datePublished":"2025-10-20T22:45:49+00:00","dateModified":"2025-10-20T22:45:50+00:00","mainEntityOfPage":{"@id":"https:\/\/diarioellabrador.cl\/index.php\/2025\/10\/20\/ramon-y-cesar-miranda-ganaron-el-interasociaciones-del-club-el-bosque-poniente-y-completaron\/"},"wordCount":538,"commentCount":0,"publisher":{"@id":"https:\/\/diarioellabrador.cl\/#organization"},"image":{"@id":"https:\/\/diarioellabrador.cl\/index.php\/2025\/10\/20\/ramon-y-cesar-miranda-ganaron-el-interasociaciones-del-club-el-bosque-poniente-y-completaron\/#primaryimage"},"thumbnailUrl":"https:\/\/diarioellabrador.cl\/wp-content\/uploads\/2025\/10\/Ramon-y-Cesar-Miranda-ganaron-el-Interasociaciones-del-Club-El-Bosque-Poniente-y-completaron.jpg","articleSection":["Rodeo"],"inLanguage":"es","potentialAction":[{"@type":"CommentAction","name":"Comment","target":["https:\/\/diarioellabrador.cl\/index.php\/2025\/10\/20\/ramon-y-cesar-miranda-ganaron-el-interasociaciones-del-club-el-bosque-poniente-y-completaron\/#respond"]}]},{"@type":"WebPage","@id":"https:\/\/diarioellabrador.cl\/index.php\/2025\/10\/20\/ramon-y-cesar-miranda-ganaron-el-interasociaciones-del-club-el-bosque-poniente-y-completaron\/","url":"https:\/\/diarioellabrador.cl\/index.php\/2025\/10\/20\/ramon-y-cesar-miranda-ganaron-el-interasociaciones-del-club-el-bosque-poniente-y-completaron\/","name":"Ram\u00f3n y C\u00e9sar Miranda ganaron el Interasociaciones del Club El Bosque Poniente y completaron - Diario El Labrador","isPartOf":{"@id":"https:\/\/diarioellabrador.cl\/#website"},"primaryImageOfPage":{"@id":"https:\/\/diarioellabrador.cl\/index.php\/2025\/10\/20\/ramon-y-cesar-miranda-ganaron-el-interasociaciones-del-club-el-bosque-poniente-y-completaron\/#primaryimage"},"image":{"@id":"https:\/\/diarioellabrador.cl\/index.php\/2025\/10\/20\/ramon-y-cesar-miranda-ganaron-el-interasociaciones-del-club-el-bosque-poniente-y-completaron\/#primaryimage"},"thumbnailUrl":"https:\/\/diarioellabrador.cl\/wp-content\/uploads\/2025\/10\/Ramon-y-Cesar-Miranda-ganaron-el-Interasociaciones-del-Club-El-Bosque-Poniente-y-completaron.jpg","datePublished":"2025-10-20T22:45:49+00:00","dateModified":"2025-10-20T22:45:50+00:00","breadcrumb":{"@id":"https:\/\/diarioellabrador.cl\/index.php\/2025\/10\/20\/ramon-y-cesar-miranda-ganaron-el-interasociaciones-del-club-el-bosque-poniente-y-completaron\/#breadcrumb"},"inLanguage":"es","potentialAction":[{"@type":"ReadAction","target":["https:\/\/diarioellabrador.cl\/index.php\/2025\/10\/20\/ramon-y-cesar-miranda-ganaron-el-interasociaciones-del-club-el-bosque-poniente-y-completaron\/"]}]},{"@type":"ImageObject","inLanguage":"es","@id":"https:\/\/diarioellabrador.cl\/index.php\/2025\/10\/20\/ramon-y-cesar-miranda-ganaron-el-interasociaciones-del-club-el-bosque-poniente-y-completaron\/#primaryimage","url":"https:\/\/diarioellabrador.cl\/wp-content\/uploads\/2025\/10\/Ramon-y-Cesar-Miranda-ganaron-el-Interasociaciones-del-Club-El-Bosque-Poniente-y-completaron.jpg","contentUrl":"https:\/\/diarioellabrador.cl\/wp-content\/uploads\/2025\/10\/Ramon-y-Cesar-Miranda-ganaron-el-Interasociaciones-del-Club-El-Bosque-Poniente-y-completaron.jpg","width":750,"height":389},{"@type":"BreadcrumbList","@id":"https:\/\/diarioellabrador.cl\/index.php\/2025\/10\/20\/ramon-y-cesar-miranda-ganaron-el-interasociaciones-del-club-el-bosque-poniente-y-completaron\/#breadcrumb","itemListElement":[{"@type":"ListItem","position":1,"name":"Portada","item":"https:\/\/diarioellabrador.cl\/"},{"@type":"ListItem","position":2,"name":"Ram\u00f3n y C\u00e9sar Miranda ganaron el Interasociaciones del Club El Bosque Poniente y completaron"}]},{"@type":"WebSite","@id":"https:\/\/diarioellabrador.cl\/#website","url":"https:\/\/diarioellabrador.cl\/","name":"Diario El Labrador","description":"Haciendo noticia desde 1921","publisher":{"@id":"https:\/\/diarioellabrador.cl\/#organization"},"potentialAction":[{"@type":"SearchAction","target":{"@type":"EntryPoint","urlTemplate":"https:\/\/diarioellabrador.cl\/?s={search_term_string}"},"query-input":{"@type":"PropertyValueSpecification","valueRequired":true,"valueName":"search_term_string"}}],"inLanguage":"es"},{"@type":"Organization","@id":"https:\/\/diarioellabrador.cl\/#organization","name":"Diario El Labrador","url":"https:\/\/diarioellabrador.cl\/","logo":{"@type":"ImageObject","inLanguage":"es","@id":"https:\/\/diarioellabrador.cl\/#\/schema\/logo\/image\/","url":"https:\/\/diarioellabrador.cl\/wp-content\/uploads\/2025\/02\/cropped-Logo-Icono.png","contentUrl":"https:\/\/diarioellabrador.cl\/wp-content\/uploads\/2025\/02\/cropped-Logo-Icono.png","width":512,"height":512,"caption":"Diario El Labrador"},"image":{"@id":"https:\/\/diarioellabrador.cl\/#\/schema\/logo\/image\/"},"sameAs":["https:\/\/web.facebook.com\/profile.php?id=61576120840621","https:\/\/x.com\/ElLabradorOf","https:\/\/www.instagram.com\/diarioellabradoroficial\/"]},{"@type":"Person","@id":"https:\/\/diarioellabrador.cl\/#\/schema\/person\/bc25ff80b4563f9c7f4bd7855df01685","name":"Editor","image":{"@type":"ImageObject","inLanguage":"es","@id":"https:\/\/secure.gravatar.com\/avatar\/109c326cf2be5c04f048c2c2a2b8b6ef44bf3d8d1d3d4c55d0ac40c4bc994684?s=96&d=mm&r=g","url":"https:\/\/secure.gravatar.com\/avatar\/109c326cf2be5c04f048c2c2a2b8b6ef44bf3d8d1d3d4c55d0ac40c4bc994684?s=96&d=mm&r=g","contentUrl":"https:\/\/secure.gravatar.com\/avatar\/109c326cf2be5c04f048c2c2a2b8b6ef44bf3d8d1d3d4c55d0ac40c4bc994684?s=96&d=mm&r=g","caption":"Editor"},"url":"https:\/\/diarioellabrador.cl\/index.php\/author\/editor\/"}]}},"_links":{"self":[{"href":"https:\/\/diarioellabrador.cl\/index.php\/wp-json\/wp\/v2\/posts\/10139","targetHints":{"allow":["GET"]}}],"collection":[{"href":"https:\/\/diarioellabrador.cl\/index.php\/wp-json\/wp\/v2\/posts"}],"about":[{"href":"https:\/\/diarioellabrador.cl\/index.php\/wp-json\/wp\/v2\/types\/post"}],"author":[{"embeddable":true,"href":"https:\/\/diarioellabrador.cl\/index.php\/wp-json\/wp\/v2\/users\/2"}],"replies":[{"embeddable":true,"href":"https:\/\/diarioellabrador.cl\/index.php\/wp-json\/wp\/v2\/comments?post=10139"}],"version-history":[{"count":1,"href":"https:\/\/diarioellabrador.cl\/index.php\/wp-json\/wp\/v2\/posts\/10139\/revisions"}],"predecessor-version":[{"id":10140,"href":"https:\/\/diarioellabrador.cl\/index.php\/wp-json\/wp\/v2\/posts\/10139\/revisions\/10140"}],"wp:featuredmedia":[{"embeddable":true,"href":"https:\/\/diarioellabrador.cl\/index.php\/wp-json\/wp\/v2\/media\/10128"}],"wp:attachment":[{"href":"https:\/\/diarioellabrador.cl\/index.php\/wp-json\/wp\/v2\/media?parent=10139"}],"wp:term":[{"taxonomy":"category","embeddable":true,"href":"https:\/\/diarioellabrador.cl\/index.php\/wp-json\/wp\/v2\/categories?post=10139"},{"taxonomy":"post_tag","embeddable":true,"href":"https:\/\/diarioellabrador.cl\/index.php\/wp-json\/wp\/v2\/tags?post=10139"}],"curies":[{"name":"wp","href":"https:\/\/api.w.org\/{rel}","templated":true}]}}