{"id":10137,"date":"2025-10-20T18:45:13","date_gmt":"2025-10-20T22:45:13","guid":{"rendered":"https:\/\/diarioellabrador.cl\/?p=10137"},"modified":"2025-10-20T18:45:14","modified_gmt":"2025-10-20T22:45:14","slug":"andres-joannon-y-mario-morales-completaron-a-remendao-y-el-fundador","status":"publish","type":"post","link":"https:\/\/diarioellabrador.cl\/index.php\/2025\/10\/20\/andres-joannon-y-mario-morales-completaron-a-remendao-y-el-fundador\/","title":{"rendered":"Andr\u00e9s Joannon y Mario Morales completaron a Remendao y el Fundador"},"content":{"rendered":"\n<p><strong>Autor: <\/strong><a href=\"https:\/\/www.caballoyrodeo.cl\/portal_rodeo\/site\/artic\/20240223\/pags\/20240223201658.html\">H\u00e9ctor Uribe Delgado<\/a><\/p>\n\n\n\n<p>Luego de una Temporada Chica de buenos resultados,<strong> Andr\u00e9s Joannon Grez y Mario Morales lograron el primer objetivo del a\u00f1o corralero tras ser terceros en el Rodeo del Club Melipilla Sur<\/strong> (Asociaci\u00f3n Melipilla) en las montas del <strong>Don Sanda Remendao y del criado La Fantas\u00eda Fundador,<\/strong> collera que qued\u00f3 lista para participar del Clasificatorio Norte.<\/p>\n\n\n\n<p><strong>Joannon Grez convers\u00f3 con Caballoyrdeo.cl<\/strong> y cont\u00f3 de la satisfacci\u00f3n familiar de poder volver a la competencia con buenos resultados.<\/p>\n\n\n\n<p>\u00abLa verdad que quedamos muy contentos. Con Mario esta temporada partimos en la Temporada Chica con el requisito y despu\u00e9s salimos a poquitos rodeos de la Temporada Grande, y <strong>salimos segundo en uno y tercero ahora y se corrieron a dos vueltas, por lo tanto, con eso pudimos juntar ya los 16 puntos y completar, que es algo que la verdad me tiene muy contento\u00bb, expres\u00f3.<\/strong><\/p>\n\n\n\n<p>\u00abNosotros con el criadero hab\u00edamos hecho un receso en la competencia y ya el a\u00f1o pasado decid\u00ed junto con mi pap\u00e1 volver a poner un poco m\u00e1s de competitividad,<strong> invitamos a Mario a correr con nosotros y la verdad que el a\u00f1o pasado tuvimos un tema de lesiones que nos dej\u00f3 un poco fuera de competencia,<\/strong> pero este a\u00f1o ya por primera vez en varios a\u00f1os, en una buena cachada de a\u00f1os volvimos a completar y con los caballos en muy buena forma, que es lo que m\u00e1s contento me tiene\u00bb, a\u00f1adi\u00f3.<\/p>\n\n\n\n<p>Joannon cont\u00f3 que \u00abadem\u00e1s que uno de los dos caballos es criado, y ya poder <strong>completar por lo menos en uno de los dos caballos criados es fruto de lo que estamos haciendo en el criadero\u00bb.<\/strong><\/p>\n\n\n\n<p>Respecto al rodeo del fin de semana pasado, el jinete cont\u00f3 que \u00abla matem\u00e1tica era f\u00e1cil, porque nos faltaban tres puntos, entonces, si se sab\u00eda que su rodeo era dos vueltas en la final, era el tercero, pero la verdad es que con Mario salimos a correr y tratamos de hacerlo lo mejor posible y en el primer toro del Champion nos sali\u00f3 una carrera grande y de ah\u00ed para adelante ya se nos abri\u00f3 el apetito y tratamos de ir haciendo lo justo y nos alcanz\u00f3 para el tercero, as\u00ed que muy feliz\u00bb.<\/p>\n\n\n\n<p>De cara a lo que viene, Joannon cont\u00f3 que<strong> \u00abten\u00edamos otra collera de caballos, pero lamentablemente, ayer me llam\u00f3 el veterinario y me dijo que uno de los dos caballos no estaba en el estado f\u00edsico necesario para competir.<\/strong> As\u00ed que ahora estamos viendo justamente con Mario con qu\u00e9 vamos a juntar el caballo que tenemos para para armar una segunda collera y tratar de ir a competir lo que queda de temporada\u00bb.<\/p>\n\n\n\n<p>\u00abY tenemos otra collera mixta de caballos de otros criaderos, que esa es la idea de foguearlos, pero mi idea ser\u00eda poder encontrarle un compa\u00f1ero al Bondadoso para poder buscar algo m\u00e1s con ellos tambi\u00e9n\u00bb, cerr\u00f3.<\/p>\n","protected":false},"excerpt":{"rendered":"<p>Autor: H\u00e9ctor Uribe Delgado Luego de una Temporada Chica de buenos resultados, Andr\u00e9s Joannon Grez y Mario Morales lograron el primer objetivo del a\u00f1o corralero tras ser terceros en el Rodeo del Club Melipilla Sur (Asociaci\u00f3n Melipilla) en las montas del Don Sanda Remendao y del criado La Fantas\u00eda Fundador, collera que qued\u00f3 lista para<\/p>\n<div class=\"read-more-wrapper\"><a class=\"read-more\" href=\"https:\/\/diarioellabrador.cl\/index.php\/2025\/10\/20\/andres-joannon-y-mario-morales-completaron-a-remendao-y-el-fundador\/\" title=\"Leer m\u00e1s\"> <span class=\"button \">Leer m\u00e1s<\/span><\/a><\/div>\n","protected":false},"author":2,"featured_media":10127,"comment_status":"open","ping_status":"open","sticky":false,"template":"","format":"standard","meta":{"footnotes":""},"categories":[5],"tags":[],"class_list":["post-10137","post","type-post","status-publish","format-standard","has-post-thumbnail","hentry","category-rodeo"],"yoast_head":"<!-- This site is optimized with the Yoast SEO plugin v27.5 - https:\/\/yoast.com\/product\/yoast-seo-wordpress\/ -->\n<title>Andr\u00e9s Joannon y Mario Morales completaron a Remendao y el Fundador - Diario El Labrador<\/title>\n<meta name=\"robots\" content=\"index, follow, max-snippet:-1, max-image-preview:large, max-video-preview:-1\" \/>\n<link rel=\"canonical\" href=\"https:\/\/diarioellabrador.cl\/index.php\/2025\/10\/20\/andres-joannon-y-mario-morales-completaron-a-remendao-y-el-fundador\/\" \/>\n<meta property=\"og:locale\" content=\"es_ES\" \/>\n<meta property=\"og:type\" content=\"article\" \/>\n<meta property=\"og:title\" content=\"Andr\u00e9s Joannon y Mario Morales completaron a Remendao y el Fundador - Diario El Labrador\" \/>\n<meta property=\"og:description\" content=\"Autor: H\u00e9ctor Uribe Delgado Luego de una Temporada Chica de buenos resultados, Andr\u00e9s Joannon Grez y Mario Morales lograron el primer objetivo del a\u00f1o corralero tras ser terceros en el Rodeo del Club Melipilla Sur (Asociaci\u00f3n Melipilla) en las montas del Don Sanda Remendao y del criado La Fantas\u00eda Fundador, collera que qued\u00f3 lista para Leer m\u00e1s\" \/>\n<meta property=\"og:url\" content=\"https:\/\/diarioellabrador.cl\/index.php\/2025\/10\/20\/andres-joannon-y-mario-morales-completaron-a-remendao-y-el-fundador\/\" \/>\n<meta property=\"og:site_name\" content=\"Diario El Labrador\" \/>\n<meta property=\"article:publisher\" content=\"https:\/\/web.facebook.com\/profile.php?id=61576120840621\" \/>\n<meta property=\"article:published_time\" content=\"2025-10-20T22:45:13+00:00\" \/>\n<meta property=\"article:modified_time\" content=\"2025-10-20T22:45:14+00:00\" \/>\n<meta property=\"og:image\" content=\"https:\/\/diarioellabrador.cl\/wp-content\/uploads\/2025\/10\/Andres-Joannon-y-Mario-Morales-completaron-a-Remendao-y-el-Fundador.jpg\" \/>\n\t<meta property=\"og:image:width\" content=\"750\" \/>\n\t<meta property=\"og:image:height\" content=\"389\" \/>\n\t<meta property=\"og:image:type\" content=\"image\/jpeg\" \/>\n<meta name=\"author\" content=\"Editor\" \/>\n<meta name=\"twitter:card\" content=\"summary_large_image\" \/>\n<meta name=\"twitter:creator\" content=\"@ElLabradorOf\" \/>\n<meta name=\"twitter:site\" content=\"@ElLabradorOf\" \/>\n<meta name=\"twitter:label1\" content=\"Escrito por\" \/>\n\t<meta name=\"twitter:data1\" content=\"Editor\" \/>\n\t<meta name=\"twitter:label2\" content=\"Tiempo de lectura\" \/>\n\t<meta name=\"twitter:data2\" content=\"3 minutos\" \/>\n<script type=\"application\/ld+json\" class=\"yoast-schema-graph\">{\"@context\":\"https:\\\/\\\/schema.org\",\"@graph\":[{\"@type\":\"Article\",\"@id\":\"https:\\\/\\\/diarioellabrador.cl\\\/index.php\\\/2025\\\/10\\\/20\\\/andres-joannon-y-mario-morales-completaron-a-remendao-y-el-fundador\\\/#article\",\"isPartOf\":{\"@id\":\"https:\\\/\\\/diarioellabrador.cl\\\/index.php\\\/2025\\\/10\\\/20\\\/andres-joannon-y-mario-morales-completaron-a-remendao-y-el-fundador\\\/\"},\"author\":{\"name\":\"Editor\",\"@id\":\"https:\\\/\\\/diarioellabrador.cl\\\/#\\\/schema\\\/person\\\/bc25ff80b4563f9c7f4bd7855df01685\"},\"headline\":\"Andr\u00e9s Joannon y Mario Morales completaron a Remendao y el Fundador\",\"datePublished\":\"2025-10-20T22:45:13+00:00\",\"dateModified\":\"2025-10-20T22:45:14+00:00\",\"mainEntityOfPage\":{\"@id\":\"https:\\\/\\\/diarioellabrador.cl\\\/index.php\\\/2025\\\/10\\\/20\\\/andres-joannon-y-mario-morales-completaron-a-remendao-y-el-fundador\\\/\"},\"wordCount\":514,\"commentCount\":0,\"publisher\":{\"@id\":\"https:\\\/\\\/diarioellabrador.cl\\\/#organization\"},\"image\":{\"@id\":\"https:\\\/\\\/diarioellabrador.cl\\\/index.php\\\/2025\\\/10\\\/20\\\/andres-joannon-y-mario-morales-completaron-a-remendao-y-el-fundador\\\/#primaryimage\"},\"thumbnailUrl\":\"https:\\\/\\\/diarioellabrador.cl\\\/wp-content\\\/uploads\\\/2025\\\/10\\\/Andres-Joannon-y-Mario-Morales-completaron-a-Remendao-y-el-Fundador.jpg\",\"articleSection\":[\"Rodeo\"],\"inLanguage\":\"es\",\"potentialAction\":[{\"@type\":\"CommentAction\",\"name\":\"Comment\",\"target\":[\"https:\\\/\\\/diarioellabrador.cl\\\/index.php\\\/2025\\\/10\\\/20\\\/andres-joannon-y-mario-morales-completaron-a-remendao-y-el-fundador\\\/#respond\"]}]},{\"@type\":\"WebPage\",\"@id\":\"https:\\\/\\\/diarioellabrador.cl\\\/index.php\\\/2025\\\/10\\\/20\\\/andres-joannon-y-mario-morales-completaron-a-remendao-y-el-fundador\\\/\",\"url\":\"https:\\\/\\\/diarioellabrador.cl\\\/index.php\\\/2025\\\/10\\\/20\\\/andres-joannon-y-mario-morales-completaron-a-remendao-y-el-fundador\\\/\",\"name\":\"Andr\u00e9s Joannon y Mario Morales completaron a Remendao y el Fundador - Diario El Labrador\",\"isPartOf\":{\"@id\":\"https:\\\/\\\/diarioellabrador.cl\\\/#website\"},\"primaryImageOfPage\":{\"@id\":\"https:\\\/\\\/diarioellabrador.cl\\\/index.php\\\/2025\\\/10\\\/20\\\/andres-joannon-y-mario-morales-completaron-a-remendao-y-el-fundador\\\/#primaryimage\"},\"image\":{\"@id\":\"https:\\\/\\\/diarioellabrador.cl\\\/index.php\\\/2025\\\/10\\\/20\\\/andres-joannon-y-mario-morales-completaron-a-remendao-y-el-fundador\\\/#primaryimage\"},\"thumbnailUrl\":\"https:\\\/\\\/diarioellabrador.cl\\\/wp-content\\\/uploads\\\/2025\\\/10\\\/Andres-Joannon-y-Mario-Morales-completaron-a-Remendao-y-el-Fundador.jpg\",\"datePublished\":\"2025-10-20T22:45:13+00:00\",\"dateModified\":\"2025-10-20T22:45:14+00:00\",\"breadcrumb\":{\"@id\":\"https:\\\/\\\/diarioellabrador.cl\\\/index.php\\\/2025\\\/10\\\/20\\\/andres-joannon-y-mario-morales-completaron-a-remendao-y-el-fundador\\\/#breadcrumb\"},\"inLanguage\":\"es\",\"potentialAction\":[{\"@type\":\"ReadAction\",\"target\":[\"https:\\\/\\\/diarioellabrador.cl\\\/index.php\\\/2025\\\/10\\\/20\\\/andres-joannon-y-mario-morales-completaron-a-remendao-y-el-fundador\\\/\"]}]},{\"@type\":\"ImageObject\",\"inLanguage\":\"es\",\"@id\":\"https:\\\/\\\/diarioellabrador.cl\\\/index.php\\\/2025\\\/10\\\/20\\\/andres-joannon-y-mario-morales-completaron-a-remendao-y-el-fundador\\\/#primaryimage\",\"url\":\"https:\\\/\\\/diarioellabrador.cl\\\/wp-content\\\/uploads\\\/2025\\\/10\\\/Andres-Joannon-y-Mario-Morales-completaron-a-Remendao-y-el-Fundador.jpg\",\"contentUrl\":\"https:\\\/\\\/diarioellabrador.cl\\\/wp-content\\\/uploads\\\/2025\\\/10\\\/Andres-Joannon-y-Mario-Morales-completaron-a-Remendao-y-el-Fundador.jpg\",\"width\":750,\"height\":389},{\"@type\":\"BreadcrumbList\",\"@id\":\"https:\\\/\\\/diarioellabrador.cl\\\/index.php\\\/2025\\\/10\\\/20\\\/andres-joannon-y-mario-morales-completaron-a-remendao-y-el-fundador\\\/#breadcrumb\",\"itemListElement\":[{\"@type\":\"ListItem\",\"position\":1,\"name\":\"Portada\",\"item\":\"https:\\\/\\\/diarioellabrador.cl\\\/\"},{\"@type\":\"ListItem\",\"position\":2,\"name\":\"Andr\u00e9s Joannon y Mario Morales completaron a Remendao y el Fundador\"}]},{\"@type\":\"WebSite\",\"@id\":\"https:\\\/\\\/diarioellabrador.cl\\\/#website\",\"url\":\"https:\\\/\\\/diarioellabrador.cl\\\/\",\"name\":\"Diario El Labrador\",\"description\":\"Haciendo noticia desde 1921\",\"publisher\":{\"@id\":\"https:\\\/\\\/diarioellabrador.cl\\\/#organization\"},\"potentialAction\":[{\"@type\":\"SearchAction\",\"target\":{\"@type\":\"EntryPoint\",\"urlTemplate\":\"https:\\\/\\\/diarioellabrador.cl\\\/?s={search_term_string}\"},\"query-input\":{\"@type\":\"PropertyValueSpecification\",\"valueRequired\":true,\"valueName\":\"search_term_string\"}}],\"inLanguage\":\"es\"},{\"@type\":\"Organization\",\"@id\":\"https:\\\/\\\/diarioellabrador.cl\\\/#organization\",\"name\":\"Diario El Labrador\",\"url\":\"https:\\\/\\\/diarioellabrador.cl\\\/\",\"logo\":{\"@type\":\"ImageObject\",\"inLanguage\":\"es\",\"@id\":\"https:\\\/\\\/diarioellabrador.cl\\\/#\\\/schema\\\/logo\\\/image\\\/\",\"url\":\"https:\\\/\\\/diarioellabrador.cl\\\/wp-content\\\/uploads\\\/2025\\\/02\\\/cropped-Logo-Icono.png\",\"contentUrl\":\"https:\\\/\\\/diarioellabrador.cl\\\/wp-content\\\/uploads\\\/2025\\\/02\\\/cropped-Logo-Icono.png\",\"width\":512,\"height\":512,\"caption\":\"Diario El Labrador\"},\"image\":{\"@id\":\"https:\\\/\\\/diarioellabrador.cl\\\/#\\\/schema\\\/logo\\\/image\\\/\"},\"sameAs\":[\"https:\\\/\\\/web.facebook.com\\\/profile.php?id=61576120840621\",\"https:\\\/\\\/x.com\\\/ElLabradorOf\",\"https:\\\/\\\/www.instagram.com\\\/diarioellabradoroficial\\\/\"]},{\"@type\":\"Person\",\"@id\":\"https:\\\/\\\/diarioellabrador.cl\\\/#\\\/schema\\\/person\\\/bc25ff80b4563f9c7f4bd7855df01685\",\"name\":\"Editor\",\"image\":{\"@type\":\"ImageObject\",\"inLanguage\":\"es\",\"@id\":\"https:\\\/\\\/secure.gravatar.com\\\/avatar\\\/109c326cf2be5c04f048c2c2a2b8b6ef44bf3d8d1d3d4c55d0ac40c4bc994684?s=96&d=mm&r=g\",\"url\":\"https:\\\/\\\/secure.gravatar.com\\\/avatar\\\/109c326cf2be5c04f048c2c2a2b8b6ef44bf3d8d1d3d4c55d0ac40c4bc994684?s=96&d=mm&r=g\",\"contentUrl\":\"https:\\\/\\\/secure.gravatar.com\\\/avatar\\\/109c326cf2be5c04f048c2c2a2b8b6ef44bf3d8d1d3d4c55d0ac40c4bc994684?s=96&d=mm&r=g\",\"caption\":\"Editor\"},\"url\":\"https:\\\/\\\/diarioellabrador.cl\\\/index.php\\\/author\\\/editor\\\/\"}]}<\/script>\n<!-- \/ Yoast SEO plugin. -->","yoast_head_json":{"title":"Andr\u00e9s Joannon y Mario Morales completaron a Remendao y el Fundador - Diario El Labrador","robots":{"index":"index","follow":"follow","max-snippet":"max-snippet:-1","max-image-preview":"max-image-preview:large","max-video-preview":"max-video-preview:-1"},"canonical":"https:\/\/diarioellabrador.cl\/index.php\/2025\/10\/20\/andres-joannon-y-mario-morales-completaron-a-remendao-y-el-fundador\/","og_locale":"es_ES","og_type":"article","og_title":"Andr\u00e9s Joannon y Mario Morales completaron a Remendao y el Fundador - Diario El Labrador","og_description":"Autor: H\u00e9ctor Uribe Delgado Luego de una Temporada Chica de buenos resultados, Andr\u00e9s Joannon Grez y Mario Morales lograron el primer objetivo del a\u00f1o corralero tras ser terceros en el Rodeo del Club Melipilla Sur (Asociaci\u00f3n Melipilla) en las montas del Don Sanda Remendao y del criado La Fantas\u00eda Fundador, collera que qued\u00f3 lista para Leer m\u00e1s","og_url":"https:\/\/diarioellabrador.cl\/index.php\/2025\/10\/20\/andres-joannon-y-mario-morales-completaron-a-remendao-y-el-fundador\/","og_site_name":"Diario El Labrador","article_publisher":"https:\/\/web.facebook.com\/profile.php?id=61576120840621","article_published_time":"2025-10-20T22:45:13+00:00","article_modified_time":"2025-10-20T22:45:14+00:00","og_image":[{"width":750,"height":389,"url":"https:\/\/diarioellabrador.cl\/wp-content\/uploads\/2025\/10\/Andres-Joannon-y-Mario-Morales-completaron-a-Remendao-y-el-Fundador.jpg","type":"image\/jpeg"}],"author":"Editor","twitter_card":"summary_large_image","twitter_creator":"@ElLabradorOf","twitter_site":"@ElLabradorOf","twitter_misc":{"Escrito por":"Editor","Tiempo de lectura":"3 minutos"},"schema":{"@context":"https:\/\/schema.org","@graph":[{"@type":"Article","@id":"https:\/\/diarioellabrador.cl\/index.php\/2025\/10\/20\/andres-joannon-y-mario-morales-completaron-a-remendao-y-el-fundador\/#article","isPartOf":{"@id":"https:\/\/diarioellabrador.cl\/index.php\/2025\/10\/20\/andres-joannon-y-mario-morales-completaron-a-remendao-y-el-fundador\/"},"author":{"name":"Editor","@id":"https:\/\/diarioellabrador.cl\/#\/schema\/person\/bc25ff80b4563f9c7f4bd7855df01685"},"headline":"Andr\u00e9s Joannon y Mario Morales completaron a Remendao y el Fundador","datePublished":"2025-10-20T22:45:13+00:00","dateModified":"2025-10-20T22:45:14+00:00","mainEntityOfPage":{"@id":"https:\/\/diarioellabrador.cl\/index.php\/2025\/10\/20\/andres-joannon-y-mario-morales-completaron-a-remendao-y-el-fundador\/"},"wordCount":514,"commentCount":0,"publisher":{"@id":"https:\/\/diarioellabrador.cl\/#organization"},"image":{"@id":"https:\/\/diarioellabrador.cl\/index.php\/2025\/10\/20\/andres-joannon-y-mario-morales-completaron-a-remendao-y-el-fundador\/#primaryimage"},"thumbnailUrl":"https:\/\/diarioellabrador.cl\/wp-content\/uploads\/2025\/10\/Andres-Joannon-y-Mario-Morales-completaron-a-Remendao-y-el-Fundador.jpg","articleSection":["Rodeo"],"inLanguage":"es","potentialAction":[{"@type":"CommentAction","name":"Comment","target":["https:\/\/diarioellabrador.cl\/index.php\/2025\/10\/20\/andres-joannon-y-mario-morales-completaron-a-remendao-y-el-fundador\/#respond"]}]},{"@type":"WebPage","@id":"https:\/\/diarioellabrador.cl\/index.php\/2025\/10\/20\/andres-joannon-y-mario-morales-completaron-a-remendao-y-el-fundador\/","url":"https:\/\/diarioellabrador.cl\/index.php\/2025\/10\/20\/andres-joannon-y-mario-morales-completaron-a-remendao-y-el-fundador\/","name":"Andr\u00e9s Joannon y Mario Morales completaron a Remendao y el Fundador - Diario El Labrador","isPartOf":{"@id":"https:\/\/diarioellabrador.cl\/#website"},"primaryImageOfPage":{"@id":"https:\/\/diarioellabrador.cl\/index.php\/2025\/10\/20\/andres-joannon-y-mario-morales-completaron-a-remendao-y-el-fundador\/#primaryimage"},"image":{"@id":"https:\/\/diarioellabrador.cl\/index.php\/2025\/10\/20\/andres-joannon-y-mario-morales-completaron-a-remendao-y-el-fundador\/#primaryimage"},"thumbnailUrl":"https:\/\/diarioellabrador.cl\/wp-content\/uploads\/2025\/10\/Andres-Joannon-y-Mario-Morales-completaron-a-Remendao-y-el-Fundador.jpg","datePublished":"2025-10-20T22:45:13+00:00","dateModified":"2025-10-20T22:45:14+00:00","breadcrumb":{"@id":"https:\/\/diarioellabrador.cl\/index.php\/2025\/10\/20\/andres-joannon-y-mario-morales-completaron-a-remendao-y-el-fundador\/#breadcrumb"},"inLanguage":"es","potentialAction":[{"@type":"ReadAction","target":["https:\/\/diarioellabrador.cl\/index.php\/2025\/10\/20\/andres-joannon-y-mario-morales-completaron-a-remendao-y-el-fundador\/"]}]},{"@type":"ImageObject","inLanguage":"es","@id":"https:\/\/diarioellabrador.cl\/index.php\/2025\/10\/20\/andres-joannon-y-mario-morales-completaron-a-remendao-y-el-fundador\/#primaryimage","url":"https:\/\/diarioellabrador.cl\/wp-content\/uploads\/2025\/10\/Andres-Joannon-y-Mario-Morales-completaron-a-Remendao-y-el-Fundador.jpg","contentUrl":"https:\/\/diarioellabrador.cl\/wp-content\/uploads\/2025\/10\/Andres-Joannon-y-Mario-Morales-completaron-a-Remendao-y-el-Fundador.jpg","width":750,"height":389},{"@type":"BreadcrumbList","@id":"https:\/\/diarioellabrador.cl\/index.php\/2025\/10\/20\/andres-joannon-y-mario-morales-completaron-a-remendao-y-el-fundador\/#breadcrumb","itemListElement":[{"@type":"ListItem","position":1,"name":"Portada","item":"https:\/\/diarioellabrador.cl\/"},{"@type":"ListItem","position":2,"name":"Andr\u00e9s Joannon y Mario Morales completaron a Remendao y el Fundador"}]},{"@type":"WebSite","@id":"https:\/\/diarioellabrador.cl\/#website","url":"https:\/\/diarioellabrador.cl\/","name":"Diario El Labrador","description":"Haciendo noticia desde 1921","publisher":{"@id":"https:\/\/diarioellabrador.cl\/#organization"},"potentialAction":[{"@type":"SearchAction","target":{"@type":"EntryPoint","urlTemplate":"https:\/\/diarioellabrador.cl\/?s={search_term_string}"},"query-input":{"@type":"PropertyValueSpecification","valueRequired":true,"valueName":"search_term_string"}}],"inLanguage":"es"},{"@type":"Organization","@id":"https:\/\/diarioellabrador.cl\/#organization","name":"Diario El Labrador","url":"https:\/\/diarioellabrador.cl\/","logo":{"@type":"ImageObject","inLanguage":"es","@id":"https:\/\/diarioellabrador.cl\/#\/schema\/logo\/image\/","url":"https:\/\/diarioellabrador.cl\/wp-content\/uploads\/2025\/02\/cropped-Logo-Icono.png","contentUrl":"https:\/\/diarioellabrador.cl\/wp-content\/uploads\/2025\/02\/cropped-Logo-Icono.png","width":512,"height":512,"caption":"Diario El Labrador"},"image":{"@id":"https:\/\/diarioellabrador.cl\/#\/schema\/logo\/image\/"},"sameAs":["https:\/\/web.facebook.com\/profile.php?id=61576120840621","https:\/\/x.com\/ElLabradorOf","https:\/\/www.instagram.com\/diarioellabradoroficial\/"]},{"@type":"Person","@id":"https:\/\/diarioellabrador.cl\/#\/schema\/person\/bc25ff80b4563f9c7f4bd7855df01685","name":"Editor","image":{"@type":"ImageObject","inLanguage":"es","@id":"https:\/\/secure.gravatar.com\/avatar\/109c326cf2be5c04f048c2c2a2b8b6ef44bf3d8d1d3d4c55d0ac40c4bc994684?s=96&d=mm&r=g","url":"https:\/\/secure.gravatar.com\/avatar\/109c326cf2be5c04f048c2c2a2b8b6ef44bf3d8d1d3d4c55d0ac40c4bc994684?s=96&d=mm&r=g","contentUrl":"https:\/\/secure.gravatar.com\/avatar\/109c326cf2be5c04f048c2c2a2b8b6ef44bf3d8d1d3d4c55d0ac40c4bc994684?s=96&d=mm&r=g","caption":"Editor"},"url":"https:\/\/diarioellabrador.cl\/index.php\/author\/editor\/"}]}},"_links":{"self":[{"href":"https:\/\/diarioellabrador.cl\/index.php\/wp-json\/wp\/v2\/posts\/10137","targetHints":{"allow":["GET"]}}],"collection":[{"href":"https:\/\/diarioellabrador.cl\/index.php\/wp-json\/wp\/v2\/posts"}],"about":[{"href":"https:\/\/diarioellabrador.cl\/index.php\/wp-json\/wp\/v2\/types\/post"}],"author":[{"embeddable":true,"href":"https:\/\/diarioellabrador.cl\/index.php\/wp-json\/wp\/v2\/users\/2"}],"replies":[{"embeddable":true,"href":"https:\/\/diarioellabrador.cl\/index.php\/wp-json\/wp\/v2\/comments?post=10137"}],"version-history":[{"count":1,"href":"https:\/\/diarioellabrador.cl\/index.php\/wp-json\/wp\/v2\/posts\/10137\/revisions"}],"predecessor-version":[{"id":10138,"href":"https:\/\/diarioellabrador.cl\/index.php\/wp-json\/wp\/v2\/posts\/10137\/revisions\/10138"}],"wp:featuredmedia":[{"embeddable":true,"href":"https:\/\/diarioellabrador.cl\/index.php\/wp-json\/wp\/v2\/media\/10127"}],"wp:attachment":[{"href":"https:\/\/diarioellabrador.cl\/index.php\/wp-json\/wp\/v2\/media?parent=10137"}],"wp:term":[{"taxonomy":"category","embeddable":true,"href":"https:\/\/diarioellabrador.cl\/index.php\/wp-json\/wp\/v2\/categories?post=10137"},{"taxonomy":"post_tag","embeddable":true,"href":"https:\/\/diarioellabrador.cl\/index.php\/wp-json\/wp\/v2\/tags?post=10137"}],"curies":[{"name":"wp","href":"https:\/\/api.w.org\/{rel}","templated":true}]}}