{"id":10107,"date":"2025-10-20T18:43:44","date_gmt":"2025-10-20T22:43:44","guid":{"rendered":"https:\/\/diarioellabrador.cl\/?p=10107"},"modified":"2025-10-20T18:43:47","modified_gmt":"2025-10-20T22:43:47","slug":"nacion-entera-en-euforia-asi-fue-el-festejo-en-marruecos-por-historico-titulo-mundial-sub-20-en-chile","status":"publish","type":"post","link":"https:\/\/diarioellabrador.cl\/index.php\/2025\/10\/20\/nacion-entera-en-euforia-asi-fue-el-festejo-en-marruecos-por-historico-titulo-mundial-sub-20-en-chile\/","title":{"rendered":"Naci\u00f3n entera en euforia: as\u00ed fue el festejo en Marruecos por hist\u00f3rico t\u00edtulo mundial Sub 20 en Chile"},"content":{"rendered":"\n<p>Por primera vez en su historia, <strong>Marruecos<\/strong> se consagr\u00f3 campe\u00f3n del mundo en la categor\u00eda Sub 20 al vencer 2-0 a <strong>Argentina<\/strong> en una final inolvidable disputada en Chile.<\/p>\n\n\n\n<p>Una victoria que no solo qued\u00f3 en la cancha, sino que estall\u00f3 en cada rinc\u00f3n del pa\u00eds magreb\u00ed como un rugido de <strong>orgullo y alegr\u00eda<\/strong>.<\/p>\n\n\n\n<p>La figura indiscutida del partido fue Zabiri, autor del doblete que escribi\u00f3 con goles el cap\u00edtulo m\u00e1s glorioso de los Leones del Atlas. Con este triunfo, Marruecos se convierte en el segundo pa\u00eds africano en levantar el trofeo juvenil, siguiendo los pasos de <strong>Ghana<\/strong> en 2009.<\/p>\n\n\n\n<p>Y un espect\u00e1culo sin precedentes comenz\u00f3 despu\u00e9s del pitazo final. A pesar de la diferencia horaria, las calles de Marruecos se transformaron en un mar de banderas, bocinas y j\u00fabilo popular.<\/p>\n\n\n\n<p>Desde Rabat hasta Agadir, pasando por Casablanca, T\u00e1nger, Sal\u00e9, Temara y Tetu\u00e1n, miles de marroqu\u00edes salieron a celebrar un hito nacional.<\/p>\n\n\n\n<p>Las plazas se convirtieron en escenarios de festejo colectivo. En lugares como la emblem\u00e1tica Plaza Al Barid se reunieron hinchas de todas las edades, ondeando banderas y cantando al un\u00edsono el nombre de sus h\u00e9roes.<\/p>\n\n\n\n<p>El estruendo de los coches, los fuegos artificiales iluminando el cielo y los c\u00e1nticos dedicados a los jugadores y al cuerpo t\u00e9cnico crearon un ambiente de fiesta.<\/p>\n\n\n\n<p>Vestidos con camisetas de la selecci\u00f3n, algunos subidos a los techos de sus coches, otros abrazados en plena calle con l\u00e1grimas en los ojos, los marroqu\u00edes celebraron un hito deportivo que abriga esperanzas para el Mundial 2026 con el combinado adulto.<\/p>\n","protected":false},"excerpt":{"rendered":"<p>Por primera vez en su historia, Marruecos se consagr\u00f3 campe\u00f3n del mundo en la categor\u00eda Sub 20 al vencer 2-0 a Argentina en una final inolvidable disputada en Chile. Una victoria que no solo qued\u00f3 en la cancha, sino que estall\u00f3 en cada rinc\u00f3n del pa\u00eds magreb\u00ed como un rugido de orgullo y alegr\u00eda. La<\/p>\n<div class=\"read-more-wrapper\"><a class=\"read-more\" href=\"https:\/\/diarioellabrador.cl\/index.php\/2025\/10\/20\/nacion-entera-en-euforia-asi-fue-el-festejo-en-marruecos-por-historico-titulo-mundial-sub-20-en-chile\/\" title=\"Leer m\u00e1s\"> <span class=\"button \">Leer m\u00e1s<\/span><\/a><\/div>\n","protected":false},"author":2,"featured_media":10131,"comment_status":"open","ping_status":"open","sticky":false,"template":"","format":"standard","meta":{"footnotes":""},"categories":[4],"tags":[],"class_list":["post-10107","post","type-post","status-publish","format-standard","has-post-thumbnail","hentry","category-deportes"],"yoast_head":"<!-- This site is optimized with the Yoast SEO plugin v27.5 - https:\/\/yoast.com\/product\/yoast-seo-wordpress\/ -->\n<title>Naci\u00f3n entera en euforia: as\u00ed fue el festejo en Marruecos por hist\u00f3rico t\u00edtulo mundial Sub 20 en Chile - Diario El Labrador<\/title>\n<meta name=\"robots\" content=\"index, follow, max-snippet:-1, max-image-preview:large, max-video-preview:-1\" \/>\n<link rel=\"canonical\" href=\"https:\/\/diarioellabrador.cl\/index.php\/2025\/10\/20\/nacion-entera-en-euforia-asi-fue-el-festejo-en-marruecos-por-historico-titulo-mundial-sub-20-en-chile\/\" \/>\n<meta property=\"og:locale\" content=\"es_ES\" \/>\n<meta property=\"og:type\" content=\"article\" \/>\n<meta property=\"og:title\" content=\"Naci\u00f3n entera en euforia: as\u00ed fue el festejo en Marruecos por hist\u00f3rico t\u00edtulo mundial Sub 20 en Chile - Diario El Labrador\" \/>\n<meta property=\"og:description\" content=\"Por primera vez en su historia, Marruecos se consagr\u00f3 campe\u00f3n del mundo en la categor\u00eda Sub 20 al vencer 2-0 a Argentina en una final inolvidable disputada en Chile. Una victoria que no solo qued\u00f3 en la cancha, sino que estall\u00f3 en cada rinc\u00f3n del pa\u00eds magreb\u00ed como un rugido de orgullo y alegr\u00eda. La Leer m\u00e1s\" \/>\n<meta property=\"og:url\" content=\"https:\/\/diarioellabrador.cl\/index.php\/2025\/10\/20\/nacion-entera-en-euforia-asi-fue-el-festejo-en-marruecos-por-historico-titulo-mundial-sub-20-en-chile\/\" \/>\n<meta property=\"og:site_name\" content=\"Diario El Labrador\" \/>\n<meta property=\"article:publisher\" content=\"https:\/\/web.facebook.com\/profile.php?id=61576120840621\" \/>\n<meta property=\"article:published_time\" content=\"2025-10-20T22:43:44+00:00\" \/>\n<meta property=\"article:modified_time\" content=\"2025-10-20T22:43:47+00:00\" \/>\n<meta property=\"og:image\" content=\"https:\/\/diarioellabrador.cl\/wp-content\/uploads\/2025\/10\/Nacion-entera-en-euforia-asi-fue-el-festejo-en-Marruecos-por-historico-titulo-mundial-Sub-20-en-Chile.webp\" \/>\n\t<meta property=\"og:image:width\" content=\"882\" \/>\n\t<meta property=\"og:image:height\" content=\"620\" \/>\n\t<meta property=\"og:image:type\" content=\"image\/webp\" \/>\n<meta name=\"author\" content=\"Editor\" \/>\n<meta name=\"twitter:card\" content=\"summary_large_image\" \/>\n<meta name=\"twitter:creator\" content=\"@ElLabradorOf\" \/>\n<meta name=\"twitter:site\" content=\"@ElLabradorOf\" \/>\n<meta name=\"twitter:label1\" content=\"Escrito por\" \/>\n\t<meta name=\"twitter:data1\" content=\"Editor\" \/>\n\t<meta name=\"twitter:label2\" content=\"Tiempo de lectura\" \/>\n\t<meta name=\"twitter:data2\" content=\"2 minutos\" \/>\n<script type=\"application\/ld+json\" class=\"yoast-schema-graph\">{\"@context\":\"https:\\\/\\\/schema.org\",\"@graph\":[{\"@type\":\"Article\",\"@id\":\"https:\\\/\\\/diarioellabrador.cl\\\/index.php\\\/2025\\\/10\\\/20\\\/nacion-entera-en-euforia-asi-fue-el-festejo-en-marruecos-por-historico-titulo-mundial-sub-20-en-chile\\\/#article\",\"isPartOf\":{\"@id\":\"https:\\\/\\\/diarioellabrador.cl\\\/index.php\\\/2025\\\/10\\\/20\\\/nacion-entera-en-euforia-asi-fue-el-festejo-en-marruecos-por-historico-titulo-mundial-sub-20-en-chile\\\/\"},\"author\":{\"name\":\"Editor\",\"@id\":\"https:\\\/\\\/diarioellabrador.cl\\\/#\\\/schema\\\/person\\\/bc25ff80b4563f9c7f4bd7855df01685\"},\"headline\":\"Naci\u00f3n entera en euforia: as\u00ed fue el festejo en Marruecos por hist\u00f3rico t\u00edtulo mundial Sub 20 en Chile\",\"datePublished\":\"2025-10-20T22:43:44+00:00\",\"dateModified\":\"2025-10-20T22:43:47+00:00\",\"mainEntityOfPage\":{\"@id\":\"https:\\\/\\\/diarioellabrador.cl\\\/index.php\\\/2025\\\/10\\\/20\\\/nacion-entera-en-euforia-asi-fue-el-festejo-en-marruecos-por-historico-titulo-mundial-sub-20-en-chile\\\/\"},\"wordCount\":294,\"commentCount\":0,\"publisher\":{\"@id\":\"https:\\\/\\\/diarioellabrador.cl\\\/#organization\"},\"image\":{\"@id\":\"https:\\\/\\\/diarioellabrador.cl\\\/index.php\\\/2025\\\/10\\\/20\\\/nacion-entera-en-euforia-asi-fue-el-festejo-en-marruecos-por-historico-titulo-mundial-sub-20-en-chile\\\/#primaryimage\"},\"thumbnailUrl\":\"https:\\\/\\\/diarioellabrador.cl\\\/wp-content\\\/uploads\\\/2025\\\/10\\\/Nacion-entera-en-euforia-asi-fue-el-festejo-en-Marruecos-por-historico-titulo-mundial-Sub-20-en-Chile.webp\",\"articleSection\":[\"Deportes\"],\"inLanguage\":\"es\",\"potentialAction\":[{\"@type\":\"CommentAction\",\"name\":\"Comment\",\"target\":[\"https:\\\/\\\/diarioellabrador.cl\\\/index.php\\\/2025\\\/10\\\/20\\\/nacion-entera-en-euforia-asi-fue-el-festejo-en-marruecos-por-historico-titulo-mundial-sub-20-en-chile\\\/#respond\"]}]},{\"@type\":\"WebPage\",\"@id\":\"https:\\\/\\\/diarioellabrador.cl\\\/index.php\\\/2025\\\/10\\\/20\\\/nacion-entera-en-euforia-asi-fue-el-festejo-en-marruecos-por-historico-titulo-mundial-sub-20-en-chile\\\/\",\"url\":\"https:\\\/\\\/diarioellabrador.cl\\\/index.php\\\/2025\\\/10\\\/20\\\/nacion-entera-en-euforia-asi-fue-el-festejo-en-marruecos-por-historico-titulo-mundial-sub-20-en-chile\\\/\",\"name\":\"Naci\u00f3n entera en euforia: as\u00ed fue el festejo en Marruecos por hist\u00f3rico t\u00edtulo mundial Sub 20 en Chile - Diario El Labrador\",\"isPartOf\":{\"@id\":\"https:\\\/\\\/diarioellabrador.cl\\\/#website\"},\"primaryImageOfPage\":{\"@id\":\"https:\\\/\\\/diarioellabrador.cl\\\/index.php\\\/2025\\\/10\\\/20\\\/nacion-entera-en-euforia-asi-fue-el-festejo-en-marruecos-por-historico-titulo-mundial-sub-20-en-chile\\\/#primaryimage\"},\"image\":{\"@id\":\"https:\\\/\\\/diarioellabrador.cl\\\/index.php\\\/2025\\\/10\\\/20\\\/nacion-entera-en-euforia-asi-fue-el-festejo-en-marruecos-por-historico-titulo-mundial-sub-20-en-chile\\\/#primaryimage\"},\"thumbnailUrl\":\"https:\\\/\\\/diarioellabrador.cl\\\/wp-content\\\/uploads\\\/2025\\\/10\\\/Nacion-entera-en-euforia-asi-fue-el-festejo-en-Marruecos-por-historico-titulo-mundial-Sub-20-en-Chile.webp\",\"datePublished\":\"2025-10-20T22:43:44+00:00\",\"dateModified\":\"2025-10-20T22:43:47+00:00\",\"breadcrumb\":{\"@id\":\"https:\\\/\\\/diarioellabrador.cl\\\/index.php\\\/2025\\\/10\\\/20\\\/nacion-entera-en-euforia-asi-fue-el-festejo-en-marruecos-por-historico-titulo-mundial-sub-20-en-chile\\\/#breadcrumb\"},\"inLanguage\":\"es\",\"potentialAction\":[{\"@type\":\"ReadAction\",\"target\":[\"https:\\\/\\\/diarioellabrador.cl\\\/index.php\\\/2025\\\/10\\\/20\\\/nacion-entera-en-euforia-asi-fue-el-festejo-en-marruecos-por-historico-titulo-mundial-sub-20-en-chile\\\/\"]}]},{\"@type\":\"ImageObject\",\"inLanguage\":\"es\",\"@id\":\"https:\\\/\\\/diarioellabrador.cl\\\/index.php\\\/2025\\\/10\\\/20\\\/nacion-entera-en-euforia-asi-fue-el-festejo-en-marruecos-por-historico-titulo-mundial-sub-20-en-chile\\\/#primaryimage\",\"url\":\"https:\\\/\\\/diarioellabrador.cl\\\/wp-content\\\/uploads\\\/2025\\\/10\\\/Nacion-entera-en-euforia-asi-fue-el-festejo-en-Marruecos-por-historico-titulo-mundial-Sub-20-en-Chile.webp\",\"contentUrl\":\"https:\\\/\\\/diarioellabrador.cl\\\/wp-content\\\/uploads\\\/2025\\\/10\\\/Nacion-entera-en-euforia-asi-fue-el-festejo-en-Marruecos-por-historico-titulo-mundial-Sub-20-en-Chile.webp\",\"width\":882,\"height\":620},{\"@type\":\"BreadcrumbList\",\"@id\":\"https:\\\/\\\/diarioellabrador.cl\\\/index.php\\\/2025\\\/10\\\/20\\\/nacion-entera-en-euforia-asi-fue-el-festejo-en-marruecos-por-historico-titulo-mundial-sub-20-en-chile\\\/#breadcrumb\",\"itemListElement\":[{\"@type\":\"ListItem\",\"position\":1,\"name\":\"Portada\",\"item\":\"https:\\\/\\\/diarioellabrador.cl\\\/\"},{\"@type\":\"ListItem\",\"position\":2,\"name\":\"Naci\u00f3n entera en euforia: as\u00ed fue el festejo en Marruecos por hist\u00f3rico t\u00edtulo mundial Sub 20 en Chile\"}]},{\"@type\":\"WebSite\",\"@id\":\"https:\\\/\\\/diarioellabrador.cl\\\/#website\",\"url\":\"https:\\\/\\\/diarioellabrador.cl\\\/\",\"name\":\"Diario El Labrador\",\"description\":\"Haciendo noticia desde 1921\",\"publisher\":{\"@id\":\"https:\\\/\\\/diarioellabrador.cl\\\/#organization\"},\"potentialAction\":[{\"@type\":\"SearchAction\",\"target\":{\"@type\":\"EntryPoint\",\"urlTemplate\":\"https:\\\/\\\/diarioellabrador.cl\\\/?s={search_term_string}\"},\"query-input\":{\"@type\":\"PropertyValueSpecification\",\"valueRequired\":true,\"valueName\":\"search_term_string\"}}],\"inLanguage\":\"es\"},{\"@type\":\"Organization\",\"@id\":\"https:\\\/\\\/diarioellabrador.cl\\\/#organization\",\"name\":\"Diario El Labrador\",\"url\":\"https:\\\/\\\/diarioellabrador.cl\\\/\",\"logo\":{\"@type\":\"ImageObject\",\"inLanguage\":\"es\",\"@id\":\"https:\\\/\\\/diarioellabrador.cl\\\/#\\\/schema\\\/logo\\\/image\\\/\",\"url\":\"https:\\\/\\\/diarioellabrador.cl\\\/wp-content\\\/uploads\\\/2025\\\/02\\\/cropped-Logo-Icono.png\",\"contentUrl\":\"https:\\\/\\\/diarioellabrador.cl\\\/wp-content\\\/uploads\\\/2025\\\/02\\\/cropped-Logo-Icono.png\",\"width\":512,\"height\":512,\"caption\":\"Diario El Labrador\"},\"image\":{\"@id\":\"https:\\\/\\\/diarioellabrador.cl\\\/#\\\/schema\\\/logo\\\/image\\\/\"},\"sameAs\":[\"https:\\\/\\\/web.facebook.com\\\/profile.php?id=61576120840621\",\"https:\\\/\\\/x.com\\\/ElLabradorOf\",\"https:\\\/\\\/www.instagram.com\\\/diarioellabradoroficial\\\/\"]},{\"@type\":\"Person\",\"@id\":\"https:\\\/\\\/diarioellabrador.cl\\\/#\\\/schema\\\/person\\\/bc25ff80b4563f9c7f4bd7855df01685\",\"name\":\"Editor\",\"image\":{\"@type\":\"ImageObject\",\"inLanguage\":\"es\",\"@id\":\"https:\\\/\\\/secure.gravatar.com\\\/avatar\\\/109c326cf2be5c04f048c2c2a2b8b6ef44bf3d8d1d3d4c55d0ac40c4bc994684?s=96&d=mm&r=g\",\"url\":\"https:\\\/\\\/secure.gravatar.com\\\/avatar\\\/109c326cf2be5c04f048c2c2a2b8b6ef44bf3d8d1d3d4c55d0ac40c4bc994684?s=96&d=mm&r=g\",\"contentUrl\":\"https:\\\/\\\/secure.gravatar.com\\\/avatar\\\/109c326cf2be5c04f048c2c2a2b8b6ef44bf3d8d1d3d4c55d0ac40c4bc994684?s=96&d=mm&r=g\",\"caption\":\"Editor\"},\"url\":\"https:\\\/\\\/diarioellabrador.cl\\\/index.php\\\/author\\\/editor\\\/\"}]}<\/script>\n<!-- \/ Yoast SEO plugin. -->","yoast_head_json":{"title":"Naci\u00f3n entera en euforia: as\u00ed fue el festejo en Marruecos por hist\u00f3rico t\u00edtulo mundial Sub 20 en Chile - Diario El Labrador","robots":{"index":"index","follow":"follow","max-snippet":"max-snippet:-1","max-image-preview":"max-image-preview:large","max-video-preview":"max-video-preview:-1"},"canonical":"https:\/\/diarioellabrador.cl\/index.php\/2025\/10\/20\/nacion-entera-en-euforia-asi-fue-el-festejo-en-marruecos-por-historico-titulo-mundial-sub-20-en-chile\/","og_locale":"es_ES","og_type":"article","og_title":"Naci\u00f3n entera en euforia: as\u00ed fue el festejo en Marruecos por hist\u00f3rico t\u00edtulo mundial Sub 20 en Chile - Diario El Labrador","og_description":"Por primera vez en su historia, Marruecos se consagr\u00f3 campe\u00f3n del mundo en la categor\u00eda Sub 20 al vencer 2-0 a Argentina en una final inolvidable disputada en Chile. Una victoria que no solo qued\u00f3 en la cancha, sino que estall\u00f3 en cada rinc\u00f3n del pa\u00eds magreb\u00ed como un rugido de orgullo y alegr\u00eda. La Leer m\u00e1s","og_url":"https:\/\/diarioellabrador.cl\/index.php\/2025\/10\/20\/nacion-entera-en-euforia-asi-fue-el-festejo-en-marruecos-por-historico-titulo-mundial-sub-20-en-chile\/","og_site_name":"Diario El Labrador","article_publisher":"https:\/\/web.facebook.com\/profile.php?id=61576120840621","article_published_time":"2025-10-20T22:43:44+00:00","article_modified_time":"2025-10-20T22:43:47+00:00","og_image":[{"width":882,"height":620,"url":"https:\/\/diarioellabrador.cl\/wp-content\/uploads\/2025\/10\/Nacion-entera-en-euforia-asi-fue-el-festejo-en-Marruecos-por-historico-titulo-mundial-Sub-20-en-Chile.webp","type":"image\/webp"}],"author":"Editor","twitter_card":"summary_large_image","twitter_creator":"@ElLabradorOf","twitter_site":"@ElLabradorOf","twitter_misc":{"Escrito por":"Editor","Tiempo de lectura":"2 minutos"},"schema":{"@context":"https:\/\/schema.org","@graph":[{"@type":"Article","@id":"https:\/\/diarioellabrador.cl\/index.php\/2025\/10\/20\/nacion-entera-en-euforia-asi-fue-el-festejo-en-marruecos-por-historico-titulo-mundial-sub-20-en-chile\/#article","isPartOf":{"@id":"https:\/\/diarioellabrador.cl\/index.php\/2025\/10\/20\/nacion-entera-en-euforia-asi-fue-el-festejo-en-marruecos-por-historico-titulo-mundial-sub-20-en-chile\/"},"author":{"name":"Editor","@id":"https:\/\/diarioellabrador.cl\/#\/schema\/person\/bc25ff80b4563f9c7f4bd7855df01685"},"headline":"Naci\u00f3n entera en euforia: as\u00ed fue el festejo en Marruecos por hist\u00f3rico t\u00edtulo mundial Sub 20 en Chile","datePublished":"2025-10-20T22:43:44+00:00","dateModified":"2025-10-20T22:43:47+00:00","mainEntityOfPage":{"@id":"https:\/\/diarioellabrador.cl\/index.php\/2025\/10\/20\/nacion-entera-en-euforia-asi-fue-el-festejo-en-marruecos-por-historico-titulo-mundial-sub-20-en-chile\/"},"wordCount":294,"commentCount":0,"publisher":{"@id":"https:\/\/diarioellabrador.cl\/#organization"},"image":{"@id":"https:\/\/diarioellabrador.cl\/index.php\/2025\/10\/20\/nacion-entera-en-euforia-asi-fue-el-festejo-en-marruecos-por-historico-titulo-mundial-sub-20-en-chile\/#primaryimage"},"thumbnailUrl":"https:\/\/diarioellabrador.cl\/wp-content\/uploads\/2025\/10\/Nacion-entera-en-euforia-asi-fue-el-festejo-en-Marruecos-por-historico-titulo-mundial-Sub-20-en-Chile.webp","articleSection":["Deportes"],"inLanguage":"es","potentialAction":[{"@type":"CommentAction","name":"Comment","target":["https:\/\/diarioellabrador.cl\/index.php\/2025\/10\/20\/nacion-entera-en-euforia-asi-fue-el-festejo-en-marruecos-por-historico-titulo-mundial-sub-20-en-chile\/#respond"]}]},{"@type":"WebPage","@id":"https:\/\/diarioellabrador.cl\/index.php\/2025\/10\/20\/nacion-entera-en-euforia-asi-fue-el-festejo-en-marruecos-por-historico-titulo-mundial-sub-20-en-chile\/","url":"https:\/\/diarioellabrador.cl\/index.php\/2025\/10\/20\/nacion-entera-en-euforia-asi-fue-el-festejo-en-marruecos-por-historico-titulo-mundial-sub-20-en-chile\/","name":"Naci\u00f3n entera en euforia: as\u00ed fue el festejo en Marruecos por hist\u00f3rico t\u00edtulo mundial Sub 20 en Chile - Diario El Labrador","isPartOf":{"@id":"https:\/\/diarioellabrador.cl\/#website"},"primaryImageOfPage":{"@id":"https:\/\/diarioellabrador.cl\/index.php\/2025\/10\/20\/nacion-entera-en-euforia-asi-fue-el-festejo-en-marruecos-por-historico-titulo-mundial-sub-20-en-chile\/#primaryimage"},"image":{"@id":"https:\/\/diarioellabrador.cl\/index.php\/2025\/10\/20\/nacion-entera-en-euforia-asi-fue-el-festejo-en-marruecos-por-historico-titulo-mundial-sub-20-en-chile\/#primaryimage"},"thumbnailUrl":"https:\/\/diarioellabrador.cl\/wp-content\/uploads\/2025\/10\/Nacion-entera-en-euforia-asi-fue-el-festejo-en-Marruecos-por-historico-titulo-mundial-Sub-20-en-Chile.webp","datePublished":"2025-10-20T22:43:44+00:00","dateModified":"2025-10-20T22:43:47+00:00","breadcrumb":{"@id":"https:\/\/diarioellabrador.cl\/index.php\/2025\/10\/20\/nacion-entera-en-euforia-asi-fue-el-festejo-en-marruecos-por-historico-titulo-mundial-sub-20-en-chile\/#breadcrumb"},"inLanguage":"es","potentialAction":[{"@type":"ReadAction","target":["https:\/\/diarioellabrador.cl\/index.php\/2025\/10\/20\/nacion-entera-en-euforia-asi-fue-el-festejo-en-marruecos-por-historico-titulo-mundial-sub-20-en-chile\/"]}]},{"@type":"ImageObject","inLanguage":"es","@id":"https:\/\/diarioellabrador.cl\/index.php\/2025\/10\/20\/nacion-entera-en-euforia-asi-fue-el-festejo-en-marruecos-por-historico-titulo-mundial-sub-20-en-chile\/#primaryimage","url":"https:\/\/diarioellabrador.cl\/wp-content\/uploads\/2025\/10\/Nacion-entera-en-euforia-asi-fue-el-festejo-en-Marruecos-por-historico-titulo-mundial-Sub-20-en-Chile.webp","contentUrl":"https:\/\/diarioellabrador.cl\/wp-content\/uploads\/2025\/10\/Nacion-entera-en-euforia-asi-fue-el-festejo-en-Marruecos-por-historico-titulo-mundial-Sub-20-en-Chile.webp","width":882,"height":620},{"@type":"BreadcrumbList","@id":"https:\/\/diarioellabrador.cl\/index.php\/2025\/10\/20\/nacion-entera-en-euforia-asi-fue-el-festejo-en-marruecos-por-historico-titulo-mundial-sub-20-en-chile\/#breadcrumb","itemListElement":[{"@type":"ListItem","position":1,"name":"Portada","item":"https:\/\/diarioellabrador.cl\/"},{"@type":"ListItem","position":2,"name":"Naci\u00f3n entera en euforia: as\u00ed fue el festejo en Marruecos por hist\u00f3rico t\u00edtulo mundial Sub 20 en Chile"}]},{"@type":"WebSite","@id":"https:\/\/diarioellabrador.cl\/#website","url":"https:\/\/diarioellabrador.cl\/","name":"Diario El Labrador","description":"Haciendo noticia desde 1921","publisher":{"@id":"https:\/\/diarioellabrador.cl\/#organization"},"potentialAction":[{"@type":"SearchAction","target":{"@type":"EntryPoint","urlTemplate":"https:\/\/diarioellabrador.cl\/?s={search_term_string}"},"query-input":{"@type":"PropertyValueSpecification","valueRequired":true,"valueName":"search_term_string"}}],"inLanguage":"es"},{"@type":"Organization","@id":"https:\/\/diarioellabrador.cl\/#organization","name":"Diario El Labrador","url":"https:\/\/diarioellabrador.cl\/","logo":{"@type":"ImageObject","inLanguage":"es","@id":"https:\/\/diarioellabrador.cl\/#\/schema\/logo\/image\/","url":"https:\/\/diarioellabrador.cl\/wp-content\/uploads\/2025\/02\/cropped-Logo-Icono.png","contentUrl":"https:\/\/diarioellabrador.cl\/wp-content\/uploads\/2025\/02\/cropped-Logo-Icono.png","width":512,"height":512,"caption":"Diario El Labrador"},"image":{"@id":"https:\/\/diarioellabrador.cl\/#\/schema\/logo\/image\/"},"sameAs":["https:\/\/web.facebook.com\/profile.php?id=61576120840621","https:\/\/x.com\/ElLabradorOf","https:\/\/www.instagram.com\/diarioellabradoroficial\/"]},{"@type":"Person","@id":"https:\/\/diarioellabrador.cl\/#\/schema\/person\/bc25ff80b4563f9c7f4bd7855df01685","name":"Editor","image":{"@type":"ImageObject","inLanguage":"es","@id":"https:\/\/secure.gravatar.com\/avatar\/109c326cf2be5c04f048c2c2a2b8b6ef44bf3d8d1d3d4c55d0ac40c4bc994684?s=96&d=mm&r=g","url":"https:\/\/secure.gravatar.com\/avatar\/109c326cf2be5c04f048c2c2a2b8b6ef44bf3d8d1d3d4c55d0ac40c4bc994684?s=96&d=mm&r=g","contentUrl":"https:\/\/secure.gravatar.com\/avatar\/109c326cf2be5c04f048c2c2a2b8b6ef44bf3d8d1d3d4c55d0ac40c4bc994684?s=96&d=mm&r=g","caption":"Editor"},"url":"https:\/\/diarioellabrador.cl\/index.php\/author\/editor\/"}]}},"_links":{"self":[{"href":"https:\/\/diarioellabrador.cl\/index.php\/wp-json\/wp\/v2\/posts\/10107","targetHints":{"allow":["GET"]}}],"collection":[{"href":"https:\/\/diarioellabrador.cl\/index.php\/wp-json\/wp\/v2\/posts"}],"about":[{"href":"https:\/\/diarioellabrador.cl\/index.php\/wp-json\/wp\/v2\/types\/post"}],"author":[{"embeddable":true,"href":"https:\/\/diarioellabrador.cl\/index.php\/wp-json\/wp\/v2\/users\/2"}],"replies":[{"embeddable":true,"href":"https:\/\/diarioellabrador.cl\/index.php\/wp-json\/wp\/v2\/comments?post=10107"}],"version-history":[{"count":1,"href":"https:\/\/diarioellabrador.cl\/index.php\/wp-json\/wp\/v2\/posts\/10107\/revisions"}],"predecessor-version":[{"id":10132,"href":"https:\/\/diarioellabrador.cl\/index.php\/wp-json\/wp\/v2\/posts\/10107\/revisions\/10132"}],"wp:featuredmedia":[{"embeddable":true,"href":"https:\/\/diarioellabrador.cl\/index.php\/wp-json\/wp\/v2\/media\/10131"}],"wp:attachment":[{"href":"https:\/\/diarioellabrador.cl\/index.php\/wp-json\/wp\/v2\/media?parent=10107"}],"wp:term":[{"taxonomy":"category","embeddable":true,"href":"https:\/\/diarioellabrador.cl\/index.php\/wp-json\/wp\/v2\/categories?post=10107"},{"taxonomy":"post_tag","embeddable":true,"href":"https:\/\/diarioellabrador.cl\/index.php\/wp-json\/wp\/v2\/tags?post=10107"}],"curies":[{"name":"wp","href":"https:\/\/api.w.org\/{rel}","templated":true}]}}