{"id":10091,"date":"2025-10-18T16:35:34","date_gmt":"2025-10-18T20:35:34","guid":{"rendered":"https:\/\/diarioellabrador.cl\/?p=10091"},"modified":"2025-10-18T16:35:35","modified_gmt":"2025-10-18T20:35:35","slug":"melipilla-celebra-la-8a-caminata-del-programa-mas-con-foco-en-la-salud-y-bienestar-de-las-personas-mayores","status":"publish","type":"post","link":"https:\/\/diarioellabrador.cl\/index.php\/2025\/10\/18\/melipilla-celebra-la-8a-caminata-del-programa-mas-con-foco-en-la-salud-y-bienestar-de-las-personas-mayores\/","title":{"rendered":"Melipilla celebra la 8\u00aa Caminata del Programa M\u00e1s con foco en la salud y bienestar de las personas mayores"},"content":{"rendered":"\n<p>En el marco del d\u00e9cimo aniversario del Programa M\u00e1s Melipilla, en la ma\u00f1ana del viernes 17,&nbsp;se llev\u00f3 a cabo la octava versi\u00f3n de la caminata que convoca a cientos de personas mayores de la comuna a promover la vida activa, saludable y comunitaria.<\/p>\n\n\n\n<p>La actividad, organizada por la Municipalidad de Melipilla, cont\u00f3 con la participaci\u00f3n de la alcaldesa Paula G\u00e1rate, autoridades locales, profesionales del programa y vecinos, quienes recorrieron las calles con entusiasmo, demostrando que la edad no es un impedimento para el movimiento y la alegr\u00eda.<\/p>\n\n\n\n<p>\u201cEstamos celebrando no solo una caminata, sino tambi\u00e9n diez a\u00f1os de un programa que ha transformado vidas, acompa\u00f1ando y promoviendo el bienestar integral de nuestras personas mayores\u201d, destac\u00f3 la alcaldesa G\u00e1rate durante el evento.<\/p>\n\n\n\n<p>El Programa M\u00e1s, que cuenta con apoyo municipal y financiamiento sostenido, tiene como objetivo central fomentar la actividad f\u00edsica, la integraci\u00f3n social y la salud emocional de los adultos mayores de Melipilla. A trav\u00e9s de talleres, salidas recreativas, acciones comunitarias y acompa\u00f1amiento profesional, el programa se ha convertido en un referente de cuidado y promoci\u00f3n del envejecimiento activo en la regi\u00f3n.<\/p>\n\n\n\n<p>\u201cDesde el municipio reafirmamos nuestro compromiso con quienes son el coraz\u00f3n de nuestra comuna. Cada uno de nosotros tiene a un adulto mayor cercano, y debemos asumir el rol de cuidarlos, acompa\u00f1arlos y valorarlos como se merecen\u201d, agreg\u00f3 la autoridad comunal.<\/p>\n\n\n\n<p>La caminata culmin\u00f3 con actividades recreativas, m\u00fasica en vivo y puntos de hidrataci\u00f3n, en una jornada que estuvo marcada por la alegr\u00eda, la energ\u00eda y el sentido de comunidad.<\/p>\n","protected":false},"excerpt":{"rendered":"<p>En el marco del d\u00e9cimo aniversario del Programa M\u00e1s Melipilla, en la ma\u00f1ana del viernes 17,&nbsp;se llev\u00f3 a cabo la octava versi\u00f3n de la caminata que convoca a cientos de personas mayores de la comuna a promover la vida activa, saludable y comunitaria. La actividad, organizada por la Municipalidad de Melipilla, cont\u00f3 con la participaci\u00f3n<\/p>\n<div class=\"read-more-wrapper\"><a class=\"read-more\" href=\"https:\/\/diarioellabrador.cl\/index.php\/2025\/10\/18\/melipilla-celebra-la-8a-caminata-del-programa-mas-con-foco-en-la-salud-y-bienestar-de-las-personas-mayores\/\" title=\"Leer m\u00e1s\"> <span class=\"button \">Leer m\u00e1s<\/span><\/a><\/div>\n","protected":false},"author":2,"featured_media":10049,"comment_status":"open","ping_status":"open","sticky":false,"template":"","format":"standard","meta":{"footnotes":""},"categories":[1],"tags":[],"class_list":["post-10091","post","type-post","status-publish","format-standard","has-post-thumbnail","hentry","category-cronica"],"yoast_head":"<!-- This site is optimized with the Yoast SEO plugin v27.5 - https:\/\/yoast.com\/product\/yoast-seo-wordpress\/ -->\n<title>Melipilla celebra la 8\u00aa Caminata del Programa M\u00e1s con foco en la salud y bienestar de las personas mayores - Diario El Labrador<\/title>\n<meta name=\"robots\" content=\"index, follow, max-snippet:-1, max-image-preview:large, max-video-preview:-1\" \/>\n<link rel=\"canonical\" href=\"https:\/\/diarioellabrador.cl\/index.php\/2025\/10\/18\/melipilla-celebra-la-8a-caminata-del-programa-mas-con-foco-en-la-salud-y-bienestar-de-las-personas-mayores\/\" \/>\n<meta property=\"og:locale\" content=\"es_ES\" \/>\n<meta property=\"og:type\" content=\"article\" \/>\n<meta property=\"og:title\" content=\"Melipilla celebra la 8\u00aa Caminata del Programa M\u00e1s con foco en la salud y bienestar de las personas mayores - Diario El Labrador\" \/>\n<meta property=\"og:description\" content=\"En el marco del d\u00e9cimo aniversario del Programa M\u00e1s Melipilla, en la ma\u00f1ana del viernes 17,&nbsp;se llev\u00f3 a cabo la octava versi\u00f3n de la caminata que convoca a cientos de personas mayores de la comuna a promover la vida activa, saludable y comunitaria. La actividad, organizada por la Municipalidad de Melipilla, cont\u00f3 con la participaci\u00f3n Leer m\u00e1s\" \/>\n<meta property=\"og:url\" content=\"https:\/\/diarioellabrador.cl\/index.php\/2025\/10\/18\/melipilla-celebra-la-8a-caminata-del-programa-mas-con-foco-en-la-salud-y-bienestar-de-las-personas-mayores\/\" \/>\n<meta property=\"og:site_name\" content=\"Diario El Labrador\" \/>\n<meta property=\"article:publisher\" content=\"https:\/\/web.facebook.com\/profile.php?id=61576120840621\" \/>\n<meta property=\"article:published_time\" content=\"2025-10-18T20:35:34+00:00\" \/>\n<meta property=\"article:modified_time\" content=\"2025-10-18T20:35:35+00:00\" \/>\n<meta property=\"og:image\" content=\"https:\/\/diarioellabrador.cl\/wp-content\/uploads\/2025\/10\/IMG_1424.jpeg\" \/>\n\t<meta property=\"og:image:width\" content=\"1440\" \/>\n\t<meta property=\"og:image:height\" content=\"960\" \/>\n\t<meta property=\"og:image:type\" content=\"image\/jpeg\" \/>\n<meta name=\"author\" content=\"Editor\" \/>\n<meta name=\"twitter:card\" content=\"summary_large_image\" \/>\n<meta name=\"twitter:creator\" content=\"@ElLabradorOf\" \/>\n<meta name=\"twitter:site\" content=\"@ElLabradorOf\" \/>\n<meta name=\"twitter:label1\" content=\"Escrito por\" \/>\n\t<meta name=\"twitter:data1\" content=\"Editor\" \/>\n\t<meta name=\"twitter:label2\" content=\"Tiempo de lectura\" \/>\n\t<meta name=\"twitter:data2\" content=\"2 minutos\" \/>\n<script type=\"application\/ld+json\" class=\"yoast-schema-graph\">{\"@context\":\"https:\\\/\\\/schema.org\",\"@graph\":[{\"@type\":\"Article\",\"@id\":\"https:\\\/\\\/diarioellabrador.cl\\\/index.php\\\/2025\\\/10\\\/18\\\/melipilla-celebra-la-8a-caminata-del-programa-mas-con-foco-en-la-salud-y-bienestar-de-las-personas-mayores\\\/#article\",\"isPartOf\":{\"@id\":\"https:\\\/\\\/diarioellabrador.cl\\\/index.php\\\/2025\\\/10\\\/18\\\/melipilla-celebra-la-8a-caminata-del-programa-mas-con-foco-en-la-salud-y-bienestar-de-las-personas-mayores\\\/\"},\"author\":{\"name\":\"Editor\",\"@id\":\"https:\\\/\\\/diarioellabrador.cl\\\/#\\\/schema\\\/person\\\/bc25ff80b4563f9c7f4bd7855df01685\"},\"headline\":\"Melipilla celebra la 8\u00aa Caminata del Programa M\u00e1s con foco en la salud y bienestar de las personas mayores\",\"datePublished\":\"2025-10-18T20:35:34+00:00\",\"dateModified\":\"2025-10-18T20:35:35+00:00\",\"mainEntityOfPage\":{\"@id\":\"https:\\\/\\\/diarioellabrador.cl\\\/index.php\\\/2025\\\/10\\\/18\\\/melipilla-celebra-la-8a-caminata-del-programa-mas-con-foco-en-la-salud-y-bienestar-de-las-personas-mayores\\\/\"},\"wordCount\":296,\"commentCount\":0,\"publisher\":{\"@id\":\"https:\\\/\\\/diarioellabrador.cl\\\/#organization\"},\"image\":{\"@id\":\"https:\\\/\\\/diarioellabrador.cl\\\/index.php\\\/2025\\\/10\\\/18\\\/melipilla-celebra-la-8a-caminata-del-programa-mas-con-foco-en-la-salud-y-bienestar-de-las-personas-mayores\\\/#primaryimage\"},\"thumbnailUrl\":\"https:\\\/\\\/diarioellabrador.cl\\\/wp-content\\\/uploads\\\/2025\\\/10\\\/IMG_1424.jpeg\",\"articleSection\":[\"Cr\u00f3nica\"],\"inLanguage\":\"es\",\"potentialAction\":[{\"@type\":\"CommentAction\",\"name\":\"Comment\",\"target\":[\"https:\\\/\\\/diarioellabrador.cl\\\/index.php\\\/2025\\\/10\\\/18\\\/melipilla-celebra-la-8a-caminata-del-programa-mas-con-foco-en-la-salud-y-bienestar-de-las-personas-mayores\\\/#respond\"]}]},{\"@type\":\"WebPage\",\"@id\":\"https:\\\/\\\/diarioellabrador.cl\\\/index.php\\\/2025\\\/10\\\/18\\\/melipilla-celebra-la-8a-caminata-del-programa-mas-con-foco-en-la-salud-y-bienestar-de-las-personas-mayores\\\/\",\"url\":\"https:\\\/\\\/diarioellabrador.cl\\\/index.php\\\/2025\\\/10\\\/18\\\/melipilla-celebra-la-8a-caminata-del-programa-mas-con-foco-en-la-salud-y-bienestar-de-las-personas-mayores\\\/\",\"name\":\"Melipilla celebra la 8\u00aa Caminata del Programa M\u00e1s con foco en la salud y bienestar de las personas mayores - Diario El Labrador\",\"isPartOf\":{\"@id\":\"https:\\\/\\\/diarioellabrador.cl\\\/#website\"},\"primaryImageOfPage\":{\"@id\":\"https:\\\/\\\/diarioellabrador.cl\\\/index.php\\\/2025\\\/10\\\/18\\\/melipilla-celebra-la-8a-caminata-del-programa-mas-con-foco-en-la-salud-y-bienestar-de-las-personas-mayores\\\/#primaryimage\"},\"image\":{\"@id\":\"https:\\\/\\\/diarioellabrador.cl\\\/index.php\\\/2025\\\/10\\\/18\\\/melipilla-celebra-la-8a-caminata-del-programa-mas-con-foco-en-la-salud-y-bienestar-de-las-personas-mayores\\\/#primaryimage\"},\"thumbnailUrl\":\"https:\\\/\\\/diarioellabrador.cl\\\/wp-content\\\/uploads\\\/2025\\\/10\\\/IMG_1424.jpeg\",\"datePublished\":\"2025-10-18T20:35:34+00:00\",\"dateModified\":\"2025-10-18T20:35:35+00:00\",\"breadcrumb\":{\"@id\":\"https:\\\/\\\/diarioellabrador.cl\\\/index.php\\\/2025\\\/10\\\/18\\\/melipilla-celebra-la-8a-caminata-del-programa-mas-con-foco-en-la-salud-y-bienestar-de-las-personas-mayores\\\/#breadcrumb\"},\"inLanguage\":\"es\",\"potentialAction\":[{\"@type\":\"ReadAction\",\"target\":[\"https:\\\/\\\/diarioellabrador.cl\\\/index.php\\\/2025\\\/10\\\/18\\\/melipilla-celebra-la-8a-caminata-del-programa-mas-con-foco-en-la-salud-y-bienestar-de-las-personas-mayores\\\/\"]}]},{\"@type\":\"ImageObject\",\"inLanguage\":\"es\",\"@id\":\"https:\\\/\\\/diarioellabrador.cl\\\/index.php\\\/2025\\\/10\\\/18\\\/melipilla-celebra-la-8a-caminata-del-programa-mas-con-foco-en-la-salud-y-bienestar-de-las-personas-mayores\\\/#primaryimage\",\"url\":\"https:\\\/\\\/diarioellabrador.cl\\\/wp-content\\\/uploads\\\/2025\\\/10\\\/IMG_1424.jpeg\",\"contentUrl\":\"https:\\\/\\\/diarioellabrador.cl\\\/wp-content\\\/uploads\\\/2025\\\/10\\\/IMG_1424.jpeg\",\"width\":1440,\"height\":960},{\"@type\":\"BreadcrumbList\",\"@id\":\"https:\\\/\\\/diarioellabrador.cl\\\/index.php\\\/2025\\\/10\\\/18\\\/melipilla-celebra-la-8a-caminata-del-programa-mas-con-foco-en-la-salud-y-bienestar-de-las-personas-mayores\\\/#breadcrumb\",\"itemListElement\":[{\"@type\":\"ListItem\",\"position\":1,\"name\":\"Portada\",\"item\":\"https:\\\/\\\/diarioellabrador.cl\\\/\"},{\"@type\":\"ListItem\",\"position\":2,\"name\":\"Melipilla celebra la 8\u00aa Caminata del Programa M\u00e1s con foco en la salud y bienestar de las personas mayores\"}]},{\"@type\":\"WebSite\",\"@id\":\"https:\\\/\\\/diarioellabrador.cl\\\/#website\",\"url\":\"https:\\\/\\\/diarioellabrador.cl\\\/\",\"name\":\"Diario El Labrador\",\"description\":\"Haciendo noticia desde 1921\",\"publisher\":{\"@id\":\"https:\\\/\\\/diarioellabrador.cl\\\/#organization\"},\"potentialAction\":[{\"@type\":\"SearchAction\",\"target\":{\"@type\":\"EntryPoint\",\"urlTemplate\":\"https:\\\/\\\/diarioellabrador.cl\\\/?s={search_term_string}\"},\"query-input\":{\"@type\":\"PropertyValueSpecification\",\"valueRequired\":true,\"valueName\":\"search_term_string\"}}],\"inLanguage\":\"es\"},{\"@type\":\"Organization\",\"@id\":\"https:\\\/\\\/diarioellabrador.cl\\\/#organization\",\"name\":\"Diario El Labrador\",\"url\":\"https:\\\/\\\/diarioellabrador.cl\\\/\",\"logo\":{\"@type\":\"ImageObject\",\"inLanguage\":\"es\",\"@id\":\"https:\\\/\\\/diarioellabrador.cl\\\/#\\\/schema\\\/logo\\\/image\\\/\",\"url\":\"https:\\\/\\\/diarioellabrador.cl\\\/wp-content\\\/uploads\\\/2025\\\/02\\\/cropped-Logo-Icono.png\",\"contentUrl\":\"https:\\\/\\\/diarioellabrador.cl\\\/wp-content\\\/uploads\\\/2025\\\/02\\\/cropped-Logo-Icono.png\",\"width\":512,\"height\":512,\"caption\":\"Diario El Labrador\"},\"image\":{\"@id\":\"https:\\\/\\\/diarioellabrador.cl\\\/#\\\/schema\\\/logo\\\/image\\\/\"},\"sameAs\":[\"https:\\\/\\\/web.facebook.com\\\/profile.php?id=61576120840621\",\"https:\\\/\\\/x.com\\\/ElLabradorOf\",\"https:\\\/\\\/www.instagram.com\\\/diarioellabradoroficial\\\/\"]},{\"@type\":\"Person\",\"@id\":\"https:\\\/\\\/diarioellabrador.cl\\\/#\\\/schema\\\/person\\\/bc25ff80b4563f9c7f4bd7855df01685\",\"name\":\"Editor\",\"image\":{\"@type\":\"ImageObject\",\"inLanguage\":\"es\",\"@id\":\"https:\\\/\\\/secure.gravatar.com\\\/avatar\\\/109c326cf2be5c04f048c2c2a2b8b6ef44bf3d8d1d3d4c55d0ac40c4bc994684?s=96&d=mm&r=g\",\"url\":\"https:\\\/\\\/secure.gravatar.com\\\/avatar\\\/109c326cf2be5c04f048c2c2a2b8b6ef44bf3d8d1d3d4c55d0ac40c4bc994684?s=96&d=mm&r=g\",\"contentUrl\":\"https:\\\/\\\/secure.gravatar.com\\\/avatar\\\/109c326cf2be5c04f048c2c2a2b8b6ef44bf3d8d1d3d4c55d0ac40c4bc994684?s=96&d=mm&r=g\",\"caption\":\"Editor\"},\"url\":\"https:\\\/\\\/diarioellabrador.cl\\\/index.php\\\/author\\\/editor\\\/\"}]}<\/script>\n<!-- \/ Yoast SEO plugin. -->","yoast_head_json":{"title":"Melipilla celebra la 8\u00aa Caminata del Programa M\u00e1s con foco en la salud y bienestar de las personas mayores - Diario El Labrador","robots":{"index":"index","follow":"follow","max-snippet":"max-snippet:-1","max-image-preview":"max-image-preview:large","max-video-preview":"max-video-preview:-1"},"canonical":"https:\/\/diarioellabrador.cl\/index.php\/2025\/10\/18\/melipilla-celebra-la-8a-caminata-del-programa-mas-con-foco-en-la-salud-y-bienestar-de-las-personas-mayores\/","og_locale":"es_ES","og_type":"article","og_title":"Melipilla celebra la 8\u00aa Caminata del Programa M\u00e1s con foco en la salud y bienestar de las personas mayores - Diario El Labrador","og_description":"En el marco del d\u00e9cimo aniversario del Programa M\u00e1s Melipilla, en la ma\u00f1ana del viernes 17,&nbsp;se llev\u00f3 a cabo la octava versi\u00f3n de la caminata que convoca a cientos de personas mayores de la comuna a promover la vida activa, saludable y comunitaria. La actividad, organizada por la Municipalidad de Melipilla, cont\u00f3 con la participaci\u00f3n Leer m\u00e1s","og_url":"https:\/\/diarioellabrador.cl\/index.php\/2025\/10\/18\/melipilla-celebra-la-8a-caminata-del-programa-mas-con-foco-en-la-salud-y-bienestar-de-las-personas-mayores\/","og_site_name":"Diario El Labrador","article_publisher":"https:\/\/web.facebook.com\/profile.php?id=61576120840621","article_published_time":"2025-10-18T20:35:34+00:00","article_modified_time":"2025-10-18T20:35:35+00:00","og_image":[{"width":1440,"height":960,"url":"https:\/\/diarioellabrador.cl\/wp-content\/uploads\/2025\/10\/IMG_1424.jpeg","type":"image\/jpeg"}],"author":"Editor","twitter_card":"summary_large_image","twitter_creator":"@ElLabradorOf","twitter_site":"@ElLabradorOf","twitter_misc":{"Escrito por":"Editor","Tiempo de lectura":"2 minutos"},"schema":{"@context":"https:\/\/schema.org","@graph":[{"@type":"Article","@id":"https:\/\/diarioellabrador.cl\/index.php\/2025\/10\/18\/melipilla-celebra-la-8a-caminata-del-programa-mas-con-foco-en-la-salud-y-bienestar-de-las-personas-mayores\/#article","isPartOf":{"@id":"https:\/\/diarioellabrador.cl\/index.php\/2025\/10\/18\/melipilla-celebra-la-8a-caminata-del-programa-mas-con-foco-en-la-salud-y-bienestar-de-las-personas-mayores\/"},"author":{"name":"Editor","@id":"https:\/\/diarioellabrador.cl\/#\/schema\/person\/bc25ff80b4563f9c7f4bd7855df01685"},"headline":"Melipilla celebra la 8\u00aa Caminata del Programa M\u00e1s con foco en la salud y bienestar de las personas mayores","datePublished":"2025-10-18T20:35:34+00:00","dateModified":"2025-10-18T20:35:35+00:00","mainEntityOfPage":{"@id":"https:\/\/diarioellabrador.cl\/index.php\/2025\/10\/18\/melipilla-celebra-la-8a-caminata-del-programa-mas-con-foco-en-la-salud-y-bienestar-de-las-personas-mayores\/"},"wordCount":296,"commentCount":0,"publisher":{"@id":"https:\/\/diarioellabrador.cl\/#organization"},"image":{"@id":"https:\/\/diarioellabrador.cl\/index.php\/2025\/10\/18\/melipilla-celebra-la-8a-caminata-del-programa-mas-con-foco-en-la-salud-y-bienestar-de-las-personas-mayores\/#primaryimage"},"thumbnailUrl":"https:\/\/diarioellabrador.cl\/wp-content\/uploads\/2025\/10\/IMG_1424.jpeg","articleSection":["Cr\u00f3nica"],"inLanguage":"es","potentialAction":[{"@type":"CommentAction","name":"Comment","target":["https:\/\/diarioellabrador.cl\/index.php\/2025\/10\/18\/melipilla-celebra-la-8a-caminata-del-programa-mas-con-foco-en-la-salud-y-bienestar-de-las-personas-mayores\/#respond"]}]},{"@type":"WebPage","@id":"https:\/\/diarioellabrador.cl\/index.php\/2025\/10\/18\/melipilla-celebra-la-8a-caminata-del-programa-mas-con-foco-en-la-salud-y-bienestar-de-las-personas-mayores\/","url":"https:\/\/diarioellabrador.cl\/index.php\/2025\/10\/18\/melipilla-celebra-la-8a-caminata-del-programa-mas-con-foco-en-la-salud-y-bienestar-de-las-personas-mayores\/","name":"Melipilla celebra la 8\u00aa Caminata del Programa M\u00e1s con foco en la salud y bienestar de las personas mayores - Diario El Labrador","isPartOf":{"@id":"https:\/\/diarioellabrador.cl\/#website"},"primaryImageOfPage":{"@id":"https:\/\/diarioellabrador.cl\/index.php\/2025\/10\/18\/melipilla-celebra-la-8a-caminata-del-programa-mas-con-foco-en-la-salud-y-bienestar-de-las-personas-mayores\/#primaryimage"},"image":{"@id":"https:\/\/diarioellabrador.cl\/index.php\/2025\/10\/18\/melipilla-celebra-la-8a-caminata-del-programa-mas-con-foco-en-la-salud-y-bienestar-de-las-personas-mayores\/#primaryimage"},"thumbnailUrl":"https:\/\/diarioellabrador.cl\/wp-content\/uploads\/2025\/10\/IMG_1424.jpeg","datePublished":"2025-10-18T20:35:34+00:00","dateModified":"2025-10-18T20:35:35+00:00","breadcrumb":{"@id":"https:\/\/diarioellabrador.cl\/index.php\/2025\/10\/18\/melipilla-celebra-la-8a-caminata-del-programa-mas-con-foco-en-la-salud-y-bienestar-de-las-personas-mayores\/#breadcrumb"},"inLanguage":"es","potentialAction":[{"@type":"ReadAction","target":["https:\/\/diarioellabrador.cl\/index.php\/2025\/10\/18\/melipilla-celebra-la-8a-caminata-del-programa-mas-con-foco-en-la-salud-y-bienestar-de-las-personas-mayores\/"]}]},{"@type":"ImageObject","inLanguage":"es","@id":"https:\/\/diarioellabrador.cl\/index.php\/2025\/10\/18\/melipilla-celebra-la-8a-caminata-del-programa-mas-con-foco-en-la-salud-y-bienestar-de-las-personas-mayores\/#primaryimage","url":"https:\/\/diarioellabrador.cl\/wp-content\/uploads\/2025\/10\/IMG_1424.jpeg","contentUrl":"https:\/\/diarioellabrador.cl\/wp-content\/uploads\/2025\/10\/IMG_1424.jpeg","width":1440,"height":960},{"@type":"BreadcrumbList","@id":"https:\/\/diarioellabrador.cl\/index.php\/2025\/10\/18\/melipilla-celebra-la-8a-caminata-del-programa-mas-con-foco-en-la-salud-y-bienestar-de-las-personas-mayores\/#breadcrumb","itemListElement":[{"@type":"ListItem","position":1,"name":"Portada","item":"https:\/\/diarioellabrador.cl\/"},{"@type":"ListItem","position":2,"name":"Melipilla celebra la 8\u00aa Caminata del Programa M\u00e1s con foco en la salud y bienestar de las personas mayores"}]},{"@type":"WebSite","@id":"https:\/\/diarioellabrador.cl\/#website","url":"https:\/\/diarioellabrador.cl\/","name":"Diario El Labrador","description":"Haciendo noticia desde 1921","publisher":{"@id":"https:\/\/diarioellabrador.cl\/#organization"},"potentialAction":[{"@type":"SearchAction","target":{"@type":"EntryPoint","urlTemplate":"https:\/\/diarioellabrador.cl\/?s={search_term_string}"},"query-input":{"@type":"PropertyValueSpecification","valueRequired":true,"valueName":"search_term_string"}}],"inLanguage":"es"},{"@type":"Organization","@id":"https:\/\/diarioellabrador.cl\/#organization","name":"Diario El Labrador","url":"https:\/\/diarioellabrador.cl\/","logo":{"@type":"ImageObject","inLanguage":"es","@id":"https:\/\/diarioellabrador.cl\/#\/schema\/logo\/image\/","url":"https:\/\/diarioellabrador.cl\/wp-content\/uploads\/2025\/02\/cropped-Logo-Icono.png","contentUrl":"https:\/\/diarioellabrador.cl\/wp-content\/uploads\/2025\/02\/cropped-Logo-Icono.png","width":512,"height":512,"caption":"Diario El Labrador"},"image":{"@id":"https:\/\/diarioellabrador.cl\/#\/schema\/logo\/image\/"},"sameAs":["https:\/\/web.facebook.com\/profile.php?id=61576120840621","https:\/\/x.com\/ElLabradorOf","https:\/\/www.instagram.com\/diarioellabradoroficial\/"]},{"@type":"Person","@id":"https:\/\/diarioellabrador.cl\/#\/schema\/person\/bc25ff80b4563f9c7f4bd7855df01685","name":"Editor","image":{"@type":"ImageObject","inLanguage":"es","@id":"https:\/\/secure.gravatar.com\/avatar\/109c326cf2be5c04f048c2c2a2b8b6ef44bf3d8d1d3d4c55d0ac40c4bc994684?s=96&d=mm&r=g","url":"https:\/\/secure.gravatar.com\/avatar\/109c326cf2be5c04f048c2c2a2b8b6ef44bf3d8d1d3d4c55d0ac40c4bc994684?s=96&d=mm&r=g","contentUrl":"https:\/\/secure.gravatar.com\/avatar\/109c326cf2be5c04f048c2c2a2b8b6ef44bf3d8d1d3d4c55d0ac40c4bc994684?s=96&d=mm&r=g","caption":"Editor"},"url":"https:\/\/diarioellabrador.cl\/index.php\/author\/editor\/"}]}},"_links":{"self":[{"href":"https:\/\/diarioellabrador.cl\/index.php\/wp-json\/wp\/v2\/posts\/10091","targetHints":{"allow":["GET"]}}],"collection":[{"href":"https:\/\/diarioellabrador.cl\/index.php\/wp-json\/wp\/v2\/posts"}],"about":[{"href":"https:\/\/diarioellabrador.cl\/index.php\/wp-json\/wp\/v2\/types\/post"}],"author":[{"embeddable":true,"href":"https:\/\/diarioellabrador.cl\/index.php\/wp-json\/wp\/v2\/users\/2"}],"replies":[{"embeddable":true,"href":"https:\/\/diarioellabrador.cl\/index.php\/wp-json\/wp\/v2\/comments?post=10091"}],"version-history":[{"count":1,"href":"https:\/\/diarioellabrador.cl\/index.php\/wp-json\/wp\/v2\/posts\/10091\/revisions"}],"predecessor-version":[{"id":10092,"href":"https:\/\/diarioellabrador.cl\/index.php\/wp-json\/wp\/v2\/posts\/10091\/revisions\/10092"}],"wp:featuredmedia":[{"embeddable":true,"href":"https:\/\/diarioellabrador.cl\/index.php\/wp-json\/wp\/v2\/media\/10049"}],"wp:attachment":[{"href":"https:\/\/diarioellabrador.cl\/index.php\/wp-json\/wp\/v2\/media?parent=10091"}],"wp:term":[{"taxonomy":"category","embeddable":true,"href":"https:\/\/diarioellabrador.cl\/index.php\/wp-json\/wp\/v2\/categories?post=10091"},{"taxonomy":"post_tag","embeddable":true,"href":"https:\/\/diarioellabrador.cl\/index.php\/wp-json\/wp\/v2\/tags?post=10091"}],"curies":[{"name":"wp","href":"https:\/\/api.w.org\/{rel}","templated":true}]}}