{"id":10087,"date":"2025-10-18T16:34:40","date_gmt":"2025-10-18T20:34:40","guid":{"rendered":"https:\/\/diarioellabrador.cl\/?p=10087"},"modified":"2025-10-18T16:34:40","modified_gmt":"2025-10-18T20:34:40","slug":"nuevo-funcionario-canino-de-carabineros-se-incorpora-a-labores-preventivas-en-el-casco-historico-de-melipilla","status":"publish","type":"post","link":"https:\/\/diarioellabrador.cl\/index.php\/2025\/10\/18\/nuevo-funcionario-canino-de-carabineros-se-incorpora-a-labores-preventivas-en-el-casco-historico-de-melipilla\/","title":{"rendered":"Nuevo funcionario canino de Carabineros se incorpora a labores preventivas en el casco hist\u00f3rico de Melipilla\u00a0"},"content":{"rendered":"\n<p>La comuna de Melipilla cuenta con un nuevo refuerzo en materia de seguridad: se trata de Asgard, un pastor belga y funcionario canino de Carabineros de Chile, quien junto al Sargento 2\u00b0 Salamanca, se integra al equipo de patrullaje preventivo en el casco hist\u00f3rico de la ciudad.<\/p>\n\n\n\n<p>Este binomio policial operar\u00e1 desde la 24\u00aa Comisar\u00eda de Melipilla, con el objetivo de fortalecer la labor de vigilancia y prevenci\u00f3n del delito, as\u00ed como tambi\u00e9n de fomentar una relaci\u00f3n cercana y de confianza entre la comunidad y las fuerzas de orden.&nbsp;<\/p>\n\n\n\n<p>La presencia de Asgard en las calles no solo aportar\u00e1 a la seguridad, sino que tambi\u00e9n ser\u00e1 un nexo positivo con la ciudadan\u00eda, en especial con ni\u00f1os, j\u00f3venes y adultos mayores.<\/p>\n","protected":false},"excerpt":{"rendered":"<p>La comuna de Melipilla cuenta con un nuevo refuerzo en materia de seguridad: se trata de Asgard, un pastor belga y funcionario canino de Carabineros de Chile, quien junto al Sargento 2\u00b0 Salamanca, se integra al equipo de patrullaje preventivo en el casco hist\u00f3rico de la ciudad. Este binomio policial operar\u00e1 desde la 24\u00aa Comisar\u00eda<\/p>\n<div class=\"read-more-wrapper\"><a class=\"read-more\" href=\"https:\/\/diarioellabrador.cl\/index.php\/2025\/10\/18\/nuevo-funcionario-canino-de-carabineros-se-incorpora-a-labores-preventivas-en-el-casco-historico-de-melipilla\/\" title=\"Leer m\u00e1s\"> <span class=\"button \">Leer m\u00e1s<\/span><\/a><\/div>\n","protected":false},"author":2,"featured_media":10048,"comment_status":"open","ping_status":"open","sticky":false,"template":"","format":"standard","meta":{"footnotes":""},"categories":[1],"tags":[],"class_list":["post-10087","post","type-post","status-publish","format-standard","has-post-thumbnail","hentry","category-cronica"],"yoast_head":"<!-- This site is optimized with the Yoast SEO plugin v27.5 - https:\/\/yoast.com\/product\/yoast-seo-wordpress\/ -->\n<title>Nuevo funcionario canino de Carabineros se incorpora a labores preventivas en el casco hist\u00f3rico de Melipilla\u00a0 - Diario El Labrador<\/title>\n<meta name=\"robots\" content=\"index, follow, max-snippet:-1, max-image-preview:large, max-video-preview:-1\" \/>\n<link rel=\"canonical\" href=\"https:\/\/diarioellabrador.cl\/index.php\/2025\/10\/18\/nuevo-funcionario-canino-de-carabineros-se-incorpora-a-labores-preventivas-en-el-casco-historico-de-melipilla\/\" \/>\n<meta property=\"og:locale\" content=\"es_ES\" \/>\n<meta property=\"og:type\" content=\"article\" \/>\n<meta property=\"og:title\" content=\"Nuevo funcionario canino de Carabineros se incorpora a labores preventivas en el casco hist\u00f3rico de Melipilla\u00a0 - Diario El Labrador\" \/>\n<meta property=\"og:description\" content=\"La comuna de Melipilla cuenta con un nuevo refuerzo en materia de seguridad: se trata de Asgard, un pastor belga y funcionario canino de Carabineros de Chile, quien junto al Sargento 2\u00b0 Salamanca, se integra al equipo de patrullaje preventivo en el casco hist\u00f3rico de la ciudad. Este binomio policial operar\u00e1 desde la 24\u00aa Comisar\u00eda Leer m\u00e1s\" \/>\n<meta property=\"og:url\" content=\"https:\/\/diarioellabrador.cl\/index.php\/2025\/10\/18\/nuevo-funcionario-canino-de-carabineros-se-incorpora-a-labores-preventivas-en-el-casco-historico-de-melipilla\/\" \/>\n<meta property=\"og:site_name\" content=\"Diario El Labrador\" \/>\n<meta property=\"article:publisher\" content=\"https:\/\/web.facebook.com\/profile.php?id=61576120840621\" \/>\n<meta property=\"article:published_time\" content=\"2025-10-18T20:34:40+00:00\" \/>\n<meta property=\"og:image\" content=\"https:\/\/diarioellabrador.cl\/wp-content\/uploads\/2025\/10\/IMG_1418.jpeg\" \/>\n\t<meta property=\"og:image:width\" content=\"960\" \/>\n\t<meta property=\"og:image:height\" content=\"640\" \/>\n\t<meta property=\"og:image:type\" content=\"image\/jpeg\" \/>\n<meta name=\"author\" content=\"Editor\" \/>\n<meta name=\"twitter:card\" content=\"summary_large_image\" \/>\n<meta name=\"twitter:creator\" content=\"@ElLabradorOf\" \/>\n<meta name=\"twitter:site\" content=\"@ElLabradorOf\" \/>\n<meta name=\"twitter:label1\" content=\"Escrito por\" \/>\n\t<meta name=\"twitter:data1\" content=\"Editor\" \/>\n\t<meta name=\"twitter:label2\" content=\"Tiempo de lectura\" \/>\n\t<meta name=\"twitter:data2\" content=\"1 minuto\" \/>\n<script type=\"application\/ld+json\" class=\"yoast-schema-graph\">{\"@context\":\"https:\\\/\\\/schema.org\",\"@graph\":[{\"@type\":\"Article\",\"@id\":\"https:\\\/\\\/diarioellabrador.cl\\\/index.php\\\/2025\\\/10\\\/18\\\/nuevo-funcionario-canino-de-carabineros-se-incorpora-a-labores-preventivas-en-el-casco-historico-de-melipilla\\\/#article\",\"isPartOf\":{\"@id\":\"https:\\\/\\\/diarioellabrador.cl\\\/index.php\\\/2025\\\/10\\\/18\\\/nuevo-funcionario-canino-de-carabineros-se-incorpora-a-labores-preventivas-en-el-casco-historico-de-melipilla\\\/\"},\"author\":{\"name\":\"Editor\",\"@id\":\"https:\\\/\\\/diarioellabrador.cl\\\/#\\\/schema\\\/person\\\/bc25ff80b4563f9c7f4bd7855df01685\"},\"headline\":\"Nuevo funcionario canino de Carabineros se incorpora a labores preventivas en el casco hist\u00f3rico de Melipilla\u00a0\",\"datePublished\":\"2025-10-18T20:34:40+00:00\",\"mainEntityOfPage\":{\"@id\":\"https:\\\/\\\/diarioellabrador.cl\\\/index.php\\\/2025\\\/10\\\/18\\\/nuevo-funcionario-canino-de-carabineros-se-incorpora-a-labores-preventivas-en-el-casco-historico-de-melipilla\\\/\"},\"wordCount\":145,\"commentCount\":0,\"publisher\":{\"@id\":\"https:\\\/\\\/diarioellabrador.cl\\\/#organization\"},\"image\":{\"@id\":\"https:\\\/\\\/diarioellabrador.cl\\\/index.php\\\/2025\\\/10\\\/18\\\/nuevo-funcionario-canino-de-carabineros-se-incorpora-a-labores-preventivas-en-el-casco-historico-de-melipilla\\\/#primaryimage\"},\"thumbnailUrl\":\"https:\\\/\\\/diarioellabrador.cl\\\/wp-content\\\/uploads\\\/2025\\\/10\\\/IMG_1418.jpeg\",\"articleSection\":[\"Cr\u00f3nica\"],\"inLanguage\":\"es\",\"potentialAction\":[{\"@type\":\"CommentAction\",\"name\":\"Comment\",\"target\":[\"https:\\\/\\\/diarioellabrador.cl\\\/index.php\\\/2025\\\/10\\\/18\\\/nuevo-funcionario-canino-de-carabineros-se-incorpora-a-labores-preventivas-en-el-casco-historico-de-melipilla\\\/#respond\"]}]},{\"@type\":\"WebPage\",\"@id\":\"https:\\\/\\\/diarioellabrador.cl\\\/index.php\\\/2025\\\/10\\\/18\\\/nuevo-funcionario-canino-de-carabineros-se-incorpora-a-labores-preventivas-en-el-casco-historico-de-melipilla\\\/\",\"url\":\"https:\\\/\\\/diarioellabrador.cl\\\/index.php\\\/2025\\\/10\\\/18\\\/nuevo-funcionario-canino-de-carabineros-se-incorpora-a-labores-preventivas-en-el-casco-historico-de-melipilla\\\/\",\"name\":\"Nuevo funcionario canino de Carabineros se incorpora a labores preventivas en el casco hist\u00f3rico de Melipilla\u00a0 - Diario El Labrador\",\"isPartOf\":{\"@id\":\"https:\\\/\\\/diarioellabrador.cl\\\/#website\"},\"primaryImageOfPage\":{\"@id\":\"https:\\\/\\\/diarioellabrador.cl\\\/index.php\\\/2025\\\/10\\\/18\\\/nuevo-funcionario-canino-de-carabineros-se-incorpora-a-labores-preventivas-en-el-casco-historico-de-melipilla\\\/#primaryimage\"},\"image\":{\"@id\":\"https:\\\/\\\/diarioellabrador.cl\\\/index.php\\\/2025\\\/10\\\/18\\\/nuevo-funcionario-canino-de-carabineros-se-incorpora-a-labores-preventivas-en-el-casco-historico-de-melipilla\\\/#primaryimage\"},\"thumbnailUrl\":\"https:\\\/\\\/diarioellabrador.cl\\\/wp-content\\\/uploads\\\/2025\\\/10\\\/IMG_1418.jpeg\",\"datePublished\":\"2025-10-18T20:34:40+00:00\",\"breadcrumb\":{\"@id\":\"https:\\\/\\\/diarioellabrador.cl\\\/index.php\\\/2025\\\/10\\\/18\\\/nuevo-funcionario-canino-de-carabineros-se-incorpora-a-labores-preventivas-en-el-casco-historico-de-melipilla\\\/#breadcrumb\"},\"inLanguage\":\"es\",\"potentialAction\":[{\"@type\":\"ReadAction\",\"target\":[\"https:\\\/\\\/diarioellabrador.cl\\\/index.php\\\/2025\\\/10\\\/18\\\/nuevo-funcionario-canino-de-carabineros-se-incorpora-a-labores-preventivas-en-el-casco-historico-de-melipilla\\\/\"]}]},{\"@type\":\"ImageObject\",\"inLanguage\":\"es\",\"@id\":\"https:\\\/\\\/diarioellabrador.cl\\\/index.php\\\/2025\\\/10\\\/18\\\/nuevo-funcionario-canino-de-carabineros-se-incorpora-a-labores-preventivas-en-el-casco-historico-de-melipilla\\\/#primaryimage\",\"url\":\"https:\\\/\\\/diarioellabrador.cl\\\/wp-content\\\/uploads\\\/2025\\\/10\\\/IMG_1418.jpeg\",\"contentUrl\":\"https:\\\/\\\/diarioellabrador.cl\\\/wp-content\\\/uploads\\\/2025\\\/10\\\/IMG_1418.jpeg\",\"width\":960,\"height\":640},{\"@type\":\"BreadcrumbList\",\"@id\":\"https:\\\/\\\/diarioellabrador.cl\\\/index.php\\\/2025\\\/10\\\/18\\\/nuevo-funcionario-canino-de-carabineros-se-incorpora-a-labores-preventivas-en-el-casco-historico-de-melipilla\\\/#breadcrumb\",\"itemListElement\":[{\"@type\":\"ListItem\",\"position\":1,\"name\":\"Portada\",\"item\":\"https:\\\/\\\/diarioellabrador.cl\\\/\"},{\"@type\":\"ListItem\",\"position\":2,\"name\":\"Nuevo funcionario canino de Carabineros se incorpora a labores preventivas en el casco hist\u00f3rico de Melipilla\u00a0\"}]},{\"@type\":\"WebSite\",\"@id\":\"https:\\\/\\\/diarioellabrador.cl\\\/#website\",\"url\":\"https:\\\/\\\/diarioellabrador.cl\\\/\",\"name\":\"Diario El Labrador\",\"description\":\"Haciendo noticia desde 1921\",\"publisher\":{\"@id\":\"https:\\\/\\\/diarioellabrador.cl\\\/#organization\"},\"potentialAction\":[{\"@type\":\"SearchAction\",\"target\":{\"@type\":\"EntryPoint\",\"urlTemplate\":\"https:\\\/\\\/diarioellabrador.cl\\\/?s={search_term_string}\"},\"query-input\":{\"@type\":\"PropertyValueSpecification\",\"valueRequired\":true,\"valueName\":\"search_term_string\"}}],\"inLanguage\":\"es\"},{\"@type\":\"Organization\",\"@id\":\"https:\\\/\\\/diarioellabrador.cl\\\/#organization\",\"name\":\"Diario El Labrador\",\"url\":\"https:\\\/\\\/diarioellabrador.cl\\\/\",\"logo\":{\"@type\":\"ImageObject\",\"inLanguage\":\"es\",\"@id\":\"https:\\\/\\\/diarioellabrador.cl\\\/#\\\/schema\\\/logo\\\/image\\\/\",\"url\":\"https:\\\/\\\/diarioellabrador.cl\\\/wp-content\\\/uploads\\\/2025\\\/02\\\/cropped-Logo-Icono.png\",\"contentUrl\":\"https:\\\/\\\/diarioellabrador.cl\\\/wp-content\\\/uploads\\\/2025\\\/02\\\/cropped-Logo-Icono.png\",\"width\":512,\"height\":512,\"caption\":\"Diario El Labrador\"},\"image\":{\"@id\":\"https:\\\/\\\/diarioellabrador.cl\\\/#\\\/schema\\\/logo\\\/image\\\/\"},\"sameAs\":[\"https:\\\/\\\/web.facebook.com\\\/profile.php?id=61576120840621\",\"https:\\\/\\\/x.com\\\/ElLabradorOf\",\"https:\\\/\\\/www.instagram.com\\\/diarioellabradoroficial\\\/\"]},{\"@type\":\"Person\",\"@id\":\"https:\\\/\\\/diarioellabrador.cl\\\/#\\\/schema\\\/person\\\/bc25ff80b4563f9c7f4bd7855df01685\",\"name\":\"Editor\",\"image\":{\"@type\":\"ImageObject\",\"inLanguage\":\"es\",\"@id\":\"https:\\\/\\\/secure.gravatar.com\\\/avatar\\\/109c326cf2be5c04f048c2c2a2b8b6ef44bf3d8d1d3d4c55d0ac40c4bc994684?s=96&d=mm&r=g\",\"url\":\"https:\\\/\\\/secure.gravatar.com\\\/avatar\\\/109c326cf2be5c04f048c2c2a2b8b6ef44bf3d8d1d3d4c55d0ac40c4bc994684?s=96&d=mm&r=g\",\"contentUrl\":\"https:\\\/\\\/secure.gravatar.com\\\/avatar\\\/109c326cf2be5c04f048c2c2a2b8b6ef44bf3d8d1d3d4c55d0ac40c4bc994684?s=96&d=mm&r=g\",\"caption\":\"Editor\"},\"url\":\"https:\\\/\\\/diarioellabrador.cl\\\/index.php\\\/author\\\/editor\\\/\"}]}<\/script>\n<!-- \/ Yoast SEO plugin. -->","yoast_head_json":{"title":"Nuevo funcionario canino de Carabineros se incorpora a labores preventivas en el casco hist\u00f3rico de Melipilla\u00a0 - Diario El Labrador","robots":{"index":"index","follow":"follow","max-snippet":"max-snippet:-1","max-image-preview":"max-image-preview:large","max-video-preview":"max-video-preview:-1"},"canonical":"https:\/\/diarioellabrador.cl\/index.php\/2025\/10\/18\/nuevo-funcionario-canino-de-carabineros-se-incorpora-a-labores-preventivas-en-el-casco-historico-de-melipilla\/","og_locale":"es_ES","og_type":"article","og_title":"Nuevo funcionario canino de Carabineros se incorpora a labores preventivas en el casco hist\u00f3rico de Melipilla\u00a0 - Diario El Labrador","og_description":"La comuna de Melipilla cuenta con un nuevo refuerzo en materia de seguridad: se trata de Asgard, un pastor belga y funcionario canino de Carabineros de Chile, quien junto al Sargento 2\u00b0 Salamanca, se integra al equipo de patrullaje preventivo en el casco hist\u00f3rico de la ciudad. Este binomio policial operar\u00e1 desde la 24\u00aa Comisar\u00eda Leer m\u00e1s","og_url":"https:\/\/diarioellabrador.cl\/index.php\/2025\/10\/18\/nuevo-funcionario-canino-de-carabineros-se-incorpora-a-labores-preventivas-en-el-casco-historico-de-melipilla\/","og_site_name":"Diario El Labrador","article_publisher":"https:\/\/web.facebook.com\/profile.php?id=61576120840621","article_published_time":"2025-10-18T20:34:40+00:00","og_image":[{"width":960,"height":640,"url":"https:\/\/diarioellabrador.cl\/wp-content\/uploads\/2025\/10\/IMG_1418.jpeg","type":"image\/jpeg"}],"author":"Editor","twitter_card":"summary_large_image","twitter_creator":"@ElLabradorOf","twitter_site":"@ElLabradorOf","twitter_misc":{"Escrito por":"Editor","Tiempo de lectura":"1 minuto"},"schema":{"@context":"https:\/\/schema.org","@graph":[{"@type":"Article","@id":"https:\/\/diarioellabrador.cl\/index.php\/2025\/10\/18\/nuevo-funcionario-canino-de-carabineros-se-incorpora-a-labores-preventivas-en-el-casco-historico-de-melipilla\/#article","isPartOf":{"@id":"https:\/\/diarioellabrador.cl\/index.php\/2025\/10\/18\/nuevo-funcionario-canino-de-carabineros-se-incorpora-a-labores-preventivas-en-el-casco-historico-de-melipilla\/"},"author":{"name":"Editor","@id":"https:\/\/diarioellabrador.cl\/#\/schema\/person\/bc25ff80b4563f9c7f4bd7855df01685"},"headline":"Nuevo funcionario canino de Carabineros se incorpora a labores preventivas en el casco hist\u00f3rico de Melipilla\u00a0","datePublished":"2025-10-18T20:34:40+00:00","mainEntityOfPage":{"@id":"https:\/\/diarioellabrador.cl\/index.php\/2025\/10\/18\/nuevo-funcionario-canino-de-carabineros-se-incorpora-a-labores-preventivas-en-el-casco-historico-de-melipilla\/"},"wordCount":145,"commentCount":0,"publisher":{"@id":"https:\/\/diarioellabrador.cl\/#organization"},"image":{"@id":"https:\/\/diarioellabrador.cl\/index.php\/2025\/10\/18\/nuevo-funcionario-canino-de-carabineros-se-incorpora-a-labores-preventivas-en-el-casco-historico-de-melipilla\/#primaryimage"},"thumbnailUrl":"https:\/\/diarioellabrador.cl\/wp-content\/uploads\/2025\/10\/IMG_1418.jpeg","articleSection":["Cr\u00f3nica"],"inLanguage":"es","potentialAction":[{"@type":"CommentAction","name":"Comment","target":["https:\/\/diarioellabrador.cl\/index.php\/2025\/10\/18\/nuevo-funcionario-canino-de-carabineros-se-incorpora-a-labores-preventivas-en-el-casco-historico-de-melipilla\/#respond"]}]},{"@type":"WebPage","@id":"https:\/\/diarioellabrador.cl\/index.php\/2025\/10\/18\/nuevo-funcionario-canino-de-carabineros-se-incorpora-a-labores-preventivas-en-el-casco-historico-de-melipilla\/","url":"https:\/\/diarioellabrador.cl\/index.php\/2025\/10\/18\/nuevo-funcionario-canino-de-carabineros-se-incorpora-a-labores-preventivas-en-el-casco-historico-de-melipilla\/","name":"Nuevo funcionario canino de Carabineros se incorpora a labores preventivas en el casco hist\u00f3rico de Melipilla\u00a0 - Diario El Labrador","isPartOf":{"@id":"https:\/\/diarioellabrador.cl\/#website"},"primaryImageOfPage":{"@id":"https:\/\/diarioellabrador.cl\/index.php\/2025\/10\/18\/nuevo-funcionario-canino-de-carabineros-se-incorpora-a-labores-preventivas-en-el-casco-historico-de-melipilla\/#primaryimage"},"image":{"@id":"https:\/\/diarioellabrador.cl\/index.php\/2025\/10\/18\/nuevo-funcionario-canino-de-carabineros-se-incorpora-a-labores-preventivas-en-el-casco-historico-de-melipilla\/#primaryimage"},"thumbnailUrl":"https:\/\/diarioellabrador.cl\/wp-content\/uploads\/2025\/10\/IMG_1418.jpeg","datePublished":"2025-10-18T20:34:40+00:00","breadcrumb":{"@id":"https:\/\/diarioellabrador.cl\/index.php\/2025\/10\/18\/nuevo-funcionario-canino-de-carabineros-se-incorpora-a-labores-preventivas-en-el-casco-historico-de-melipilla\/#breadcrumb"},"inLanguage":"es","potentialAction":[{"@type":"ReadAction","target":["https:\/\/diarioellabrador.cl\/index.php\/2025\/10\/18\/nuevo-funcionario-canino-de-carabineros-se-incorpora-a-labores-preventivas-en-el-casco-historico-de-melipilla\/"]}]},{"@type":"ImageObject","inLanguage":"es","@id":"https:\/\/diarioellabrador.cl\/index.php\/2025\/10\/18\/nuevo-funcionario-canino-de-carabineros-se-incorpora-a-labores-preventivas-en-el-casco-historico-de-melipilla\/#primaryimage","url":"https:\/\/diarioellabrador.cl\/wp-content\/uploads\/2025\/10\/IMG_1418.jpeg","contentUrl":"https:\/\/diarioellabrador.cl\/wp-content\/uploads\/2025\/10\/IMG_1418.jpeg","width":960,"height":640},{"@type":"BreadcrumbList","@id":"https:\/\/diarioellabrador.cl\/index.php\/2025\/10\/18\/nuevo-funcionario-canino-de-carabineros-se-incorpora-a-labores-preventivas-en-el-casco-historico-de-melipilla\/#breadcrumb","itemListElement":[{"@type":"ListItem","position":1,"name":"Portada","item":"https:\/\/diarioellabrador.cl\/"},{"@type":"ListItem","position":2,"name":"Nuevo funcionario canino de Carabineros se incorpora a labores preventivas en el casco hist\u00f3rico de Melipilla\u00a0"}]},{"@type":"WebSite","@id":"https:\/\/diarioellabrador.cl\/#website","url":"https:\/\/diarioellabrador.cl\/","name":"Diario El Labrador","description":"Haciendo noticia desde 1921","publisher":{"@id":"https:\/\/diarioellabrador.cl\/#organization"},"potentialAction":[{"@type":"SearchAction","target":{"@type":"EntryPoint","urlTemplate":"https:\/\/diarioellabrador.cl\/?s={search_term_string}"},"query-input":{"@type":"PropertyValueSpecification","valueRequired":true,"valueName":"search_term_string"}}],"inLanguage":"es"},{"@type":"Organization","@id":"https:\/\/diarioellabrador.cl\/#organization","name":"Diario El Labrador","url":"https:\/\/diarioellabrador.cl\/","logo":{"@type":"ImageObject","inLanguage":"es","@id":"https:\/\/diarioellabrador.cl\/#\/schema\/logo\/image\/","url":"https:\/\/diarioellabrador.cl\/wp-content\/uploads\/2025\/02\/cropped-Logo-Icono.png","contentUrl":"https:\/\/diarioellabrador.cl\/wp-content\/uploads\/2025\/02\/cropped-Logo-Icono.png","width":512,"height":512,"caption":"Diario El Labrador"},"image":{"@id":"https:\/\/diarioellabrador.cl\/#\/schema\/logo\/image\/"},"sameAs":["https:\/\/web.facebook.com\/profile.php?id=61576120840621","https:\/\/x.com\/ElLabradorOf","https:\/\/www.instagram.com\/diarioellabradoroficial\/"]},{"@type":"Person","@id":"https:\/\/diarioellabrador.cl\/#\/schema\/person\/bc25ff80b4563f9c7f4bd7855df01685","name":"Editor","image":{"@type":"ImageObject","inLanguage":"es","@id":"https:\/\/secure.gravatar.com\/avatar\/109c326cf2be5c04f048c2c2a2b8b6ef44bf3d8d1d3d4c55d0ac40c4bc994684?s=96&d=mm&r=g","url":"https:\/\/secure.gravatar.com\/avatar\/109c326cf2be5c04f048c2c2a2b8b6ef44bf3d8d1d3d4c55d0ac40c4bc994684?s=96&d=mm&r=g","contentUrl":"https:\/\/secure.gravatar.com\/avatar\/109c326cf2be5c04f048c2c2a2b8b6ef44bf3d8d1d3d4c55d0ac40c4bc994684?s=96&d=mm&r=g","caption":"Editor"},"url":"https:\/\/diarioellabrador.cl\/index.php\/author\/editor\/"}]}},"_links":{"self":[{"href":"https:\/\/diarioellabrador.cl\/index.php\/wp-json\/wp\/v2\/posts\/10087","targetHints":{"allow":["GET"]}}],"collection":[{"href":"https:\/\/diarioellabrador.cl\/index.php\/wp-json\/wp\/v2\/posts"}],"about":[{"href":"https:\/\/diarioellabrador.cl\/index.php\/wp-json\/wp\/v2\/types\/post"}],"author":[{"embeddable":true,"href":"https:\/\/diarioellabrador.cl\/index.php\/wp-json\/wp\/v2\/users\/2"}],"replies":[{"embeddable":true,"href":"https:\/\/diarioellabrador.cl\/index.php\/wp-json\/wp\/v2\/comments?post=10087"}],"version-history":[{"count":1,"href":"https:\/\/diarioellabrador.cl\/index.php\/wp-json\/wp\/v2\/posts\/10087\/revisions"}],"predecessor-version":[{"id":10088,"href":"https:\/\/diarioellabrador.cl\/index.php\/wp-json\/wp\/v2\/posts\/10087\/revisions\/10088"}],"wp:featuredmedia":[{"embeddable":true,"href":"https:\/\/diarioellabrador.cl\/index.php\/wp-json\/wp\/v2\/media\/10048"}],"wp:attachment":[{"href":"https:\/\/diarioellabrador.cl\/index.php\/wp-json\/wp\/v2\/media?parent=10087"}],"wp:term":[{"taxonomy":"category","embeddable":true,"href":"https:\/\/diarioellabrador.cl\/index.php\/wp-json\/wp\/v2\/categories?post=10087"},{"taxonomy":"post_tag","embeddable":true,"href":"https:\/\/diarioellabrador.cl\/index.php\/wp-json\/wp\/v2\/tags?post=10087"}],"curies":[{"name":"wp","href":"https:\/\/api.w.org\/{rel}","templated":true}]}}