{"id":10083,"date":"2025-10-18T16:33:38","date_gmt":"2025-10-18T20:33:38","guid":{"rendered":"https:\/\/diarioellabrador.cl\/?p=10083"},"modified":"2025-10-18T16:33:39","modified_gmt":"2025-10-18T20:33:39","slug":"autoridades-fortalecen-coordinacion-interprovincial-e-interregional-ante-la-proxima-temporada-de-incendios-forestales-2025-2026","status":"publish","type":"post","link":"https:\/\/diarioellabrador.cl\/index.php\/2025\/10\/18\/autoridades-fortalecen-coordinacion-interprovincial-e-interregional-ante-la-proxima-temporada-de-incendios-forestales-2025-2026\/","title":{"rendered":"Autoridades fortalecen coordinaci\u00f3n interprovincial e interregional ante la pr\u00f3xima temporada de incendios forestales 2025-2026"},"content":{"rendered":"\n<ul class=\"wp-block-list\">\n<li><strong>En el encuentro participaron los delegados regionales de Valpara\u00edso, Metropolitana y O\u2019Higgins, adem\u00e1s de las Delegaciones Presidenciales Provinciales de San Antonio, Melipilla y Cardenal Caro, junto a SENAPRED, Bomberos de Chile, Carabineros, CONAF, y los municipios de Santo Domingo, San Pedro y Navidad.<\/strong><\/li>\n<\/ul>\n\n\n\n<p>Con el objetivo de fortalecer la preparaci\u00f3n y coordinaci\u00f3n interprovincial de cara a la pr\u00f3xima temporada de incendios forestales 2025-2026, se desarroll\u00f3 en la comuna de Santo Domingo una jornada de trabajo que reuni\u00f3 a equipos de SENAPRED, Bomberos de Chile, CONAF, Carabineros y los municipios de Santo Domingo, San Pedro y Navidad, junto a las Delegaciones Presidenciales Regionales de Valpara\u00edso, O\u2019Higgins y Metropolitana, y las Delegaciones Provinciales de San Antonio, Melipilla y Cardenal Caro.<\/p>\n\n\n\n<p>Durante el encuentro se revisaron y actualizaron los procedimientos de respuesta, mecanismos de comunicaci\u00f3n y medidas de mitigaci\u00f3n en zonas de riesgo compartido entre las tres provincias, con el prop\u00f3sito de resguardar vidas, viviendas y bosques, en beneficio y tranquilidad de las familias rurales, en una jornada que permiti\u00f3 adem\u00e1s presentar el Plan de Coordinaci\u00f3n Interregional de CONAF, conocer las acciones de Bomberos y SENAPRED, as\u00ed avanzar en la consolidaci\u00f3n de un modelo de trabajo que sea replicable en otras regiones del pa\u00eds.<\/p>\n\n\n\n<p>Alicia Cebri\u00e1n L\u00f3pez, Directora Nacional de SENAPRED, valor\u00f3 la instancia. \u201cEsta es una muestra concreta &nbsp;de que -la suma de capacidades y experiencia que existe en las instituciones- va ir fortaleciendo el trabajo que estamos realizando en miras a los incendios forestales. El sistema Nacional de Prevenci\u00f3n y Respuesta ante Desastres se sostiene en base a la coordinaci\u00f3n, esto es una muestra concreta de c\u00f3mo hacer una coordinaci\u00f3n entre tres regiones, donde adem\u00e1s han logrado superar algunas trabas administrativas en t\u00e9rminos en el uso de los recursos en cada uno de los territorios, modelo que a medida que se ha ido fortaleciendo, lo hemos mirado de cerca para poder llevarlo a otras regiones, y qui\u00e9n dice si -en el mediano plazo- poder usarlo en coordinaci\u00f3n a otro tipo de amenazas y no s\u00f3lo incendios forestales\u201d.<\/p>\n\n\n\n<figure class=\"wp-block-image size-large\"><img loading=\"lazy\" decoding=\"async\" width=\"1024\" height=\"768\" src=\"https:\/\/diarioellabrador.cl\/wp-content\/uploads\/2025\/10\/Autoridades-fortalecen-coordinacion-interprovincial-e-interregional-ante-la-proxima-temporada-de-incendios-forestales-2025-2026-3-1024x768.jpg\" alt=\"\" class=\"wp-image-10030\" srcset=\"https:\/\/diarioellabrador.cl\/wp-content\/uploads\/2025\/10\/Autoridades-fortalecen-coordinacion-interprovincial-e-interregional-ante-la-proxima-temporada-de-incendios-forestales-2025-2026-3-1024x768.jpg 1024w, https:\/\/diarioellabrador.cl\/wp-content\/uploads\/2025\/10\/Autoridades-fortalecen-coordinacion-interprovincial-e-interregional-ante-la-proxima-temporada-de-incendios-forestales-2025-2026-3-300x225.jpg 300w, https:\/\/diarioellabrador.cl\/wp-content\/uploads\/2025\/10\/Autoridades-fortalecen-coordinacion-interprovincial-e-interregional-ante-la-proxima-temporada-de-incendios-forestales-2025-2026-3-768x576.jpg 768w, https:\/\/diarioellabrador.cl\/wp-content\/uploads\/2025\/10\/Autoridades-fortalecen-coordinacion-interprovincial-e-interregional-ante-la-proxima-temporada-de-incendios-forestales-2025-2026-3-800x600.jpg 800w, https:\/\/diarioellabrador.cl\/wp-content\/uploads\/2025\/10\/Autoridades-fortalecen-coordinacion-interprovincial-e-interregional-ante-la-proxima-temporada-de-incendios-forestales-2025-2026-3-600x450.jpg 600w, https:\/\/diarioellabrador.cl\/wp-content\/uploads\/2025\/10\/Autoridades-fortalecen-coordinacion-interprovincial-e-interregional-ante-la-proxima-temporada-de-incendios-forestales-2025-2026-3-400x300.jpg 400w, https:\/\/diarioellabrador.cl\/wp-content\/uploads\/2025\/10\/Autoridades-fortalecen-coordinacion-interprovincial-e-interregional-ante-la-proxima-temporada-de-incendios-forestales-2025-2026-3.jpg 1280w\" sizes=\"auto, (max-width: 1024px) 100vw, 1024px\" \/><\/figure>\n\n\n\n<p>Asimismo, el Delegado Presidencial Provincial de Melipilla, Basti\u00e1n Alarc\u00f3n, destac\u00f3 la instancia y el compromiso de las instituciones participantes. \u201cLa inversi\u00f3n que ha hecho el Gobierno del Presidente Gabriel Boric ha sido m\u00e1s del doble de lo que inici\u00f3 en a\u00f1o 2021, con 160 mil millones de pesos para la temporada 2025-2026, que hoy tenemos para reforzar y combatir los incendios forestales. Esto significa que, ahora que tenemos recursos, lo que nos queda es coordinar, aterrizar la pelota, y con todas las instituciones dar el golpe \u00fanico, proteger la flora y la fauna, sobre todo a las comunidades y viviendas que tenemos, tanto en la zona urbana como rurales\u201d.<\/p>\n\n\n\n<p>Por su parte, Elke Huss, Directora Regional de CONAF, destac\u00f3 el car\u00e1cter estrat\u00e9gico de la reuni\u00f3n triprovincial. \u201cEsta instancia en Santo Domingo, encuentro tripartito de las tres regiones y triprovincial, donde confluye un sector denominado \u201czona Quelentaro\u201d, donde nos estamos coordinando entre las distintas instituciones y regiones, para el control y combate de incendio en caso de detectar humo en la zona.&nbsp; Es fundamental el trabajo de coordinaci\u00f3n entre los diversos servicios, instituciones y regiones, para que sea una labor coordinada y efectiva cuando se pueda detectar alg\u00fan humo de incendio en la regi\u00f3n. Se valora todas las autoridades presentes y comprometidas, tanto delegados regionales, provinciales y los distintos servicios, donde el trabajo conjunto es prioritario y fundamental\u201d.<\/p>\n\n\n\n<p>En este aspecto explic\u00f3 que, si ocurre un incendio en cualquiera de las tres provincias, los Cuerpos de Bomberos, brigadas de CONAF y equipos de SENAPRED actuar\u00e1n de manera integrada, sin considerar los l\u00edmites administrativos. Esta estrategia permite responder de forma oportuna y efectiva, fortaleciendo las capacidades de los organismos participantes, evitando la propagaci\u00f3n del fuego y minimizando da\u00f1os en infraestructura, las personas y el medio ambiente.<\/p>\n\n\n\n<p>Finalmente, el Delegado Presidencial Regional Metropolitano, Gonzalo Dur\u00e1n, relev\u00f3 la importancia del encuentro y el compromiso de los distintos servicios e instituciones presentes, destacando que esta articulaci\u00f3n interregional permitir\u00e1 fortalecer la preparaci\u00f3n y la capacidad de respuesta ante emergencias.<\/p>\n\n\n\n<p>\u201cEste esfuerzo da cuenta del compromiso de trabajo interinstitucional e interregional, porque estamos convencidos de que la colaboraci\u00f3n, la coordinaci\u00f3n, permitir\u00e1 generar condiciones propicias para enfrentar eventuales incendios forestales. Pero esto requiere -al mismo tiempo- la coordinaci\u00f3n, colaboraci\u00f3n y compromiso de la ciudadan\u00eda, de manera que, si trabajamos juntos, podremos enfrentar esta temporada de incendios forestales de mejor manera. As\u00ed trabajamos integradamente por regiones m\u00e1s justas, integradas y seguras para todas nuestras vecinas y vecinos\u201d.<\/p>\n\n\n\n<p>En la reuni\u00f3n participaron los Delegados de la Regi\u00f3n Metropolitana, Gonzalo Dur\u00e1n; de Valpara\u00edso, Yanino Riquelme; y O\u2019Higgins Fabio L\u00f3pez; junto a la Directora Nacional de SENAPRED, Alicia Cebrian; Director Ejecutivo de CONAF, Rodrigo Illesca; adem\u00e1s de la Delegada Presidencial de San Antonio, Carolina Quinteros; Delegado de Melipilla, Basti\u00e1n Alarc\u00f3n; y delegada(s) de Cardenal Caro, Marta Pizarro; los alcaldes de Santo Domingo, Fernando Rodr\u00edguez; San Pedro, Manuel Dev\u00eda; y la comuna de Navidad, Yenko Blumen; junto a equipos t\u00e9cnicos de SENAPRED, Bomberos de Chile, Carabineros y CONAF.<\/p>\n","protected":false},"excerpt":{"rendered":"<p>Con el objetivo de fortalecer la preparaci\u00f3n y coordinaci\u00f3n interprovincial de cara a la pr\u00f3xima temporada de incendios forestales 2025-2026, se desarroll\u00f3 en la comuna de Santo Domingo una jornada de trabajo que reuni\u00f3 a equipos de SENAPRED, Bomberos de Chile, CONAF, Carabineros y los municipios de Santo Domingo, San Pedro y Navidad, junto a<\/p>\n<div class=\"read-more-wrapper\"><a class=\"read-more\" href=\"https:\/\/diarioellabrador.cl\/index.php\/2025\/10\/18\/autoridades-fortalecen-coordinacion-interprovincial-e-interregional-ante-la-proxima-temporada-de-incendios-forestales-2025-2026\/\" title=\"Leer m\u00e1s\"> <span class=\"button \">Leer m\u00e1s<\/span><\/a><\/div>\n","protected":false},"author":2,"featured_media":10029,"comment_status":"open","ping_status":"open","sticky":false,"template":"","format":"standard","meta":{"footnotes":""},"categories":[1],"tags":[],"class_list":["post-10083","post","type-post","status-publish","format-standard","has-post-thumbnail","hentry","category-cronica"],"yoast_head":"<!-- This site is optimized with the Yoast SEO plugin v27.5 - https:\/\/yoast.com\/product\/yoast-seo-wordpress\/ -->\n<title>Autoridades fortalecen coordinaci\u00f3n interprovincial e interregional ante la pr\u00f3xima temporada de incendios forestales 2025-2026 - Diario El Labrador<\/title>\n<meta name=\"robots\" content=\"index, follow, max-snippet:-1, max-image-preview:large, max-video-preview:-1\" \/>\n<link rel=\"canonical\" href=\"https:\/\/diarioellabrador.cl\/index.php\/2025\/10\/18\/autoridades-fortalecen-coordinacion-interprovincial-e-interregional-ante-la-proxima-temporada-de-incendios-forestales-2025-2026\/\" \/>\n<meta property=\"og:locale\" content=\"es_ES\" \/>\n<meta property=\"og:type\" content=\"article\" \/>\n<meta property=\"og:title\" content=\"Autoridades fortalecen coordinaci\u00f3n interprovincial e interregional ante la pr\u00f3xima temporada de incendios forestales 2025-2026 - Diario El Labrador\" \/>\n<meta property=\"og:description\" content=\"Con el objetivo de fortalecer la preparaci\u00f3n y coordinaci\u00f3n interprovincial de cara a la pr\u00f3xima temporada de incendios forestales 2025-2026, se desarroll\u00f3 en la comuna de Santo Domingo una jornada de trabajo que reuni\u00f3 a equipos de SENAPRED, Bomberos de Chile, CONAF, Carabineros y los municipios de Santo Domingo, San Pedro y Navidad, junto a Leer m\u00e1s\" \/>\n<meta property=\"og:url\" content=\"https:\/\/diarioellabrador.cl\/index.php\/2025\/10\/18\/autoridades-fortalecen-coordinacion-interprovincial-e-interregional-ante-la-proxima-temporada-de-incendios-forestales-2025-2026\/\" \/>\n<meta property=\"og:site_name\" content=\"Diario El Labrador\" \/>\n<meta property=\"article:publisher\" content=\"https:\/\/web.facebook.com\/profile.php?id=61576120840621\" \/>\n<meta property=\"article:published_time\" content=\"2025-10-18T20:33:38+00:00\" \/>\n<meta property=\"article:modified_time\" content=\"2025-10-18T20:33:39+00:00\" \/>\n<meta property=\"og:image\" content=\"https:\/\/diarioellabrador.cl\/wp-content\/uploads\/2025\/10\/Autoridades-fortalecen-coordinacion-interprovincial-e-interregional-ante-la-proxima-temporada-de-incendios-forestales-2025-2026-1.jpg\" \/>\n\t<meta property=\"og:image:width\" content=\"1217\" \/>\n\t<meta property=\"og:image:height\" content=\"696\" \/>\n\t<meta property=\"og:image:type\" content=\"image\/jpeg\" \/>\n<meta name=\"author\" content=\"Editor\" \/>\n<meta name=\"twitter:card\" content=\"summary_large_image\" \/>\n<meta name=\"twitter:creator\" content=\"@ElLabradorOf\" \/>\n<meta name=\"twitter:site\" content=\"@ElLabradorOf\" \/>\n<meta name=\"twitter:label1\" content=\"Escrito por\" \/>\n\t<meta name=\"twitter:data1\" content=\"Editor\" \/>\n\t<meta name=\"twitter:label2\" content=\"Tiempo de lectura\" \/>\n\t<meta name=\"twitter:data2\" content=\"5 minutos\" \/>\n<script type=\"application\/ld+json\" class=\"yoast-schema-graph\">{\"@context\":\"https:\\\/\\\/schema.org\",\"@graph\":[{\"@type\":\"Article\",\"@id\":\"https:\\\/\\\/diarioellabrador.cl\\\/index.php\\\/2025\\\/10\\\/18\\\/autoridades-fortalecen-coordinacion-interprovincial-e-interregional-ante-la-proxima-temporada-de-incendios-forestales-2025-2026\\\/#article\",\"isPartOf\":{\"@id\":\"https:\\\/\\\/diarioellabrador.cl\\\/index.php\\\/2025\\\/10\\\/18\\\/autoridades-fortalecen-coordinacion-interprovincial-e-interregional-ante-la-proxima-temporada-de-incendios-forestales-2025-2026\\\/\"},\"author\":{\"name\":\"Editor\",\"@id\":\"https:\\\/\\\/diarioellabrador.cl\\\/#\\\/schema\\\/person\\\/bc25ff80b4563f9c7f4bd7855df01685\"},\"headline\":\"Autoridades fortalecen coordinaci\u00f3n interprovincial e interregional ante la pr\u00f3xima temporada de incendios forestales 2025-2026\",\"datePublished\":\"2025-10-18T20:33:38+00:00\",\"dateModified\":\"2025-10-18T20:33:39+00:00\",\"mainEntityOfPage\":{\"@id\":\"https:\\\/\\\/diarioellabrador.cl\\\/index.php\\\/2025\\\/10\\\/18\\\/autoridades-fortalecen-coordinacion-interprovincial-e-interregional-ante-la-proxima-temporada-de-incendios-forestales-2025-2026\\\/\"},\"wordCount\":910,\"commentCount\":0,\"publisher\":{\"@id\":\"https:\\\/\\\/diarioellabrador.cl\\\/#organization\"},\"image\":{\"@id\":\"https:\\\/\\\/diarioellabrador.cl\\\/index.php\\\/2025\\\/10\\\/18\\\/autoridades-fortalecen-coordinacion-interprovincial-e-interregional-ante-la-proxima-temporada-de-incendios-forestales-2025-2026\\\/#primaryimage\"},\"thumbnailUrl\":\"https:\\\/\\\/diarioellabrador.cl\\\/wp-content\\\/uploads\\\/2025\\\/10\\\/Autoridades-fortalecen-coordinacion-interprovincial-e-interregional-ante-la-proxima-temporada-de-incendios-forestales-2025-2026-1.jpg\",\"articleSection\":[\"Cr\u00f3nica\"],\"inLanguage\":\"es\",\"potentialAction\":[{\"@type\":\"CommentAction\",\"name\":\"Comment\",\"target\":[\"https:\\\/\\\/diarioellabrador.cl\\\/index.php\\\/2025\\\/10\\\/18\\\/autoridades-fortalecen-coordinacion-interprovincial-e-interregional-ante-la-proxima-temporada-de-incendios-forestales-2025-2026\\\/#respond\"]}]},{\"@type\":\"WebPage\",\"@id\":\"https:\\\/\\\/diarioellabrador.cl\\\/index.php\\\/2025\\\/10\\\/18\\\/autoridades-fortalecen-coordinacion-interprovincial-e-interregional-ante-la-proxima-temporada-de-incendios-forestales-2025-2026\\\/\",\"url\":\"https:\\\/\\\/diarioellabrador.cl\\\/index.php\\\/2025\\\/10\\\/18\\\/autoridades-fortalecen-coordinacion-interprovincial-e-interregional-ante-la-proxima-temporada-de-incendios-forestales-2025-2026\\\/\",\"name\":\"Autoridades fortalecen coordinaci\u00f3n interprovincial e interregional ante la pr\u00f3xima temporada de incendios forestales 2025-2026 - Diario El Labrador\",\"isPartOf\":{\"@id\":\"https:\\\/\\\/diarioellabrador.cl\\\/#website\"},\"primaryImageOfPage\":{\"@id\":\"https:\\\/\\\/diarioellabrador.cl\\\/index.php\\\/2025\\\/10\\\/18\\\/autoridades-fortalecen-coordinacion-interprovincial-e-interregional-ante-la-proxima-temporada-de-incendios-forestales-2025-2026\\\/#primaryimage\"},\"image\":{\"@id\":\"https:\\\/\\\/diarioellabrador.cl\\\/index.php\\\/2025\\\/10\\\/18\\\/autoridades-fortalecen-coordinacion-interprovincial-e-interregional-ante-la-proxima-temporada-de-incendios-forestales-2025-2026\\\/#primaryimage\"},\"thumbnailUrl\":\"https:\\\/\\\/diarioellabrador.cl\\\/wp-content\\\/uploads\\\/2025\\\/10\\\/Autoridades-fortalecen-coordinacion-interprovincial-e-interregional-ante-la-proxima-temporada-de-incendios-forestales-2025-2026-1.jpg\",\"datePublished\":\"2025-10-18T20:33:38+00:00\",\"dateModified\":\"2025-10-18T20:33:39+00:00\",\"breadcrumb\":{\"@id\":\"https:\\\/\\\/diarioellabrador.cl\\\/index.php\\\/2025\\\/10\\\/18\\\/autoridades-fortalecen-coordinacion-interprovincial-e-interregional-ante-la-proxima-temporada-de-incendios-forestales-2025-2026\\\/#breadcrumb\"},\"inLanguage\":\"es\",\"potentialAction\":[{\"@type\":\"ReadAction\",\"target\":[\"https:\\\/\\\/diarioellabrador.cl\\\/index.php\\\/2025\\\/10\\\/18\\\/autoridades-fortalecen-coordinacion-interprovincial-e-interregional-ante-la-proxima-temporada-de-incendios-forestales-2025-2026\\\/\"]}]},{\"@type\":\"ImageObject\",\"inLanguage\":\"es\",\"@id\":\"https:\\\/\\\/diarioellabrador.cl\\\/index.php\\\/2025\\\/10\\\/18\\\/autoridades-fortalecen-coordinacion-interprovincial-e-interregional-ante-la-proxima-temporada-de-incendios-forestales-2025-2026\\\/#primaryimage\",\"url\":\"https:\\\/\\\/diarioellabrador.cl\\\/wp-content\\\/uploads\\\/2025\\\/10\\\/Autoridades-fortalecen-coordinacion-interprovincial-e-interregional-ante-la-proxima-temporada-de-incendios-forestales-2025-2026-1.jpg\",\"contentUrl\":\"https:\\\/\\\/diarioellabrador.cl\\\/wp-content\\\/uploads\\\/2025\\\/10\\\/Autoridades-fortalecen-coordinacion-interprovincial-e-interregional-ante-la-proxima-temporada-de-incendios-forestales-2025-2026-1.jpg\",\"width\":1217,\"height\":696},{\"@type\":\"BreadcrumbList\",\"@id\":\"https:\\\/\\\/diarioellabrador.cl\\\/index.php\\\/2025\\\/10\\\/18\\\/autoridades-fortalecen-coordinacion-interprovincial-e-interregional-ante-la-proxima-temporada-de-incendios-forestales-2025-2026\\\/#breadcrumb\",\"itemListElement\":[{\"@type\":\"ListItem\",\"position\":1,\"name\":\"Portada\",\"item\":\"https:\\\/\\\/diarioellabrador.cl\\\/\"},{\"@type\":\"ListItem\",\"position\":2,\"name\":\"Autoridades fortalecen coordinaci\u00f3n interprovincial e interregional ante la pr\u00f3xima temporada de incendios forestales 2025-2026\"}]},{\"@type\":\"WebSite\",\"@id\":\"https:\\\/\\\/diarioellabrador.cl\\\/#website\",\"url\":\"https:\\\/\\\/diarioellabrador.cl\\\/\",\"name\":\"Diario El Labrador\",\"description\":\"Haciendo noticia desde 1921\",\"publisher\":{\"@id\":\"https:\\\/\\\/diarioellabrador.cl\\\/#organization\"},\"potentialAction\":[{\"@type\":\"SearchAction\",\"target\":{\"@type\":\"EntryPoint\",\"urlTemplate\":\"https:\\\/\\\/diarioellabrador.cl\\\/?s={search_term_string}\"},\"query-input\":{\"@type\":\"PropertyValueSpecification\",\"valueRequired\":true,\"valueName\":\"search_term_string\"}}],\"inLanguage\":\"es\"},{\"@type\":\"Organization\",\"@id\":\"https:\\\/\\\/diarioellabrador.cl\\\/#organization\",\"name\":\"Diario El Labrador\",\"url\":\"https:\\\/\\\/diarioellabrador.cl\\\/\",\"logo\":{\"@type\":\"ImageObject\",\"inLanguage\":\"es\",\"@id\":\"https:\\\/\\\/diarioellabrador.cl\\\/#\\\/schema\\\/logo\\\/image\\\/\",\"url\":\"https:\\\/\\\/diarioellabrador.cl\\\/wp-content\\\/uploads\\\/2025\\\/02\\\/cropped-Logo-Icono.png\",\"contentUrl\":\"https:\\\/\\\/diarioellabrador.cl\\\/wp-content\\\/uploads\\\/2025\\\/02\\\/cropped-Logo-Icono.png\",\"width\":512,\"height\":512,\"caption\":\"Diario El Labrador\"},\"image\":{\"@id\":\"https:\\\/\\\/diarioellabrador.cl\\\/#\\\/schema\\\/logo\\\/image\\\/\"},\"sameAs\":[\"https:\\\/\\\/web.facebook.com\\\/profile.php?id=61576120840621\",\"https:\\\/\\\/x.com\\\/ElLabradorOf\",\"https:\\\/\\\/www.instagram.com\\\/diarioellabradoroficial\\\/\"]},{\"@type\":\"Person\",\"@id\":\"https:\\\/\\\/diarioellabrador.cl\\\/#\\\/schema\\\/person\\\/bc25ff80b4563f9c7f4bd7855df01685\",\"name\":\"Editor\",\"image\":{\"@type\":\"ImageObject\",\"inLanguage\":\"es\",\"@id\":\"https:\\\/\\\/secure.gravatar.com\\\/avatar\\\/109c326cf2be5c04f048c2c2a2b8b6ef44bf3d8d1d3d4c55d0ac40c4bc994684?s=96&d=mm&r=g\",\"url\":\"https:\\\/\\\/secure.gravatar.com\\\/avatar\\\/109c326cf2be5c04f048c2c2a2b8b6ef44bf3d8d1d3d4c55d0ac40c4bc994684?s=96&d=mm&r=g\",\"contentUrl\":\"https:\\\/\\\/secure.gravatar.com\\\/avatar\\\/109c326cf2be5c04f048c2c2a2b8b6ef44bf3d8d1d3d4c55d0ac40c4bc994684?s=96&d=mm&r=g\",\"caption\":\"Editor\"},\"url\":\"https:\\\/\\\/diarioellabrador.cl\\\/index.php\\\/author\\\/editor\\\/\"}]}<\/script>\n<!-- \/ Yoast SEO plugin. -->","yoast_head_json":{"title":"Autoridades fortalecen coordinaci\u00f3n interprovincial e interregional ante la pr\u00f3xima temporada de incendios forestales 2025-2026 - Diario El Labrador","robots":{"index":"index","follow":"follow","max-snippet":"max-snippet:-1","max-image-preview":"max-image-preview:large","max-video-preview":"max-video-preview:-1"},"canonical":"https:\/\/diarioellabrador.cl\/index.php\/2025\/10\/18\/autoridades-fortalecen-coordinacion-interprovincial-e-interregional-ante-la-proxima-temporada-de-incendios-forestales-2025-2026\/","og_locale":"es_ES","og_type":"article","og_title":"Autoridades fortalecen coordinaci\u00f3n interprovincial e interregional ante la pr\u00f3xima temporada de incendios forestales 2025-2026 - Diario El Labrador","og_description":"Con el objetivo de fortalecer la preparaci\u00f3n y coordinaci\u00f3n interprovincial de cara a la pr\u00f3xima temporada de incendios forestales 2025-2026, se desarroll\u00f3 en la comuna de Santo Domingo una jornada de trabajo que reuni\u00f3 a equipos de SENAPRED, Bomberos de Chile, CONAF, Carabineros y los municipios de Santo Domingo, San Pedro y Navidad, junto a Leer m\u00e1s","og_url":"https:\/\/diarioellabrador.cl\/index.php\/2025\/10\/18\/autoridades-fortalecen-coordinacion-interprovincial-e-interregional-ante-la-proxima-temporada-de-incendios-forestales-2025-2026\/","og_site_name":"Diario El Labrador","article_publisher":"https:\/\/web.facebook.com\/profile.php?id=61576120840621","article_published_time":"2025-10-18T20:33:38+00:00","article_modified_time":"2025-10-18T20:33:39+00:00","og_image":[{"width":1217,"height":696,"url":"https:\/\/diarioellabrador.cl\/wp-content\/uploads\/2025\/10\/Autoridades-fortalecen-coordinacion-interprovincial-e-interregional-ante-la-proxima-temporada-de-incendios-forestales-2025-2026-1.jpg","type":"image\/jpeg"}],"author":"Editor","twitter_card":"summary_large_image","twitter_creator":"@ElLabradorOf","twitter_site":"@ElLabradorOf","twitter_misc":{"Escrito por":"Editor","Tiempo de lectura":"5 minutos"},"schema":{"@context":"https:\/\/schema.org","@graph":[{"@type":"Article","@id":"https:\/\/diarioellabrador.cl\/index.php\/2025\/10\/18\/autoridades-fortalecen-coordinacion-interprovincial-e-interregional-ante-la-proxima-temporada-de-incendios-forestales-2025-2026\/#article","isPartOf":{"@id":"https:\/\/diarioellabrador.cl\/index.php\/2025\/10\/18\/autoridades-fortalecen-coordinacion-interprovincial-e-interregional-ante-la-proxima-temporada-de-incendios-forestales-2025-2026\/"},"author":{"name":"Editor","@id":"https:\/\/diarioellabrador.cl\/#\/schema\/person\/bc25ff80b4563f9c7f4bd7855df01685"},"headline":"Autoridades fortalecen coordinaci\u00f3n interprovincial e interregional ante la pr\u00f3xima temporada de incendios forestales 2025-2026","datePublished":"2025-10-18T20:33:38+00:00","dateModified":"2025-10-18T20:33:39+00:00","mainEntityOfPage":{"@id":"https:\/\/diarioellabrador.cl\/index.php\/2025\/10\/18\/autoridades-fortalecen-coordinacion-interprovincial-e-interregional-ante-la-proxima-temporada-de-incendios-forestales-2025-2026\/"},"wordCount":910,"commentCount":0,"publisher":{"@id":"https:\/\/diarioellabrador.cl\/#organization"},"image":{"@id":"https:\/\/diarioellabrador.cl\/index.php\/2025\/10\/18\/autoridades-fortalecen-coordinacion-interprovincial-e-interregional-ante-la-proxima-temporada-de-incendios-forestales-2025-2026\/#primaryimage"},"thumbnailUrl":"https:\/\/diarioellabrador.cl\/wp-content\/uploads\/2025\/10\/Autoridades-fortalecen-coordinacion-interprovincial-e-interregional-ante-la-proxima-temporada-de-incendios-forestales-2025-2026-1.jpg","articleSection":["Cr\u00f3nica"],"inLanguage":"es","potentialAction":[{"@type":"CommentAction","name":"Comment","target":["https:\/\/diarioellabrador.cl\/index.php\/2025\/10\/18\/autoridades-fortalecen-coordinacion-interprovincial-e-interregional-ante-la-proxima-temporada-de-incendios-forestales-2025-2026\/#respond"]}]},{"@type":"WebPage","@id":"https:\/\/diarioellabrador.cl\/index.php\/2025\/10\/18\/autoridades-fortalecen-coordinacion-interprovincial-e-interregional-ante-la-proxima-temporada-de-incendios-forestales-2025-2026\/","url":"https:\/\/diarioellabrador.cl\/index.php\/2025\/10\/18\/autoridades-fortalecen-coordinacion-interprovincial-e-interregional-ante-la-proxima-temporada-de-incendios-forestales-2025-2026\/","name":"Autoridades fortalecen coordinaci\u00f3n interprovincial e interregional ante la pr\u00f3xima temporada de incendios forestales 2025-2026 - Diario El Labrador","isPartOf":{"@id":"https:\/\/diarioellabrador.cl\/#website"},"primaryImageOfPage":{"@id":"https:\/\/diarioellabrador.cl\/index.php\/2025\/10\/18\/autoridades-fortalecen-coordinacion-interprovincial-e-interregional-ante-la-proxima-temporada-de-incendios-forestales-2025-2026\/#primaryimage"},"image":{"@id":"https:\/\/diarioellabrador.cl\/index.php\/2025\/10\/18\/autoridades-fortalecen-coordinacion-interprovincial-e-interregional-ante-la-proxima-temporada-de-incendios-forestales-2025-2026\/#primaryimage"},"thumbnailUrl":"https:\/\/diarioellabrador.cl\/wp-content\/uploads\/2025\/10\/Autoridades-fortalecen-coordinacion-interprovincial-e-interregional-ante-la-proxima-temporada-de-incendios-forestales-2025-2026-1.jpg","datePublished":"2025-10-18T20:33:38+00:00","dateModified":"2025-10-18T20:33:39+00:00","breadcrumb":{"@id":"https:\/\/diarioellabrador.cl\/index.php\/2025\/10\/18\/autoridades-fortalecen-coordinacion-interprovincial-e-interregional-ante-la-proxima-temporada-de-incendios-forestales-2025-2026\/#breadcrumb"},"inLanguage":"es","potentialAction":[{"@type":"ReadAction","target":["https:\/\/diarioellabrador.cl\/index.php\/2025\/10\/18\/autoridades-fortalecen-coordinacion-interprovincial-e-interregional-ante-la-proxima-temporada-de-incendios-forestales-2025-2026\/"]}]},{"@type":"ImageObject","inLanguage":"es","@id":"https:\/\/diarioellabrador.cl\/index.php\/2025\/10\/18\/autoridades-fortalecen-coordinacion-interprovincial-e-interregional-ante-la-proxima-temporada-de-incendios-forestales-2025-2026\/#primaryimage","url":"https:\/\/diarioellabrador.cl\/wp-content\/uploads\/2025\/10\/Autoridades-fortalecen-coordinacion-interprovincial-e-interregional-ante-la-proxima-temporada-de-incendios-forestales-2025-2026-1.jpg","contentUrl":"https:\/\/diarioellabrador.cl\/wp-content\/uploads\/2025\/10\/Autoridades-fortalecen-coordinacion-interprovincial-e-interregional-ante-la-proxima-temporada-de-incendios-forestales-2025-2026-1.jpg","width":1217,"height":696},{"@type":"BreadcrumbList","@id":"https:\/\/diarioellabrador.cl\/index.php\/2025\/10\/18\/autoridades-fortalecen-coordinacion-interprovincial-e-interregional-ante-la-proxima-temporada-de-incendios-forestales-2025-2026\/#breadcrumb","itemListElement":[{"@type":"ListItem","position":1,"name":"Portada","item":"https:\/\/diarioellabrador.cl\/"},{"@type":"ListItem","position":2,"name":"Autoridades fortalecen coordinaci\u00f3n interprovincial e interregional ante la pr\u00f3xima temporada de incendios forestales 2025-2026"}]},{"@type":"WebSite","@id":"https:\/\/diarioellabrador.cl\/#website","url":"https:\/\/diarioellabrador.cl\/","name":"Diario El Labrador","description":"Haciendo noticia desde 1921","publisher":{"@id":"https:\/\/diarioellabrador.cl\/#organization"},"potentialAction":[{"@type":"SearchAction","target":{"@type":"EntryPoint","urlTemplate":"https:\/\/diarioellabrador.cl\/?s={search_term_string}"},"query-input":{"@type":"PropertyValueSpecification","valueRequired":true,"valueName":"search_term_string"}}],"inLanguage":"es"},{"@type":"Organization","@id":"https:\/\/diarioellabrador.cl\/#organization","name":"Diario El Labrador","url":"https:\/\/diarioellabrador.cl\/","logo":{"@type":"ImageObject","inLanguage":"es","@id":"https:\/\/diarioellabrador.cl\/#\/schema\/logo\/image\/","url":"https:\/\/diarioellabrador.cl\/wp-content\/uploads\/2025\/02\/cropped-Logo-Icono.png","contentUrl":"https:\/\/diarioellabrador.cl\/wp-content\/uploads\/2025\/02\/cropped-Logo-Icono.png","width":512,"height":512,"caption":"Diario El Labrador"},"image":{"@id":"https:\/\/diarioellabrador.cl\/#\/schema\/logo\/image\/"},"sameAs":["https:\/\/web.facebook.com\/profile.php?id=61576120840621","https:\/\/x.com\/ElLabradorOf","https:\/\/www.instagram.com\/diarioellabradoroficial\/"]},{"@type":"Person","@id":"https:\/\/diarioellabrador.cl\/#\/schema\/person\/bc25ff80b4563f9c7f4bd7855df01685","name":"Editor","image":{"@type":"ImageObject","inLanguage":"es","@id":"https:\/\/secure.gravatar.com\/avatar\/109c326cf2be5c04f048c2c2a2b8b6ef44bf3d8d1d3d4c55d0ac40c4bc994684?s=96&d=mm&r=g","url":"https:\/\/secure.gravatar.com\/avatar\/109c326cf2be5c04f048c2c2a2b8b6ef44bf3d8d1d3d4c55d0ac40c4bc994684?s=96&d=mm&r=g","contentUrl":"https:\/\/secure.gravatar.com\/avatar\/109c326cf2be5c04f048c2c2a2b8b6ef44bf3d8d1d3d4c55d0ac40c4bc994684?s=96&d=mm&r=g","caption":"Editor"},"url":"https:\/\/diarioellabrador.cl\/index.php\/author\/editor\/"}]}},"_links":{"self":[{"href":"https:\/\/diarioellabrador.cl\/index.php\/wp-json\/wp\/v2\/posts\/10083","targetHints":{"allow":["GET"]}}],"collection":[{"href":"https:\/\/diarioellabrador.cl\/index.php\/wp-json\/wp\/v2\/posts"}],"about":[{"href":"https:\/\/diarioellabrador.cl\/index.php\/wp-json\/wp\/v2\/types\/post"}],"author":[{"embeddable":true,"href":"https:\/\/diarioellabrador.cl\/index.php\/wp-json\/wp\/v2\/users\/2"}],"replies":[{"embeddable":true,"href":"https:\/\/diarioellabrador.cl\/index.php\/wp-json\/wp\/v2\/comments?post=10083"}],"version-history":[{"count":1,"href":"https:\/\/diarioellabrador.cl\/index.php\/wp-json\/wp\/v2\/posts\/10083\/revisions"}],"predecessor-version":[{"id":10084,"href":"https:\/\/diarioellabrador.cl\/index.php\/wp-json\/wp\/v2\/posts\/10083\/revisions\/10084"}],"wp:featuredmedia":[{"embeddable":true,"href":"https:\/\/diarioellabrador.cl\/index.php\/wp-json\/wp\/v2\/media\/10029"}],"wp:attachment":[{"href":"https:\/\/diarioellabrador.cl\/index.php\/wp-json\/wp\/v2\/media?parent=10083"}],"wp:term":[{"taxonomy":"category","embeddable":true,"href":"https:\/\/diarioellabrador.cl\/index.php\/wp-json\/wp\/v2\/categories?post=10083"},{"taxonomy":"post_tag","embeddable":true,"href":"https:\/\/diarioellabrador.cl\/index.php\/wp-json\/wp\/v2\/tags?post=10083"}],"curies":[{"name":"wp","href":"https:\/\/api.w.org\/{rel}","templated":true}]}}