{"id":10079,"date":"2025-10-18T16:31:47","date_gmt":"2025-10-18T20:31:47","guid":{"rendered":"https:\/\/diarioellabrador.cl\/?p=10079"},"modified":"2025-10-18T16:31:47","modified_gmt":"2025-10-18T20:31:47","slug":"colegios-de-la-corporacion-san-agustin-capacita-a-sus-trabajadores-en-reanimacion-cardiopulmonar-basico-o-v-a-c-e-y-uso-del-d-e-a-desfibrilador-externo-automatico","status":"publish","type":"post","link":"https:\/\/diarioellabrador.cl\/index.php\/2025\/10\/18\/colegios-de-la-corporacion-san-agustin-capacita-a-sus-trabajadores-en-reanimacion-cardiopulmonar-basico-o-v-a-c-e-y-uso-del-d-e-a-desfibrilador-externo-automatico\/","title":{"rendered":"Colegios de la Corporaci\u00f3n San Agust\u00edn capacita a sus trabajadores en reanimaci\u00f3n cardiopulmonar b\u00e1sico. O.V.A.C.E. y uso del D.E.A. (Desfibrilador Externo Autom\u00e1tico)"},"content":{"rendered":"\n<p>C\u00f3mo es del conocimiento de todos, la principal causa de muerte en chile y el mundo son las patolog\u00edas cardiovasculares&nbsp;y ataques cerebrovasculares. es por esta raz\u00f3n que personal&nbsp;de la Corporaci\u00f3n san Agust\u00edn se capacitaron en <strong>Reanimaci\u00f3n Cardiopulmonar B\u00e1sico. O.V.A.C.E. (obstrucci\u00f3n de la v\u00eda a\u00e9rea por cuerpo extra\u00f1o) y uso del D.E.A. (Desfibrilador Externo Autom\u00e1tico) es importante se\u00f1alar que se aprob\u00f3 la ley 21.156 que dice relaci\u00f3n con que todos los lugares con alta afluencia de p\u00fablico deben contar con equipos desfibriladores, indispensables a la hora de un paro cardiorrespiratorio.<\/strong><\/p>\n\n\n\n<p>Lugares como centros comerciales, <strong>colegios<\/strong>, hoteles, moteles, centros deportivos, gimnasios, terminales de buses entre otros<strong> deben por ley disponer de estos equipos y capacitar al personal en reanimaci\u00f3n cardiopulmonar b\u00e1sico y uso del D.E.A.<\/strong><\/p>\n\n\n\n<p><strong>L<\/strong>a actividad se realiz\u00f3 el d\u00eda mi\u00e9rcoles 15 de octubre y fue coordinada y gestionada por directivos de la corporaci\u00f3n y la profesora Mar\u00eda Jos\u00e9 Vallejos con el Sr. Juan Carlos P\u00e9rez t\u00e9cnico param\u00e9dico de urgencias del SAMU Metropolitano, quien fue el coordinador e instructor del curso y quien dispone de estos equipos D.E.A. (contacto +569-78809302 correo jcperezd@gmail.com).<\/p>\n\n\n\n<p>Sin duda que el tiempo de reacci\u00f3n juega un papel muy importante&nbsp;y saber reanimar es fundamental, as\u00ed como tambi\u00e9n contar con equipos desfibriladores autom\u00e1ticos (D.E.A.) son parte vital de la cadena de sobrevida e indispensables a la hora de un paro cardiorrespiratorio.&nbsp;<\/p>\n","protected":false},"excerpt":{"rendered":"<p>C\u00f3mo es del conocimiento de todos, la principal causa de muerte en chile y el mundo son las patolog\u00edas cardiovasculares&nbsp;y ataques cerebrovasculares. es por esta raz\u00f3n que personal&nbsp;de la Corporaci\u00f3n san Agust\u00edn se capacitaron en Reanimaci\u00f3n Cardiopulmonar B\u00e1sico. O.V.A.C.E. (obstrucci\u00f3n de la v\u00eda a\u00e9rea por cuerpo extra\u00f1o) y uso del D.E.A. (Desfibrilador Externo Autom\u00e1tico) es<\/p>\n<div class=\"read-more-wrapper\"><a class=\"read-more\" href=\"https:\/\/diarioellabrador.cl\/index.php\/2025\/10\/18\/colegios-de-la-corporacion-san-agustin-capacita-a-sus-trabajadores-en-reanimacion-cardiopulmonar-basico-o-v-a-c-e-y-uso-del-d-e-a-desfibrilador-externo-automatico\/\" title=\"Leer m\u00e1s\"> <span class=\"button \">Leer m\u00e1s<\/span><\/a><\/div>\n","protected":false},"author":2,"featured_media":10033,"comment_status":"open","ping_status":"open","sticky":false,"template":"","format":"standard","meta":{"footnotes":""},"categories":[1],"tags":[],"class_list":["post-10079","post","type-post","status-publish","format-standard","has-post-thumbnail","hentry","category-cronica"],"yoast_head":"<!-- This site is optimized with the Yoast SEO plugin v27.5 - https:\/\/yoast.com\/product\/yoast-seo-wordpress\/ -->\n<title>Colegios de la Corporaci\u00f3n San Agust\u00edn capacita a sus trabajadores en reanimaci\u00f3n cardiopulmonar b\u00e1sico. O.V.A.C.E. y uso del D.E.A. (Desfibrilador Externo Autom\u00e1tico) - Diario El Labrador<\/title>\n<meta name=\"robots\" content=\"index, follow, max-snippet:-1, max-image-preview:large, max-video-preview:-1\" \/>\n<link rel=\"canonical\" href=\"https:\/\/diarioellabrador.cl\/index.php\/2025\/10\/18\/colegios-de-la-corporacion-san-agustin-capacita-a-sus-trabajadores-en-reanimacion-cardiopulmonar-basico-o-v-a-c-e-y-uso-del-d-e-a-desfibrilador-externo-automatico\/\" \/>\n<meta property=\"og:locale\" content=\"es_ES\" \/>\n<meta property=\"og:type\" content=\"article\" \/>\n<meta property=\"og:title\" content=\"Colegios de la Corporaci\u00f3n San Agust\u00edn capacita a sus trabajadores en reanimaci\u00f3n cardiopulmonar b\u00e1sico. O.V.A.C.E. y uso del D.E.A. (Desfibrilador Externo Autom\u00e1tico) - Diario El Labrador\" \/>\n<meta property=\"og:description\" content=\"C\u00f3mo es del conocimiento de todos, la principal causa de muerte en chile y el mundo son las patolog\u00edas cardiovasculares&nbsp;y ataques cerebrovasculares. es por esta raz\u00f3n que personal&nbsp;de la Corporaci\u00f3n san Agust\u00edn se capacitaron en Reanimaci\u00f3n Cardiopulmonar B\u00e1sico. O.V.A.C.E. (obstrucci\u00f3n de la v\u00eda a\u00e9rea por cuerpo extra\u00f1o) y uso del D.E.A. (Desfibrilador Externo Autom\u00e1tico) es Leer m\u00e1s\" \/>\n<meta property=\"og:url\" content=\"https:\/\/diarioellabrador.cl\/index.php\/2025\/10\/18\/colegios-de-la-corporacion-san-agustin-capacita-a-sus-trabajadores-en-reanimacion-cardiopulmonar-basico-o-v-a-c-e-y-uso-del-d-e-a-desfibrilador-externo-automatico\/\" \/>\n<meta property=\"og:site_name\" content=\"Diario El Labrador\" \/>\n<meta property=\"article:publisher\" content=\"https:\/\/web.facebook.com\/profile.php?id=61576120840621\" \/>\n<meta property=\"article:published_time\" content=\"2025-10-18T20:31:47+00:00\" \/>\n<meta property=\"og:image\" content=\"https:\/\/diarioellabrador.cl\/wp-content\/uploads\/2025\/10\/Colegios-de-la-Corporacion-San-Agustin-capacita-a-sus-trabajadores-en-reanimacion-cardiopulmonar-basico.-O.V.A.C.E.-y-uso-del-D.E.A.-Desfibrilador-Externo-Automatico-1.jpg\" \/>\n\t<meta property=\"og:image:width\" content=\"716\" \/>\n\t<meta property=\"og:image:height\" content=\"535\" \/>\n\t<meta property=\"og:image:type\" content=\"image\/jpeg\" \/>\n<meta name=\"author\" content=\"Editor\" \/>\n<meta name=\"twitter:card\" content=\"summary_large_image\" \/>\n<meta name=\"twitter:creator\" content=\"@ElLabradorOf\" \/>\n<meta name=\"twitter:site\" content=\"@ElLabradorOf\" \/>\n<meta name=\"twitter:label1\" content=\"Escrito por\" \/>\n\t<meta name=\"twitter:data1\" content=\"Editor\" \/>\n\t<meta name=\"twitter:label2\" content=\"Tiempo de lectura\" \/>\n\t<meta name=\"twitter:data2\" content=\"2 minutos\" \/>\n<script type=\"application\/ld+json\" class=\"yoast-schema-graph\">{\"@context\":\"https:\\\/\\\/schema.org\",\"@graph\":[{\"@type\":\"Article\",\"@id\":\"https:\\\/\\\/diarioellabrador.cl\\\/index.php\\\/2025\\\/10\\\/18\\\/colegios-de-la-corporacion-san-agustin-capacita-a-sus-trabajadores-en-reanimacion-cardiopulmonar-basico-o-v-a-c-e-y-uso-del-d-e-a-desfibrilador-externo-automatico\\\/#article\",\"isPartOf\":{\"@id\":\"https:\\\/\\\/diarioellabrador.cl\\\/index.php\\\/2025\\\/10\\\/18\\\/colegios-de-la-corporacion-san-agustin-capacita-a-sus-trabajadores-en-reanimacion-cardiopulmonar-basico-o-v-a-c-e-y-uso-del-d-e-a-desfibrilador-externo-automatico\\\/\"},\"author\":{\"name\":\"Editor\",\"@id\":\"https:\\\/\\\/diarioellabrador.cl\\\/#\\\/schema\\\/person\\\/bc25ff80b4563f9c7f4bd7855df01685\"},\"headline\":\"Colegios de la Corporaci\u00f3n San Agust\u00edn capacita a sus trabajadores en reanimaci\u00f3n cardiopulmonar b\u00e1sico. O.V.A.C.E. y uso del D.E.A. (Desfibrilador Externo Autom\u00e1tico)\",\"datePublished\":\"2025-10-18T20:31:47+00:00\",\"mainEntityOfPage\":{\"@id\":\"https:\\\/\\\/diarioellabrador.cl\\\/index.php\\\/2025\\\/10\\\/18\\\/colegios-de-la-corporacion-san-agustin-capacita-a-sus-trabajadores-en-reanimacion-cardiopulmonar-basico-o-v-a-c-e-y-uso-del-d-e-a-desfibrilador-externo-automatico\\\/\"},\"wordCount\":302,\"commentCount\":0,\"publisher\":{\"@id\":\"https:\\\/\\\/diarioellabrador.cl\\\/#organization\"},\"image\":{\"@id\":\"https:\\\/\\\/diarioellabrador.cl\\\/index.php\\\/2025\\\/10\\\/18\\\/colegios-de-la-corporacion-san-agustin-capacita-a-sus-trabajadores-en-reanimacion-cardiopulmonar-basico-o-v-a-c-e-y-uso-del-d-e-a-desfibrilador-externo-automatico\\\/#primaryimage\"},\"thumbnailUrl\":\"https:\\\/\\\/diarioellabrador.cl\\\/wp-content\\\/uploads\\\/2025\\\/10\\\/Colegios-de-la-Corporacion-San-Agustin-capacita-a-sus-trabajadores-en-reanimacion-cardiopulmonar-basico.-O.V.A.C.E.-y-uso-del-D.E.A.-Desfibrilador-Externo-Automatico-1.jpg\",\"articleSection\":[\"Cr\u00f3nica\"],\"inLanguage\":\"es\",\"potentialAction\":[{\"@type\":\"CommentAction\",\"name\":\"Comment\",\"target\":[\"https:\\\/\\\/diarioellabrador.cl\\\/index.php\\\/2025\\\/10\\\/18\\\/colegios-de-la-corporacion-san-agustin-capacita-a-sus-trabajadores-en-reanimacion-cardiopulmonar-basico-o-v-a-c-e-y-uso-del-d-e-a-desfibrilador-externo-automatico\\\/#respond\"]}]},{\"@type\":\"WebPage\",\"@id\":\"https:\\\/\\\/diarioellabrador.cl\\\/index.php\\\/2025\\\/10\\\/18\\\/colegios-de-la-corporacion-san-agustin-capacita-a-sus-trabajadores-en-reanimacion-cardiopulmonar-basico-o-v-a-c-e-y-uso-del-d-e-a-desfibrilador-externo-automatico\\\/\",\"url\":\"https:\\\/\\\/diarioellabrador.cl\\\/index.php\\\/2025\\\/10\\\/18\\\/colegios-de-la-corporacion-san-agustin-capacita-a-sus-trabajadores-en-reanimacion-cardiopulmonar-basico-o-v-a-c-e-y-uso-del-d-e-a-desfibrilador-externo-automatico\\\/\",\"name\":\"Colegios de la Corporaci\u00f3n San Agust\u00edn capacita a sus trabajadores en reanimaci\u00f3n cardiopulmonar b\u00e1sico. O.V.A.C.E. y uso del D.E.A. (Desfibrilador Externo Autom\u00e1tico) - Diario El Labrador\",\"isPartOf\":{\"@id\":\"https:\\\/\\\/diarioellabrador.cl\\\/#website\"},\"primaryImageOfPage\":{\"@id\":\"https:\\\/\\\/diarioellabrador.cl\\\/index.php\\\/2025\\\/10\\\/18\\\/colegios-de-la-corporacion-san-agustin-capacita-a-sus-trabajadores-en-reanimacion-cardiopulmonar-basico-o-v-a-c-e-y-uso-del-d-e-a-desfibrilador-externo-automatico\\\/#primaryimage\"},\"image\":{\"@id\":\"https:\\\/\\\/diarioellabrador.cl\\\/index.php\\\/2025\\\/10\\\/18\\\/colegios-de-la-corporacion-san-agustin-capacita-a-sus-trabajadores-en-reanimacion-cardiopulmonar-basico-o-v-a-c-e-y-uso-del-d-e-a-desfibrilador-externo-automatico\\\/#primaryimage\"},\"thumbnailUrl\":\"https:\\\/\\\/diarioellabrador.cl\\\/wp-content\\\/uploads\\\/2025\\\/10\\\/Colegios-de-la-Corporacion-San-Agustin-capacita-a-sus-trabajadores-en-reanimacion-cardiopulmonar-basico.-O.V.A.C.E.-y-uso-del-D.E.A.-Desfibrilador-Externo-Automatico-1.jpg\",\"datePublished\":\"2025-10-18T20:31:47+00:00\",\"breadcrumb\":{\"@id\":\"https:\\\/\\\/diarioellabrador.cl\\\/index.php\\\/2025\\\/10\\\/18\\\/colegios-de-la-corporacion-san-agustin-capacita-a-sus-trabajadores-en-reanimacion-cardiopulmonar-basico-o-v-a-c-e-y-uso-del-d-e-a-desfibrilador-externo-automatico\\\/#breadcrumb\"},\"inLanguage\":\"es\",\"potentialAction\":[{\"@type\":\"ReadAction\",\"target\":[\"https:\\\/\\\/diarioellabrador.cl\\\/index.php\\\/2025\\\/10\\\/18\\\/colegios-de-la-corporacion-san-agustin-capacita-a-sus-trabajadores-en-reanimacion-cardiopulmonar-basico-o-v-a-c-e-y-uso-del-d-e-a-desfibrilador-externo-automatico\\\/\"]}]},{\"@type\":\"ImageObject\",\"inLanguage\":\"es\",\"@id\":\"https:\\\/\\\/diarioellabrador.cl\\\/index.php\\\/2025\\\/10\\\/18\\\/colegios-de-la-corporacion-san-agustin-capacita-a-sus-trabajadores-en-reanimacion-cardiopulmonar-basico-o-v-a-c-e-y-uso-del-d-e-a-desfibrilador-externo-automatico\\\/#primaryimage\",\"url\":\"https:\\\/\\\/diarioellabrador.cl\\\/wp-content\\\/uploads\\\/2025\\\/10\\\/Colegios-de-la-Corporacion-San-Agustin-capacita-a-sus-trabajadores-en-reanimacion-cardiopulmonar-basico.-O.V.A.C.E.-y-uso-del-D.E.A.-Desfibrilador-Externo-Automatico-1.jpg\",\"contentUrl\":\"https:\\\/\\\/diarioellabrador.cl\\\/wp-content\\\/uploads\\\/2025\\\/10\\\/Colegios-de-la-Corporacion-San-Agustin-capacita-a-sus-trabajadores-en-reanimacion-cardiopulmonar-basico.-O.V.A.C.E.-y-uso-del-D.E.A.-Desfibrilador-Externo-Automatico-1.jpg\",\"width\":716,\"height\":535},{\"@type\":\"BreadcrumbList\",\"@id\":\"https:\\\/\\\/diarioellabrador.cl\\\/index.php\\\/2025\\\/10\\\/18\\\/colegios-de-la-corporacion-san-agustin-capacita-a-sus-trabajadores-en-reanimacion-cardiopulmonar-basico-o-v-a-c-e-y-uso-del-d-e-a-desfibrilador-externo-automatico\\\/#breadcrumb\",\"itemListElement\":[{\"@type\":\"ListItem\",\"position\":1,\"name\":\"Portada\",\"item\":\"https:\\\/\\\/diarioellabrador.cl\\\/\"},{\"@type\":\"ListItem\",\"position\":2,\"name\":\"Colegios de la Corporaci\u00f3n San Agust\u00edn capacita a sus trabajadores en reanimaci\u00f3n cardiopulmonar b\u00e1sico. O.V.A.C.E. y uso del D.E.A. (Desfibrilador Externo Autom\u00e1tico)\"}]},{\"@type\":\"WebSite\",\"@id\":\"https:\\\/\\\/diarioellabrador.cl\\\/#website\",\"url\":\"https:\\\/\\\/diarioellabrador.cl\\\/\",\"name\":\"Diario El Labrador\",\"description\":\"Haciendo noticia desde 1921\",\"publisher\":{\"@id\":\"https:\\\/\\\/diarioellabrador.cl\\\/#organization\"},\"potentialAction\":[{\"@type\":\"SearchAction\",\"target\":{\"@type\":\"EntryPoint\",\"urlTemplate\":\"https:\\\/\\\/diarioellabrador.cl\\\/?s={search_term_string}\"},\"query-input\":{\"@type\":\"PropertyValueSpecification\",\"valueRequired\":true,\"valueName\":\"search_term_string\"}}],\"inLanguage\":\"es\"},{\"@type\":\"Organization\",\"@id\":\"https:\\\/\\\/diarioellabrador.cl\\\/#organization\",\"name\":\"Diario El Labrador\",\"url\":\"https:\\\/\\\/diarioellabrador.cl\\\/\",\"logo\":{\"@type\":\"ImageObject\",\"inLanguage\":\"es\",\"@id\":\"https:\\\/\\\/diarioellabrador.cl\\\/#\\\/schema\\\/logo\\\/image\\\/\",\"url\":\"https:\\\/\\\/diarioellabrador.cl\\\/wp-content\\\/uploads\\\/2025\\\/02\\\/cropped-Logo-Icono.png\",\"contentUrl\":\"https:\\\/\\\/diarioellabrador.cl\\\/wp-content\\\/uploads\\\/2025\\\/02\\\/cropped-Logo-Icono.png\",\"width\":512,\"height\":512,\"caption\":\"Diario El Labrador\"},\"image\":{\"@id\":\"https:\\\/\\\/diarioellabrador.cl\\\/#\\\/schema\\\/logo\\\/image\\\/\"},\"sameAs\":[\"https:\\\/\\\/web.facebook.com\\\/profile.php?id=61576120840621\",\"https:\\\/\\\/x.com\\\/ElLabradorOf\",\"https:\\\/\\\/www.instagram.com\\\/diarioellabradoroficial\\\/\"]},{\"@type\":\"Person\",\"@id\":\"https:\\\/\\\/diarioellabrador.cl\\\/#\\\/schema\\\/person\\\/bc25ff80b4563f9c7f4bd7855df01685\",\"name\":\"Editor\",\"image\":{\"@type\":\"ImageObject\",\"inLanguage\":\"es\",\"@id\":\"https:\\\/\\\/secure.gravatar.com\\\/avatar\\\/109c326cf2be5c04f048c2c2a2b8b6ef44bf3d8d1d3d4c55d0ac40c4bc994684?s=96&d=mm&r=g\",\"url\":\"https:\\\/\\\/secure.gravatar.com\\\/avatar\\\/109c326cf2be5c04f048c2c2a2b8b6ef44bf3d8d1d3d4c55d0ac40c4bc994684?s=96&d=mm&r=g\",\"contentUrl\":\"https:\\\/\\\/secure.gravatar.com\\\/avatar\\\/109c326cf2be5c04f048c2c2a2b8b6ef44bf3d8d1d3d4c55d0ac40c4bc994684?s=96&d=mm&r=g\",\"caption\":\"Editor\"},\"url\":\"https:\\\/\\\/diarioellabrador.cl\\\/index.php\\\/author\\\/editor\\\/\"}]}<\/script>\n<!-- \/ Yoast SEO plugin. -->","yoast_head_json":{"title":"Colegios de la Corporaci\u00f3n San Agust\u00edn capacita a sus trabajadores en reanimaci\u00f3n cardiopulmonar b\u00e1sico. O.V.A.C.E. y uso del D.E.A. (Desfibrilador Externo Autom\u00e1tico) - Diario El Labrador","robots":{"index":"index","follow":"follow","max-snippet":"max-snippet:-1","max-image-preview":"max-image-preview:large","max-video-preview":"max-video-preview:-1"},"canonical":"https:\/\/diarioellabrador.cl\/index.php\/2025\/10\/18\/colegios-de-la-corporacion-san-agustin-capacita-a-sus-trabajadores-en-reanimacion-cardiopulmonar-basico-o-v-a-c-e-y-uso-del-d-e-a-desfibrilador-externo-automatico\/","og_locale":"es_ES","og_type":"article","og_title":"Colegios de la Corporaci\u00f3n San Agust\u00edn capacita a sus trabajadores en reanimaci\u00f3n cardiopulmonar b\u00e1sico. O.V.A.C.E. y uso del D.E.A. (Desfibrilador Externo Autom\u00e1tico) - Diario El Labrador","og_description":"C\u00f3mo es del conocimiento de todos, la principal causa de muerte en chile y el mundo son las patolog\u00edas cardiovasculares&nbsp;y ataques cerebrovasculares. es por esta raz\u00f3n que personal&nbsp;de la Corporaci\u00f3n san Agust\u00edn se capacitaron en Reanimaci\u00f3n Cardiopulmonar B\u00e1sico. O.V.A.C.E. (obstrucci\u00f3n de la v\u00eda a\u00e9rea por cuerpo extra\u00f1o) y uso del D.E.A. (Desfibrilador Externo Autom\u00e1tico) es Leer m\u00e1s","og_url":"https:\/\/diarioellabrador.cl\/index.php\/2025\/10\/18\/colegios-de-la-corporacion-san-agustin-capacita-a-sus-trabajadores-en-reanimacion-cardiopulmonar-basico-o-v-a-c-e-y-uso-del-d-e-a-desfibrilador-externo-automatico\/","og_site_name":"Diario El Labrador","article_publisher":"https:\/\/web.facebook.com\/profile.php?id=61576120840621","article_published_time":"2025-10-18T20:31:47+00:00","og_image":[{"width":716,"height":535,"url":"https:\/\/diarioellabrador.cl\/wp-content\/uploads\/2025\/10\/Colegios-de-la-Corporacion-San-Agustin-capacita-a-sus-trabajadores-en-reanimacion-cardiopulmonar-basico.-O.V.A.C.E.-y-uso-del-D.E.A.-Desfibrilador-Externo-Automatico-1.jpg","type":"image\/jpeg"}],"author":"Editor","twitter_card":"summary_large_image","twitter_creator":"@ElLabradorOf","twitter_site":"@ElLabradorOf","twitter_misc":{"Escrito por":"Editor","Tiempo de lectura":"2 minutos"},"schema":{"@context":"https:\/\/schema.org","@graph":[{"@type":"Article","@id":"https:\/\/diarioellabrador.cl\/index.php\/2025\/10\/18\/colegios-de-la-corporacion-san-agustin-capacita-a-sus-trabajadores-en-reanimacion-cardiopulmonar-basico-o-v-a-c-e-y-uso-del-d-e-a-desfibrilador-externo-automatico\/#article","isPartOf":{"@id":"https:\/\/diarioellabrador.cl\/index.php\/2025\/10\/18\/colegios-de-la-corporacion-san-agustin-capacita-a-sus-trabajadores-en-reanimacion-cardiopulmonar-basico-o-v-a-c-e-y-uso-del-d-e-a-desfibrilador-externo-automatico\/"},"author":{"name":"Editor","@id":"https:\/\/diarioellabrador.cl\/#\/schema\/person\/bc25ff80b4563f9c7f4bd7855df01685"},"headline":"Colegios de la Corporaci\u00f3n San Agust\u00edn capacita a sus trabajadores en reanimaci\u00f3n cardiopulmonar b\u00e1sico. O.V.A.C.E. y uso del D.E.A. (Desfibrilador Externo Autom\u00e1tico)","datePublished":"2025-10-18T20:31:47+00:00","mainEntityOfPage":{"@id":"https:\/\/diarioellabrador.cl\/index.php\/2025\/10\/18\/colegios-de-la-corporacion-san-agustin-capacita-a-sus-trabajadores-en-reanimacion-cardiopulmonar-basico-o-v-a-c-e-y-uso-del-d-e-a-desfibrilador-externo-automatico\/"},"wordCount":302,"commentCount":0,"publisher":{"@id":"https:\/\/diarioellabrador.cl\/#organization"},"image":{"@id":"https:\/\/diarioellabrador.cl\/index.php\/2025\/10\/18\/colegios-de-la-corporacion-san-agustin-capacita-a-sus-trabajadores-en-reanimacion-cardiopulmonar-basico-o-v-a-c-e-y-uso-del-d-e-a-desfibrilador-externo-automatico\/#primaryimage"},"thumbnailUrl":"https:\/\/diarioellabrador.cl\/wp-content\/uploads\/2025\/10\/Colegios-de-la-Corporacion-San-Agustin-capacita-a-sus-trabajadores-en-reanimacion-cardiopulmonar-basico.-O.V.A.C.E.-y-uso-del-D.E.A.-Desfibrilador-Externo-Automatico-1.jpg","articleSection":["Cr\u00f3nica"],"inLanguage":"es","potentialAction":[{"@type":"CommentAction","name":"Comment","target":["https:\/\/diarioellabrador.cl\/index.php\/2025\/10\/18\/colegios-de-la-corporacion-san-agustin-capacita-a-sus-trabajadores-en-reanimacion-cardiopulmonar-basico-o-v-a-c-e-y-uso-del-d-e-a-desfibrilador-externo-automatico\/#respond"]}]},{"@type":"WebPage","@id":"https:\/\/diarioellabrador.cl\/index.php\/2025\/10\/18\/colegios-de-la-corporacion-san-agustin-capacita-a-sus-trabajadores-en-reanimacion-cardiopulmonar-basico-o-v-a-c-e-y-uso-del-d-e-a-desfibrilador-externo-automatico\/","url":"https:\/\/diarioellabrador.cl\/index.php\/2025\/10\/18\/colegios-de-la-corporacion-san-agustin-capacita-a-sus-trabajadores-en-reanimacion-cardiopulmonar-basico-o-v-a-c-e-y-uso-del-d-e-a-desfibrilador-externo-automatico\/","name":"Colegios de la Corporaci\u00f3n San Agust\u00edn capacita a sus trabajadores en reanimaci\u00f3n cardiopulmonar b\u00e1sico. O.V.A.C.E. y uso del D.E.A. (Desfibrilador Externo Autom\u00e1tico) - Diario El Labrador","isPartOf":{"@id":"https:\/\/diarioellabrador.cl\/#website"},"primaryImageOfPage":{"@id":"https:\/\/diarioellabrador.cl\/index.php\/2025\/10\/18\/colegios-de-la-corporacion-san-agustin-capacita-a-sus-trabajadores-en-reanimacion-cardiopulmonar-basico-o-v-a-c-e-y-uso-del-d-e-a-desfibrilador-externo-automatico\/#primaryimage"},"image":{"@id":"https:\/\/diarioellabrador.cl\/index.php\/2025\/10\/18\/colegios-de-la-corporacion-san-agustin-capacita-a-sus-trabajadores-en-reanimacion-cardiopulmonar-basico-o-v-a-c-e-y-uso-del-d-e-a-desfibrilador-externo-automatico\/#primaryimage"},"thumbnailUrl":"https:\/\/diarioellabrador.cl\/wp-content\/uploads\/2025\/10\/Colegios-de-la-Corporacion-San-Agustin-capacita-a-sus-trabajadores-en-reanimacion-cardiopulmonar-basico.-O.V.A.C.E.-y-uso-del-D.E.A.-Desfibrilador-Externo-Automatico-1.jpg","datePublished":"2025-10-18T20:31:47+00:00","breadcrumb":{"@id":"https:\/\/diarioellabrador.cl\/index.php\/2025\/10\/18\/colegios-de-la-corporacion-san-agustin-capacita-a-sus-trabajadores-en-reanimacion-cardiopulmonar-basico-o-v-a-c-e-y-uso-del-d-e-a-desfibrilador-externo-automatico\/#breadcrumb"},"inLanguage":"es","potentialAction":[{"@type":"ReadAction","target":["https:\/\/diarioellabrador.cl\/index.php\/2025\/10\/18\/colegios-de-la-corporacion-san-agustin-capacita-a-sus-trabajadores-en-reanimacion-cardiopulmonar-basico-o-v-a-c-e-y-uso-del-d-e-a-desfibrilador-externo-automatico\/"]}]},{"@type":"ImageObject","inLanguage":"es","@id":"https:\/\/diarioellabrador.cl\/index.php\/2025\/10\/18\/colegios-de-la-corporacion-san-agustin-capacita-a-sus-trabajadores-en-reanimacion-cardiopulmonar-basico-o-v-a-c-e-y-uso-del-d-e-a-desfibrilador-externo-automatico\/#primaryimage","url":"https:\/\/diarioellabrador.cl\/wp-content\/uploads\/2025\/10\/Colegios-de-la-Corporacion-San-Agustin-capacita-a-sus-trabajadores-en-reanimacion-cardiopulmonar-basico.-O.V.A.C.E.-y-uso-del-D.E.A.-Desfibrilador-Externo-Automatico-1.jpg","contentUrl":"https:\/\/diarioellabrador.cl\/wp-content\/uploads\/2025\/10\/Colegios-de-la-Corporacion-San-Agustin-capacita-a-sus-trabajadores-en-reanimacion-cardiopulmonar-basico.-O.V.A.C.E.-y-uso-del-D.E.A.-Desfibrilador-Externo-Automatico-1.jpg","width":716,"height":535},{"@type":"BreadcrumbList","@id":"https:\/\/diarioellabrador.cl\/index.php\/2025\/10\/18\/colegios-de-la-corporacion-san-agustin-capacita-a-sus-trabajadores-en-reanimacion-cardiopulmonar-basico-o-v-a-c-e-y-uso-del-d-e-a-desfibrilador-externo-automatico\/#breadcrumb","itemListElement":[{"@type":"ListItem","position":1,"name":"Portada","item":"https:\/\/diarioellabrador.cl\/"},{"@type":"ListItem","position":2,"name":"Colegios de la Corporaci\u00f3n San Agust\u00edn capacita a sus trabajadores en reanimaci\u00f3n cardiopulmonar b\u00e1sico. O.V.A.C.E. y uso del D.E.A. (Desfibrilador Externo Autom\u00e1tico)"}]},{"@type":"WebSite","@id":"https:\/\/diarioellabrador.cl\/#website","url":"https:\/\/diarioellabrador.cl\/","name":"Diario El Labrador","description":"Haciendo noticia desde 1921","publisher":{"@id":"https:\/\/diarioellabrador.cl\/#organization"},"potentialAction":[{"@type":"SearchAction","target":{"@type":"EntryPoint","urlTemplate":"https:\/\/diarioellabrador.cl\/?s={search_term_string}"},"query-input":{"@type":"PropertyValueSpecification","valueRequired":true,"valueName":"search_term_string"}}],"inLanguage":"es"},{"@type":"Organization","@id":"https:\/\/diarioellabrador.cl\/#organization","name":"Diario El Labrador","url":"https:\/\/diarioellabrador.cl\/","logo":{"@type":"ImageObject","inLanguage":"es","@id":"https:\/\/diarioellabrador.cl\/#\/schema\/logo\/image\/","url":"https:\/\/diarioellabrador.cl\/wp-content\/uploads\/2025\/02\/cropped-Logo-Icono.png","contentUrl":"https:\/\/diarioellabrador.cl\/wp-content\/uploads\/2025\/02\/cropped-Logo-Icono.png","width":512,"height":512,"caption":"Diario El Labrador"},"image":{"@id":"https:\/\/diarioellabrador.cl\/#\/schema\/logo\/image\/"},"sameAs":["https:\/\/web.facebook.com\/profile.php?id=61576120840621","https:\/\/x.com\/ElLabradorOf","https:\/\/www.instagram.com\/diarioellabradoroficial\/"]},{"@type":"Person","@id":"https:\/\/diarioellabrador.cl\/#\/schema\/person\/bc25ff80b4563f9c7f4bd7855df01685","name":"Editor","image":{"@type":"ImageObject","inLanguage":"es","@id":"https:\/\/secure.gravatar.com\/avatar\/109c326cf2be5c04f048c2c2a2b8b6ef44bf3d8d1d3d4c55d0ac40c4bc994684?s=96&d=mm&r=g","url":"https:\/\/secure.gravatar.com\/avatar\/109c326cf2be5c04f048c2c2a2b8b6ef44bf3d8d1d3d4c55d0ac40c4bc994684?s=96&d=mm&r=g","contentUrl":"https:\/\/secure.gravatar.com\/avatar\/109c326cf2be5c04f048c2c2a2b8b6ef44bf3d8d1d3d4c55d0ac40c4bc994684?s=96&d=mm&r=g","caption":"Editor"},"url":"https:\/\/diarioellabrador.cl\/index.php\/author\/editor\/"}]}},"_links":{"self":[{"href":"https:\/\/diarioellabrador.cl\/index.php\/wp-json\/wp\/v2\/posts\/10079","targetHints":{"allow":["GET"]}}],"collection":[{"href":"https:\/\/diarioellabrador.cl\/index.php\/wp-json\/wp\/v2\/posts"}],"about":[{"href":"https:\/\/diarioellabrador.cl\/index.php\/wp-json\/wp\/v2\/types\/post"}],"author":[{"embeddable":true,"href":"https:\/\/diarioellabrador.cl\/index.php\/wp-json\/wp\/v2\/users\/2"}],"replies":[{"embeddable":true,"href":"https:\/\/diarioellabrador.cl\/index.php\/wp-json\/wp\/v2\/comments?post=10079"}],"version-history":[{"count":1,"href":"https:\/\/diarioellabrador.cl\/index.php\/wp-json\/wp\/v2\/posts\/10079\/revisions"}],"predecessor-version":[{"id":10080,"href":"https:\/\/diarioellabrador.cl\/index.php\/wp-json\/wp\/v2\/posts\/10079\/revisions\/10080"}],"wp:featuredmedia":[{"embeddable":true,"href":"https:\/\/diarioellabrador.cl\/index.php\/wp-json\/wp\/v2\/media\/10033"}],"wp:attachment":[{"href":"https:\/\/diarioellabrador.cl\/index.php\/wp-json\/wp\/v2\/media?parent=10079"}],"wp:term":[{"taxonomy":"category","embeddable":true,"href":"https:\/\/diarioellabrador.cl\/index.php\/wp-json\/wp\/v2\/categories?post=10079"},{"taxonomy":"post_tag","embeddable":true,"href":"https:\/\/diarioellabrador.cl\/index.php\/wp-json\/wp\/v2\/tags?post=10079"}],"curies":[{"name":"wp","href":"https:\/\/api.w.org\/{rel}","templated":true}]}}