{"id":10077,"date":"2025-10-18T16:30:41","date_gmt":"2025-10-18T20:30:41","guid":{"rendered":"https:\/\/diarioellabrador.cl\/?p=10077"},"modified":"2025-10-18T16:30:41","modified_gmt":"2025-10-18T20:30:41","slug":"cerca-de-400-controles-vehiculares-y-168-controles-de-identidad-se-registraron-esta-jornada-tras-operativo-de-fiscalizacion-en-plaza-de-melipilla","status":"publish","type":"post","link":"https:\/\/diarioellabrador.cl\/index.php\/2025\/10\/18\/cerca-de-400-controles-vehiculares-y-168-controles-de-identidad-se-registraron-esta-jornada-tras-operativo-de-fiscalizacion-en-plaza-de-melipilla\/","title":{"rendered":"Cerca de 400 controles vehiculares y 168 controles de identidad se registraron esta jornada tras operativo de fiscalizaci\u00f3n en Plaza de Melipilla"},"content":{"rendered":"\n<ul class=\"wp-block-list\">\n<li><strong>El despliegue, organizado por Delegaci\u00f3n Presidencial Provincial, Serem\u00eda de Seguridad, Carabineros, Unidad de Fiscalizaci\u00f3n del Ministerio de Transporte y Municipalidad de Melipilla, dej\u00f3 adem\u00e1s como resultado 7 veh\u00edculos sacados de circulaci\u00f3n y\u00a0 54 infracciones de tr\u00e1nsito.<\/strong><\/li>\n<\/ul>\n\n\n\n<p>La ma\u00f1ana de este viernes se registr\u00f3 un intenso operativo de fiscalizaci\u00f3n en Plaza de Armas de Melipilla, jornada impulsada por Delegaci\u00f3n Presidencial Provincial, Serem\u00eda de Seguridad, Carabineros, Unidad de Fiscalizaci\u00f3n del Ministerio de Transporte y Municipalidad de Melipilla.<\/p>\n\n\n\n<p>En la instancia estuvo presente la jefa jur\u00eddica de Delegaci\u00f3n Provincial de Melipilla, Mar\u00eda Carolina Jimenez; el Capit\u00e1n de Carabineros Fernando Viviar, subcomisario de los servicios de la 24\u00b0 Comisar\u00eda de Melipilla; y el director de Seguridad P\u00fablica e Inspecci\u00f3n de la Municipalidad de Melipilla, Jos\u00e9 Miguel Riquelme, jornada dej\u00f3 como resultado cerca de 400 controles vehiculares, 168 controles de identidad, 20 infracciones de tr\u00e1nsito de parte de carabineros, 34 infracciones de parte del Ministerio de Transporte, adem\u00e1s de 7 veh\u00edculos que fueron retirados de circulaci\u00f3n.<\/p>\n\n\n\n<p>Mar\u00eda Carolina Jim\u00e9nez, jefa jur\u00eddica de Delegaci\u00f3n Presidencial Provincial de Melipilla, se\u00f1al\u00f3 que fue una exitosa jornada. \u201cNos encontramos en Plaza de Armas de Melipilla realizando un operativo de fiscalizaci\u00f3n, en el marco de coordinaciones entre la Seremia de Seguridad, Ministerio de Transporte, Carabineros, Delegaci\u00f3n Provincial y Delegaci\u00f3n Provincial de Melipilla, despliegue que se levanta a ra\u00edz de algunas cifras que pudimos observar en STOP de carabineros que se hace de forma mensual, que daba cuenta que en Plaza de Melipilla se requer\u00edan operativos de fiscalizaci\u00f3n para controlar no solamente el transporte p\u00fablico, sino que privado y de temporeros, para identificar faltas a la Ley de Tr\u00e1nsito, as\u00ed como delitos o personas que se encuentren con \u00f3rdenes de detenci\u00f3n vigente\u201d, detallando que se fiscaliz\u00f3 el cumplimiento de la Ley de Tr\u00e1nsito a trav\u00e9s de la documentaci\u00f3n al d\u00eda, permiso de conducci\u00f3n, as\u00ed como controles de identidad por parte de carabineros.<\/p>\n\n\n\n<p>Por su parte, el Capit\u00e1n de Carabineros, Fernando Viviar, subcomisario de los servicios de la 24\u00b0 Comisar\u00eda de Melipilla, detall\u00f3 que \u201ceste trabajo mancomunado entre varias instituciones del Estado est\u00e1 presente en la comuna de Melipilla. Esto se realiza en base al control y fiscalizaci\u00f3n de los delitos de mayor connotaci\u00f3n social, que est\u00e1n supeditados al sector central de la comuna. Dentro de ello, se implementaron cuatro puntos de fiscalizaci\u00f3n, donde se controlaron personas y veh\u00edculos, con el fin de generar sensaci\u00f3n de seguridad para los habitantes\u201d.<\/p>\n\n\n\n<figure class=\"wp-block-image size-large\"><img loading=\"lazy\" decoding=\"async\" width=\"1024\" height=\"768\" src=\"https:\/\/diarioellabrador.cl\/wp-content\/uploads\/2025\/10\/Cerca-de-400-controles-vehiculares-y-168-controles-de-identidad-se-registraron-esta-jornada-tras-operativo-de-fiscalizacion-en-Plaza-de-Melipilla-1-1024x768.jpeg\" alt=\"\" class=\"wp-image-10031\" srcset=\"https:\/\/diarioellabrador.cl\/wp-content\/uploads\/2025\/10\/Cerca-de-400-controles-vehiculares-y-168-controles-de-identidad-se-registraron-esta-jornada-tras-operativo-de-fiscalizacion-en-Plaza-de-Melipilla-1-1024x768.jpeg 1024w, https:\/\/diarioellabrador.cl\/wp-content\/uploads\/2025\/10\/Cerca-de-400-controles-vehiculares-y-168-controles-de-identidad-se-registraron-esta-jornada-tras-operativo-de-fiscalizacion-en-Plaza-de-Melipilla-1-300x225.jpeg 300w, https:\/\/diarioellabrador.cl\/wp-content\/uploads\/2025\/10\/Cerca-de-400-controles-vehiculares-y-168-controles-de-identidad-se-registraron-esta-jornada-tras-operativo-de-fiscalizacion-en-Plaza-de-Melipilla-1-768x576.jpeg 768w, https:\/\/diarioellabrador.cl\/wp-content\/uploads\/2025\/10\/Cerca-de-400-controles-vehiculares-y-168-controles-de-identidad-se-registraron-esta-jornada-tras-operativo-de-fiscalizacion-en-Plaza-de-Melipilla-1-800x600.jpeg 800w, https:\/\/diarioellabrador.cl\/wp-content\/uploads\/2025\/10\/Cerca-de-400-controles-vehiculares-y-168-controles-de-identidad-se-registraron-esta-jornada-tras-operativo-de-fiscalizacion-en-Plaza-de-Melipilla-1-600x450.jpeg 600w, https:\/\/diarioellabrador.cl\/wp-content\/uploads\/2025\/10\/Cerca-de-400-controles-vehiculares-y-168-controles-de-identidad-se-registraron-esta-jornada-tras-operativo-de-fiscalizacion-en-Plaza-de-Melipilla-1-400x300.jpeg 400w, https:\/\/diarioellabrador.cl\/wp-content\/uploads\/2025\/10\/Cerca-de-400-controles-vehiculares-y-168-controles-de-identidad-se-registraron-esta-jornada-tras-operativo-de-fiscalizacion-en-Plaza-de-Melipilla-1.jpeg 1280w\" sizes=\"auto, (max-width: 1024px) 100vw, 1024px\" \/><\/figure>\n\n\n\n<p>En esta l\u00ednea, destac\u00f3 la labor que se genera con Delegaci\u00f3n Provincial, Municipalidad de Melipilla y Ministerio de Transporte. \u201cEs el Estado presente en la comuna, realizando su funci\u00f3n y focalizaci\u00f3n para mejorar la sensaci\u00f3n de seguridad en la comuna de Melipilla\u201d.<\/p>\n\n\n\n<p>Finalmente, Jos\u00e9 Miguel Riquelme, director de Seguridad P\u00fablica e Inspecci\u00f3n de la Municipalidad de Melipilla, valor\u00f3 la jornada y agradeci\u00f3 la coordinaci\u00f3n de Carabineros de la 24\u00aa Comisar\u00eda, del personal de inspecci\u00f3n del Ministerio de Transportes y de los equipos municipales, agregando que se espera continuar con despliegues en sectores con mayor concentraci\u00f3n de poblaci\u00f3n migrante, con el fin de abordar los focos que han generado diversos reclamos por parte de la comunidad.<\/p>\n","protected":false},"excerpt":{"rendered":"<p>La ma\u00f1ana de este viernes se registr\u00f3 un intenso operativo de fiscalizaci\u00f3n en Plaza de Armas de Melipilla, jornada impulsada por Delegaci\u00f3n Presidencial Provincial, Serem\u00eda de Seguridad, Carabineros, Unidad de Fiscalizaci\u00f3n del Ministerio de Transporte y Municipalidad de Melipilla. En la instancia estuvo presente la jefa jur\u00eddica de Delegaci\u00f3n Provincial de Melipilla, Mar\u00eda Carolina Jimenez;<\/p>\n<div class=\"read-more-wrapper\"><a class=\"read-more\" href=\"https:\/\/diarioellabrador.cl\/index.php\/2025\/10\/18\/cerca-de-400-controles-vehiculares-y-168-controles-de-identidad-se-registraron-esta-jornada-tras-operativo-de-fiscalizacion-en-plaza-de-melipilla\/\" title=\"Leer m\u00e1s\"> <span class=\"button \">Leer m\u00e1s<\/span><\/a><\/div>\n","protected":false},"author":2,"featured_media":10032,"comment_status":"open","ping_status":"open","sticky":false,"template":"","format":"standard","meta":{"footnotes":""},"categories":[1],"tags":[],"class_list":["post-10077","post","type-post","status-publish","format-standard","has-post-thumbnail","hentry","category-cronica"],"yoast_head":"<!-- This site is optimized with the Yoast SEO plugin v27.5 - https:\/\/yoast.com\/product\/yoast-seo-wordpress\/ -->\n<title>Cerca de 400 controles vehiculares y 168 controles de identidad se registraron esta jornada tras operativo de fiscalizaci\u00f3n en Plaza de Melipilla - Diario El Labrador<\/title>\n<meta name=\"robots\" content=\"index, follow, max-snippet:-1, max-image-preview:large, max-video-preview:-1\" \/>\n<link rel=\"canonical\" href=\"https:\/\/diarioellabrador.cl\/index.php\/2025\/10\/18\/cerca-de-400-controles-vehiculares-y-168-controles-de-identidad-se-registraron-esta-jornada-tras-operativo-de-fiscalizacion-en-plaza-de-melipilla\/\" \/>\n<meta property=\"og:locale\" content=\"es_ES\" \/>\n<meta property=\"og:type\" content=\"article\" \/>\n<meta property=\"og:title\" content=\"Cerca de 400 controles vehiculares y 168 controles de identidad se registraron esta jornada tras operativo de fiscalizaci\u00f3n en Plaza de Melipilla - Diario El Labrador\" \/>\n<meta property=\"og:description\" content=\"La ma\u00f1ana de este viernes se registr\u00f3 un intenso operativo de fiscalizaci\u00f3n en Plaza de Armas de Melipilla, jornada impulsada por Delegaci\u00f3n Presidencial Provincial, Serem\u00eda de Seguridad, Carabineros, Unidad de Fiscalizaci\u00f3n del Ministerio de Transporte y Municipalidad de Melipilla. En la instancia estuvo presente la jefa jur\u00eddica de Delegaci\u00f3n Provincial de Melipilla, Mar\u00eda Carolina Jimenez; Leer m\u00e1s\" \/>\n<meta property=\"og:url\" content=\"https:\/\/diarioellabrador.cl\/index.php\/2025\/10\/18\/cerca-de-400-controles-vehiculares-y-168-controles-de-identidad-se-registraron-esta-jornada-tras-operativo-de-fiscalizacion-en-plaza-de-melipilla\/\" \/>\n<meta property=\"og:site_name\" content=\"Diario El Labrador\" \/>\n<meta property=\"article:publisher\" content=\"https:\/\/web.facebook.com\/profile.php?id=61576120840621\" \/>\n<meta property=\"article:published_time\" content=\"2025-10-18T20:30:41+00:00\" \/>\n<meta property=\"og:image\" content=\"https:\/\/diarioellabrador.cl\/wp-content\/uploads\/2025\/10\/Cerca-de-400-controles-vehiculares-y-168-controles-de-identidad-se-registraron-esta-jornada-tras-operativo-de-fiscalizacion-en-Plaza-de-Melipilla-3.jpg\" \/>\n\t<meta property=\"og:image:width\" content=\"1280\" \/>\n\t<meta property=\"og:image:height\" content=\"960\" \/>\n\t<meta property=\"og:image:type\" content=\"image\/jpeg\" \/>\n<meta name=\"author\" content=\"Editor\" \/>\n<meta name=\"twitter:card\" content=\"summary_large_image\" \/>\n<meta name=\"twitter:creator\" content=\"@ElLabradorOf\" \/>\n<meta name=\"twitter:site\" content=\"@ElLabradorOf\" \/>\n<meta name=\"twitter:label1\" content=\"Escrito por\" \/>\n\t<meta name=\"twitter:data1\" content=\"Editor\" \/>\n\t<meta name=\"twitter:label2\" content=\"Tiempo de lectura\" \/>\n\t<meta name=\"twitter:data2\" content=\"3 minutos\" \/>\n<script type=\"application\/ld+json\" class=\"yoast-schema-graph\">{\"@context\":\"https:\\\/\\\/schema.org\",\"@graph\":[{\"@type\":\"Article\",\"@id\":\"https:\\\/\\\/diarioellabrador.cl\\\/index.php\\\/2025\\\/10\\\/18\\\/cerca-de-400-controles-vehiculares-y-168-controles-de-identidad-se-registraron-esta-jornada-tras-operativo-de-fiscalizacion-en-plaza-de-melipilla\\\/#article\",\"isPartOf\":{\"@id\":\"https:\\\/\\\/diarioellabrador.cl\\\/index.php\\\/2025\\\/10\\\/18\\\/cerca-de-400-controles-vehiculares-y-168-controles-de-identidad-se-registraron-esta-jornada-tras-operativo-de-fiscalizacion-en-plaza-de-melipilla\\\/\"},\"author\":{\"name\":\"Editor\",\"@id\":\"https:\\\/\\\/diarioellabrador.cl\\\/#\\\/schema\\\/person\\\/bc25ff80b4563f9c7f4bd7855df01685\"},\"headline\":\"Cerca de 400 controles vehiculares y 168 controles de identidad se registraron esta jornada tras operativo de fiscalizaci\u00f3n en Plaza de Melipilla\",\"datePublished\":\"2025-10-18T20:30:41+00:00\",\"mainEntityOfPage\":{\"@id\":\"https:\\\/\\\/diarioellabrador.cl\\\/index.php\\\/2025\\\/10\\\/18\\\/cerca-de-400-controles-vehiculares-y-168-controles-de-identidad-se-registraron-esta-jornada-tras-operativo-de-fiscalizacion-en-plaza-de-melipilla\\\/\"},\"wordCount\":586,\"commentCount\":0,\"publisher\":{\"@id\":\"https:\\\/\\\/diarioellabrador.cl\\\/#organization\"},\"image\":{\"@id\":\"https:\\\/\\\/diarioellabrador.cl\\\/index.php\\\/2025\\\/10\\\/18\\\/cerca-de-400-controles-vehiculares-y-168-controles-de-identidad-se-registraron-esta-jornada-tras-operativo-de-fiscalizacion-en-plaza-de-melipilla\\\/#primaryimage\"},\"thumbnailUrl\":\"https:\\\/\\\/diarioellabrador.cl\\\/wp-content\\\/uploads\\\/2025\\\/10\\\/Cerca-de-400-controles-vehiculares-y-168-controles-de-identidad-se-registraron-esta-jornada-tras-operativo-de-fiscalizacion-en-Plaza-de-Melipilla-3.jpg\",\"articleSection\":[\"Cr\u00f3nica\"],\"inLanguage\":\"es\",\"potentialAction\":[{\"@type\":\"CommentAction\",\"name\":\"Comment\",\"target\":[\"https:\\\/\\\/diarioellabrador.cl\\\/index.php\\\/2025\\\/10\\\/18\\\/cerca-de-400-controles-vehiculares-y-168-controles-de-identidad-se-registraron-esta-jornada-tras-operativo-de-fiscalizacion-en-plaza-de-melipilla\\\/#respond\"]}]},{\"@type\":\"WebPage\",\"@id\":\"https:\\\/\\\/diarioellabrador.cl\\\/index.php\\\/2025\\\/10\\\/18\\\/cerca-de-400-controles-vehiculares-y-168-controles-de-identidad-se-registraron-esta-jornada-tras-operativo-de-fiscalizacion-en-plaza-de-melipilla\\\/\",\"url\":\"https:\\\/\\\/diarioellabrador.cl\\\/index.php\\\/2025\\\/10\\\/18\\\/cerca-de-400-controles-vehiculares-y-168-controles-de-identidad-se-registraron-esta-jornada-tras-operativo-de-fiscalizacion-en-plaza-de-melipilla\\\/\",\"name\":\"Cerca de 400 controles vehiculares y 168 controles de identidad se registraron esta jornada tras operativo de fiscalizaci\u00f3n en Plaza de Melipilla - Diario El Labrador\",\"isPartOf\":{\"@id\":\"https:\\\/\\\/diarioellabrador.cl\\\/#website\"},\"primaryImageOfPage\":{\"@id\":\"https:\\\/\\\/diarioellabrador.cl\\\/index.php\\\/2025\\\/10\\\/18\\\/cerca-de-400-controles-vehiculares-y-168-controles-de-identidad-se-registraron-esta-jornada-tras-operativo-de-fiscalizacion-en-plaza-de-melipilla\\\/#primaryimage\"},\"image\":{\"@id\":\"https:\\\/\\\/diarioellabrador.cl\\\/index.php\\\/2025\\\/10\\\/18\\\/cerca-de-400-controles-vehiculares-y-168-controles-de-identidad-se-registraron-esta-jornada-tras-operativo-de-fiscalizacion-en-plaza-de-melipilla\\\/#primaryimage\"},\"thumbnailUrl\":\"https:\\\/\\\/diarioellabrador.cl\\\/wp-content\\\/uploads\\\/2025\\\/10\\\/Cerca-de-400-controles-vehiculares-y-168-controles-de-identidad-se-registraron-esta-jornada-tras-operativo-de-fiscalizacion-en-Plaza-de-Melipilla-3.jpg\",\"datePublished\":\"2025-10-18T20:30:41+00:00\",\"breadcrumb\":{\"@id\":\"https:\\\/\\\/diarioellabrador.cl\\\/index.php\\\/2025\\\/10\\\/18\\\/cerca-de-400-controles-vehiculares-y-168-controles-de-identidad-se-registraron-esta-jornada-tras-operativo-de-fiscalizacion-en-plaza-de-melipilla\\\/#breadcrumb\"},\"inLanguage\":\"es\",\"potentialAction\":[{\"@type\":\"ReadAction\",\"target\":[\"https:\\\/\\\/diarioellabrador.cl\\\/index.php\\\/2025\\\/10\\\/18\\\/cerca-de-400-controles-vehiculares-y-168-controles-de-identidad-se-registraron-esta-jornada-tras-operativo-de-fiscalizacion-en-plaza-de-melipilla\\\/\"]}]},{\"@type\":\"ImageObject\",\"inLanguage\":\"es\",\"@id\":\"https:\\\/\\\/diarioellabrador.cl\\\/index.php\\\/2025\\\/10\\\/18\\\/cerca-de-400-controles-vehiculares-y-168-controles-de-identidad-se-registraron-esta-jornada-tras-operativo-de-fiscalizacion-en-plaza-de-melipilla\\\/#primaryimage\",\"url\":\"https:\\\/\\\/diarioellabrador.cl\\\/wp-content\\\/uploads\\\/2025\\\/10\\\/Cerca-de-400-controles-vehiculares-y-168-controles-de-identidad-se-registraron-esta-jornada-tras-operativo-de-fiscalizacion-en-Plaza-de-Melipilla-3.jpg\",\"contentUrl\":\"https:\\\/\\\/diarioellabrador.cl\\\/wp-content\\\/uploads\\\/2025\\\/10\\\/Cerca-de-400-controles-vehiculares-y-168-controles-de-identidad-se-registraron-esta-jornada-tras-operativo-de-fiscalizacion-en-Plaza-de-Melipilla-3.jpg\",\"width\":1280,\"height\":960},{\"@type\":\"BreadcrumbList\",\"@id\":\"https:\\\/\\\/diarioellabrador.cl\\\/index.php\\\/2025\\\/10\\\/18\\\/cerca-de-400-controles-vehiculares-y-168-controles-de-identidad-se-registraron-esta-jornada-tras-operativo-de-fiscalizacion-en-plaza-de-melipilla\\\/#breadcrumb\",\"itemListElement\":[{\"@type\":\"ListItem\",\"position\":1,\"name\":\"Portada\",\"item\":\"https:\\\/\\\/diarioellabrador.cl\\\/\"},{\"@type\":\"ListItem\",\"position\":2,\"name\":\"Cerca de 400 controles vehiculares y 168 controles de identidad se registraron esta jornada tras operativo de fiscalizaci\u00f3n en Plaza de Melipilla\"}]},{\"@type\":\"WebSite\",\"@id\":\"https:\\\/\\\/diarioellabrador.cl\\\/#website\",\"url\":\"https:\\\/\\\/diarioellabrador.cl\\\/\",\"name\":\"Diario El Labrador\",\"description\":\"Haciendo noticia desde 1921\",\"publisher\":{\"@id\":\"https:\\\/\\\/diarioellabrador.cl\\\/#organization\"},\"potentialAction\":[{\"@type\":\"SearchAction\",\"target\":{\"@type\":\"EntryPoint\",\"urlTemplate\":\"https:\\\/\\\/diarioellabrador.cl\\\/?s={search_term_string}\"},\"query-input\":{\"@type\":\"PropertyValueSpecification\",\"valueRequired\":true,\"valueName\":\"search_term_string\"}}],\"inLanguage\":\"es\"},{\"@type\":\"Organization\",\"@id\":\"https:\\\/\\\/diarioellabrador.cl\\\/#organization\",\"name\":\"Diario El Labrador\",\"url\":\"https:\\\/\\\/diarioellabrador.cl\\\/\",\"logo\":{\"@type\":\"ImageObject\",\"inLanguage\":\"es\",\"@id\":\"https:\\\/\\\/diarioellabrador.cl\\\/#\\\/schema\\\/logo\\\/image\\\/\",\"url\":\"https:\\\/\\\/diarioellabrador.cl\\\/wp-content\\\/uploads\\\/2025\\\/02\\\/cropped-Logo-Icono.png\",\"contentUrl\":\"https:\\\/\\\/diarioellabrador.cl\\\/wp-content\\\/uploads\\\/2025\\\/02\\\/cropped-Logo-Icono.png\",\"width\":512,\"height\":512,\"caption\":\"Diario El Labrador\"},\"image\":{\"@id\":\"https:\\\/\\\/diarioellabrador.cl\\\/#\\\/schema\\\/logo\\\/image\\\/\"},\"sameAs\":[\"https:\\\/\\\/web.facebook.com\\\/profile.php?id=61576120840621\",\"https:\\\/\\\/x.com\\\/ElLabradorOf\",\"https:\\\/\\\/www.instagram.com\\\/diarioellabradoroficial\\\/\"]},{\"@type\":\"Person\",\"@id\":\"https:\\\/\\\/diarioellabrador.cl\\\/#\\\/schema\\\/person\\\/bc25ff80b4563f9c7f4bd7855df01685\",\"name\":\"Editor\",\"image\":{\"@type\":\"ImageObject\",\"inLanguage\":\"es\",\"@id\":\"https:\\\/\\\/secure.gravatar.com\\\/avatar\\\/109c326cf2be5c04f048c2c2a2b8b6ef44bf3d8d1d3d4c55d0ac40c4bc994684?s=96&d=mm&r=g\",\"url\":\"https:\\\/\\\/secure.gravatar.com\\\/avatar\\\/109c326cf2be5c04f048c2c2a2b8b6ef44bf3d8d1d3d4c55d0ac40c4bc994684?s=96&d=mm&r=g\",\"contentUrl\":\"https:\\\/\\\/secure.gravatar.com\\\/avatar\\\/109c326cf2be5c04f048c2c2a2b8b6ef44bf3d8d1d3d4c55d0ac40c4bc994684?s=96&d=mm&r=g\",\"caption\":\"Editor\"},\"url\":\"https:\\\/\\\/diarioellabrador.cl\\\/index.php\\\/author\\\/editor\\\/\"}]}<\/script>\n<!-- \/ Yoast SEO plugin. -->","yoast_head_json":{"title":"Cerca de 400 controles vehiculares y 168 controles de identidad se registraron esta jornada tras operativo de fiscalizaci\u00f3n en Plaza de Melipilla - Diario El Labrador","robots":{"index":"index","follow":"follow","max-snippet":"max-snippet:-1","max-image-preview":"max-image-preview:large","max-video-preview":"max-video-preview:-1"},"canonical":"https:\/\/diarioellabrador.cl\/index.php\/2025\/10\/18\/cerca-de-400-controles-vehiculares-y-168-controles-de-identidad-se-registraron-esta-jornada-tras-operativo-de-fiscalizacion-en-plaza-de-melipilla\/","og_locale":"es_ES","og_type":"article","og_title":"Cerca de 400 controles vehiculares y 168 controles de identidad se registraron esta jornada tras operativo de fiscalizaci\u00f3n en Plaza de Melipilla - Diario El Labrador","og_description":"La ma\u00f1ana de este viernes se registr\u00f3 un intenso operativo de fiscalizaci\u00f3n en Plaza de Armas de Melipilla, jornada impulsada por Delegaci\u00f3n Presidencial Provincial, Serem\u00eda de Seguridad, Carabineros, Unidad de Fiscalizaci\u00f3n del Ministerio de Transporte y Municipalidad de Melipilla. En la instancia estuvo presente la jefa jur\u00eddica de Delegaci\u00f3n Provincial de Melipilla, Mar\u00eda Carolina Jimenez; Leer m\u00e1s","og_url":"https:\/\/diarioellabrador.cl\/index.php\/2025\/10\/18\/cerca-de-400-controles-vehiculares-y-168-controles-de-identidad-se-registraron-esta-jornada-tras-operativo-de-fiscalizacion-en-plaza-de-melipilla\/","og_site_name":"Diario El Labrador","article_publisher":"https:\/\/web.facebook.com\/profile.php?id=61576120840621","article_published_time":"2025-10-18T20:30:41+00:00","og_image":[{"width":1280,"height":960,"url":"https:\/\/diarioellabrador.cl\/wp-content\/uploads\/2025\/10\/Cerca-de-400-controles-vehiculares-y-168-controles-de-identidad-se-registraron-esta-jornada-tras-operativo-de-fiscalizacion-en-Plaza-de-Melipilla-3.jpg","type":"image\/jpeg"}],"author":"Editor","twitter_card":"summary_large_image","twitter_creator":"@ElLabradorOf","twitter_site":"@ElLabradorOf","twitter_misc":{"Escrito por":"Editor","Tiempo de lectura":"3 minutos"},"schema":{"@context":"https:\/\/schema.org","@graph":[{"@type":"Article","@id":"https:\/\/diarioellabrador.cl\/index.php\/2025\/10\/18\/cerca-de-400-controles-vehiculares-y-168-controles-de-identidad-se-registraron-esta-jornada-tras-operativo-de-fiscalizacion-en-plaza-de-melipilla\/#article","isPartOf":{"@id":"https:\/\/diarioellabrador.cl\/index.php\/2025\/10\/18\/cerca-de-400-controles-vehiculares-y-168-controles-de-identidad-se-registraron-esta-jornada-tras-operativo-de-fiscalizacion-en-plaza-de-melipilla\/"},"author":{"name":"Editor","@id":"https:\/\/diarioellabrador.cl\/#\/schema\/person\/bc25ff80b4563f9c7f4bd7855df01685"},"headline":"Cerca de 400 controles vehiculares y 168 controles de identidad se registraron esta jornada tras operativo de fiscalizaci\u00f3n en Plaza de Melipilla","datePublished":"2025-10-18T20:30:41+00:00","mainEntityOfPage":{"@id":"https:\/\/diarioellabrador.cl\/index.php\/2025\/10\/18\/cerca-de-400-controles-vehiculares-y-168-controles-de-identidad-se-registraron-esta-jornada-tras-operativo-de-fiscalizacion-en-plaza-de-melipilla\/"},"wordCount":586,"commentCount":0,"publisher":{"@id":"https:\/\/diarioellabrador.cl\/#organization"},"image":{"@id":"https:\/\/diarioellabrador.cl\/index.php\/2025\/10\/18\/cerca-de-400-controles-vehiculares-y-168-controles-de-identidad-se-registraron-esta-jornada-tras-operativo-de-fiscalizacion-en-plaza-de-melipilla\/#primaryimage"},"thumbnailUrl":"https:\/\/diarioellabrador.cl\/wp-content\/uploads\/2025\/10\/Cerca-de-400-controles-vehiculares-y-168-controles-de-identidad-se-registraron-esta-jornada-tras-operativo-de-fiscalizacion-en-Plaza-de-Melipilla-3.jpg","articleSection":["Cr\u00f3nica"],"inLanguage":"es","potentialAction":[{"@type":"CommentAction","name":"Comment","target":["https:\/\/diarioellabrador.cl\/index.php\/2025\/10\/18\/cerca-de-400-controles-vehiculares-y-168-controles-de-identidad-se-registraron-esta-jornada-tras-operativo-de-fiscalizacion-en-plaza-de-melipilla\/#respond"]}]},{"@type":"WebPage","@id":"https:\/\/diarioellabrador.cl\/index.php\/2025\/10\/18\/cerca-de-400-controles-vehiculares-y-168-controles-de-identidad-se-registraron-esta-jornada-tras-operativo-de-fiscalizacion-en-plaza-de-melipilla\/","url":"https:\/\/diarioellabrador.cl\/index.php\/2025\/10\/18\/cerca-de-400-controles-vehiculares-y-168-controles-de-identidad-se-registraron-esta-jornada-tras-operativo-de-fiscalizacion-en-plaza-de-melipilla\/","name":"Cerca de 400 controles vehiculares y 168 controles de identidad se registraron esta jornada tras operativo de fiscalizaci\u00f3n en Plaza de Melipilla - Diario El Labrador","isPartOf":{"@id":"https:\/\/diarioellabrador.cl\/#website"},"primaryImageOfPage":{"@id":"https:\/\/diarioellabrador.cl\/index.php\/2025\/10\/18\/cerca-de-400-controles-vehiculares-y-168-controles-de-identidad-se-registraron-esta-jornada-tras-operativo-de-fiscalizacion-en-plaza-de-melipilla\/#primaryimage"},"image":{"@id":"https:\/\/diarioellabrador.cl\/index.php\/2025\/10\/18\/cerca-de-400-controles-vehiculares-y-168-controles-de-identidad-se-registraron-esta-jornada-tras-operativo-de-fiscalizacion-en-plaza-de-melipilla\/#primaryimage"},"thumbnailUrl":"https:\/\/diarioellabrador.cl\/wp-content\/uploads\/2025\/10\/Cerca-de-400-controles-vehiculares-y-168-controles-de-identidad-se-registraron-esta-jornada-tras-operativo-de-fiscalizacion-en-Plaza-de-Melipilla-3.jpg","datePublished":"2025-10-18T20:30:41+00:00","breadcrumb":{"@id":"https:\/\/diarioellabrador.cl\/index.php\/2025\/10\/18\/cerca-de-400-controles-vehiculares-y-168-controles-de-identidad-se-registraron-esta-jornada-tras-operativo-de-fiscalizacion-en-plaza-de-melipilla\/#breadcrumb"},"inLanguage":"es","potentialAction":[{"@type":"ReadAction","target":["https:\/\/diarioellabrador.cl\/index.php\/2025\/10\/18\/cerca-de-400-controles-vehiculares-y-168-controles-de-identidad-se-registraron-esta-jornada-tras-operativo-de-fiscalizacion-en-plaza-de-melipilla\/"]}]},{"@type":"ImageObject","inLanguage":"es","@id":"https:\/\/diarioellabrador.cl\/index.php\/2025\/10\/18\/cerca-de-400-controles-vehiculares-y-168-controles-de-identidad-se-registraron-esta-jornada-tras-operativo-de-fiscalizacion-en-plaza-de-melipilla\/#primaryimage","url":"https:\/\/diarioellabrador.cl\/wp-content\/uploads\/2025\/10\/Cerca-de-400-controles-vehiculares-y-168-controles-de-identidad-se-registraron-esta-jornada-tras-operativo-de-fiscalizacion-en-Plaza-de-Melipilla-3.jpg","contentUrl":"https:\/\/diarioellabrador.cl\/wp-content\/uploads\/2025\/10\/Cerca-de-400-controles-vehiculares-y-168-controles-de-identidad-se-registraron-esta-jornada-tras-operativo-de-fiscalizacion-en-Plaza-de-Melipilla-3.jpg","width":1280,"height":960},{"@type":"BreadcrumbList","@id":"https:\/\/diarioellabrador.cl\/index.php\/2025\/10\/18\/cerca-de-400-controles-vehiculares-y-168-controles-de-identidad-se-registraron-esta-jornada-tras-operativo-de-fiscalizacion-en-plaza-de-melipilla\/#breadcrumb","itemListElement":[{"@type":"ListItem","position":1,"name":"Portada","item":"https:\/\/diarioellabrador.cl\/"},{"@type":"ListItem","position":2,"name":"Cerca de 400 controles vehiculares y 168 controles de identidad se registraron esta jornada tras operativo de fiscalizaci\u00f3n en Plaza de Melipilla"}]},{"@type":"WebSite","@id":"https:\/\/diarioellabrador.cl\/#website","url":"https:\/\/diarioellabrador.cl\/","name":"Diario El Labrador","description":"Haciendo noticia desde 1921","publisher":{"@id":"https:\/\/diarioellabrador.cl\/#organization"},"potentialAction":[{"@type":"SearchAction","target":{"@type":"EntryPoint","urlTemplate":"https:\/\/diarioellabrador.cl\/?s={search_term_string}"},"query-input":{"@type":"PropertyValueSpecification","valueRequired":true,"valueName":"search_term_string"}}],"inLanguage":"es"},{"@type":"Organization","@id":"https:\/\/diarioellabrador.cl\/#organization","name":"Diario El Labrador","url":"https:\/\/diarioellabrador.cl\/","logo":{"@type":"ImageObject","inLanguage":"es","@id":"https:\/\/diarioellabrador.cl\/#\/schema\/logo\/image\/","url":"https:\/\/diarioellabrador.cl\/wp-content\/uploads\/2025\/02\/cropped-Logo-Icono.png","contentUrl":"https:\/\/diarioellabrador.cl\/wp-content\/uploads\/2025\/02\/cropped-Logo-Icono.png","width":512,"height":512,"caption":"Diario El Labrador"},"image":{"@id":"https:\/\/diarioellabrador.cl\/#\/schema\/logo\/image\/"},"sameAs":["https:\/\/web.facebook.com\/profile.php?id=61576120840621","https:\/\/x.com\/ElLabradorOf","https:\/\/www.instagram.com\/diarioellabradoroficial\/"]},{"@type":"Person","@id":"https:\/\/diarioellabrador.cl\/#\/schema\/person\/bc25ff80b4563f9c7f4bd7855df01685","name":"Editor","image":{"@type":"ImageObject","inLanguage":"es","@id":"https:\/\/secure.gravatar.com\/avatar\/109c326cf2be5c04f048c2c2a2b8b6ef44bf3d8d1d3d4c55d0ac40c4bc994684?s=96&d=mm&r=g","url":"https:\/\/secure.gravatar.com\/avatar\/109c326cf2be5c04f048c2c2a2b8b6ef44bf3d8d1d3d4c55d0ac40c4bc994684?s=96&d=mm&r=g","contentUrl":"https:\/\/secure.gravatar.com\/avatar\/109c326cf2be5c04f048c2c2a2b8b6ef44bf3d8d1d3d4c55d0ac40c4bc994684?s=96&d=mm&r=g","caption":"Editor"},"url":"https:\/\/diarioellabrador.cl\/index.php\/author\/editor\/"}]}},"_links":{"self":[{"href":"https:\/\/diarioellabrador.cl\/index.php\/wp-json\/wp\/v2\/posts\/10077","targetHints":{"allow":["GET"]}}],"collection":[{"href":"https:\/\/diarioellabrador.cl\/index.php\/wp-json\/wp\/v2\/posts"}],"about":[{"href":"https:\/\/diarioellabrador.cl\/index.php\/wp-json\/wp\/v2\/types\/post"}],"author":[{"embeddable":true,"href":"https:\/\/diarioellabrador.cl\/index.php\/wp-json\/wp\/v2\/users\/2"}],"replies":[{"embeddable":true,"href":"https:\/\/diarioellabrador.cl\/index.php\/wp-json\/wp\/v2\/comments?post=10077"}],"version-history":[{"count":1,"href":"https:\/\/diarioellabrador.cl\/index.php\/wp-json\/wp\/v2\/posts\/10077\/revisions"}],"predecessor-version":[{"id":10078,"href":"https:\/\/diarioellabrador.cl\/index.php\/wp-json\/wp\/v2\/posts\/10077\/revisions\/10078"}],"wp:featuredmedia":[{"embeddable":true,"href":"https:\/\/diarioellabrador.cl\/index.php\/wp-json\/wp\/v2\/media\/10032"}],"wp:attachment":[{"href":"https:\/\/diarioellabrador.cl\/index.php\/wp-json\/wp\/v2\/media?parent=10077"}],"wp:term":[{"taxonomy":"category","embeddable":true,"href":"https:\/\/diarioellabrador.cl\/index.php\/wp-json\/wp\/v2\/categories?post=10077"},{"taxonomy":"post_tag","embeddable":true,"href":"https:\/\/diarioellabrador.cl\/index.php\/wp-json\/wp\/v2\/tags?post=10077"}],"curies":[{"name":"wp","href":"https:\/\/api.w.org\/{rel}","templated":true}]}}