{"id":10075,"date":"2025-10-18T16:29:53","date_gmt":"2025-10-18T20:29:53","guid":{"rendered":"https:\/\/diarioellabrador.cl\/?p=10075"},"modified":"2025-10-18T16:29:54","modified_gmt":"2025-10-18T20:29:54","slug":"liceo-polivalente-el-bollenar-prepara-celebracion-de-sus-71-anos-de-vida","status":"publish","type":"post","link":"https:\/\/diarioellabrador.cl\/index.php\/2025\/10\/18\/liceo-polivalente-el-bollenar-prepara-celebracion-de-sus-71-anos-de-vida\/","title":{"rendered":"Liceo Polivalente El Bollenar prepara celebraci\u00f3n de sus 71 a\u00f1os de vida"},"content":{"rendered":"\n<p>En pleno proceso de preparaci\u00f3n y organizaci\u00f3n se encuentra la comunidad educativa del liceo polivalente El Bollenar, en el marco de la celebraci\u00f3n de sus 71 a\u00f1os al servicio de la comunidad.<\/p>\n\n\n\n<p>Por estos d\u00edas representantes del recinto educativo y apoderados se encuentran organizando un desfile, que busca dar realce a este importante hito, y para el cual est\u00e1n convocando a diversas organizaciones sociales de la zona, entre ellas, clubes de huaso, clubes deportivos, centros de madres, entre otros, con el objetivo que se sumen a esta actividad.<\/p>\n\n\n\n<p>Desde la organizaci\u00f3n indicaron que el desfile qued\u00f3 programado para el pr\u00f3ximo 27 de octubre, a partir de las 10:30 horas, a un costado de la plaza de Bollenar.<\/p>\n\n\n\n<p>Autoridades e invitados especiales ser\u00e1n parte de la instancia, la cual contar\u00e1 con el resguardo por parte de Carabineros, informaron.<\/p>\n","protected":false},"excerpt":{"rendered":"<p>En pleno proceso de preparaci\u00f3n y organizaci\u00f3n se encuentra la comunidad educativa del liceo polivalente El Bollenar, en el marco de la celebraci\u00f3n de sus 71 a\u00f1os al servicio de la comunidad. Por estos d\u00edas representantes del recinto educativo y apoderados se encuentran organizando un desfile, que busca dar realce a este importante hito, y<\/p>\n<div class=\"read-more-wrapper\"><a class=\"read-more\" href=\"https:\/\/diarioellabrador.cl\/index.php\/2025\/10\/18\/liceo-polivalente-el-bollenar-prepara-celebracion-de-sus-71-anos-de-vida\/\" title=\"Leer m\u00e1s\"> <span class=\"button \">Leer m\u00e1s<\/span><\/a><\/div>\n","protected":false},"author":2,"featured_media":10041,"comment_status":"open","ping_status":"open","sticky":false,"template":"","format":"standard","meta":{"footnotes":""},"categories":[1],"tags":[],"class_list":["post-10075","post","type-post","status-publish","format-standard","has-post-thumbnail","hentry","category-cronica"],"yoast_head":"<!-- This site is optimized with the Yoast SEO plugin v27.5 - https:\/\/yoast.com\/product\/yoast-seo-wordpress\/ -->\n<title>Liceo Polivalente El Bollenar prepara celebraci\u00f3n de sus 71 a\u00f1os de vida - Diario El Labrador<\/title>\n<meta name=\"robots\" content=\"index, follow, max-snippet:-1, max-image-preview:large, max-video-preview:-1\" \/>\n<link rel=\"canonical\" href=\"https:\/\/diarioellabrador.cl\/index.php\/2025\/10\/18\/liceo-polivalente-el-bollenar-prepara-celebracion-de-sus-71-anos-de-vida\/\" \/>\n<meta property=\"og:locale\" content=\"es_ES\" \/>\n<meta property=\"og:type\" content=\"article\" \/>\n<meta property=\"og:title\" content=\"Liceo Polivalente El Bollenar prepara celebraci\u00f3n de sus 71 a\u00f1os de vida - Diario El Labrador\" \/>\n<meta property=\"og:description\" content=\"En pleno proceso de preparaci\u00f3n y organizaci\u00f3n se encuentra la comunidad educativa del liceo polivalente El Bollenar, en el marco de la celebraci\u00f3n de sus 71 a\u00f1os al servicio de la comunidad. Por estos d\u00edas representantes del recinto educativo y apoderados se encuentran organizando un desfile, que busca dar realce a este importante hito, y Leer m\u00e1s\" \/>\n<meta property=\"og:url\" content=\"https:\/\/diarioellabrador.cl\/index.php\/2025\/10\/18\/liceo-polivalente-el-bollenar-prepara-celebracion-de-sus-71-anos-de-vida\/\" \/>\n<meta property=\"og:site_name\" content=\"Diario El Labrador\" \/>\n<meta property=\"article:publisher\" content=\"https:\/\/web.facebook.com\/profile.php?id=61576120840621\" \/>\n<meta property=\"article:published_time\" content=\"2025-10-18T20:29:53+00:00\" \/>\n<meta property=\"article:modified_time\" content=\"2025-10-18T20:29:54+00:00\" \/>\n<meta property=\"og:image\" content=\"https:\/\/diarioellabrador.cl\/wp-content\/uploads\/2025\/10\/Liceo-Polivalente-El-Bollenar-prepara-celebracion-de-sus-71-anos-de-vida.png\" \/>\n\t<meta property=\"og:image:width\" content=\"468\" \/>\n\t<meta property=\"og:image:height\" content=\"544\" \/>\n\t<meta property=\"og:image:type\" content=\"image\/png\" \/>\n<meta name=\"author\" content=\"Editor\" \/>\n<meta name=\"twitter:card\" content=\"summary_large_image\" \/>\n<meta name=\"twitter:creator\" content=\"@ElLabradorOf\" \/>\n<meta name=\"twitter:site\" content=\"@ElLabradorOf\" \/>\n<meta name=\"twitter:label1\" content=\"Escrito por\" \/>\n\t<meta name=\"twitter:data1\" content=\"Editor\" \/>\n\t<meta name=\"twitter:label2\" content=\"Tiempo de lectura\" \/>\n\t<meta name=\"twitter:data2\" content=\"1 minuto\" \/>\n<script type=\"application\/ld+json\" class=\"yoast-schema-graph\">{\"@context\":\"https:\\\/\\\/schema.org\",\"@graph\":[{\"@type\":\"Article\",\"@id\":\"https:\\\/\\\/diarioellabrador.cl\\\/index.php\\\/2025\\\/10\\\/18\\\/liceo-polivalente-el-bollenar-prepara-celebracion-de-sus-71-anos-de-vida\\\/#article\",\"isPartOf\":{\"@id\":\"https:\\\/\\\/diarioellabrador.cl\\\/index.php\\\/2025\\\/10\\\/18\\\/liceo-polivalente-el-bollenar-prepara-celebracion-de-sus-71-anos-de-vida\\\/\"},\"author\":{\"name\":\"Editor\",\"@id\":\"https:\\\/\\\/diarioellabrador.cl\\\/#\\\/schema\\\/person\\\/bc25ff80b4563f9c7f4bd7855df01685\"},\"headline\":\"Liceo Polivalente El Bollenar prepara celebraci\u00f3n de sus 71 a\u00f1os de vida\",\"datePublished\":\"2025-10-18T20:29:53+00:00\",\"dateModified\":\"2025-10-18T20:29:54+00:00\",\"mainEntityOfPage\":{\"@id\":\"https:\\\/\\\/diarioellabrador.cl\\\/index.php\\\/2025\\\/10\\\/18\\\/liceo-polivalente-el-bollenar-prepara-celebracion-de-sus-71-anos-de-vida\\\/\"},\"wordCount\":156,\"commentCount\":0,\"publisher\":{\"@id\":\"https:\\\/\\\/diarioellabrador.cl\\\/#organization\"},\"image\":{\"@id\":\"https:\\\/\\\/diarioellabrador.cl\\\/index.php\\\/2025\\\/10\\\/18\\\/liceo-polivalente-el-bollenar-prepara-celebracion-de-sus-71-anos-de-vida\\\/#primaryimage\"},\"thumbnailUrl\":\"https:\\\/\\\/diarioellabrador.cl\\\/wp-content\\\/uploads\\\/2025\\\/10\\\/Liceo-Polivalente-El-Bollenar-prepara-celebracion-de-sus-71-anos-de-vida.png\",\"articleSection\":[\"Cr\u00f3nica\"],\"inLanguage\":\"es\",\"potentialAction\":[{\"@type\":\"CommentAction\",\"name\":\"Comment\",\"target\":[\"https:\\\/\\\/diarioellabrador.cl\\\/index.php\\\/2025\\\/10\\\/18\\\/liceo-polivalente-el-bollenar-prepara-celebracion-de-sus-71-anos-de-vida\\\/#respond\"]}]},{\"@type\":\"WebPage\",\"@id\":\"https:\\\/\\\/diarioellabrador.cl\\\/index.php\\\/2025\\\/10\\\/18\\\/liceo-polivalente-el-bollenar-prepara-celebracion-de-sus-71-anos-de-vida\\\/\",\"url\":\"https:\\\/\\\/diarioellabrador.cl\\\/index.php\\\/2025\\\/10\\\/18\\\/liceo-polivalente-el-bollenar-prepara-celebracion-de-sus-71-anos-de-vida\\\/\",\"name\":\"Liceo Polivalente El Bollenar prepara celebraci\u00f3n de sus 71 a\u00f1os de vida - Diario El Labrador\",\"isPartOf\":{\"@id\":\"https:\\\/\\\/diarioellabrador.cl\\\/#website\"},\"primaryImageOfPage\":{\"@id\":\"https:\\\/\\\/diarioellabrador.cl\\\/index.php\\\/2025\\\/10\\\/18\\\/liceo-polivalente-el-bollenar-prepara-celebracion-de-sus-71-anos-de-vida\\\/#primaryimage\"},\"image\":{\"@id\":\"https:\\\/\\\/diarioellabrador.cl\\\/index.php\\\/2025\\\/10\\\/18\\\/liceo-polivalente-el-bollenar-prepara-celebracion-de-sus-71-anos-de-vida\\\/#primaryimage\"},\"thumbnailUrl\":\"https:\\\/\\\/diarioellabrador.cl\\\/wp-content\\\/uploads\\\/2025\\\/10\\\/Liceo-Polivalente-El-Bollenar-prepara-celebracion-de-sus-71-anos-de-vida.png\",\"datePublished\":\"2025-10-18T20:29:53+00:00\",\"dateModified\":\"2025-10-18T20:29:54+00:00\",\"breadcrumb\":{\"@id\":\"https:\\\/\\\/diarioellabrador.cl\\\/index.php\\\/2025\\\/10\\\/18\\\/liceo-polivalente-el-bollenar-prepara-celebracion-de-sus-71-anos-de-vida\\\/#breadcrumb\"},\"inLanguage\":\"es\",\"potentialAction\":[{\"@type\":\"ReadAction\",\"target\":[\"https:\\\/\\\/diarioellabrador.cl\\\/index.php\\\/2025\\\/10\\\/18\\\/liceo-polivalente-el-bollenar-prepara-celebracion-de-sus-71-anos-de-vida\\\/\"]}]},{\"@type\":\"ImageObject\",\"inLanguage\":\"es\",\"@id\":\"https:\\\/\\\/diarioellabrador.cl\\\/index.php\\\/2025\\\/10\\\/18\\\/liceo-polivalente-el-bollenar-prepara-celebracion-de-sus-71-anos-de-vida\\\/#primaryimage\",\"url\":\"https:\\\/\\\/diarioellabrador.cl\\\/wp-content\\\/uploads\\\/2025\\\/10\\\/Liceo-Polivalente-El-Bollenar-prepara-celebracion-de-sus-71-anos-de-vida.png\",\"contentUrl\":\"https:\\\/\\\/diarioellabrador.cl\\\/wp-content\\\/uploads\\\/2025\\\/10\\\/Liceo-Polivalente-El-Bollenar-prepara-celebracion-de-sus-71-anos-de-vida.png\",\"width\":468,\"height\":544},{\"@type\":\"BreadcrumbList\",\"@id\":\"https:\\\/\\\/diarioellabrador.cl\\\/index.php\\\/2025\\\/10\\\/18\\\/liceo-polivalente-el-bollenar-prepara-celebracion-de-sus-71-anos-de-vida\\\/#breadcrumb\",\"itemListElement\":[{\"@type\":\"ListItem\",\"position\":1,\"name\":\"Portada\",\"item\":\"https:\\\/\\\/diarioellabrador.cl\\\/\"},{\"@type\":\"ListItem\",\"position\":2,\"name\":\"Liceo Polivalente El Bollenar prepara celebraci\u00f3n de sus 71 a\u00f1os de vida\"}]},{\"@type\":\"WebSite\",\"@id\":\"https:\\\/\\\/diarioellabrador.cl\\\/#website\",\"url\":\"https:\\\/\\\/diarioellabrador.cl\\\/\",\"name\":\"Diario El Labrador\",\"description\":\"Haciendo noticia desde 1921\",\"publisher\":{\"@id\":\"https:\\\/\\\/diarioellabrador.cl\\\/#organization\"},\"potentialAction\":[{\"@type\":\"SearchAction\",\"target\":{\"@type\":\"EntryPoint\",\"urlTemplate\":\"https:\\\/\\\/diarioellabrador.cl\\\/?s={search_term_string}\"},\"query-input\":{\"@type\":\"PropertyValueSpecification\",\"valueRequired\":true,\"valueName\":\"search_term_string\"}}],\"inLanguage\":\"es\"},{\"@type\":\"Organization\",\"@id\":\"https:\\\/\\\/diarioellabrador.cl\\\/#organization\",\"name\":\"Diario El Labrador\",\"url\":\"https:\\\/\\\/diarioellabrador.cl\\\/\",\"logo\":{\"@type\":\"ImageObject\",\"inLanguage\":\"es\",\"@id\":\"https:\\\/\\\/diarioellabrador.cl\\\/#\\\/schema\\\/logo\\\/image\\\/\",\"url\":\"https:\\\/\\\/diarioellabrador.cl\\\/wp-content\\\/uploads\\\/2025\\\/02\\\/cropped-Logo-Icono.png\",\"contentUrl\":\"https:\\\/\\\/diarioellabrador.cl\\\/wp-content\\\/uploads\\\/2025\\\/02\\\/cropped-Logo-Icono.png\",\"width\":512,\"height\":512,\"caption\":\"Diario El Labrador\"},\"image\":{\"@id\":\"https:\\\/\\\/diarioellabrador.cl\\\/#\\\/schema\\\/logo\\\/image\\\/\"},\"sameAs\":[\"https:\\\/\\\/web.facebook.com\\\/profile.php?id=61576120840621\",\"https:\\\/\\\/x.com\\\/ElLabradorOf\",\"https:\\\/\\\/www.instagram.com\\\/diarioellabradoroficial\\\/\"]},{\"@type\":\"Person\",\"@id\":\"https:\\\/\\\/diarioellabrador.cl\\\/#\\\/schema\\\/person\\\/bc25ff80b4563f9c7f4bd7855df01685\",\"name\":\"Editor\",\"image\":{\"@type\":\"ImageObject\",\"inLanguage\":\"es\",\"@id\":\"https:\\\/\\\/secure.gravatar.com\\\/avatar\\\/109c326cf2be5c04f048c2c2a2b8b6ef44bf3d8d1d3d4c55d0ac40c4bc994684?s=96&d=mm&r=g\",\"url\":\"https:\\\/\\\/secure.gravatar.com\\\/avatar\\\/109c326cf2be5c04f048c2c2a2b8b6ef44bf3d8d1d3d4c55d0ac40c4bc994684?s=96&d=mm&r=g\",\"contentUrl\":\"https:\\\/\\\/secure.gravatar.com\\\/avatar\\\/109c326cf2be5c04f048c2c2a2b8b6ef44bf3d8d1d3d4c55d0ac40c4bc994684?s=96&d=mm&r=g\",\"caption\":\"Editor\"},\"url\":\"https:\\\/\\\/diarioellabrador.cl\\\/index.php\\\/author\\\/editor\\\/\"}]}<\/script>\n<!-- \/ Yoast SEO plugin. -->","yoast_head_json":{"title":"Liceo Polivalente El Bollenar prepara celebraci\u00f3n de sus 71 a\u00f1os de vida - Diario El Labrador","robots":{"index":"index","follow":"follow","max-snippet":"max-snippet:-1","max-image-preview":"max-image-preview:large","max-video-preview":"max-video-preview:-1"},"canonical":"https:\/\/diarioellabrador.cl\/index.php\/2025\/10\/18\/liceo-polivalente-el-bollenar-prepara-celebracion-de-sus-71-anos-de-vida\/","og_locale":"es_ES","og_type":"article","og_title":"Liceo Polivalente El Bollenar prepara celebraci\u00f3n de sus 71 a\u00f1os de vida - Diario El Labrador","og_description":"En pleno proceso de preparaci\u00f3n y organizaci\u00f3n se encuentra la comunidad educativa del liceo polivalente El Bollenar, en el marco de la celebraci\u00f3n de sus 71 a\u00f1os al servicio de la comunidad. Por estos d\u00edas representantes del recinto educativo y apoderados se encuentran organizando un desfile, que busca dar realce a este importante hito, y Leer m\u00e1s","og_url":"https:\/\/diarioellabrador.cl\/index.php\/2025\/10\/18\/liceo-polivalente-el-bollenar-prepara-celebracion-de-sus-71-anos-de-vida\/","og_site_name":"Diario El Labrador","article_publisher":"https:\/\/web.facebook.com\/profile.php?id=61576120840621","article_published_time":"2025-10-18T20:29:53+00:00","article_modified_time":"2025-10-18T20:29:54+00:00","og_image":[{"width":468,"height":544,"url":"https:\/\/diarioellabrador.cl\/wp-content\/uploads\/2025\/10\/Liceo-Polivalente-El-Bollenar-prepara-celebracion-de-sus-71-anos-de-vida.png","type":"image\/png"}],"author":"Editor","twitter_card":"summary_large_image","twitter_creator":"@ElLabradorOf","twitter_site":"@ElLabradorOf","twitter_misc":{"Escrito por":"Editor","Tiempo de lectura":"1 minuto"},"schema":{"@context":"https:\/\/schema.org","@graph":[{"@type":"Article","@id":"https:\/\/diarioellabrador.cl\/index.php\/2025\/10\/18\/liceo-polivalente-el-bollenar-prepara-celebracion-de-sus-71-anos-de-vida\/#article","isPartOf":{"@id":"https:\/\/diarioellabrador.cl\/index.php\/2025\/10\/18\/liceo-polivalente-el-bollenar-prepara-celebracion-de-sus-71-anos-de-vida\/"},"author":{"name":"Editor","@id":"https:\/\/diarioellabrador.cl\/#\/schema\/person\/bc25ff80b4563f9c7f4bd7855df01685"},"headline":"Liceo Polivalente El Bollenar prepara celebraci\u00f3n de sus 71 a\u00f1os de vida","datePublished":"2025-10-18T20:29:53+00:00","dateModified":"2025-10-18T20:29:54+00:00","mainEntityOfPage":{"@id":"https:\/\/diarioellabrador.cl\/index.php\/2025\/10\/18\/liceo-polivalente-el-bollenar-prepara-celebracion-de-sus-71-anos-de-vida\/"},"wordCount":156,"commentCount":0,"publisher":{"@id":"https:\/\/diarioellabrador.cl\/#organization"},"image":{"@id":"https:\/\/diarioellabrador.cl\/index.php\/2025\/10\/18\/liceo-polivalente-el-bollenar-prepara-celebracion-de-sus-71-anos-de-vida\/#primaryimage"},"thumbnailUrl":"https:\/\/diarioellabrador.cl\/wp-content\/uploads\/2025\/10\/Liceo-Polivalente-El-Bollenar-prepara-celebracion-de-sus-71-anos-de-vida.png","articleSection":["Cr\u00f3nica"],"inLanguage":"es","potentialAction":[{"@type":"CommentAction","name":"Comment","target":["https:\/\/diarioellabrador.cl\/index.php\/2025\/10\/18\/liceo-polivalente-el-bollenar-prepara-celebracion-de-sus-71-anos-de-vida\/#respond"]}]},{"@type":"WebPage","@id":"https:\/\/diarioellabrador.cl\/index.php\/2025\/10\/18\/liceo-polivalente-el-bollenar-prepara-celebracion-de-sus-71-anos-de-vida\/","url":"https:\/\/diarioellabrador.cl\/index.php\/2025\/10\/18\/liceo-polivalente-el-bollenar-prepara-celebracion-de-sus-71-anos-de-vida\/","name":"Liceo Polivalente El Bollenar prepara celebraci\u00f3n de sus 71 a\u00f1os de vida - Diario El Labrador","isPartOf":{"@id":"https:\/\/diarioellabrador.cl\/#website"},"primaryImageOfPage":{"@id":"https:\/\/diarioellabrador.cl\/index.php\/2025\/10\/18\/liceo-polivalente-el-bollenar-prepara-celebracion-de-sus-71-anos-de-vida\/#primaryimage"},"image":{"@id":"https:\/\/diarioellabrador.cl\/index.php\/2025\/10\/18\/liceo-polivalente-el-bollenar-prepara-celebracion-de-sus-71-anos-de-vida\/#primaryimage"},"thumbnailUrl":"https:\/\/diarioellabrador.cl\/wp-content\/uploads\/2025\/10\/Liceo-Polivalente-El-Bollenar-prepara-celebracion-de-sus-71-anos-de-vida.png","datePublished":"2025-10-18T20:29:53+00:00","dateModified":"2025-10-18T20:29:54+00:00","breadcrumb":{"@id":"https:\/\/diarioellabrador.cl\/index.php\/2025\/10\/18\/liceo-polivalente-el-bollenar-prepara-celebracion-de-sus-71-anos-de-vida\/#breadcrumb"},"inLanguage":"es","potentialAction":[{"@type":"ReadAction","target":["https:\/\/diarioellabrador.cl\/index.php\/2025\/10\/18\/liceo-polivalente-el-bollenar-prepara-celebracion-de-sus-71-anos-de-vida\/"]}]},{"@type":"ImageObject","inLanguage":"es","@id":"https:\/\/diarioellabrador.cl\/index.php\/2025\/10\/18\/liceo-polivalente-el-bollenar-prepara-celebracion-de-sus-71-anos-de-vida\/#primaryimage","url":"https:\/\/diarioellabrador.cl\/wp-content\/uploads\/2025\/10\/Liceo-Polivalente-El-Bollenar-prepara-celebracion-de-sus-71-anos-de-vida.png","contentUrl":"https:\/\/diarioellabrador.cl\/wp-content\/uploads\/2025\/10\/Liceo-Polivalente-El-Bollenar-prepara-celebracion-de-sus-71-anos-de-vida.png","width":468,"height":544},{"@type":"BreadcrumbList","@id":"https:\/\/diarioellabrador.cl\/index.php\/2025\/10\/18\/liceo-polivalente-el-bollenar-prepara-celebracion-de-sus-71-anos-de-vida\/#breadcrumb","itemListElement":[{"@type":"ListItem","position":1,"name":"Portada","item":"https:\/\/diarioellabrador.cl\/"},{"@type":"ListItem","position":2,"name":"Liceo Polivalente El Bollenar prepara celebraci\u00f3n de sus 71 a\u00f1os de vida"}]},{"@type":"WebSite","@id":"https:\/\/diarioellabrador.cl\/#website","url":"https:\/\/diarioellabrador.cl\/","name":"Diario El Labrador","description":"Haciendo noticia desde 1921","publisher":{"@id":"https:\/\/diarioellabrador.cl\/#organization"},"potentialAction":[{"@type":"SearchAction","target":{"@type":"EntryPoint","urlTemplate":"https:\/\/diarioellabrador.cl\/?s={search_term_string}"},"query-input":{"@type":"PropertyValueSpecification","valueRequired":true,"valueName":"search_term_string"}}],"inLanguage":"es"},{"@type":"Organization","@id":"https:\/\/diarioellabrador.cl\/#organization","name":"Diario El Labrador","url":"https:\/\/diarioellabrador.cl\/","logo":{"@type":"ImageObject","inLanguage":"es","@id":"https:\/\/diarioellabrador.cl\/#\/schema\/logo\/image\/","url":"https:\/\/diarioellabrador.cl\/wp-content\/uploads\/2025\/02\/cropped-Logo-Icono.png","contentUrl":"https:\/\/diarioellabrador.cl\/wp-content\/uploads\/2025\/02\/cropped-Logo-Icono.png","width":512,"height":512,"caption":"Diario El Labrador"},"image":{"@id":"https:\/\/diarioellabrador.cl\/#\/schema\/logo\/image\/"},"sameAs":["https:\/\/web.facebook.com\/profile.php?id=61576120840621","https:\/\/x.com\/ElLabradorOf","https:\/\/www.instagram.com\/diarioellabradoroficial\/"]},{"@type":"Person","@id":"https:\/\/diarioellabrador.cl\/#\/schema\/person\/bc25ff80b4563f9c7f4bd7855df01685","name":"Editor","image":{"@type":"ImageObject","inLanguage":"es","@id":"https:\/\/secure.gravatar.com\/avatar\/109c326cf2be5c04f048c2c2a2b8b6ef44bf3d8d1d3d4c55d0ac40c4bc994684?s=96&d=mm&r=g","url":"https:\/\/secure.gravatar.com\/avatar\/109c326cf2be5c04f048c2c2a2b8b6ef44bf3d8d1d3d4c55d0ac40c4bc994684?s=96&d=mm&r=g","contentUrl":"https:\/\/secure.gravatar.com\/avatar\/109c326cf2be5c04f048c2c2a2b8b6ef44bf3d8d1d3d4c55d0ac40c4bc994684?s=96&d=mm&r=g","caption":"Editor"},"url":"https:\/\/diarioellabrador.cl\/index.php\/author\/editor\/"}]}},"_links":{"self":[{"href":"https:\/\/diarioellabrador.cl\/index.php\/wp-json\/wp\/v2\/posts\/10075","targetHints":{"allow":["GET"]}}],"collection":[{"href":"https:\/\/diarioellabrador.cl\/index.php\/wp-json\/wp\/v2\/posts"}],"about":[{"href":"https:\/\/diarioellabrador.cl\/index.php\/wp-json\/wp\/v2\/types\/post"}],"author":[{"embeddable":true,"href":"https:\/\/diarioellabrador.cl\/index.php\/wp-json\/wp\/v2\/users\/2"}],"replies":[{"embeddable":true,"href":"https:\/\/diarioellabrador.cl\/index.php\/wp-json\/wp\/v2\/comments?post=10075"}],"version-history":[{"count":1,"href":"https:\/\/diarioellabrador.cl\/index.php\/wp-json\/wp\/v2\/posts\/10075\/revisions"}],"predecessor-version":[{"id":10076,"href":"https:\/\/diarioellabrador.cl\/index.php\/wp-json\/wp\/v2\/posts\/10075\/revisions\/10076"}],"wp:featuredmedia":[{"embeddable":true,"href":"https:\/\/diarioellabrador.cl\/index.php\/wp-json\/wp\/v2\/media\/10041"}],"wp:attachment":[{"href":"https:\/\/diarioellabrador.cl\/index.php\/wp-json\/wp\/v2\/media?parent=10075"}],"wp:term":[{"taxonomy":"category","embeddable":true,"href":"https:\/\/diarioellabrador.cl\/index.php\/wp-json\/wp\/v2\/categories?post=10075"},{"taxonomy":"post_tag","embeddable":true,"href":"https:\/\/diarioellabrador.cl\/index.php\/wp-json\/wp\/v2\/tags?post=10075"}],"curies":[{"name":"wp","href":"https:\/\/api.w.org\/{rel}","templated":true}]}}