{"id":10069,"date":"2025-10-18T16:28:13","date_gmt":"2025-10-18T20:28:13","guid":{"rendered":"https:\/\/diarioellabrador.cl\/?p=10069"},"modified":"2025-10-18T16:28:13","modified_gmt":"2025-10-18T20:28:13","slug":"escuela-claudio-arrau-implementa-programa-de-prevencion-de-trastornos-alimentarios","status":"publish","type":"post","link":"https:\/\/diarioellabrador.cl\/index.php\/2025\/10\/18\/escuela-claudio-arrau-implementa-programa-de-prevencion-de-trastornos-alimentarios\/","title":{"rendered":"Escuela Claudio Arrau implementa programa de prevenci\u00f3n de trastornos alimentarios\u00a0"},"content":{"rendered":"\n<p>La Escuela Claudio Arrau se convirti\u00f3 en la primera instituci\u00f3n educativa de la comuna en implementar un programa especializado de prevenci\u00f3n de Trastornos de la Conducta Alimentaria (TCA), impulsado por la Corporaci\u00f3n Municipal de Melipilla en colaboraci\u00f3n con la Fundaci\u00f3n Petra.<\/p>\n\n\n\n<p>La iniciativa, denominada \u201cEducaci\u00f3n y Detecci\u00f3n Temprana de los TCA\u201d, tiene como prop\u00f3sito sensibilizar a la comunidad escolar, educar sobre estas problem\u00e1ticas de salud mental y establecer mecanismos de detecci\u00f3n oportuna que permitan intervenir de forma adecuada ante posibles casos. Durante la jornada de ayer se presentaron los resultados preliminares del programa, los cuales evidenciaron la necesidad urgente de fortalecer los sistemas de acompa\u00f1amiento y contenci\u00f3n emocional dentro del establecimiento.<\/p>\n\n\n\n<p>En respuesta a estos hallazgos, el equipo de convivencia educativa de la escuela, junto a Fundaci\u00f3n Petra, desarroll\u00f3 un protocolo de actuaci\u00f3n ante la sospecha de TCA, el cual ser\u00e1 parte del plan de acci\u00f3n institucional. Desde la Corporaci\u00f3n Municipal destacaron la importancia de abordar tempranamente estas enfermedades, ya que su identificaci\u00f3n precoz es clave para prevenir cuadros m\u00e1s graves y garantizar el bienestar integral de los estudiantes.<\/p>\n\n\n\n<p>Esta iniciativa marca un paso significativo hacia una educaci\u00f3n m\u00e1s consciente y comprometida con la salud mental, posicionando a la Escuela Claudio Arrau como referente local en prevenci\u00f3n y atenci\u00f3n temprana en el \u00e1mbito escolar.<\/p>\n","protected":false},"excerpt":{"rendered":"<p>La Escuela Claudio Arrau se convirti\u00f3 en la primera instituci\u00f3n educativa de la comuna en implementar un programa especializado de prevenci\u00f3n de Trastornos de la Conducta Alimentaria (TCA), impulsado por la Corporaci\u00f3n Municipal de Melipilla en colaboraci\u00f3n con la Fundaci\u00f3n Petra. La iniciativa, denominada \u201cEducaci\u00f3n y Detecci\u00f3n Temprana de los TCA\u201d, tiene como prop\u00f3sito sensibilizar<\/p>\n<div class=\"read-more-wrapper\"><a class=\"read-more\" href=\"https:\/\/diarioellabrador.cl\/index.php\/2025\/10\/18\/escuela-claudio-arrau-implementa-programa-de-prevencion-de-trastornos-alimentarios\/\" title=\"Leer m\u00e1s\"> <span class=\"button \">Leer m\u00e1s<\/span><\/a><\/div>\n","protected":false},"author":2,"featured_media":10047,"comment_status":"open","ping_status":"open","sticky":false,"template":"","format":"standard","meta":{"footnotes":""},"categories":[1],"tags":[],"class_list":["post-10069","post","type-post","status-publish","format-standard","has-post-thumbnail","hentry","category-cronica"],"yoast_head":"<!-- This site is optimized with the Yoast SEO plugin v27.5 - https:\/\/yoast.com\/product\/yoast-seo-wordpress\/ -->\n<title>Escuela Claudio Arrau implementa programa de prevenci\u00f3n de trastornos alimentarios\u00a0 - Diario El Labrador<\/title>\n<meta name=\"robots\" content=\"index, follow, max-snippet:-1, max-image-preview:large, max-video-preview:-1\" \/>\n<link rel=\"canonical\" href=\"https:\/\/diarioellabrador.cl\/index.php\/2025\/10\/18\/escuela-claudio-arrau-implementa-programa-de-prevencion-de-trastornos-alimentarios\/\" \/>\n<meta property=\"og:locale\" content=\"es_ES\" \/>\n<meta property=\"og:type\" content=\"article\" \/>\n<meta property=\"og:title\" content=\"Escuela Claudio Arrau implementa programa de prevenci\u00f3n de trastornos alimentarios\u00a0 - Diario El Labrador\" \/>\n<meta property=\"og:description\" content=\"La Escuela Claudio Arrau se convirti\u00f3 en la primera instituci\u00f3n educativa de la comuna en implementar un programa especializado de prevenci\u00f3n de Trastornos de la Conducta Alimentaria (TCA), impulsado por la Corporaci\u00f3n Municipal de Melipilla en colaboraci\u00f3n con la Fundaci\u00f3n Petra. La iniciativa, denominada \u201cEducaci\u00f3n y Detecci\u00f3n Temprana de los TCA\u201d, tiene como prop\u00f3sito sensibilizar Leer m\u00e1s\" \/>\n<meta property=\"og:url\" content=\"https:\/\/diarioellabrador.cl\/index.php\/2025\/10\/18\/escuela-claudio-arrau-implementa-programa-de-prevencion-de-trastornos-alimentarios\/\" \/>\n<meta property=\"og:site_name\" content=\"Diario El Labrador\" \/>\n<meta property=\"article:publisher\" content=\"https:\/\/web.facebook.com\/profile.php?id=61576120840621\" \/>\n<meta property=\"article:published_time\" content=\"2025-10-18T20:28:13+00:00\" \/>\n<meta property=\"og:image\" content=\"https:\/\/diarioellabrador.cl\/wp-content\/uploads\/2025\/10\/IMG_1420.jpeg\" \/>\n\t<meta property=\"og:image:width\" content=\"1440\" \/>\n\t<meta property=\"og:image:height\" content=\"960\" \/>\n\t<meta property=\"og:image:type\" content=\"image\/jpeg\" \/>\n<meta name=\"author\" content=\"Editor\" \/>\n<meta name=\"twitter:card\" content=\"summary_large_image\" \/>\n<meta name=\"twitter:creator\" content=\"@ElLabradorOf\" \/>\n<meta name=\"twitter:site\" content=\"@ElLabradorOf\" \/>\n<meta name=\"twitter:label1\" content=\"Escrito por\" \/>\n\t<meta name=\"twitter:data1\" content=\"Editor\" \/>\n\t<meta name=\"twitter:label2\" content=\"Tiempo de lectura\" \/>\n\t<meta name=\"twitter:data2\" content=\"1 minuto\" \/>\n<script type=\"application\/ld+json\" class=\"yoast-schema-graph\">{\"@context\":\"https:\\\/\\\/schema.org\",\"@graph\":[{\"@type\":\"Article\",\"@id\":\"https:\\\/\\\/diarioellabrador.cl\\\/index.php\\\/2025\\\/10\\\/18\\\/escuela-claudio-arrau-implementa-programa-de-prevencion-de-trastornos-alimentarios\\\/#article\",\"isPartOf\":{\"@id\":\"https:\\\/\\\/diarioellabrador.cl\\\/index.php\\\/2025\\\/10\\\/18\\\/escuela-claudio-arrau-implementa-programa-de-prevencion-de-trastornos-alimentarios\\\/\"},\"author\":{\"name\":\"Editor\",\"@id\":\"https:\\\/\\\/diarioellabrador.cl\\\/#\\\/schema\\\/person\\\/bc25ff80b4563f9c7f4bd7855df01685\"},\"headline\":\"Escuela Claudio Arrau implementa programa de prevenci\u00f3n de trastornos alimentarios\u00a0\",\"datePublished\":\"2025-10-18T20:28:13+00:00\",\"mainEntityOfPage\":{\"@id\":\"https:\\\/\\\/diarioellabrador.cl\\\/index.php\\\/2025\\\/10\\\/18\\\/escuela-claudio-arrau-implementa-programa-de-prevencion-de-trastornos-alimentarios\\\/\"},\"wordCount\":247,\"commentCount\":0,\"publisher\":{\"@id\":\"https:\\\/\\\/diarioellabrador.cl\\\/#organization\"},\"image\":{\"@id\":\"https:\\\/\\\/diarioellabrador.cl\\\/index.php\\\/2025\\\/10\\\/18\\\/escuela-claudio-arrau-implementa-programa-de-prevencion-de-trastornos-alimentarios\\\/#primaryimage\"},\"thumbnailUrl\":\"https:\\\/\\\/diarioellabrador.cl\\\/wp-content\\\/uploads\\\/2025\\\/10\\\/IMG_1420.jpeg\",\"articleSection\":[\"Cr\u00f3nica\"],\"inLanguage\":\"es\",\"potentialAction\":[{\"@type\":\"CommentAction\",\"name\":\"Comment\",\"target\":[\"https:\\\/\\\/diarioellabrador.cl\\\/index.php\\\/2025\\\/10\\\/18\\\/escuela-claudio-arrau-implementa-programa-de-prevencion-de-trastornos-alimentarios\\\/#respond\"]}]},{\"@type\":\"WebPage\",\"@id\":\"https:\\\/\\\/diarioellabrador.cl\\\/index.php\\\/2025\\\/10\\\/18\\\/escuela-claudio-arrau-implementa-programa-de-prevencion-de-trastornos-alimentarios\\\/\",\"url\":\"https:\\\/\\\/diarioellabrador.cl\\\/index.php\\\/2025\\\/10\\\/18\\\/escuela-claudio-arrau-implementa-programa-de-prevencion-de-trastornos-alimentarios\\\/\",\"name\":\"Escuela Claudio Arrau implementa programa de prevenci\u00f3n de trastornos alimentarios\u00a0 - Diario El Labrador\",\"isPartOf\":{\"@id\":\"https:\\\/\\\/diarioellabrador.cl\\\/#website\"},\"primaryImageOfPage\":{\"@id\":\"https:\\\/\\\/diarioellabrador.cl\\\/index.php\\\/2025\\\/10\\\/18\\\/escuela-claudio-arrau-implementa-programa-de-prevencion-de-trastornos-alimentarios\\\/#primaryimage\"},\"image\":{\"@id\":\"https:\\\/\\\/diarioellabrador.cl\\\/index.php\\\/2025\\\/10\\\/18\\\/escuela-claudio-arrau-implementa-programa-de-prevencion-de-trastornos-alimentarios\\\/#primaryimage\"},\"thumbnailUrl\":\"https:\\\/\\\/diarioellabrador.cl\\\/wp-content\\\/uploads\\\/2025\\\/10\\\/IMG_1420.jpeg\",\"datePublished\":\"2025-10-18T20:28:13+00:00\",\"breadcrumb\":{\"@id\":\"https:\\\/\\\/diarioellabrador.cl\\\/index.php\\\/2025\\\/10\\\/18\\\/escuela-claudio-arrau-implementa-programa-de-prevencion-de-trastornos-alimentarios\\\/#breadcrumb\"},\"inLanguage\":\"es\",\"potentialAction\":[{\"@type\":\"ReadAction\",\"target\":[\"https:\\\/\\\/diarioellabrador.cl\\\/index.php\\\/2025\\\/10\\\/18\\\/escuela-claudio-arrau-implementa-programa-de-prevencion-de-trastornos-alimentarios\\\/\"]}]},{\"@type\":\"ImageObject\",\"inLanguage\":\"es\",\"@id\":\"https:\\\/\\\/diarioellabrador.cl\\\/index.php\\\/2025\\\/10\\\/18\\\/escuela-claudio-arrau-implementa-programa-de-prevencion-de-trastornos-alimentarios\\\/#primaryimage\",\"url\":\"https:\\\/\\\/diarioellabrador.cl\\\/wp-content\\\/uploads\\\/2025\\\/10\\\/IMG_1420.jpeg\",\"contentUrl\":\"https:\\\/\\\/diarioellabrador.cl\\\/wp-content\\\/uploads\\\/2025\\\/10\\\/IMG_1420.jpeg\",\"width\":1440,\"height\":960},{\"@type\":\"BreadcrumbList\",\"@id\":\"https:\\\/\\\/diarioellabrador.cl\\\/index.php\\\/2025\\\/10\\\/18\\\/escuela-claudio-arrau-implementa-programa-de-prevencion-de-trastornos-alimentarios\\\/#breadcrumb\",\"itemListElement\":[{\"@type\":\"ListItem\",\"position\":1,\"name\":\"Portada\",\"item\":\"https:\\\/\\\/diarioellabrador.cl\\\/\"},{\"@type\":\"ListItem\",\"position\":2,\"name\":\"Escuela Claudio Arrau implementa programa de prevenci\u00f3n de trastornos alimentarios\u00a0\"}]},{\"@type\":\"WebSite\",\"@id\":\"https:\\\/\\\/diarioellabrador.cl\\\/#website\",\"url\":\"https:\\\/\\\/diarioellabrador.cl\\\/\",\"name\":\"Diario El Labrador\",\"description\":\"Haciendo noticia desde 1921\",\"publisher\":{\"@id\":\"https:\\\/\\\/diarioellabrador.cl\\\/#organization\"},\"potentialAction\":[{\"@type\":\"SearchAction\",\"target\":{\"@type\":\"EntryPoint\",\"urlTemplate\":\"https:\\\/\\\/diarioellabrador.cl\\\/?s={search_term_string}\"},\"query-input\":{\"@type\":\"PropertyValueSpecification\",\"valueRequired\":true,\"valueName\":\"search_term_string\"}}],\"inLanguage\":\"es\"},{\"@type\":\"Organization\",\"@id\":\"https:\\\/\\\/diarioellabrador.cl\\\/#organization\",\"name\":\"Diario El Labrador\",\"url\":\"https:\\\/\\\/diarioellabrador.cl\\\/\",\"logo\":{\"@type\":\"ImageObject\",\"inLanguage\":\"es\",\"@id\":\"https:\\\/\\\/diarioellabrador.cl\\\/#\\\/schema\\\/logo\\\/image\\\/\",\"url\":\"https:\\\/\\\/diarioellabrador.cl\\\/wp-content\\\/uploads\\\/2025\\\/02\\\/cropped-Logo-Icono.png\",\"contentUrl\":\"https:\\\/\\\/diarioellabrador.cl\\\/wp-content\\\/uploads\\\/2025\\\/02\\\/cropped-Logo-Icono.png\",\"width\":512,\"height\":512,\"caption\":\"Diario El Labrador\"},\"image\":{\"@id\":\"https:\\\/\\\/diarioellabrador.cl\\\/#\\\/schema\\\/logo\\\/image\\\/\"},\"sameAs\":[\"https:\\\/\\\/web.facebook.com\\\/profile.php?id=61576120840621\",\"https:\\\/\\\/x.com\\\/ElLabradorOf\",\"https:\\\/\\\/www.instagram.com\\\/diarioellabradoroficial\\\/\"]},{\"@type\":\"Person\",\"@id\":\"https:\\\/\\\/diarioellabrador.cl\\\/#\\\/schema\\\/person\\\/bc25ff80b4563f9c7f4bd7855df01685\",\"name\":\"Editor\",\"image\":{\"@type\":\"ImageObject\",\"inLanguage\":\"es\",\"@id\":\"https:\\\/\\\/secure.gravatar.com\\\/avatar\\\/109c326cf2be5c04f048c2c2a2b8b6ef44bf3d8d1d3d4c55d0ac40c4bc994684?s=96&d=mm&r=g\",\"url\":\"https:\\\/\\\/secure.gravatar.com\\\/avatar\\\/109c326cf2be5c04f048c2c2a2b8b6ef44bf3d8d1d3d4c55d0ac40c4bc994684?s=96&d=mm&r=g\",\"contentUrl\":\"https:\\\/\\\/secure.gravatar.com\\\/avatar\\\/109c326cf2be5c04f048c2c2a2b8b6ef44bf3d8d1d3d4c55d0ac40c4bc994684?s=96&d=mm&r=g\",\"caption\":\"Editor\"},\"url\":\"https:\\\/\\\/diarioellabrador.cl\\\/index.php\\\/author\\\/editor\\\/\"}]}<\/script>\n<!-- \/ Yoast SEO plugin. -->","yoast_head_json":{"title":"Escuela Claudio Arrau implementa programa de prevenci\u00f3n de trastornos alimentarios\u00a0 - Diario El Labrador","robots":{"index":"index","follow":"follow","max-snippet":"max-snippet:-1","max-image-preview":"max-image-preview:large","max-video-preview":"max-video-preview:-1"},"canonical":"https:\/\/diarioellabrador.cl\/index.php\/2025\/10\/18\/escuela-claudio-arrau-implementa-programa-de-prevencion-de-trastornos-alimentarios\/","og_locale":"es_ES","og_type":"article","og_title":"Escuela Claudio Arrau implementa programa de prevenci\u00f3n de trastornos alimentarios\u00a0 - Diario El Labrador","og_description":"La Escuela Claudio Arrau se convirti\u00f3 en la primera instituci\u00f3n educativa de la comuna en implementar un programa especializado de prevenci\u00f3n de Trastornos de la Conducta Alimentaria (TCA), impulsado por la Corporaci\u00f3n Municipal de Melipilla en colaboraci\u00f3n con la Fundaci\u00f3n Petra. La iniciativa, denominada \u201cEducaci\u00f3n y Detecci\u00f3n Temprana de los TCA\u201d, tiene como prop\u00f3sito sensibilizar Leer m\u00e1s","og_url":"https:\/\/diarioellabrador.cl\/index.php\/2025\/10\/18\/escuela-claudio-arrau-implementa-programa-de-prevencion-de-trastornos-alimentarios\/","og_site_name":"Diario El Labrador","article_publisher":"https:\/\/web.facebook.com\/profile.php?id=61576120840621","article_published_time":"2025-10-18T20:28:13+00:00","og_image":[{"width":1440,"height":960,"url":"https:\/\/diarioellabrador.cl\/wp-content\/uploads\/2025\/10\/IMG_1420.jpeg","type":"image\/jpeg"}],"author":"Editor","twitter_card":"summary_large_image","twitter_creator":"@ElLabradorOf","twitter_site":"@ElLabradorOf","twitter_misc":{"Escrito por":"Editor","Tiempo de lectura":"1 minuto"},"schema":{"@context":"https:\/\/schema.org","@graph":[{"@type":"Article","@id":"https:\/\/diarioellabrador.cl\/index.php\/2025\/10\/18\/escuela-claudio-arrau-implementa-programa-de-prevencion-de-trastornos-alimentarios\/#article","isPartOf":{"@id":"https:\/\/diarioellabrador.cl\/index.php\/2025\/10\/18\/escuela-claudio-arrau-implementa-programa-de-prevencion-de-trastornos-alimentarios\/"},"author":{"name":"Editor","@id":"https:\/\/diarioellabrador.cl\/#\/schema\/person\/bc25ff80b4563f9c7f4bd7855df01685"},"headline":"Escuela Claudio Arrau implementa programa de prevenci\u00f3n de trastornos alimentarios\u00a0","datePublished":"2025-10-18T20:28:13+00:00","mainEntityOfPage":{"@id":"https:\/\/diarioellabrador.cl\/index.php\/2025\/10\/18\/escuela-claudio-arrau-implementa-programa-de-prevencion-de-trastornos-alimentarios\/"},"wordCount":247,"commentCount":0,"publisher":{"@id":"https:\/\/diarioellabrador.cl\/#organization"},"image":{"@id":"https:\/\/diarioellabrador.cl\/index.php\/2025\/10\/18\/escuela-claudio-arrau-implementa-programa-de-prevencion-de-trastornos-alimentarios\/#primaryimage"},"thumbnailUrl":"https:\/\/diarioellabrador.cl\/wp-content\/uploads\/2025\/10\/IMG_1420.jpeg","articleSection":["Cr\u00f3nica"],"inLanguage":"es","potentialAction":[{"@type":"CommentAction","name":"Comment","target":["https:\/\/diarioellabrador.cl\/index.php\/2025\/10\/18\/escuela-claudio-arrau-implementa-programa-de-prevencion-de-trastornos-alimentarios\/#respond"]}]},{"@type":"WebPage","@id":"https:\/\/diarioellabrador.cl\/index.php\/2025\/10\/18\/escuela-claudio-arrau-implementa-programa-de-prevencion-de-trastornos-alimentarios\/","url":"https:\/\/diarioellabrador.cl\/index.php\/2025\/10\/18\/escuela-claudio-arrau-implementa-programa-de-prevencion-de-trastornos-alimentarios\/","name":"Escuela Claudio Arrau implementa programa de prevenci\u00f3n de trastornos alimentarios\u00a0 - Diario El Labrador","isPartOf":{"@id":"https:\/\/diarioellabrador.cl\/#website"},"primaryImageOfPage":{"@id":"https:\/\/diarioellabrador.cl\/index.php\/2025\/10\/18\/escuela-claudio-arrau-implementa-programa-de-prevencion-de-trastornos-alimentarios\/#primaryimage"},"image":{"@id":"https:\/\/diarioellabrador.cl\/index.php\/2025\/10\/18\/escuela-claudio-arrau-implementa-programa-de-prevencion-de-trastornos-alimentarios\/#primaryimage"},"thumbnailUrl":"https:\/\/diarioellabrador.cl\/wp-content\/uploads\/2025\/10\/IMG_1420.jpeg","datePublished":"2025-10-18T20:28:13+00:00","breadcrumb":{"@id":"https:\/\/diarioellabrador.cl\/index.php\/2025\/10\/18\/escuela-claudio-arrau-implementa-programa-de-prevencion-de-trastornos-alimentarios\/#breadcrumb"},"inLanguage":"es","potentialAction":[{"@type":"ReadAction","target":["https:\/\/diarioellabrador.cl\/index.php\/2025\/10\/18\/escuela-claudio-arrau-implementa-programa-de-prevencion-de-trastornos-alimentarios\/"]}]},{"@type":"ImageObject","inLanguage":"es","@id":"https:\/\/diarioellabrador.cl\/index.php\/2025\/10\/18\/escuela-claudio-arrau-implementa-programa-de-prevencion-de-trastornos-alimentarios\/#primaryimage","url":"https:\/\/diarioellabrador.cl\/wp-content\/uploads\/2025\/10\/IMG_1420.jpeg","contentUrl":"https:\/\/diarioellabrador.cl\/wp-content\/uploads\/2025\/10\/IMG_1420.jpeg","width":1440,"height":960},{"@type":"BreadcrumbList","@id":"https:\/\/diarioellabrador.cl\/index.php\/2025\/10\/18\/escuela-claudio-arrau-implementa-programa-de-prevencion-de-trastornos-alimentarios\/#breadcrumb","itemListElement":[{"@type":"ListItem","position":1,"name":"Portada","item":"https:\/\/diarioellabrador.cl\/"},{"@type":"ListItem","position":2,"name":"Escuela Claudio Arrau implementa programa de prevenci\u00f3n de trastornos alimentarios\u00a0"}]},{"@type":"WebSite","@id":"https:\/\/diarioellabrador.cl\/#website","url":"https:\/\/diarioellabrador.cl\/","name":"Diario El Labrador","description":"Haciendo noticia desde 1921","publisher":{"@id":"https:\/\/diarioellabrador.cl\/#organization"},"potentialAction":[{"@type":"SearchAction","target":{"@type":"EntryPoint","urlTemplate":"https:\/\/diarioellabrador.cl\/?s={search_term_string}"},"query-input":{"@type":"PropertyValueSpecification","valueRequired":true,"valueName":"search_term_string"}}],"inLanguage":"es"},{"@type":"Organization","@id":"https:\/\/diarioellabrador.cl\/#organization","name":"Diario El Labrador","url":"https:\/\/diarioellabrador.cl\/","logo":{"@type":"ImageObject","inLanguage":"es","@id":"https:\/\/diarioellabrador.cl\/#\/schema\/logo\/image\/","url":"https:\/\/diarioellabrador.cl\/wp-content\/uploads\/2025\/02\/cropped-Logo-Icono.png","contentUrl":"https:\/\/diarioellabrador.cl\/wp-content\/uploads\/2025\/02\/cropped-Logo-Icono.png","width":512,"height":512,"caption":"Diario El Labrador"},"image":{"@id":"https:\/\/diarioellabrador.cl\/#\/schema\/logo\/image\/"},"sameAs":["https:\/\/web.facebook.com\/profile.php?id=61576120840621","https:\/\/x.com\/ElLabradorOf","https:\/\/www.instagram.com\/diarioellabradoroficial\/"]},{"@type":"Person","@id":"https:\/\/diarioellabrador.cl\/#\/schema\/person\/bc25ff80b4563f9c7f4bd7855df01685","name":"Editor","image":{"@type":"ImageObject","inLanguage":"es","@id":"https:\/\/secure.gravatar.com\/avatar\/109c326cf2be5c04f048c2c2a2b8b6ef44bf3d8d1d3d4c55d0ac40c4bc994684?s=96&d=mm&r=g","url":"https:\/\/secure.gravatar.com\/avatar\/109c326cf2be5c04f048c2c2a2b8b6ef44bf3d8d1d3d4c55d0ac40c4bc994684?s=96&d=mm&r=g","contentUrl":"https:\/\/secure.gravatar.com\/avatar\/109c326cf2be5c04f048c2c2a2b8b6ef44bf3d8d1d3d4c55d0ac40c4bc994684?s=96&d=mm&r=g","caption":"Editor"},"url":"https:\/\/diarioellabrador.cl\/index.php\/author\/editor\/"}]}},"_links":{"self":[{"href":"https:\/\/diarioellabrador.cl\/index.php\/wp-json\/wp\/v2\/posts\/10069","targetHints":{"allow":["GET"]}}],"collection":[{"href":"https:\/\/diarioellabrador.cl\/index.php\/wp-json\/wp\/v2\/posts"}],"about":[{"href":"https:\/\/diarioellabrador.cl\/index.php\/wp-json\/wp\/v2\/types\/post"}],"author":[{"embeddable":true,"href":"https:\/\/diarioellabrador.cl\/index.php\/wp-json\/wp\/v2\/users\/2"}],"replies":[{"embeddable":true,"href":"https:\/\/diarioellabrador.cl\/index.php\/wp-json\/wp\/v2\/comments?post=10069"}],"version-history":[{"count":1,"href":"https:\/\/diarioellabrador.cl\/index.php\/wp-json\/wp\/v2\/posts\/10069\/revisions"}],"predecessor-version":[{"id":10070,"href":"https:\/\/diarioellabrador.cl\/index.php\/wp-json\/wp\/v2\/posts\/10069\/revisions\/10070"}],"wp:featuredmedia":[{"embeddable":true,"href":"https:\/\/diarioellabrador.cl\/index.php\/wp-json\/wp\/v2\/media\/10047"}],"wp:attachment":[{"href":"https:\/\/diarioellabrador.cl\/index.php\/wp-json\/wp\/v2\/media?parent=10069"}],"wp:term":[{"taxonomy":"category","embeddable":true,"href":"https:\/\/diarioellabrador.cl\/index.php\/wp-json\/wp\/v2\/categories?post=10069"},{"taxonomy":"post_tag","embeddable":true,"href":"https:\/\/diarioellabrador.cl\/index.php\/wp-json\/wp\/v2\/tags?post=10069"}],"curies":[{"name":"wp","href":"https:\/\/api.w.org\/{rel}","templated":true}]}}