{"id":10065,"date":"2025-10-18T16:26:59","date_gmt":"2025-10-18T20:26:59","guid":{"rendered":"https:\/\/diarioellabrador.cl\/?p=10065"},"modified":"2025-10-18T16:27:00","modified_gmt":"2025-10-18T20:27:00","slug":"incendio-destruyo-una-vivienda-en-el-sector-de-huilco-alto","status":"publish","type":"post","link":"https:\/\/diarioellabrador.cl\/index.php\/2025\/10\/18\/incendio-destruyo-una-vivienda-en-el-sector-de-huilco-alto\/","title":{"rendered":"Incendio destruy\u00f3 una vivienda en el sector de Huilco Alto"},"content":{"rendered":"\n<p>Alrededor de las 20.30 horas del viernes las unidades de emergencias fueron alertados de un incendio en el sector de Huilco Alto, incluso el resplandor de las llamas se ve\u00eda de diferentes puntos.<\/p>\n\n\n\n<p>Minutos de angustia y conmoci\u00f3n vivieron los vecinos de la calle Vista Hermosa, la vivienda asignada con el n\u00famero 2087 ard\u00eda en llamas y por lo mismo se solicit\u00f3 la presencia de bomberos quienes al llegar al lugar observaron que el siniestro estaba en fase de libre combusti\u00f3n y con peligro a las viviendas colindantes.<\/p>\n\n\n\n<p>El r\u00e1pido accionar de los voluntarios bomberiles evit\u00f3 que el incendio fuera de mayores proporciones donde una vivienda result\u00f3 completamente afectada por el accionar del fuego y la utilizaci\u00f3n del agua, lamentablemente una mujer con un menor de edad fueron trasladados al hospital de Melipilla donde fueron atendidos en el servicio de urgencia.<\/p>\n\n\n\n<p>Personal de departamento de investigaci\u00f3n de incendios de bomberos realiz\u00f3 pericias en el lugar para establecer la causa basal del incendio, adem\u00e1s la Fiscal\u00eda solicit\u00f3 diligencias a personal de la SIP de Carabineros y el equipo de emergencias del municipio realiz\u00f3 un catastro de los afectados para entregar la primera ayuda social.<\/p>\n","protected":false},"excerpt":{"rendered":"<p>Alrededor de las 20.30 horas del viernes las unidades de emergencias fueron alertados de un incendio en el sector de Huilco Alto, incluso el resplandor de las llamas se ve\u00eda de diferentes puntos. Minutos de angustia y conmoci\u00f3n vivieron los vecinos de la calle Vista Hermosa, la vivienda asignada con el n\u00famero 2087 ard\u00eda en<\/p>\n<div class=\"read-more-wrapper\"><a class=\"read-more\" href=\"https:\/\/diarioellabrador.cl\/index.php\/2025\/10\/18\/incendio-destruyo-una-vivienda-en-el-sector-de-huilco-alto\/\" title=\"Leer m\u00e1s\"> <span class=\"button \">Leer m\u00e1s<\/span><\/a><\/div>\n","protected":false},"author":2,"featured_media":10044,"comment_status":"open","ping_status":"open","sticky":false,"template":"","format":"standard","meta":{"footnotes":""},"categories":[3],"tags":[],"class_list":["post-10065","post","type-post","status-publish","format-standard","has-post-thumbnail","hentry","category-policial"],"yoast_head":"<!-- This site is optimized with the Yoast SEO plugin v27.5 - https:\/\/yoast.com\/product\/yoast-seo-wordpress\/ -->\n<title>Incendio destruy\u00f3 una vivienda en el sector de Huilco Alto - Diario El Labrador<\/title>\n<meta name=\"robots\" content=\"index, follow, max-snippet:-1, max-image-preview:large, max-video-preview:-1\" \/>\n<link rel=\"canonical\" href=\"https:\/\/diarioellabrador.cl\/index.php\/2025\/10\/18\/incendio-destruyo-una-vivienda-en-el-sector-de-huilco-alto\/\" \/>\n<meta property=\"og:locale\" content=\"es_ES\" \/>\n<meta property=\"og:type\" content=\"article\" \/>\n<meta property=\"og:title\" content=\"Incendio destruy\u00f3 una vivienda en el sector de Huilco Alto - Diario El Labrador\" \/>\n<meta property=\"og:description\" content=\"Alrededor de las 20.30 horas del viernes las unidades de emergencias fueron alertados de un incendio en el sector de Huilco Alto, incluso el resplandor de las llamas se ve\u00eda de diferentes puntos. Minutos de angustia y conmoci\u00f3n vivieron los vecinos de la calle Vista Hermosa, la vivienda asignada con el n\u00famero 2087 ard\u00eda en Leer m\u00e1s\" \/>\n<meta property=\"og:url\" content=\"https:\/\/diarioellabrador.cl\/index.php\/2025\/10\/18\/incendio-destruyo-una-vivienda-en-el-sector-de-huilco-alto\/\" \/>\n<meta property=\"og:site_name\" content=\"Diario El Labrador\" \/>\n<meta property=\"article:publisher\" content=\"https:\/\/web.facebook.com\/profile.php?id=61576120840621\" \/>\n<meta property=\"article:published_time\" content=\"2025-10-18T20:26:59+00:00\" \/>\n<meta property=\"article:modified_time\" content=\"2025-10-18T20:27:00+00:00\" \/>\n<meta property=\"og:image\" content=\"https:\/\/diarioellabrador.cl\/wp-content\/uploads\/2025\/10\/Incendio-destruyo-una-vivienda-en-el-sector-de-Huilco-Alto.jpg\" \/>\n\t<meta property=\"og:image:width\" content=\"500\" \/>\n\t<meta property=\"og:image:height\" content=\"333\" \/>\n\t<meta property=\"og:image:type\" content=\"image\/jpeg\" \/>\n<meta name=\"author\" content=\"Editor\" \/>\n<meta name=\"twitter:card\" content=\"summary_large_image\" \/>\n<meta name=\"twitter:creator\" content=\"@ElLabradorOf\" \/>\n<meta name=\"twitter:site\" content=\"@ElLabradorOf\" \/>\n<meta name=\"twitter:label1\" content=\"Escrito por\" \/>\n\t<meta name=\"twitter:data1\" content=\"Editor\" \/>\n\t<meta name=\"twitter:label2\" content=\"Tiempo de lectura\" \/>\n\t<meta name=\"twitter:data2\" content=\"1 minuto\" \/>\n<script type=\"application\/ld+json\" class=\"yoast-schema-graph\">{\"@context\":\"https:\\\/\\\/schema.org\",\"@graph\":[{\"@type\":\"Article\",\"@id\":\"https:\\\/\\\/diarioellabrador.cl\\\/index.php\\\/2025\\\/10\\\/18\\\/incendio-destruyo-una-vivienda-en-el-sector-de-huilco-alto\\\/#article\",\"isPartOf\":{\"@id\":\"https:\\\/\\\/diarioellabrador.cl\\\/index.php\\\/2025\\\/10\\\/18\\\/incendio-destruyo-una-vivienda-en-el-sector-de-huilco-alto\\\/\"},\"author\":{\"name\":\"Editor\",\"@id\":\"https:\\\/\\\/diarioellabrador.cl\\\/#\\\/schema\\\/person\\\/bc25ff80b4563f9c7f4bd7855df01685\"},\"headline\":\"Incendio destruy\u00f3 una vivienda en el sector de Huilco Alto\",\"datePublished\":\"2025-10-18T20:26:59+00:00\",\"dateModified\":\"2025-10-18T20:27:00+00:00\",\"mainEntityOfPage\":{\"@id\":\"https:\\\/\\\/diarioellabrador.cl\\\/index.php\\\/2025\\\/10\\\/18\\\/incendio-destruyo-una-vivienda-en-el-sector-de-huilco-alto\\\/\"},\"wordCount\":211,\"commentCount\":0,\"publisher\":{\"@id\":\"https:\\\/\\\/diarioellabrador.cl\\\/#organization\"},\"image\":{\"@id\":\"https:\\\/\\\/diarioellabrador.cl\\\/index.php\\\/2025\\\/10\\\/18\\\/incendio-destruyo-una-vivienda-en-el-sector-de-huilco-alto\\\/#primaryimage\"},\"thumbnailUrl\":\"https:\\\/\\\/diarioellabrador.cl\\\/wp-content\\\/uploads\\\/2025\\\/10\\\/Incendio-destruyo-una-vivienda-en-el-sector-de-Huilco-Alto.jpg\",\"articleSection\":[\"Policial\"],\"inLanguage\":\"es\",\"potentialAction\":[{\"@type\":\"CommentAction\",\"name\":\"Comment\",\"target\":[\"https:\\\/\\\/diarioellabrador.cl\\\/index.php\\\/2025\\\/10\\\/18\\\/incendio-destruyo-una-vivienda-en-el-sector-de-huilco-alto\\\/#respond\"]}]},{\"@type\":\"WebPage\",\"@id\":\"https:\\\/\\\/diarioellabrador.cl\\\/index.php\\\/2025\\\/10\\\/18\\\/incendio-destruyo-una-vivienda-en-el-sector-de-huilco-alto\\\/\",\"url\":\"https:\\\/\\\/diarioellabrador.cl\\\/index.php\\\/2025\\\/10\\\/18\\\/incendio-destruyo-una-vivienda-en-el-sector-de-huilco-alto\\\/\",\"name\":\"Incendio destruy\u00f3 una vivienda en el sector de Huilco Alto - Diario El Labrador\",\"isPartOf\":{\"@id\":\"https:\\\/\\\/diarioellabrador.cl\\\/#website\"},\"primaryImageOfPage\":{\"@id\":\"https:\\\/\\\/diarioellabrador.cl\\\/index.php\\\/2025\\\/10\\\/18\\\/incendio-destruyo-una-vivienda-en-el-sector-de-huilco-alto\\\/#primaryimage\"},\"image\":{\"@id\":\"https:\\\/\\\/diarioellabrador.cl\\\/index.php\\\/2025\\\/10\\\/18\\\/incendio-destruyo-una-vivienda-en-el-sector-de-huilco-alto\\\/#primaryimage\"},\"thumbnailUrl\":\"https:\\\/\\\/diarioellabrador.cl\\\/wp-content\\\/uploads\\\/2025\\\/10\\\/Incendio-destruyo-una-vivienda-en-el-sector-de-Huilco-Alto.jpg\",\"datePublished\":\"2025-10-18T20:26:59+00:00\",\"dateModified\":\"2025-10-18T20:27:00+00:00\",\"breadcrumb\":{\"@id\":\"https:\\\/\\\/diarioellabrador.cl\\\/index.php\\\/2025\\\/10\\\/18\\\/incendio-destruyo-una-vivienda-en-el-sector-de-huilco-alto\\\/#breadcrumb\"},\"inLanguage\":\"es\",\"potentialAction\":[{\"@type\":\"ReadAction\",\"target\":[\"https:\\\/\\\/diarioellabrador.cl\\\/index.php\\\/2025\\\/10\\\/18\\\/incendio-destruyo-una-vivienda-en-el-sector-de-huilco-alto\\\/\"]}]},{\"@type\":\"ImageObject\",\"inLanguage\":\"es\",\"@id\":\"https:\\\/\\\/diarioellabrador.cl\\\/index.php\\\/2025\\\/10\\\/18\\\/incendio-destruyo-una-vivienda-en-el-sector-de-huilco-alto\\\/#primaryimage\",\"url\":\"https:\\\/\\\/diarioellabrador.cl\\\/wp-content\\\/uploads\\\/2025\\\/10\\\/Incendio-destruyo-una-vivienda-en-el-sector-de-Huilco-Alto.jpg\",\"contentUrl\":\"https:\\\/\\\/diarioellabrador.cl\\\/wp-content\\\/uploads\\\/2025\\\/10\\\/Incendio-destruyo-una-vivienda-en-el-sector-de-Huilco-Alto.jpg\",\"width\":500,\"height\":333},{\"@type\":\"BreadcrumbList\",\"@id\":\"https:\\\/\\\/diarioellabrador.cl\\\/index.php\\\/2025\\\/10\\\/18\\\/incendio-destruyo-una-vivienda-en-el-sector-de-huilco-alto\\\/#breadcrumb\",\"itemListElement\":[{\"@type\":\"ListItem\",\"position\":1,\"name\":\"Portada\",\"item\":\"https:\\\/\\\/diarioellabrador.cl\\\/\"},{\"@type\":\"ListItem\",\"position\":2,\"name\":\"Incendio destruy\u00f3 una vivienda en el sector de Huilco Alto\"}]},{\"@type\":\"WebSite\",\"@id\":\"https:\\\/\\\/diarioellabrador.cl\\\/#website\",\"url\":\"https:\\\/\\\/diarioellabrador.cl\\\/\",\"name\":\"Diario El Labrador\",\"description\":\"Haciendo noticia desde 1921\",\"publisher\":{\"@id\":\"https:\\\/\\\/diarioellabrador.cl\\\/#organization\"},\"potentialAction\":[{\"@type\":\"SearchAction\",\"target\":{\"@type\":\"EntryPoint\",\"urlTemplate\":\"https:\\\/\\\/diarioellabrador.cl\\\/?s={search_term_string}\"},\"query-input\":{\"@type\":\"PropertyValueSpecification\",\"valueRequired\":true,\"valueName\":\"search_term_string\"}}],\"inLanguage\":\"es\"},{\"@type\":\"Organization\",\"@id\":\"https:\\\/\\\/diarioellabrador.cl\\\/#organization\",\"name\":\"Diario El Labrador\",\"url\":\"https:\\\/\\\/diarioellabrador.cl\\\/\",\"logo\":{\"@type\":\"ImageObject\",\"inLanguage\":\"es\",\"@id\":\"https:\\\/\\\/diarioellabrador.cl\\\/#\\\/schema\\\/logo\\\/image\\\/\",\"url\":\"https:\\\/\\\/diarioellabrador.cl\\\/wp-content\\\/uploads\\\/2025\\\/02\\\/cropped-Logo-Icono.png\",\"contentUrl\":\"https:\\\/\\\/diarioellabrador.cl\\\/wp-content\\\/uploads\\\/2025\\\/02\\\/cropped-Logo-Icono.png\",\"width\":512,\"height\":512,\"caption\":\"Diario El Labrador\"},\"image\":{\"@id\":\"https:\\\/\\\/diarioellabrador.cl\\\/#\\\/schema\\\/logo\\\/image\\\/\"},\"sameAs\":[\"https:\\\/\\\/web.facebook.com\\\/profile.php?id=61576120840621\",\"https:\\\/\\\/x.com\\\/ElLabradorOf\",\"https:\\\/\\\/www.instagram.com\\\/diarioellabradoroficial\\\/\"]},{\"@type\":\"Person\",\"@id\":\"https:\\\/\\\/diarioellabrador.cl\\\/#\\\/schema\\\/person\\\/bc25ff80b4563f9c7f4bd7855df01685\",\"name\":\"Editor\",\"image\":{\"@type\":\"ImageObject\",\"inLanguage\":\"es\",\"@id\":\"https:\\\/\\\/secure.gravatar.com\\\/avatar\\\/109c326cf2be5c04f048c2c2a2b8b6ef44bf3d8d1d3d4c55d0ac40c4bc994684?s=96&d=mm&r=g\",\"url\":\"https:\\\/\\\/secure.gravatar.com\\\/avatar\\\/109c326cf2be5c04f048c2c2a2b8b6ef44bf3d8d1d3d4c55d0ac40c4bc994684?s=96&d=mm&r=g\",\"contentUrl\":\"https:\\\/\\\/secure.gravatar.com\\\/avatar\\\/109c326cf2be5c04f048c2c2a2b8b6ef44bf3d8d1d3d4c55d0ac40c4bc994684?s=96&d=mm&r=g\",\"caption\":\"Editor\"},\"url\":\"https:\\\/\\\/diarioellabrador.cl\\\/index.php\\\/author\\\/editor\\\/\"}]}<\/script>\n<!-- \/ Yoast SEO plugin. -->","yoast_head_json":{"title":"Incendio destruy\u00f3 una vivienda en el sector de Huilco Alto - Diario El Labrador","robots":{"index":"index","follow":"follow","max-snippet":"max-snippet:-1","max-image-preview":"max-image-preview:large","max-video-preview":"max-video-preview:-1"},"canonical":"https:\/\/diarioellabrador.cl\/index.php\/2025\/10\/18\/incendio-destruyo-una-vivienda-en-el-sector-de-huilco-alto\/","og_locale":"es_ES","og_type":"article","og_title":"Incendio destruy\u00f3 una vivienda en el sector de Huilco Alto - Diario El Labrador","og_description":"Alrededor de las 20.30 horas del viernes las unidades de emergencias fueron alertados de un incendio en el sector de Huilco Alto, incluso el resplandor de las llamas se ve\u00eda de diferentes puntos. Minutos de angustia y conmoci\u00f3n vivieron los vecinos de la calle Vista Hermosa, la vivienda asignada con el n\u00famero 2087 ard\u00eda en Leer m\u00e1s","og_url":"https:\/\/diarioellabrador.cl\/index.php\/2025\/10\/18\/incendio-destruyo-una-vivienda-en-el-sector-de-huilco-alto\/","og_site_name":"Diario El Labrador","article_publisher":"https:\/\/web.facebook.com\/profile.php?id=61576120840621","article_published_time":"2025-10-18T20:26:59+00:00","article_modified_time":"2025-10-18T20:27:00+00:00","og_image":[{"width":500,"height":333,"url":"https:\/\/diarioellabrador.cl\/wp-content\/uploads\/2025\/10\/Incendio-destruyo-una-vivienda-en-el-sector-de-Huilco-Alto.jpg","type":"image\/jpeg"}],"author":"Editor","twitter_card":"summary_large_image","twitter_creator":"@ElLabradorOf","twitter_site":"@ElLabradorOf","twitter_misc":{"Escrito por":"Editor","Tiempo de lectura":"1 minuto"},"schema":{"@context":"https:\/\/schema.org","@graph":[{"@type":"Article","@id":"https:\/\/diarioellabrador.cl\/index.php\/2025\/10\/18\/incendio-destruyo-una-vivienda-en-el-sector-de-huilco-alto\/#article","isPartOf":{"@id":"https:\/\/diarioellabrador.cl\/index.php\/2025\/10\/18\/incendio-destruyo-una-vivienda-en-el-sector-de-huilco-alto\/"},"author":{"name":"Editor","@id":"https:\/\/diarioellabrador.cl\/#\/schema\/person\/bc25ff80b4563f9c7f4bd7855df01685"},"headline":"Incendio destruy\u00f3 una vivienda en el sector de Huilco Alto","datePublished":"2025-10-18T20:26:59+00:00","dateModified":"2025-10-18T20:27:00+00:00","mainEntityOfPage":{"@id":"https:\/\/diarioellabrador.cl\/index.php\/2025\/10\/18\/incendio-destruyo-una-vivienda-en-el-sector-de-huilco-alto\/"},"wordCount":211,"commentCount":0,"publisher":{"@id":"https:\/\/diarioellabrador.cl\/#organization"},"image":{"@id":"https:\/\/diarioellabrador.cl\/index.php\/2025\/10\/18\/incendio-destruyo-una-vivienda-en-el-sector-de-huilco-alto\/#primaryimage"},"thumbnailUrl":"https:\/\/diarioellabrador.cl\/wp-content\/uploads\/2025\/10\/Incendio-destruyo-una-vivienda-en-el-sector-de-Huilco-Alto.jpg","articleSection":["Policial"],"inLanguage":"es","potentialAction":[{"@type":"CommentAction","name":"Comment","target":["https:\/\/diarioellabrador.cl\/index.php\/2025\/10\/18\/incendio-destruyo-una-vivienda-en-el-sector-de-huilco-alto\/#respond"]}]},{"@type":"WebPage","@id":"https:\/\/diarioellabrador.cl\/index.php\/2025\/10\/18\/incendio-destruyo-una-vivienda-en-el-sector-de-huilco-alto\/","url":"https:\/\/diarioellabrador.cl\/index.php\/2025\/10\/18\/incendio-destruyo-una-vivienda-en-el-sector-de-huilco-alto\/","name":"Incendio destruy\u00f3 una vivienda en el sector de Huilco Alto - Diario El Labrador","isPartOf":{"@id":"https:\/\/diarioellabrador.cl\/#website"},"primaryImageOfPage":{"@id":"https:\/\/diarioellabrador.cl\/index.php\/2025\/10\/18\/incendio-destruyo-una-vivienda-en-el-sector-de-huilco-alto\/#primaryimage"},"image":{"@id":"https:\/\/diarioellabrador.cl\/index.php\/2025\/10\/18\/incendio-destruyo-una-vivienda-en-el-sector-de-huilco-alto\/#primaryimage"},"thumbnailUrl":"https:\/\/diarioellabrador.cl\/wp-content\/uploads\/2025\/10\/Incendio-destruyo-una-vivienda-en-el-sector-de-Huilco-Alto.jpg","datePublished":"2025-10-18T20:26:59+00:00","dateModified":"2025-10-18T20:27:00+00:00","breadcrumb":{"@id":"https:\/\/diarioellabrador.cl\/index.php\/2025\/10\/18\/incendio-destruyo-una-vivienda-en-el-sector-de-huilco-alto\/#breadcrumb"},"inLanguage":"es","potentialAction":[{"@type":"ReadAction","target":["https:\/\/diarioellabrador.cl\/index.php\/2025\/10\/18\/incendio-destruyo-una-vivienda-en-el-sector-de-huilco-alto\/"]}]},{"@type":"ImageObject","inLanguage":"es","@id":"https:\/\/diarioellabrador.cl\/index.php\/2025\/10\/18\/incendio-destruyo-una-vivienda-en-el-sector-de-huilco-alto\/#primaryimage","url":"https:\/\/diarioellabrador.cl\/wp-content\/uploads\/2025\/10\/Incendio-destruyo-una-vivienda-en-el-sector-de-Huilco-Alto.jpg","contentUrl":"https:\/\/diarioellabrador.cl\/wp-content\/uploads\/2025\/10\/Incendio-destruyo-una-vivienda-en-el-sector-de-Huilco-Alto.jpg","width":500,"height":333},{"@type":"BreadcrumbList","@id":"https:\/\/diarioellabrador.cl\/index.php\/2025\/10\/18\/incendio-destruyo-una-vivienda-en-el-sector-de-huilco-alto\/#breadcrumb","itemListElement":[{"@type":"ListItem","position":1,"name":"Portada","item":"https:\/\/diarioellabrador.cl\/"},{"@type":"ListItem","position":2,"name":"Incendio destruy\u00f3 una vivienda en el sector de Huilco Alto"}]},{"@type":"WebSite","@id":"https:\/\/diarioellabrador.cl\/#website","url":"https:\/\/diarioellabrador.cl\/","name":"Diario El Labrador","description":"Haciendo noticia desde 1921","publisher":{"@id":"https:\/\/diarioellabrador.cl\/#organization"},"potentialAction":[{"@type":"SearchAction","target":{"@type":"EntryPoint","urlTemplate":"https:\/\/diarioellabrador.cl\/?s={search_term_string}"},"query-input":{"@type":"PropertyValueSpecification","valueRequired":true,"valueName":"search_term_string"}}],"inLanguage":"es"},{"@type":"Organization","@id":"https:\/\/diarioellabrador.cl\/#organization","name":"Diario El Labrador","url":"https:\/\/diarioellabrador.cl\/","logo":{"@type":"ImageObject","inLanguage":"es","@id":"https:\/\/diarioellabrador.cl\/#\/schema\/logo\/image\/","url":"https:\/\/diarioellabrador.cl\/wp-content\/uploads\/2025\/02\/cropped-Logo-Icono.png","contentUrl":"https:\/\/diarioellabrador.cl\/wp-content\/uploads\/2025\/02\/cropped-Logo-Icono.png","width":512,"height":512,"caption":"Diario El Labrador"},"image":{"@id":"https:\/\/diarioellabrador.cl\/#\/schema\/logo\/image\/"},"sameAs":["https:\/\/web.facebook.com\/profile.php?id=61576120840621","https:\/\/x.com\/ElLabradorOf","https:\/\/www.instagram.com\/diarioellabradoroficial\/"]},{"@type":"Person","@id":"https:\/\/diarioellabrador.cl\/#\/schema\/person\/bc25ff80b4563f9c7f4bd7855df01685","name":"Editor","image":{"@type":"ImageObject","inLanguage":"es","@id":"https:\/\/secure.gravatar.com\/avatar\/109c326cf2be5c04f048c2c2a2b8b6ef44bf3d8d1d3d4c55d0ac40c4bc994684?s=96&d=mm&r=g","url":"https:\/\/secure.gravatar.com\/avatar\/109c326cf2be5c04f048c2c2a2b8b6ef44bf3d8d1d3d4c55d0ac40c4bc994684?s=96&d=mm&r=g","contentUrl":"https:\/\/secure.gravatar.com\/avatar\/109c326cf2be5c04f048c2c2a2b8b6ef44bf3d8d1d3d4c55d0ac40c4bc994684?s=96&d=mm&r=g","caption":"Editor"},"url":"https:\/\/diarioellabrador.cl\/index.php\/author\/editor\/"}]}},"_links":{"self":[{"href":"https:\/\/diarioellabrador.cl\/index.php\/wp-json\/wp\/v2\/posts\/10065","targetHints":{"allow":["GET"]}}],"collection":[{"href":"https:\/\/diarioellabrador.cl\/index.php\/wp-json\/wp\/v2\/posts"}],"about":[{"href":"https:\/\/diarioellabrador.cl\/index.php\/wp-json\/wp\/v2\/types\/post"}],"author":[{"embeddable":true,"href":"https:\/\/diarioellabrador.cl\/index.php\/wp-json\/wp\/v2\/users\/2"}],"replies":[{"embeddable":true,"href":"https:\/\/diarioellabrador.cl\/index.php\/wp-json\/wp\/v2\/comments?post=10065"}],"version-history":[{"count":1,"href":"https:\/\/diarioellabrador.cl\/index.php\/wp-json\/wp\/v2\/posts\/10065\/revisions"}],"predecessor-version":[{"id":10066,"href":"https:\/\/diarioellabrador.cl\/index.php\/wp-json\/wp\/v2\/posts\/10065\/revisions\/10066"}],"wp:featuredmedia":[{"embeddable":true,"href":"https:\/\/diarioellabrador.cl\/index.php\/wp-json\/wp\/v2\/media\/10044"}],"wp:attachment":[{"href":"https:\/\/diarioellabrador.cl\/index.php\/wp-json\/wp\/v2\/media?parent=10065"}],"wp:term":[{"taxonomy":"category","embeddable":true,"href":"https:\/\/diarioellabrador.cl\/index.php\/wp-json\/wp\/v2\/categories?post=10065"},{"taxonomy":"post_tag","embeddable":true,"href":"https:\/\/diarioellabrador.cl\/index.php\/wp-json\/wp\/v2\/tags?post=10065"}],"curies":[{"name":"wp","href":"https:\/\/api.w.org\/{rel}","templated":true}]}}