{"id":10063,"date":"2025-10-18T16:26:38","date_gmt":"2025-10-18T20:26:38","guid":{"rendered":"https:\/\/diarioellabrador.cl\/?p=10063"},"modified":"2025-10-18T16:26:38","modified_gmt":"2025-10-18T20:26:38","slug":"entregan-sentencia-a-sujeto-que-circulaba-en-una-moto-robada-en-local-motorrad-en-curacavi","status":"publish","type":"post","link":"https:\/\/diarioellabrador.cl\/index.php\/2025\/10\/18\/entregan-sentencia-a-sujeto-que-circulaba-en-una-moto-robada-en-local-motorrad-en-curacavi\/","title":{"rendered":"Entregan sentencia a sujeto que circulaba en una moto robada en local Motorrad en Curacav\u00ed"},"content":{"rendered":"\n<p>En el Tribunal de Garant\u00eda de Melipilla se realiz\u00f3 la audiencia de procedimiento abreviado donde la Fiscal\u00eda detall\u00f3 que el d\u00eda 16 de octubre del a\u00f1o 2023 siendo aproximadamente las 16:00 horas en circunstancias que personal de carabineros de la 24\u00aa comisaria de Melipilla efectuaba fiscalizaciones de car\u00e1cter preventivos, proceden a fiscalizar en la intersecci\u00f3n de calles Yecora con Ortuzar de la comuna de Melipilla a un veh\u00edculo motorizado tipo motocicleta que circulaba sin sus placas patentes.<\/p>\n\n\n\n<p>Se pudo establecer que su marca correspond\u00eda a Motorrad, la cual era conducida por el imputado Alejandro T.C. al momento de verificar los antecedentes de dicha motocicleta, personal policial se percata que dicho veh\u00edculo manten\u00eda encargo por el delito de robo, el que hab\u00eda sido denunciado con fecha de 2 de abril del 2022 en la 63\u00aa Comisaria de Curacav\u00ed.<\/p>\n\n\n\n<p>Desde el lugar se habr\u00edan sustra\u00eddo varias motocicletas nuevas, sabi\u00e9ndose o no contando solo con sus respectivos n\u00fameros de motor y de chasis, por cuanto estas a\u00fan no se encontraban inscritas en el Registro Nacional de veh\u00edculos motorizados, siendo esta una de ellas que manten\u00eda y conduc\u00eda el imputado. En tales circunstancias, este sabia o no ten\u00eda menos que saber el origen il\u00edcito de la especie que manten\u00eda en su poder avaluada en la suma de $1.500.000.<\/p>\n\n\n\n<p>El magistrado dictamin\u00f3 que se condena a Alejandro T.C. a sufrir la pena de quinientos cuarenta y un d\u00edas de presidio menor en su grado medio, como autor del delito consumado de receptaci\u00f3n de veh\u00edculo motorizado. Que, cumpli\u00e9ndose los requisitos de la Ley, se sustituye la pena corporal por la de remisi\u00f3n condicional de la pena, debiendo el encartado quedar sujeto al discreto control de Gendarmer\u00eda de Chile por el plazo de la condena.<\/p>\n","protected":false},"excerpt":{"rendered":"<p>En el Tribunal de Garant\u00eda de Melipilla se realiz\u00f3 la audiencia de procedimiento abreviado donde la Fiscal\u00eda detall\u00f3 que el d\u00eda 16 de octubre del a\u00f1o 2023 siendo aproximadamente las 16:00 horas en circunstancias que personal de carabineros de la 24\u00aa comisaria de Melipilla efectuaba fiscalizaciones de car\u00e1cter preventivos, proceden a fiscalizar en la intersecci\u00f3n<\/p>\n<div class=\"read-more-wrapper\"><a class=\"read-more\" href=\"https:\/\/diarioellabrador.cl\/index.php\/2025\/10\/18\/entregan-sentencia-a-sujeto-que-circulaba-en-una-moto-robada-en-local-motorrad-en-curacavi\/\" title=\"Leer m\u00e1s\"> <span class=\"button \">Leer m\u00e1s<\/span><\/a><\/div>\n","protected":false},"author":2,"featured_media":10043,"comment_status":"open","ping_status":"open","sticky":false,"template":"","format":"standard","meta":{"footnotes":""},"categories":[3],"tags":[],"class_list":["post-10063","post","type-post","status-publish","format-standard","has-post-thumbnail","hentry","category-policial"],"yoast_head":"<!-- This site is optimized with the Yoast SEO plugin v27.5 - https:\/\/yoast.com\/product\/yoast-seo-wordpress\/ -->\n<title>Entregan sentencia a sujeto que circulaba en una moto robada en local Motorrad en Curacav\u00ed - Diario El Labrador<\/title>\n<meta name=\"robots\" content=\"index, follow, max-snippet:-1, max-image-preview:large, max-video-preview:-1\" \/>\n<link rel=\"canonical\" href=\"https:\/\/diarioellabrador.cl\/index.php\/2025\/10\/18\/entregan-sentencia-a-sujeto-que-circulaba-en-una-moto-robada-en-local-motorrad-en-curacavi\/\" \/>\n<meta property=\"og:locale\" content=\"es_ES\" \/>\n<meta property=\"og:type\" content=\"article\" \/>\n<meta property=\"og:title\" content=\"Entregan sentencia a sujeto que circulaba en una moto robada en local Motorrad en Curacav\u00ed - Diario El Labrador\" \/>\n<meta property=\"og:description\" content=\"En el Tribunal de Garant\u00eda de Melipilla se realiz\u00f3 la audiencia de procedimiento abreviado donde la Fiscal\u00eda detall\u00f3 que el d\u00eda 16 de octubre del a\u00f1o 2023 siendo aproximadamente las 16:00 horas en circunstancias que personal de carabineros de la 24\u00aa comisaria de Melipilla efectuaba fiscalizaciones de car\u00e1cter preventivos, proceden a fiscalizar en la intersecci\u00f3n Leer m\u00e1s\" \/>\n<meta property=\"og:url\" content=\"https:\/\/diarioellabrador.cl\/index.php\/2025\/10\/18\/entregan-sentencia-a-sujeto-que-circulaba-en-una-moto-robada-en-local-motorrad-en-curacavi\/\" \/>\n<meta property=\"og:site_name\" content=\"Diario El Labrador\" \/>\n<meta property=\"article:publisher\" content=\"https:\/\/web.facebook.com\/profile.php?id=61576120840621\" \/>\n<meta property=\"article:published_time\" content=\"2025-10-18T20:26:38+00:00\" \/>\n<meta property=\"og:image\" content=\"https:\/\/diarioellabrador.cl\/wp-content\/uploads\/2025\/10\/Entregan-sentencia-a-sujeto-que-circulaba-en-una-moto-robada-en-local-Motorrad-en-Curacavi.jpg\" \/>\n\t<meta property=\"og:image:width\" content=\"480\" \/>\n\t<meta property=\"og:image:height\" content=\"270\" \/>\n\t<meta property=\"og:image:type\" content=\"image\/jpeg\" \/>\n<meta name=\"author\" content=\"Editor\" \/>\n<meta name=\"twitter:card\" content=\"summary_large_image\" \/>\n<meta name=\"twitter:creator\" content=\"@ElLabradorOf\" \/>\n<meta name=\"twitter:site\" content=\"@ElLabradorOf\" \/>\n<meta name=\"twitter:label1\" content=\"Escrito por\" \/>\n\t<meta name=\"twitter:data1\" content=\"Editor\" \/>\n\t<meta name=\"twitter:label2\" content=\"Tiempo de lectura\" \/>\n\t<meta name=\"twitter:data2\" content=\"2 minutos\" \/>\n<script type=\"application\/ld+json\" class=\"yoast-schema-graph\">{\"@context\":\"https:\\\/\\\/schema.org\",\"@graph\":[{\"@type\":\"Article\",\"@id\":\"https:\\\/\\\/diarioellabrador.cl\\\/index.php\\\/2025\\\/10\\\/18\\\/entregan-sentencia-a-sujeto-que-circulaba-en-una-moto-robada-en-local-motorrad-en-curacavi\\\/#article\",\"isPartOf\":{\"@id\":\"https:\\\/\\\/diarioellabrador.cl\\\/index.php\\\/2025\\\/10\\\/18\\\/entregan-sentencia-a-sujeto-que-circulaba-en-una-moto-robada-en-local-motorrad-en-curacavi\\\/\"},\"author\":{\"name\":\"Editor\",\"@id\":\"https:\\\/\\\/diarioellabrador.cl\\\/#\\\/schema\\\/person\\\/bc25ff80b4563f9c7f4bd7855df01685\"},\"headline\":\"Entregan sentencia a sujeto que circulaba en una moto robada en local Motorrad en Curacav\u00ed\",\"datePublished\":\"2025-10-18T20:26:38+00:00\",\"mainEntityOfPage\":{\"@id\":\"https:\\\/\\\/diarioellabrador.cl\\\/index.php\\\/2025\\\/10\\\/18\\\/entregan-sentencia-a-sujeto-que-circulaba-en-una-moto-robada-en-local-motorrad-en-curacavi\\\/\"},\"wordCount\":325,\"commentCount\":0,\"publisher\":{\"@id\":\"https:\\\/\\\/diarioellabrador.cl\\\/#organization\"},\"image\":{\"@id\":\"https:\\\/\\\/diarioellabrador.cl\\\/index.php\\\/2025\\\/10\\\/18\\\/entregan-sentencia-a-sujeto-que-circulaba-en-una-moto-robada-en-local-motorrad-en-curacavi\\\/#primaryimage\"},\"thumbnailUrl\":\"https:\\\/\\\/diarioellabrador.cl\\\/wp-content\\\/uploads\\\/2025\\\/10\\\/Entregan-sentencia-a-sujeto-que-circulaba-en-una-moto-robada-en-local-Motorrad-en-Curacavi.jpg\",\"articleSection\":[\"Policial\"],\"inLanguage\":\"es\",\"potentialAction\":[{\"@type\":\"CommentAction\",\"name\":\"Comment\",\"target\":[\"https:\\\/\\\/diarioellabrador.cl\\\/index.php\\\/2025\\\/10\\\/18\\\/entregan-sentencia-a-sujeto-que-circulaba-en-una-moto-robada-en-local-motorrad-en-curacavi\\\/#respond\"]}]},{\"@type\":\"WebPage\",\"@id\":\"https:\\\/\\\/diarioellabrador.cl\\\/index.php\\\/2025\\\/10\\\/18\\\/entregan-sentencia-a-sujeto-que-circulaba-en-una-moto-robada-en-local-motorrad-en-curacavi\\\/\",\"url\":\"https:\\\/\\\/diarioellabrador.cl\\\/index.php\\\/2025\\\/10\\\/18\\\/entregan-sentencia-a-sujeto-que-circulaba-en-una-moto-robada-en-local-motorrad-en-curacavi\\\/\",\"name\":\"Entregan sentencia a sujeto que circulaba en una moto robada en local Motorrad en Curacav\u00ed - Diario El Labrador\",\"isPartOf\":{\"@id\":\"https:\\\/\\\/diarioellabrador.cl\\\/#website\"},\"primaryImageOfPage\":{\"@id\":\"https:\\\/\\\/diarioellabrador.cl\\\/index.php\\\/2025\\\/10\\\/18\\\/entregan-sentencia-a-sujeto-que-circulaba-en-una-moto-robada-en-local-motorrad-en-curacavi\\\/#primaryimage\"},\"image\":{\"@id\":\"https:\\\/\\\/diarioellabrador.cl\\\/index.php\\\/2025\\\/10\\\/18\\\/entregan-sentencia-a-sujeto-que-circulaba-en-una-moto-robada-en-local-motorrad-en-curacavi\\\/#primaryimage\"},\"thumbnailUrl\":\"https:\\\/\\\/diarioellabrador.cl\\\/wp-content\\\/uploads\\\/2025\\\/10\\\/Entregan-sentencia-a-sujeto-que-circulaba-en-una-moto-robada-en-local-Motorrad-en-Curacavi.jpg\",\"datePublished\":\"2025-10-18T20:26:38+00:00\",\"breadcrumb\":{\"@id\":\"https:\\\/\\\/diarioellabrador.cl\\\/index.php\\\/2025\\\/10\\\/18\\\/entregan-sentencia-a-sujeto-que-circulaba-en-una-moto-robada-en-local-motorrad-en-curacavi\\\/#breadcrumb\"},\"inLanguage\":\"es\",\"potentialAction\":[{\"@type\":\"ReadAction\",\"target\":[\"https:\\\/\\\/diarioellabrador.cl\\\/index.php\\\/2025\\\/10\\\/18\\\/entregan-sentencia-a-sujeto-que-circulaba-en-una-moto-robada-en-local-motorrad-en-curacavi\\\/\"]}]},{\"@type\":\"ImageObject\",\"inLanguage\":\"es\",\"@id\":\"https:\\\/\\\/diarioellabrador.cl\\\/index.php\\\/2025\\\/10\\\/18\\\/entregan-sentencia-a-sujeto-que-circulaba-en-una-moto-robada-en-local-motorrad-en-curacavi\\\/#primaryimage\",\"url\":\"https:\\\/\\\/diarioellabrador.cl\\\/wp-content\\\/uploads\\\/2025\\\/10\\\/Entregan-sentencia-a-sujeto-que-circulaba-en-una-moto-robada-en-local-Motorrad-en-Curacavi.jpg\",\"contentUrl\":\"https:\\\/\\\/diarioellabrador.cl\\\/wp-content\\\/uploads\\\/2025\\\/10\\\/Entregan-sentencia-a-sujeto-que-circulaba-en-una-moto-robada-en-local-Motorrad-en-Curacavi.jpg\",\"width\":480,\"height\":270},{\"@type\":\"BreadcrumbList\",\"@id\":\"https:\\\/\\\/diarioellabrador.cl\\\/index.php\\\/2025\\\/10\\\/18\\\/entregan-sentencia-a-sujeto-que-circulaba-en-una-moto-robada-en-local-motorrad-en-curacavi\\\/#breadcrumb\",\"itemListElement\":[{\"@type\":\"ListItem\",\"position\":1,\"name\":\"Portada\",\"item\":\"https:\\\/\\\/diarioellabrador.cl\\\/\"},{\"@type\":\"ListItem\",\"position\":2,\"name\":\"Entregan sentencia a sujeto que circulaba en una moto robada en local Motorrad en Curacav\u00ed\"}]},{\"@type\":\"WebSite\",\"@id\":\"https:\\\/\\\/diarioellabrador.cl\\\/#website\",\"url\":\"https:\\\/\\\/diarioellabrador.cl\\\/\",\"name\":\"Diario El Labrador\",\"description\":\"Haciendo noticia desde 1921\",\"publisher\":{\"@id\":\"https:\\\/\\\/diarioellabrador.cl\\\/#organization\"},\"potentialAction\":[{\"@type\":\"SearchAction\",\"target\":{\"@type\":\"EntryPoint\",\"urlTemplate\":\"https:\\\/\\\/diarioellabrador.cl\\\/?s={search_term_string}\"},\"query-input\":{\"@type\":\"PropertyValueSpecification\",\"valueRequired\":true,\"valueName\":\"search_term_string\"}}],\"inLanguage\":\"es\"},{\"@type\":\"Organization\",\"@id\":\"https:\\\/\\\/diarioellabrador.cl\\\/#organization\",\"name\":\"Diario El Labrador\",\"url\":\"https:\\\/\\\/diarioellabrador.cl\\\/\",\"logo\":{\"@type\":\"ImageObject\",\"inLanguage\":\"es\",\"@id\":\"https:\\\/\\\/diarioellabrador.cl\\\/#\\\/schema\\\/logo\\\/image\\\/\",\"url\":\"https:\\\/\\\/diarioellabrador.cl\\\/wp-content\\\/uploads\\\/2025\\\/02\\\/cropped-Logo-Icono.png\",\"contentUrl\":\"https:\\\/\\\/diarioellabrador.cl\\\/wp-content\\\/uploads\\\/2025\\\/02\\\/cropped-Logo-Icono.png\",\"width\":512,\"height\":512,\"caption\":\"Diario El Labrador\"},\"image\":{\"@id\":\"https:\\\/\\\/diarioellabrador.cl\\\/#\\\/schema\\\/logo\\\/image\\\/\"},\"sameAs\":[\"https:\\\/\\\/web.facebook.com\\\/profile.php?id=61576120840621\",\"https:\\\/\\\/x.com\\\/ElLabradorOf\",\"https:\\\/\\\/www.instagram.com\\\/diarioellabradoroficial\\\/\"]},{\"@type\":\"Person\",\"@id\":\"https:\\\/\\\/diarioellabrador.cl\\\/#\\\/schema\\\/person\\\/bc25ff80b4563f9c7f4bd7855df01685\",\"name\":\"Editor\",\"image\":{\"@type\":\"ImageObject\",\"inLanguage\":\"es\",\"@id\":\"https:\\\/\\\/secure.gravatar.com\\\/avatar\\\/109c326cf2be5c04f048c2c2a2b8b6ef44bf3d8d1d3d4c55d0ac40c4bc994684?s=96&d=mm&r=g\",\"url\":\"https:\\\/\\\/secure.gravatar.com\\\/avatar\\\/109c326cf2be5c04f048c2c2a2b8b6ef44bf3d8d1d3d4c55d0ac40c4bc994684?s=96&d=mm&r=g\",\"contentUrl\":\"https:\\\/\\\/secure.gravatar.com\\\/avatar\\\/109c326cf2be5c04f048c2c2a2b8b6ef44bf3d8d1d3d4c55d0ac40c4bc994684?s=96&d=mm&r=g\",\"caption\":\"Editor\"},\"url\":\"https:\\\/\\\/diarioellabrador.cl\\\/index.php\\\/author\\\/editor\\\/\"}]}<\/script>\n<!-- \/ Yoast SEO plugin. -->","yoast_head_json":{"title":"Entregan sentencia a sujeto que circulaba en una moto robada en local Motorrad en Curacav\u00ed - Diario El Labrador","robots":{"index":"index","follow":"follow","max-snippet":"max-snippet:-1","max-image-preview":"max-image-preview:large","max-video-preview":"max-video-preview:-1"},"canonical":"https:\/\/diarioellabrador.cl\/index.php\/2025\/10\/18\/entregan-sentencia-a-sujeto-que-circulaba-en-una-moto-robada-en-local-motorrad-en-curacavi\/","og_locale":"es_ES","og_type":"article","og_title":"Entregan sentencia a sujeto que circulaba en una moto robada en local Motorrad en Curacav\u00ed - Diario El Labrador","og_description":"En el Tribunal de Garant\u00eda de Melipilla se realiz\u00f3 la audiencia de procedimiento abreviado donde la Fiscal\u00eda detall\u00f3 que el d\u00eda 16 de octubre del a\u00f1o 2023 siendo aproximadamente las 16:00 horas en circunstancias que personal de carabineros de la 24\u00aa comisaria de Melipilla efectuaba fiscalizaciones de car\u00e1cter preventivos, proceden a fiscalizar en la intersecci\u00f3n Leer m\u00e1s","og_url":"https:\/\/diarioellabrador.cl\/index.php\/2025\/10\/18\/entregan-sentencia-a-sujeto-que-circulaba-en-una-moto-robada-en-local-motorrad-en-curacavi\/","og_site_name":"Diario El Labrador","article_publisher":"https:\/\/web.facebook.com\/profile.php?id=61576120840621","article_published_time":"2025-10-18T20:26:38+00:00","og_image":[{"width":480,"height":270,"url":"https:\/\/diarioellabrador.cl\/wp-content\/uploads\/2025\/10\/Entregan-sentencia-a-sujeto-que-circulaba-en-una-moto-robada-en-local-Motorrad-en-Curacavi.jpg","type":"image\/jpeg"}],"author":"Editor","twitter_card":"summary_large_image","twitter_creator":"@ElLabradorOf","twitter_site":"@ElLabradorOf","twitter_misc":{"Escrito por":"Editor","Tiempo de lectura":"2 minutos"},"schema":{"@context":"https:\/\/schema.org","@graph":[{"@type":"Article","@id":"https:\/\/diarioellabrador.cl\/index.php\/2025\/10\/18\/entregan-sentencia-a-sujeto-que-circulaba-en-una-moto-robada-en-local-motorrad-en-curacavi\/#article","isPartOf":{"@id":"https:\/\/diarioellabrador.cl\/index.php\/2025\/10\/18\/entregan-sentencia-a-sujeto-que-circulaba-en-una-moto-robada-en-local-motorrad-en-curacavi\/"},"author":{"name":"Editor","@id":"https:\/\/diarioellabrador.cl\/#\/schema\/person\/bc25ff80b4563f9c7f4bd7855df01685"},"headline":"Entregan sentencia a sujeto que circulaba en una moto robada en local Motorrad en Curacav\u00ed","datePublished":"2025-10-18T20:26:38+00:00","mainEntityOfPage":{"@id":"https:\/\/diarioellabrador.cl\/index.php\/2025\/10\/18\/entregan-sentencia-a-sujeto-que-circulaba-en-una-moto-robada-en-local-motorrad-en-curacavi\/"},"wordCount":325,"commentCount":0,"publisher":{"@id":"https:\/\/diarioellabrador.cl\/#organization"},"image":{"@id":"https:\/\/diarioellabrador.cl\/index.php\/2025\/10\/18\/entregan-sentencia-a-sujeto-que-circulaba-en-una-moto-robada-en-local-motorrad-en-curacavi\/#primaryimage"},"thumbnailUrl":"https:\/\/diarioellabrador.cl\/wp-content\/uploads\/2025\/10\/Entregan-sentencia-a-sujeto-que-circulaba-en-una-moto-robada-en-local-Motorrad-en-Curacavi.jpg","articleSection":["Policial"],"inLanguage":"es","potentialAction":[{"@type":"CommentAction","name":"Comment","target":["https:\/\/diarioellabrador.cl\/index.php\/2025\/10\/18\/entregan-sentencia-a-sujeto-que-circulaba-en-una-moto-robada-en-local-motorrad-en-curacavi\/#respond"]}]},{"@type":"WebPage","@id":"https:\/\/diarioellabrador.cl\/index.php\/2025\/10\/18\/entregan-sentencia-a-sujeto-que-circulaba-en-una-moto-robada-en-local-motorrad-en-curacavi\/","url":"https:\/\/diarioellabrador.cl\/index.php\/2025\/10\/18\/entregan-sentencia-a-sujeto-que-circulaba-en-una-moto-robada-en-local-motorrad-en-curacavi\/","name":"Entregan sentencia a sujeto que circulaba en una moto robada en local Motorrad en Curacav\u00ed - Diario El Labrador","isPartOf":{"@id":"https:\/\/diarioellabrador.cl\/#website"},"primaryImageOfPage":{"@id":"https:\/\/diarioellabrador.cl\/index.php\/2025\/10\/18\/entregan-sentencia-a-sujeto-que-circulaba-en-una-moto-robada-en-local-motorrad-en-curacavi\/#primaryimage"},"image":{"@id":"https:\/\/diarioellabrador.cl\/index.php\/2025\/10\/18\/entregan-sentencia-a-sujeto-que-circulaba-en-una-moto-robada-en-local-motorrad-en-curacavi\/#primaryimage"},"thumbnailUrl":"https:\/\/diarioellabrador.cl\/wp-content\/uploads\/2025\/10\/Entregan-sentencia-a-sujeto-que-circulaba-en-una-moto-robada-en-local-Motorrad-en-Curacavi.jpg","datePublished":"2025-10-18T20:26:38+00:00","breadcrumb":{"@id":"https:\/\/diarioellabrador.cl\/index.php\/2025\/10\/18\/entregan-sentencia-a-sujeto-que-circulaba-en-una-moto-robada-en-local-motorrad-en-curacavi\/#breadcrumb"},"inLanguage":"es","potentialAction":[{"@type":"ReadAction","target":["https:\/\/diarioellabrador.cl\/index.php\/2025\/10\/18\/entregan-sentencia-a-sujeto-que-circulaba-en-una-moto-robada-en-local-motorrad-en-curacavi\/"]}]},{"@type":"ImageObject","inLanguage":"es","@id":"https:\/\/diarioellabrador.cl\/index.php\/2025\/10\/18\/entregan-sentencia-a-sujeto-que-circulaba-en-una-moto-robada-en-local-motorrad-en-curacavi\/#primaryimage","url":"https:\/\/diarioellabrador.cl\/wp-content\/uploads\/2025\/10\/Entregan-sentencia-a-sujeto-que-circulaba-en-una-moto-robada-en-local-Motorrad-en-Curacavi.jpg","contentUrl":"https:\/\/diarioellabrador.cl\/wp-content\/uploads\/2025\/10\/Entregan-sentencia-a-sujeto-que-circulaba-en-una-moto-robada-en-local-Motorrad-en-Curacavi.jpg","width":480,"height":270},{"@type":"BreadcrumbList","@id":"https:\/\/diarioellabrador.cl\/index.php\/2025\/10\/18\/entregan-sentencia-a-sujeto-que-circulaba-en-una-moto-robada-en-local-motorrad-en-curacavi\/#breadcrumb","itemListElement":[{"@type":"ListItem","position":1,"name":"Portada","item":"https:\/\/diarioellabrador.cl\/"},{"@type":"ListItem","position":2,"name":"Entregan sentencia a sujeto que circulaba en una moto robada en local Motorrad en Curacav\u00ed"}]},{"@type":"WebSite","@id":"https:\/\/diarioellabrador.cl\/#website","url":"https:\/\/diarioellabrador.cl\/","name":"Diario El Labrador","description":"Haciendo noticia desde 1921","publisher":{"@id":"https:\/\/diarioellabrador.cl\/#organization"},"potentialAction":[{"@type":"SearchAction","target":{"@type":"EntryPoint","urlTemplate":"https:\/\/diarioellabrador.cl\/?s={search_term_string}"},"query-input":{"@type":"PropertyValueSpecification","valueRequired":true,"valueName":"search_term_string"}}],"inLanguage":"es"},{"@type":"Organization","@id":"https:\/\/diarioellabrador.cl\/#organization","name":"Diario El Labrador","url":"https:\/\/diarioellabrador.cl\/","logo":{"@type":"ImageObject","inLanguage":"es","@id":"https:\/\/diarioellabrador.cl\/#\/schema\/logo\/image\/","url":"https:\/\/diarioellabrador.cl\/wp-content\/uploads\/2025\/02\/cropped-Logo-Icono.png","contentUrl":"https:\/\/diarioellabrador.cl\/wp-content\/uploads\/2025\/02\/cropped-Logo-Icono.png","width":512,"height":512,"caption":"Diario El Labrador"},"image":{"@id":"https:\/\/diarioellabrador.cl\/#\/schema\/logo\/image\/"},"sameAs":["https:\/\/web.facebook.com\/profile.php?id=61576120840621","https:\/\/x.com\/ElLabradorOf","https:\/\/www.instagram.com\/diarioellabradoroficial\/"]},{"@type":"Person","@id":"https:\/\/diarioellabrador.cl\/#\/schema\/person\/bc25ff80b4563f9c7f4bd7855df01685","name":"Editor","image":{"@type":"ImageObject","inLanguage":"es","@id":"https:\/\/secure.gravatar.com\/avatar\/109c326cf2be5c04f048c2c2a2b8b6ef44bf3d8d1d3d4c55d0ac40c4bc994684?s=96&d=mm&r=g","url":"https:\/\/secure.gravatar.com\/avatar\/109c326cf2be5c04f048c2c2a2b8b6ef44bf3d8d1d3d4c55d0ac40c4bc994684?s=96&d=mm&r=g","contentUrl":"https:\/\/secure.gravatar.com\/avatar\/109c326cf2be5c04f048c2c2a2b8b6ef44bf3d8d1d3d4c55d0ac40c4bc994684?s=96&d=mm&r=g","caption":"Editor"},"url":"https:\/\/diarioellabrador.cl\/index.php\/author\/editor\/"}]}},"_links":{"self":[{"href":"https:\/\/diarioellabrador.cl\/index.php\/wp-json\/wp\/v2\/posts\/10063","targetHints":{"allow":["GET"]}}],"collection":[{"href":"https:\/\/diarioellabrador.cl\/index.php\/wp-json\/wp\/v2\/posts"}],"about":[{"href":"https:\/\/diarioellabrador.cl\/index.php\/wp-json\/wp\/v2\/types\/post"}],"author":[{"embeddable":true,"href":"https:\/\/diarioellabrador.cl\/index.php\/wp-json\/wp\/v2\/users\/2"}],"replies":[{"embeddable":true,"href":"https:\/\/diarioellabrador.cl\/index.php\/wp-json\/wp\/v2\/comments?post=10063"}],"version-history":[{"count":1,"href":"https:\/\/diarioellabrador.cl\/index.php\/wp-json\/wp\/v2\/posts\/10063\/revisions"}],"predecessor-version":[{"id":10064,"href":"https:\/\/diarioellabrador.cl\/index.php\/wp-json\/wp\/v2\/posts\/10063\/revisions\/10064"}],"wp:featuredmedia":[{"embeddable":true,"href":"https:\/\/diarioellabrador.cl\/index.php\/wp-json\/wp\/v2\/media\/10043"}],"wp:attachment":[{"href":"https:\/\/diarioellabrador.cl\/index.php\/wp-json\/wp\/v2\/media?parent=10063"}],"wp:term":[{"taxonomy":"category","embeddable":true,"href":"https:\/\/diarioellabrador.cl\/index.php\/wp-json\/wp\/v2\/categories?post=10063"},{"taxonomy":"post_tag","embeddable":true,"href":"https:\/\/diarioellabrador.cl\/index.php\/wp-json\/wp\/v2\/tags?post=10063"}],"curies":[{"name":"wp","href":"https:\/\/api.w.org\/{rel}","templated":true}]}}