{"id":10059,"date":"2025-10-18T16:25:47","date_gmt":"2025-10-18T20:25:47","guid":{"rendered":"https:\/\/diarioellabrador.cl\/?p=10059"},"modified":"2025-10-18T16:25:47","modified_gmt":"2025-10-18T20:25:47","slug":"investigan-homicidio-que-ocurrio-en-la-via-publica-en-isla-de-maipo","status":"publish","type":"post","link":"https:\/\/diarioellabrador.cl\/index.php\/2025\/10\/18\/investigan-homicidio-que-ocurrio-en-la-via-publica-en-isla-de-maipo\/","title":{"rendered":"Investigan homicidio que ocurri\u00f3 en la v\u00eda p\u00fablica en Isla de Maipo"},"content":{"rendered":"\n<p>En la madrugada de ayer s\u00e1bado un hombre fue hallado muerto en la v\u00eda p\u00fablica en la comuna de Isla de Maipo, su cuerpo presentaba diversas lesiones debido a un ataque con un objeto cortopunzante.<\/p>\n\n\n\n<p>Por instrucci\u00f3n de la Fiscal\u00eda Occidente, las pericias en el sitio del suceso quedaron a cargo de la Brigada de Homicidios de la Polic\u00eda de Investigaciones. El Comisario Ricardo Acu\u00f1a indic\u00f3 que \u00ablos antecedentes preliminares indican que la v\u00edctima habr\u00eda sido atacada por un sujeto desconocido que le habr\u00eda inferido al menos cuatro heridas cortopunzantes en la zona tor\u00e1cica y en la zona craneal\u00bb.<\/p>\n\n\n\n<p>Adem\u00e1s agreg\u00f3 que \u00abse est\u00e1n realizando las primeras diligencias en el sentido de entrevistas de testigos, levantamiento de c\u00e1maras de seguridad y de todo tipo de evidencia\u00bb, con el fin de obtener m\u00e1s informaci\u00f3n.<\/p>\n\n\n\n<p>Las primeras diligencias est\u00e1n en orientadas en dar con el paradero de un sujeto con el cual la v\u00edctima hab\u00eda ten\u00eda rencillas anteriores y as\u00ed establecer o descartar su participaci\u00f3n en este hecho de sangre que termina con una persona muerta.<\/p>\n","protected":false},"excerpt":{"rendered":"<p>En la madrugada de ayer s\u00e1bado un hombre fue hallado muerto en la v\u00eda p\u00fablica en la comuna de Isla de Maipo, su cuerpo presentaba diversas lesiones debido a un ataque con un objeto cortopunzante. Por instrucci\u00f3n de la Fiscal\u00eda Occidente, las pericias en el sitio del suceso quedaron a cargo de la Brigada de<\/p>\n<div class=\"read-more-wrapper\"><a class=\"read-more\" href=\"https:\/\/diarioellabrador.cl\/index.php\/2025\/10\/18\/investigan-homicidio-que-ocurrio-en-la-via-publica-en-isla-de-maipo\/\" title=\"Leer m\u00e1s\"> <span class=\"button \">Leer m\u00e1s<\/span><\/a><\/div>\n","protected":false},"author":2,"featured_media":10045,"comment_status":"open","ping_status":"open","sticky":false,"template":"","format":"standard","meta":{"footnotes":""},"categories":[14,3],"tags":[],"class_list":["post-10059","post","type-post","status-publish","format-standard","has-post-thumbnail","hentry","category-destacados","category-policial"],"yoast_head":"<!-- This site is optimized with the Yoast SEO plugin v27.5 - https:\/\/yoast.com\/product\/yoast-seo-wordpress\/ -->\n<title>Investigan homicidio que ocurri\u00f3 en la v\u00eda p\u00fablica en Isla de Maipo - Diario El Labrador<\/title>\n<meta name=\"robots\" content=\"index, follow, max-snippet:-1, max-image-preview:large, max-video-preview:-1\" \/>\n<link rel=\"canonical\" href=\"https:\/\/diarioellabrador.cl\/index.php\/2025\/10\/18\/investigan-homicidio-que-ocurrio-en-la-via-publica-en-isla-de-maipo\/\" \/>\n<meta property=\"og:locale\" content=\"es_ES\" \/>\n<meta property=\"og:type\" content=\"article\" \/>\n<meta property=\"og:title\" content=\"Investigan homicidio que ocurri\u00f3 en la v\u00eda p\u00fablica en Isla de Maipo - Diario El Labrador\" \/>\n<meta property=\"og:description\" content=\"En la madrugada de ayer s\u00e1bado un hombre fue hallado muerto en la v\u00eda p\u00fablica en la comuna de Isla de Maipo, su cuerpo presentaba diversas lesiones debido a un ataque con un objeto cortopunzante. Por instrucci\u00f3n de la Fiscal\u00eda Occidente, las pericias en el sitio del suceso quedaron a cargo de la Brigada de Leer m\u00e1s\" \/>\n<meta property=\"og:url\" content=\"https:\/\/diarioellabrador.cl\/index.php\/2025\/10\/18\/investigan-homicidio-que-ocurrio-en-la-via-publica-en-isla-de-maipo\/\" \/>\n<meta property=\"og:site_name\" content=\"Diario El Labrador\" \/>\n<meta property=\"article:publisher\" content=\"https:\/\/web.facebook.com\/profile.php?id=61576120840621\" \/>\n<meta property=\"article:published_time\" content=\"2025-10-18T20:25:47+00:00\" \/>\n<meta property=\"og:image\" content=\"https:\/\/diarioellabrador.cl\/wp-content\/uploads\/2025\/10\/Investigan-homicidio-que-ocurrio-en-la-via-publica-en-Isla-de-Maipo.jpeg\" \/>\n\t<meta property=\"og:image:width\" content=\"1422\" \/>\n\t<meta property=\"og:image:height\" content=\"800\" \/>\n\t<meta property=\"og:image:type\" content=\"image\/jpeg\" \/>\n<meta name=\"author\" content=\"Editor\" \/>\n<meta name=\"twitter:card\" content=\"summary_large_image\" \/>\n<meta name=\"twitter:creator\" content=\"@ElLabradorOf\" \/>\n<meta name=\"twitter:site\" content=\"@ElLabradorOf\" \/>\n<meta name=\"twitter:label1\" content=\"Escrito por\" \/>\n\t<meta name=\"twitter:data1\" content=\"Editor\" \/>\n\t<meta name=\"twitter:label2\" content=\"Tiempo de lectura\" \/>\n\t<meta name=\"twitter:data2\" content=\"1 minuto\" \/>\n<script type=\"application\/ld+json\" class=\"yoast-schema-graph\">{\"@context\":\"https:\\\/\\\/schema.org\",\"@graph\":[{\"@type\":\"Article\",\"@id\":\"https:\\\/\\\/diarioellabrador.cl\\\/index.php\\\/2025\\\/10\\\/18\\\/investigan-homicidio-que-ocurrio-en-la-via-publica-en-isla-de-maipo\\\/#article\",\"isPartOf\":{\"@id\":\"https:\\\/\\\/diarioellabrador.cl\\\/index.php\\\/2025\\\/10\\\/18\\\/investigan-homicidio-que-ocurrio-en-la-via-publica-en-isla-de-maipo\\\/\"},\"author\":{\"name\":\"Editor\",\"@id\":\"https:\\\/\\\/diarioellabrador.cl\\\/#\\\/schema\\\/person\\\/bc25ff80b4563f9c7f4bd7855df01685\"},\"headline\":\"Investigan homicidio que ocurri\u00f3 en la v\u00eda p\u00fablica en Isla de Maipo\",\"datePublished\":\"2025-10-18T20:25:47+00:00\",\"mainEntityOfPage\":{\"@id\":\"https:\\\/\\\/diarioellabrador.cl\\\/index.php\\\/2025\\\/10\\\/18\\\/investigan-homicidio-que-ocurrio-en-la-via-publica-en-isla-de-maipo\\\/\"},\"wordCount\":209,\"commentCount\":0,\"publisher\":{\"@id\":\"https:\\\/\\\/diarioellabrador.cl\\\/#organization\"},\"image\":{\"@id\":\"https:\\\/\\\/diarioellabrador.cl\\\/index.php\\\/2025\\\/10\\\/18\\\/investigan-homicidio-que-ocurrio-en-la-via-publica-en-isla-de-maipo\\\/#primaryimage\"},\"thumbnailUrl\":\"https:\\\/\\\/diarioellabrador.cl\\\/wp-content\\\/uploads\\\/2025\\\/10\\\/Investigan-homicidio-que-ocurrio-en-la-via-publica-en-Isla-de-Maipo.jpeg\",\"articleSection\":[\"Destacados\",\"Policial\"],\"inLanguage\":\"es\",\"potentialAction\":[{\"@type\":\"CommentAction\",\"name\":\"Comment\",\"target\":[\"https:\\\/\\\/diarioellabrador.cl\\\/index.php\\\/2025\\\/10\\\/18\\\/investigan-homicidio-que-ocurrio-en-la-via-publica-en-isla-de-maipo\\\/#respond\"]}]},{\"@type\":\"WebPage\",\"@id\":\"https:\\\/\\\/diarioellabrador.cl\\\/index.php\\\/2025\\\/10\\\/18\\\/investigan-homicidio-que-ocurrio-en-la-via-publica-en-isla-de-maipo\\\/\",\"url\":\"https:\\\/\\\/diarioellabrador.cl\\\/index.php\\\/2025\\\/10\\\/18\\\/investigan-homicidio-que-ocurrio-en-la-via-publica-en-isla-de-maipo\\\/\",\"name\":\"Investigan homicidio que ocurri\u00f3 en la v\u00eda p\u00fablica en Isla de Maipo - Diario El Labrador\",\"isPartOf\":{\"@id\":\"https:\\\/\\\/diarioellabrador.cl\\\/#website\"},\"primaryImageOfPage\":{\"@id\":\"https:\\\/\\\/diarioellabrador.cl\\\/index.php\\\/2025\\\/10\\\/18\\\/investigan-homicidio-que-ocurrio-en-la-via-publica-en-isla-de-maipo\\\/#primaryimage\"},\"image\":{\"@id\":\"https:\\\/\\\/diarioellabrador.cl\\\/index.php\\\/2025\\\/10\\\/18\\\/investigan-homicidio-que-ocurrio-en-la-via-publica-en-isla-de-maipo\\\/#primaryimage\"},\"thumbnailUrl\":\"https:\\\/\\\/diarioellabrador.cl\\\/wp-content\\\/uploads\\\/2025\\\/10\\\/Investigan-homicidio-que-ocurrio-en-la-via-publica-en-Isla-de-Maipo.jpeg\",\"datePublished\":\"2025-10-18T20:25:47+00:00\",\"breadcrumb\":{\"@id\":\"https:\\\/\\\/diarioellabrador.cl\\\/index.php\\\/2025\\\/10\\\/18\\\/investigan-homicidio-que-ocurrio-en-la-via-publica-en-isla-de-maipo\\\/#breadcrumb\"},\"inLanguage\":\"es\",\"potentialAction\":[{\"@type\":\"ReadAction\",\"target\":[\"https:\\\/\\\/diarioellabrador.cl\\\/index.php\\\/2025\\\/10\\\/18\\\/investigan-homicidio-que-ocurrio-en-la-via-publica-en-isla-de-maipo\\\/\"]}]},{\"@type\":\"ImageObject\",\"inLanguage\":\"es\",\"@id\":\"https:\\\/\\\/diarioellabrador.cl\\\/index.php\\\/2025\\\/10\\\/18\\\/investigan-homicidio-que-ocurrio-en-la-via-publica-en-isla-de-maipo\\\/#primaryimage\",\"url\":\"https:\\\/\\\/diarioellabrador.cl\\\/wp-content\\\/uploads\\\/2025\\\/10\\\/Investigan-homicidio-que-ocurrio-en-la-via-publica-en-Isla-de-Maipo.jpeg\",\"contentUrl\":\"https:\\\/\\\/diarioellabrador.cl\\\/wp-content\\\/uploads\\\/2025\\\/10\\\/Investigan-homicidio-que-ocurrio-en-la-via-publica-en-Isla-de-Maipo.jpeg\",\"width\":1422,\"height\":800},{\"@type\":\"BreadcrumbList\",\"@id\":\"https:\\\/\\\/diarioellabrador.cl\\\/index.php\\\/2025\\\/10\\\/18\\\/investigan-homicidio-que-ocurrio-en-la-via-publica-en-isla-de-maipo\\\/#breadcrumb\",\"itemListElement\":[{\"@type\":\"ListItem\",\"position\":1,\"name\":\"Portada\",\"item\":\"https:\\\/\\\/diarioellabrador.cl\\\/\"},{\"@type\":\"ListItem\",\"position\":2,\"name\":\"Investigan homicidio que ocurri\u00f3 en la v\u00eda p\u00fablica en Isla de Maipo\"}]},{\"@type\":\"WebSite\",\"@id\":\"https:\\\/\\\/diarioellabrador.cl\\\/#website\",\"url\":\"https:\\\/\\\/diarioellabrador.cl\\\/\",\"name\":\"Diario El Labrador\",\"description\":\"Haciendo noticia desde 1921\",\"publisher\":{\"@id\":\"https:\\\/\\\/diarioellabrador.cl\\\/#organization\"},\"potentialAction\":[{\"@type\":\"SearchAction\",\"target\":{\"@type\":\"EntryPoint\",\"urlTemplate\":\"https:\\\/\\\/diarioellabrador.cl\\\/?s={search_term_string}\"},\"query-input\":{\"@type\":\"PropertyValueSpecification\",\"valueRequired\":true,\"valueName\":\"search_term_string\"}}],\"inLanguage\":\"es\"},{\"@type\":\"Organization\",\"@id\":\"https:\\\/\\\/diarioellabrador.cl\\\/#organization\",\"name\":\"Diario El Labrador\",\"url\":\"https:\\\/\\\/diarioellabrador.cl\\\/\",\"logo\":{\"@type\":\"ImageObject\",\"inLanguage\":\"es\",\"@id\":\"https:\\\/\\\/diarioellabrador.cl\\\/#\\\/schema\\\/logo\\\/image\\\/\",\"url\":\"https:\\\/\\\/diarioellabrador.cl\\\/wp-content\\\/uploads\\\/2025\\\/02\\\/cropped-Logo-Icono.png\",\"contentUrl\":\"https:\\\/\\\/diarioellabrador.cl\\\/wp-content\\\/uploads\\\/2025\\\/02\\\/cropped-Logo-Icono.png\",\"width\":512,\"height\":512,\"caption\":\"Diario El Labrador\"},\"image\":{\"@id\":\"https:\\\/\\\/diarioellabrador.cl\\\/#\\\/schema\\\/logo\\\/image\\\/\"},\"sameAs\":[\"https:\\\/\\\/web.facebook.com\\\/profile.php?id=61576120840621\",\"https:\\\/\\\/x.com\\\/ElLabradorOf\",\"https:\\\/\\\/www.instagram.com\\\/diarioellabradoroficial\\\/\"]},{\"@type\":\"Person\",\"@id\":\"https:\\\/\\\/diarioellabrador.cl\\\/#\\\/schema\\\/person\\\/bc25ff80b4563f9c7f4bd7855df01685\",\"name\":\"Editor\",\"image\":{\"@type\":\"ImageObject\",\"inLanguage\":\"es\",\"@id\":\"https:\\\/\\\/secure.gravatar.com\\\/avatar\\\/109c326cf2be5c04f048c2c2a2b8b6ef44bf3d8d1d3d4c55d0ac40c4bc994684?s=96&d=mm&r=g\",\"url\":\"https:\\\/\\\/secure.gravatar.com\\\/avatar\\\/109c326cf2be5c04f048c2c2a2b8b6ef44bf3d8d1d3d4c55d0ac40c4bc994684?s=96&d=mm&r=g\",\"contentUrl\":\"https:\\\/\\\/secure.gravatar.com\\\/avatar\\\/109c326cf2be5c04f048c2c2a2b8b6ef44bf3d8d1d3d4c55d0ac40c4bc994684?s=96&d=mm&r=g\",\"caption\":\"Editor\"},\"url\":\"https:\\\/\\\/diarioellabrador.cl\\\/index.php\\\/author\\\/editor\\\/\"}]}<\/script>\n<!-- \/ Yoast SEO plugin. -->","yoast_head_json":{"title":"Investigan homicidio que ocurri\u00f3 en la v\u00eda p\u00fablica en Isla de Maipo - Diario El Labrador","robots":{"index":"index","follow":"follow","max-snippet":"max-snippet:-1","max-image-preview":"max-image-preview:large","max-video-preview":"max-video-preview:-1"},"canonical":"https:\/\/diarioellabrador.cl\/index.php\/2025\/10\/18\/investigan-homicidio-que-ocurrio-en-la-via-publica-en-isla-de-maipo\/","og_locale":"es_ES","og_type":"article","og_title":"Investigan homicidio que ocurri\u00f3 en la v\u00eda p\u00fablica en Isla de Maipo - Diario El Labrador","og_description":"En la madrugada de ayer s\u00e1bado un hombre fue hallado muerto en la v\u00eda p\u00fablica en la comuna de Isla de Maipo, su cuerpo presentaba diversas lesiones debido a un ataque con un objeto cortopunzante. Por instrucci\u00f3n de la Fiscal\u00eda Occidente, las pericias en el sitio del suceso quedaron a cargo de la Brigada de Leer m\u00e1s","og_url":"https:\/\/diarioellabrador.cl\/index.php\/2025\/10\/18\/investigan-homicidio-que-ocurrio-en-la-via-publica-en-isla-de-maipo\/","og_site_name":"Diario El Labrador","article_publisher":"https:\/\/web.facebook.com\/profile.php?id=61576120840621","article_published_time":"2025-10-18T20:25:47+00:00","og_image":[{"width":1422,"height":800,"url":"https:\/\/diarioellabrador.cl\/wp-content\/uploads\/2025\/10\/Investigan-homicidio-que-ocurrio-en-la-via-publica-en-Isla-de-Maipo.jpeg","type":"image\/jpeg"}],"author":"Editor","twitter_card":"summary_large_image","twitter_creator":"@ElLabradorOf","twitter_site":"@ElLabradorOf","twitter_misc":{"Escrito por":"Editor","Tiempo de lectura":"1 minuto"},"schema":{"@context":"https:\/\/schema.org","@graph":[{"@type":"Article","@id":"https:\/\/diarioellabrador.cl\/index.php\/2025\/10\/18\/investigan-homicidio-que-ocurrio-en-la-via-publica-en-isla-de-maipo\/#article","isPartOf":{"@id":"https:\/\/diarioellabrador.cl\/index.php\/2025\/10\/18\/investigan-homicidio-que-ocurrio-en-la-via-publica-en-isla-de-maipo\/"},"author":{"name":"Editor","@id":"https:\/\/diarioellabrador.cl\/#\/schema\/person\/bc25ff80b4563f9c7f4bd7855df01685"},"headline":"Investigan homicidio que ocurri\u00f3 en la v\u00eda p\u00fablica en Isla de Maipo","datePublished":"2025-10-18T20:25:47+00:00","mainEntityOfPage":{"@id":"https:\/\/diarioellabrador.cl\/index.php\/2025\/10\/18\/investigan-homicidio-que-ocurrio-en-la-via-publica-en-isla-de-maipo\/"},"wordCount":209,"commentCount":0,"publisher":{"@id":"https:\/\/diarioellabrador.cl\/#organization"},"image":{"@id":"https:\/\/diarioellabrador.cl\/index.php\/2025\/10\/18\/investigan-homicidio-que-ocurrio-en-la-via-publica-en-isla-de-maipo\/#primaryimage"},"thumbnailUrl":"https:\/\/diarioellabrador.cl\/wp-content\/uploads\/2025\/10\/Investigan-homicidio-que-ocurrio-en-la-via-publica-en-Isla-de-Maipo.jpeg","articleSection":["Destacados","Policial"],"inLanguage":"es","potentialAction":[{"@type":"CommentAction","name":"Comment","target":["https:\/\/diarioellabrador.cl\/index.php\/2025\/10\/18\/investigan-homicidio-que-ocurrio-en-la-via-publica-en-isla-de-maipo\/#respond"]}]},{"@type":"WebPage","@id":"https:\/\/diarioellabrador.cl\/index.php\/2025\/10\/18\/investigan-homicidio-que-ocurrio-en-la-via-publica-en-isla-de-maipo\/","url":"https:\/\/diarioellabrador.cl\/index.php\/2025\/10\/18\/investigan-homicidio-que-ocurrio-en-la-via-publica-en-isla-de-maipo\/","name":"Investigan homicidio que ocurri\u00f3 en la v\u00eda p\u00fablica en Isla de Maipo - Diario El Labrador","isPartOf":{"@id":"https:\/\/diarioellabrador.cl\/#website"},"primaryImageOfPage":{"@id":"https:\/\/diarioellabrador.cl\/index.php\/2025\/10\/18\/investigan-homicidio-que-ocurrio-en-la-via-publica-en-isla-de-maipo\/#primaryimage"},"image":{"@id":"https:\/\/diarioellabrador.cl\/index.php\/2025\/10\/18\/investigan-homicidio-que-ocurrio-en-la-via-publica-en-isla-de-maipo\/#primaryimage"},"thumbnailUrl":"https:\/\/diarioellabrador.cl\/wp-content\/uploads\/2025\/10\/Investigan-homicidio-que-ocurrio-en-la-via-publica-en-Isla-de-Maipo.jpeg","datePublished":"2025-10-18T20:25:47+00:00","breadcrumb":{"@id":"https:\/\/diarioellabrador.cl\/index.php\/2025\/10\/18\/investigan-homicidio-que-ocurrio-en-la-via-publica-en-isla-de-maipo\/#breadcrumb"},"inLanguage":"es","potentialAction":[{"@type":"ReadAction","target":["https:\/\/diarioellabrador.cl\/index.php\/2025\/10\/18\/investigan-homicidio-que-ocurrio-en-la-via-publica-en-isla-de-maipo\/"]}]},{"@type":"ImageObject","inLanguage":"es","@id":"https:\/\/diarioellabrador.cl\/index.php\/2025\/10\/18\/investigan-homicidio-que-ocurrio-en-la-via-publica-en-isla-de-maipo\/#primaryimage","url":"https:\/\/diarioellabrador.cl\/wp-content\/uploads\/2025\/10\/Investigan-homicidio-que-ocurrio-en-la-via-publica-en-Isla-de-Maipo.jpeg","contentUrl":"https:\/\/diarioellabrador.cl\/wp-content\/uploads\/2025\/10\/Investigan-homicidio-que-ocurrio-en-la-via-publica-en-Isla-de-Maipo.jpeg","width":1422,"height":800},{"@type":"BreadcrumbList","@id":"https:\/\/diarioellabrador.cl\/index.php\/2025\/10\/18\/investigan-homicidio-que-ocurrio-en-la-via-publica-en-isla-de-maipo\/#breadcrumb","itemListElement":[{"@type":"ListItem","position":1,"name":"Portada","item":"https:\/\/diarioellabrador.cl\/"},{"@type":"ListItem","position":2,"name":"Investigan homicidio que ocurri\u00f3 en la v\u00eda p\u00fablica en Isla de Maipo"}]},{"@type":"WebSite","@id":"https:\/\/diarioellabrador.cl\/#website","url":"https:\/\/diarioellabrador.cl\/","name":"Diario El Labrador","description":"Haciendo noticia desde 1921","publisher":{"@id":"https:\/\/diarioellabrador.cl\/#organization"},"potentialAction":[{"@type":"SearchAction","target":{"@type":"EntryPoint","urlTemplate":"https:\/\/diarioellabrador.cl\/?s={search_term_string}"},"query-input":{"@type":"PropertyValueSpecification","valueRequired":true,"valueName":"search_term_string"}}],"inLanguage":"es"},{"@type":"Organization","@id":"https:\/\/diarioellabrador.cl\/#organization","name":"Diario El Labrador","url":"https:\/\/diarioellabrador.cl\/","logo":{"@type":"ImageObject","inLanguage":"es","@id":"https:\/\/diarioellabrador.cl\/#\/schema\/logo\/image\/","url":"https:\/\/diarioellabrador.cl\/wp-content\/uploads\/2025\/02\/cropped-Logo-Icono.png","contentUrl":"https:\/\/diarioellabrador.cl\/wp-content\/uploads\/2025\/02\/cropped-Logo-Icono.png","width":512,"height":512,"caption":"Diario El Labrador"},"image":{"@id":"https:\/\/diarioellabrador.cl\/#\/schema\/logo\/image\/"},"sameAs":["https:\/\/web.facebook.com\/profile.php?id=61576120840621","https:\/\/x.com\/ElLabradorOf","https:\/\/www.instagram.com\/diarioellabradoroficial\/"]},{"@type":"Person","@id":"https:\/\/diarioellabrador.cl\/#\/schema\/person\/bc25ff80b4563f9c7f4bd7855df01685","name":"Editor","image":{"@type":"ImageObject","inLanguage":"es","@id":"https:\/\/secure.gravatar.com\/avatar\/109c326cf2be5c04f048c2c2a2b8b6ef44bf3d8d1d3d4c55d0ac40c4bc994684?s=96&d=mm&r=g","url":"https:\/\/secure.gravatar.com\/avatar\/109c326cf2be5c04f048c2c2a2b8b6ef44bf3d8d1d3d4c55d0ac40c4bc994684?s=96&d=mm&r=g","contentUrl":"https:\/\/secure.gravatar.com\/avatar\/109c326cf2be5c04f048c2c2a2b8b6ef44bf3d8d1d3d4c55d0ac40c4bc994684?s=96&d=mm&r=g","caption":"Editor"},"url":"https:\/\/diarioellabrador.cl\/index.php\/author\/editor\/"}]}},"_links":{"self":[{"href":"https:\/\/diarioellabrador.cl\/index.php\/wp-json\/wp\/v2\/posts\/10059","targetHints":{"allow":["GET"]}}],"collection":[{"href":"https:\/\/diarioellabrador.cl\/index.php\/wp-json\/wp\/v2\/posts"}],"about":[{"href":"https:\/\/diarioellabrador.cl\/index.php\/wp-json\/wp\/v2\/types\/post"}],"author":[{"embeddable":true,"href":"https:\/\/diarioellabrador.cl\/index.php\/wp-json\/wp\/v2\/users\/2"}],"replies":[{"embeddable":true,"href":"https:\/\/diarioellabrador.cl\/index.php\/wp-json\/wp\/v2\/comments?post=10059"}],"version-history":[{"count":1,"href":"https:\/\/diarioellabrador.cl\/index.php\/wp-json\/wp\/v2\/posts\/10059\/revisions"}],"predecessor-version":[{"id":10060,"href":"https:\/\/diarioellabrador.cl\/index.php\/wp-json\/wp\/v2\/posts\/10059\/revisions\/10060"}],"wp:featuredmedia":[{"embeddable":true,"href":"https:\/\/diarioellabrador.cl\/index.php\/wp-json\/wp\/v2\/media\/10045"}],"wp:attachment":[{"href":"https:\/\/diarioellabrador.cl\/index.php\/wp-json\/wp\/v2\/media?parent=10059"}],"wp:term":[{"taxonomy":"category","embeddable":true,"href":"https:\/\/diarioellabrador.cl\/index.php\/wp-json\/wp\/v2\/categories?post=10059"},{"taxonomy":"post_tag","embeddable":true,"href":"https:\/\/diarioellabrador.cl\/index.php\/wp-json\/wp\/v2\/tags?post=10059"}],"curies":[{"name":"wp","href":"https:\/\/api.w.org\/{rel}","templated":true}]}}