{"id":10057,"date":"2025-10-18T16:25:00","date_gmt":"2025-10-18T20:25:00","guid":{"rendered":"https:\/\/diarioellabrador.cl\/?p=10057"},"modified":"2025-10-18T16:25:01","modified_gmt":"2025-10-18T20:25:01","slug":"en-yumbel-realizaran-su-segunda-exposicion-de-caballos-chilenos-promocional","status":"publish","type":"post","link":"https:\/\/diarioellabrador.cl\/index.php\/2025\/10\/18\/en-yumbel-realizaran-su-segunda-exposicion-de-caballos-chilenos-promocional\/","title":{"rendered":"En Yumbel realizar\u00e1n su segunda exposici\u00f3n de caballos chilenos promocional"},"content":{"rendered":"\n<p><strong>Autor: <\/strong><a href=\"https:\/\/www.caballoyrodeo.cl\/portal_rodeo\/site\/artic\/20240205\/pags\/20240205103254.html\">H\u00e9ctor Parraguirre Jara<\/a><\/p>\n\n\n\n<p>En el <strong>Centro Ecuestre Los Arrieros<\/strong>, en la comuna de <strong>Yumbel,<\/strong> se efectuar\u00e1 este s\u00e1bado 18 de octubre <strong>una exposici\u00f3n de caballos chilenos promocional<\/strong>, actividad que ya se hizo el a\u00f1o pasado en el mismo recinto.<\/p>\n\n\n\n<p><strong>Rodrigo Quilodr\u00e1n<\/strong>, organizador y due\u00f1o de casa, coment\u00f3 que \u00abesta exposici\u00f3n es la segunda que hacemos desde que comenzamos con el tema y por segunda vez consecutiva vamos a tener el apoyo de la <strong>Federaci\u00f3n de Criadores<\/strong> en la jura. Vamos a invitar a gente no solamente de la comuna, sino que de varios sectores de la Regi\u00f3n del B\u00edo-B\u00edo. gente que est\u00e1 comenzando a criar, que tiene las ganas, que tiene una o dos yeguas, un potrillo y se est\u00e1 motivando\u00bb.<\/p>\n\n\n\n<p>\u00abAl igual que el a\u00f1o pasado, se har\u00e1 en el Centro Ecuestre Los Arrieros. Este a\u00f1o se estima mayor participaci\u00f3n, porque ha habido varios llamados y mucho entusiasmo de parte de la gente\u00bb, agreg\u00f3.<\/p>\n\n\n\n<p>Con respecto a la jura, cont\u00f3 que \u00abde la Federaci\u00f3n vendr\u00e1 <strong>don<\/strong> <strong>Patricio Mu\u00f1oz <\/strong>junto a <strong>don Jos\u00e9 Luis Pinochet<\/strong>. quien tuvo toda la disposici\u00f3n para venir, estuvimos conversando y tambi\u00e9n nos ofreci\u00f3 su apoyo para ir entusiasmando a la gente que est\u00e1 criando y que pueda ir mejorando\u00bb.<\/p>\n\n\n\n<p>Quilodr\u00e1n inform\u00f3 tambi\u00e9n el programa que tienen para la jornada.<\/p>\n\n\n\n<p>\u00abEstar\u00edamos comenzando a las 10:00 con las inscripciones y la medici\u00f3n de los ejemplares, para partir a las 11:00 con la exposici\u00f3n de ganado y despu\u00e9s seguir con las categor\u00edas de caballos chilenos. Va a ser muy similar a lo del a\u00f1o pasado, con la diferencia que este a\u00f1o, de acuerdo a los llamados y a lo que nos han escrito en las redes sociales, se estima que deber\u00eda haber m\u00e1s p\u00fablico y mayor cantidad de participantes\u00bb, apunto.<\/p>\n\n\n\n<p>\u00abAgradezco a la Federaci\u00f3n por apoyarnos, por creer en esta iniciativa, lo agradecemos mucho\u00bb, cerr\u00f3.<\/p>\n","protected":false},"excerpt":{"rendered":"<p>Autor: H\u00e9ctor Parraguirre Jara En el Centro Ecuestre Los Arrieros, en la comuna de Yumbel, se efectuar\u00e1 este s\u00e1bado 18 de octubre una exposici\u00f3n de caballos chilenos promocional, actividad que ya se hizo el a\u00f1o pasado en el mismo recinto. Rodrigo Quilodr\u00e1n, organizador y due\u00f1o de casa, coment\u00f3 que \u00abesta exposici\u00f3n es la segunda que<\/p>\n<div class=\"read-more-wrapper\"><a class=\"read-more\" href=\"https:\/\/diarioellabrador.cl\/index.php\/2025\/10\/18\/en-yumbel-realizaran-su-segunda-exposicion-de-caballos-chilenos-promocional\/\" title=\"Leer m\u00e1s\"> <span class=\"button \">Leer m\u00e1s<\/span><\/a><\/div>\n","protected":false},"author":2,"featured_media":10028,"comment_status":"open","ping_status":"open","sticky":false,"template":"","format":"standard","meta":{"footnotes":""},"categories":[5],"tags":[],"class_list":["post-10057","post","type-post","status-publish","format-standard","has-post-thumbnail","hentry","category-rodeo"],"yoast_head":"<!-- This site is optimized with the Yoast SEO plugin v27.5 - https:\/\/yoast.com\/product\/yoast-seo-wordpress\/ -->\n<title>En Yumbel realizar\u00e1n su segunda exposici\u00f3n de caballos chilenos promocional - Diario El Labrador<\/title>\n<meta name=\"robots\" content=\"index, follow, max-snippet:-1, max-image-preview:large, max-video-preview:-1\" \/>\n<link rel=\"canonical\" href=\"https:\/\/diarioellabrador.cl\/index.php\/2025\/10\/18\/en-yumbel-realizaran-su-segunda-exposicion-de-caballos-chilenos-promocional\/\" \/>\n<meta property=\"og:locale\" content=\"es_ES\" \/>\n<meta property=\"og:type\" content=\"article\" \/>\n<meta property=\"og:title\" content=\"En Yumbel realizar\u00e1n su segunda exposici\u00f3n de caballos chilenos promocional - Diario El Labrador\" \/>\n<meta property=\"og:description\" content=\"Autor: H\u00e9ctor Parraguirre Jara En el Centro Ecuestre Los Arrieros, en la comuna de Yumbel, se efectuar\u00e1 este s\u00e1bado 18 de octubre una exposici\u00f3n de caballos chilenos promocional, actividad que ya se hizo el a\u00f1o pasado en el mismo recinto. Rodrigo Quilodr\u00e1n, organizador y due\u00f1o de casa, coment\u00f3 que \u00abesta exposici\u00f3n es la segunda que Leer m\u00e1s\" \/>\n<meta property=\"og:url\" content=\"https:\/\/diarioellabrador.cl\/index.php\/2025\/10\/18\/en-yumbel-realizaran-su-segunda-exposicion-de-caballos-chilenos-promocional\/\" \/>\n<meta property=\"og:site_name\" content=\"Diario El Labrador\" \/>\n<meta property=\"article:publisher\" content=\"https:\/\/web.facebook.com\/profile.php?id=61576120840621\" \/>\n<meta property=\"article:published_time\" content=\"2025-10-18T20:25:00+00:00\" \/>\n<meta property=\"article:modified_time\" content=\"2025-10-18T20:25:01+00:00\" \/>\n<meta property=\"og:image\" content=\"https:\/\/diarioellabrador.cl\/wp-content\/uploads\/2025\/10\/En-Yumbel-realizaran-su-segunda-exposicion-de-caballos-chilenos-promocional.jpg\" \/>\n\t<meta property=\"og:image:width\" content=\"749\" \/>\n\t<meta property=\"og:image:height\" content=\"391\" \/>\n\t<meta property=\"og:image:type\" content=\"image\/jpeg\" \/>\n<meta name=\"author\" content=\"Editor\" \/>\n<meta name=\"twitter:card\" content=\"summary_large_image\" \/>\n<meta name=\"twitter:creator\" content=\"@ElLabradorOf\" \/>\n<meta name=\"twitter:site\" content=\"@ElLabradorOf\" \/>\n<meta name=\"twitter:label1\" content=\"Escrito por\" \/>\n\t<meta name=\"twitter:data1\" content=\"Editor\" \/>\n\t<meta name=\"twitter:label2\" content=\"Tiempo de lectura\" \/>\n\t<meta name=\"twitter:data2\" content=\"2 minutos\" \/>\n<script type=\"application\/ld+json\" class=\"yoast-schema-graph\">{\"@context\":\"https:\\\/\\\/schema.org\",\"@graph\":[{\"@type\":\"Article\",\"@id\":\"https:\\\/\\\/diarioellabrador.cl\\\/index.php\\\/2025\\\/10\\\/18\\\/en-yumbel-realizaran-su-segunda-exposicion-de-caballos-chilenos-promocional\\\/#article\",\"isPartOf\":{\"@id\":\"https:\\\/\\\/diarioellabrador.cl\\\/index.php\\\/2025\\\/10\\\/18\\\/en-yumbel-realizaran-su-segunda-exposicion-de-caballos-chilenos-promocional\\\/\"},\"author\":{\"name\":\"Editor\",\"@id\":\"https:\\\/\\\/diarioellabrador.cl\\\/#\\\/schema\\\/person\\\/bc25ff80b4563f9c7f4bd7855df01685\"},\"headline\":\"En Yumbel realizar\u00e1n su segunda exposici\u00f3n de caballos chilenos promocional\",\"datePublished\":\"2025-10-18T20:25:00+00:00\",\"dateModified\":\"2025-10-18T20:25:01+00:00\",\"mainEntityOfPage\":{\"@id\":\"https:\\\/\\\/diarioellabrador.cl\\\/index.php\\\/2025\\\/10\\\/18\\\/en-yumbel-realizaran-su-segunda-exposicion-de-caballos-chilenos-promocional\\\/\"},\"wordCount\":348,\"commentCount\":0,\"publisher\":{\"@id\":\"https:\\\/\\\/diarioellabrador.cl\\\/#organization\"},\"image\":{\"@id\":\"https:\\\/\\\/diarioellabrador.cl\\\/index.php\\\/2025\\\/10\\\/18\\\/en-yumbel-realizaran-su-segunda-exposicion-de-caballos-chilenos-promocional\\\/#primaryimage\"},\"thumbnailUrl\":\"https:\\\/\\\/diarioellabrador.cl\\\/wp-content\\\/uploads\\\/2025\\\/10\\\/En-Yumbel-realizaran-su-segunda-exposicion-de-caballos-chilenos-promocional.jpg\",\"articleSection\":[\"Rodeo\"],\"inLanguage\":\"es\",\"potentialAction\":[{\"@type\":\"CommentAction\",\"name\":\"Comment\",\"target\":[\"https:\\\/\\\/diarioellabrador.cl\\\/index.php\\\/2025\\\/10\\\/18\\\/en-yumbel-realizaran-su-segunda-exposicion-de-caballos-chilenos-promocional\\\/#respond\"]}]},{\"@type\":\"WebPage\",\"@id\":\"https:\\\/\\\/diarioellabrador.cl\\\/index.php\\\/2025\\\/10\\\/18\\\/en-yumbel-realizaran-su-segunda-exposicion-de-caballos-chilenos-promocional\\\/\",\"url\":\"https:\\\/\\\/diarioellabrador.cl\\\/index.php\\\/2025\\\/10\\\/18\\\/en-yumbel-realizaran-su-segunda-exposicion-de-caballos-chilenos-promocional\\\/\",\"name\":\"En Yumbel realizar\u00e1n su segunda exposici\u00f3n de caballos chilenos promocional - Diario El Labrador\",\"isPartOf\":{\"@id\":\"https:\\\/\\\/diarioellabrador.cl\\\/#website\"},\"primaryImageOfPage\":{\"@id\":\"https:\\\/\\\/diarioellabrador.cl\\\/index.php\\\/2025\\\/10\\\/18\\\/en-yumbel-realizaran-su-segunda-exposicion-de-caballos-chilenos-promocional\\\/#primaryimage\"},\"image\":{\"@id\":\"https:\\\/\\\/diarioellabrador.cl\\\/index.php\\\/2025\\\/10\\\/18\\\/en-yumbel-realizaran-su-segunda-exposicion-de-caballos-chilenos-promocional\\\/#primaryimage\"},\"thumbnailUrl\":\"https:\\\/\\\/diarioellabrador.cl\\\/wp-content\\\/uploads\\\/2025\\\/10\\\/En-Yumbel-realizaran-su-segunda-exposicion-de-caballos-chilenos-promocional.jpg\",\"datePublished\":\"2025-10-18T20:25:00+00:00\",\"dateModified\":\"2025-10-18T20:25:01+00:00\",\"breadcrumb\":{\"@id\":\"https:\\\/\\\/diarioellabrador.cl\\\/index.php\\\/2025\\\/10\\\/18\\\/en-yumbel-realizaran-su-segunda-exposicion-de-caballos-chilenos-promocional\\\/#breadcrumb\"},\"inLanguage\":\"es\",\"potentialAction\":[{\"@type\":\"ReadAction\",\"target\":[\"https:\\\/\\\/diarioellabrador.cl\\\/index.php\\\/2025\\\/10\\\/18\\\/en-yumbel-realizaran-su-segunda-exposicion-de-caballos-chilenos-promocional\\\/\"]}]},{\"@type\":\"ImageObject\",\"inLanguage\":\"es\",\"@id\":\"https:\\\/\\\/diarioellabrador.cl\\\/index.php\\\/2025\\\/10\\\/18\\\/en-yumbel-realizaran-su-segunda-exposicion-de-caballos-chilenos-promocional\\\/#primaryimage\",\"url\":\"https:\\\/\\\/diarioellabrador.cl\\\/wp-content\\\/uploads\\\/2025\\\/10\\\/En-Yumbel-realizaran-su-segunda-exposicion-de-caballos-chilenos-promocional.jpg\",\"contentUrl\":\"https:\\\/\\\/diarioellabrador.cl\\\/wp-content\\\/uploads\\\/2025\\\/10\\\/En-Yumbel-realizaran-su-segunda-exposicion-de-caballos-chilenos-promocional.jpg\",\"width\":749,\"height\":391},{\"@type\":\"BreadcrumbList\",\"@id\":\"https:\\\/\\\/diarioellabrador.cl\\\/index.php\\\/2025\\\/10\\\/18\\\/en-yumbel-realizaran-su-segunda-exposicion-de-caballos-chilenos-promocional\\\/#breadcrumb\",\"itemListElement\":[{\"@type\":\"ListItem\",\"position\":1,\"name\":\"Portada\",\"item\":\"https:\\\/\\\/diarioellabrador.cl\\\/\"},{\"@type\":\"ListItem\",\"position\":2,\"name\":\"En Yumbel realizar\u00e1n su segunda exposici\u00f3n de caballos chilenos promocional\"}]},{\"@type\":\"WebSite\",\"@id\":\"https:\\\/\\\/diarioellabrador.cl\\\/#website\",\"url\":\"https:\\\/\\\/diarioellabrador.cl\\\/\",\"name\":\"Diario El Labrador\",\"description\":\"Haciendo noticia desde 1921\",\"publisher\":{\"@id\":\"https:\\\/\\\/diarioellabrador.cl\\\/#organization\"},\"potentialAction\":[{\"@type\":\"SearchAction\",\"target\":{\"@type\":\"EntryPoint\",\"urlTemplate\":\"https:\\\/\\\/diarioellabrador.cl\\\/?s={search_term_string}\"},\"query-input\":{\"@type\":\"PropertyValueSpecification\",\"valueRequired\":true,\"valueName\":\"search_term_string\"}}],\"inLanguage\":\"es\"},{\"@type\":\"Organization\",\"@id\":\"https:\\\/\\\/diarioellabrador.cl\\\/#organization\",\"name\":\"Diario El Labrador\",\"url\":\"https:\\\/\\\/diarioellabrador.cl\\\/\",\"logo\":{\"@type\":\"ImageObject\",\"inLanguage\":\"es\",\"@id\":\"https:\\\/\\\/diarioellabrador.cl\\\/#\\\/schema\\\/logo\\\/image\\\/\",\"url\":\"https:\\\/\\\/diarioellabrador.cl\\\/wp-content\\\/uploads\\\/2025\\\/02\\\/cropped-Logo-Icono.png\",\"contentUrl\":\"https:\\\/\\\/diarioellabrador.cl\\\/wp-content\\\/uploads\\\/2025\\\/02\\\/cropped-Logo-Icono.png\",\"width\":512,\"height\":512,\"caption\":\"Diario El Labrador\"},\"image\":{\"@id\":\"https:\\\/\\\/diarioellabrador.cl\\\/#\\\/schema\\\/logo\\\/image\\\/\"},\"sameAs\":[\"https:\\\/\\\/web.facebook.com\\\/profile.php?id=61576120840621\",\"https:\\\/\\\/x.com\\\/ElLabradorOf\",\"https:\\\/\\\/www.instagram.com\\\/diarioellabradoroficial\\\/\"]},{\"@type\":\"Person\",\"@id\":\"https:\\\/\\\/diarioellabrador.cl\\\/#\\\/schema\\\/person\\\/bc25ff80b4563f9c7f4bd7855df01685\",\"name\":\"Editor\",\"image\":{\"@type\":\"ImageObject\",\"inLanguage\":\"es\",\"@id\":\"https:\\\/\\\/secure.gravatar.com\\\/avatar\\\/109c326cf2be5c04f048c2c2a2b8b6ef44bf3d8d1d3d4c55d0ac40c4bc994684?s=96&d=mm&r=g\",\"url\":\"https:\\\/\\\/secure.gravatar.com\\\/avatar\\\/109c326cf2be5c04f048c2c2a2b8b6ef44bf3d8d1d3d4c55d0ac40c4bc994684?s=96&d=mm&r=g\",\"contentUrl\":\"https:\\\/\\\/secure.gravatar.com\\\/avatar\\\/109c326cf2be5c04f048c2c2a2b8b6ef44bf3d8d1d3d4c55d0ac40c4bc994684?s=96&d=mm&r=g\",\"caption\":\"Editor\"},\"url\":\"https:\\\/\\\/diarioellabrador.cl\\\/index.php\\\/author\\\/editor\\\/\"}]}<\/script>\n<!-- \/ Yoast SEO plugin. -->","yoast_head_json":{"title":"En Yumbel realizar\u00e1n su segunda exposici\u00f3n de caballos chilenos promocional - Diario El Labrador","robots":{"index":"index","follow":"follow","max-snippet":"max-snippet:-1","max-image-preview":"max-image-preview:large","max-video-preview":"max-video-preview:-1"},"canonical":"https:\/\/diarioellabrador.cl\/index.php\/2025\/10\/18\/en-yumbel-realizaran-su-segunda-exposicion-de-caballos-chilenos-promocional\/","og_locale":"es_ES","og_type":"article","og_title":"En Yumbel realizar\u00e1n su segunda exposici\u00f3n de caballos chilenos promocional - Diario El Labrador","og_description":"Autor: H\u00e9ctor Parraguirre Jara En el Centro Ecuestre Los Arrieros, en la comuna de Yumbel, se efectuar\u00e1 este s\u00e1bado 18 de octubre una exposici\u00f3n de caballos chilenos promocional, actividad que ya se hizo el a\u00f1o pasado en el mismo recinto. Rodrigo Quilodr\u00e1n, organizador y due\u00f1o de casa, coment\u00f3 que \u00abesta exposici\u00f3n es la segunda que Leer m\u00e1s","og_url":"https:\/\/diarioellabrador.cl\/index.php\/2025\/10\/18\/en-yumbel-realizaran-su-segunda-exposicion-de-caballos-chilenos-promocional\/","og_site_name":"Diario El Labrador","article_publisher":"https:\/\/web.facebook.com\/profile.php?id=61576120840621","article_published_time":"2025-10-18T20:25:00+00:00","article_modified_time":"2025-10-18T20:25:01+00:00","og_image":[{"width":749,"height":391,"url":"https:\/\/diarioellabrador.cl\/wp-content\/uploads\/2025\/10\/En-Yumbel-realizaran-su-segunda-exposicion-de-caballos-chilenos-promocional.jpg","type":"image\/jpeg"}],"author":"Editor","twitter_card":"summary_large_image","twitter_creator":"@ElLabradorOf","twitter_site":"@ElLabradorOf","twitter_misc":{"Escrito por":"Editor","Tiempo de lectura":"2 minutos"},"schema":{"@context":"https:\/\/schema.org","@graph":[{"@type":"Article","@id":"https:\/\/diarioellabrador.cl\/index.php\/2025\/10\/18\/en-yumbel-realizaran-su-segunda-exposicion-de-caballos-chilenos-promocional\/#article","isPartOf":{"@id":"https:\/\/diarioellabrador.cl\/index.php\/2025\/10\/18\/en-yumbel-realizaran-su-segunda-exposicion-de-caballos-chilenos-promocional\/"},"author":{"name":"Editor","@id":"https:\/\/diarioellabrador.cl\/#\/schema\/person\/bc25ff80b4563f9c7f4bd7855df01685"},"headline":"En Yumbel realizar\u00e1n su segunda exposici\u00f3n de caballos chilenos promocional","datePublished":"2025-10-18T20:25:00+00:00","dateModified":"2025-10-18T20:25:01+00:00","mainEntityOfPage":{"@id":"https:\/\/diarioellabrador.cl\/index.php\/2025\/10\/18\/en-yumbel-realizaran-su-segunda-exposicion-de-caballos-chilenos-promocional\/"},"wordCount":348,"commentCount":0,"publisher":{"@id":"https:\/\/diarioellabrador.cl\/#organization"},"image":{"@id":"https:\/\/diarioellabrador.cl\/index.php\/2025\/10\/18\/en-yumbel-realizaran-su-segunda-exposicion-de-caballos-chilenos-promocional\/#primaryimage"},"thumbnailUrl":"https:\/\/diarioellabrador.cl\/wp-content\/uploads\/2025\/10\/En-Yumbel-realizaran-su-segunda-exposicion-de-caballos-chilenos-promocional.jpg","articleSection":["Rodeo"],"inLanguage":"es","potentialAction":[{"@type":"CommentAction","name":"Comment","target":["https:\/\/diarioellabrador.cl\/index.php\/2025\/10\/18\/en-yumbel-realizaran-su-segunda-exposicion-de-caballos-chilenos-promocional\/#respond"]}]},{"@type":"WebPage","@id":"https:\/\/diarioellabrador.cl\/index.php\/2025\/10\/18\/en-yumbel-realizaran-su-segunda-exposicion-de-caballos-chilenos-promocional\/","url":"https:\/\/diarioellabrador.cl\/index.php\/2025\/10\/18\/en-yumbel-realizaran-su-segunda-exposicion-de-caballos-chilenos-promocional\/","name":"En Yumbel realizar\u00e1n su segunda exposici\u00f3n de caballos chilenos promocional - Diario El Labrador","isPartOf":{"@id":"https:\/\/diarioellabrador.cl\/#website"},"primaryImageOfPage":{"@id":"https:\/\/diarioellabrador.cl\/index.php\/2025\/10\/18\/en-yumbel-realizaran-su-segunda-exposicion-de-caballos-chilenos-promocional\/#primaryimage"},"image":{"@id":"https:\/\/diarioellabrador.cl\/index.php\/2025\/10\/18\/en-yumbel-realizaran-su-segunda-exposicion-de-caballos-chilenos-promocional\/#primaryimage"},"thumbnailUrl":"https:\/\/diarioellabrador.cl\/wp-content\/uploads\/2025\/10\/En-Yumbel-realizaran-su-segunda-exposicion-de-caballos-chilenos-promocional.jpg","datePublished":"2025-10-18T20:25:00+00:00","dateModified":"2025-10-18T20:25:01+00:00","breadcrumb":{"@id":"https:\/\/diarioellabrador.cl\/index.php\/2025\/10\/18\/en-yumbel-realizaran-su-segunda-exposicion-de-caballos-chilenos-promocional\/#breadcrumb"},"inLanguage":"es","potentialAction":[{"@type":"ReadAction","target":["https:\/\/diarioellabrador.cl\/index.php\/2025\/10\/18\/en-yumbel-realizaran-su-segunda-exposicion-de-caballos-chilenos-promocional\/"]}]},{"@type":"ImageObject","inLanguage":"es","@id":"https:\/\/diarioellabrador.cl\/index.php\/2025\/10\/18\/en-yumbel-realizaran-su-segunda-exposicion-de-caballos-chilenos-promocional\/#primaryimage","url":"https:\/\/diarioellabrador.cl\/wp-content\/uploads\/2025\/10\/En-Yumbel-realizaran-su-segunda-exposicion-de-caballos-chilenos-promocional.jpg","contentUrl":"https:\/\/diarioellabrador.cl\/wp-content\/uploads\/2025\/10\/En-Yumbel-realizaran-su-segunda-exposicion-de-caballos-chilenos-promocional.jpg","width":749,"height":391},{"@type":"BreadcrumbList","@id":"https:\/\/diarioellabrador.cl\/index.php\/2025\/10\/18\/en-yumbel-realizaran-su-segunda-exposicion-de-caballos-chilenos-promocional\/#breadcrumb","itemListElement":[{"@type":"ListItem","position":1,"name":"Portada","item":"https:\/\/diarioellabrador.cl\/"},{"@type":"ListItem","position":2,"name":"En Yumbel realizar\u00e1n su segunda exposici\u00f3n de caballos chilenos promocional"}]},{"@type":"WebSite","@id":"https:\/\/diarioellabrador.cl\/#website","url":"https:\/\/diarioellabrador.cl\/","name":"Diario El Labrador","description":"Haciendo noticia desde 1921","publisher":{"@id":"https:\/\/diarioellabrador.cl\/#organization"},"potentialAction":[{"@type":"SearchAction","target":{"@type":"EntryPoint","urlTemplate":"https:\/\/diarioellabrador.cl\/?s={search_term_string}"},"query-input":{"@type":"PropertyValueSpecification","valueRequired":true,"valueName":"search_term_string"}}],"inLanguage":"es"},{"@type":"Organization","@id":"https:\/\/diarioellabrador.cl\/#organization","name":"Diario El Labrador","url":"https:\/\/diarioellabrador.cl\/","logo":{"@type":"ImageObject","inLanguage":"es","@id":"https:\/\/diarioellabrador.cl\/#\/schema\/logo\/image\/","url":"https:\/\/diarioellabrador.cl\/wp-content\/uploads\/2025\/02\/cropped-Logo-Icono.png","contentUrl":"https:\/\/diarioellabrador.cl\/wp-content\/uploads\/2025\/02\/cropped-Logo-Icono.png","width":512,"height":512,"caption":"Diario El Labrador"},"image":{"@id":"https:\/\/diarioellabrador.cl\/#\/schema\/logo\/image\/"},"sameAs":["https:\/\/web.facebook.com\/profile.php?id=61576120840621","https:\/\/x.com\/ElLabradorOf","https:\/\/www.instagram.com\/diarioellabradoroficial\/"]},{"@type":"Person","@id":"https:\/\/diarioellabrador.cl\/#\/schema\/person\/bc25ff80b4563f9c7f4bd7855df01685","name":"Editor","image":{"@type":"ImageObject","inLanguage":"es","@id":"https:\/\/secure.gravatar.com\/avatar\/109c326cf2be5c04f048c2c2a2b8b6ef44bf3d8d1d3d4c55d0ac40c4bc994684?s=96&d=mm&r=g","url":"https:\/\/secure.gravatar.com\/avatar\/109c326cf2be5c04f048c2c2a2b8b6ef44bf3d8d1d3d4c55d0ac40c4bc994684?s=96&d=mm&r=g","contentUrl":"https:\/\/secure.gravatar.com\/avatar\/109c326cf2be5c04f048c2c2a2b8b6ef44bf3d8d1d3d4c55d0ac40c4bc994684?s=96&d=mm&r=g","caption":"Editor"},"url":"https:\/\/diarioellabrador.cl\/index.php\/author\/editor\/"}]}},"_links":{"self":[{"href":"https:\/\/diarioellabrador.cl\/index.php\/wp-json\/wp\/v2\/posts\/10057","targetHints":{"allow":["GET"]}}],"collection":[{"href":"https:\/\/diarioellabrador.cl\/index.php\/wp-json\/wp\/v2\/posts"}],"about":[{"href":"https:\/\/diarioellabrador.cl\/index.php\/wp-json\/wp\/v2\/types\/post"}],"author":[{"embeddable":true,"href":"https:\/\/diarioellabrador.cl\/index.php\/wp-json\/wp\/v2\/users\/2"}],"replies":[{"embeddable":true,"href":"https:\/\/diarioellabrador.cl\/index.php\/wp-json\/wp\/v2\/comments?post=10057"}],"version-history":[{"count":1,"href":"https:\/\/diarioellabrador.cl\/index.php\/wp-json\/wp\/v2\/posts\/10057\/revisions"}],"predecessor-version":[{"id":10058,"href":"https:\/\/diarioellabrador.cl\/index.php\/wp-json\/wp\/v2\/posts\/10057\/revisions\/10058"}],"wp:featuredmedia":[{"embeddable":true,"href":"https:\/\/diarioellabrador.cl\/index.php\/wp-json\/wp\/v2\/media\/10028"}],"wp:attachment":[{"href":"https:\/\/diarioellabrador.cl\/index.php\/wp-json\/wp\/v2\/media?parent=10057"}],"wp:term":[{"taxonomy":"category","embeddable":true,"href":"https:\/\/diarioellabrador.cl\/index.php\/wp-json\/wp\/v2\/categories?post=10057"},{"taxonomy":"post_tag","embeddable":true,"href":"https:\/\/diarioellabrador.cl\/index.php\/wp-json\/wp\/v2\/tags?post=10057"}],"curies":[{"name":"wp","href":"https:\/\/api.w.org\/{rel}","templated":true}]}}