{"id":10055,"date":"2025-10-18T16:24:38","date_gmt":"2025-10-18T20:24:38","guid":{"rendered":"https:\/\/diarioellabrador.cl\/?p=10055"},"modified":"2025-10-18T16:24:38","modified_gmt":"2025-10-18T20:24:38","slug":"andrea-diaz-logro-triunfos-en-dos-categorias-del-movimiento-a-la-rienda-en-brasil","status":"publish","type":"post","link":"https:\/\/diarioellabrador.cl\/index.php\/2025\/10\/18\/andrea-diaz-logro-triunfos-en-dos-categorias-del-movimiento-a-la-rienda-en-brasil\/","title":{"rendered":"Andrea D\u00edaz logr\u00f3 triunfos en dos categor\u00edas del Movimiento a la Rienda en Brasil"},"content":{"rendered":"\n<p><strong>Autor: <\/strong><a href=\"https:\/\/www.caballoyrodeo.cl\/portal_rodeo\/site\/artic\/20240223\/pags\/20240223201413.html\">Alejandro Alegr\u00eda Torres<\/a><\/p>\n\n\n\n<p><strong>Andrea D\u00edaz Gonz\u00e1lez<\/strong> protagoniz\u00f3 una jornada inolvidable en Brasil. La amazona chilena se coron\u00f3 campeona en las categor\u00edas <strong>Amador Principiante<\/strong> y <strong>Femenina <\/strong>de la competencia <strong>\u00daltima Clasificatoria del Movimiento a la Rienda <\/strong>que para la <strong>Final Nacional <\/strong>de la disciplina organizada por la <strong>Asociaci\u00f3n Brasile\u00f1a de Criadores (ABCCC),<\/strong> certamen realizado en el municipio de <strong>Viam\u00e3o<\/strong>, parte del estado <strong>R\u00edo Grande Do Sul.<\/strong><\/p>\n\n\n\n<p>La representante nacional, integrante del <strong>Centro T\u00e9cnico de Entrenamiento \u00abPablo Oliveira\u00bb<\/strong>, compiti\u00f3 en el caballo <strong>Haras SA Charmoso 220<\/strong>, llev\u00e1ndose las miradas del p\u00fablico no solo por vestir orgullosamente sus aperos y indumentaria huasa, sino tambi\u00e9n por su gran desempe\u00f1o, el cual le signific\u00f3 su clasificaci\u00f3n a la <strong>Final Nacional del Movimiento a la Rienda de la ABCCC<\/strong> que se realizar\u00e1 del 1 al 10 de diciembre en <strong>Esteio,<\/strong> <strong>R\u00edo Grande Do Sul<\/strong>.&nbsp;<\/p>\n\n\n\n<p>Andrea D\u00edaz coment\u00f3 su participaci\u00f3n en Brasil, diciendo a <strong>Caballoyrodeo.cl<\/strong>: \u00abFue una buena experiencia, es algo nuevo para m\u00ed. Yo nunca me hab\u00eda atrevido a mover en rienda ac\u00e1 en Chile porque no se me hab\u00eda dado la oportunidad de interiorizarme en el tema, de tener alg\u00fan tutor y de tener alg\u00fan caballo, por supuesto, porque para ello se requiere ciertas condiciones de base. Nunca se me dio eso y este a\u00f1o se pudo concretar. En el<strong>&nbsp;Rienda Sin Fronteras<\/strong> -de la Federaci\u00f3n Criadores de Caballos Raza Chilena- pude conocer a Pablo Oliveira, quien es mi <em>couch<\/em>. El ha sido campe\u00f3n nacional profesional en Brasil, en diferentes categor\u00edas de la rienda profesional, as\u00ed que \u00e9l es quien me ha dirigido y me ha dado la oportunidad de poder competir\u00bb.<\/p>\n\n\n\n<p>\u00abEmpec\u00e9 a practicar all\u00e1 y lo genial de todo esto es que para cada prueba en espec\u00edfico me hicieron experimentar con diferentes caballos, para as\u00ed ir adquiriendo la habilidad como jinete, el tacto. Eso me ayud\u00f3 mucho. Adem\u00e1s, de lo que vienen haciendo ac\u00e1 mi pap\u00e1 y Alfredo, quienes son exigentes y me ponen presi\u00f3n, m\u00e1s que mi entrenador, incluso\u00bb, agreg\u00f3.<\/p>\n\n\n\n<p>Sobre la competencia, dijo: \u00abMe ayud\u00f3 mucho no haber hecho esto antes e ir sin expectativas, porque fui con mucha tranquilidad y todo para m\u00ed recompensaba lo que hab\u00edamos hecho. Sin querer, comenzamos avanzar, tomamos lugares y ahora clasifiqu\u00e9 a la Final Nacional. Adem\u00e1s, gan\u00e9 ambas categor\u00edas, tanto Amador (Amateur) Principiante y la categor\u00eda Femenina. Fue una linda experiencia, con harto sacrificio. Yo pensaba que la Rienda era algo de un estado no m\u00e1s, pero es algo que se mueve por todo Brasil. Es impresionante la influencia gaucha que hay all\u00e1 y lo profesionales que son para la rienda, muy similar a lo que es Argentina\u00bb.<\/p>\n\n\n\n<p>\u00abMe llam\u00f3 la atenci\u00f3n que la gente esper\u00f3 mi participaci\u00f3n. Yo era la \u00faltima y all\u00e1 se va rotando en las actividades, entonces la gente se deber\u00eda haber ido cuando me toc\u00f3 competir, pero se quedaron todos. Tuve mucha barra y apoyo. Para todos era la novedad. En alg\u00fan minuto quisieron hacer que compitiera vestida de gaucha, pero el directorio decidi\u00f3 que ocupara mis aperos de huasa, porque la Rienda naci\u00f3 en Chile y es plurinacional, as\u00ed que es para todos. Entonces se respet\u00f3 mi indumentaria y he sido fiel a mis ra\u00edces, que es lo que me enorgullece. Es bonito ser la novedad por ser chilena\u00bb, a\u00f1adi\u00f3.<\/p>\n\n\n\n<p>Gonz\u00e1lez cont\u00f3 que en Brasil ha recibido mucho apoyo, sobre todo de su entrenador Pablo Oliveira: \u00abYo estoy compitiendo por el Centro T\u00e9cnico de Entrenamiento de Pablo Oliveira en caballos de un cliente de \u00e9l, ah\u00ed me dieron la oportunidad. El cuenta con auspiciadores, as\u00ed que gracias a eso se ha podido desarrollar m\u00e1s la actividad\u00bb.<\/p>\n\n\n\n<p>Respecto al desaf\u00edo mayor que deber\u00e1 afrontar a fin de a\u00f1o, cont\u00f3: \u00ab<strong>La Final Nacional ser\u00e1 en diciembre del 1 al 10.<\/strong> Es una actividad en donde se realizan muchas finales, de diferentes disciplinas, entre ellas las categor\u00edas de Rienda. Es como el Champion de Chile de Brasil. Eso se realiza en Esteio, en las cercan\u00edas de Porto Alegre. Ah\u00ed me tocar\u00e1 competir, si todo sale bien\u00bb.<\/p>\n\n\n\n<p>La hermana del Campe\u00f3n de Chile Alfredo D\u00edaz adelant\u00f3 c\u00f3mo ser\u00e1 su preparaci\u00f3n para la competencia: \u00abHoy en d\u00eda la preparaci\u00f3n ser\u00e1 m\u00e1s para mi que para el caballo. Hay cosas de la t\u00e9cnica de ellos que todav\u00eda me cuesta, como por ejemplo que todas las pruebas las hacen comenzando con el caballo parado, y tienen que salir trotando o galopando al tiro. Pero todas las pruebas se inician de parado, tal como Argentina. En cambio, ac\u00e1 en Chile, uno va viendo donde iniciar la figura e inicia. Eso me ha jugado un poco en contra y es algo que debo preparar mucho, as\u00ed fortalecer las ense\u00f1anzas que he ido adquiriendo de la forma de trabajo de Pablo, de Gonzalo Nievas, entre otros\u00bb.<\/p>\n\n\n\n<p>\u00abTambi\u00e9n estoy preparando mi estado f\u00edsico, porque es otro nivel. Hay que entrenar, prepararse, son muy t\u00e9cnicos y se exige toda una preparaci\u00f3n deportiva en base a fuerza centr\u00edfuga. Yo no ten\u00eda muy buen apoyo a nivel de piernas y son cosas t\u00e9cnicas que van cambiando, que influyen mucho en el desempe\u00f1o con el caballo, y que no interfieren en la ejecuci\u00f3n de los temas. Ahora me prepar\u00e9 mucho m\u00e1s, me sent\u00ed c\u00f3moda, tranquila. As\u00ed que mis expectativas son pasarlo bien y disfrutar\u00bb, complement\u00f3.<\/p>\n\n\n\n<p>Finalmente, la prometedora amazona realiz\u00f3 una especial dedicatoria por sus triunfos: \u00abQuiero mandar saludos a mis padres, mis hermanos, para mi otra familia, Pablo Oliveira, sus hijos y su se\u00f1ora, quienes me han acogido muy bien. Tambi\u00e9n a todos quienes vienen detr\u00e1s en todo esto: Gonzalo (Nieves), Mar\u00eda Fe, Anita y todas las chicas De Battista, y mucha gente que me ha apoyado desde diferentes aristas, y por supuesto, mi pareja. Tambi\u00e9n el apoyo de los auspiciadores locales que he tenido como Ra\u00edces, el Carpincho de Melipilla, Astudillo y mi padrino Gonzalo Vial, quien me ha permitido practicar en sus caballos\u00bb.<\/p>\n","protected":false},"excerpt":{"rendered":"<p>Autor: Alejandro Alegr\u00eda Torres Andrea D\u00edaz Gonz\u00e1lez protagoniz\u00f3 una jornada inolvidable en Brasil. La amazona chilena se coron\u00f3 campeona en las categor\u00edas Amador Principiante y Femenina de la competencia \u00daltima Clasificatoria del Movimiento a la Rienda que para la Final Nacional de la disciplina organizada por la Asociaci\u00f3n Brasile\u00f1a de Criadores (ABCCC), certamen realizado en<\/p>\n<div class=\"read-more-wrapper\"><a class=\"read-more\" href=\"https:\/\/diarioellabrador.cl\/index.php\/2025\/10\/18\/andrea-diaz-logro-triunfos-en-dos-categorias-del-movimiento-a-la-rienda-en-brasil\/\" title=\"Leer m\u00e1s\"> <span class=\"button \">Leer m\u00e1s<\/span><\/a><\/div>\n","protected":false},"author":2,"featured_media":10027,"comment_status":"open","ping_status":"open","sticky":false,"template":"","format":"standard","meta":{"footnotes":""},"categories":[5],"tags":[],"class_list":["post-10055","post","type-post","status-publish","format-standard","has-post-thumbnail","hentry","category-rodeo"],"yoast_head":"<!-- This site is optimized with the Yoast SEO plugin v27.5 - https:\/\/yoast.com\/product\/yoast-seo-wordpress\/ -->\n<title>Andrea D\u00edaz logr\u00f3 triunfos en dos categor\u00edas del Movimiento a la Rienda en Brasil - Diario El Labrador<\/title>\n<meta name=\"robots\" content=\"index, follow, max-snippet:-1, max-image-preview:large, max-video-preview:-1\" \/>\n<link rel=\"canonical\" href=\"https:\/\/diarioellabrador.cl\/index.php\/2025\/10\/18\/andrea-diaz-logro-triunfos-en-dos-categorias-del-movimiento-a-la-rienda-en-brasil\/\" \/>\n<meta property=\"og:locale\" content=\"es_ES\" \/>\n<meta property=\"og:type\" content=\"article\" \/>\n<meta property=\"og:title\" content=\"Andrea D\u00edaz logr\u00f3 triunfos en dos categor\u00edas del Movimiento a la Rienda en Brasil - Diario El Labrador\" \/>\n<meta property=\"og:description\" content=\"Autor: Alejandro Alegr\u00eda Torres Andrea D\u00edaz Gonz\u00e1lez protagoniz\u00f3 una jornada inolvidable en Brasil. La amazona chilena se coron\u00f3 campeona en las categor\u00edas Amador Principiante y Femenina de la competencia \u00daltima Clasificatoria del Movimiento a la Rienda que para la Final Nacional de la disciplina organizada por la Asociaci\u00f3n Brasile\u00f1a de Criadores (ABCCC), certamen realizado en Leer m\u00e1s\" \/>\n<meta property=\"og:url\" content=\"https:\/\/diarioellabrador.cl\/index.php\/2025\/10\/18\/andrea-diaz-logro-triunfos-en-dos-categorias-del-movimiento-a-la-rienda-en-brasil\/\" \/>\n<meta property=\"og:site_name\" content=\"Diario El Labrador\" \/>\n<meta property=\"article:publisher\" content=\"https:\/\/web.facebook.com\/profile.php?id=61576120840621\" \/>\n<meta property=\"article:published_time\" content=\"2025-10-18T20:24:38+00:00\" \/>\n<meta property=\"og:image\" content=\"https:\/\/diarioellabrador.cl\/wp-content\/uploads\/2025\/10\/Andrea-Diaz-logro-triunfos-en-dos-categorias-del-Movimiento-a-la-Rienda-en-Brasil.jpg\" \/>\n\t<meta property=\"og:image:width\" content=\"750\" \/>\n\t<meta property=\"og:image:height\" content=\"389\" \/>\n\t<meta property=\"og:image:type\" content=\"image\/jpeg\" \/>\n<meta name=\"author\" content=\"Editor\" \/>\n<meta name=\"twitter:card\" content=\"summary_large_image\" \/>\n<meta name=\"twitter:creator\" content=\"@ElLabradorOf\" \/>\n<meta name=\"twitter:site\" content=\"@ElLabradorOf\" \/>\n<meta name=\"twitter:label1\" content=\"Escrito por\" \/>\n\t<meta name=\"twitter:data1\" content=\"Editor\" \/>\n\t<meta name=\"twitter:label2\" content=\"Tiempo de lectura\" \/>\n\t<meta name=\"twitter:data2\" content=\"5 minutos\" \/>\n<script type=\"application\/ld+json\" class=\"yoast-schema-graph\">{\"@context\":\"https:\\\/\\\/schema.org\",\"@graph\":[{\"@type\":\"Article\",\"@id\":\"https:\\\/\\\/diarioellabrador.cl\\\/index.php\\\/2025\\\/10\\\/18\\\/andrea-diaz-logro-triunfos-en-dos-categorias-del-movimiento-a-la-rienda-en-brasil\\\/#article\",\"isPartOf\":{\"@id\":\"https:\\\/\\\/diarioellabrador.cl\\\/index.php\\\/2025\\\/10\\\/18\\\/andrea-diaz-logro-triunfos-en-dos-categorias-del-movimiento-a-la-rienda-en-brasil\\\/\"},\"author\":{\"name\":\"Editor\",\"@id\":\"https:\\\/\\\/diarioellabrador.cl\\\/#\\\/schema\\\/person\\\/bc25ff80b4563f9c7f4bd7855df01685\"},\"headline\":\"Andrea D\u00edaz logr\u00f3 triunfos en dos categor\u00edas del Movimiento a la Rienda en Brasil\",\"datePublished\":\"2025-10-18T20:24:38+00:00\",\"mainEntityOfPage\":{\"@id\":\"https:\\\/\\\/diarioellabrador.cl\\\/index.php\\\/2025\\\/10\\\/18\\\/andrea-diaz-logro-triunfos-en-dos-categorias-del-movimiento-a-la-rienda-en-brasil\\\/\"},\"wordCount\":1062,\"commentCount\":0,\"publisher\":{\"@id\":\"https:\\\/\\\/diarioellabrador.cl\\\/#organization\"},\"image\":{\"@id\":\"https:\\\/\\\/diarioellabrador.cl\\\/index.php\\\/2025\\\/10\\\/18\\\/andrea-diaz-logro-triunfos-en-dos-categorias-del-movimiento-a-la-rienda-en-brasil\\\/#primaryimage\"},\"thumbnailUrl\":\"https:\\\/\\\/diarioellabrador.cl\\\/wp-content\\\/uploads\\\/2025\\\/10\\\/Andrea-Diaz-logro-triunfos-en-dos-categorias-del-Movimiento-a-la-Rienda-en-Brasil.jpg\",\"articleSection\":[\"Rodeo\"],\"inLanguage\":\"es\",\"potentialAction\":[{\"@type\":\"CommentAction\",\"name\":\"Comment\",\"target\":[\"https:\\\/\\\/diarioellabrador.cl\\\/index.php\\\/2025\\\/10\\\/18\\\/andrea-diaz-logro-triunfos-en-dos-categorias-del-movimiento-a-la-rienda-en-brasil\\\/#respond\"]}]},{\"@type\":\"WebPage\",\"@id\":\"https:\\\/\\\/diarioellabrador.cl\\\/index.php\\\/2025\\\/10\\\/18\\\/andrea-diaz-logro-triunfos-en-dos-categorias-del-movimiento-a-la-rienda-en-brasil\\\/\",\"url\":\"https:\\\/\\\/diarioellabrador.cl\\\/index.php\\\/2025\\\/10\\\/18\\\/andrea-diaz-logro-triunfos-en-dos-categorias-del-movimiento-a-la-rienda-en-brasil\\\/\",\"name\":\"Andrea D\u00edaz logr\u00f3 triunfos en dos categor\u00edas del Movimiento a la Rienda en Brasil - Diario El Labrador\",\"isPartOf\":{\"@id\":\"https:\\\/\\\/diarioellabrador.cl\\\/#website\"},\"primaryImageOfPage\":{\"@id\":\"https:\\\/\\\/diarioellabrador.cl\\\/index.php\\\/2025\\\/10\\\/18\\\/andrea-diaz-logro-triunfos-en-dos-categorias-del-movimiento-a-la-rienda-en-brasil\\\/#primaryimage\"},\"image\":{\"@id\":\"https:\\\/\\\/diarioellabrador.cl\\\/index.php\\\/2025\\\/10\\\/18\\\/andrea-diaz-logro-triunfos-en-dos-categorias-del-movimiento-a-la-rienda-en-brasil\\\/#primaryimage\"},\"thumbnailUrl\":\"https:\\\/\\\/diarioellabrador.cl\\\/wp-content\\\/uploads\\\/2025\\\/10\\\/Andrea-Diaz-logro-triunfos-en-dos-categorias-del-Movimiento-a-la-Rienda-en-Brasil.jpg\",\"datePublished\":\"2025-10-18T20:24:38+00:00\",\"breadcrumb\":{\"@id\":\"https:\\\/\\\/diarioellabrador.cl\\\/index.php\\\/2025\\\/10\\\/18\\\/andrea-diaz-logro-triunfos-en-dos-categorias-del-movimiento-a-la-rienda-en-brasil\\\/#breadcrumb\"},\"inLanguage\":\"es\",\"potentialAction\":[{\"@type\":\"ReadAction\",\"target\":[\"https:\\\/\\\/diarioellabrador.cl\\\/index.php\\\/2025\\\/10\\\/18\\\/andrea-diaz-logro-triunfos-en-dos-categorias-del-movimiento-a-la-rienda-en-brasil\\\/\"]}]},{\"@type\":\"ImageObject\",\"inLanguage\":\"es\",\"@id\":\"https:\\\/\\\/diarioellabrador.cl\\\/index.php\\\/2025\\\/10\\\/18\\\/andrea-diaz-logro-triunfos-en-dos-categorias-del-movimiento-a-la-rienda-en-brasil\\\/#primaryimage\",\"url\":\"https:\\\/\\\/diarioellabrador.cl\\\/wp-content\\\/uploads\\\/2025\\\/10\\\/Andrea-Diaz-logro-triunfos-en-dos-categorias-del-Movimiento-a-la-Rienda-en-Brasil.jpg\",\"contentUrl\":\"https:\\\/\\\/diarioellabrador.cl\\\/wp-content\\\/uploads\\\/2025\\\/10\\\/Andrea-Diaz-logro-triunfos-en-dos-categorias-del-Movimiento-a-la-Rienda-en-Brasil.jpg\",\"width\":750,\"height\":389},{\"@type\":\"BreadcrumbList\",\"@id\":\"https:\\\/\\\/diarioellabrador.cl\\\/index.php\\\/2025\\\/10\\\/18\\\/andrea-diaz-logro-triunfos-en-dos-categorias-del-movimiento-a-la-rienda-en-brasil\\\/#breadcrumb\",\"itemListElement\":[{\"@type\":\"ListItem\",\"position\":1,\"name\":\"Portada\",\"item\":\"https:\\\/\\\/diarioellabrador.cl\\\/\"},{\"@type\":\"ListItem\",\"position\":2,\"name\":\"Andrea D\u00edaz logr\u00f3 triunfos en dos categor\u00edas del Movimiento a la Rienda en Brasil\"}]},{\"@type\":\"WebSite\",\"@id\":\"https:\\\/\\\/diarioellabrador.cl\\\/#website\",\"url\":\"https:\\\/\\\/diarioellabrador.cl\\\/\",\"name\":\"Diario El Labrador\",\"description\":\"Haciendo noticia desde 1921\",\"publisher\":{\"@id\":\"https:\\\/\\\/diarioellabrador.cl\\\/#organization\"},\"potentialAction\":[{\"@type\":\"SearchAction\",\"target\":{\"@type\":\"EntryPoint\",\"urlTemplate\":\"https:\\\/\\\/diarioellabrador.cl\\\/?s={search_term_string}\"},\"query-input\":{\"@type\":\"PropertyValueSpecification\",\"valueRequired\":true,\"valueName\":\"search_term_string\"}}],\"inLanguage\":\"es\"},{\"@type\":\"Organization\",\"@id\":\"https:\\\/\\\/diarioellabrador.cl\\\/#organization\",\"name\":\"Diario El Labrador\",\"url\":\"https:\\\/\\\/diarioellabrador.cl\\\/\",\"logo\":{\"@type\":\"ImageObject\",\"inLanguage\":\"es\",\"@id\":\"https:\\\/\\\/diarioellabrador.cl\\\/#\\\/schema\\\/logo\\\/image\\\/\",\"url\":\"https:\\\/\\\/diarioellabrador.cl\\\/wp-content\\\/uploads\\\/2025\\\/02\\\/cropped-Logo-Icono.png\",\"contentUrl\":\"https:\\\/\\\/diarioellabrador.cl\\\/wp-content\\\/uploads\\\/2025\\\/02\\\/cropped-Logo-Icono.png\",\"width\":512,\"height\":512,\"caption\":\"Diario El Labrador\"},\"image\":{\"@id\":\"https:\\\/\\\/diarioellabrador.cl\\\/#\\\/schema\\\/logo\\\/image\\\/\"},\"sameAs\":[\"https:\\\/\\\/web.facebook.com\\\/profile.php?id=61576120840621\",\"https:\\\/\\\/x.com\\\/ElLabradorOf\",\"https:\\\/\\\/www.instagram.com\\\/diarioellabradoroficial\\\/\"]},{\"@type\":\"Person\",\"@id\":\"https:\\\/\\\/diarioellabrador.cl\\\/#\\\/schema\\\/person\\\/bc25ff80b4563f9c7f4bd7855df01685\",\"name\":\"Editor\",\"image\":{\"@type\":\"ImageObject\",\"inLanguage\":\"es\",\"@id\":\"https:\\\/\\\/secure.gravatar.com\\\/avatar\\\/109c326cf2be5c04f048c2c2a2b8b6ef44bf3d8d1d3d4c55d0ac40c4bc994684?s=96&d=mm&r=g\",\"url\":\"https:\\\/\\\/secure.gravatar.com\\\/avatar\\\/109c326cf2be5c04f048c2c2a2b8b6ef44bf3d8d1d3d4c55d0ac40c4bc994684?s=96&d=mm&r=g\",\"contentUrl\":\"https:\\\/\\\/secure.gravatar.com\\\/avatar\\\/109c326cf2be5c04f048c2c2a2b8b6ef44bf3d8d1d3d4c55d0ac40c4bc994684?s=96&d=mm&r=g\",\"caption\":\"Editor\"},\"url\":\"https:\\\/\\\/diarioellabrador.cl\\\/index.php\\\/author\\\/editor\\\/\"}]}<\/script>\n<!-- \/ Yoast SEO plugin. -->","yoast_head_json":{"title":"Andrea D\u00edaz logr\u00f3 triunfos en dos categor\u00edas del Movimiento a la Rienda en Brasil - Diario El Labrador","robots":{"index":"index","follow":"follow","max-snippet":"max-snippet:-1","max-image-preview":"max-image-preview:large","max-video-preview":"max-video-preview:-1"},"canonical":"https:\/\/diarioellabrador.cl\/index.php\/2025\/10\/18\/andrea-diaz-logro-triunfos-en-dos-categorias-del-movimiento-a-la-rienda-en-brasil\/","og_locale":"es_ES","og_type":"article","og_title":"Andrea D\u00edaz logr\u00f3 triunfos en dos categor\u00edas del Movimiento a la Rienda en Brasil - Diario El Labrador","og_description":"Autor: Alejandro Alegr\u00eda Torres Andrea D\u00edaz Gonz\u00e1lez protagoniz\u00f3 una jornada inolvidable en Brasil. La amazona chilena se coron\u00f3 campeona en las categor\u00edas Amador Principiante y Femenina de la competencia \u00daltima Clasificatoria del Movimiento a la Rienda que para la Final Nacional de la disciplina organizada por la Asociaci\u00f3n Brasile\u00f1a de Criadores (ABCCC), certamen realizado en Leer m\u00e1s","og_url":"https:\/\/diarioellabrador.cl\/index.php\/2025\/10\/18\/andrea-diaz-logro-triunfos-en-dos-categorias-del-movimiento-a-la-rienda-en-brasil\/","og_site_name":"Diario El Labrador","article_publisher":"https:\/\/web.facebook.com\/profile.php?id=61576120840621","article_published_time":"2025-10-18T20:24:38+00:00","og_image":[{"width":750,"height":389,"url":"https:\/\/diarioellabrador.cl\/wp-content\/uploads\/2025\/10\/Andrea-Diaz-logro-triunfos-en-dos-categorias-del-Movimiento-a-la-Rienda-en-Brasil.jpg","type":"image\/jpeg"}],"author":"Editor","twitter_card":"summary_large_image","twitter_creator":"@ElLabradorOf","twitter_site":"@ElLabradorOf","twitter_misc":{"Escrito por":"Editor","Tiempo de lectura":"5 minutos"},"schema":{"@context":"https:\/\/schema.org","@graph":[{"@type":"Article","@id":"https:\/\/diarioellabrador.cl\/index.php\/2025\/10\/18\/andrea-diaz-logro-triunfos-en-dos-categorias-del-movimiento-a-la-rienda-en-brasil\/#article","isPartOf":{"@id":"https:\/\/diarioellabrador.cl\/index.php\/2025\/10\/18\/andrea-diaz-logro-triunfos-en-dos-categorias-del-movimiento-a-la-rienda-en-brasil\/"},"author":{"name":"Editor","@id":"https:\/\/diarioellabrador.cl\/#\/schema\/person\/bc25ff80b4563f9c7f4bd7855df01685"},"headline":"Andrea D\u00edaz logr\u00f3 triunfos en dos categor\u00edas del Movimiento a la Rienda en Brasil","datePublished":"2025-10-18T20:24:38+00:00","mainEntityOfPage":{"@id":"https:\/\/diarioellabrador.cl\/index.php\/2025\/10\/18\/andrea-diaz-logro-triunfos-en-dos-categorias-del-movimiento-a-la-rienda-en-brasil\/"},"wordCount":1062,"commentCount":0,"publisher":{"@id":"https:\/\/diarioellabrador.cl\/#organization"},"image":{"@id":"https:\/\/diarioellabrador.cl\/index.php\/2025\/10\/18\/andrea-diaz-logro-triunfos-en-dos-categorias-del-movimiento-a-la-rienda-en-brasil\/#primaryimage"},"thumbnailUrl":"https:\/\/diarioellabrador.cl\/wp-content\/uploads\/2025\/10\/Andrea-Diaz-logro-triunfos-en-dos-categorias-del-Movimiento-a-la-Rienda-en-Brasil.jpg","articleSection":["Rodeo"],"inLanguage":"es","potentialAction":[{"@type":"CommentAction","name":"Comment","target":["https:\/\/diarioellabrador.cl\/index.php\/2025\/10\/18\/andrea-diaz-logro-triunfos-en-dos-categorias-del-movimiento-a-la-rienda-en-brasil\/#respond"]}]},{"@type":"WebPage","@id":"https:\/\/diarioellabrador.cl\/index.php\/2025\/10\/18\/andrea-diaz-logro-triunfos-en-dos-categorias-del-movimiento-a-la-rienda-en-brasil\/","url":"https:\/\/diarioellabrador.cl\/index.php\/2025\/10\/18\/andrea-diaz-logro-triunfos-en-dos-categorias-del-movimiento-a-la-rienda-en-brasil\/","name":"Andrea D\u00edaz logr\u00f3 triunfos en dos categor\u00edas del Movimiento a la Rienda en Brasil - Diario El Labrador","isPartOf":{"@id":"https:\/\/diarioellabrador.cl\/#website"},"primaryImageOfPage":{"@id":"https:\/\/diarioellabrador.cl\/index.php\/2025\/10\/18\/andrea-diaz-logro-triunfos-en-dos-categorias-del-movimiento-a-la-rienda-en-brasil\/#primaryimage"},"image":{"@id":"https:\/\/diarioellabrador.cl\/index.php\/2025\/10\/18\/andrea-diaz-logro-triunfos-en-dos-categorias-del-movimiento-a-la-rienda-en-brasil\/#primaryimage"},"thumbnailUrl":"https:\/\/diarioellabrador.cl\/wp-content\/uploads\/2025\/10\/Andrea-Diaz-logro-triunfos-en-dos-categorias-del-Movimiento-a-la-Rienda-en-Brasil.jpg","datePublished":"2025-10-18T20:24:38+00:00","breadcrumb":{"@id":"https:\/\/diarioellabrador.cl\/index.php\/2025\/10\/18\/andrea-diaz-logro-triunfos-en-dos-categorias-del-movimiento-a-la-rienda-en-brasil\/#breadcrumb"},"inLanguage":"es","potentialAction":[{"@type":"ReadAction","target":["https:\/\/diarioellabrador.cl\/index.php\/2025\/10\/18\/andrea-diaz-logro-triunfos-en-dos-categorias-del-movimiento-a-la-rienda-en-brasil\/"]}]},{"@type":"ImageObject","inLanguage":"es","@id":"https:\/\/diarioellabrador.cl\/index.php\/2025\/10\/18\/andrea-diaz-logro-triunfos-en-dos-categorias-del-movimiento-a-la-rienda-en-brasil\/#primaryimage","url":"https:\/\/diarioellabrador.cl\/wp-content\/uploads\/2025\/10\/Andrea-Diaz-logro-triunfos-en-dos-categorias-del-Movimiento-a-la-Rienda-en-Brasil.jpg","contentUrl":"https:\/\/diarioellabrador.cl\/wp-content\/uploads\/2025\/10\/Andrea-Diaz-logro-triunfos-en-dos-categorias-del-Movimiento-a-la-Rienda-en-Brasil.jpg","width":750,"height":389},{"@type":"BreadcrumbList","@id":"https:\/\/diarioellabrador.cl\/index.php\/2025\/10\/18\/andrea-diaz-logro-triunfos-en-dos-categorias-del-movimiento-a-la-rienda-en-brasil\/#breadcrumb","itemListElement":[{"@type":"ListItem","position":1,"name":"Portada","item":"https:\/\/diarioellabrador.cl\/"},{"@type":"ListItem","position":2,"name":"Andrea D\u00edaz logr\u00f3 triunfos en dos categor\u00edas del Movimiento a la Rienda en Brasil"}]},{"@type":"WebSite","@id":"https:\/\/diarioellabrador.cl\/#website","url":"https:\/\/diarioellabrador.cl\/","name":"Diario El Labrador","description":"Haciendo noticia desde 1921","publisher":{"@id":"https:\/\/diarioellabrador.cl\/#organization"},"potentialAction":[{"@type":"SearchAction","target":{"@type":"EntryPoint","urlTemplate":"https:\/\/diarioellabrador.cl\/?s={search_term_string}"},"query-input":{"@type":"PropertyValueSpecification","valueRequired":true,"valueName":"search_term_string"}}],"inLanguage":"es"},{"@type":"Organization","@id":"https:\/\/diarioellabrador.cl\/#organization","name":"Diario El Labrador","url":"https:\/\/diarioellabrador.cl\/","logo":{"@type":"ImageObject","inLanguage":"es","@id":"https:\/\/diarioellabrador.cl\/#\/schema\/logo\/image\/","url":"https:\/\/diarioellabrador.cl\/wp-content\/uploads\/2025\/02\/cropped-Logo-Icono.png","contentUrl":"https:\/\/diarioellabrador.cl\/wp-content\/uploads\/2025\/02\/cropped-Logo-Icono.png","width":512,"height":512,"caption":"Diario El Labrador"},"image":{"@id":"https:\/\/diarioellabrador.cl\/#\/schema\/logo\/image\/"},"sameAs":["https:\/\/web.facebook.com\/profile.php?id=61576120840621","https:\/\/x.com\/ElLabradorOf","https:\/\/www.instagram.com\/diarioellabradoroficial\/"]},{"@type":"Person","@id":"https:\/\/diarioellabrador.cl\/#\/schema\/person\/bc25ff80b4563f9c7f4bd7855df01685","name":"Editor","image":{"@type":"ImageObject","inLanguage":"es","@id":"https:\/\/secure.gravatar.com\/avatar\/109c326cf2be5c04f048c2c2a2b8b6ef44bf3d8d1d3d4c55d0ac40c4bc994684?s=96&d=mm&r=g","url":"https:\/\/secure.gravatar.com\/avatar\/109c326cf2be5c04f048c2c2a2b8b6ef44bf3d8d1d3d4c55d0ac40c4bc994684?s=96&d=mm&r=g","contentUrl":"https:\/\/secure.gravatar.com\/avatar\/109c326cf2be5c04f048c2c2a2b8b6ef44bf3d8d1d3d4c55d0ac40c4bc994684?s=96&d=mm&r=g","caption":"Editor"},"url":"https:\/\/diarioellabrador.cl\/index.php\/author\/editor\/"}]}},"_links":{"self":[{"href":"https:\/\/diarioellabrador.cl\/index.php\/wp-json\/wp\/v2\/posts\/10055","targetHints":{"allow":["GET"]}}],"collection":[{"href":"https:\/\/diarioellabrador.cl\/index.php\/wp-json\/wp\/v2\/posts"}],"about":[{"href":"https:\/\/diarioellabrador.cl\/index.php\/wp-json\/wp\/v2\/types\/post"}],"author":[{"embeddable":true,"href":"https:\/\/diarioellabrador.cl\/index.php\/wp-json\/wp\/v2\/users\/2"}],"replies":[{"embeddable":true,"href":"https:\/\/diarioellabrador.cl\/index.php\/wp-json\/wp\/v2\/comments?post=10055"}],"version-history":[{"count":1,"href":"https:\/\/diarioellabrador.cl\/index.php\/wp-json\/wp\/v2\/posts\/10055\/revisions"}],"predecessor-version":[{"id":10056,"href":"https:\/\/diarioellabrador.cl\/index.php\/wp-json\/wp\/v2\/posts\/10055\/revisions\/10056"}],"wp:featuredmedia":[{"embeddable":true,"href":"https:\/\/diarioellabrador.cl\/index.php\/wp-json\/wp\/v2\/media\/10027"}],"wp:attachment":[{"href":"https:\/\/diarioellabrador.cl\/index.php\/wp-json\/wp\/v2\/media?parent=10055"}],"wp:term":[{"taxonomy":"category","embeddable":true,"href":"https:\/\/diarioellabrador.cl\/index.php\/wp-json\/wp\/v2\/categories?post=10055"},{"taxonomy":"post_tag","embeddable":true,"href":"https:\/\/diarioellabrador.cl\/index.php\/wp-json\/wp\/v2\/tags?post=10055"}],"curies":[{"name":"wp","href":"https:\/\/api.w.org\/{rel}","templated":true}]}}