{"id":10053,"date":"2025-10-18T16:24:07","date_gmt":"2025-10-18T20:24:07","guid":{"rendered":"https:\/\/diarioellabrador.cl\/?p=10053"},"modified":"2025-10-18T16:24:07","modified_gmt":"2025-10-18T20:24:07","slug":"detallan-traicion-de-dominguez-a-milad-que-dejo-a-chile-sin-mundial-2030-y-explicacion-de-infantino","status":"publish","type":"post","link":"https:\/\/diarioellabrador.cl\/index.php\/2025\/10\/18\/detallan-traicion-de-dominguez-a-milad-que-dejo-a-chile-sin-mundial-2030-y-explicacion-de-infantino\/","title":{"rendered":"Detallan \u2019traici\u00f3n\u2019 de Dom\u00ednguez a Milad que dej\u00f3 a Chile sin Mundial 2030 y explicaci\u00f3n de Infantino"},"content":{"rendered":"\n<p>Este fin de semana Chile tuvo en el estadio Nacional la gran fiesta de la final del Mundial Sub 20 de <a href=\"http:\/\/es.fifa.com\" target=\"_blank\" rel=\"noreferrer noopener\">FIFA<\/a>. Un hito importante, que lleg\u00f3 a manos nacionales, eso s\u00ed, pr\u00e1cticamente a modo de compensaci\u00f3n luego de<strong> la \u2018gran traici\u00f3n\u2019 de la <\/strong><a href=\"http:\/\/conmebol.com\" target=\"_blank\" rel=\"noreferrer noopener\"><strong>Conmebol<\/strong><\/a><strong> y su presidente, Alejandro Dom\u00ednguez, a la <\/strong><a href=\"http:\/\/anfp.cl\" target=\"_blank\" rel=\"noreferrer noopener\"><strong>ANFP <\/strong><\/a><strong>liderada por Pablo Milad.<\/strong><\/p>\n\n\n\n<p>Y es que recordemos que nuestro pa\u00eds formaba parte de una alianza sudamericana para ser sede de la cita planetaria adulta de 2030. Sin embargo, a \u00faltima hora y tras las sombras,<strong> hubo movimientos que dejaron a Chile fuera del proyecto<\/strong>, pese a incluso haber acogido distintas reuniones.<\/p>\n\n\n\n<p><strong>\u201cLos criterios de la exclusi\u00f3n son cuestionables, pero seg\u00fan lo que me informaron, fue una decisi\u00f3n del Consejo de la FIFA.<\/strong> Montevideo iba por el Mundial 1930, Argentina como campe\u00f3n actual y Paraguay por la sede de la CONMEBOL. Como son tres sedes en Europa-\u00c1frica, aludieron que ac\u00e1 no pod\u00eda haber cuatro\u201d, dijo esa vez Milad al confirmarse la exclusi\u00f3n chilena.<\/p>\n\n\n\n<p>Pero las palabras de Milad parecieron no ser tan convincentes y siempre qued\u00f3 instalada la idea de que hubo algo m\u00e1s en ese \u2018NO\u2019. De hecho, el propio Presidente de la Rep\u00fablica, Gabriel Boric, fue m\u00e1s duro y manifest\u00f3 que \u201ccon Chile no se juega\u201d.<\/p>\n\n\n\n<p>Por otro lado, <strong>Javier Castrilli<\/strong>, ex\u00e1rbitro FIFA, escribi\u00f3 por redes que \u201cPablo, nuevamente volviste del ba\u00f1o y te afanaron la silla. Los amigos\/aliados leales que eleg\u00eds en todos los frentes. Los que te acompa\u00f1ar\u00e1n hasta la puerta del cementerio\u2026\u201d.<\/p>\n\n\n\n<h2 class=\"wp-block-heading\">La traici\u00f3n de Dom\u00ednguez a Milad<\/h2>\n\n\n\n<p>Sobre este mismo tema, el periodista Fernando Agust\u00edn Tapia detall\u00f3 en Radio Pauta una informaci\u00f3n hasta ahora desconocida del desesperado viaje de Milad a Z\u00farich en ese entonces, buscando recuperar la sede o alguna compensaci\u00f3n.<\/p>\n\n\n\n<p>\u201cUna fuente de informaci\u00f3n me dijo, a prop\u00f3sito del Mundial Sub 20, que cuando fue Milad a Zurich para ver qu\u00e9 hacer con Gianni Infantino, este le dijo: <strong>\u2018Enti\u00e9ndete con Dom\u00ednguez. \u00c9l me vino con la propuesta y me dijo que ustedes estaban fuera\u2019<\/strong>\u201c, afirm\u00f3, acotando que \u201ces escandaloso el sometimiento\u201d, consigna <a href=\"https:\/\/redgol.cl\/internacional\/detallan-la-traicion-de-dominguez-con-pablo-milad-escandaloso\" target=\"_blank\" rel=\"noreferrer noopener\">RedGol.<\/a><\/p>\n\n\n\n<p><strong>\u201cEn los pr\u00f3ximos d\u00edas llegan Dom\u00ednguez e Infantino a Chile y van a ser recibidos como jefes de Estado.<\/strong> Van a haber elogios de lado y lado\u201d, cerr\u00f3 el reconocido comunicador.<\/p>\n","protected":false},"excerpt":{"rendered":"<p>Este fin de semana Chile tuvo en el estadio Nacional la gran fiesta de la final del Mundial Sub 20 de FIFA. Un hito importante, que lleg\u00f3 a manos nacionales, eso s\u00ed, pr\u00e1cticamente a modo de compensaci\u00f3n luego de la \u2018gran traici\u00f3n\u2019 de la Conmebol y su presidente, Alejandro Dom\u00ednguez, a la ANFP liderada por<\/p>\n<div class=\"read-more-wrapper\"><a class=\"read-more\" href=\"https:\/\/diarioellabrador.cl\/index.php\/2025\/10\/18\/detallan-traicion-de-dominguez-a-milad-que-dejo-a-chile-sin-mundial-2030-y-explicacion-de-infantino\/\" title=\"Leer m\u00e1s\"> <span class=\"button \">Leer m\u00e1s<\/span><\/a><\/div>\n","protected":false},"author":2,"featured_media":10025,"comment_status":"open","ping_status":"open","sticky":false,"template":"","format":"standard","meta":{"footnotes":""},"categories":[4],"tags":[],"class_list":["post-10053","post","type-post","status-publish","format-standard","has-post-thumbnail","hentry","category-deportes"],"yoast_head":"<!-- This site is optimized with the Yoast SEO plugin v27.5 - https:\/\/yoast.com\/product\/yoast-seo-wordpress\/ -->\n<title>Detallan \u2019traici\u00f3n\u2019 de Dom\u00ednguez a Milad que dej\u00f3 a Chile sin Mundial 2030 y explicaci\u00f3n de Infantino - Diario El Labrador<\/title>\n<meta name=\"robots\" content=\"index, follow, max-snippet:-1, max-image-preview:large, max-video-preview:-1\" \/>\n<link rel=\"canonical\" href=\"https:\/\/diarioellabrador.cl\/index.php\/2025\/10\/18\/detallan-traicion-de-dominguez-a-milad-que-dejo-a-chile-sin-mundial-2030-y-explicacion-de-infantino\/\" \/>\n<meta property=\"og:locale\" content=\"es_ES\" \/>\n<meta property=\"og:type\" content=\"article\" \/>\n<meta property=\"og:title\" content=\"Detallan \u2019traici\u00f3n\u2019 de Dom\u00ednguez a Milad que dej\u00f3 a Chile sin Mundial 2030 y explicaci\u00f3n de Infantino - Diario El Labrador\" \/>\n<meta property=\"og:description\" content=\"Este fin de semana Chile tuvo en el estadio Nacional la gran fiesta de la final del Mundial Sub 20 de FIFA. Un hito importante, que lleg\u00f3 a manos nacionales, eso s\u00ed, pr\u00e1cticamente a modo de compensaci\u00f3n luego de la \u2018gran traici\u00f3n\u2019 de la Conmebol y su presidente, Alejandro Dom\u00ednguez, a la ANFP liderada por Leer m\u00e1s\" \/>\n<meta property=\"og:url\" content=\"https:\/\/diarioellabrador.cl\/index.php\/2025\/10\/18\/detallan-traicion-de-dominguez-a-milad-que-dejo-a-chile-sin-mundial-2030-y-explicacion-de-infantino\/\" \/>\n<meta property=\"og:site_name\" content=\"Diario El Labrador\" \/>\n<meta property=\"article:publisher\" content=\"https:\/\/web.facebook.com\/profile.php?id=61576120840621\" \/>\n<meta property=\"article:published_time\" content=\"2025-10-18T20:24:07+00:00\" \/>\n<meta property=\"og:image\" content=\"https:\/\/diarioellabrador.cl\/wp-content\/uploads\/2025\/10\/Detallan-traicion-de-Dominguez-a-Milad-que-dejo-a-Chile-sin-Mundial-2030-y-explicacion-de-Infantino.jpg\" \/>\n\t<meta property=\"og:image:width\" content=\"740\" \/>\n\t<meta property=\"og:image:height\" content=\"416\" \/>\n\t<meta property=\"og:image:type\" content=\"image\/jpeg\" \/>\n<meta name=\"author\" content=\"Editor\" \/>\n<meta name=\"twitter:card\" content=\"summary_large_image\" \/>\n<meta name=\"twitter:creator\" content=\"@ElLabradorOf\" \/>\n<meta name=\"twitter:site\" content=\"@ElLabradorOf\" \/>\n<meta name=\"twitter:label1\" content=\"Escrito por\" \/>\n\t<meta name=\"twitter:data1\" content=\"Editor\" \/>\n\t<meta name=\"twitter:label2\" content=\"Tiempo de lectura\" \/>\n\t<meta name=\"twitter:data2\" content=\"2 minutos\" \/>\n<script type=\"application\/ld+json\" class=\"yoast-schema-graph\">{\"@context\":\"https:\\\/\\\/schema.org\",\"@graph\":[{\"@type\":\"Article\",\"@id\":\"https:\\\/\\\/diarioellabrador.cl\\\/index.php\\\/2025\\\/10\\\/18\\\/detallan-traicion-de-dominguez-a-milad-que-dejo-a-chile-sin-mundial-2030-y-explicacion-de-infantino\\\/#article\",\"isPartOf\":{\"@id\":\"https:\\\/\\\/diarioellabrador.cl\\\/index.php\\\/2025\\\/10\\\/18\\\/detallan-traicion-de-dominguez-a-milad-que-dejo-a-chile-sin-mundial-2030-y-explicacion-de-infantino\\\/\"},\"author\":{\"name\":\"Editor\",\"@id\":\"https:\\\/\\\/diarioellabrador.cl\\\/#\\\/schema\\\/person\\\/bc25ff80b4563f9c7f4bd7855df01685\"},\"headline\":\"Detallan \u2019traici\u00f3n\u2019 de Dom\u00ednguez a Milad que dej\u00f3 a Chile sin Mundial 2030 y explicaci\u00f3n de Infantino\",\"datePublished\":\"2025-10-18T20:24:07+00:00\",\"mainEntityOfPage\":{\"@id\":\"https:\\\/\\\/diarioellabrador.cl\\\/index.php\\\/2025\\\/10\\\/18\\\/detallan-traicion-de-dominguez-a-milad-que-dejo-a-chile-sin-mundial-2030-y-explicacion-de-infantino\\\/\"},\"wordCount\":424,\"commentCount\":0,\"publisher\":{\"@id\":\"https:\\\/\\\/diarioellabrador.cl\\\/#organization\"},\"image\":{\"@id\":\"https:\\\/\\\/diarioellabrador.cl\\\/index.php\\\/2025\\\/10\\\/18\\\/detallan-traicion-de-dominguez-a-milad-que-dejo-a-chile-sin-mundial-2030-y-explicacion-de-infantino\\\/#primaryimage\"},\"thumbnailUrl\":\"https:\\\/\\\/diarioellabrador.cl\\\/wp-content\\\/uploads\\\/2025\\\/10\\\/Detallan-traicion-de-Dominguez-a-Milad-que-dejo-a-Chile-sin-Mundial-2030-y-explicacion-de-Infantino.jpg\",\"articleSection\":[\"Deportes\"],\"inLanguage\":\"es\",\"potentialAction\":[{\"@type\":\"CommentAction\",\"name\":\"Comment\",\"target\":[\"https:\\\/\\\/diarioellabrador.cl\\\/index.php\\\/2025\\\/10\\\/18\\\/detallan-traicion-de-dominguez-a-milad-que-dejo-a-chile-sin-mundial-2030-y-explicacion-de-infantino\\\/#respond\"]}]},{\"@type\":\"WebPage\",\"@id\":\"https:\\\/\\\/diarioellabrador.cl\\\/index.php\\\/2025\\\/10\\\/18\\\/detallan-traicion-de-dominguez-a-milad-que-dejo-a-chile-sin-mundial-2030-y-explicacion-de-infantino\\\/\",\"url\":\"https:\\\/\\\/diarioellabrador.cl\\\/index.php\\\/2025\\\/10\\\/18\\\/detallan-traicion-de-dominguez-a-milad-que-dejo-a-chile-sin-mundial-2030-y-explicacion-de-infantino\\\/\",\"name\":\"Detallan \u2019traici\u00f3n\u2019 de Dom\u00ednguez a Milad que dej\u00f3 a Chile sin Mundial 2030 y explicaci\u00f3n de Infantino - Diario El Labrador\",\"isPartOf\":{\"@id\":\"https:\\\/\\\/diarioellabrador.cl\\\/#website\"},\"primaryImageOfPage\":{\"@id\":\"https:\\\/\\\/diarioellabrador.cl\\\/index.php\\\/2025\\\/10\\\/18\\\/detallan-traicion-de-dominguez-a-milad-que-dejo-a-chile-sin-mundial-2030-y-explicacion-de-infantino\\\/#primaryimage\"},\"image\":{\"@id\":\"https:\\\/\\\/diarioellabrador.cl\\\/index.php\\\/2025\\\/10\\\/18\\\/detallan-traicion-de-dominguez-a-milad-que-dejo-a-chile-sin-mundial-2030-y-explicacion-de-infantino\\\/#primaryimage\"},\"thumbnailUrl\":\"https:\\\/\\\/diarioellabrador.cl\\\/wp-content\\\/uploads\\\/2025\\\/10\\\/Detallan-traicion-de-Dominguez-a-Milad-que-dejo-a-Chile-sin-Mundial-2030-y-explicacion-de-Infantino.jpg\",\"datePublished\":\"2025-10-18T20:24:07+00:00\",\"breadcrumb\":{\"@id\":\"https:\\\/\\\/diarioellabrador.cl\\\/index.php\\\/2025\\\/10\\\/18\\\/detallan-traicion-de-dominguez-a-milad-que-dejo-a-chile-sin-mundial-2030-y-explicacion-de-infantino\\\/#breadcrumb\"},\"inLanguage\":\"es\",\"potentialAction\":[{\"@type\":\"ReadAction\",\"target\":[\"https:\\\/\\\/diarioellabrador.cl\\\/index.php\\\/2025\\\/10\\\/18\\\/detallan-traicion-de-dominguez-a-milad-que-dejo-a-chile-sin-mundial-2030-y-explicacion-de-infantino\\\/\"]}]},{\"@type\":\"ImageObject\",\"inLanguage\":\"es\",\"@id\":\"https:\\\/\\\/diarioellabrador.cl\\\/index.php\\\/2025\\\/10\\\/18\\\/detallan-traicion-de-dominguez-a-milad-que-dejo-a-chile-sin-mundial-2030-y-explicacion-de-infantino\\\/#primaryimage\",\"url\":\"https:\\\/\\\/diarioellabrador.cl\\\/wp-content\\\/uploads\\\/2025\\\/10\\\/Detallan-traicion-de-Dominguez-a-Milad-que-dejo-a-Chile-sin-Mundial-2030-y-explicacion-de-Infantino.jpg\",\"contentUrl\":\"https:\\\/\\\/diarioellabrador.cl\\\/wp-content\\\/uploads\\\/2025\\\/10\\\/Detallan-traicion-de-Dominguez-a-Milad-que-dejo-a-Chile-sin-Mundial-2030-y-explicacion-de-Infantino.jpg\",\"width\":740,\"height\":416},{\"@type\":\"BreadcrumbList\",\"@id\":\"https:\\\/\\\/diarioellabrador.cl\\\/index.php\\\/2025\\\/10\\\/18\\\/detallan-traicion-de-dominguez-a-milad-que-dejo-a-chile-sin-mundial-2030-y-explicacion-de-infantino\\\/#breadcrumb\",\"itemListElement\":[{\"@type\":\"ListItem\",\"position\":1,\"name\":\"Portada\",\"item\":\"https:\\\/\\\/diarioellabrador.cl\\\/\"},{\"@type\":\"ListItem\",\"position\":2,\"name\":\"Detallan \u2019traici\u00f3n\u2019 de Dom\u00ednguez a Milad que dej\u00f3 a Chile sin Mundial 2030 y explicaci\u00f3n de Infantino\"}]},{\"@type\":\"WebSite\",\"@id\":\"https:\\\/\\\/diarioellabrador.cl\\\/#website\",\"url\":\"https:\\\/\\\/diarioellabrador.cl\\\/\",\"name\":\"Diario El Labrador\",\"description\":\"Haciendo noticia desde 1921\",\"publisher\":{\"@id\":\"https:\\\/\\\/diarioellabrador.cl\\\/#organization\"},\"potentialAction\":[{\"@type\":\"SearchAction\",\"target\":{\"@type\":\"EntryPoint\",\"urlTemplate\":\"https:\\\/\\\/diarioellabrador.cl\\\/?s={search_term_string}\"},\"query-input\":{\"@type\":\"PropertyValueSpecification\",\"valueRequired\":true,\"valueName\":\"search_term_string\"}}],\"inLanguage\":\"es\"},{\"@type\":\"Organization\",\"@id\":\"https:\\\/\\\/diarioellabrador.cl\\\/#organization\",\"name\":\"Diario El Labrador\",\"url\":\"https:\\\/\\\/diarioellabrador.cl\\\/\",\"logo\":{\"@type\":\"ImageObject\",\"inLanguage\":\"es\",\"@id\":\"https:\\\/\\\/diarioellabrador.cl\\\/#\\\/schema\\\/logo\\\/image\\\/\",\"url\":\"https:\\\/\\\/diarioellabrador.cl\\\/wp-content\\\/uploads\\\/2025\\\/02\\\/cropped-Logo-Icono.png\",\"contentUrl\":\"https:\\\/\\\/diarioellabrador.cl\\\/wp-content\\\/uploads\\\/2025\\\/02\\\/cropped-Logo-Icono.png\",\"width\":512,\"height\":512,\"caption\":\"Diario El Labrador\"},\"image\":{\"@id\":\"https:\\\/\\\/diarioellabrador.cl\\\/#\\\/schema\\\/logo\\\/image\\\/\"},\"sameAs\":[\"https:\\\/\\\/web.facebook.com\\\/profile.php?id=61576120840621\",\"https:\\\/\\\/x.com\\\/ElLabradorOf\",\"https:\\\/\\\/www.instagram.com\\\/diarioellabradoroficial\\\/\"]},{\"@type\":\"Person\",\"@id\":\"https:\\\/\\\/diarioellabrador.cl\\\/#\\\/schema\\\/person\\\/bc25ff80b4563f9c7f4bd7855df01685\",\"name\":\"Editor\",\"image\":{\"@type\":\"ImageObject\",\"inLanguage\":\"es\",\"@id\":\"https:\\\/\\\/secure.gravatar.com\\\/avatar\\\/109c326cf2be5c04f048c2c2a2b8b6ef44bf3d8d1d3d4c55d0ac40c4bc994684?s=96&d=mm&r=g\",\"url\":\"https:\\\/\\\/secure.gravatar.com\\\/avatar\\\/109c326cf2be5c04f048c2c2a2b8b6ef44bf3d8d1d3d4c55d0ac40c4bc994684?s=96&d=mm&r=g\",\"contentUrl\":\"https:\\\/\\\/secure.gravatar.com\\\/avatar\\\/109c326cf2be5c04f048c2c2a2b8b6ef44bf3d8d1d3d4c55d0ac40c4bc994684?s=96&d=mm&r=g\",\"caption\":\"Editor\"},\"url\":\"https:\\\/\\\/diarioellabrador.cl\\\/index.php\\\/author\\\/editor\\\/\"}]}<\/script>\n<!-- \/ Yoast SEO plugin. -->","yoast_head_json":{"title":"Detallan \u2019traici\u00f3n\u2019 de Dom\u00ednguez a Milad que dej\u00f3 a Chile sin Mundial 2030 y explicaci\u00f3n de Infantino - Diario El Labrador","robots":{"index":"index","follow":"follow","max-snippet":"max-snippet:-1","max-image-preview":"max-image-preview:large","max-video-preview":"max-video-preview:-1"},"canonical":"https:\/\/diarioellabrador.cl\/index.php\/2025\/10\/18\/detallan-traicion-de-dominguez-a-milad-que-dejo-a-chile-sin-mundial-2030-y-explicacion-de-infantino\/","og_locale":"es_ES","og_type":"article","og_title":"Detallan \u2019traici\u00f3n\u2019 de Dom\u00ednguez a Milad que dej\u00f3 a Chile sin Mundial 2030 y explicaci\u00f3n de Infantino - Diario El Labrador","og_description":"Este fin de semana Chile tuvo en el estadio Nacional la gran fiesta de la final del Mundial Sub 20 de FIFA. Un hito importante, que lleg\u00f3 a manos nacionales, eso s\u00ed, pr\u00e1cticamente a modo de compensaci\u00f3n luego de la \u2018gran traici\u00f3n\u2019 de la Conmebol y su presidente, Alejandro Dom\u00ednguez, a la ANFP liderada por Leer m\u00e1s","og_url":"https:\/\/diarioellabrador.cl\/index.php\/2025\/10\/18\/detallan-traicion-de-dominguez-a-milad-que-dejo-a-chile-sin-mundial-2030-y-explicacion-de-infantino\/","og_site_name":"Diario El Labrador","article_publisher":"https:\/\/web.facebook.com\/profile.php?id=61576120840621","article_published_time":"2025-10-18T20:24:07+00:00","og_image":[{"width":740,"height":416,"url":"https:\/\/diarioellabrador.cl\/wp-content\/uploads\/2025\/10\/Detallan-traicion-de-Dominguez-a-Milad-que-dejo-a-Chile-sin-Mundial-2030-y-explicacion-de-Infantino.jpg","type":"image\/jpeg"}],"author":"Editor","twitter_card":"summary_large_image","twitter_creator":"@ElLabradorOf","twitter_site":"@ElLabradorOf","twitter_misc":{"Escrito por":"Editor","Tiempo de lectura":"2 minutos"},"schema":{"@context":"https:\/\/schema.org","@graph":[{"@type":"Article","@id":"https:\/\/diarioellabrador.cl\/index.php\/2025\/10\/18\/detallan-traicion-de-dominguez-a-milad-que-dejo-a-chile-sin-mundial-2030-y-explicacion-de-infantino\/#article","isPartOf":{"@id":"https:\/\/diarioellabrador.cl\/index.php\/2025\/10\/18\/detallan-traicion-de-dominguez-a-milad-que-dejo-a-chile-sin-mundial-2030-y-explicacion-de-infantino\/"},"author":{"name":"Editor","@id":"https:\/\/diarioellabrador.cl\/#\/schema\/person\/bc25ff80b4563f9c7f4bd7855df01685"},"headline":"Detallan \u2019traici\u00f3n\u2019 de Dom\u00ednguez a Milad que dej\u00f3 a Chile sin Mundial 2030 y explicaci\u00f3n de Infantino","datePublished":"2025-10-18T20:24:07+00:00","mainEntityOfPage":{"@id":"https:\/\/diarioellabrador.cl\/index.php\/2025\/10\/18\/detallan-traicion-de-dominguez-a-milad-que-dejo-a-chile-sin-mundial-2030-y-explicacion-de-infantino\/"},"wordCount":424,"commentCount":0,"publisher":{"@id":"https:\/\/diarioellabrador.cl\/#organization"},"image":{"@id":"https:\/\/diarioellabrador.cl\/index.php\/2025\/10\/18\/detallan-traicion-de-dominguez-a-milad-que-dejo-a-chile-sin-mundial-2030-y-explicacion-de-infantino\/#primaryimage"},"thumbnailUrl":"https:\/\/diarioellabrador.cl\/wp-content\/uploads\/2025\/10\/Detallan-traicion-de-Dominguez-a-Milad-que-dejo-a-Chile-sin-Mundial-2030-y-explicacion-de-Infantino.jpg","articleSection":["Deportes"],"inLanguage":"es","potentialAction":[{"@type":"CommentAction","name":"Comment","target":["https:\/\/diarioellabrador.cl\/index.php\/2025\/10\/18\/detallan-traicion-de-dominguez-a-milad-que-dejo-a-chile-sin-mundial-2030-y-explicacion-de-infantino\/#respond"]}]},{"@type":"WebPage","@id":"https:\/\/diarioellabrador.cl\/index.php\/2025\/10\/18\/detallan-traicion-de-dominguez-a-milad-que-dejo-a-chile-sin-mundial-2030-y-explicacion-de-infantino\/","url":"https:\/\/diarioellabrador.cl\/index.php\/2025\/10\/18\/detallan-traicion-de-dominguez-a-milad-que-dejo-a-chile-sin-mundial-2030-y-explicacion-de-infantino\/","name":"Detallan \u2019traici\u00f3n\u2019 de Dom\u00ednguez a Milad que dej\u00f3 a Chile sin Mundial 2030 y explicaci\u00f3n de Infantino - Diario El Labrador","isPartOf":{"@id":"https:\/\/diarioellabrador.cl\/#website"},"primaryImageOfPage":{"@id":"https:\/\/diarioellabrador.cl\/index.php\/2025\/10\/18\/detallan-traicion-de-dominguez-a-milad-que-dejo-a-chile-sin-mundial-2030-y-explicacion-de-infantino\/#primaryimage"},"image":{"@id":"https:\/\/diarioellabrador.cl\/index.php\/2025\/10\/18\/detallan-traicion-de-dominguez-a-milad-que-dejo-a-chile-sin-mundial-2030-y-explicacion-de-infantino\/#primaryimage"},"thumbnailUrl":"https:\/\/diarioellabrador.cl\/wp-content\/uploads\/2025\/10\/Detallan-traicion-de-Dominguez-a-Milad-que-dejo-a-Chile-sin-Mundial-2030-y-explicacion-de-Infantino.jpg","datePublished":"2025-10-18T20:24:07+00:00","breadcrumb":{"@id":"https:\/\/diarioellabrador.cl\/index.php\/2025\/10\/18\/detallan-traicion-de-dominguez-a-milad-que-dejo-a-chile-sin-mundial-2030-y-explicacion-de-infantino\/#breadcrumb"},"inLanguage":"es","potentialAction":[{"@type":"ReadAction","target":["https:\/\/diarioellabrador.cl\/index.php\/2025\/10\/18\/detallan-traicion-de-dominguez-a-milad-que-dejo-a-chile-sin-mundial-2030-y-explicacion-de-infantino\/"]}]},{"@type":"ImageObject","inLanguage":"es","@id":"https:\/\/diarioellabrador.cl\/index.php\/2025\/10\/18\/detallan-traicion-de-dominguez-a-milad-que-dejo-a-chile-sin-mundial-2030-y-explicacion-de-infantino\/#primaryimage","url":"https:\/\/diarioellabrador.cl\/wp-content\/uploads\/2025\/10\/Detallan-traicion-de-Dominguez-a-Milad-que-dejo-a-Chile-sin-Mundial-2030-y-explicacion-de-Infantino.jpg","contentUrl":"https:\/\/diarioellabrador.cl\/wp-content\/uploads\/2025\/10\/Detallan-traicion-de-Dominguez-a-Milad-que-dejo-a-Chile-sin-Mundial-2030-y-explicacion-de-Infantino.jpg","width":740,"height":416},{"@type":"BreadcrumbList","@id":"https:\/\/diarioellabrador.cl\/index.php\/2025\/10\/18\/detallan-traicion-de-dominguez-a-milad-que-dejo-a-chile-sin-mundial-2030-y-explicacion-de-infantino\/#breadcrumb","itemListElement":[{"@type":"ListItem","position":1,"name":"Portada","item":"https:\/\/diarioellabrador.cl\/"},{"@type":"ListItem","position":2,"name":"Detallan \u2019traici\u00f3n\u2019 de Dom\u00ednguez a Milad que dej\u00f3 a Chile sin Mundial 2030 y explicaci\u00f3n de Infantino"}]},{"@type":"WebSite","@id":"https:\/\/diarioellabrador.cl\/#website","url":"https:\/\/diarioellabrador.cl\/","name":"Diario El Labrador","description":"Haciendo noticia desde 1921","publisher":{"@id":"https:\/\/diarioellabrador.cl\/#organization"},"potentialAction":[{"@type":"SearchAction","target":{"@type":"EntryPoint","urlTemplate":"https:\/\/diarioellabrador.cl\/?s={search_term_string}"},"query-input":{"@type":"PropertyValueSpecification","valueRequired":true,"valueName":"search_term_string"}}],"inLanguage":"es"},{"@type":"Organization","@id":"https:\/\/diarioellabrador.cl\/#organization","name":"Diario El Labrador","url":"https:\/\/diarioellabrador.cl\/","logo":{"@type":"ImageObject","inLanguage":"es","@id":"https:\/\/diarioellabrador.cl\/#\/schema\/logo\/image\/","url":"https:\/\/diarioellabrador.cl\/wp-content\/uploads\/2025\/02\/cropped-Logo-Icono.png","contentUrl":"https:\/\/diarioellabrador.cl\/wp-content\/uploads\/2025\/02\/cropped-Logo-Icono.png","width":512,"height":512,"caption":"Diario El Labrador"},"image":{"@id":"https:\/\/diarioellabrador.cl\/#\/schema\/logo\/image\/"},"sameAs":["https:\/\/web.facebook.com\/profile.php?id=61576120840621","https:\/\/x.com\/ElLabradorOf","https:\/\/www.instagram.com\/diarioellabradoroficial\/"]},{"@type":"Person","@id":"https:\/\/diarioellabrador.cl\/#\/schema\/person\/bc25ff80b4563f9c7f4bd7855df01685","name":"Editor","image":{"@type":"ImageObject","inLanguage":"es","@id":"https:\/\/secure.gravatar.com\/avatar\/109c326cf2be5c04f048c2c2a2b8b6ef44bf3d8d1d3d4c55d0ac40c4bc994684?s=96&d=mm&r=g","url":"https:\/\/secure.gravatar.com\/avatar\/109c326cf2be5c04f048c2c2a2b8b6ef44bf3d8d1d3d4c55d0ac40c4bc994684?s=96&d=mm&r=g","contentUrl":"https:\/\/secure.gravatar.com\/avatar\/109c326cf2be5c04f048c2c2a2b8b6ef44bf3d8d1d3d4c55d0ac40c4bc994684?s=96&d=mm&r=g","caption":"Editor"},"url":"https:\/\/diarioellabrador.cl\/index.php\/author\/editor\/"}]}},"_links":{"self":[{"href":"https:\/\/diarioellabrador.cl\/index.php\/wp-json\/wp\/v2\/posts\/10053","targetHints":{"allow":["GET"]}}],"collection":[{"href":"https:\/\/diarioellabrador.cl\/index.php\/wp-json\/wp\/v2\/posts"}],"about":[{"href":"https:\/\/diarioellabrador.cl\/index.php\/wp-json\/wp\/v2\/types\/post"}],"author":[{"embeddable":true,"href":"https:\/\/diarioellabrador.cl\/index.php\/wp-json\/wp\/v2\/users\/2"}],"replies":[{"embeddable":true,"href":"https:\/\/diarioellabrador.cl\/index.php\/wp-json\/wp\/v2\/comments?post=10053"}],"version-history":[{"count":1,"href":"https:\/\/diarioellabrador.cl\/index.php\/wp-json\/wp\/v2\/posts\/10053\/revisions"}],"predecessor-version":[{"id":10054,"href":"https:\/\/diarioellabrador.cl\/index.php\/wp-json\/wp\/v2\/posts\/10053\/revisions\/10054"}],"wp:featuredmedia":[{"embeddable":true,"href":"https:\/\/diarioellabrador.cl\/index.php\/wp-json\/wp\/v2\/media\/10025"}],"wp:attachment":[{"href":"https:\/\/diarioellabrador.cl\/index.php\/wp-json\/wp\/v2\/media?parent=10053"}],"wp:term":[{"taxonomy":"category","embeddable":true,"href":"https:\/\/diarioellabrador.cl\/index.php\/wp-json\/wp\/v2\/categories?post=10053"},{"taxonomy":"post_tag","embeddable":true,"href":"https:\/\/diarioellabrador.cl\/index.php\/wp-json\/wp\/v2\/tags?post=10053"}],"curies":[{"name":"wp","href":"https:\/\/api.w.org\/{rel}","templated":true}]}}