{"id":10051,"date":"2025-10-18T16:23:42","date_gmt":"2025-10-18T20:23:42","guid":{"rendered":"https:\/\/diarioellabrador.cl\/?p=10051"},"modified":"2025-10-18T16:23:43","modified_gmt":"2025-10-18T20:23:43","slug":"la-u-insiste-en-no-jugar-clasico-con-la-uc-en-medio-del-sueno-sudamericano-y-la-anfp-da-senales","status":"publish","type":"post","link":"https:\/\/diarioellabrador.cl\/index.php\/2025\/10\/18\/la-u-insiste-en-no-jugar-clasico-con-la-uc-en-medio-del-sueno-sudamericano-y-la-anfp-da-senales\/","title":{"rendered":"La U insiste en no jugar cl\u00e1sico con la UC en medio del sue\u00f1o sudamericano y la ANFP da se\u00f1ales"},"content":{"rendered":"\n<p><strong>La U<\/strong> no quiere distracciones en su \u2018sue\u00f1o\u2019 internacional. El presidente de Azul Azul, <strong>Michael Clark<\/strong>, reafirm\u00f3 su postura de no disputar el cl\u00e1sico universitario ante la UC, fijado para el domingo 26 de octubre por la Liga de Primera.<\/p>\n\n\n\n<p>Este cruce en el Claro Arena aparece justo entre los duelos de <strong>semifinales<\/strong> de <strong>Copa Sudamericana<\/strong> ante Lan\u00fas.<\/p>\n\n\n\n<p>El calendario aprieta. Los azules deben recibir al cuadro argentino el jueves 23 a las 19:00 horas, y apenas tres d\u00edas despu\u00e9s enfrentar\u00edan a los cruzados a las 12:30 horas.<\/p>\n\n\n\n<p>Una programaci\u00f3n que, para la dirigencia laica, no solo resulta injusta, sino tambi\u00e9n inviable en lo deportivo. Apuntar que la revancha ser\u00e1 el 30 del presente en suelo trasandino.<\/p>\n\n\n\n<p>Seg\u00fan inform\u00f3 radio Cooperativa, Clark habr\u00eda aprovechado su reciente viaje a Paraguay -donde particip\u00f3 en una reuni\u00f3n de Conmebol- para <strong>gestionar directamente con Pablo Milad<\/strong>, presidente de la ANFP, <strong>la postergaci\u00f3n del cl\u00e1sico<\/strong>.<\/p>\n\n\n\n<p>Y no lleg\u00f3 con las manos vac\u00edas. El mandam\u00e1s del f\u00fatbol chileno <strong>habr\u00eda dado se\u00f1ales positivas, comprometiendo su respaldo a la causa azul<\/strong>.<\/p>\n\n\n\n<p>Pero eso no es todo. El gerente de ligas, Yamal Rajab, tambi\u00e9n habr\u00eda recibido con buenos ojos la solicitud, abriendo la puerta a una eventual reprogramaci\u00f3n de un partido clave para el \u2018Chile 2\u2019 para la Copa Libertadores.<\/p>\n\n\n\n<p>En la U esperan una respuesta en los pr\u00f3ximos d\u00edas, mientras el plantel y cuerpo t\u00e9cnico de Gustavo \u00c1lvarez se enfocan en el desaf\u00edo internacional que podr\u00eda devolver al club a una final continental tras m\u00e1s de una d\u00e9cada.<\/p>\n","protected":false},"excerpt":{"rendered":"<p>La U no quiere distracciones en su \u2018sue\u00f1o\u2019 internacional. El presidente de Azul Azul, Michael Clark, reafirm\u00f3 su postura de no disputar el cl\u00e1sico universitario ante la UC, fijado para el domingo 26 de octubre por la Liga de Primera. Este cruce en el Claro Arena aparece justo entre los duelos de semifinales de Copa<\/p>\n<div class=\"read-more-wrapper\"><a class=\"read-more\" href=\"https:\/\/diarioellabrador.cl\/index.php\/2025\/10\/18\/la-u-insiste-en-no-jugar-clasico-con-la-uc-en-medio-del-sueno-sudamericano-y-la-anfp-da-senales\/\" title=\"Leer m\u00e1s\"> <span class=\"button \">Leer m\u00e1s<\/span><\/a><\/div>\n","protected":false},"author":2,"featured_media":10026,"comment_status":"open","ping_status":"open","sticky":false,"template":"","format":"standard","meta":{"footnotes":""},"categories":[4],"tags":[],"class_list":["post-10051","post","type-post","status-publish","format-standard","has-post-thumbnail","hentry","category-deportes"],"yoast_head":"<!-- This site is optimized with the Yoast SEO plugin v27.5 - https:\/\/yoast.com\/product\/yoast-seo-wordpress\/ -->\n<title>La U insiste en no jugar cl\u00e1sico con la UC en medio del sue\u00f1o sudamericano y la ANFP da se\u00f1ales - Diario El Labrador<\/title>\n<meta name=\"robots\" content=\"index, follow, max-snippet:-1, max-image-preview:large, max-video-preview:-1\" \/>\n<link rel=\"canonical\" href=\"https:\/\/diarioellabrador.cl\/index.php\/2025\/10\/18\/la-u-insiste-en-no-jugar-clasico-con-la-uc-en-medio-del-sueno-sudamericano-y-la-anfp-da-senales\/\" \/>\n<meta property=\"og:locale\" content=\"es_ES\" \/>\n<meta property=\"og:type\" content=\"article\" \/>\n<meta property=\"og:title\" content=\"La U insiste en no jugar cl\u00e1sico con la UC en medio del sue\u00f1o sudamericano y la ANFP da se\u00f1ales - Diario El Labrador\" \/>\n<meta property=\"og:description\" content=\"La U no quiere distracciones en su \u2018sue\u00f1o\u2019 internacional. El presidente de Azul Azul, Michael Clark, reafirm\u00f3 su postura de no disputar el cl\u00e1sico universitario ante la UC, fijado para el domingo 26 de octubre por la Liga de Primera. Este cruce en el Claro Arena aparece justo entre los duelos de semifinales de Copa Leer m\u00e1s\" \/>\n<meta property=\"og:url\" content=\"https:\/\/diarioellabrador.cl\/index.php\/2025\/10\/18\/la-u-insiste-en-no-jugar-clasico-con-la-uc-en-medio-del-sueno-sudamericano-y-la-anfp-da-senales\/\" \/>\n<meta property=\"og:site_name\" content=\"Diario El Labrador\" \/>\n<meta property=\"article:publisher\" content=\"https:\/\/web.facebook.com\/profile.php?id=61576120840621\" \/>\n<meta property=\"article:published_time\" content=\"2025-10-18T20:23:42+00:00\" \/>\n<meta property=\"article:modified_time\" content=\"2025-10-18T20:23:43+00:00\" \/>\n<meta property=\"og:image\" content=\"https:\/\/diarioellabrador.cl\/wp-content\/uploads\/2025\/10\/La-U-insiste-en-no-jugar-clasico-con-la-UC-en-medio-del-sueno-sudamericano-y-la-ANFP-da-senales.jpg\" \/>\n\t<meta property=\"og:image:width\" content=\"800\" \/>\n\t<meta property=\"og:image:height\" content=\"800\" \/>\n\t<meta property=\"og:image:type\" content=\"image\/jpeg\" \/>\n<meta name=\"author\" content=\"Editor\" \/>\n<meta name=\"twitter:card\" content=\"summary_large_image\" \/>\n<meta name=\"twitter:creator\" content=\"@ElLabradorOf\" \/>\n<meta name=\"twitter:site\" content=\"@ElLabradorOf\" \/>\n<meta name=\"twitter:label1\" content=\"Escrito por\" \/>\n\t<meta name=\"twitter:data1\" content=\"Editor\" \/>\n\t<meta name=\"twitter:label2\" content=\"Tiempo de lectura\" \/>\n\t<meta name=\"twitter:data2\" content=\"2 minutos\" \/>\n<script type=\"application\/ld+json\" class=\"yoast-schema-graph\">{\"@context\":\"https:\\\/\\\/schema.org\",\"@graph\":[{\"@type\":\"Article\",\"@id\":\"https:\\\/\\\/diarioellabrador.cl\\\/index.php\\\/2025\\\/10\\\/18\\\/la-u-insiste-en-no-jugar-clasico-con-la-uc-en-medio-del-sueno-sudamericano-y-la-anfp-da-senales\\\/#article\",\"isPartOf\":{\"@id\":\"https:\\\/\\\/diarioellabrador.cl\\\/index.php\\\/2025\\\/10\\\/18\\\/la-u-insiste-en-no-jugar-clasico-con-la-uc-en-medio-del-sueno-sudamericano-y-la-anfp-da-senales\\\/\"},\"author\":{\"name\":\"Editor\",\"@id\":\"https:\\\/\\\/diarioellabrador.cl\\\/#\\\/schema\\\/person\\\/bc25ff80b4563f9c7f4bd7855df01685\"},\"headline\":\"La U insiste en no jugar cl\u00e1sico con la UC en medio del sue\u00f1o sudamericano y la ANFP da se\u00f1ales\",\"datePublished\":\"2025-10-18T20:23:42+00:00\",\"dateModified\":\"2025-10-18T20:23:43+00:00\",\"mainEntityOfPage\":{\"@id\":\"https:\\\/\\\/diarioellabrador.cl\\\/index.php\\\/2025\\\/10\\\/18\\\/la-u-insiste-en-no-jugar-clasico-con-la-uc-en-medio-del-sueno-sudamericano-y-la-anfp-da-senales\\\/\"},\"wordCount\":295,\"commentCount\":0,\"publisher\":{\"@id\":\"https:\\\/\\\/diarioellabrador.cl\\\/#organization\"},\"image\":{\"@id\":\"https:\\\/\\\/diarioellabrador.cl\\\/index.php\\\/2025\\\/10\\\/18\\\/la-u-insiste-en-no-jugar-clasico-con-la-uc-en-medio-del-sueno-sudamericano-y-la-anfp-da-senales\\\/#primaryimage\"},\"thumbnailUrl\":\"https:\\\/\\\/diarioellabrador.cl\\\/wp-content\\\/uploads\\\/2025\\\/10\\\/La-U-insiste-en-no-jugar-clasico-con-la-UC-en-medio-del-sueno-sudamericano-y-la-ANFP-da-senales.jpg\",\"articleSection\":[\"Deportes\"],\"inLanguage\":\"es\",\"potentialAction\":[{\"@type\":\"CommentAction\",\"name\":\"Comment\",\"target\":[\"https:\\\/\\\/diarioellabrador.cl\\\/index.php\\\/2025\\\/10\\\/18\\\/la-u-insiste-en-no-jugar-clasico-con-la-uc-en-medio-del-sueno-sudamericano-y-la-anfp-da-senales\\\/#respond\"]}]},{\"@type\":\"WebPage\",\"@id\":\"https:\\\/\\\/diarioellabrador.cl\\\/index.php\\\/2025\\\/10\\\/18\\\/la-u-insiste-en-no-jugar-clasico-con-la-uc-en-medio-del-sueno-sudamericano-y-la-anfp-da-senales\\\/\",\"url\":\"https:\\\/\\\/diarioellabrador.cl\\\/index.php\\\/2025\\\/10\\\/18\\\/la-u-insiste-en-no-jugar-clasico-con-la-uc-en-medio-del-sueno-sudamericano-y-la-anfp-da-senales\\\/\",\"name\":\"La U insiste en no jugar cl\u00e1sico con la UC en medio del sue\u00f1o sudamericano y la ANFP da se\u00f1ales - Diario El Labrador\",\"isPartOf\":{\"@id\":\"https:\\\/\\\/diarioellabrador.cl\\\/#website\"},\"primaryImageOfPage\":{\"@id\":\"https:\\\/\\\/diarioellabrador.cl\\\/index.php\\\/2025\\\/10\\\/18\\\/la-u-insiste-en-no-jugar-clasico-con-la-uc-en-medio-del-sueno-sudamericano-y-la-anfp-da-senales\\\/#primaryimage\"},\"image\":{\"@id\":\"https:\\\/\\\/diarioellabrador.cl\\\/index.php\\\/2025\\\/10\\\/18\\\/la-u-insiste-en-no-jugar-clasico-con-la-uc-en-medio-del-sueno-sudamericano-y-la-anfp-da-senales\\\/#primaryimage\"},\"thumbnailUrl\":\"https:\\\/\\\/diarioellabrador.cl\\\/wp-content\\\/uploads\\\/2025\\\/10\\\/La-U-insiste-en-no-jugar-clasico-con-la-UC-en-medio-del-sueno-sudamericano-y-la-ANFP-da-senales.jpg\",\"datePublished\":\"2025-10-18T20:23:42+00:00\",\"dateModified\":\"2025-10-18T20:23:43+00:00\",\"breadcrumb\":{\"@id\":\"https:\\\/\\\/diarioellabrador.cl\\\/index.php\\\/2025\\\/10\\\/18\\\/la-u-insiste-en-no-jugar-clasico-con-la-uc-en-medio-del-sueno-sudamericano-y-la-anfp-da-senales\\\/#breadcrumb\"},\"inLanguage\":\"es\",\"potentialAction\":[{\"@type\":\"ReadAction\",\"target\":[\"https:\\\/\\\/diarioellabrador.cl\\\/index.php\\\/2025\\\/10\\\/18\\\/la-u-insiste-en-no-jugar-clasico-con-la-uc-en-medio-del-sueno-sudamericano-y-la-anfp-da-senales\\\/\"]}]},{\"@type\":\"ImageObject\",\"inLanguage\":\"es\",\"@id\":\"https:\\\/\\\/diarioellabrador.cl\\\/index.php\\\/2025\\\/10\\\/18\\\/la-u-insiste-en-no-jugar-clasico-con-la-uc-en-medio-del-sueno-sudamericano-y-la-anfp-da-senales\\\/#primaryimage\",\"url\":\"https:\\\/\\\/diarioellabrador.cl\\\/wp-content\\\/uploads\\\/2025\\\/10\\\/La-U-insiste-en-no-jugar-clasico-con-la-UC-en-medio-del-sueno-sudamericano-y-la-ANFP-da-senales.jpg\",\"contentUrl\":\"https:\\\/\\\/diarioellabrador.cl\\\/wp-content\\\/uploads\\\/2025\\\/10\\\/La-U-insiste-en-no-jugar-clasico-con-la-UC-en-medio-del-sueno-sudamericano-y-la-ANFP-da-senales.jpg\",\"width\":800,\"height\":800},{\"@type\":\"BreadcrumbList\",\"@id\":\"https:\\\/\\\/diarioellabrador.cl\\\/index.php\\\/2025\\\/10\\\/18\\\/la-u-insiste-en-no-jugar-clasico-con-la-uc-en-medio-del-sueno-sudamericano-y-la-anfp-da-senales\\\/#breadcrumb\",\"itemListElement\":[{\"@type\":\"ListItem\",\"position\":1,\"name\":\"Portada\",\"item\":\"https:\\\/\\\/diarioellabrador.cl\\\/\"},{\"@type\":\"ListItem\",\"position\":2,\"name\":\"La U insiste en no jugar cl\u00e1sico con la UC en medio del sue\u00f1o sudamericano y la ANFP da se\u00f1ales\"}]},{\"@type\":\"WebSite\",\"@id\":\"https:\\\/\\\/diarioellabrador.cl\\\/#website\",\"url\":\"https:\\\/\\\/diarioellabrador.cl\\\/\",\"name\":\"Diario El Labrador\",\"description\":\"Haciendo noticia desde 1921\",\"publisher\":{\"@id\":\"https:\\\/\\\/diarioellabrador.cl\\\/#organization\"},\"potentialAction\":[{\"@type\":\"SearchAction\",\"target\":{\"@type\":\"EntryPoint\",\"urlTemplate\":\"https:\\\/\\\/diarioellabrador.cl\\\/?s={search_term_string}\"},\"query-input\":{\"@type\":\"PropertyValueSpecification\",\"valueRequired\":true,\"valueName\":\"search_term_string\"}}],\"inLanguage\":\"es\"},{\"@type\":\"Organization\",\"@id\":\"https:\\\/\\\/diarioellabrador.cl\\\/#organization\",\"name\":\"Diario El Labrador\",\"url\":\"https:\\\/\\\/diarioellabrador.cl\\\/\",\"logo\":{\"@type\":\"ImageObject\",\"inLanguage\":\"es\",\"@id\":\"https:\\\/\\\/diarioellabrador.cl\\\/#\\\/schema\\\/logo\\\/image\\\/\",\"url\":\"https:\\\/\\\/diarioellabrador.cl\\\/wp-content\\\/uploads\\\/2025\\\/02\\\/cropped-Logo-Icono.png\",\"contentUrl\":\"https:\\\/\\\/diarioellabrador.cl\\\/wp-content\\\/uploads\\\/2025\\\/02\\\/cropped-Logo-Icono.png\",\"width\":512,\"height\":512,\"caption\":\"Diario El Labrador\"},\"image\":{\"@id\":\"https:\\\/\\\/diarioellabrador.cl\\\/#\\\/schema\\\/logo\\\/image\\\/\"},\"sameAs\":[\"https:\\\/\\\/web.facebook.com\\\/profile.php?id=61576120840621\",\"https:\\\/\\\/x.com\\\/ElLabradorOf\",\"https:\\\/\\\/www.instagram.com\\\/diarioellabradoroficial\\\/\"]},{\"@type\":\"Person\",\"@id\":\"https:\\\/\\\/diarioellabrador.cl\\\/#\\\/schema\\\/person\\\/bc25ff80b4563f9c7f4bd7855df01685\",\"name\":\"Editor\",\"image\":{\"@type\":\"ImageObject\",\"inLanguage\":\"es\",\"@id\":\"https:\\\/\\\/secure.gravatar.com\\\/avatar\\\/109c326cf2be5c04f048c2c2a2b8b6ef44bf3d8d1d3d4c55d0ac40c4bc994684?s=96&d=mm&r=g\",\"url\":\"https:\\\/\\\/secure.gravatar.com\\\/avatar\\\/109c326cf2be5c04f048c2c2a2b8b6ef44bf3d8d1d3d4c55d0ac40c4bc994684?s=96&d=mm&r=g\",\"contentUrl\":\"https:\\\/\\\/secure.gravatar.com\\\/avatar\\\/109c326cf2be5c04f048c2c2a2b8b6ef44bf3d8d1d3d4c55d0ac40c4bc994684?s=96&d=mm&r=g\",\"caption\":\"Editor\"},\"url\":\"https:\\\/\\\/diarioellabrador.cl\\\/index.php\\\/author\\\/editor\\\/\"}]}<\/script>\n<!-- \/ Yoast SEO plugin. -->","yoast_head_json":{"title":"La U insiste en no jugar cl\u00e1sico con la UC en medio del sue\u00f1o sudamericano y la ANFP da se\u00f1ales - Diario El Labrador","robots":{"index":"index","follow":"follow","max-snippet":"max-snippet:-1","max-image-preview":"max-image-preview:large","max-video-preview":"max-video-preview:-1"},"canonical":"https:\/\/diarioellabrador.cl\/index.php\/2025\/10\/18\/la-u-insiste-en-no-jugar-clasico-con-la-uc-en-medio-del-sueno-sudamericano-y-la-anfp-da-senales\/","og_locale":"es_ES","og_type":"article","og_title":"La U insiste en no jugar cl\u00e1sico con la UC en medio del sue\u00f1o sudamericano y la ANFP da se\u00f1ales - Diario El Labrador","og_description":"La U no quiere distracciones en su \u2018sue\u00f1o\u2019 internacional. El presidente de Azul Azul, Michael Clark, reafirm\u00f3 su postura de no disputar el cl\u00e1sico universitario ante la UC, fijado para el domingo 26 de octubre por la Liga de Primera. Este cruce en el Claro Arena aparece justo entre los duelos de semifinales de Copa Leer m\u00e1s","og_url":"https:\/\/diarioellabrador.cl\/index.php\/2025\/10\/18\/la-u-insiste-en-no-jugar-clasico-con-la-uc-en-medio-del-sueno-sudamericano-y-la-anfp-da-senales\/","og_site_name":"Diario El Labrador","article_publisher":"https:\/\/web.facebook.com\/profile.php?id=61576120840621","article_published_time":"2025-10-18T20:23:42+00:00","article_modified_time":"2025-10-18T20:23:43+00:00","og_image":[{"width":800,"height":800,"url":"https:\/\/diarioellabrador.cl\/wp-content\/uploads\/2025\/10\/La-U-insiste-en-no-jugar-clasico-con-la-UC-en-medio-del-sueno-sudamericano-y-la-ANFP-da-senales.jpg","type":"image\/jpeg"}],"author":"Editor","twitter_card":"summary_large_image","twitter_creator":"@ElLabradorOf","twitter_site":"@ElLabradorOf","twitter_misc":{"Escrito por":"Editor","Tiempo de lectura":"2 minutos"},"schema":{"@context":"https:\/\/schema.org","@graph":[{"@type":"Article","@id":"https:\/\/diarioellabrador.cl\/index.php\/2025\/10\/18\/la-u-insiste-en-no-jugar-clasico-con-la-uc-en-medio-del-sueno-sudamericano-y-la-anfp-da-senales\/#article","isPartOf":{"@id":"https:\/\/diarioellabrador.cl\/index.php\/2025\/10\/18\/la-u-insiste-en-no-jugar-clasico-con-la-uc-en-medio-del-sueno-sudamericano-y-la-anfp-da-senales\/"},"author":{"name":"Editor","@id":"https:\/\/diarioellabrador.cl\/#\/schema\/person\/bc25ff80b4563f9c7f4bd7855df01685"},"headline":"La U insiste en no jugar cl\u00e1sico con la UC en medio del sue\u00f1o sudamericano y la ANFP da se\u00f1ales","datePublished":"2025-10-18T20:23:42+00:00","dateModified":"2025-10-18T20:23:43+00:00","mainEntityOfPage":{"@id":"https:\/\/diarioellabrador.cl\/index.php\/2025\/10\/18\/la-u-insiste-en-no-jugar-clasico-con-la-uc-en-medio-del-sueno-sudamericano-y-la-anfp-da-senales\/"},"wordCount":295,"commentCount":0,"publisher":{"@id":"https:\/\/diarioellabrador.cl\/#organization"},"image":{"@id":"https:\/\/diarioellabrador.cl\/index.php\/2025\/10\/18\/la-u-insiste-en-no-jugar-clasico-con-la-uc-en-medio-del-sueno-sudamericano-y-la-anfp-da-senales\/#primaryimage"},"thumbnailUrl":"https:\/\/diarioellabrador.cl\/wp-content\/uploads\/2025\/10\/La-U-insiste-en-no-jugar-clasico-con-la-UC-en-medio-del-sueno-sudamericano-y-la-ANFP-da-senales.jpg","articleSection":["Deportes"],"inLanguage":"es","potentialAction":[{"@type":"CommentAction","name":"Comment","target":["https:\/\/diarioellabrador.cl\/index.php\/2025\/10\/18\/la-u-insiste-en-no-jugar-clasico-con-la-uc-en-medio-del-sueno-sudamericano-y-la-anfp-da-senales\/#respond"]}]},{"@type":"WebPage","@id":"https:\/\/diarioellabrador.cl\/index.php\/2025\/10\/18\/la-u-insiste-en-no-jugar-clasico-con-la-uc-en-medio-del-sueno-sudamericano-y-la-anfp-da-senales\/","url":"https:\/\/diarioellabrador.cl\/index.php\/2025\/10\/18\/la-u-insiste-en-no-jugar-clasico-con-la-uc-en-medio-del-sueno-sudamericano-y-la-anfp-da-senales\/","name":"La U insiste en no jugar cl\u00e1sico con la UC en medio del sue\u00f1o sudamericano y la ANFP da se\u00f1ales - Diario El Labrador","isPartOf":{"@id":"https:\/\/diarioellabrador.cl\/#website"},"primaryImageOfPage":{"@id":"https:\/\/diarioellabrador.cl\/index.php\/2025\/10\/18\/la-u-insiste-en-no-jugar-clasico-con-la-uc-en-medio-del-sueno-sudamericano-y-la-anfp-da-senales\/#primaryimage"},"image":{"@id":"https:\/\/diarioellabrador.cl\/index.php\/2025\/10\/18\/la-u-insiste-en-no-jugar-clasico-con-la-uc-en-medio-del-sueno-sudamericano-y-la-anfp-da-senales\/#primaryimage"},"thumbnailUrl":"https:\/\/diarioellabrador.cl\/wp-content\/uploads\/2025\/10\/La-U-insiste-en-no-jugar-clasico-con-la-UC-en-medio-del-sueno-sudamericano-y-la-ANFP-da-senales.jpg","datePublished":"2025-10-18T20:23:42+00:00","dateModified":"2025-10-18T20:23:43+00:00","breadcrumb":{"@id":"https:\/\/diarioellabrador.cl\/index.php\/2025\/10\/18\/la-u-insiste-en-no-jugar-clasico-con-la-uc-en-medio-del-sueno-sudamericano-y-la-anfp-da-senales\/#breadcrumb"},"inLanguage":"es","potentialAction":[{"@type":"ReadAction","target":["https:\/\/diarioellabrador.cl\/index.php\/2025\/10\/18\/la-u-insiste-en-no-jugar-clasico-con-la-uc-en-medio-del-sueno-sudamericano-y-la-anfp-da-senales\/"]}]},{"@type":"ImageObject","inLanguage":"es","@id":"https:\/\/diarioellabrador.cl\/index.php\/2025\/10\/18\/la-u-insiste-en-no-jugar-clasico-con-la-uc-en-medio-del-sueno-sudamericano-y-la-anfp-da-senales\/#primaryimage","url":"https:\/\/diarioellabrador.cl\/wp-content\/uploads\/2025\/10\/La-U-insiste-en-no-jugar-clasico-con-la-UC-en-medio-del-sueno-sudamericano-y-la-ANFP-da-senales.jpg","contentUrl":"https:\/\/diarioellabrador.cl\/wp-content\/uploads\/2025\/10\/La-U-insiste-en-no-jugar-clasico-con-la-UC-en-medio-del-sueno-sudamericano-y-la-ANFP-da-senales.jpg","width":800,"height":800},{"@type":"BreadcrumbList","@id":"https:\/\/diarioellabrador.cl\/index.php\/2025\/10\/18\/la-u-insiste-en-no-jugar-clasico-con-la-uc-en-medio-del-sueno-sudamericano-y-la-anfp-da-senales\/#breadcrumb","itemListElement":[{"@type":"ListItem","position":1,"name":"Portada","item":"https:\/\/diarioellabrador.cl\/"},{"@type":"ListItem","position":2,"name":"La U insiste en no jugar cl\u00e1sico con la UC en medio del sue\u00f1o sudamericano y la ANFP da se\u00f1ales"}]},{"@type":"WebSite","@id":"https:\/\/diarioellabrador.cl\/#website","url":"https:\/\/diarioellabrador.cl\/","name":"Diario El Labrador","description":"Haciendo noticia desde 1921","publisher":{"@id":"https:\/\/diarioellabrador.cl\/#organization"},"potentialAction":[{"@type":"SearchAction","target":{"@type":"EntryPoint","urlTemplate":"https:\/\/diarioellabrador.cl\/?s={search_term_string}"},"query-input":{"@type":"PropertyValueSpecification","valueRequired":true,"valueName":"search_term_string"}}],"inLanguage":"es"},{"@type":"Organization","@id":"https:\/\/diarioellabrador.cl\/#organization","name":"Diario El Labrador","url":"https:\/\/diarioellabrador.cl\/","logo":{"@type":"ImageObject","inLanguage":"es","@id":"https:\/\/diarioellabrador.cl\/#\/schema\/logo\/image\/","url":"https:\/\/diarioellabrador.cl\/wp-content\/uploads\/2025\/02\/cropped-Logo-Icono.png","contentUrl":"https:\/\/diarioellabrador.cl\/wp-content\/uploads\/2025\/02\/cropped-Logo-Icono.png","width":512,"height":512,"caption":"Diario El Labrador"},"image":{"@id":"https:\/\/diarioellabrador.cl\/#\/schema\/logo\/image\/"},"sameAs":["https:\/\/web.facebook.com\/profile.php?id=61576120840621","https:\/\/x.com\/ElLabradorOf","https:\/\/www.instagram.com\/diarioellabradoroficial\/"]},{"@type":"Person","@id":"https:\/\/diarioellabrador.cl\/#\/schema\/person\/bc25ff80b4563f9c7f4bd7855df01685","name":"Editor","image":{"@type":"ImageObject","inLanguage":"es","@id":"https:\/\/secure.gravatar.com\/avatar\/109c326cf2be5c04f048c2c2a2b8b6ef44bf3d8d1d3d4c55d0ac40c4bc994684?s=96&d=mm&r=g","url":"https:\/\/secure.gravatar.com\/avatar\/109c326cf2be5c04f048c2c2a2b8b6ef44bf3d8d1d3d4c55d0ac40c4bc994684?s=96&d=mm&r=g","contentUrl":"https:\/\/secure.gravatar.com\/avatar\/109c326cf2be5c04f048c2c2a2b8b6ef44bf3d8d1d3d4c55d0ac40c4bc994684?s=96&d=mm&r=g","caption":"Editor"},"url":"https:\/\/diarioellabrador.cl\/index.php\/author\/editor\/"}]}},"_links":{"self":[{"href":"https:\/\/diarioellabrador.cl\/index.php\/wp-json\/wp\/v2\/posts\/10051","targetHints":{"allow":["GET"]}}],"collection":[{"href":"https:\/\/diarioellabrador.cl\/index.php\/wp-json\/wp\/v2\/posts"}],"about":[{"href":"https:\/\/diarioellabrador.cl\/index.php\/wp-json\/wp\/v2\/types\/post"}],"author":[{"embeddable":true,"href":"https:\/\/diarioellabrador.cl\/index.php\/wp-json\/wp\/v2\/users\/2"}],"replies":[{"embeddable":true,"href":"https:\/\/diarioellabrador.cl\/index.php\/wp-json\/wp\/v2\/comments?post=10051"}],"version-history":[{"count":1,"href":"https:\/\/diarioellabrador.cl\/index.php\/wp-json\/wp\/v2\/posts\/10051\/revisions"}],"predecessor-version":[{"id":10052,"href":"https:\/\/diarioellabrador.cl\/index.php\/wp-json\/wp\/v2\/posts\/10051\/revisions\/10052"}],"wp:featuredmedia":[{"embeddable":true,"href":"https:\/\/diarioellabrador.cl\/index.php\/wp-json\/wp\/v2\/media\/10026"}],"wp:attachment":[{"href":"https:\/\/diarioellabrador.cl\/index.php\/wp-json\/wp\/v2\/media?parent=10051"}],"wp:term":[{"taxonomy":"category","embeddable":true,"href":"https:\/\/diarioellabrador.cl\/index.php\/wp-json\/wp\/v2\/categories?post=10051"},{"taxonomy":"post_tag","embeddable":true,"href":"https:\/\/diarioellabrador.cl\/index.php\/wp-json\/wp\/v2\/tags?post=10051"}],"curies":[{"name":"wp","href":"https:\/\/api.w.org\/{rel}","templated":true}]}}