{"id":10023,"date":"2025-10-18T16:23:20","date_gmt":"2025-10-18T20:23:20","guid":{"rendered":"https:\/\/diarioellabrador.cl\/?p=10023"},"modified":"2025-10-18T16:23:21","modified_gmt":"2025-10-18T20:23:21","slug":"colo-colo-es-castigado-por-el-tribunal-tras-incidentes-en-clasico-con-la-uc-evito-sancion-sin-publico","status":"publish","type":"post","link":"https:\/\/diarioellabrador.cl\/index.php\/2025\/10\/18\/colo-colo-es-castigado-por-el-tribunal-tras-incidentes-en-clasico-con-la-uc-evito-sancion-sin-publico\/","title":{"rendered":"Colo Colo es castigado por el Tribunal tras incidentes en cl\u00e1sico con la UC: evit\u00f3 sanci\u00f3n sin p\u00fablico"},"content":{"rendered":"\n<p>El a\u00f1o a\u00fan no termina, pero en <strong>Colo Colo<\/strong> ya cuentan las horas para dejar atr\u00e1s un 2025 lleno de golpes. Y aunque el plantel y la dirigencia intentan levantar cabeza, la resaca del <strong>desastroso cl\u00e1sico<\/strong> ante <strong>Universidad Cat\u00f3lica<\/strong> todav\u00eda pasa factura.<\/p>\n\n\n\n<p>A casi dos meses del 4-1 que le propin\u00f3 la UC en pleno Estadio Monumental, el <strong>Tribunal de Disciplina de la ANFP<\/strong> decidi\u00f3 <strong>castigar econ\u00f3micamente<\/strong> al \u2018Cacique\u2019 por los <strong>graves incidentes ocurridos en las tribunas<\/strong>.<\/p>\n\n\n\n<p>En concreto y de acuerdo al fallo al que tuvo acceso ADN, Colo Colo deber\u00e1 pagar una multa de 400 UF (unos <strong>16 millones de pesos<\/strong>), luego de que se comprobara el <strong>lanzamiento de proyectiles<\/strong> desde las gradas hacia la banca cruzada, alcanzando incluso a jugadores como <strong>Daniel Gonz\u00e1lez<\/strong> y <strong>Alfred Canales<\/strong>.<\/p>\n\n\n\n<h2 class=\"wp-block-heading\">Se salv\u00f3 de una sanci\u00f3n m\u00e1s dura<\/h2>\n\n\n\n<p>Si bien el castigo econ\u00f3mico es importante, pudo ser peor. Dos integrantes del tribunal, <strong>Carlos Aravena y Alejandro Musa<\/strong>, propusieron vetar el ingreso de p\u00fablico en las zonas conflictivas (<strong>galer\u00eda Norte y tribuna Caupolic\u00e1n<\/strong>) durante los pr\u00f3ximos dos partidos de local. Sin embargo, la mayor\u00eda desestim\u00f3 esa medida, permitiendo que Colo Colo siga jugando con p\u00fablico.<\/p>\n\n\n\n<p>Aun as\u00ed, la sanci\u00f3n debe cumplirse en un plazo de 15 d\u00edas tras la notificaci\u00f3n oficial. Eso s\u00ed, el club todav\u00eda tiene la opci\u00f3n de <strong>apelar<\/strong> a la Segunda Sala del Tribunal de Disciplina, una carta que podr\u00edan jugar para al menos mitigar el golpe econ\u00f3mico.<\/p>\n\n\n\n<p>El castigo, aunque no deportivo, vuelve a dejar al descubierto el <strong>complejo momento que atraviesa el Colo Colo<\/strong> tanto dentro como fuera de la cancha, en un Centenario para el olvido.<\/p>\n","protected":false},"excerpt":{"rendered":"<p>El a\u00f1o a\u00fan no termina, pero en Colo Colo ya cuentan las horas para dejar atr\u00e1s un 2025 lleno de golpes. Y aunque el plantel y la dirigencia intentan levantar cabeza, la resaca del desastroso cl\u00e1sico ante Universidad Cat\u00f3lica todav\u00eda pasa factura. A casi dos meses del 4-1 que le propin\u00f3 la UC en pleno<\/p>\n<div class=\"read-more-wrapper\"><a class=\"read-more\" href=\"https:\/\/diarioellabrador.cl\/index.php\/2025\/10\/18\/colo-colo-es-castigado-por-el-tribunal-tras-incidentes-en-clasico-con-la-uc-evito-sancion-sin-publico\/\" title=\"Leer m\u00e1s\"> <span class=\"button \">Leer m\u00e1s<\/span><\/a><\/div>\n","protected":false},"author":2,"featured_media":10024,"comment_status":"open","ping_status":"open","sticky":false,"template":"","format":"standard","meta":{"footnotes":""},"categories":[4],"tags":[],"class_list":["post-10023","post","type-post","status-publish","format-standard","has-post-thumbnail","hentry","category-deportes"],"yoast_head":"<!-- This site is optimized with the Yoast SEO plugin v27.5 - https:\/\/yoast.com\/product\/yoast-seo-wordpress\/ -->\n<title>Colo Colo es castigado por el Tribunal tras incidentes en cl\u00e1sico con la UC: evit\u00f3 sanci\u00f3n sin p\u00fablico - Diario El Labrador<\/title>\n<meta name=\"robots\" content=\"index, follow, max-snippet:-1, max-image-preview:large, max-video-preview:-1\" \/>\n<link rel=\"canonical\" href=\"https:\/\/diarioellabrador.cl\/index.php\/2025\/10\/18\/colo-colo-es-castigado-por-el-tribunal-tras-incidentes-en-clasico-con-la-uc-evito-sancion-sin-publico\/\" \/>\n<meta property=\"og:locale\" content=\"es_ES\" \/>\n<meta property=\"og:type\" content=\"article\" \/>\n<meta property=\"og:title\" content=\"Colo Colo es castigado por el Tribunal tras incidentes en cl\u00e1sico con la UC: evit\u00f3 sanci\u00f3n sin p\u00fablico - Diario El Labrador\" \/>\n<meta property=\"og:description\" content=\"El a\u00f1o a\u00fan no termina, pero en Colo Colo ya cuentan las horas para dejar atr\u00e1s un 2025 lleno de golpes. Y aunque el plantel y la dirigencia intentan levantar cabeza, la resaca del desastroso cl\u00e1sico ante Universidad Cat\u00f3lica todav\u00eda pasa factura. A casi dos meses del 4-1 que le propin\u00f3 la UC en pleno Leer m\u00e1s\" \/>\n<meta property=\"og:url\" content=\"https:\/\/diarioellabrador.cl\/index.php\/2025\/10\/18\/colo-colo-es-castigado-por-el-tribunal-tras-incidentes-en-clasico-con-la-uc-evito-sancion-sin-publico\/\" \/>\n<meta property=\"og:site_name\" content=\"Diario El Labrador\" \/>\n<meta property=\"article:publisher\" content=\"https:\/\/web.facebook.com\/profile.php?id=61576120840621\" \/>\n<meta property=\"article:published_time\" content=\"2025-10-18T20:23:20+00:00\" \/>\n<meta property=\"article:modified_time\" content=\"2025-10-18T20:23:21+00:00\" \/>\n<meta property=\"og:image\" content=\"https:\/\/diarioellabrador.cl\/wp-content\/uploads\/2025\/10\/Colo-Colo-es-castigado-por-el-Tribunal-tras-incidentes-en-clasico-con-la-UC-evito-sancion-sin-publico.jpg\" \/>\n\t<meta property=\"og:image:width\" content=\"1200\" \/>\n\t<meta property=\"og:image:height\" content=\"740\" \/>\n\t<meta property=\"og:image:type\" content=\"image\/jpeg\" \/>\n<meta name=\"author\" content=\"Editor\" \/>\n<meta name=\"twitter:card\" content=\"summary_large_image\" \/>\n<meta name=\"twitter:creator\" content=\"@ElLabradorOf\" \/>\n<meta name=\"twitter:site\" content=\"@ElLabradorOf\" \/>\n<meta name=\"twitter:label1\" content=\"Escrito por\" \/>\n\t<meta name=\"twitter:data1\" content=\"Editor\" \/>\n\t<meta name=\"twitter:label2\" content=\"Tiempo de lectura\" \/>\n\t<meta name=\"twitter:data2\" content=\"2 minutos\" \/>\n<script type=\"application\/ld+json\" class=\"yoast-schema-graph\">{\"@context\":\"https:\\\/\\\/schema.org\",\"@graph\":[{\"@type\":\"Article\",\"@id\":\"https:\\\/\\\/diarioellabrador.cl\\\/index.php\\\/2025\\\/10\\\/18\\\/colo-colo-es-castigado-por-el-tribunal-tras-incidentes-en-clasico-con-la-uc-evito-sancion-sin-publico\\\/#article\",\"isPartOf\":{\"@id\":\"https:\\\/\\\/diarioellabrador.cl\\\/index.php\\\/2025\\\/10\\\/18\\\/colo-colo-es-castigado-por-el-tribunal-tras-incidentes-en-clasico-con-la-uc-evito-sancion-sin-publico\\\/\"},\"author\":{\"name\":\"Editor\",\"@id\":\"https:\\\/\\\/diarioellabrador.cl\\\/#\\\/schema\\\/person\\\/bc25ff80b4563f9c7f4bd7855df01685\"},\"headline\":\"Colo Colo es castigado por el Tribunal tras incidentes en cl\u00e1sico con la UC: evit\u00f3 sanci\u00f3n sin p\u00fablico\",\"datePublished\":\"2025-10-18T20:23:20+00:00\",\"dateModified\":\"2025-10-18T20:23:21+00:00\",\"mainEntityOfPage\":{\"@id\":\"https:\\\/\\\/diarioellabrador.cl\\\/index.php\\\/2025\\\/10\\\/18\\\/colo-colo-es-castigado-por-el-tribunal-tras-incidentes-en-clasico-con-la-uc-evito-sancion-sin-publico\\\/\"},\"wordCount\":310,\"commentCount\":0,\"publisher\":{\"@id\":\"https:\\\/\\\/diarioellabrador.cl\\\/#organization\"},\"image\":{\"@id\":\"https:\\\/\\\/diarioellabrador.cl\\\/index.php\\\/2025\\\/10\\\/18\\\/colo-colo-es-castigado-por-el-tribunal-tras-incidentes-en-clasico-con-la-uc-evito-sancion-sin-publico\\\/#primaryimage\"},\"thumbnailUrl\":\"https:\\\/\\\/diarioellabrador.cl\\\/wp-content\\\/uploads\\\/2025\\\/10\\\/Colo-Colo-es-castigado-por-el-Tribunal-tras-incidentes-en-clasico-con-la-UC-evito-sancion-sin-publico.jpg\",\"articleSection\":[\"Deportes\"],\"inLanguage\":\"es\",\"potentialAction\":[{\"@type\":\"CommentAction\",\"name\":\"Comment\",\"target\":[\"https:\\\/\\\/diarioellabrador.cl\\\/index.php\\\/2025\\\/10\\\/18\\\/colo-colo-es-castigado-por-el-tribunal-tras-incidentes-en-clasico-con-la-uc-evito-sancion-sin-publico\\\/#respond\"]}]},{\"@type\":\"WebPage\",\"@id\":\"https:\\\/\\\/diarioellabrador.cl\\\/index.php\\\/2025\\\/10\\\/18\\\/colo-colo-es-castigado-por-el-tribunal-tras-incidentes-en-clasico-con-la-uc-evito-sancion-sin-publico\\\/\",\"url\":\"https:\\\/\\\/diarioellabrador.cl\\\/index.php\\\/2025\\\/10\\\/18\\\/colo-colo-es-castigado-por-el-tribunal-tras-incidentes-en-clasico-con-la-uc-evito-sancion-sin-publico\\\/\",\"name\":\"Colo Colo es castigado por el Tribunal tras incidentes en cl\u00e1sico con la UC: evit\u00f3 sanci\u00f3n sin p\u00fablico - Diario El Labrador\",\"isPartOf\":{\"@id\":\"https:\\\/\\\/diarioellabrador.cl\\\/#website\"},\"primaryImageOfPage\":{\"@id\":\"https:\\\/\\\/diarioellabrador.cl\\\/index.php\\\/2025\\\/10\\\/18\\\/colo-colo-es-castigado-por-el-tribunal-tras-incidentes-en-clasico-con-la-uc-evito-sancion-sin-publico\\\/#primaryimage\"},\"image\":{\"@id\":\"https:\\\/\\\/diarioellabrador.cl\\\/index.php\\\/2025\\\/10\\\/18\\\/colo-colo-es-castigado-por-el-tribunal-tras-incidentes-en-clasico-con-la-uc-evito-sancion-sin-publico\\\/#primaryimage\"},\"thumbnailUrl\":\"https:\\\/\\\/diarioellabrador.cl\\\/wp-content\\\/uploads\\\/2025\\\/10\\\/Colo-Colo-es-castigado-por-el-Tribunal-tras-incidentes-en-clasico-con-la-UC-evito-sancion-sin-publico.jpg\",\"datePublished\":\"2025-10-18T20:23:20+00:00\",\"dateModified\":\"2025-10-18T20:23:21+00:00\",\"breadcrumb\":{\"@id\":\"https:\\\/\\\/diarioellabrador.cl\\\/index.php\\\/2025\\\/10\\\/18\\\/colo-colo-es-castigado-por-el-tribunal-tras-incidentes-en-clasico-con-la-uc-evito-sancion-sin-publico\\\/#breadcrumb\"},\"inLanguage\":\"es\",\"potentialAction\":[{\"@type\":\"ReadAction\",\"target\":[\"https:\\\/\\\/diarioellabrador.cl\\\/index.php\\\/2025\\\/10\\\/18\\\/colo-colo-es-castigado-por-el-tribunal-tras-incidentes-en-clasico-con-la-uc-evito-sancion-sin-publico\\\/\"]}]},{\"@type\":\"ImageObject\",\"inLanguage\":\"es\",\"@id\":\"https:\\\/\\\/diarioellabrador.cl\\\/index.php\\\/2025\\\/10\\\/18\\\/colo-colo-es-castigado-por-el-tribunal-tras-incidentes-en-clasico-con-la-uc-evito-sancion-sin-publico\\\/#primaryimage\",\"url\":\"https:\\\/\\\/diarioellabrador.cl\\\/wp-content\\\/uploads\\\/2025\\\/10\\\/Colo-Colo-es-castigado-por-el-Tribunal-tras-incidentes-en-clasico-con-la-UC-evito-sancion-sin-publico.jpg\",\"contentUrl\":\"https:\\\/\\\/diarioellabrador.cl\\\/wp-content\\\/uploads\\\/2025\\\/10\\\/Colo-Colo-es-castigado-por-el-Tribunal-tras-incidentes-en-clasico-con-la-UC-evito-sancion-sin-publico.jpg\",\"width\":1200,\"height\":740},{\"@type\":\"BreadcrumbList\",\"@id\":\"https:\\\/\\\/diarioellabrador.cl\\\/index.php\\\/2025\\\/10\\\/18\\\/colo-colo-es-castigado-por-el-tribunal-tras-incidentes-en-clasico-con-la-uc-evito-sancion-sin-publico\\\/#breadcrumb\",\"itemListElement\":[{\"@type\":\"ListItem\",\"position\":1,\"name\":\"Portada\",\"item\":\"https:\\\/\\\/diarioellabrador.cl\\\/\"},{\"@type\":\"ListItem\",\"position\":2,\"name\":\"Colo Colo es castigado por el Tribunal tras incidentes en cl\u00e1sico con la UC: evit\u00f3 sanci\u00f3n sin p\u00fablico\"}]},{\"@type\":\"WebSite\",\"@id\":\"https:\\\/\\\/diarioellabrador.cl\\\/#website\",\"url\":\"https:\\\/\\\/diarioellabrador.cl\\\/\",\"name\":\"Diario El Labrador\",\"description\":\"Haciendo noticia desde 1921\",\"publisher\":{\"@id\":\"https:\\\/\\\/diarioellabrador.cl\\\/#organization\"},\"potentialAction\":[{\"@type\":\"SearchAction\",\"target\":{\"@type\":\"EntryPoint\",\"urlTemplate\":\"https:\\\/\\\/diarioellabrador.cl\\\/?s={search_term_string}\"},\"query-input\":{\"@type\":\"PropertyValueSpecification\",\"valueRequired\":true,\"valueName\":\"search_term_string\"}}],\"inLanguage\":\"es\"},{\"@type\":\"Organization\",\"@id\":\"https:\\\/\\\/diarioellabrador.cl\\\/#organization\",\"name\":\"Diario El Labrador\",\"url\":\"https:\\\/\\\/diarioellabrador.cl\\\/\",\"logo\":{\"@type\":\"ImageObject\",\"inLanguage\":\"es\",\"@id\":\"https:\\\/\\\/diarioellabrador.cl\\\/#\\\/schema\\\/logo\\\/image\\\/\",\"url\":\"https:\\\/\\\/diarioellabrador.cl\\\/wp-content\\\/uploads\\\/2025\\\/02\\\/cropped-Logo-Icono.png\",\"contentUrl\":\"https:\\\/\\\/diarioellabrador.cl\\\/wp-content\\\/uploads\\\/2025\\\/02\\\/cropped-Logo-Icono.png\",\"width\":512,\"height\":512,\"caption\":\"Diario El Labrador\"},\"image\":{\"@id\":\"https:\\\/\\\/diarioellabrador.cl\\\/#\\\/schema\\\/logo\\\/image\\\/\"},\"sameAs\":[\"https:\\\/\\\/web.facebook.com\\\/profile.php?id=61576120840621\",\"https:\\\/\\\/x.com\\\/ElLabradorOf\",\"https:\\\/\\\/www.instagram.com\\\/diarioellabradoroficial\\\/\"]},{\"@type\":\"Person\",\"@id\":\"https:\\\/\\\/diarioellabrador.cl\\\/#\\\/schema\\\/person\\\/bc25ff80b4563f9c7f4bd7855df01685\",\"name\":\"Editor\",\"image\":{\"@type\":\"ImageObject\",\"inLanguage\":\"es\",\"@id\":\"https:\\\/\\\/secure.gravatar.com\\\/avatar\\\/109c326cf2be5c04f048c2c2a2b8b6ef44bf3d8d1d3d4c55d0ac40c4bc994684?s=96&d=mm&r=g\",\"url\":\"https:\\\/\\\/secure.gravatar.com\\\/avatar\\\/109c326cf2be5c04f048c2c2a2b8b6ef44bf3d8d1d3d4c55d0ac40c4bc994684?s=96&d=mm&r=g\",\"contentUrl\":\"https:\\\/\\\/secure.gravatar.com\\\/avatar\\\/109c326cf2be5c04f048c2c2a2b8b6ef44bf3d8d1d3d4c55d0ac40c4bc994684?s=96&d=mm&r=g\",\"caption\":\"Editor\"},\"url\":\"https:\\\/\\\/diarioellabrador.cl\\\/index.php\\\/author\\\/editor\\\/\"}]}<\/script>\n<!-- \/ Yoast SEO plugin. -->","yoast_head_json":{"title":"Colo Colo es castigado por el Tribunal tras incidentes en cl\u00e1sico con la UC: evit\u00f3 sanci\u00f3n sin p\u00fablico - Diario El Labrador","robots":{"index":"index","follow":"follow","max-snippet":"max-snippet:-1","max-image-preview":"max-image-preview:large","max-video-preview":"max-video-preview:-1"},"canonical":"https:\/\/diarioellabrador.cl\/index.php\/2025\/10\/18\/colo-colo-es-castigado-por-el-tribunal-tras-incidentes-en-clasico-con-la-uc-evito-sancion-sin-publico\/","og_locale":"es_ES","og_type":"article","og_title":"Colo Colo es castigado por el Tribunal tras incidentes en cl\u00e1sico con la UC: evit\u00f3 sanci\u00f3n sin p\u00fablico - Diario El Labrador","og_description":"El a\u00f1o a\u00fan no termina, pero en Colo Colo ya cuentan las horas para dejar atr\u00e1s un 2025 lleno de golpes. Y aunque el plantel y la dirigencia intentan levantar cabeza, la resaca del desastroso cl\u00e1sico ante Universidad Cat\u00f3lica todav\u00eda pasa factura. A casi dos meses del 4-1 que le propin\u00f3 la UC en pleno Leer m\u00e1s","og_url":"https:\/\/diarioellabrador.cl\/index.php\/2025\/10\/18\/colo-colo-es-castigado-por-el-tribunal-tras-incidentes-en-clasico-con-la-uc-evito-sancion-sin-publico\/","og_site_name":"Diario El Labrador","article_publisher":"https:\/\/web.facebook.com\/profile.php?id=61576120840621","article_published_time":"2025-10-18T20:23:20+00:00","article_modified_time":"2025-10-18T20:23:21+00:00","og_image":[{"width":1200,"height":740,"url":"https:\/\/diarioellabrador.cl\/wp-content\/uploads\/2025\/10\/Colo-Colo-es-castigado-por-el-Tribunal-tras-incidentes-en-clasico-con-la-UC-evito-sancion-sin-publico.jpg","type":"image\/jpeg"}],"author":"Editor","twitter_card":"summary_large_image","twitter_creator":"@ElLabradorOf","twitter_site":"@ElLabradorOf","twitter_misc":{"Escrito por":"Editor","Tiempo de lectura":"2 minutos"},"schema":{"@context":"https:\/\/schema.org","@graph":[{"@type":"Article","@id":"https:\/\/diarioellabrador.cl\/index.php\/2025\/10\/18\/colo-colo-es-castigado-por-el-tribunal-tras-incidentes-en-clasico-con-la-uc-evito-sancion-sin-publico\/#article","isPartOf":{"@id":"https:\/\/diarioellabrador.cl\/index.php\/2025\/10\/18\/colo-colo-es-castigado-por-el-tribunal-tras-incidentes-en-clasico-con-la-uc-evito-sancion-sin-publico\/"},"author":{"name":"Editor","@id":"https:\/\/diarioellabrador.cl\/#\/schema\/person\/bc25ff80b4563f9c7f4bd7855df01685"},"headline":"Colo Colo es castigado por el Tribunal tras incidentes en cl\u00e1sico con la UC: evit\u00f3 sanci\u00f3n sin p\u00fablico","datePublished":"2025-10-18T20:23:20+00:00","dateModified":"2025-10-18T20:23:21+00:00","mainEntityOfPage":{"@id":"https:\/\/diarioellabrador.cl\/index.php\/2025\/10\/18\/colo-colo-es-castigado-por-el-tribunal-tras-incidentes-en-clasico-con-la-uc-evito-sancion-sin-publico\/"},"wordCount":310,"commentCount":0,"publisher":{"@id":"https:\/\/diarioellabrador.cl\/#organization"},"image":{"@id":"https:\/\/diarioellabrador.cl\/index.php\/2025\/10\/18\/colo-colo-es-castigado-por-el-tribunal-tras-incidentes-en-clasico-con-la-uc-evito-sancion-sin-publico\/#primaryimage"},"thumbnailUrl":"https:\/\/diarioellabrador.cl\/wp-content\/uploads\/2025\/10\/Colo-Colo-es-castigado-por-el-Tribunal-tras-incidentes-en-clasico-con-la-UC-evito-sancion-sin-publico.jpg","articleSection":["Deportes"],"inLanguage":"es","potentialAction":[{"@type":"CommentAction","name":"Comment","target":["https:\/\/diarioellabrador.cl\/index.php\/2025\/10\/18\/colo-colo-es-castigado-por-el-tribunal-tras-incidentes-en-clasico-con-la-uc-evito-sancion-sin-publico\/#respond"]}]},{"@type":"WebPage","@id":"https:\/\/diarioellabrador.cl\/index.php\/2025\/10\/18\/colo-colo-es-castigado-por-el-tribunal-tras-incidentes-en-clasico-con-la-uc-evito-sancion-sin-publico\/","url":"https:\/\/diarioellabrador.cl\/index.php\/2025\/10\/18\/colo-colo-es-castigado-por-el-tribunal-tras-incidentes-en-clasico-con-la-uc-evito-sancion-sin-publico\/","name":"Colo Colo es castigado por el Tribunal tras incidentes en cl\u00e1sico con la UC: evit\u00f3 sanci\u00f3n sin p\u00fablico - Diario El Labrador","isPartOf":{"@id":"https:\/\/diarioellabrador.cl\/#website"},"primaryImageOfPage":{"@id":"https:\/\/diarioellabrador.cl\/index.php\/2025\/10\/18\/colo-colo-es-castigado-por-el-tribunal-tras-incidentes-en-clasico-con-la-uc-evito-sancion-sin-publico\/#primaryimage"},"image":{"@id":"https:\/\/diarioellabrador.cl\/index.php\/2025\/10\/18\/colo-colo-es-castigado-por-el-tribunal-tras-incidentes-en-clasico-con-la-uc-evito-sancion-sin-publico\/#primaryimage"},"thumbnailUrl":"https:\/\/diarioellabrador.cl\/wp-content\/uploads\/2025\/10\/Colo-Colo-es-castigado-por-el-Tribunal-tras-incidentes-en-clasico-con-la-UC-evito-sancion-sin-publico.jpg","datePublished":"2025-10-18T20:23:20+00:00","dateModified":"2025-10-18T20:23:21+00:00","breadcrumb":{"@id":"https:\/\/diarioellabrador.cl\/index.php\/2025\/10\/18\/colo-colo-es-castigado-por-el-tribunal-tras-incidentes-en-clasico-con-la-uc-evito-sancion-sin-publico\/#breadcrumb"},"inLanguage":"es","potentialAction":[{"@type":"ReadAction","target":["https:\/\/diarioellabrador.cl\/index.php\/2025\/10\/18\/colo-colo-es-castigado-por-el-tribunal-tras-incidentes-en-clasico-con-la-uc-evito-sancion-sin-publico\/"]}]},{"@type":"ImageObject","inLanguage":"es","@id":"https:\/\/diarioellabrador.cl\/index.php\/2025\/10\/18\/colo-colo-es-castigado-por-el-tribunal-tras-incidentes-en-clasico-con-la-uc-evito-sancion-sin-publico\/#primaryimage","url":"https:\/\/diarioellabrador.cl\/wp-content\/uploads\/2025\/10\/Colo-Colo-es-castigado-por-el-Tribunal-tras-incidentes-en-clasico-con-la-UC-evito-sancion-sin-publico.jpg","contentUrl":"https:\/\/diarioellabrador.cl\/wp-content\/uploads\/2025\/10\/Colo-Colo-es-castigado-por-el-Tribunal-tras-incidentes-en-clasico-con-la-UC-evito-sancion-sin-publico.jpg","width":1200,"height":740},{"@type":"BreadcrumbList","@id":"https:\/\/diarioellabrador.cl\/index.php\/2025\/10\/18\/colo-colo-es-castigado-por-el-tribunal-tras-incidentes-en-clasico-con-la-uc-evito-sancion-sin-publico\/#breadcrumb","itemListElement":[{"@type":"ListItem","position":1,"name":"Portada","item":"https:\/\/diarioellabrador.cl\/"},{"@type":"ListItem","position":2,"name":"Colo Colo es castigado por el Tribunal tras incidentes en cl\u00e1sico con la UC: evit\u00f3 sanci\u00f3n sin p\u00fablico"}]},{"@type":"WebSite","@id":"https:\/\/diarioellabrador.cl\/#website","url":"https:\/\/diarioellabrador.cl\/","name":"Diario El Labrador","description":"Haciendo noticia desde 1921","publisher":{"@id":"https:\/\/diarioellabrador.cl\/#organization"},"potentialAction":[{"@type":"SearchAction","target":{"@type":"EntryPoint","urlTemplate":"https:\/\/diarioellabrador.cl\/?s={search_term_string}"},"query-input":{"@type":"PropertyValueSpecification","valueRequired":true,"valueName":"search_term_string"}}],"inLanguage":"es"},{"@type":"Organization","@id":"https:\/\/diarioellabrador.cl\/#organization","name":"Diario El Labrador","url":"https:\/\/diarioellabrador.cl\/","logo":{"@type":"ImageObject","inLanguage":"es","@id":"https:\/\/diarioellabrador.cl\/#\/schema\/logo\/image\/","url":"https:\/\/diarioellabrador.cl\/wp-content\/uploads\/2025\/02\/cropped-Logo-Icono.png","contentUrl":"https:\/\/diarioellabrador.cl\/wp-content\/uploads\/2025\/02\/cropped-Logo-Icono.png","width":512,"height":512,"caption":"Diario El Labrador"},"image":{"@id":"https:\/\/diarioellabrador.cl\/#\/schema\/logo\/image\/"},"sameAs":["https:\/\/web.facebook.com\/profile.php?id=61576120840621","https:\/\/x.com\/ElLabradorOf","https:\/\/www.instagram.com\/diarioellabradoroficial\/"]},{"@type":"Person","@id":"https:\/\/diarioellabrador.cl\/#\/schema\/person\/bc25ff80b4563f9c7f4bd7855df01685","name":"Editor","image":{"@type":"ImageObject","inLanguage":"es","@id":"https:\/\/secure.gravatar.com\/avatar\/109c326cf2be5c04f048c2c2a2b8b6ef44bf3d8d1d3d4c55d0ac40c4bc994684?s=96&d=mm&r=g","url":"https:\/\/secure.gravatar.com\/avatar\/109c326cf2be5c04f048c2c2a2b8b6ef44bf3d8d1d3d4c55d0ac40c4bc994684?s=96&d=mm&r=g","contentUrl":"https:\/\/secure.gravatar.com\/avatar\/109c326cf2be5c04f048c2c2a2b8b6ef44bf3d8d1d3d4c55d0ac40c4bc994684?s=96&d=mm&r=g","caption":"Editor"},"url":"https:\/\/diarioellabrador.cl\/index.php\/author\/editor\/"}]}},"_links":{"self":[{"href":"https:\/\/diarioellabrador.cl\/index.php\/wp-json\/wp\/v2\/posts\/10023","targetHints":{"allow":["GET"]}}],"collection":[{"href":"https:\/\/diarioellabrador.cl\/index.php\/wp-json\/wp\/v2\/posts"}],"about":[{"href":"https:\/\/diarioellabrador.cl\/index.php\/wp-json\/wp\/v2\/types\/post"}],"author":[{"embeddable":true,"href":"https:\/\/diarioellabrador.cl\/index.php\/wp-json\/wp\/v2\/users\/2"}],"replies":[{"embeddable":true,"href":"https:\/\/diarioellabrador.cl\/index.php\/wp-json\/wp\/v2\/comments?post=10023"}],"version-history":[{"count":1,"href":"https:\/\/diarioellabrador.cl\/index.php\/wp-json\/wp\/v2\/posts\/10023\/revisions"}],"predecessor-version":[{"id":10050,"href":"https:\/\/diarioellabrador.cl\/index.php\/wp-json\/wp\/v2\/posts\/10023\/revisions\/10050"}],"wp:featuredmedia":[{"embeddable":true,"href":"https:\/\/diarioellabrador.cl\/index.php\/wp-json\/wp\/v2\/media\/10024"}],"wp:attachment":[{"href":"https:\/\/diarioellabrador.cl\/index.php\/wp-json\/wp\/v2\/media?parent=10023"}],"wp:term":[{"taxonomy":"category","embeddable":true,"href":"https:\/\/diarioellabrador.cl\/index.php\/wp-json\/wp\/v2\/categories?post=10023"},{"taxonomy":"post_tag","embeddable":true,"href":"https:\/\/diarioellabrador.cl\/index.php\/wp-json\/wp\/v2\/tags?post=10023"}],"curies":[{"name":"wp","href":"https:\/\/api.w.org\/{rel}","templated":true}]}}