{"id":10021,"date":"2025-10-18T16:20:27","date_gmt":"2025-10-18T20:20:27","guid":{"rendered":"https:\/\/diarioellabrador.cl\/?p=10021"},"modified":"2025-10-19T12:21:37","modified_gmt":"2025-10-19T16:21:37","slug":"acusacion-constitucional","status":"publish","type":"post","link":"https:\/\/diarioellabrador.cl\/index.php\/2025\/10\/18\/acusacion-constitucional\/","title":{"rendered":"Acusaci\u00f3n Constitucional"},"content":{"rendered":"<div class=\"wp-block-image\">\n<figure class=\"alignleft size-thumbnail\"><img loading=\"lazy\" decoding=\"async\" width=\"150\" height=\"150\" src=\"https:\/\/diarioellabrador.cl\/wp-content\/uploads\/2025\/07\/348428900_1619729781827598_5488219646893788893_n-150x150.jpg\" alt=\"\" class=\"wp-image-5065\" srcset=\"https:\/\/diarioellabrador.cl\/wp-content\/uploads\/2025\/07\/348428900_1619729781827598_5488219646893788893_n-150x150.jpg 150w, https:\/\/diarioellabrador.cl\/wp-content\/uploads\/2025\/07\/348428900_1619729781827598_5488219646893788893_n-300x300.jpg 300w, https:\/\/diarioellabrador.cl\/wp-content\/uploads\/2025\/07\/348428900_1619729781827598_5488219646893788893_n-95x95.jpg 95w, https:\/\/diarioellabrador.cl\/wp-content\/uploads\/2025\/07\/348428900_1619729781827598_5488219646893788893_n-140x140.jpg 140w, https:\/\/diarioellabrador.cl\/wp-content\/uploads\/2025\/07\/348428900_1619729781827598_5488219646893788893_n-400x400.jpg 400w, https:\/\/diarioellabrador.cl\/wp-content\/uploads\/2025\/07\/348428900_1619729781827598_5488219646893788893_n.jpg 535w\" sizes=\"auto, (max-width: 150px) 100vw, 150px\" \/><\/figure>\n<\/div>\n\n\n<p><\/p>\n\n\n\n<p><\/p>\n\n\n\n<p>Nelson Retamales Tirado<\/p>\n\n\n\n<p>La&nbsp;acusaci\u00f3n constitucional, en simple, es un proceso que busca sancionar a las altas autoridades que se\u00f1ala la Constituci\u00f3n Pol\u00edtica de la Rep\u00fablica (CPR) y es un&nbsp;<a href=\"https:\/\/es.wikipedia.org\/wiki\/Proceso_jurisdiccional\">proceso<\/a>&nbsp;<a href=\"https:\/\/es.wikipedia.org\/wiki\/Derecho_procesal_constitucional\">constitucional<\/a>, de naturaleza&nbsp;<a href=\"https:\/\/es.wikipedia.org\/wiki\/Derecho\">jur\u00eddico<\/a>&#8211;<a href=\"https:\/\/es.wikipedia.org\/wiki\/Pol%C3%ADtica\">pol\u00edtica<\/a> que nace en la C\u00e1mara de Diputados y, de prosperar, termina con el fallo del Senado que resolver\u00e1 como jurado y que s\u00f3lo se limitar\u00e1 a declarar si el acusado es o no culpable, sin entrar al fondo del asunto discutido en la C\u00e1mara. En general, las causales son, comprometer gravemente el honor o la seguridad de la Naci\u00f3n e infringir abiertamente la Constituci\u00f3n y las leyes, entre otras para jerarqu\u00edas secundarias.<\/p>\n\n\n\n<p>Cuando ocurre un hecho de los se\u00f1alados como causal, no menos de 10 ni m\u00e1s de 20 diputados pueden presentar la acusaci\u00f3n, la que podr\u00eda, luego del proceso de deliberaci\u00f3n -incluidas las respectivas defensas- no aprobarse y terminar en esa etapa y por tanto fracasar o, en el caso contrario, pasar al Senado.<\/p>\n\n\n\n<p>En este per\u00edodo de gobierno se han presentado varias acusaciones constitucionales y han fracasado, exclusivamente, porque los votos no requieren ser jur\u00eddicamente -sino pol\u00edticamente- fundados, y eso le resta seriedad al proceso pues queda al arbitrio de los parlamentarios, importando m\u00e1s de qu\u00e9 sector es el acusado, que el real fundamento de la acusaci\u00f3n y el da\u00f1o que le pudieron haber infligido a la Naci\u00f3n.<\/p>\n\n\n\n<p>Por ello, diversas altas autoridades -hasta la m\u00e1s- realizan gestiones, presionan para tratar de conseguir votos para alterar la libre decisi\u00f3n y, es en esa gesti\u00f3n, cuando se desvirt\u00faa la seriedad del proceso pues, incluso, hay acusadores que, con el solo hecho de que el acusado renuncie a su cargo, retiran la acusaci\u00f3n dejando sin persecuci\u00f3n la eventual infracci\u00f3n por la que fueron acusados y en eso caen, izquierdas y derechas porque los extremos se unen y, cuando lo hacen, no se puede distinguir entre uno y otro sector, pues sus acciones son similares y ninguna, pensando en el ciudadano com\u00fan.<\/p>\n\n\n\n<p>Podr\u00e1 un entendido decirme que eso es econom\u00eda procesal y que los tiempos que se ahorren en discutir, se destinar\u00e1n a legislar en beneficio de la gente, pero\u2026 \u00a1a otro perro con ese hueso! Si la acusaci\u00f3n es seria, entonces debe llevarse hasta el final y, de aprobarse, el acusado sufrir\u00e1 cinco a\u00f1os de suspensi\u00f3n de empleos p\u00fablicos como ocurri\u00f3 con Yasna Provoste (Bachelet) y Harald Beyer (Pi\u00f1era) y, si no es seria, sino meramente pol\u00edtica, como suele ocurrir, lamentablemente producir\u00e1 los mismos efectos.<\/p>\n\n\n\n<p>En el derecho administrativo, los procesos llegan hasta el final, haya o no renunciado el perseguido -renuncia que s\u00f3lo se puede retener por 30 d\u00edas- y de resultar sancionado, se le anotar\u00e1 en su hoja de vida que lleva la Contralor\u00eda y le afectar\u00e1 donde quiera que se haya ido, dentro del sector p\u00fablico.<\/p>\n\n\n\n<p>&nbsp;&nbsp;&nbsp;&nbsp;&nbsp;&nbsp;&nbsp;&nbsp;&nbsp;&nbsp;&nbsp; El reciente caso Pardow y el errado c\u00e1lculo de las tarifas el\u00e9ctricas que afectaron la econom\u00eda familiar a partir de un IPC err\u00f3neo, es claro ejemplo. Si bien Pardow no es responsable de la f\u00f3rmula de c\u00e1lculo, debe responder porque no aplic\u00f3 controles destinados a verificar que todo estaba bien y se dej\u00f3 llevar por la maldita costumbre del chileno \u201csiempre se ha hecho as\u00ed.\u201d.<\/p>\n","protected":false},"excerpt":{"rendered":"<p>Nelson Retamales Tirado La&nbsp;acusaci\u00f3n constitucional, en simple, es un proceso que busca sancionar a las altas autoridades que se\u00f1ala la Constituci\u00f3n Pol\u00edtica de la Rep\u00fablica (CPR) y es un&nbsp;proceso&nbsp;constitucional, de naturaleza&nbsp;jur\u00eddico&#8211;pol\u00edtica que nace en la C\u00e1mara de Diputados y, de prosperar, termina con el fallo del Senado que resolver\u00e1 como jurado y que s\u00f3lo se<\/p>\n<div class=\"read-more-wrapper\"><a class=\"read-more\" href=\"https:\/\/diarioellabrador.cl\/index.php\/2025\/10\/18\/acusacion-constitucional\/\" title=\"Leer m\u00e1s\"> <span class=\"button \">Leer m\u00e1s<\/span><\/a><\/div>\n","protected":false},"author":2,"featured_media":10096,"comment_status":"open","ping_status":"open","sticky":false,"template":"","format":"standard","meta":{"footnotes":""},"categories":[9],"tags":[],"class_list":["post-10021","post","type-post","status-publish","format-standard","has-post-thumbnail","hentry","category-opinion"],"yoast_head":"<!-- This site is optimized with the Yoast SEO plugin v27.5 - https:\/\/yoast.com\/product\/yoast-seo-wordpress\/ -->\n<title>Acusaci\u00f3n Constitucional - Diario El Labrador<\/title>\n<meta name=\"robots\" content=\"index, follow, max-snippet:-1, max-image-preview:large, max-video-preview:-1\" \/>\n<link rel=\"canonical\" href=\"https:\/\/diarioellabrador.cl\/index.php\/2025\/10\/18\/acusacion-constitucional\/\" \/>\n<meta property=\"og:locale\" content=\"es_ES\" \/>\n<meta property=\"og:type\" content=\"article\" \/>\n<meta property=\"og:title\" content=\"Acusaci\u00f3n Constitucional - Diario El Labrador\" \/>\n<meta property=\"og:description\" content=\"Nelson Retamales Tirado La&nbsp;acusaci\u00f3n constitucional, en simple, es un proceso que busca sancionar a las altas autoridades que se\u00f1ala la Constituci\u00f3n Pol\u00edtica de la Rep\u00fablica (CPR) y es un&nbsp;proceso&nbsp;constitucional, de naturaleza&nbsp;jur\u00eddico&#8211;pol\u00edtica que nace en la C\u00e1mara de Diputados y, de prosperar, termina con el fallo del Senado que resolver\u00e1 como jurado y que s\u00f3lo se Leer m\u00e1s\" \/>\n<meta property=\"og:url\" content=\"https:\/\/diarioellabrador.cl\/index.php\/2025\/10\/18\/acusacion-constitucional\/\" \/>\n<meta property=\"og:site_name\" content=\"Diario El Labrador\" \/>\n<meta property=\"article:publisher\" content=\"https:\/\/web.facebook.com\/profile.php?id=61576120840621\" \/>\n<meta property=\"article:published_time\" content=\"2025-10-18T20:20:27+00:00\" \/>\n<meta property=\"article:modified_time\" content=\"2025-10-19T16:21:37+00:00\" \/>\n<meta property=\"og:image\" content=\"https:\/\/diarioellabrador.cl\/wp-content\/uploads\/2025\/10\/Image-19-oct-2025-13_19_16.png\" \/>\n\t<meta property=\"og:image:width\" content=\"1350\" \/>\n\t<meta property=\"og:image:height\" content=\"940\" \/>\n\t<meta property=\"og:image:type\" content=\"image\/png\" \/>\n<meta name=\"author\" content=\"Editor\" \/>\n<meta name=\"twitter:card\" content=\"summary_large_image\" \/>\n<meta name=\"twitter:creator\" content=\"@ElLabradorOf\" \/>\n<meta name=\"twitter:site\" content=\"@ElLabradorOf\" \/>\n<meta name=\"twitter:label1\" content=\"Escrito por\" \/>\n\t<meta name=\"twitter:data1\" content=\"Editor\" \/>\n\t<meta name=\"twitter:label2\" content=\"Tiempo de lectura\" \/>\n\t<meta name=\"twitter:data2\" content=\"3 minutos\" \/>\n<script type=\"application\/ld+json\" class=\"yoast-schema-graph\">{\"@context\":\"https:\\\/\\\/schema.org\",\"@graph\":[{\"@type\":\"Article\",\"@id\":\"https:\\\/\\\/diarioellabrador.cl\\\/index.php\\\/2025\\\/10\\\/18\\\/acusacion-constitucional\\\/#article\",\"isPartOf\":{\"@id\":\"https:\\\/\\\/diarioellabrador.cl\\\/index.php\\\/2025\\\/10\\\/18\\\/acusacion-constitucional\\\/\"},\"author\":{\"name\":\"Editor\",\"@id\":\"https:\\\/\\\/diarioellabrador.cl\\\/#\\\/schema\\\/person\\\/bc25ff80b4563f9c7f4bd7855df01685\"},\"headline\":\"Acusaci\u00f3n Constitucional\",\"datePublished\":\"2025-10-18T20:20:27+00:00\",\"dateModified\":\"2025-10-19T16:21:37+00:00\",\"mainEntityOfPage\":{\"@id\":\"https:\\\/\\\/diarioellabrador.cl\\\/index.php\\\/2025\\\/10\\\/18\\\/acusacion-constitucional\\\/\"},\"wordCount\":595,\"commentCount\":0,\"publisher\":{\"@id\":\"https:\\\/\\\/diarioellabrador.cl\\\/#organization\"},\"image\":{\"@id\":\"https:\\\/\\\/diarioellabrador.cl\\\/index.php\\\/2025\\\/10\\\/18\\\/acusacion-constitucional\\\/#primaryimage\"},\"thumbnailUrl\":\"https:\\\/\\\/diarioellabrador.cl\\\/wp-content\\\/uploads\\\/2025\\\/10\\\/Image-19-oct-2025-13_19_16.png\",\"articleSection\":[\"Opini\u00f3n\"],\"inLanguage\":\"es\",\"potentialAction\":[{\"@type\":\"CommentAction\",\"name\":\"Comment\",\"target\":[\"https:\\\/\\\/diarioellabrador.cl\\\/index.php\\\/2025\\\/10\\\/18\\\/acusacion-constitucional\\\/#respond\"]}]},{\"@type\":\"WebPage\",\"@id\":\"https:\\\/\\\/diarioellabrador.cl\\\/index.php\\\/2025\\\/10\\\/18\\\/acusacion-constitucional\\\/\",\"url\":\"https:\\\/\\\/diarioellabrador.cl\\\/index.php\\\/2025\\\/10\\\/18\\\/acusacion-constitucional\\\/\",\"name\":\"Acusaci\u00f3n Constitucional - Diario El Labrador\",\"isPartOf\":{\"@id\":\"https:\\\/\\\/diarioellabrador.cl\\\/#website\"},\"primaryImageOfPage\":{\"@id\":\"https:\\\/\\\/diarioellabrador.cl\\\/index.php\\\/2025\\\/10\\\/18\\\/acusacion-constitucional\\\/#primaryimage\"},\"image\":{\"@id\":\"https:\\\/\\\/diarioellabrador.cl\\\/index.php\\\/2025\\\/10\\\/18\\\/acusacion-constitucional\\\/#primaryimage\"},\"thumbnailUrl\":\"https:\\\/\\\/diarioellabrador.cl\\\/wp-content\\\/uploads\\\/2025\\\/10\\\/Image-19-oct-2025-13_19_16.png\",\"datePublished\":\"2025-10-18T20:20:27+00:00\",\"dateModified\":\"2025-10-19T16:21:37+00:00\",\"breadcrumb\":{\"@id\":\"https:\\\/\\\/diarioellabrador.cl\\\/index.php\\\/2025\\\/10\\\/18\\\/acusacion-constitucional\\\/#breadcrumb\"},\"inLanguage\":\"es\",\"potentialAction\":[{\"@type\":\"ReadAction\",\"target\":[\"https:\\\/\\\/diarioellabrador.cl\\\/index.php\\\/2025\\\/10\\\/18\\\/acusacion-constitucional\\\/\"]}]},{\"@type\":\"ImageObject\",\"inLanguage\":\"es\",\"@id\":\"https:\\\/\\\/diarioellabrador.cl\\\/index.php\\\/2025\\\/10\\\/18\\\/acusacion-constitucional\\\/#primaryimage\",\"url\":\"https:\\\/\\\/diarioellabrador.cl\\\/wp-content\\\/uploads\\\/2025\\\/10\\\/Image-19-oct-2025-13_19_16.png\",\"contentUrl\":\"https:\\\/\\\/diarioellabrador.cl\\\/wp-content\\\/uploads\\\/2025\\\/10\\\/Image-19-oct-2025-13_19_16.png\",\"width\":1350,\"height\":940},{\"@type\":\"BreadcrumbList\",\"@id\":\"https:\\\/\\\/diarioellabrador.cl\\\/index.php\\\/2025\\\/10\\\/18\\\/acusacion-constitucional\\\/#breadcrumb\",\"itemListElement\":[{\"@type\":\"ListItem\",\"position\":1,\"name\":\"Portada\",\"item\":\"https:\\\/\\\/diarioellabrador.cl\\\/\"},{\"@type\":\"ListItem\",\"position\":2,\"name\":\"Acusaci\u00f3n Constitucional\"}]},{\"@type\":\"WebSite\",\"@id\":\"https:\\\/\\\/diarioellabrador.cl\\\/#website\",\"url\":\"https:\\\/\\\/diarioellabrador.cl\\\/\",\"name\":\"Diario El Labrador\",\"description\":\"Haciendo noticia desde 1921\",\"publisher\":{\"@id\":\"https:\\\/\\\/diarioellabrador.cl\\\/#organization\"},\"potentialAction\":[{\"@type\":\"SearchAction\",\"target\":{\"@type\":\"EntryPoint\",\"urlTemplate\":\"https:\\\/\\\/diarioellabrador.cl\\\/?s={search_term_string}\"},\"query-input\":{\"@type\":\"PropertyValueSpecification\",\"valueRequired\":true,\"valueName\":\"search_term_string\"}}],\"inLanguage\":\"es\"},{\"@type\":\"Organization\",\"@id\":\"https:\\\/\\\/diarioellabrador.cl\\\/#organization\",\"name\":\"Diario El Labrador\",\"url\":\"https:\\\/\\\/diarioellabrador.cl\\\/\",\"logo\":{\"@type\":\"ImageObject\",\"inLanguage\":\"es\",\"@id\":\"https:\\\/\\\/diarioellabrador.cl\\\/#\\\/schema\\\/logo\\\/image\\\/\",\"url\":\"https:\\\/\\\/diarioellabrador.cl\\\/wp-content\\\/uploads\\\/2025\\\/02\\\/cropped-Logo-Icono.png\",\"contentUrl\":\"https:\\\/\\\/diarioellabrador.cl\\\/wp-content\\\/uploads\\\/2025\\\/02\\\/cropped-Logo-Icono.png\",\"width\":512,\"height\":512,\"caption\":\"Diario El Labrador\"},\"image\":{\"@id\":\"https:\\\/\\\/diarioellabrador.cl\\\/#\\\/schema\\\/logo\\\/image\\\/\"},\"sameAs\":[\"https:\\\/\\\/web.facebook.com\\\/profile.php?id=61576120840621\",\"https:\\\/\\\/x.com\\\/ElLabradorOf\",\"https:\\\/\\\/www.instagram.com\\\/diarioellabradoroficial\\\/\"]},{\"@type\":\"Person\",\"@id\":\"https:\\\/\\\/diarioellabrador.cl\\\/#\\\/schema\\\/person\\\/bc25ff80b4563f9c7f4bd7855df01685\",\"name\":\"Editor\",\"image\":{\"@type\":\"ImageObject\",\"inLanguage\":\"es\",\"@id\":\"https:\\\/\\\/secure.gravatar.com\\\/avatar\\\/109c326cf2be5c04f048c2c2a2b8b6ef44bf3d8d1d3d4c55d0ac40c4bc994684?s=96&d=mm&r=g\",\"url\":\"https:\\\/\\\/secure.gravatar.com\\\/avatar\\\/109c326cf2be5c04f048c2c2a2b8b6ef44bf3d8d1d3d4c55d0ac40c4bc994684?s=96&d=mm&r=g\",\"contentUrl\":\"https:\\\/\\\/secure.gravatar.com\\\/avatar\\\/109c326cf2be5c04f048c2c2a2b8b6ef44bf3d8d1d3d4c55d0ac40c4bc994684?s=96&d=mm&r=g\",\"caption\":\"Editor\"},\"url\":\"https:\\\/\\\/diarioellabrador.cl\\\/index.php\\\/author\\\/editor\\\/\"}]}<\/script>\n<!-- \/ Yoast SEO plugin. -->","yoast_head_json":{"title":"Acusaci\u00f3n Constitucional - Diario El Labrador","robots":{"index":"index","follow":"follow","max-snippet":"max-snippet:-1","max-image-preview":"max-image-preview:large","max-video-preview":"max-video-preview:-1"},"canonical":"https:\/\/diarioellabrador.cl\/index.php\/2025\/10\/18\/acusacion-constitucional\/","og_locale":"es_ES","og_type":"article","og_title":"Acusaci\u00f3n Constitucional - Diario El Labrador","og_description":"Nelson Retamales Tirado La&nbsp;acusaci\u00f3n constitucional, en simple, es un proceso que busca sancionar a las altas autoridades que se\u00f1ala la Constituci\u00f3n Pol\u00edtica de la Rep\u00fablica (CPR) y es un&nbsp;proceso&nbsp;constitucional, de naturaleza&nbsp;jur\u00eddico&#8211;pol\u00edtica que nace en la C\u00e1mara de Diputados y, de prosperar, termina con el fallo del Senado que resolver\u00e1 como jurado y que s\u00f3lo se Leer m\u00e1s","og_url":"https:\/\/diarioellabrador.cl\/index.php\/2025\/10\/18\/acusacion-constitucional\/","og_site_name":"Diario El Labrador","article_publisher":"https:\/\/web.facebook.com\/profile.php?id=61576120840621","article_published_time":"2025-10-18T20:20:27+00:00","article_modified_time":"2025-10-19T16:21:37+00:00","og_image":[{"width":1350,"height":940,"url":"https:\/\/diarioellabrador.cl\/wp-content\/uploads\/2025\/10\/Image-19-oct-2025-13_19_16.png","type":"image\/png"}],"author":"Editor","twitter_card":"summary_large_image","twitter_creator":"@ElLabradorOf","twitter_site":"@ElLabradorOf","twitter_misc":{"Escrito por":"Editor","Tiempo de lectura":"3 minutos"},"schema":{"@context":"https:\/\/schema.org","@graph":[{"@type":"Article","@id":"https:\/\/diarioellabrador.cl\/index.php\/2025\/10\/18\/acusacion-constitucional\/#article","isPartOf":{"@id":"https:\/\/diarioellabrador.cl\/index.php\/2025\/10\/18\/acusacion-constitucional\/"},"author":{"name":"Editor","@id":"https:\/\/diarioellabrador.cl\/#\/schema\/person\/bc25ff80b4563f9c7f4bd7855df01685"},"headline":"Acusaci\u00f3n Constitucional","datePublished":"2025-10-18T20:20:27+00:00","dateModified":"2025-10-19T16:21:37+00:00","mainEntityOfPage":{"@id":"https:\/\/diarioellabrador.cl\/index.php\/2025\/10\/18\/acusacion-constitucional\/"},"wordCount":595,"commentCount":0,"publisher":{"@id":"https:\/\/diarioellabrador.cl\/#organization"},"image":{"@id":"https:\/\/diarioellabrador.cl\/index.php\/2025\/10\/18\/acusacion-constitucional\/#primaryimage"},"thumbnailUrl":"https:\/\/diarioellabrador.cl\/wp-content\/uploads\/2025\/10\/Image-19-oct-2025-13_19_16.png","articleSection":["Opini\u00f3n"],"inLanguage":"es","potentialAction":[{"@type":"CommentAction","name":"Comment","target":["https:\/\/diarioellabrador.cl\/index.php\/2025\/10\/18\/acusacion-constitucional\/#respond"]}]},{"@type":"WebPage","@id":"https:\/\/diarioellabrador.cl\/index.php\/2025\/10\/18\/acusacion-constitucional\/","url":"https:\/\/diarioellabrador.cl\/index.php\/2025\/10\/18\/acusacion-constitucional\/","name":"Acusaci\u00f3n Constitucional - Diario El Labrador","isPartOf":{"@id":"https:\/\/diarioellabrador.cl\/#website"},"primaryImageOfPage":{"@id":"https:\/\/diarioellabrador.cl\/index.php\/2025\/10\/18\/acusacion-constitucional\/#primaryimage"},"image":{"@id":"https:\/\/diarioellabrador.cl\/index.php\/2025\/10\/18\/acusacion-constitucional\/#primaryimage"},"thumbnailUrl":"https:\/\/diarioellabrador.cl\/wp-content\/uploads\/2025\/10\/Image-19-oct-2025-13_19_16.png","datePublished":"2025-10-18T20:20:27+00:00","dateModified":"2025-10-19T16:21:37+00:00","breadcrumb":{"@id":"https:\/\/diarioellabrador.cl\/index.php\/2025\/10\/18\/acusacion-constitucional\/#breadcrumb"},"inLanguage":"es","potentialAction":[{"@type":"ReadAction","target":["https:\/\/diarioellabrador.cl\/index.php\/2025\/10\/18\/acusacion-constitucional\/"]}]},{"@type":"ImageObject","inLanguage":"es","@id":"https:\/\/diarioellabrador.cl\/index.php\/2025\/10\/18\/acusacion-constitucional\/#primaryimage","url":"https:\/\/diarioellabrador.cl\/wp-content\/uploads\/2025\/10\/Image-19-oct-2025-13_19_16.png","contentUrl":"https:\/\/diarioellabrador.cl\/wp-content\/uploads\/2025\/10\/Image-19-oct-2025-13_19_16.png","width":1350,"height":940},{"@type":"BreadcrumbList","@id":"https:\/\/diarioellabrador.cl\/index.php\/2025\/10\/18\/acusacion-constitucional\/#breadcrumb","itemListElement":[{"@type":"ListItem","position":1,"name":"Portada","item":"https:\/\/diarioellabrador.cl\/"},{"@type":"ListItem","position":2,"name":"Acusaci\u00f3n Constitucional"}]},{"@type":"WebSite","@id":"https:\/\/diarioellabrador.cl\/#website","url":"https:\/\/diarioellabrador.cl\/","name":"Diario El Labrador","description":"Haciendo noticia desde 1921","publisher":{"@id":"https:\/\/diarioellabrador.cl\/#organization"},"potentialAction":[{"@type":"SearchAction","target":{"@type":"EntryPoint","urlTemplate":"https:\/\/diarioellabrador.cl\/?s={search_term_string}"},"query-input":{"@type":"PropertyValueSpecification","valueRequired":true,"valueName":"search_term_string"}}],"inLanguage":"es"},{"@type":"Organization","@id":"https:\/\/diarioellabrador.cl\/#organization","name":"Diario El Labrador","url":"https:\/\/diarioellabrador.cl\/","logo":{"@type":"ImageObject","inLanguage":"es","@id":"https:\/\/diarioellabrador.cl\/#\/schema\/logo\/image\/","url":"https:\/\/diarioellabrador.cl\/wp-content\/uploads\/2025\/02\/cropped-Logo-Icono.png","contentUrl":"https:\/\/diarioellabrador.cl\/wp-content\/uploads\/2025\/02\/cropped-Logo-Icono.png","width":512,"height":512,"caption":"Diario El Labrador"},"image":{"@id":"https:\/\/diarioellabrador.cl\/#\/schema\/logo\/image\/"},"sameAs":["https:\/\/web.facebook.com\/profile.php?id=61576120840621","https:\/\/x.com\/ElLabradorOf","https:\/\/www.instagram.com\/diarioellabradoroficial\/"]},{"@type":"Person","@id":"https:\/\/diarioellabrador.cl\/#\/schema\/person\/bc25ff80b4563f9c7f4bd7855df01685","name":"Editor","image":{"@type":"ImageObject","inLanguage":"es","@id":"https:\/\/secure.gravatar.com\/avatar\/109c326cf2be5c04f048c2c2a2b8b6ef44bf3d8d1d3d4c55d0ac40c4bc994684?s=96&d=mm&r=g","url":"https:\/\/secure.gravatar.com\/avatar\/109c326cf2be5c04f048c2c2a2b8b6ef44bf3d8d1d3d4c55d0ac40c4bc994684?s=96&d=mm&r=g","contentUrl":"https:\/\/secure.gravatar.com\/avatar\/109c326cf2be5c04f048c2c2a2b8b6ef44bf3d8d1d3d4c55d0ac40c4bc994684?s=96&d=mm&r=g","caption":"Editor"},"url":"https:\/\/diarioellabrador.cl\/index.php\/author\/editor\/"}]}},"_links":{"self":[{"href":"https:\/\/diarioellabrador.cl\/index.php\/wp-json\/wp\/v2\/posts\/10021","targetHints":{"allow":["GET"]}}],"collection":[{"href":"https:\/\/diarioellabrador.cl\/index.php\/wp-json\/wp\/v2\/posts"}],"about":[{"href":"https:\/\/diarioellabrador.cl\/index.php\/wp-json\/wp\/v2\/types\/post"}],"author":[{"embeddable":true,"href":"https:\/\/diarioellabrador.cl\/index.php\/wp-json\/wp\/v2\/users\/2"}],"replies":[{"embeddable":true,"href":"https:\/\/diarioellabrador.cl\/index.php\/wp-json\/wp\/v2\/comments?post=10021"}],"version-history":[{"count":3,"href":"https:\/\/diarioellabrador.cl\/index.php\/wp-json\/wp\/v2\/posts\/10021\/revisions"}],"predecessor-version":[{"id":10404,"href":"https:\/\/diarioellabrador.cl\/index.php\/wp-json\/wp\/v2\/posts\/10021\/revisions\/10404"}],"wp:featuredmedia":[{"embeddable":true,"href":"https:\/\/diarioellabrador.cl\/index.php\/wp-json\/wp\/v2\/media\/10096"}],"wp:attachment":[{"href":"https:\/\/diarioellabrador.cl\/index.php\/wp-json\/wp\/v2\/media?parent=10021"}],"wp:term":[{"taxonomy":"category","embeddable":true,"href":"https:\/\/diarioellabrador.cl\/index.php\/wp-json\/wp\/v2\/categories?post=10021"},{"taxonomy":"post_tag","embeddable":true,"href":"https:\/\/diarioellabrador.cl\/index.php\/wp-json\/wp\/v2\/tags?post=10021"}],"curies":[{"name":"wp","href":"https:\/\/api.w.org\/{rel}","templated":true}]}}