{"id":10005,"date":"2025-10-16T17:57:13","date_gmt":"2025-10-16T21:57:13","guid":{"rendered":"https:\/\/diarioellabrador.cl\/?p=10005"},"modified":"2025-10-16T17:57:15","modified_gmt":"2025-10-16T21:57:15","slug":"delegacion-presidencial-provincial-impulsa-reunion-de-coordinacion-para-evaluar-salidas-de-emergencia-ante-eventuales-contingencias-en-temporada-de-incendios-forestales-en-melipilla","status":"publish","type":"post","link":"https:\/\/diarioellabrador.cl\/index.php\/2025\/10\/16\/delegacion-presidencial-provincial-impulsa-reunion-de-coordinacion-para-evaluar-salidas-de-emergencia-ante-eventuales-contingencias-en-temporada-de-incendios-forestales-en-melipilla\/","title":{"rendered":"Delegaci\u00f3n Presidencial Provincial impulsa reuni\u00f3n de coordinaci\u00f3n para evaluar salidas de emergencia ante eventuales contingencias en temporada de Incendios Forestales en Melipilla"},"content":{"rendered":"\n<ul class=\"wp-block-list\">\n<li><strong>La instancia reuni\u00f3 a representantes de los principales organismos de emergencia y seguridad, de esta forma planificar de manera conjunta rutas y medidas de respuesta ante posibles contingencias durante la temporada de incendios forestales.<\/strong><\/li>\n<\/ul>\n\n\n\n<p>Con el objetivo de fortalecer la preparaci\u00f3n y respuesta ante la temporada de incendios forestales, el Delegado Presidencial Provincial de Melipilla, Basti\u00e1n Alarc\u00f3n, junto al equipo de emergencias de la instituci\u00f3n, encabezaron una reuni\u00f3n de coordinaci\u00f3n con los distintos organismos de emergencia y seguridad de la comuna, con el prop\u00f3sito de definir rutas y protocolos de salida ante eventuales emergencias en la comuna, instancia donde estuvo presente, Polic\u00eda de Investigaciones, Vialidad, Carabineros, Bomberos, Municipalidad de Melipilla y Variante Rapel.<\/p>\n\n\n\n<p>El delegado provincial, Basti\u00e1n Alarc\u00f3n, explic\u00f3 que uno de los puntos cr\u00edticos identificados es el Puente Ingeniero Marambio, considerado una de las principales zonas de embotellamiento y \u00fanica v\u00eda de conexi\u00f3n hacia el sector rural sur de la comuna.<\/p>\n\n\n\n<p>\u201cTuvimos una importante reuni\u00f3n de coordinaci\u00f3n ante eventuales contingencias con nuestro departamento de emergencias de Delegaci\u00f3n Presidencial Provincial, la comandancia de Bomberos, Polic\u00eda de Investigaciones, Carabineros, personal de la variante Rapel y encargado de emergencias de la comuna de Melipilla. La instancia tuvo como fin de aunar criterios y objetivos para trazar posibles rutas de salida ante eventuales emergencias, y tambi\u00e9n cu\u00e1les van a ser los criterios, habilitaciones y puntos claves\u201d.<\/p>\n\n\n\n<figure class=\"wp-block-image size-large\"><img loading=\"lazy\" decoding=\"async\" width=\"1024\" height=\"768\" src=\"https:\/\/diarioellabrador.cl\/wp-content\/uploads\/2025\/10\/Delegacion-Presidencial-Provincial-impulsa-reunion-de-coordinacion-para-evaluar-salidas-de-emergencia-ante-eventuales-contingencias-en-temporada-de-Incendios-Forestales-en-Melipilla-3-1024x768.jpeg\" alt=\"\" class=\"wp-image-9941\" srcset=\"https:\/\/diarioellabrador.cl\/wp-content\/uploads\/2025\/10\/Delegacion-Presidencial-Provincial-impulsa-reunion-de-coordinacion-para-evaluar-salidas-de-emergencia-ante-eventuales-contingencias-en-temporada-de-Incendios-Forestales-en-Melipilla-3-1024x768.jpeg 1024w, https:\/\/diarioellabrador.cl\/wp-content\/uploads\/2025\/10\/Delegacion-Presidencial-Provincial-impulsa-reunion-de-coordinacion-para-evaluar-salidas-de-emergencia-ante-eventuales-contingencias-en-temporada-de-Incendios-Forestales-en-Melipilla-3-300x225.jpeg 300w, https:\/\/diarioellabrador.cl\/wp-content\/uploads\/2025\/10\/Delegacion-Presidencial-Provincial-impulsa-reunion-de-coordinacion-para-evaluar-salidas-de-emergencia-ante-eventuales-contingencias-en-temporada-de-Incendios-Forestales-en-Melipilla-3-768x576.jpeg 768w, https:\/\/diarioellabrador.cl\/wp-content\/uploads\/2025\/10\/Delegacion-Presidencial-Provincial-impulsa-reunion-de-coordinacion-para-evaluar-salidas-de-emergencia-ante-eventuales-contingencias-en-temporada-de-Incendios-Forestales-en-Melipilla-3-800x600.jpeg 800w, https:\/\/diarioellabrador.cl\/wp-content\/uploads\/2025\/10\/Delegacion-Presidencial-Provincial-impulsa-reunion-de-coordinacion-para-evaluar-salidas-de-emergencia-ante-eventuales-contingencias-en-temporada-de-Incendios-Forestales-en-Melipilla-3-600x450.jpeg 600w, https:\/\/diarioellabrador.cl\/wp-content\/uploads\/2025\/10\/Delegacion-Presidencial-Provincial-impulsa-reunion-de-coordinacion-para-evaluar-salidas-de-emergencia-ante-eventuales-contingencias-en-temporada-de-Incendios-Forestales-en-Melipilla-3-400x300.jpeg 400w, https:\/\/diarioellabrador.cl\/wp-content\/uploads\/2025\/10\/Delegacion-Presidencial-Provincial-impulsa-reunion-de-coordinacion-para-evaluar-salidas-de-emergencia-ante-eventuales-contingencias-en-temporada-de-Incendios-Forestales-en-Melipilla-3.jpeg 1280w\" sizes=\"auto, (max-width: 1024px) 100vw, 1024px\" \/><\/figure>\n\n\n\n<p>En esta l\u00ednea, la autoridad provincial precis\u00f3 que \u201cse va a desarrollar algunas reuniones junto a vialidad, polic\u00edas, en coordinaci\u00f3n con bomberos, adem\u00e1s de realizar una salida en terreno para ver puntos y alternativas que tenemos\u201d, detallando que el sector m\u00e1s cr\u00edtico de embotellamiento es el Puente Ingeniero Marambio, al ser la \u00fanica salida a la zona rural sur, \u201cdonde necesitamos adem\u00e1s habilitar -de alguna forma- una entrada y salida de emergencia hacia lo que ser\u00e1 el nuevo Hospital de Melipilla, donde ya tenemos programadas tres reuniones y objetivos claros para la pr\u00f3xima semana, y prontamente daremos a conocer el resultado final de esta coordinaci\u00f3n de emergencia\u201d.<\/p>\n\n\n\n<p>Por su parte, \u00d3scar Nu\u00f1ez, comandante del Cuerpo de Bomberos de Melipilla, destac\u00f3 el car\u00e1cter operativo del encuentro. \u201cTuvimos una reuni\u00f3n de coordinaci\u00f3n para organizar c\u00f3mo va a ser el m\u00e9todo de respuesta de las instituciones de emergencia cuando tengamos situaciones hacia el sector sur de la comuna, b\u00e1sicamente por el alto tr\u00e1fico y cuellos de botella que se generan en algunos sectores como Huilco, y ver la factibilidad de un acceso por el sector de El Bajo hacia la variante Rapel. Fue una reuni\u00f3n bastante productiva, vamos a tener otras reuniones m\u00e1s, una reuni\u00f3n bilateral con carabineros para seguir aunando criterios y desarrollar un mejor servicio en beneficio de la comunidad\u201d, indic\u00f3.<\/p>\n\n\n\n<p>Destacar que esta instancia de coordinaci\u00f3n impulsada por Delegaci\u00f3n Presidencial Provincial de Melipilla continuar\u00e1 durante la pr\u00f3xima semana, contemplando reuniones t\u00e9cnicas y salidas a terreno junto a los distintos servicios, con el prop\u00f3sito de fortalecer los planes de emergencia y garantizar la seguridad de la comunidad melipillana, principalmente en temporada de incendios forestales.<\/p>\n","protected":false},"excerpt":{"rendered":"<p>Con el objetivo de fortalecer la preparaci\u00f3n y respuesta ante la temporada de incendios forestales, el Delegado Presidencial Provincial de Melipilla, Basti\u00e1n Alarc\u00f3n, junto al equipo de emergencias de la instituci\u00f3n, encabezaron una reuni\u00f3n de coordinaci\u00f3n con los distintos organismos de emergencia y seguridad de la comuna, con el prop\u00f3sito de definir rutas y protocolos<\/p>\n<div class=\"read-more-wrapper\"><a class=\"read-more\" href=\"https:\/\/diarioellabrador.cl\/index.php\/2025\/10\/16\/delegacion-presidencial-provincial-impulsa-reunion-de-coordinacion-para-evaluar-salidas-de-emergencia-ante-eventuales-contingencias-en-temporada-de-incendios-forestales-en-melipilla\/\" title=\"Leer m\u00e1s\"> <span class=\"button \">Leer m\u00e1s<\/span><\/a><\/div>\n","protected":false},"author":2,"featured_media":9940,"comment_status":"open","ping_status":"open","sticky":false,"template":"","format":"standard","meta":{"footnotes":""},"categories":[1],"tags":[],"class_list":["post-10005","post","type-post","status-publish","format-standard","has-post-thumbnail","hentry","category-cronica"],"yoast_head":"<!-- This site is optimized with the Yoast SEO plugin v27.5 - https:\/\/yoast.com\/product\/yoast-seo-wordpress\/ -->\n<title>Delegaci\u00f3n Presidencial Provincial impulsa reuni\u00f3n de coordinaci\u00f3n para evaluar salidas de emergencia ante eventuales contingencias en temporada de Incendios Forestales en Melipilla - Diario El Labrador<\/title>\n<meta name=\"robots\" content=\"index, follow, max-snippet:-1, max-image-preview:large, max-video-preview:-1\" \/>\n<link rel=\"canonical\" href=\"https:\/\/diarioellabrador.cl\/index.php\/2025\/10\/16\/delegacion-presidencial-provincial-impulsa-reunion-de-coordinacion-para-evaluar-salidas-de-emergencia-ante-eventuales-contingencias-en-temporada-de-incendios-forestales-en-melipilla\/\" \/>\n<meta property=\"og:locale\" content=\"es_ES\" \/>\n<meta property=\"og:type\" content=\"article\" \/>\n<meta property=\"og:title\" content=\"Delegaci\u00f3n Presidencial Provincial impulsa reuni\u00f3n de coordinaci\u00f3n para evaluar salidas de emergencia ante eventuales contingencias en temporada de Incendios Forestales en Melipilla - Diario El Labrador\" \/>\n<meta property=\"og:description\" content=\"Con el objetivo de fortalecer la preparaci\u00f3n y respuesta ante la temporada de incendios forestales, el Delegado Presidencial Provincial de Melipilla, Basti\u00e1n Alarc\u00f3n, junto al equipo de emergencias de la instituci\u00f3n, encabezaron una reuni\u00f3n de coordinaci\u00f3n con los distintos organismos de emergencia y seguridad de la comuna, con el prop\u00f3sito de definir rutas y protocolos Leer m\u00e1s\" \/>\n<meta property=\"og:url\" content=\"https:\/\/diarioellabrador.cl\/index.php\/2025\/10\/16\/delegacion-presidencial-provincial-impulsa-reunion-de-coordinacion-para-evaluar-salidas-de-emergencia-ante-eventuales-contingencias-en-temporada-de-incendios-forestales-en-melipilla\/\" \/>\n<meta property=\"og:site_name\" content=\"Diario El Labrador\" \/>\n<meta property=\"article:publisher\" content=\"https:\/\/web.facebook.com\/profile.php?id=61576120840621\" \/>\n<meta property=\"article:published_time\" content=\"2025-10-16T21:57:13+00:00\" \/>\n<meta property=\"article:modified_time\" content=\"2025-10-16T21:57:15+00:00\" \/>\n<meta property=\"og:image\" content=\"https:\/\/diarioellabrador.cl\/wp-content\/uploads\/2025\/10\/Delegacion-Presidencial-Provincial-impulsa-reunion-de-coordinacion-para-evaluar-salidas-de-emergencia-ante-eventuales-contingencias-en-temporada-de-Incendios-Forestales-en-Melipilla-1.jpeg\" \/>\n\t<meta property=\"og:image:width\" content=\"1600\" \/>\n\t<meta property=\"og:image:height\" content=\"1200\" \/>\n\t<meta property=\"og:image:type\" content=\"image\/jpeg\" \/>\n<meta name=\"author\" content=\"Editor\" \/>\n<meta name=\"twitter:card\" content=\"summary_large_image\" \/>\n<meta name=\"twitter:creator\" content=\"@ElLabradorOf\" \/>\n<meta name=\"twitter:site\" content=\"@ElLabradorOf\" \/>\n<meta name=\"twitter:label1\" content=\"Escrito por\" \/>\n\t<meta name=\"twitter:data1\" content=\"Editor\" \/>\n\t<meta name=\"twitter:label2\" content=\"Tiempo de lectura\" \/>\n\t<meta name=\"twitter:data2\" content=\"3 minutos\" \/>\n<script type=\"application\/ld+json\" class=\"yoast-schema-graph\">{\"@context\":\"https:\\\/\\\/schema.org\",\"@graph\":[{\"@type\":\"Article\",\"@id\":\"https:\\\/\\\/diarioellabrador.cl\\\/index.php\\\/2025\\\/10\\\/16\\\/delegacion-presidencial-provincial-impulsa-reunion-de-coordinacion-para-evaluar-salidas-de-emergencia-ante-eventuales-contingencias-en-temporada-de-incendios-forestales-en-melipilla\\\/#article\",\"isPartOf\":{\"@id\":\"https:\\\/\\\/diarioellabrador.cl\\\/index.php\\\/2025\\\/10\\\/16\\\/delegacion-presidencial-provincial-impulsa-reunion-de-coordinacion-para-evaluar-salidas-de-emergencia-ante-eventuales-contingencias-en-temporada-de-incendios-forestales-en-melipilla\\\/\"},\"author\":{\"name\":\"Editor\",\"@id\":\"https:\\\/\\\/diarioellabrador.cl\\\/#\\\/schema\\\/person\\\/bc25ff80b4563f9c7f4bd7855df01685\"},\"headline\":\"Delegaci\u00f3n Presidencial Provincial impulsa reuni\u00f3n de coordinaci\u00f3n para evaluar salidas de emergencia ante eventuales contingencias en temporada de Incendios Forestales en Melipilla\",\"datePublished\":\"2025-10-16T21:57:13+00:00\",\"dateModified\":\"2025-10-16T21:57:15+00:00\",\"mainEntityOfPage\":{\"@id\":\"https:\\\/\\\/diarioellabrador.cl\\\/index.php\\\/2025\\\/10\\\/16\\\/delegacion-presidencial-provincial-impulsa-reunion-de-coordinacion-para-evaluar-salidas-de-emergencia-ante-eventuales-contingencias-en-temporada-de-incendios-forestales-en-melipilla\\\/\"},\"wordCount\":565,\"commentCount\":0,\"publisher\":{\"@id\":\"https:\\\/\\\/diarioellabrador.cl\\\/#organization\"},\"image\":{\"@id\":\"https:\\\/\\\/diarioellabrador.cl\\\/index.php\\\/2025\\\/10\\\/16\\\/delegacion-presidencial-provincial-impulsa-reunion-de-coordinacion-para-evaluar-salidas-de-emergencia-ante-eventuales-contingencias-en-temporada-de-incendios-forestales-en-melipilla\\\/#primaryimage\"},\"thumbnailUrl\":\"https:\\\/\\\/diarioellabrador.cl\\\/wp-content\\\/uploads\\\/2025\\\/10\\\/Delegacion-Presidencial-Provincial-impulsa-reunion-de-coordinacion-para-evaluar-salidas-de-emergencia-ante-eventuales-contingencias-en-temporada-de-Incendios-Forestales-en-Melipilla-1.jpeg\",\"articleSection\":[\"Cr\u00f3nica\"],\"inLanguage\":\"es\",\"potentialAction\":[{\"@type\":\"CommentAction\",\"name\":\"Comment\",\"target\":[\"https:\\\/\\\/diarioellabrador.cl\\\/index.php\\\/2025\\\/10\\\/16\\\/delegacion-presidencial-provincial-impulsa-reunion-de-coordinacion-para-evaluar-salidas-de-emergencia-ante-eventuales-contingencias-en-temporada-de-incendios-forestales-en-melipilla\\\/#respond\"]}]},{\"@type\":\"WebPage\",\"@id\":\"https:\\\/\\\/diarioellabrador.cl\\\/index.php\\\/2025\\\/10\\\/16\\\/delegacion-presidencial-provincial-impulsa-reunion-de-coordinacion-para-evaluar-salidas-de-emergencia-ante-eventuales-contingencias-en-temporada-de-incendios-forestales-en-melipilla\\\/\",\"url\":\"https:\\\/\\\/diarioellabrador.cl\\\/index.php\\\/2025\\\/10\\\/16\\\/delegacion-presidencial-provincial-impulsa-reunion-de-coordinacion-para-evaluar-salidas-de-emergencia-ante-eventuales-contingencias-en-temporada-de-incendios-forestales-en-melipilla\\\/\",\"name\":\"Delegaci\u00f3n Presidencial Provincial impulsa reuni\u00f3n de coordinaci\u00f3n para evaluar salidas de emergencia ante eventuales contingencias en temporada de Incendios Forestales en Melipilla - Diario El Labrador\",\"isPartOf\":{\"@id\":\"https:\\\/\\\/diarioellabrador.cl\\\/#website\"},\"primaryImageOfPage\":{\"@id\":\"https:\\\/\\\/diarioellabrador.cl\\\/index.php\\\/2025\\\/10\\\/16\\\/delegacion-presidencial-provincial-impulsa-reunion-de-coordinacion-para-evaluar-salidas-de-emergencia-ante-eventuales-contingencias-en-temporada-de-incendios-forestales-en-melipilla\\\/#primaryimage\"},\"image\":{\"@id\":\"https:\\\/\\\/diarioellabrador.cl\\\/index.php\\\/2025\\\/10\\\/16\\\/delegacion-presidencial-provincial-impulsa-reunion-de-coordinacion-para-evaluar-salidas-de-emergencia-ante-eventuales-contingencias-en-temporada-de-incendios-forestales-en-melipilla\\\/#primaryimage\"},\"thumbnailUrl\":\"https:\\\/\\\/diarioellabrador.cl\\\/wp-content\\\/uploads\\\/2025\\\/10\\\/Delegacion-Presidencial-Provincial-impulsa-reunion-de-coordinacion-para-evaluar-salidas-de-emergencia-ante-eventuales-contingencias-en-temporada-de-Incendios-Forestales-en-Melipilla-1.jpeg\",\"datePublished\":\"2025-10-16T21:57:13+00:00\",\"dateModified\":\"2025-10-16T21:57:15+00:00\",\"breadcrumb\":{\"@id\":\"https:\\\/\\\/diarioellabrador.cl\\\/index.php\\\/2025\\\/10\\\/16\\\/delegacion-presidencial-provincial-impulsa-reunion-de-coordinacion-para-evaluar-salidas-de-emergencia-ante-eventuales-contingencias-en-temporada-de-incendios-forestales-en-melipilla\\\/#breadcrumb\"},\"inLanguage\":\"es\",\"potentialAction\":[{\"@type\":\"ReadAction\",\"target\":[\"https:\\\/\\\/diarioellabrador.cl\\\/index.php\\\/2025\\\/10\\\/16\\\/delegacion-presidencial-provincial-impulsa-reunion-de-coordinacion-para-evaluar-salidas-de-emergencia-ante-eventuales-contingencias-en-temporada-de-incendios-forestales-en-melipilla\\\/\"]}]},{\"@type\":\"ImageObject\",\"inLanguage\":\"es\",\"@id\":\"https:\\\/\\\/diarioellabrador.cl\\\/index.php\\\/2025\\\/10\\\/16\\\/delegacion-presidencial-provincial-impulsa-reunion-de-coordinacion-para-evaluar-salidas-de-emergencia-ante-eventuales-contingencias-en-temporada-de-incendios-forestales-en-melipilla\\\/#primaryimage\",\"url\":\"https:\\\/\\\/diarioellabrador.cl\\\/wp-content\\\/uploads\\\/2025\\\/10\\\/Delegacion-Presidencial-Provincial-impulsa-reunion-de-coordinacion-para-evaluar-salidas-de-emergencia-ante-eventuales-contingencias-en-temporada-de-Incendios-Forestales-en-Melipilla-1.jpeg\",\"contentUrl\":\"https:\\\/\\\/diarioellabrador.cl\\\/wp-content\\\/uploads\\\/2025\\\/10\\\/Delegacion-Presidencial-Provincial-impulsa-reunion-de-coordinacion-para-evaluar-salidas-de-emergencia-ante-eventuales-contingencias-en-temporada-de-Incendios-Forestales-en-Melipilla-1.jpeg\",\"width\":1600,\"height\":1200},{\"@type\":\"BreadcrumbList\",\"@id\":\"https:\\\/\\\/diarioellabrador.cl\\\/index.php\\\/2025\\\/10\\\/16\\\/delegacion-presidencial-provincial-impulsa-reunion-de-coordinacion-para-evaluar-salidas-de-emergencia-ante-eventuales-contingencias-en-temporada-de-incendios-forestales-en-melipilla\\\/#breadcrumb\",\"itemListElement\":[{\"@type\":\"ListItem\",\"position\":1,\"name\":\"Portada\",\"item\":\"https:\\\/\\\/diarioellabrador.cl\\\/\"},{\"@type\":\"ListItem\",\"position\":2,\"name\":\"Delegaci\u00f3n Presidencial Provincial impulsa reuni\u00f3n de coordinaci\u00f3n para evaluar salidas de emergencia ante eventuales contingencias en temporada de Incendios Forestales en Melipilla\"}]},{\"@type\":\"WebSite\",\"@id\":\"https:\\\/\\\/diarioellabrador.cl\\\/#website\",\"url\":\"https:\\\/\\\/diarioellabrador.cl\\\/\",\"name\":\"Diario El Labrador\",\"description\":\"Haciendo noticia desde 1921\",\"publisher\":{\"@id\":\"https:\\\/\\\/diarioellabrador.cl\\\/#organization\"},\"potentialAction\":[{\"@type\":\"SearchAction\",\"target\":{\"@type\":\"EntryPoint\",\"urlTemplate\":\"https:\\\/\\\/diarioellabrador.cl\\\/?s={search_term_string}\"},\"query-input\":{\"@type\":\"PropertyValueSpecification\",\"valueRequired\":true,\"valueName\":\"search_term_string\"}}],\"inLanguage\":\"es\"},{\"@type\":\"Organization\",\"@id\":\"https:\\\/\\\/diarioellabrador.cl\\\/#organization\",\"name\":\"Diario El Labrador\",\"url\":\"https:\\\/\\\/diarioellabrador.cl\\\/\",\"logo\":{\"@type\":\"ImageObject\",\"inLanguage\":\"es\",\"@id\":\"https:\\\/\\\/diarioellabrador.cl\\\/#\\\/schema\\\/logo\\\/image\\\/\",\"url\":\"https:\\\/\\\/diarioellabrador.cl\\\/wp-content\\\/uploads\\\/2025\\\/02\\\/cropped-Logo-Icono.png\",\"contentUrl\":\"https:\\\/\\\/diarioellabrador.cl\\\/wp-content\\\/uploads\\\/2025\\\/02\\\/cropped-Logo-Icono.png\",\"width\":512,\"height\":512,\"caption\":\"Diario El Labrador\"},\"image\":{\"@id\":\"https:\\\/\\\/diarioellabrador.cl\\\/#\\\/schema\\\/logo\\\/image\\\/\"},\"sameAs\":[\"https:\\\/\\\/web.facebook.com\\\/profile.php?id=61576120840621\",\"https:\\\/\\\/x.com\\\/ElLabradorOf\",\"https:\\\/\\\/www.instagram.com\\\/diarioellabradoroficial\\\/\"]},{\"@type\":\"Person\",\"@id\":\"https:\\\/\\\/diarioellabrador.cl\\\/#\\\/schema\\\/person\\\/bc25ff80b4563f9c7f4bd7855df01685\",\"name\":\"Editor\",\"image\":{\"@type\":\"ImageObject\",\"inLanguage\":\"es\",\"@id\":\"https:\\\/\\\/secure.gravatar.com\\\/avatar\\\/109c326cf2be5c04f048c2c2a2b8b6ef44bf3d8d1d3d4c55d0ac40c4bc994684?s=96&d=mm&r=g\",\"url\":\"https:\\\/\\\/secure.gravatar.com\\\/avatar\\\/109c326cf2be5c04f048c2c2a2b8b6ef44bf3d8d1d3d4c55d0ac40c4bc994684?s=96&d=mm&r=g\",\"contentUrl\":\"https:\\\/\\\/secure.gravatar.com\\\/avatar\\\/109c326cf2be5c04f048c2c2a2b8b6ef44bf3d8d1d3d4c55d0ac40c4bc994684?s=96&d=mm&r=g\",\"caption\":\"Editor\"},\"url\":\"https:\\\/\\\/diarioellabrador.cl\\\/index.php\\\/author\\\/editor\\\/\"}]}<\/script>\n<!-- \/ Yoast SEO plugin. -->","yoast_head_json":{"title":"Delegaci\u00f3n Presidencial Provincial impulsa reuni\u00f3n de coordinaci\u00f3n para evaluar salidas de emergencia ante eventuales contingencias en temporada de Incendios Forestales en Melipilla - Diario El Labrador","robots":{"index":"index","follow":"follow","max-snippet":"max-snippet:-1","max-image-preview":"max-image-preview:large","max-video-preview":"max-video-preview:-1"},"canonical":"https:\/\/diarioellabrador.cl\/index.php\/2025\/10\/16\/delegacion-presidencial-provincial-impulsa-reunion-de-coordinacion-para-evaluar-salidas-de-emergencia-ante-eventuales-contingencias-en-temporada-de-incendios-forestales-en-melipilla\/","og_locale":"es_ES","og_type":"article","og_title":"Delegaci\u00f3n Presidencial Provincial impulsa reuni\u00f3n de coordinaci\u00f3n para evaluar salidas de emergencia ante eventuales contingencias en temporada de Incendios Forestales en Melipilla - Diario El Labrador","og_description":"Con el objetivo de fortalecer la preparaci\u00f3n y respuesta ante la temporada de incendios forestales, el Delegado Presidencial Provincial de Melipilla, Basti\u00e1n Alarc\u00f3n, junto al equipo de emergencias de la instituci\u00f3n, encabezaron una reuni\u00f3n de coordinaci\u00f3n con los distintos organismos de emergencia y seguridad de la comuna, con el prop\u00f3sito de definir rutas y protocolos Leer m\u00e1s","og_url":"https:\/\/diarioellabrador.cl\/index.php\/2025\/10\/16\/delegacion-presidencial-provincial-impulsa-reunion-de-coordinacion-para-evaluar-salidas-de-emergencia-ante-eventuales-contingencias-en-temporada-de-incendios-forestales-en-melipilla\/","og_site_name":"Diario El Labrador","article_publisher":"https:\/\/web.facebook.com\/profile.php?id=61576120840621","article_published_time":"2025-10-16T21:57:13+00:00","article_modified_time":"2025-10-16T21:57:15+00:00","og_image":[{"width":1600,"height":1200,"url":"https:\/\/diarioellabrador.cl\/wp-content\/uploads\/2025\/10\/Delegacion-Presidencial-Provincial-impulsa-reunion-de-coordinacion-para-evaluar-salidas-de-emergencia-ante-eventuales-contingencias-en-temporada-de-Incendios-Forestales-en-Melipilla-1.jpeg","type":"image\/jpeg"}],"author":"Editor","twitter_card":"summary_large_image","twitter_creator":"@ElLabradorOf","twitter_site":"@ElLabradorOf","twitter_misc":{"Escrito por":"Editor","Tiempo de lectura":"3 minutos"},"schema":{"@context":"https:\/\/schema.org","@graph":[{"@type":"Article","@id":"https:\/\/diarioellabrador.cl\/index.php\/2025\/10\/16\/delegacion-presidencial-provincial-impulsa-reunion-de-coordinacion-para-evaluar-salidas-de-emergencia-ante-eventuales-contingencias-en-temporada-de-incendios-forestales-en-melipilla\/#article","isPartOf":{"@id":"https:\/\/diarioellabrador.cl\/index.php\/2025\/10\/16\/delegacion-presidencial-provincial-impulsa-reunion-de-coordinacion-para-evaluar-salidas-de-emergencia-ante-eventuales-contingencias-en-temporada-de-incendios-forestales-en-melipilla\/"},"author":{"name":"Editor","@id":"https:\/\/diarioellabrador.cl\/#\/schema\/person\/bc25ff80b4563f9c7f4bd7855df01685"},"headline":"Delegaci\u00f3n Presidencial Provincial impulsa reuni\u00f3n de coordinaci\u00f3n para evaluar salidas de emergencia ante eventuales contingencias en temporada de Incendios Forestales en Melipilla","datePublished":"2025-10-16T21:57:13+00:00","dateModified":"2025-10-16T21:57:15+00:00","mainEntityOfPage":{"@id":"https:\/\/diarioellabrador.cl\/index.php\/2025\/10\/16\/delegacion-presidencial-provincial-impulsa-reunion-de-coordinacion-para-evaluar-salidas-de-emergencia-ante-eventuales-contingencias-en-temporada-de-incendios-forestales-en-melipilla\/"},"wordCount":565,"commentCount":0,"publisher":{"@id":"https:\/\/diarioellabrador.cl\/#organization"},"image":{"@id":"https:\/\/diarioellabrador.cl\/index.php\/2025\/10\/16\/delegacion-presidencial-provincial-impulsa-reunion-de-coordinacion-para-evaluar-salidas-de-emergencia-ante-eventuales-contingencias-en-temporada-de-incendios-forestales-en-melipilla\/#primaryimage"},"thumbnailUrl":"https:\/\/diarioellabrador.cl\/wp-content\/uploads\/2025\/10\/Delegacion-Presidencial-Provincial-impulsa-reunion-de-coordinacion-para-evaluar-salidas-de-emergencia-ante-eventuales-contingencias-en-temporada-de-Incendios-Forestales-en-Melipilla-1.jpeg","articleSection":["Cr\u00f3nica"],"inLanguage":"es","potentialAction":[{"@type":"CommentAction","name":"Comment","target":["https:\/\/diarioellabrador.cl\/index.php\/2025\/10\/16\/delegacion-presidencial-provincial-impulsa-reunion-de-coordinacion-para-evaluar-salidas-de-emergencia-ante-eventuales-contingencias-en-temporada-de-incendios-forestales-en-melipilla\/#respond"]}]},{"@type":"WebPage","@id":"https:\/\/diarioellabrador.cl\/index.php\/2025\/10\/16\/delegacion-presidencial-provincial-impulsa-reunion-de-coordinacion-para-evaluar-salidas-de-emergencia-ante-eventuales-contingencias-en-temporada-de-incendios-forestales-en-melipilla\/","url":"https:\/\/diarioellabrador.cl\/index.php\/2025\/10\/16\/delegacion-presidencial-provincial-impulsa-reunion-de-coordinacion-para-evaluar-salidas-de-emergencia-ante-eventuales-contingencias-en-temporada-de-incendios-forestales-en-melipilla\/","name":"Delegaci\u00f3n Presidencial Provincial impulsa reuni\u00f3n de coordinaci\u00f3n para evaluar salidas de emergencia ante eventuales contingencias en temporada de Incendios Forestales en Melipilla - Diario El Labrador","isPartOf":{"@id":"https:\/\/diarioellabrador.cl\/#website"},"primaryImageOfPage":{"@id":"https:\/\/diarioellabrador.cl\/index.php\/2025\/10\/16\/delegacion-presidencial-provincial-impulsa-reunion-de-coordinacion-para-evaluar-salidas-de-emergencia-ante-eventuales-contingencias-en-temporada-de-incendios-forestales-en-melipilla\/#primaryimage"},"image":{"@id":"https:\/\/diarioellabrador.cl\/index.php\/2025\/10\/16\/delegacion-presidencial-provincial-impulsa-reunion-de-coordinacion-para-evaluar-salidas-de-emergencia-ante-eventuales-contingencias-en-temporada-de-incendios-forestales-en-melipilla\/#primaryimage"},"thumbnailUrl":"https:\/\/diarioellabrador.cl\/wp-content\/uploads\/2025\/10\/Delegacion-Presidencial-Provincial-impulsa-reunion-de-coordinacion-para-evaluar-salidas-de-emergencia-ante-eventuales-contingencias-en-temporada-de-Incendios-Forestales-en-Melipilla-1.jpeg","datePublished":"2025-10-16T21:57:13+00:00","dateModified":"2025-10-16T21:57:15+00:00","breadcrumb":{"@id":"https:\/\/diarioellabrador.cl\/index.php\/2025\/10\/16\/delegacion-presidencial-provincial-impulsa-reunion-de-coordinacion-para-evaluar-salidas-de-emergencia-ante-eventuales-contingencias-en-temporada-de-incendios-forestales-en-melipilla\/#breadcrumb"},"inLanguage":"es","potentialAction":[{"@type":"ReadAction","target":["https:\/\/diarioellabrador.cl\/index.php\/2025\/10\/16\/delegacion-presidencial-provincial-impulsa-reunion-de-coordinacion-para-evaluar-salidas-de-emergencia-ante-eventuales-contingencias-en-temporada-de-incendios-forestales-en-melipilla\/"]}]},{"@type":"ImageObject","inLanguage":"es","@id":"https:\/\/diarioellabrador.cl\/index.php\/2025\/10\/16\/delegacion-presidencial-provincial-impulsa-reunion-de-coordinacion-para-evaluar-salidas-de-emergencia-ante-eventuales-contingencias-en-temporada-de-incendios-forestales-en-melipilla\/#primaryimage","url":"https:\/\/diarioellabrador.cl\/wp-content\/uploads\/2025\/10\/Delegacion-Presidencial-Provincial-impulsa-reunion-de-coordinacion-para-evaluar-salidas-de-emergencia-ante-eventuales-contingencias-en-temporada-de-Incendios-Forestales-en-Melipilla-1.jpeg","contentUrl":"https:\/\/diarioellabrador.cl\/wp-content\/uploads\/2025\/10\/Delegacion-Presidencial-Provincial-impulsa-reunion-de-coordinacion-para-evaluar-salidas-de-emergencia-ante-eventuales-contingencias-en-temporada-de-Incendios-Forestales-en-Melipilla-1.jpeg","width":1600,"height":1200},{"@type":"BreadcrumbList","@id":"https:\/\/diarioellabrador.cl\/index.php\/2025\/10\/16\/delegacion-presidencial-provincial-impulsa-reunion-de-coordinacion-para-evaluar-salidas-de-emergencia-ante-eventuales-contingencias-en-temporada-de-incendios-forestales-en-melipilla\/#breadcrumb","itemListElement":[{"@type":"ListItem","position":1,"name":"Portada","item":"https:\/\/diarioellabrador.cl\/"},{"@type":"ListItem","position":2,"name":"Delegaci\u00f3n Presidencial Provincial impulsa reuni\u00f3n de coordinaci\u00f3n para evaluar salidas de emergencia ante eventuales contingencias en temporada de Incendios Forestales en Melipilla"}]},{"@type":"WebSite","@id":"https:\/\/diarioellabrador.cl\/#website","url":"https:\/\/diarioellabrador.cl\/","name":"Diario El Labrador","description":"Haciendo noticia desde 1921","publisher":{"@id":"https:\/\/diarioellabrador.cl\/#organization"},"potentialAction":[{"@type":"SearchAction","target":{"@type":"EntryPoint","urlTemplate":"https:\/\/diarioellabrador.cl\/?s={search_term_string}"},"query-input":{"@type":"PropertyValueSpecification","valueRequired":true,"valueName":"search_term_string"}}],"inLanguage":"es"},{"@type":"Organization","@id":"https:\/\/diarioellabrador.cl\/#organization","name":"Diario El Labrador","url":"https:\/\/diarioellabrador.cl\/","logo":{"@type":"ImageObject","inLanguage":"es","@id":"https:\/\/diarioellabrador.cl\/#\/schema\/logo\/image\/","url":"https:\/\/diarioellabrador.cl\/wp-content\/uploads\/2025\/02\/cropped-Logo-Icono.png","contentUrl":"https:\/\/diarioellabrador.cl\/wp-content\/uploads\/2025\/02\/cropped-Logo-Icono.png","width":512,"height":512,"caption":"Diario El Labrador"},"image":{"@id":"https:\/\/diarioellabrador.cl\/#\/schema\/logo\/image\/"},"sameAs":["https:\/\/web.facebook.com\/profile.php?id=61576120840621","https:\/\/x.com\/ElLabradorOf","https:\/\/www.instagram.com\/diarioellabradoroficial\/"]},{"@type":"Person","@id":"https:\/\/diarioellabrador.cl\/#\/schema\/person\/bc25ff80b4563f9c7f4bd7855df01685","name":"Editor","image":{"@type":"ImageObject","inLanguage":"es","@id":"https:\/\/secure.gravatar.com\/avatar\/109c326cf2be5c04f048c2c2a2b8b6ef44bf3d8d1d3d4c55d0ac40c4bc994684?s=96&d=mm&r=g","url":"https:\/\/secure.gravatar.com\/avatar\/109c326cf2be5c04f048c2c2a2b8b6ef44bf3d8d1d3d4c55d0ac40c4bc994684?s=96&d=mm&r=g","contentUrl":"https:\/\/secure.gravatar.com\/avatar\/109c326cf2be5c04f048c2c2a2b8b6ef44bf3d8d1d3d4c55d0ac40c4bc994684?s=96&d=mm&r=g","caption":"Editor"},"url":"https:\/\/diarioellabrador.cl\/index.php\/author\/editor\/"}]}},"_links":{"self":[{"href":"https:\/\/diarioellabrador.cl\/index.php\/wp-json\/wp\/v2\/posts\/10005","targetHints":{"allow":["GET"]}}],"collection":[{"href":"https:\/\/diarioellabrador.cl\/index.php\/wp-json\/wp\/v2\/posts"}],"about":[{"href":"https:\/\/diarioellabrador.cl\/index.php\/wp-json\/wp\/v2\/types\/post"}],"author":[{"embeddable":true,"href":"https:\/\/diarioellabrador.cl\/index.php\/wp-json\/wp\/v2\/users\/2"}],"replies":[{"embeddable":true,"href":"https:\/\/diarioellabrador.cl\/index.php\/wp-json\/wp\/v2\/comments?post=10005"}],"version-history":[{"count":1,"href":"https:\/\/diarioellabrador.cl\/index.php\/wp-json\/wp\/v2\/posts\/10005\/revisions"}],"predecessor-version":[{"id":10006,"href":"https:\/\/diarioellabrador.cl\/index.php\/wp-json\/wp\/v2\/posts\/10005\/revisions\/10006"}],"wp:featuredmedia":[{"embeddable":true,"href":"https:\/\/diarioellabrador.cl\/index.php\/wp-json\/wp\/v2\/media\/9940"}],"wp:attachment":[{"href":"https:\/\/diarioellabrador.cl\/index.php\/wp-json\/wp\/v2\/media?parent=10005"}],"wp:term":[{"taxonomy":"category","embeddable":true,"href":"https:\/\/diarioellabrador.cl\/index.php\/wp-json\/wp\/v2\/categories?post=10005"},{"taxonomy":"post_tag","embeddable":true,"href":"https:\/\/diarioellabrador.cl\/index.php\/wp-json\/wp\/v2\/tags?post=10005"}],"curies":[{"name":"wp","href":"https:\/\/api.w.org\/{rel}","templated":true}]}}