{"id":10003,"date":"2025-10-16T17:56:20","date_gmt":"2025-10-16T21:56:20","guid":{"rendered":"https:\/\/diarioellabrador.cl\/?p=10003"},"modified":"2025-10-16T17:56:21","modified_gmt":"2025-10-16T21:56:21","slug":"gobierno-en-terreno-de-delegacion-provincial-de-melipilla-llego-hasta-el-cesfam-boris-soler-acercando-la-oferta-publica-a-la-comunidad","status":"publish","type":"post","link":"https:\/\/diarioellabrador.cl\/index.php\/2025\/10\/16\/gobierno-en-terreno-de-delegacion-provincial-de-melipilla-llego-hasta-el-cesfam-boris-soler-acercando-la-oferta-publica-a-la-comunidad\/","title":{"rendered":"Gobierno en Terreno de Delegaci\u00f3n Provincial de Melipilla lleg\u00f3 hasta el CESFAM Boris Soler acercando la oferta p\u00fablica a la comunidad"},"content":{"rendered":"\n<ul class=\"wp-block-list\">\n<li><strong>La plaza ciudadana permiti\u00f3 reunir en un s\u00f3lo espacio a instituciones como SERVIU, CONAF, Fonasa, Registro Civil, Corporaci\u00f3n de Asistencia Judicial, Ministerio de Bienes Nacionales, adem\u00e1s de prestaciones como oftalmolog\u00eda y peluquer\u00eda, entre muchos servicios m\u00e1s.<\/strong><\/li>\n<\/ul>\n\n\n\n<p>Con gran participaci\u00f3n se desarroll\u00f3 una nueva jornada de Gobierno en Terreno organizado por Delegaci\u00f3n Presidencial Provincial de Melipilla, instancia que se llev\u00f3 a cabo a un costado del CESFAM Boris Soler de Melipilla, reuniendo a una amplia variedad de servicios p\u00fablicos, privados y voluntariados, adem\u00e1s de vecinas y vecinos que aprovecharon la oportunidad para realizar diversos tr\u00e1mites y resolver dudas e inquietudes.<\/p>\n\n\n\n<p>La jefa jur\u00eddica de Delegaci\u00f3n Provincial de Melipilla, Mar\u00eda Carolina Jim\u00e9nez, destac\u00f3 la actividad que permiti\u00f3 acercar la oferta p\u00fablica a los vecinos y vecinas del sector. \u201cTuvimos una nueva jornada de Gobierno en Terreno, a un costado del CESFAM Boris Soler de Melipilla. Contamos con un despliegue de diversos servicios p\u00fablicos, como SERVIU, CONAF, Fonasa, la Corporaci\u00f3n de Asistencia Judicial, Ministerio de Bienes Nacionales, servicios como Oftalmolog\u00eda y peluquer\u00eda, entre otros, y como Delegaci\u00f3n participamos a trav\u00e9s del \u00e1rea jur\u00eddica y social, entregando orientaci\u00f3n a vecinos y vecinas en distintos temas\u201d.<\/p>\n\n\n\n<p>En esta l\u00ednea, destac\u00f3 la activa participaci\u00f3n de la comunidad en esta jornada. \u201cQuedamos contentos con la convocatoria, y la valoraci\u00f3n que tienen las personas a estas instancias. Cabe destacar que los Gobiernos en Terreno nos permiten acercar el Estado hacia la ciudadan\u00eda, para que todos puedan acceder a realizar tr\u00e1mites y resolver inquietudes, transform\u00e1ndose en una herramienta fundamental para provincias con largas distancias como la nuestra\u201d.<\/p>\n\n\n\n<figure class=\"wp-block-image size-large\"><img loading=\"lazy\" decoding=\"async\" width=\"1024\" height=\"768\" src=\"https:\/\/diarioellabrador.cl\/wp-content\/uploads\/2025\/10\/Gobierno-en-Terreno-de-Delegacion-Provincial-de-Melipilla-llego-hasta-el-CESFAM-Boris-Soler-acercando-la-oferta-publica-a-la-comunidad-1-1024x768.jpg\" alt=\"\" class=\"wp-image-9939\" srcset=\"https:\/\/diarioellabrador.cl\/wp-content\/uploads\/2025\/10\/Gobierno-en-Terreno-de-Delegacion-Provincial-de-Melipilla-llego-hasta-el-CESFAM-Boris-Soler-acercando-la-oferta-publica-a-la-comunidad-1-1024x768.jpg 1024w, https:\/\/diarioellabrador.cl\/wp-content\/uploads\/2025\/10\/Gobierno-en-Terreno-de-Delegacion-Provincial-de-Melipilla-llego-hasta-el-CESFAM-Boris-Soler-acercando-la-oferta-publica-a-la-comunidad-1-300x225.jpg 300w, https:\/\/diarioellabrador.cl\/wp-content\/uploads\/2025\/10\/Gobierno-en-Terreno-de-Delegacion-Provincial-de-Melipilla-llego-hasta-el-CESFAM-Boris-Soler-acercando-la-oferta-publica-a-la-comunidad-1-768x576.jpg 768w, https:\/\/diarioellabrador.cl\/wp-content\/uploads\/2025\/10\/Gobierno-en-Terreno-de-Delegacion-Provincial-de-Melipilla-llego-hasta-el-CESFAM-Boris-Soler-acercando-la-oferta-publica-a-la-comunidad-1-1536x1152.jpg 1536w, https:\/\/diarioellabrador.cl\/wp-content\/uploads\/2025\/10\/Gobierno-en-Terreno-de-Delegacion-Provincial-de-Melipilla-llego-hasta-el-CESFAM-Boris-Soler-acercando-la-oferta-publica-a-la-comunidad-1-800x600.jpg 800w, https:\/\/diarioellabrador.cl\/wp-content\/uploads\/2025\/10\/Gobierno-en-Terreno-de-Delegacion-Provincial-de-Melipilla-llego-hasta-el-CESFAM-Boris-Soler-acercando-la-oferta-publica-a-la-comunidad-1-600x450.jpg 600w, https:\/\/diarioellabrador.cl\/wp-content\/uploads\/2025\/10\/Gobierno-en-Terreno-de-Delegacion-Provincial-de-Melipilla-llego-hasta-el-CESFAM-Boris-Soler-acercando-la-oferta-publica-a-la-comunidad-1-400x300.jpg 400w, https:\/\/diarioellabrador.cl\/wp-content\/uploads\/2025\/10\/Gobierno-en-Terreno-de-Delegacion-Provincial-de-Melipilla-llego-hasta-el-CESFAM-Boris-Soler-acercando-la-oferta-publica-a-la-comunidad-1.jpg 2048w\" sizes=\"auto, (max-width: 1024px) 100vw, 1024px\" \/><\/figure>\n\n\n\n<p>Por su parte, Juli\u00e1n C\u00f3rdova, del sector de Huech\u00fan, valor\u00f3 la instancia. \u201cMe parece bien, porque a nosotros los adultos mayores nos ayuda a desplazarnos con m\u00e1s facilidad. Yo vengo a sacar carnet de identidad, y me llam\u00f3 la atenci\u00f3n los \u00e1rboles nativos de CONAF\u201d, recomendando la jornada, la cual calific\u00f3 de \u201cpr\u00e1ctica para la comunidad\u201d.&nbsp;<\/p>\n\n\n\n<p>Asimismo, Margarita Pe\u00f1a, vecina del sector, agradeci\u00f3 la plaza ciudadana. \u201cExcelente muy buena esta jornada, porque nosotros que vivimos en el campo necesitamos informaci\u00f3n que no tenemos. Yo antes era de Santiago, y llegu\u00e9 al campo sin saber nada, y ahora he aprendido de a poco, y que ac\u00e1 uno se debe programar de otra manera. Yo estuve buscando informaci\u00f3n en INDAP, y tambi\u00e9n ver\u00e9 al Registro Civil y estuve con CONAF donde me dieron un arbolito, un Quillay\u201d, haciendo un llamado a informarse y participar de estas instancias \u201caprovechar estas oportunidades, porque nos acerca a los tr\u00e1mites que debemos hacer y que muchas veces no tenemos el tiempo ni los medios para llegar, y esto es muy bueno para todos quienes vivimos lejos\u201d, concluy\u00f3.<\/p>\n","protected":false},"excerpt":{"rendered":"<p>Con gran participaci\u00f3n se desarroll\u00f3 una nueva jornada de Gobierno en Terreno organizado por Delegaci\u00f3n Presidencial Provincial de Melipilla, instancia que se llev\u00f3 a cabo a un costado del CESFAM Boris Soler de Melipilla, reuniendo a una amplia variedad de servicios p\u00fablicos, privados y voluntariados, adem\u00e1s de vecinas y vecinos que aprovecharon la oportunidad para<\/p>\n<div class=\"read-more-wrapper\"><a class=\"read-more\" href=\"https:\/\/diarioellabrador.cl\/index.php\/2025\/10\/16\/gobierno-en-terreno-de-delegacion-provincial-de-melipilla-llego-hasta-el-cesfam-boris-soler-acercando-la-oferta-publica-a-la-comunidad\/\" title=\"Leer m\u00e1s\"> <span class=\"button \">Leer m\u00e1s<\/span><\/a><\/div>\n","protected":false},"author":2,"featured_media":9938,"comment_status":"open","ping_status":"open","sticky":false,"template":"","format":"standard","meta":{"footnotes":""},"categories":[1],"tags":[],"class_list":["post-10003","post","type-post","status-publish","format-standard","has-post-thumbnail","hentry","category-cronica"],"yoast_head":"<!-- This site is optimized with the Yoast SEO plugin v27.5 - https:\/\/yoast.com\/product\/yoast-seo-wordpress\/ -->\n<title>Gobierno en Terreno de Delegaci\u00f3n Provincial de Melipilla lleg\u00f3 hasta el CESFAM Boris Soler acercando la oferta p\u00fablica a la comunidad - Diario El Labrador<\/title>\n<meta name=\"robots\" content=\"index, follow, max-snippet:-1, max-image-preview:large, max-video-preview:-1\" \/>\n<link rel=\"canonical\" href=\"https:\/\/diarioellabrador.cl\/index.php\/2025\/10\/16\/gobierno-en-terreno-de-delegacion-provincial-de-melipilla-llego-hasta-el-cesfam-boris-soler-acercando-la-oferta-publica-a-la-comunidad\/\" \/>\n<meta property=\"og:locale\" content=\"es_ES\" \/>\n<meta property=\"og:type\" content=\"article\" \/>\n<meta property=\"og:title\" content=\"Gobierno en Terreno de Delegaci\u00f3n Provincial de Melipilla lleg\u00f3 hasta el CESFAM Boris Soler acercando la oferta p\u00fablica a la comunidad - Diario El Labrador\" \/>\n<meta property=\"og:description\" content=\"Con gran participaci\u00f3n se desarroll\u00f3 una nueva jornada de Gobierno en Terreno organizado por Delegaci\u00f3n Presidencial Provincial de Melipilla, instancia que se llev\u00f3 a cabo a un costado del CESFAM Boris Soler de Melipilla, reuniendo a una amplia variedad de servicios p\u00fablicos, privados y voluntariados, adem\u00e1s de vecinas y vecinos que aprovecharon la oportunidad para Leer m\u00e1s\" \/>\n<meta property=\"og:url\" content=\"https:\/\/diarioellabrador.cl\/index.php\/2025\/10\/16\/gobierno-en-terreno-de-delegacion-provincial-de-melipilla-llego-hasta-el-cesfam-boris-soler-acercando-la-oferta-publica-a-la-comunidad\/\" \/>\n<meta property=\"og:site_name\" content=\"Diario El Labrador\" \/>\n<meta property=\"article:publisher\" content=\"https:\/\/web.facebook.com\/profile.php?id=61576120840621\" \/>\n<meta property=\"article:published_time\" content=\"2025-10-16T21:56:20+00:00\" \/>\n<meta property=\"article:modified_time\" content=\"2025-10-16T21:56:21+00:00\" \/>\n<meta property=\"og:image\" content=\"https:\/\/diarioellabrador.cl\/wp-content\/uploads\/2025\/10\/Gobierno-en-Terreno-de-Delegacion-Provincial-de-Melipilla-llego-hasta-el-CESFAM-Boris-Soler-acercando-la-oferta-publica-a-la-comunidad-1.jpeg\" \/>\n\t<meta property=\"og:image:width\" content=\"1280\" \/>\n\t<meta property=\"og:image:height\" content=\"960\" \/>\n\t<meta property=\"og:image:type\" content=\"image\/jpeg\" \/>\n<meta name=\"author\" content=\"Editor\" \/>\n<meta name=\"twitter:card\" content=\"summary_large_image\" \/>\n<meta name=\"twitter:creator\" content=\"@ElLabradorOf\" \/>\n<meta name=\"twitter:site\" content=\"@ElLabradorOf\" \/>\n<meta name=\"twitter:label1\" content=\"Escrito por\" \/>\n\t<meta name=\"twitter:data1\" content=\"Editor\" \/>\n\t<meta name=\"twitter:label2\" content=\"Tiempo de lectura\" \/>\n\t<meta name=\"twitter:data2\" content=\"3 minutos\" \/>\n<script type=\"application\/ld+json\" class=\"yoast-schema-graph\">{\"@context\":\"https:\\\/\\\/schema.org\",\"@graph\":[{\"@type\":\"Article\",\"@id\":\"https:\\\/\\\/diarioellabrador.cl\\\/index.php\\\/2025\\\/10\\\/16\\\/gobierno-en-terreno-de-delegacion-provincial-de-melipilla-llego-hasta-el-cesfam-boris-soler-acercando-la-oferta-publica-a-la-comunidad\\\/#article\",\"isPartOf\":{\"@id\":\"https:\\\/\\\/diarioellabrador.cl\\\/index.php\\\/2025\\\/10\\\/16\\\/gobierno-en-terreno-de-delegacion-provincial-de-melipilla-llego-hasta-el-cesfam-boris-soler-acercando-la-oferta-publica-a-la-comunidad\\\/\"},\"author\":{\"name\":\"Editor\",\"@id\":\"https:\\\/\\\/diarioellabrador.cl\\\/#\\\/schema\\\/person\\\/bc25ff80b4563f9c7f4bd7855df01685\"},\"headline\":\"Gobierno en Terreno de Delegaci\u00f3n Provincial de Melipilla lleg\u00f3 hasta el CESFAM Boris Soler acercando la oferta p\u00fablica a la comunidad\",\"datePublished\":\"2025-10-16T21:56:20+00:00\",\"dateModified\":\"2025-10-16T21:56:21+00:00\",\"mainEntityOfPage\":{\"@id\":\"https:\\\/\\\/diarioellabrador.cl\\\/index.php\\\/2025\\\/10\\\/16\\\/gobierno-en-terreno-de-delegacion-provincial-de-melipilla-llego-hasta-el-cesfam-boris-soler-acercando-la-oferta-publica-a-la-comunidad\\\/\"},\"wordCount\":504,\"commentCount\":0,\"publisher\":{\"@id\":\"https:\\\/\\\/diarioellabrador.cl\\\/#organization\"},\"image\":{\"@id\":\"https:\\\/\\\/diarioellabrador.cl\\\/index.php\\\/2025\\\/10\\\/16\\\/gobierno-en-terreno-de-delegacion-provincial-de-melipilla-llego-hasta-el-cesfam-boris-soler-acercando-la-oferta-publica-a-la-comunidad\\\/#primaryimage\"},\"thumbnailUrl\":\"https:\\\/\\\/diarioellabrador.cl\\\/wp-content\\\/uploads\\\/2025\\\/10\\\/Gobierno-en-Terreno-de-Delegacion-Provincial-de-Melipilla-llego-hasta-el-CESFAM-Boris-Soler-acercando-la-oferta-publica-a-la-comunidad-1.jpeg\",\"articleSection\":[\"Cr\u00f3nica\"],\"inLanguage\":\"es\",\"potentialAction\":[{\"@type\":\"CommentAction\",\"name\":\"Comment\",\"target\":[\"https:\\\/\\\/diarioellabrador.cl\\\/index.php\\\/2025\\\/10\\\/16\\\/gobierno-en-terreno-de-delegacion-provincial-de-melipilla-llego-hasta-el-cesfam-boris-soler-acercando-la-oferta-publica-a-la-comunidad\\\/#respond\"]}]},{\"@type\":\"WebPage\",\"@id\":\"https:\\\/\\\/diarioellabrador.cl\\\/index.php\\\/2025\\\/10\\\/16\\\/gobierno-en-terreno-de-delegacion-provincial-de-melipilla-llego-hasta-el-cesfam-boris-soler-acercando-la-oferta-publica-a-la-comunidad\\\/\",\"url\":\"https:\\\/\\\/diarioellabrador.cl\\\/index.php\\\/2025\\\/10\\\/16\\\/gobierno-en-terreno-de-delegacion-provincial-de-melipilla-llego-hasta-el-cesfam-boris-soler-acercando-la-oferta-publica-a-la-comunidad\\\/\",\"name\":\"Gobierno en Terreno de Delegaci\u00f3n Provincial de Melipilla lleg\u00f3 hasta el CESFAM Boris Soler acercando la oferta p\u00fablica a la comunidad - Diario El Labrador\",\"isPartOf\":{\"@id\":\"https:\\\/\\\/diarioellabrador.cl\\\/#website\"},\"primaryImageOfPage\":{\"@id\":\"https:\\\/\\\/diarioellabrador.cl\\\/index.php\\\/2025\\\/10\\\/16\\\/gobierno-en-terreno-de-delegacion-provincial-de-melipilla-llego-hasta-el-cesfam-boris-soler-acercando-la-oferta-publica-a-la-comunidad\\\/#primaryimage\"},\"image\":{\"@id\":\"https:\\\/\\\/diarioellabrador.cl\\\/index.php\\\/2025\\\/10\\\/16\\\/gobierno-en-terreno-de-delegacion-provincial-de-melipilla-llego-hasta-el-cesfam-boris-soler-acercando-la-oferta-publica-a-la-comunidad\\\/#primaryimage\"},\"thumbnailUrl\":\"https:\\\/\\\/diarioellabrador.cl\\\/wp-content\\\/uploads\\\/2025\\\/10\\\/Gobierno-en-Terreno-de-Delegacion-Provincial-de-Melipilla-llego-hasta-el-CESFAM-Boris-Soler-acercando-la-oferta-publica-a-la-comunidad-1.jpeg\",\"datePublished\":\"2025-10-16T21:56:20+00:00\",\"dateModified\":\"2025-10-16T21:56:21+00:00\",\"breadcrumb\":{\"@id\":\"https:\\\/\\\/diarioellabrador.cl\\\/index.php\\\/2025\\\/10\\\/16\\\/gobierno-en-terreno-de-delegacion-provincial-de-melipilla-llego-hasta-el-cesfam-boris-soler-acercando-la-oferta-publica-a-la-comunidad\\\/#breadcrumb\"},\"inLanguage\":\"es\",\"potentialAction\":[{\"@type\":\"ReadAction\",\"target\":[\"https:\\\/\\\/diarioellabrador.cl\\\/index.php\\\/2025\\\/10\\\/16\\\/gobierno-en-terreno-de-delegacion-provincial-de-melipilla-llego-hasta-el-cesfam-boris-soler-acercando-la-oferta-publica-a-la-comunidad\\\/\"]}]},{\"@type\":\"ImageObject\",\"inLanguage\":\"es\",\"@id\":\"https:\\\/\\\/diarioellabrador.cl\\\/index.php\\\/2025\\\/10\\\/16\\\/gobierno-en-terreno-de-delegacion-provincial-de-melipilla-llego-hasta-el-cesfam-boris-soler-acercando-la-oferta-publica-a-la-comunidad\\\/#primaryimage\",\"url\":\"https:\\\/\\\/diarioellabrador.cl\\\/wp-content\\\/uploads\\\/2025\\\/10\\\/Gobierno-en-Terreno-de-Delegacion-Provincial-de-Melipilla-llego-hasta-el-CESFAM-Boris-Soler-acercando-la-oferta-publica-a-la-comunidad-1.jpeg\",\"contentUrl\":\"https:\\\/\\\/diarioellabrador.cl\\\/wp-content\\\/uploads\\\/2025\\\/10\\\/Gobierno-en-Terreno-de-Delegacion-Provincial-de-Melipilla-llego-hasta-el-CESFAM-Boris-Soler-acercando-la-oferta-publica-a-la-comunidad-1.jpeg\",\"width\":1280,\"height\":960},{\"@type\":\"BreadcrumbList\",\"@id\":\"https:\\\/\\\/diarioellabrador.cl\\\/index.php\\\/2025\\\/10\\\/16\\\/gobierno-en-terreno-de-delegacion-provincial-de-melipilla-llego-hasta-el-cesfam-boris-soler-acercando-la-oferta-publica-a-la-comunidad\\\/#breadcrumb\",\"itemListElement\":[{\"@type\":\"ListItem\",\"position\":1,\"name\":\"Portada\",\"item\":\"https:\\\/\\\/diarioellabrador.cl\\\/\"},{\"@type\":\"ListItem\",\"position\":2,\"name\":\"Gobierno en Terreno de Delegaci\u00f3n Provincial de Melipilla lleg\u00f3 hasta el CESFAM Boris Soler acercando la oferta p\u00fablica a la comunidad\"}]},{\"@type\":\"WebSite\",\"@id\":\"https:\\\/\\\/diarioellabrador.cl\\\/#website\",\"url\":\"https:\\\/\\\/diarioellabrador.cl\\\/\",\"name\":\"Diario El Labrador\",\"description\":\"Haciendo noticia desde 1921\",\"publisher\":{\"@id\":\"https:\\\/\\\/diarioellabrador.cl\\\/#organization\"},\"potentialAction\":[{\"@type\":\"SearchAction\",\"target\":{\"@type\":\"EntryPoint\",\"urlTemplate\":\"https:\\\/\\\/diarioellabrador.cl\\\/?s={search_term_string}\"},\"query-input\":{\"@type\":\"PropertyValueSpecification\",\"valueRequired\":true,\"valueName\":\"search_term_string\"}}],\"inLanguage\":\"es\"},{\"@type\":\"Organization\",\"@id\":\"https:\\\/\\\/diarioellabrador.cl\\\/#organization\",\"name\":\"Diario El Labrador\",\"url\":\"https:\\\/\\\/diarioellabrador.cl\\\/\",\"logo\":{\"@type\":\"ImageObject\",\"inLanguage\":\"es\",\"@id\":\"https:\\\/\\\/diarioellabrador.cl\\\/#\\\/schema\\\/logo\\\/image\\\/\",\"url\":\"https:\\\/\\\/diarioellabrador.cl\\\/wp-content\\\/uploads\\\/2025\\\/02\\\/cropped-Logo-Icono.png\",\"contentUrl\":\"https:\\\/\\\/diarioellabrador.cl\\\/wp-content\\\/uploads\\\/2025\\\/02\\\/cropped-Logo-Icono.png\",\"width\":512,\"height\":512,\"caption\":\"Diario El Labrador\"},\"image\":{\"@id\":\"https:\\\/\\\/diarioellabrador.cl\\\/#\\\/schema\\\/logo\\\/image\\\/\"},\"sameAs\":[\"https:\\\/\\\/web.facebook.com\\\/profile.php?id=61576120840621\",\"https:\\\/\\\/x.com\\\/ElLabradorOf\",\"https:\\\/\\\/www.instagram.com\\\/diarioellabradoroficial\\\/\"]},{\"@type\":\"Person\",\"@id\":\"https:\\\/\\\/diarioellabrador.cl\\\/#\\\/schema\\\/person\\\/bc25ff80b4563f9c7f4bd7855df01685\",\"name\":\"Editor\",\"image\":{\"@type\":\"ImageObject\",\"inLanguage\":\"es\",\"@id\":\"https:\\\/\\\/secure.gravatar.com\\\/avatar\\\/109c326cf2be5c04f048c2c2a2b8b6ef44bf3d8d1d3d4c55d0ac40c4bc994684?s=96&d=mm&r=g\",\"url\":\"https:\\\/\\\/secure.gravatar.com\\\/avatar\\\/109c326cf2be5c04f048c2c2a2b8b6ef44bf3d8d1d3d4c55d0ac40c4bc994684?s=96&d=mm&r=g\",\"contentUrl\":\"https:\\\/\\\/secure.gravatar.com\\\/avatar\\\/109c326cf2be5c04f048c2c2a2b8b6ef44bf3d8d1d3d4c55d0ac40c4bc994684?s=96&d=mm&r=g\",\"caption\":\"Editor\"},\"url\":\"https:\\\/\\\/diarioellabrador.cl\\\/index.php\\\/author\\\/editor\\\/\"}]}<\/script>\n<!-- \/ Yoast SEO plugin. -->","yoast_head_json":{"title":"Gobierno en Terreno de Delegaci\u00f3n Provincial de Melipilla lleg\u00f3 hasta el CESFAM Boris Soler acercando la oferta p\u00fablica a la comunidad - Diario El Labrador","robots":{"index":"index","follow":"follow","max-snippet":"max-snippet:-1","max-image-preview":"max-image-preview:large","max-video-preview":"max-video-preview:-1"},"canonical":"https:\/\/diarioellabrador.cl\/index.php\/2025\/10\/16\/gobierno-en-terreno-de-delegacion-provincial-de-melipilla-llego-hasta-el-cesfam-boris-soler-acercando-la-oferta-publica-a-la-comunidad\/","og_locale":"es_ES","og_type":"article","og_title":"Gobierno en Terreno de Delegaci\u00f3n Provincial de Melipilla lleg\u00f3 hasta el CESFAM Boris Soler acercando la oferta p\u00fablica a la comunidad - Diario El Labrador","og_description":"Con gran participaci\u00f3n se desarroll\u00f3 una nueva jornada de Gobierno en Terreno organizado por Delegaci\u00f3n Presidencial Provincial de Melipilla, instancia que se llev\u00f3 a cabo a un costado del CESFAM Boris Soler de Melipilla, reuniendo a una amplia variedad de servicios p\u00fablicos, privados y voluntariados, adem\u00e1s de vecinas y vecinos que aprovecharon la oportunidad para Leer m\u00e1s","og_url":"https:\/\/diarioellabrador.cl\/index.php\/2025\/10\/16\/gobierno-en-terreno-de-delegacion-provincial-de-melipilla-llego-hasta-el-cesfam-boris-soler-acercando-la-oferta-publica-a-la-comunidad\/","og_site_name":"Diario El Labrador","article_publisher":"https:\/\/web.facebook.com\/profile.php?id=61576120840621","article_published_time":"2025-10-16T21:56:20+00:00","article_modified_time":"2025-10-16T21:56:21+00:00","og_image":[{"width":1280,"height":960,"url":"https:\/\/diarioellabrador.cl\/wp-content\/uploads\/2025\/10\/Gobierno-en-Terreno-de-Delegacion-Provincial-de-Melipilla-llego-hasta-el-CESFAM-Boris-Soler-acercando-la-oferta-publica-a-la-comunidad-1.jpeg","type":"image\/jpeg"}],"author":"Editor","twitter_card":"summary_large_image","twitter_creator":"@ElLabradorOf","twitter_site":"@ElLabradorOf","twitter_misc":{"Escrito por":"Editor","Tiempo de lectura":"3 minutos"},"schema":{"@context":"https:\/\/schema.org","@graph":[{"@type":"Article","@id":"https:\/\/diarioellabrador.cl\/index.php\/2025\/10\/16\/gobierno-en-terreno-de-delegacion-provincial-de-melipilla-llego-hasta-el-cesfam-boris-soler-acercando-la-oferta-publica-a-la-comunidad\/#article","isPartOf":{"@id":"https:\/\/diarioellabrador.cl\/index.php\/2025\/10\/16\/gobierno-en-terreno-de-delegacion-provincial-de-melipilla-llego-hasta-el-cesfam-boris-soler-acercando-la-oferta-publica-a-la-comunidad\/"},"author":{"name":"Editor","@id":"https:\/\/diarioellabrador.cl\/#\/schema\/person\/bc25ff80b4563f9c7f4bd7855df01685"},"headline":"Gobierno en Terreno de Delegaci\u00f3n Provincial de Melipilla lleg\u00f3 hasta el CESFAM Boris Soler acercando la oferta p\u00fablica a la comunidad","datePublished":"2025-10-16T21:56:20+00:00","dateModified":"2025-10-16T21:56:21+00:00","mainEntityOfPage":{"@id":"https:\/\/diarioellabrador.cl\/index.php\/2025\/10\/16\/gobierno-en-terreno-de-delegacion-provincial-de-melipilla-llego-hasta-el-cesfam-boris-soler-acercando-la-oferta-publica-a-la-comunidad\/"},"wordCount":504,"commentCount":0,"publisher":{"@id":"https:\/\/diarioellabrador.cl\/#organization"},"image":{"@id":"https:\/\/diarioellabrador.cl\/index.php\/2025\/10\/16\/gobierno-en-terreno-de-delegacion-provincial-de-melipilla-llego-hasta-el-cesfam-boris-soler-acercando-la-oferta-publica-a-la-comunidad\/#primaryimage"},"thumbnailUrl":"https:\/\/diarioellabrador.cl\/wp-content\/uploads\/2025\/10\/Gobierno-en-Terreno-de-Delegacion-Provincial-de-Melipilla-llego-hasta-el-CESFAM-Boris-Soler-acercando-la-oferta-publica-a-la-comunidad-1.jpeg","articleSection":["Cr\u00f3nica"],"inLanguage":"es","potentialAction":[{"@type":"CommentAction","name":"Comment","target":["https:\/\/diarioellabrador.cl\/index.php\/2025\/10\/16\/gobierno-en-terreno-de-delegacion-provincial-de-melipilla-llego-hasta-el-cesfam-boris-soler-acercando-la-oferta-publica-a-la-comunidad\/#respond"]}]},{"@type":"WebPage","@id":"https:\/\/diarioellabrador.cl\/index.php\/2025\/10\/16\/gobierno-en-terreno-de-delegacion-provincial-de-melipilla-llego-hasta-el-cesfam-boris-soler-acercando-la-oferta-publica-a-la-comunidad\/","url":"https:\/\/diarioellabrador.cl\/index.php\/2025\/10\/16\/gobierno-en-terreno-de-delegacion-provincial-de-melipilla-llego-hasta-el-cesfam-boris-soler-acercando-la-oferta-publica-a-la-comunidad\/","name":"Gobierno en Terreno de Delegaci\u00f3n Provincial de Melipilla lleg\u00f3 hasta el CESFAM Boris Soler acercando la oferta p\u00fablica a la comunidad - Diario El Labrador","isPartOf":{"@id":"https:\/\/diarioellabrador.cl\/#website"},"primaryImageOfPage":{"@id":"https:\/\/diarioellabrador.cl\/index.php\/2025\/10\/16\/gobierno-en-terreno-de-delegacion-provincial-de-melipilla-llego-hasta-el-cesfam-boris-soler-acercando-la-oferta-publica-a-la-comunidad\/#primaryimage"},"image":{"@id":"https:\/\/diarioellabrador.cl\/index.php\/2025\/10\/16\/gobierno-en-terreno-de-delegacion-provincial-de-melipilla-llego-hasta-el-cesfam-boris-soler-acercando-la-oferta-publica-a-la-comunidad\/#primaryimage"},"thumbnailUrl":"https:\/\/diarioellabrador.cl\/wp-content\/uploads\/2025\/10\/Gobierno-en-Terreno-de-Delegacion-Provincial-de-Melipilla-llego-hasta-el-CESFAM-Boris-Soler-acercando-la-oferta-publica-a-la-comunidad-1.jpeg","datePublished":"2025-10-16T21:56:20+00:00","dateModified":"2025-10-16T21:56:21+00:00","breadcrumb":{"@id":"https:\/\/diarioellabrador.cl\/index.php\/2025\/10\/16\/gobierno-en-terreno-de-delegacion-provincial-de-melipilla-llego-hasta-el-cesfam-boris-soler-acercando-la-oferta-publica-a-la-comunidad\/#breadcrumb"},"inLanguage":"es","potentialAction":[{"@type":"ReadAction","target":["https:\/\/diarioellabrador.cl\/index.php\/2025\/10\/16\/gobierno-en-terreno-de-delegacion-provincial-de-melipilla-llego-hasta-el-cesfam-boris-soler-acercando-la-oferta-publica-a-la-comunidad\/"]}]},{"@type":"ImageObject","inLanguage":"es","@id":"https:\/\/diarioellabrador.cl\/index.php\/2025\/10\/16\/gobierno-en-terreno-de-delegacion-provincial-de-melipilla-llego-hasta-el-cesfam-boris-soler-acercando-la-oferta-publica-a-la-comunidad\/#primaryimage","url":"https:\/\/diarioellabrador.cl\/wp-content\/uploads\/2025\/10\/Gobierno-en-Terreno-de-Delegacion-Provincial-de-Melipilla-llego-hasta-el-CESFAM-Boris-Soler-acercando-la-oferta-publica-a-la-comunidad-1.jpeg","contentUrl":"https:\/\/diarioellabrador.cl\/wp-content\/uploads\/2025\/10\/Gobierno-en-Terreno-de-Delegacion-Provincial-de-Melipilla-llego-hasta-el-CESFAM-Boris-Soler-acercando-la-oferta-publica-a-la-comunidad-1.jpeg","width":1280,"height":960},{"@type":"BreadcrumbList","@id":"https:\/\/diarioellabrador.cl\/index.php\/2025\/10\/16\/gobierno-en-terreno-de-delegacion-provincial-de-melipilla-llego-hasta-el-cesfam-boris-soler-acercando-la-oferta-publica-a-la-comunidad\/#breadcrumb","itemListElement":[{"@type":"ListItem","position":1,"name":"Portada","item":"https:\/\/diarioellabrador.cl\/"},{"@type":"ListItem","position":2,"name":"Gobierno en Terreno de Delegaci\u00f3n Provincial de Melipilla lleg\u00f3 hasta el CESFAM Boris Soler acercando la oferta p\u00fablica a la comunidad"}]},{"@type":"WebSite","@id":"https:\/\/diarioellabrador.cl\/#website","url":"https:\/\/diarioellabrador.cl\/","name":"Diario El Labrador","description":"Haciendo noticia desde 1921","publisher":{"@id":"https:\/\/diarioellabrador.cl\/#organization"},"potentialAction":[{"@type":"SearchAction","target":{"@type":"EntryPoint","urlTemplate":"https:\/\/diarioellabrador.cl\/?s={search_term_string}"},"query-input":{"@type":"PropertyValueSpecification","valueRequired":true,"valueName":"search_term_string"}}],"inLanguage":"es"},{"@type":"Organization","@id":"https:\/\/diarioellabrador.cl\/#organization","name":"Diario El Labrador","url":"https:\/\/diarioellabrador.cl\/","logo":{"@type":"ImageObject","inLanguage":"es","@id":"https:\/\/diarioellabrador.cl\/#\/schema\/logo\/image\/","url":"https:\/\/diarioellabrador.cl\/wp-content\/uploads\/2025\/02\/cropped-Logo-Icono.png","contentUrl":"https:\/\/diarioellabrador.cl\/wp-content\/uploads\/2025\/02\/cropped-Logo-Icono.png","width":512,"height":512,"caption":"Diario El Labrador"},"image":{"@id":"https:\/\/diarioellabrador.cl\/#\/schema\/logo\/image\/"},"sameAs":["https:\/\/web.facebook.com\/profile.php?id=61576120840621","https:\/\/x.com\/ElLabradorOf","https:\/\/www.instagram.com\/diarioellabradoroficial\/"]},{"@type":"Person","@id":"https:\/\/diarioellabrador.cl\/#\/schema\/person\/bc25ff80b4563f9c7f4bd7855df01685","name":"Editor","image":{"@type":"ImageObject","inLanguage":"es","@id":"https:\/\/secure.gravatar.com\/avatar\/109c326cf2be5c04f048c2c2a2b8b6ef44bf3d8d1d3d4c55d0ac40c4bc994684?s=96&d=mm&r=g","url":"https:\/\/secure.gravatar.com\/avatar\/109c326cf2be5c04f048c2c2a2b8b6ef44bf3d8d1d3d4c55d0ac40c4bc994684?s=96&d=mm&r=g","contentUrl":"https:\/\/secure.gravatar.com\/avatar\/109c326cf2be5c04f048c2c2a2b8b6ef44bf3d8d1d3d4c55d0ac40c4bc994684?s=96&d=mm&r=g","caption":"Editor"},"url":"https:\/\/diarioellabrador.cl\/index.php\/author\/editor\/"}]}},"_links":{"self":[{"href":"https:\/\/diarioellabrador.cl\/index.php\/wp-json\/wp\/v2\/posts\/10003","targetHints":{"allow":["GET"]}}],"collection":[{"href":"https:\/\/diarioellabrador.cl\/index.php\/wp-json\/wp\/v2\/posts"}],"about":[{"href":"https:\/\/diarioellabrador.cl\/index.php\/wp-json\/wp\/v2\/types\/post"}],"author":[{"embeddable":true,"href":"https:\/\/diarioellabrador.cl\/index.php\/wp-json\/wp\/v2\/users\/2"}],"replies":[{"embeddable":true,"href":"https:\/\/diarioellabrador.cl\/index.php\/wp-json\/wp\/v2\/comments?post=10003"}],"version-history":[{"count":1,"href":"https:\/\/diarioellabrador.cl\/index.php\/wp-json\/wp\/v2\/posts\/10003\/revisions"}],"predecessor-version":[{"id":10004,"href":"https:\/\/diarioellabrador.cl\/index.php\/wp-json\/wp\/v2\/posts\/10003\/revisions\/10004"}],"wp:featuredmedia":[{"embeddable":true,"href":"https:\/\/diarioellabrador.cl\/index.php\/wp-json\/wp\/v2\/media\/9938"}],"wp:attachment":[{"href":"https:\/\/diarioellabrador.cl\/index.php\/wp-json\/wp\/v2\/media?parent=10003"}],"wp:term":[{"taxonomy":"category","embeddable":true,"href":"https:\/\/diarioellabrador.cl\/index.php\/wp-json\/wp\/v2\/categories?post=10003"},{"taxonomy":"post_tag","embeddable":true,"href":"https:\/\/diarioellabrador.cl\/index.php\/wp-json\/wp\/v2\/tags?post=10003"}],"curies":[{"name":"wp","href":"https:\/\/api.w.org\/{rel}","templated":true}]}}